{"id":327773,"date":"2025-03-17T12:50:40","date_gmt":"2025-03-17T08:50:40","guid":{"rendered":"https:\/\/www.meydan.tv\/?p=327773"},"modified":"2025-03-17T17:47:43","modified_gmt":"2025-03-17T13:47:43","slug":"az%c9%99rbaycanin-bas-prokurorlugu-olk%c9%99d%c9%99n-muhacir-etmis-bir-nec%c9%99-v%c9%99t%c9%99ndasini-istintaqa-cagirib","status":"publish","type":"post","link":"https:\/\/www.meydan.tv\/az\/article\/az%c9%99rbaycanin-bas-prokurorlugu-olk%c9%99d%c9%99n-muhacir-etmis-bir-nec%c9%99-v%c9%99t%c9%99ndasini-istintaqa-cagirib\/","title":{"rendered":"Xaricd\u0259ki blogerl\u0259r Ba\u015f Prokurorlu\u011fa \u00e7a\u011f\u0131r\u0131l\u0131b"},"content":{"rendered":"\n<p><strong><em>Aralar\u0131nda bloqerl\u0259r, biznesmen v\u0259 internet kanallar\u0131n\u0131n r\u0259hb\u0259rinin d\u0259 oldu\u011fu bu \u015f\u0259xsl\u0259r m\u00fcxt\u0259lif madd\u0259l\u0259rl\u0259 ittiham edilirl\u0259r<\/em><\/strong><\/p>\n\n\n\n<p>Az\u0259rbaycan\u0131n Ba\u015f Prokurorlu\u011fu bu \u00f6lk\u0259d\u0259n xaric\u0259 m\u00fchacir\u0259t etmi\u015f b\u0131r s\u0131ra \u015f\u0259xsl\u0259ri \u0130stintaq \u0130dar\u0259sin\u0259 \u00e7a\u011f\u0131r\u0131b.<br><br>Aralar\u0131nda blogerl\u0259r, biznesmen v\u0259 internet kanallar\u0131n\u0131n r\u0259hb\u0259rinin d\u0259 oldu\u011fu bu \u015f\u0259xsl\u0259r m\u00fcxt\u0259lif madd\u0259l\u0259rl\u0259 <a href=\"https:\/\/report.az\/hadise\/ilqar-haciyev-mehemmed-mirzeli-qurban-memmedov-ve-diger-sexsler-bas-prokurorluga-cagiriliblar\/\" target=\"_blank\" rel=\"noreferrer noopener\">ittiham edilirl\u0259r<\/a>.<br><br>M\u0259lumata g\u00f6r\u0259, Ba\u015f Prokurorlu\u011funun \u0130stintaq \u0130dar\u0259si t\u0259r\u0259find\u0259n t\u0259qsirl\u0259ndiril\u0259n \u015f\u0259xsl\u0259r\u0259 \u2013 \u0130lqar Hac\u0131yev\u0259, M\u0259h\u0259mm\u0259d Mirz\u0259liy\u0259, Qurban M\u0259mm\u0259dova, El\u015fad M\u0259mm\u0259dova, Qabil M\u0259mm\u0259dova, Tural Sad\u0131ql\u0131ya Az\u0259rbaycan Cinay\u0259t-Prosessual M\u0259c\u0259ll\u0259sinin 467-13.4-c\u00fc madd\u0259sinin t\u0259l\u0259bin\u0259 \u0259sas\u0259n r\u0259smi bildiri\u015fl\u0259r g\u00f6nd\u0259rilib.<br><br>Onlardan biri, bir vaxtlar Az\u0259rbaycanda bir \u00e7ox tenderl\u0259rin qalibi olmu\u015f \u201cAkkord\u201d \u015firk\u0259tinin r\u0259hb\u0259ri \u0130lqar Hac\u0131yevdir. Haz\u0131rda m\u00fchacir\u0259td\u0259 olan Haciyev son ill\u0259r Az\u0259rbaycan hakimiyy\u0259tini k\u0259skin t\u0259nqid edirdi.<br><br>Ba\u015f Prokurorlu\u011fun m\u0259lumat\u0131nda onun iyulun 14-d\u0259 \u0130stintaq \u0130dar\u0259sin\u0259 g\u0259lm\u0259li oldu\u011fu qeyd edilir.<br><br>\u0130lqar Hac\u0131yev Cinay\u0259t M\u0259c\u0259ll\u0259sinin 178.3.2-ci (d\u0259l\u0259duzluq) madd\u0259si il\u0259 ittiham olunur. Onun bar\u0259sind\u0259 axtar\u0131\u015f elan edil\u0259r\u0259k, h\u0259bs-q\u0259timkan t\u0259dbiri se\u00e7ilib.<br><br>Bloqerl\u0259r M\u0259h\u0259mm\u0259d Mirz\u0259li v\u0259 Qabil M\u0259mm\u0259dov da Ba\u015f Prokurorlu\u011fa \u00e7a\u011f\u0131r\u0131l\u0131b.<br><br>M\u0259mm\u0259d Mirz\u0259li Az\u0259rbaycan Xalq C\u0259bh\u0259si Partiyas\u0131n\u0131n (AXCP) \u00fczv\u00fc olub, Fransada ya\u015fay\u0131r. \u00d6z\u00fcn\u00fcn yazd\u0131\u011f\u0131na g\u00f6r\u0259, o, G\u00f6y\u00e7ayda \u201c\u018fsg\u0259r \u00f6l\u00fcml\u0259rin\u0259 son!\u201d aksiyas\u0131n\u0131n t\u0259\u015fkilat\u00e7\u0131s\u0131 olub v\u0259 bundan sonra t\u0259qib olunub. O, m\u00fchacir\u0259t\u0259 getm\u0259zd\u0259n \u00f6nc\u0259 polis\u0259 apar\u0131ld\u0131\u011f\u0131n\u0131, incidildiyini, atas\u0131n\u0131n da d\u0259f\u0259l\u0259rl\u0259 polis\u0259 \u00e7a\u011f\u0131r\u0131laraq h\u0259d\u0259l\u0259ndiyini <a href=\"https:\/\/www.azadliq.org\/a\/bas-prokurorluq-xaric-bloqerler\/33350194.html\" target=\"_blank\" rel=\"noreferrer noopener\">iddia edir<\/a>.<br><br>Bu iddialara h\u00fcquq-m\u00fchafiz\u0259 orqanlar\u0131ndan m\u00fcnasib\u0259t almaq c\u0259hdl\u0259ri n\u0259tic\u0259 verm\u0259yib.<br>Hakimiyy\u0259t r\u0259smil\u0259ri siyasi \u0259qid\u0259l\u0259rin\u0259 g\u00f6r\u0259 insanlar\u0131n v\u0259 onlar\u0131n qohumlar\u0131n\u0131n basq\u0131lara m\u0259ruz qalmas\u0131 haqq\u0131nda deyil\u0259nl\u0259ri, \u00fcmumiyy\u0259tl\u0259, inkar edirl\u0259r.<br><br>Mirz\u0259linin Fransada olark\u0259n b\u0131\u00e7aqland\u0131\u011f\u0131 bildirilir, h\u0259tta qeyd edilir ki, h\u0259min olayla ba\u011fl\u0131 h\u0259bs olunan \u015f\u0259xsl\u0259r var. Onun Cinay\u0259t M\u0259c\u0259ll\u0259sinin 220.2 (hakimiyy\u0259t n\u00fcmay\u0259nd\u0259sinin qanuni t\u0259l\u0259bl\u0259rin\u0259 f\u0259al \u015f\u0259kild\u0259 tabe olmama\u011fa v\u0259 k\u00fctl\u0259vi i\u011fti\u015fa\u015flara, habel\u0259 v\u0259t\u0259nda\u015flara qar\u015f\u0131 zorak\u0131l\u0131q etm\u0259y\u0259 \u00e7a\u011f\u0131r\u0131\u015flar etm\u0259) v\u0259 281.1-ci (hakimiyy\u0259tin zorla \u0259l\u0259 ke\u00e7irilm\u0259sin\u0259, zorla saxlan\u0131lmas\u0131na v\u0259 ya Az\u0259rbaycan\u0131n konstitusiya qurulu\u015funun zorla d\u0259yi\u015fdirilm\u0259sin\u0259 v\u0259 ya \u0259razi b\u00fct\u00f6vl\u00fcy\u00fcn\u00fcn par\u00e7alanmas\u0131na y\u00f6n\u0259l\u0259n a\u00e7\u0131q \u00e7a\u011f\u0131r\u0131\u015flar etm\u0259) madd\u0259l\u0259ri il\u0259 2018-ci il iyunun 2-d\u0259 t\u0259qsirl\u0259ndiril\u0259n \u015f\u0259xs qismind\u0259 c\u0259lb olunmas\u0131 bar\u0259d\u0259 q\u0259rar q\u0259bul edilib.<br><br>Hakimiyy\u0259t\u0259 qar\u015f\u0131 s\u0259rt \u00e7\u0131x\u0131\u015flar\u0131 il\u0259 tan\u0131nan v\u0259 Ba\u015f Prokurorlu\u011fun \u0130stintaq idar\u0259sin\u0259 \u00e7a\u011f\u0131r\u0131lan ba\u015fqa bir bloqer Qabil M\u0259mm\u0259dov is\u0259 Cinay\u0259t M\u0259c\u0259ll\u0259sinin terror\u00e7uluq daxil 24 madd\u0259si il\u0259 ittiham edilir.<br><br>Ba\u015f Prokurorlu\u011fa \u00e7a\u011f\u0131r\u0131lan m\u00fchacirl\u0259rd\u0259n biri d\u0259 h\u00fcquq\u015f\u00fcnas, \u201cAz\u0259rifreedom\u201d kanal\u0131n\u0131n r\u0259hb\u0259ri Qurban M\u0259mm\u0259dovdur. Qurban M\u0259mm\u0259dov da terror\u00e7uluq v\u0259 daha bir ne\u00e7\u0259 ba\u015fqa madd\u0259l\u0259rl\u0259 ittiham edilir. O, m\u00fchacir\u0259td\u0259n \u0259vv\u0259l Az\u0259rbaycanda olark\u0259n bir ne\u00e7\u0259 d\u0259f\u0259 m\u00fcxt\u0259lif ittihamlarla h\u0259bs edilib. H\u00fcquq m\u00fcdafi\u0259\u00e7il\u0259ri onu siyasi m\u0259hbus kimi tan\u0131y\u0131blar. Amma Az\u0259rbaycan r\u0259smil\u0259ri \u00f6lk\u0259d\u0259 siyasi m\u0259hbuslar\u0131n olmas\u0131 il\u0259 ba\u011fl\u0131 deyil\u0259nl\u0259ri q\u0259bul etmirl\u0259r.<\/p>\n\n\n\n<p>Ba\u015f Prokurorlu\u011fa \u00e7a\u011f\u0131r\u0131lan v\u0259 m\u00fchacir\u0259td\u0259 olan kanal r\u0259hb\u0259rl\u0259rind\u0259n (\u201cAzad S\u00f6z\u201d) biri is\u0259 Tural Sad\u0131ql\u0131d\u0131r. O is\u0259 k\u00fctl\u0259vi i\u011fti\u015fa\u015flara \u00e7a\u011f\u0131r\u0131\u015f v\u0259 ba\u015fqa qanunsuz \u0259m\u0259ll\u0259rd\u0259 ittiham olunur.<br><br>Tural Sad\u0131ql\u0131 axtar\u0131\u015fa verilib v\u0259 onun haqq\u0131nda qiyabi h\u0259bs-q\u0259timkan t\u0259dbiri se\u00e7ilib.<br><br>H\u0259l\u0259lik, r\u0259smi a\u00e7\u0131qlamalarda s\u00f6z\u00fcged\u0259n \u015f\u0259xsl\u0259rd\u0259n ayr\u0131l\u0131qda m\u00fcnasib\u0259t almaq m\u00fcmk\u00fcn olmay\u0131b.<br><br>Amma onlar bundan \u0259vv\u0259l haqlar\u0131nda s\u0259sl\u0259n\u0259n ittihamlar\u0131, bir qayda olaraq, r\u0259dd edibl\u0259r v\u0259 bunu t\u0259nqidi f\u0259aliyy\u0259tl\u0259ri il\u0259 izah edibl\u0259r.<\/p>\n","protected":false},"excerpt":{"rendered":"<p>Aralar\u0131nda bloqerl\u0259r, biznesmen v\u0259 internet kanallar\u0131n\u0131n r\u0259hb\u0259rinin d\u0259 oldu\u011fu bu &#8230; <\/p>\n<p class=\"read-more-container\"><a title=\"Xaricd\u0259ki blogerl\u0259r Ba\u015f Prokurorlu\u011fa \u00e7a\u011f\u0131r\u0131l\u0131b\" class=\"read-more button\" href=\"https:\/\/www.meydan.tv\/az\/article\/az%c9%99rbaycanin-bas-prokurorlugu-olk%c9%99d%c9%99n-muhacir-etmis-bir-nec%c9%99-v%c9%99t%c9%99ndasini-istintaqa-cagirib\/#more-327773\" aria-label=\"Read more about Xaricd\u0259ki blogerl\u0259r Ba\u015f Prokurorlu\u011fa \u00e7a\u011f\u0131r\u0131l\u0131b\">Davam\u0131<\/a><\/p>\n","protected":false},"author":16,"featured_media":327823,"comment_status":"closed","ping_status":"closed","sticky":false,"template":"","format":"standard","meta":{"_acf_changed":false,"_sitemap_exclude":false,"_sitemap_priority":"","_sitemap_frequency":"","footnotes":""},"categories":[62,79,56],"tags":[],"class_list":["post-327773","post","type-post","status-publish","format-standard","has-post-thumbnail","hentry","category-sosial","category-featured","category-xeberler","infinite-scroll-item","generate-columns","tablet-grid-50","mobile-grid-100","grid-parent","grid-33","no-featured-image-padding"],"acf":[],"yoast_head":"<!-- This site is optimized with the Yoast SEO plugin v27.4 - https:\/\/yoast.com\/product\/yoast-seo-wordpress\/ -->\n<title>Xaricd\u0259ki blogerl\u0259r Ba\u015f Prokurorlu\u011fa \u00e7a\u011f\u0131r\u0131l\u0131b - MEYDAN.TV<\/title>\n<meta name=\"robots\" content=\"index, follow, max-snippet:-1, max-image-preview:large, max-video-preview:-1\" \/>\n<link rel=\"canonical\" href=\"https:\/\/www.meydan.tv\/az\/article\/az%c9%99rbaycanin-bas-prokurorlugu-olk%c9%99d%c9%99n-muhacir-etmis-bir-nec%c9%99-v%c9%99t%c9%99ndasini-istintaqa-cagirib\/\" \/>\n<meta property=\"og:locale\" content=\"az_AZ\" \/>\n<meta property=\"og:type\" content=\"article\" \/>\n<meta property=\"og:title\" content=\"Xaricd\u0259ki blogerl\u0259r Ba\u015f Prokurorlu\u011fa \u00e7a\u011f\u0131r\u0131l\u0131b - MEYDAN.TV\" \/>\n<meta property=\"og:description\" content=\"Aralar\u0131nda bloqerl\u0259r, biznesmen v\u0259 internet kanallar\u0131n\u0131n r\u0259hb\u0259rinin d\u0259 oldu\u011fu bu ... Davam\u0131\" \/>\n<meta property=\"og:url\" content=\"https:\/\/www.meydan.tv\/az\/article\/az%c9%99rbaycanin-bas-prokurorlugu-olk%c9%99d%c9%99n-muhacir-etmis-bir-nec%c9%99-v%c9%99t%c9%99ndasini-istintaqa-cagirib\/\" \/>\n<meta property=\"og:site_name\" content=\"MEYDAN.TV\" \/>\n<meta property=\"article:published_time\" content=\"2025-03-17T08:50:40+00:00\" \/>\n<meta property=\"article:modified_time\" content=\"2025-03-17T13:47:43+00:00\" \/>\n<meta property=\"og:image\" content=\"https:\/\/www.meydan.tv\/wp-content\/uploads\/4533.png\" \/>\n\t<meta property=\"og:image:width\" content=\"1179\" \/>\n\t<meta property=\"og:image:height\" content=\"576\" \/>\n\t<meta property=\"og:image:type\" content=\"image\/png\" \/>\n<meta name=\"author\" content=\"sevda\" \/>\n<meta name=\"twitter:card\" content=\"summary_large_image\" \/>\n<script type=\"application\/ld+json\" class=\"yoast-schema-graph\">{\"@context\":\"https:\\\/\\\/schema.org\",\"@graph\":[{\"@type\":\"Article\",\"@id\":\"https:\\\/\\\/www.meydan.tv\\\/az\\\/article\\\/az%c9%99rbaycanin-bas-prokurorlugu-olk%c9%99d%c9%99n-muhacir-etmis-bir-nec%c9%99-v%c9%99t%c9%99ndasini-istintaqa-cagirib\\\/#article\",\"isPartOf\":{\"@id\":\"https:\\\/\\\/www.meydan.tv\\\/az\\\/article\\\/az%c9%99rbaycanin-bas-prokurorlugu-olk%c9%99d%c9%99n-muhacir-etmis-bir-nec%c9%99-v%c9%99t%c9%99ndasini-istintaqa-cagirib\\\/\"},\"author\":{\"name\":\"sevda\",\"@id\":\"https:\\\/\\\/www.meydan.tv\\\/az\\\/#\\\/schema\\\/person\\\/49b5f2bad5b126bb8ea9320eeb3e4dc9\"},\"headline\":\"Xaricd\u0259ki blogerl\u0259r Ba\u015f Prokurorlu\u011fa \u00e7a\u011f\u0131r\u0131l\u0131b\",\"datePublished\":\"2025-03-17T08:50:40+00:00\",\"dateModified\":\"2025-03-17T13:47:43+00:00\",\"mainEntityOfPage\":{\"@id\":\"https:\\\/\\\/www.meydan.tv\\\/az\\\/article\\\/az%c9%99rbaycanin-bas-prokurorlugu-olk%c9%99d%c9%99n-muhacir-etmis-bir-nec%c9%99-v%c9%99t%c9%99ndasini-istintaqa-cagirib\\\/\"},\"wordCount\":824,\"publisher\":{\"@id\":\"https:\\\/\\\/www.meydan.tv\\\/az\\\/#organization\"},\"image\":{\"@id\":\"https:\\\/\\\/www.meydan.tv\\\/az\\\/article\\\/az%c9%99rbaycanin-bas-prokurorlugu-olk%c9%99d%c9%99n-muhacir-etmis-bir-nec%c9%99-v%c9%99t%c9%99ndasini-istintaqa-cagirib\\\/#primaryimage\"},\"thumbnailUrl\":\"https:\\\/\\\/www.meydan.tv\\\/wp-content\\\/uploads\\\/4533.png\",\"articleSection\":[\"Sosial\",\"T\u00f6vsiy\u0259\",\"X\u0259b\u0259rl\u0259r\"],\"inLanguage\":\"az\"},{\"@type\":\"WebPage\",\"@id\":\"https:\\\/\\\/www.meydan.tv\\\/az\\\/article\\\/az%c9%99rbaycanin-bas-prokurorlugu-olk%c9%99d%c9%99n-muhacir-etmis-bir-nec%c9%99-v%c9%99t%c9%99ndasini-istintaqa-cagirib\\\/\",\"url\":\"https:\\\/\\\/www.meydan.tv\\\/az\\\/article\\\/az%c9%99rbaycanin-bas-prokurorlugu-olk%c9%99d%c9%99n-muhacir-etmis-bir-nec%c9%99-v%c9%99t%c9%99ndasini-istintaqa-cagirib\\\/\",\"name\":\"Xaricd\u0259ki blogerl\u0259r Ba\u015f Prokurorlu\u011fa \u00e7a\u011f\u0131r\u0131l\u0131b - MEYDAN.TV\",\"isPartOf\":{\"@id\":\"https:\\\/\\\/www.meydan.tv\\\/az\\\/#website\"},\"primaryImageOfPage\":{\"@id\":\"https:\\\/\\\/www.meydan.tv\\\/az\\\/article\\\/az%c9%99rbaycanin-bas-prokurorlugu-olk%c9%99d%c9%99n-muhacir-etmis-bir-nec%c9%99-v%c9%99t%c9%99ndasini-istintaqa-cagirib\\\/#primaryimage\"},\"image\":{\"@id\":\"https:\\\/\\\/www.meydan.tv\\\/az\\\/article\\\/az%c9%99rbaycanin-bas-prokurorlugu-olk%c9%99d%c9%99n-muhacir-etmis-bir-nec%c9%99-v%c9%99t%c9%99ndasini-istintaqa-cagirib\\\/#primaryimage\"},\"thumbnailUrl\":\"https:\\\/\\\/www.meydan.tv\\\/wp-content\\\/uploads\\\/4533.png\",\"datePublished\":\"2025-03-17T08:50:40+00:00\",\"dateModified\":\"2025-03-17T13:47:43+00:00\",\"breadcrumb\":{\"@id\":\"https:\\\/\\\/www.meydan.tv\\\/az\\\/article\\\/az%c9%99rbaycanin-bas-prokurorlugu-olk%c9%99d%c9%99n-muhacir-etmis-bir-nec%c9%99-v%c9%99t%c9%99ndasini-istintaqa-cagirib\\\/#breadcrumb\"},\"inLanguage\":\"az\",\"potentialAction\":[{\"@type\":\"ReadAction\",\"target\":[\"https:\\\/\\\/www.meydan.tv\\\/az\\\/article\\\/az%c9%99rbaycanin-bas-prokurorlugu-olk%c9%99d%c9%99n-muhacir-etmis-bir-nec%c9%99-v%c9%99t%c9%99ndasini-istintaqa-cagirib\\\/\"]}]},{\"@type\":\"ImageObject\",\"inLanguage\":\"az\",\"@id\":\"https:\\\/\\\/www.meydan.tv\\\/az\\\/article\\\/az%c9%99rbaycanin-bas-prokurorlugu-olk%c9%99d%c9%99n-muhacir-etmis-bir-nec%c9%99-v%c9%99t%c9%99ndasini-istintaqa-cagirib\\\/#primaryimage\",\"url\":\"https:\\\/\\\/www.meydan.tv\\\/wp-content\\\/uploads\\\/4533.png\",\"contentUrl\":\"https:\\\/\\\/www.meydan.tv\\\/wp-content\\\/uploads\\\/4533.png\",\"width\":1179,\"height\":576,\"caption\":\"Xaricd\u0259ki blogerl\u0259r - Kollaj: Meydan TV\"},{\"@type\":\"BreadcrumbList\",\"@id\":\"https:\\\/\\\/www.meydan.tv\\\/az\\\/article\\\/az%c9%99rbaycanin-bas-prokurorlugu-olk%c9%99d%c9%99n-muhacir-etmis-bir-nec%c9%99-v%c9%99t%c9%99ndasini-istintaqa-cagirib\\\/#breadcrumb\",\"itemListElement\":[{\"@type\":\"ListItem\",\"position\":1,\"name\":\"Ana s\u0259hif\u0259\",\"item\":\"https:\\\/\\\/www.meydan.tv\\\/az\\\/\"},{\"@type\":\"ListItem\",\"position\":2,\"name\":\"X\u0259b\u0259rl\u0259r\",\"item\":\"https:\\\/\\\/www.meydan.tv\\\/az\\\/section\\\/xeberler\\\/\"},{\"@type\":\"ListItem\",\"position\":3,\"name\":\"Xaricd\u0259ki blogerl\u0259r Ba\u015f Prokurorlu\u011fa \u00e7a\u011f\u0131r\u0131l\u0131b\"}]},{\"@type\":\"WebSite\",\"@id\":\"https:\\\/\\\/www.meydan.tv\\\/az\\\/#website\",\"url\":\"https:\\\/\\\/www.meydan.tv\\\/az\\\/\",\"name\":\"MEYDAN.TV\",\"description\":\"Meydan TV Az\u0259rbaycan\u0131n media m\u0259kan\u0131ndak\u0131 alternativ s\u0259sidir\",\"publisher\":{\"@id\":\"https:\\\/\\\/www.meydan.tv\\\/az\\\/#organization\"},\"potentialAction\":[{\"@type\":\"SearchAction\",\"target\":{\"@type\":\"EntryPoint\",\"urlTemplate\":\"https:\\\/\\\/www.meydan.tv\\\/az\\\/?s={search_term_string}\"},\"query-input\":{\"@type\":\"PropertyValueSpecification\",\"valueRequired\":true,\"valueName\":\"search_term_string\"}}],\"inLanguage\":\"az\"},{\"@type\":\"Organization\",\"@id\":\"https:\\\/\\\/www.meydan.tv\\\/az\\\/#organization\",\"name\":\"Meydan TV\",\"url\":\"https:\\\/\\\/www.meydan.tv\\\/az\\\/\",\"logo\":{\"@type\":\"ImageObject\",\"inLanguage\":\"az\",\"@id\":\"https:\\\/\\\/www.meydan.tv\\\/az\\\/#\\\/schema\\\/logo\\\/image\\\/\",\"url\":\"https:\\\/\\\/www.meydan.tv\\\/wp-content\\\/uploads\\\/2021\\\/07\\\/meydan-logo.svg\",\"contentUrl\":\"https:\\\/\\\/www.meydan.tv\\\/wp-content\\\/uploads\\\/2021\\\/07\\\/meydan-logo.svg\",\"width\":195,\"height\":46,\"caption\":\"Meydan TV\"},\"image\":{\"@id\":\"https:\\\/\\\/www.meydan.tv\\\/az\\\/#\\\/schema\\\/logo\\\/image\\\/\"}},{\"@type\":\"Person\",\"@id\":\"https:\\\/\\\/www.meydan.tv\\\/az\\\/#\\\/schema\\\/person\\\/49b5f2bad5b126bb8ea9320eeb3e4dc9\",\"name\":\"sevda\"}]}<\/script>\n<!-- \/ Yoast SEO plugin. -->","yoast_head_json":{"title":"Xaricd\u0259ki blogerl\u0259r Ba\u015f Prokurorlu\u011fa \u00e7a\u011f\u0131r\u0131l\u0131b - MEYDAN.TV","robots":{"index":"index","follow":"follow","max-snippet":"max-snippet:-1","max-image-preview":"max-image-preview:large","max-video-preview":"max-video-preview:-1"},"canonical":"https:\/\/www.meydan.tv\/az\/article\/az%c9%99rbaycanin-bas-prokurorlugu-olk%c9%99d%c9%99n-muhacir-etmis-bir-nec%c9%99-v%c9%99t%c9%99ndasini-istintaqa-cagirib\/","og_locale":"az_AZ","og_type":"article","og_title":"Xaricd\u0259ki blogerl\u0259r Ba\u015f Prokurorlu\u011fa \u00e7a\u011f\u0131r\u0131l\u0131b - MEYDAN.TV","og_description":"Aralar\u0131nda bloqerl\u0259r, biznesmen v\u0259 internet kanallar\u0131n\u0131n r\u0259hb\u0259rinin d\u0259 oldu\u011fu bu ... Davam\u0131","og_url":"https:\/\/www.meydan.tv\/az\/article\/az%c9%99rbaycanin-bas-prokurorlugu-olk%c9%99d%c9%99n-muhacir-etmis-bir-nec%c9%99-v%c9%99t%c9%99ndasini-istintaqa-cagirib\/","og_site_name":"MEYDAN.TV","article_published_time":"2025-03-17T08:50:40+00:00","article_modified_time":"2025-03-17T13:47:43+00:00","og_image":[{"width":1179,"height":576,"url":"https:\/\/www.meydan.tv\/wp-content\/uploads\/4533.png","type":"image\/png"}],"author":"sevda","twitter_card":"summary_large_image","schema":{"@context":"https:\/\/schema.org","@graph":[{"@type":"Article","@id":"https:\/\/www.meydan.tv\/az\/article\/az%c9%99rbaycanin-bas-prokurorlugu-olk%c9%99d%c9%99n-muhacir-etmis-bir-nec%c9%99-v%c9%99t%c9%99ndasini-istintaqa-cagirib\/#article","isPartOf":{"@id":"https:\/\/www.meydan.tv\/az\/article\/az%c9%99rbaycanin-bas-prokurorlugu-olk%c9%99d%c9%99n-muhacir-etmis-bir-nec%c9%99-v%c9%99t%c9%99ndasini-istintaqa-cagirib\/"},"author":{"name":"sevda","@id":"https:\/\/www.meydan.tv\/az\/#\/schema\/person\/49b5f2bad5b126bb8ea9320eeb3e4dc9"},"headline":"Xaricd\u0259ki blogerl\u0259r Ba\u015f Prokurorlu\u011fa \u00e7a\u011f\u0131r\u0131l\u0131b","datePublished":"2025-03-17T08:50:40+00:00","dateModified":"2025-03-17T13:47:43+00:00","mainEntityOfPage":{"@id":"https:\/\/www.meydan.tv\/az\/article\/az%c9%99rbaycanin-bas-prokurorlugu-olk%c9%99d%c9%99n-muhacir-etmis-bir-nec%c9%99-v%c9%99t%c9%99ndasini-istintaqa-cagirib\/"},"wordCount":824,"publisher":{"@id":"https:\/\/www.meydan.tv\/az\/#organization"},"image":{"@id":"https:\/\/www.meydan.tv\/az\/article\/az%c9%99rbaycanin-bas-prokurorlugu-olk%c9%99d%c9%99n-muhacir-etmis-bir-nec%c9%99-v%c9%99t%c9%99ndasini-istintaqa-cagirib\/#primaryimage"},"thumbnailUrl":"https:\/\/www.meydan.tv\/wp-content\/uploads\/4533.png","articleSection":["Sosial","T\u00f6vsiy\u0259","X\u0259b\u0259rl\u0259r"],"inLanguage":"az"},{"@type":"WebPage","@id":"https:\/\/www.meydan.tv\/az\/article\/az%c9%99rbaycanin-bas-prokurorlugu-olk%c9%99d%c9%99n-muhacir-etmis-bir-nec%c9%99-v%c9%99t%c9%99ndasini-istintaqa-cagirib\/","url":"https:\/\/www.meydan.tv\/az\/article\/az%c9%99rbaycanin-bas-prokurorlugu-olk%c9%99d%c9%99n-muhacir-etmis-bir-nec%c9%99-v%c9%99t%c9%99ndasini-istintaqa-cagirib\/","name":"Xaricd\u0259ki blogerl\u0259r Ba\u015f Prokurorlu\u011fa \u00e7a\u011f\u0131r\u0131l\u0131b - MEYDAN.TV","isPartOf":{"@id":"https:\/\/www.meydan.tv\/az\/#website"},"primaryImageOfPage":{"@id":"https:\/\/www.meydan.tv\/az\/article\/az%c9%99rbaycanin-bas-prokurorlugu-olk%c9%99d%c9%99n-muhacir-etmis-bir-nec%c9%99-v%c9%99t%c9%99ndasini-istintaqa-cagirib\/#primaryimage"},"image":{"@id":"https:\/\/www.meydan.tv\/az\/article\/az%c9%99rbaycanin-bas-prokurorlugu-olk%c9%99d%c9%99n-muhacir-etmis-bir-nec%c9%99-v%c9%99t%c9%99ndasini-istintaqa-cagirib\/#primaryimage"},"thumbnailUrl":"https:\/\/www.meydan.tv\/wp-content\/uploads\/4533.png","datePublished":"2025-03-17T08:50:40+00:00","dateModified":"2025-03-17T13:47:43+00:00","breadcrumb":{"@id":"https:\/\/www.meydan.tv\/az\/article\/az%c9%99rbaycanin-bas-prokurorlugu-olk%c9%99d%c9%99n-muhacir-etmis-bir-nec%c9%99-v%c9%99t%c9%99ndasini-istintaqa-cagirib\/#breadcrumb"},"inLanguage":"az","potentialAction":[{"@type":"ReadAction","target":["https:\/\/www.meydan.tv\/az\/article\/az%c9%99rbaycanin-bas-prokurorlugu-olk%c9%99d%c9%99n-muhacir-etmis-bir-nec%c9%99-v%c9%99t%c9%99ndasini-istintaqa-cagirib\/"]}]},{"@type":"ImageObject","inLanguage":"az","@id":"https:\/\/www.meydan.tv\/az\/article\/az%c9%99rbaycanin-bas-prokurorlugu-olk%c9%99d%c9%99n-muhacir-etmis-bir-nec%c9%99-v%c9%99t%c9%99ndasini-istintaqa-cagirib\/#primaryimage","url":"https:\/\/www.meydan.tv\/wp-content\/uploads\/4533.png","contentUrl":"https:\/\/www.meydan.tv\/wp-content\/uploads\/4533.png","width":1179,"height":576,"caption":"Xaricd\u0259ki blogerl\u0259r - Kollaj: Meydan TV"},{"@type":"BreadcrumbList","@id":"https:\/\/www.meydan.tv\/az\/article\/az%c9%99rbaycanin-bas-prokurorlugu-olk%c9%99d%c9%99n-muhacir-etmis-bir-nec%c9%99-v%c9%99t%c9%99ndasini-istintaqa-cagirib\/#breadcrumb","itemListElement":[{"@type":"ListItem","position":1,"name":"Ana s\u0259hif\u0259","item":"https:\/\/www.meydan.tv\/az\/"},{"@type":"ListItem","position":2,"name":"X\u0259b\u0259rl\u0259r","item":"https:\/\/www.meydan.tv\/az\/section\/xeberler\/"},{"@type":"ListItem","position":3,"name":"Xaricd\u0259ki blogerl\u0259r Ba\u015f Prokurorlu\u011fa \u00e7a\u011f\u0131r\u0131l\u0131b"}]},{"@type":"WebSite","@id":"https:\/\/www.meydan.tv\/az\/#website","url":"https:\/\/www.meydan.tv\/az\/","name":"MEYDAN.TV","description":"Meydan TV Az\u0259rbaycan\u0131n media m\u0259kan\u0131ndak\u0131 alternativ s\u0259sidir","publisher":{"@id":"https:\/\/www.meydan.tv\/az\/#organization"},"potentialAction":[{"@type":"SearchAction","target":{"@type":"EntryPoint","urlTemplate":"https:\/\/www.meydan.tv\/az\/?s={search_term_string}"},"query-input":{"@type":"PropertyValueSpecification","valueRequired":true,"valueName":"search_term_string"}}],"inLanguage":"az"},{"@type":"Organization","@id":"https:\/\/www.meydan.tv\/az\/#organization","name":"Meydan TV","url":"https:\/\/www.meydan.tv\/az\/","logo":{"@type":"ImageObject","inLanguage":"az","@id":"https:\/\/www.meydan.tv\/az\/#\/schema\/logo\/image\/","url":"https:\/\/www.meydan.tv\/wp-content\/uploads\/2021\/07\/meydan-logo.svg","contentUrl":"https:\/\/www.meydan.tv\/wp-content\/uploads\/2021\/07\/meydan-logo.svg","width":195,"height":46,"caption":"Meydan TV"},"image":{"@id":"https:\/\/www.meydan.tv\/az\/#\/schema\/logo\/image\/"}},{"@type":"Person","@id":"https:\/\/www.meydan.tv\/az\/#\/schema\/person\/49b5f2bad5b126bb8ea9320eeb3e4dc9","name":"sevda"}]}},"_links":{"self":[{"href":"https:\/\/www.meydan.tv\/az\/wp-json\/wp\/v2\/posts\/327773","targetHints":{"allow":["GET"]}}],"collection":[{"href":"https:\/\/www.meydan.tv\/az\/wp-json\/wp\/v2\/posts"}],"about":[{"href":"https:\/\/www.meydan.tv\/az\/wp-json\/wp\/v2\/types\/post"}],"author":[{"embeddable":true,"href":"https:\/\/www.meydan.tv\/az\/wp-json\/wp\/v2\/users\/16"}],"replies":[{"embeddable":true,"href":"https:\/\/www.meydan.tv\/az\/wp-json\/wp\/v2\/comments?post=327773"}],"version-history":[{"count":5,"href":"https:\/\/www.meydan.tv\/az\/wp-json\/wp\/v2\/posts\/327773\/revisions"}],"predecessor-version":[{"id":327826,"href":"https:\/\/www.meydan.tv\/az\/wp-json\/wp\/v2\/posts\/327773\/revisions\/327826"}],"wp:featuredmedia":[{"embeddable":true,"href":"https:\/\/www.meydan.tv\/az\/wp-json\/wp\/v2\/media\/327823"}],"wp:attachment":[{"href":"https:\/\/www.meydan.tv\/az\/wp-json\/wp\/v2\/media?parent=327773"}],"wp:term":[{"taxonomy":"category","embeddable":true,"href":"https:\/\/www.meydan.tv\/az\/wp-json\/wp\/v2\/categories?post=327773"},{"taxonomy":"post_tag","embeddable":true,"href":"https:\/\/www.meydan.tv\/az\/wp-json\/wp\/v2\/tags?post=327773"}],"curies":[{"name":"wp","href":"https:\/\/api.w.org\/{rel}","templated":true}]}}