{"id":327771,"date":"2025-03-17T12:36:25","date_gmt":"2025-03-17T08:36:25","guid":{"rendered":"https:\/\/www.meydan.tv\/?p=327771"},"modified":"2025-03-17T12:36:28","modified_gmt":"2025-03-17T08:36:28","slug":"mudafi%c9%99-nazirliyi-erm%c9%99nistan-silahli-quvv%c9%99l%c9%99ri-az%c9%99rbaycan-ordusunun-movqel%c9%99rini-bir-nec%c9%99-d%c9%99f%c9%99-at%c9%99s%c9%99-tutub","status":"publish","type":"post","link":"https:\/\/www.meydan.tv\/az\/article\/mudafi%c9%99-nazirliyi-erm%c9%99nistan-silahli-quvv%c9%99l%c9%99ri-az%c9%99rbaycan-ordusunun-movqel%c9%99rini-bir-nec%c9%99-d%c9%99f%c9%99-at%c9%99s%c9%99-tutub\/","title":{"rendered":"M\u00fcdafi\u0259 Nazirliyi: Erm\u0259nistan silahl\u0131 q\u00fcvv\u0259l\u0259ri Az\u0259rbaycan ordusunun m\u00f6vqel\u0259rini bir ne\u00e7\u0259 d\u0259f\u0259 at\u0259\u015f\u0259 tutub"},"content":{"rendered":"\n<p><strong><em>Erm\u0259nistan M\u00fcdafi\u0259 Nazirliyi Az\u0259rbaycan M\u00fcdafi\u0259 Nazirliyinin yayd\u0131\u011f\u0131 m\u0259lumat\u0131n h\u0259qiq\u0259t\u0259 uy\u011fun olmad\u0131\u011f\u0131n\u0131 bildirib<\/em><\/strong><\/p>\n\n\n\n<p>Az\u0259rbaycan\u0131n M\u00fcdafi\u0259 Nazirliyinin m\u0259lumat\u0131na g\u00f6r\u0259, saat 09:45 rad\u0259l\u0259rind\u0259 Erm\u0259nistan silahl\u0131 q\u00fcvv\u0259l\u0259rinin b\u00f6lm\u0259l\u0259ri Gorus rayonunun D\u0131\u011f ya\u015fay\u0131\u015f m\u0259nt\u0259q\u0259si istiqam\u0259tind\u0259 yerl\u0259\u015f\u0259n m\u00f6vqel\u0259rind\u0259n at\u0131c\u0131 silahlardan <a href=\"https:\/\/mod.gov.az\/az\/news\/movqelerimiz-atese-tutulub-54183.html\" target=\"_blank\" rel=\"noreferrer noopener\">at\u0259\u015f a\u00e7\u0131blar<\/a>.<br><br>El\u0259 h\u0259min g\u00fcn, mart\u0131n 16-s\u0131 saat 18:35 rad\u0259l\u0259rind\u0259 Erm\u0259nistan silahl\u0131 q\u00fcvv\u0259l\u0259rinin b\u00f6lm\u0259l\u0259ri Gorus rayonunun X\u0259zin\u0259var ya\u015fay\u0131\u015f m\u0259nt\u0259q\u0259si istiqam\u0259tind\u0259 yerl\u0259\u015f\u0259n m\u00f6vqel\u0259rind\u0259n Az\u0259rbaycan ordusunun m\u00f6vqel\u0259rini at\u0131c\u0131 silahlardan at\u0259\u015f\u0259 tutdu\u011fu <a href=\"https:\/\/mod.gov.az\/az\/news\/movqelerimiz-yeniden-atese-tutulub-54189.html\" target=\"_blank\" rel=\"noreferrer noopener\">bildirilib<\/a>.<br><br>Mart\u0131n 16-s\u0131 ax\u015fam saatlar\u0131nda M\u00fcdafi\u0259 Nazirliyi t\u0259krar m\u0259lumat yay\u0131b ki, saat 20:10-dan 20:45-d\u0259k Erm\u0259nistan silahl\u0131 q\u00fcvv\u0259l\u0259ri Gorusun Burun ya\u015fay\u0131\u015f m\u0259nt\u0259q\u0259si istiqam\u0259tind\u0259 yerl\u0259\u015f\u0259n m\u00f6vqel\u0259rind\u0259n at\u0131c\u0131 silahlardan bir ne\u00e7\u0259 d\u0259f\u0259 <a href=\"https:\/\/mod.gov.az\/az\/news\/ermenistan-silahli-quvveleri-novbeti-defe-movqelerimizi-atese-tutub-54195.html\" target=\"_blank\" rel=\"noreferrer noopener\">at\u0259\u015f a\u00e7\u0131blar<\/a>.<br><br>Erm\u0259nistan M\u00fcdafi\u0259 Nazirliyi Az\u0259rbaycan M\u00fcdafi\u0259 Nazirliyinin yayd\u0131\u011f\u0131 m\u0259lumat\u0131n h\u0259qiq\u0259t\u0259 uy\u011fun olmad\u0131\u011f\u0131n\u0131 <a href=\"https:\/\/www.mil.am\/ru\/news\/12666\" target=\"_blank\" rel=\"noreferrer noopener\">bildirib<\/a>.<br><br>Qeyd olunub ki, Ba\u015f nazirin ofisi at\u0259\u015fk\u0259s rejiminin pozulmas\u0131 hallar\u0131n\u0131n v\u0259 ya onlar haqq\u0131nda m\u0259lumatlar\u0131n ara\u015fd\u0131r\u0131lmas\u0131 \u00fc\u00e7\u00fcn Az\u0259rbaycana birg\u0259 mexanizm yarad\u0131lmas\u0131n\u0131 t\u0259klif edib. Lakin Az\u0259rbaycan h\u0259l\u0259lik Erm\u0259nistan\u0131n bu t\u0259klifin\u0259 cavab verm\u0259yib.<br><br>2025-ci il mart\u0131n 13-d\u0259 Az\u0259rbaycan\u0131n xarici i\u015fl\u0259r naziri Ceyhun Bayramov Erm\u0259nistanla s\u00fclh sazi\u015finin m\u0259tni il\u0259 ba\u011fl\u0131 dan\u0131\u015f\u0131qlar prosesinin yekunla\u015fd\u0131\u011f\u0131n\u0131 deyib.<br><br>Erm\u0259nistan\u0131n Xarici \u0130\u015fl\u0259r Nazirliyi d\u0259 el\u0259 h\u0259min g\u00fcn m\u0259lumat yayaraq Bayramovun dedikl\u0259rini t\u0259sdiql\u0259yib.<br><br>Erm\u0259nistanla Az\u0259rbaycan aras\u0131nda m\u00fcnaqi\u015f\u0259 1988-ci ild\u0259 ba\u015flay\u0131b.<br><br>2020-ci ilin sentyabr\u0131nda is\u0259 uzunm\u00fcdd\u0259tli at\u0259\u015fk\u0259sd\u0259n sonra Az\u0259rbaycan v\u0259 Erm\u0259nistan aras\u0131nda 44 g\u00fcnl\u00fck \u0130kinci Qaraba\u011f m\u00fcharib\u0259si ba\u015f verib.<br><br>Az\u0259rbaycan Qaraba\u011f\u0131n bir hiss\u0259sin\u0259 v\u0259 \u0259traf 7 rayona n\u0259zar\u0259ti b\u0259rpa edib.<br><br>2023-c\u00fc ilin sentyabr\u0131n 19-da Az\u0259rbaycan Qaraba\u011fda lokal h\u0259rbi \u0259m\u0259liyyat ke\u00e7irib.<br><br>Sentyabr\u0131n 28-d\u0259 separat\u00e7\u0131 \u201cDa\u011fl\u0131q Qaraba\u011f\u0131n (Artsax) Prezidenti\u201d Samvel \u015eahramanyan \u201crespublika\u201dn\u0131n burax\u0131lmas\u0131 bar\u0259d\u0259 f\u0259rman imzalay\u0131b.<br><br>O, f\u0259rman\u0131 2023-c\u00fc il sentyabr\u0131n 19-dan sonra yaranm\u0131\u015f v\u0259ziyy\u0259tl\u0259 \u0259laq\u0259l\u0259ndirib.<br>Oktyabr\u0131n 15-d\u0259 is\u0259 Prezident \u0130lham \u018fliyev Xank\u0259ndi \u015f\u0259h\u0259rin\u0259 s\u0259f\u0259r edib.<br><br>Prezident Xank\u0259ndid\u0259 Az\u0259rbaycan bayra\u011f\u0131n\u0131 qald\u0131r\u0131b v\u0259 \u00e7\u0131x\u0131\u015f\u0131nda Az\u0259rbaycan\u0131n \u00f6z suverenliyini tam b\u0259rpa etdiyini, Qaraba\u011f probleminin bitdiyini, m\u00fcnaqi\u015f\u0259nin sona \u00e7atd\u0131\u011f\u0131n\u0131 deyib.<br><br>T\u0259r\u0259fl\u0259r 2024-c\u00fc ild\u0259 s\u00fclh m\u00fcqavil\u0259si ba\u011flamaq niyy\u0259tl\u0259rini b\u0259yan edibl\u0259r. \u00d6t\u0259n ilin sentyabr\u0131nda Erm\u0259nistan\u0131n Ba\u015f naziri Nikol Pa\u015finyan Yeravan\u0131n bu m\u0259qs\u0259dl\u0259 Konstitusiyan\u0131 d\u0259yi\u015fdirm\u0259y\u0259 haz\u0131r olduqlar\u0131n\u0131 bildirib.<\/p>\n","protected":false},"excerpt":{"rendered":"<p>Erm\u0259nistan M\u00fcdafi\u0259 Nazirliyi Az\u0259rbaycan M\u00fcdafi\u0259 Nazirliyinin yayd\u0131\u011f\u0131 m\u0259lumat\u0131n h\u0259qiq\u0259t\u0259 uy\u011fun &#8230; <\/p>\n<p class=\"read-more-container\"><a title=\"M\u00fcdafi\u0259 Nazirliyi: Erm\u0259nistan silahl\u0131 q\u00fcvv\u0259l\u0259ri Az\u0259rbaycan ordusunun m\u00f6vqel\u0259rini bir ne\u00e7\u0259 d\u0259f\u0259 at\u0259\u015f\u0259 tutub\" class=\"read-more button\" href=\"https:\/\/www.meydan.tv\/az\/article\/mudafi%c9%99-nazirliyi-erm%c9%99nistan-silahli-quvv%c9%99l%c9%99ri-az%c9%99rbaycan-ordusunun-movqel%c9%99rini-bir-nec%c9%99-d%c9%99f%c9%99-at%c9%99s%c9%99-tutub\/#more-327771\" aria-label=\"Read more about M\u00fcdafi\u0259 Nazirliyi: Erm\u0259nistan silahl\u0131 q\u00fcvv\u0259l\u0259ri Az\u0259rbaycan ordusunun m\u00f6vqel\u0259rini bir ne\u00e7\u0259 d\u0259f\u0259 at\u0259\u015f\u0259 tutub\">Davam\u0131<\/a><\/p>\n","protected":false},"author":16,"featured_media":255890,"comment_status":"closed","ping_status":"closed","sticky":false,"template":"","format":"standard","meta":{"_acf_changed":false,"_sitemap_exclude":false,"_sitemap_priority":"","_sitemap_frequency":"","footnotes":""},"categories":[79,56],"tags":[],"class_list":["post-327771","post","type-post","status-publish","format-standard","has-post-thumbnail","hentry","category-featured","category-xeberler","infinite-scroll-item","generate-columns","tablet-grid-50","mobile-grid-100","grid-parent","grid-33","no-featured-image-padding"],"acf":[],"yoast_head":"<!-- This site is optimized with the Yoast SEO plugin v27.5 - https:\/\/yoast.com\/product\/yoast-seo-wordpress\/ -->\n<title>M\u00fcdafi\u0259 Nazirliyi: Erm\u0259nistan silahl\u0131 q\u00fcvv\u0259l\u0259ri Az\u0259rbaycan ordusunun m\u00f6vqel\u0259rini bir ne\u00e7\u0259 d\u0259f\u0259 at\u0259\u015f\u0259 tutub - MEYDAN.TV<\/title>\n<meta name=\"robots\" content=\"index, follow, max-snippet:-1, max-image-preview:large, max-video-preview:-1\" \/>\n<link rel=\"canonical\" href=\"https:\/\/www.meydan.tv\/az\/article\/mudafi%c9%99-nazirliyi-erm%c9%99nistan-silahli-quvv%c9%99l%c9%99ri-az%c9%99rbaycan-ordusunun-movqel%c9%99rini-bir-nec%c9%99-d%c9%99f%c9%99-at%c9%99s%c9%99-tutub\/\" \/>\n<meta property=\"og:locale\" content=\"az_AZ\" \/>\n<meta property=\"og:type\" content=\"article\" \/>\n<meta property=\"og:title\" content=\"M\u00fcdafi\u0259 Nazirliyi: Erm\u0259nistan silahl\u0131 q\u00fcvv\u0259l\u0259ri Az\u0259rbaycan ordusunun m\u00f6vqel\u0259rini bir ne\u00e7\u0259 d\u0259f\u0259 at\u0259\u015f\u0259 tutub - MEYDAN.TV\" \/>\n<meta property=\"og:description\" content=\"Erm\u0259nistan M\u00fcdafi\u0259 Nazirliyi Az\u0259rbaycan M\u00fcdafi\u0259 Nazirliyinin yayd\u0131\u011f\u0131 m\u0259lumat\u0131n h\u0259qiq\u0259t\u0259 uy\u011fun ... Davam\u0131\" \/>\n<meta property=\"og:url\" content=\"https:\/\/www.meydan.tv\/az\/article\/mudafi%c9%99-nazirliyi-erm%c9%99nistan-silahli-quvv%c9%99l%c9%99ri-az%c9%99rbaycan-ordusunun-movqel%c9%99rini-bir-nec%c9%99-d%c9%99f%c9%99-at%c9%99s%c9%99-tutub\/\" \/>\n<meta property=\"og:site_name\" content=\"MEYDAN.TV\" \/>\n<meta property=\"article:published_time\" content=\"2025-03-17T08:36:25+00:00\" \/>\n<meta property=\"article:modified_time\" content=\"2025-03-17T08:36:28+00:00\" \/>\n<meta property=\"og:image\" content=\"https:\/\/www.meydan.tv\/wp-content\/uploads\/img_0156-scaled-e1663411085419.jpg\" \/>\n\t<meta property=\"og:image:width\" content=\"2560\" \/>\n\t<meta property=\"og:image:height\" content=\"1152\" \/>\n\t<meta property=\"og:image:type\" content=\"image\/jpeg\" \/>\n<meta name=\"author\" content=\"sevda\" \/>\n<meta name=\"twitter:card\" content=\"summary_large_image\" \/>\n<script type=\"application\/ld+json\" class=\"yoast-schema-graph\">{\"@context\":\"https:\\\/\\\/schema.org\",\"@graph\":[{\"@type\":\"Article\",\"@id\":\"https:\\\/\\\/www.meydan.tv\\\/az\\\/article\\\/mudafi%c9%99-nazirliyi-erm%c9%99nistan-silahli-quvv%c9%99l%c9%99ri-az%c9%99rbaycan-ordusunun-movqel%c9%99rini-bir-nec%c9%99-d%c9%99f%c9%99-at%c9%99s%c9%99-tutub\\\/#article\",\"isPartOf\":{\"@id\":\"https:\\\/\\\/www.meydan.tv\\\/az\\\/article\\\/mudafi%c9%99-nazirliyi-erm%c9%99nistan-silahli-quvv%c9%99l%c9%99ri-az%c9%99rbaycan-ordusunun-movqel%c9%99rini-bir-nec%c9%99-d%c9%99f%c9%99-at%c9%99s%c9%99-tutub\\\/\"},\"author\":{\"name\":\"sevda\",\"@id\":\"https:\\\/\\\/www.meydan.tv\\\/az\\\/#\\\/schema\\\/person\\\/49b5f2bad5b126bb8ea9320eeb3e4dc9\"},\"headline\":\"M\u00fcdafi\u0259 Nazirliyi: Erm\u0259nistan silahl\u0131 q\u00fcvv\u0259l\u0259ri Az\u0259rbaycan ordusunun m\u00f6vqel\u0259rini bir ne\u00e7\u0259 d\u0259f\u0259 at\u0259\u015f\u0259 tutub\",\"datePublished\":\"2025-03-17T08:36:25+00:00\",\"dateModified\":\"2025-03-17T08:36:28+00:00\",\"mainEntityOfPage\":{\"@id\":\"https:\\\/\\\/www.meydan.tv\\\/az\\\/article\\\/mudafi%c9%99-nazirliyi-erm%c9%99nistan-silahli-quvv%c9%99l%c9%99ri-az%c9%99rbaycan-ordusunun-movqel%c9%99rini-bir-nec%c9%99-d%c9%99f%c9%99-at%c9%99s%c9%99-tutub\\\/\"},\"wordCount\":542,\"publisher\":{\"@id\":\"https:\\\/\\\/www.meydan.tv\\\/az\\\/#organization\"},\"image\":{\"@id\":\"https:\\\/\\\/www.meydan.tv\\\/az\\\/article\\\/mudafi%c9%99-nazirliyi-erm%c9%99nistan-silahli-quvv%c9%99l%c9%99ri-az%c9%99rbaycan-ordusunun-movqel%c9%99rini-bir-nec%c9%99-d%c9%99f%c9%99-at%c9%99s%c9%99-tutub\\\/#primaryimage\"},\"thumbnailUrl\":\"https:\\\/\\\/www.meydan.tv\\\/wp-content\\\/uploads\\\/img_0156-scaled-e1663411085419.jpg\",\"articleSection\":[\"T\u00f6vsiy\u0259\",\"X\u0259b\u0259rl\u0259r\"],\"inLanguage\":\"az\"},{\"@type\":\"WebPage\",\"@id\":\"https:\\\/\\\/www.meydan.tv\\\/az\\\/article\\\/mudafi%c9%99-nazirliyi-erm%c9%99nistan-silahli-quvv%c9%99l%c9%99ri-az%c9%99rbaycan-ordusunun-movqel%c9%99rini-bir-nec%c9%99-d%c9%99f%c9%99-at%c9%99s%c9%99-tutub\\\/\",\"url\":\"https:\\\/\\\/www.meydan.tv\\\/az\\\/article\\\/mudafi%c9%99-nazirliyi-erm%c9%99nistan-silahli-quvv%c9%99l%c9%99ri-az%c9%99rbaycan-ordusunun-movqel%c9%99rini-bir-nec%c9%99-d%c9%99f%c9%99-at%c9%99s%c9%99-tutub\\\/\",\"name\":\"M\u00fcdafi\u0259 Nazirliyi: Erm\u0259nistan silahl\u0131 q\u00fcvv\u0259l\u0259ri Az\u0259rbaycan ordusunun m\u00f6vqel\u0259rini bir ne\u00e7\u0259 d\u0259f\u0259 at\u0259\u015f\u0259 tutub - MEYDAN.TV\",\"isPartOf\":{\"@id\":\"https:\\\/\\\/www.meydan.tv\\\/az\\\/#website\"},\"primaryImageOfPage\":{\"@id\":\"https:\\\/\\\/www.meydan.tv\\\/az\\\/article\\\/mudafi%c9%99-nazirliyi-erm%c9%99nistan-silahli-quvv%c9%99l%c9%99ri-az%c9%99rbaycan-ordusunun-movqel%c9%99rini-bir-nec%c9%99-d%c9%99f%c9%99-at%c9%99s%c9%99-tutub\\\/#primaryimage\"},\"image\":{\"@id\":\"https:\\\/\\\/www.meydan.tv\\\/az\\\/article\\\/mudafi%c9%99-nazirliyi-erm%c9%99nistan-silahli-quvv%c9%99l%c9%99ri-az%c9%99rbaycan-ordusunun-movqel%c9%99rini-bir-nec%c9%99-d%c9%99f%c9%99-at%c9%99s%c9%99-tutub\\\/#primaryimage\"},\"thumbnailUrl\":\"https:\\\/\\\/www.meydan.tv\\\/wp-content\\\/uploads\\\/img_0156-scaled-e1663411085419.jpg\",\"datePublished\":\"2025-03-17T08:36:25+00:00\",\"dateModified\":\"2025-03-17T08:36:28+00:00\",\"breadcrumb\":{\"@id\":\"https:\\\/\\\/www.meydan.tv\\\/az\\\/article\\\/mudafi%c9%99-nazirliyi-erm%c9%99nistan-silahli-quvv%c9%99l%c9%99ri-az%c9%99rbaycan-ordusunun-movqel%c9%99rini-bir-nec%c9%99-d%c9%99f%c9%99-at%c9%99s%c9%99-tutub\\\/#breadcrumb\"},\"inLanguage\":\"az\",\"potentialAction\":[{\"@type\":\"ReadAction\",\"target\":[\"https:\\\/\\\/www.meydan.tv\\\/az\\\/article\\\/mudafi%c9%99-nazirliyi-erm%c9%99nistan-silahli-quvv%c9%99l%c9%99ri-az%c9%99rbaycan-ordusunun-movqel%c9%99rini-bir-nec%c9%99-d%c9%99f%c9%99-at%c9%99s%c9%99-tutub\\\/\"]}]},{\"@type\":\"ImageObject\",\"inLanguage\":\"az\",\"@id\":\"https:\\\/\\\/www.meydan.tv\\\/az\\\/article\\\/mudafi%c9%99-nazirliyi-erm%c9%99nistan-silahli-quvv%c9%99l%c9%99ri-az%c9%99rbaycan-ordusunun-movqel%c9%99rini-bir-nec%c9%99-d%c9%99f%c9%99-at%c9%99s%c9%99-tutub\\\/#primaryimage\",\"url\":\"https:\\\/\\\/www.meydan.tv\\\/wp-content\\\/uploads\\\/img_0156-scaled-e1663411085419.jpg\",\"contentUrl\":\"https:\\\/\\\/www.meydan.tv\\\/wp-content\\\/uploads\\\/img_0156-scaled-e1663411085419.jpg\",\"width\":2560,\"height\":1152,\"caption\":\"Foto: Meydan TV\"},{\"@type\":\"BreadcrumbList\",\"@id\":\"https:\\\/\\\/www.meydan.tv\\\/az\\\/article\\\/mudafi%c9%99-nazirliyi-erm%c9%99nistan-silahli-quvv%c9%99l%c9%99ri-az%c9%99rbaycan-ordusunun-movqel%c9%99rini-bir-nec%c9%99-d%c9%99f%c9%99-at%c9%99s%c9%99-tutub\\\/#breadcrumb\",\"itemListElement\":[{\"@type\":\"ListItem\",\"position\":1,\"name\":\"Ana s\u0259hif\u0259\",\"item\":\"https:\\\/\\\/www.meydan.tv\\\/az\\\/\"},{\"@type\":\"ListItem\",\"position\":2,\"name\":\"T\u00f6vsiy\u0259\",\"item\":\"https:\\\/\\\/www.meydan.tv\\\/az\\\/section\\\/featured\\\/\"},{\"@type\":\"ListItem\",\"position\":3,\"name\":\"M\u00fcdafi\u0259 Nazirliyi: Erm\u0259nistan silahl\u0131 q\u00fcvv\u0259l\u0259ri Az\u0259rbaycan ordusunun m\u00f6vqel\u0259rini bir ne\u00e7\u0259 d\u0259f\u0259 at\u0259\u015f\u0259 tutub\"}]},{\"@type\":\"WebSite\",\"@id\":\"https:\\\/\\\/www.meydan.tv\\\/az\\\/#website\",\"url\":\"https:\\\/\\\/www.meydan.tv\\\/az\\\/\",\"name\":\"MEYDAN.TV\",\"description\":\"Meydan TV Az\u0259rbaycan\u0131n media m\u0259kan\u0131ndak\u0131 alternativ s\u0259sidir\",\"publisher\":{\"@id\":\"https:\\\/\\\/www.meydan.tv\\\/az\\\/#organization\"},\"potentialAction\":[{\"@type\":\"SearchAction\",\"target\":{\"@type\":\"EntryPoint\",\"urlTemplate\":\"https:\\\/\\\/www.meydan.tv\\\/az\\\/?s={search_term_string}\"},\"query-input\":{\"@type\":\"PropertyValueSpecification\",\"valueRequired\":true,\"valueName\":\"search_term_string\"}}],\"inLanguage\":\"az\"},{\"@type\":\"Organization\",\"@id\":\"https:\\\/\\\/www.meydan.tv\\\/az\\\/#organization\",\"name\":\"Meydan TV\",\"url\":\"https:\\\/\\\/www.meydan.tv\\\/az\\\/\",\"logo\":{\"@type\":\"ImageObject\",\"inLanguage\":\"az\",\"@id\":\"https:\\\/\\\/www.meydan.tv\\\/az\\\/#\\\/schema\\\/logo\\\/image\\\/\",\"url\":\"https:\\\/\\\/www.meydan.tv\\\/wp-content\\\/uploads\\\/2021\\\/07\\\/meydan-logo.svg\",\"contentUrl\":\"https:\\\/\\\/www.meydan.tv\\\/wp-content\\\/uploads\\\/2021\\\/07\\\/meydan-logo.svg\",\"width\":195,\"height\":46,\"caption\":\"Meydan TV\"},\"image\":{\"@id\":\"https:\\\/\\\/www.meydan.tv\\\/az\\\/#\\\/schema\\\/logo\\\/image\\\/\"}},{\"@type\":\"Person\",\"@id\":\"https:\\\/\\\/www.meydan.tv\\\/az\\\/#\\\/schema\\\/person\\\/49b5f2bad5b126bb8ea9320eeb3e4dc9\",\"name\":\"sevda\"}]}<\/script>\n<!-- \/ Yoast SEO plugin. -->","yoast_head_json":{"title":"M\u00fcdafi\u0259 Nazirliyi: Erm\u0259nistan silahl\u0131 q\u00fcvv\u0259l\u0259ri Az\u0259rbaycan ordusunun m\u00f6vqel\u0259rini bir ne\u00e7\u0259 d\u0259f\u0259 at\u0259\u015f\u0259 tutub - MEYDAN.TV","robots":{"index":"index","follow":"follow","max-snippet":"max-snippet:-1","max-image-preview":"max-image-preview:large","max-video-preview":"max-video-preview:-1"},"canonical":"https:\/\/www.meydan.tv\/az\/article\/mudafi%c9%99-nazirliyi-erm%c9%99nistan-silahli-quvv%c9%99l%c9%99ri-az%c9%99rbaycan-ordusunun-movqel%c9%99rini-bir-nec%c9%99-d%c9%99f%c9%99-at%c9%99s%c9%99-tutub\/","og_locale":"az_AZ","og_type":"article","og_title":"M\u00fcdafi\u0259 Nazirliyi: Erm\u0259nistan silahl\u0131 q\u00fcvv\u0259l\u0259ri Az\u0259rbaycan ordusunun m\u00f6vqel\u0259rini bir ne\u00e7\u0259 d\u0259f\u0259 at\u0259\u015f\u0259 tutub - MEYDAN.TV","og_description":"Erm\u0259nistan M\u00fcdafi\u0259 Nazirliyi Az\u0259rbaycan M\u00fcdafi\u0259 Nazirliyinin yayd\u0131\u011f\u0131 m\u0259lumat\u0131n h\u0259qiq\u0259t\u0259 uy\u011fun ... Davam\u0131","og_url":"https:\/\/www.meydan.tv\/az\/article\/mudafi%c9%99-nazirliyi-erm%c9%99nistan-silahli-quvv%c9%99l%c9%99ri-az%c9%99rbaycan-ordusunun-movqel%c9%99rini-bir-nec%c9%99-d%c9%99f%c9%99-at%c9%99s%c9%99-tutub\/","og_site_name":"MEYDAN.TV","article_published_time":"2025-03-17T08:36:25+00:00","article_modified_time":"2025-03-17T08:36:28+00:00","og_image":[{"width":2560,"height":1152,"url":"https:\/\/www.meydan.tv\/wp-content\/uploads\/img_0156-scaled-e1663411085419.jpg","type":"image\/jpeg"}],"author":"sevda","twitter_card":"summary_large_image","schema":{"@context":"https:\/\/schema.org","@graph":[{"@type":"Article","@id":"https:\/\/www.meydan.tv\/az\/article\/mudafi%c9%99-nazirliyi-erm%c9%99nistan-silahli-quvv%c9%99l%c9%99ri-az%c9%99rbaycan-ordusunun-movqel%c9%99rini-bir-nec%c9%99-d%c9%99f%c9%99-at%c9%99s%c9%99-tutub\/#article","isPartOf":{"@id":"https:\/\/www.meydan.tv\/az\/article\/mudafi%c9%99-nazirliyi-erm%c9%99nistan-silahli-quvv%c9%99l%c9%99ri-az%c9%99rbaycan-ordusunun-movqel%c9%99rini-bir-nec%c9%99-d%c9%99f%c9%99-at%c9%99s%c9%99-tutub\/"},"author":{"name":"sevda","@id":"https:\/\/www.meydan.tv\/az\/#\/schema\/person\/49b5f2bad5b126bb8ea9320eeb3e4dc9"},"headline":"M\u00fcdafi\u0259 Nazirliyi: Erm\u0259nistan silahl\u0131 q\u00fcvv\u0259l\u0259ri Az\u0259rbaycan ordusunun m\u00f6vqel\u0259rini bir ne\u00e7\u0259 d\u0259f\u0259 at\u0259\u015f\u0259 tutub","datePublished":"2025-03-17T08:36:25+00:00","dateModified":"2025-03-17T08:36:28+00:00","mainEntityOfPage":{"@id":"https:\/\/www.meydan.tv\/az\/article\/mudafi%c9%99-nazirliyi-erm%c9%99nistan-silahli-quvv%c9%99l%c9%99ri-az%c9%99rbaycan-ordusunun-movqel%c9%99rini-bir-nec%c9%99-d%c9%99f%c9%99-at%c9%99s%c9%99-tutub\/"},"wordCount":542,"publisher":{"@id":"https:\/\/www.meydan.tv\/az\/#organization"},"image":{"@id":"https:\/\/www.meydan.tv\/az\/article\/mudafi%c9%99-nazirliyi-erm%c9%99nistan-silahli-quvv%c9%99l%c9%99ri-az%c9%99rbaycan-ordusunun-movqel%c9%99rini-bir-nec%c9%99-d%c9%99f%c9%99-at%c9%99s%c9%99-tutub\/#primaryimage"},"thumbnailUrl":"https:\/\/www.meydan.tv\/wp-content\/uploads\/img_0156-scaled-e1663411085419.jpg","articleSection":["T\u00f6vsiy\u0259","X\u0259b\u0259rl\u0259r"],"inLanguage":"az"},{"@type":"WebPage","@id":"https:\/\/www.meydan.tv\/az\/article\/mudafi%c9%99-nazirliyi-erm%c9%99nistan-silahli-quvv%c9%99l%c9%99ri-az%c9%99rbaycan-ordusunun-movqel%c9%99rini-bir-nec%c9%99-d%c9%99f%c9%99-at%c9%99s%c9%99-tutub\/","url":"https:\/\/www.meydan.tv\/az\/article\/mudafi%c9%99-nazirliyi-erm%c9%99nistan-silahli-quvv%c9%99l%c9%99ri-az%c9%99rbaycan-ordusunun-movqel%c9%99rini-bir-nec%c9%99-d%c9%99f%c9%99-at%c9%99s%c9%99-tutub\/","name":"M\u00fcdafi\u0259 Nazirliyi: Erm\u0259nistan silahl\u0131 q\u00fcvv\u0259l\u0259ri Az\u0259rbaycan ordusunun m\u00f6vqel\u0259rini bir ne\u00e7\u0259 d\u0259f\u0259 at\u0259\u015f\u0259 tutub - MEYDAN.TV","isPartOf":{"@id":"https:\/\/www.meydan.tv\/az\/#website"},"primaryImageOfPage":{"@id":"https:\/\/www.meydan.tv\/az\/article\/mudafi%c9%99-nazirliyi-erm%c9%99nistan-silahli-quvv%c9%99l%c9%99ri-az%c9%99rbaycan-ordusunun-movqel%c9%99rini-bir-nec%c9%99-d%c9%99f%c9%99-at%c9%99s%c9%99-tutub\/#primaryimage"},"image":{"@id":"https:\/\/www.meydan.tv\/az\/article\/mudafi%c9%99-nazirliyi-erm%c9%99nistan-silahli-quvv%c9%99l%c9%99ri-az%c9%99rbaycan-ordusunun-movqel%c9%99rini-bir-nec%c9%99-d%c9%99f%c9%99-at%c9%99s%c9%99-tutub\/#primaryimage"},"thumbnailUrl":"https:\/\/www.meydan.tv\/wp-content\/uploads\/img_0156-scaled-e1663411085419.jpg","datePublished":"2025-03-17T08:36:25+00:00","dateModified":"2025-03-17T08:36:28+00:00","breadcrumb":{"@id":"https:\/\/www.meydan.tv\/az\/article\/mudafi%c9%99-nazirliyi-erm%c9%99nistan-silahli-quvv%c9%99l%c9%99ri-az%c9%99rbaycan-ordusunun-movqel%c9%99rini-bir-nec%c9%99-d%c9%99f%c9%99-at%c9%99s%c9%99-tutub\/#breadcrumb"},"inLanguage":"az","potentialAction":[{"@type":"ReadAction","target":["https:\/\/www.meydan.tv\/az\/article\/mudafi%c9%99-nazirliyi-erm%c9%99nistan-silahli-quvv%c9%99l%c9%99ri-az%c9%99rbaycan-ordusunun-movqel%c9%99rini-bir-nec%c9%99-d%c9%99f%c9%99-at%c9%99s%c9%99-tutub\/"]}]},{"@type":"ImageObject","inLanguage":"az","@id":"https:\/\/www.meydan.tv\/az\/article\/mudafi%c9%99-nazirliyi-erm%c9%99nistan-silahli-quvv%c9%99l%c9%99ri-az%c9%99rbaycan-ordusunun-movqel%c9%99rini-bir-nec%c9%99-d%c9%99f%c9%99-at%c9%99s%c9%99-tutub\/#primaryimage","url":"https:\/\/www.meydan.tv\/wp-content\/uploads\/img_0156-scaled-e1663411085419.jpg","contentUrl":"https:\/\/www.meydan.tv\/wp-content\/uploads\/img_0156-scaled-e1663411085419.jpg","width":2560,"height":1152,"caption":"Foto: Meydan TV"},{"@type":"BreadcrumbList","@id":"https:\/\/www.meydan.tv\/az\/article\/mudafi%c9%99-nazirliyi-erm%c9%99nistan-silahli-quvv%c9%99l%c9%99ri-az%c9%99rbaycan-ordusunun-movqel%c9%99rini-bir-nec%c9%99-d%c9%99f%c9%99-at%c9%99s%c9%99-tutub\/#breadcrumb","itemListElement":[{"@type":"ListItem","position":1,"name":"Ana s\u0259hif\u0259","item":"https:\/\/www.meydan.tv\/az\/"},{"@type":"ListItem","position":2,"name":"T\u00f6vsiy\u0259","item":"https:\/\/www.meydan.tv\/az\/section\/featured\/"},{"@type":"ListItem","position":3,"name":"M\u00fcdafi\u0259 Nazirliyi: Erm\u0259nistan silahl\u0131 q\u00fcvv\u0259l\u0259ri Az\u0259rbaycan ordusunun m\u00f6vqel\u0259rini bir ne\u00e7\u0259 d\u0259f\u0259 at\u0259\u015f\u0259 tutub"}]},{"@type":"WebSite","@id":"https:\/\/www.meydan.tv\/az\/#website","url":"https:\/\/www.meydan.tv\/az\/","name":"MEYDAN.TV","description":"Meydan TV Az\u0259rbaycan\u0131n media m\u0259kan\u0131ndak\u0131 alternativ s\u0259sidir","publisher":{"@id":"https:\/\/www.meydan.tv\/az\/#organization"},"potentialAction":[{"@type":"SearchAction","target":{"@type":"EntryPoint","urlTemplate":"https:\/\/www.meydan.tv\/az\/?s={search_term_string}"},"query-input":{"@type":"PropertyValueSpecification","valueRequired":true,"valueName":"search_term_string"}}],"inLanguage":"az"},{"@type":"Organization","@id":"https:\/\/www.meydan.tv\/az\/#organization","name":"Meydan TV","url":"https:\/\/www.meydan.tv\/az\/","logo":{"@type":"ImageObject","inLanguage":"az","@id":"https:\/\/www.meydan.tv\/az\/#\/schema\/logo\/image\/","url":"https:\/\/www.meydan.tv\/wp-content\/uploads\/2021\/07\/meydan-logo.svg","contentUrl":"https:\/\/www.meydan.tv\/wp-content\/uploads\/2021\/07\/meydan-logo.svg","width":195,"height":46,"caption":"Meydan TV"},"image":{"@id":"https:\/\/www.meydan.tv\/az\/#\/schema\/logo\/image\/"}},{"@type":"Person","@id":"https:\/\/www.meydan.tv\/az\/#\/schema\/person\/49b5f2bad5b126bb8ea9320eeb3e4dc9","name":"sevda"}]}},"_links":{"self":[{"href":"https:\/\/www.meydan.tv\/az\/wp-json\/wp\/v2\/posts\/327771","targetHints":{"allow":["GET"]}}],"collection":[{"href":"https:\/\/www.meydan.tv\/az\/wp-json\/wp\/v2\/posts"}],"about":[{"href":"https:\/\/www.meydan.tv\/az\/wp-json\/wp\/v2\/types\/post"}],"author":[{"embeddable":true,"href":"https:\/\/www.meydan.tv\/az\/wp-json\/wp\/v2\/users\/16"}],"replies":[{"embeddable":true,"href":"https:\/\/www.meydan.tv\/az\/wp-json\/wp\/v2\/comments?post=327771"}],"version-history":[{"count":1,"href":"https:\/\/www.meydan.tv\/az\/wp-json\/wp\/v2\/posts\/327771\/revisions"}],"predecessor-version":[{"id":327772,"href":"https:\/\/www.meydan.tv\/az\/wp-json\/wp\/v2\/posts\/327771\/revisions\/327772"}],"wp:featuredmedia":[{"embeddable":true,"href":"https:\/\/www.meydan.tv\/az\/wp-json\/wp\/v2\/media\/255890"}],"wp:attachment":[{"href":"https:\/\/www.meydan.tv\/az\/wp-json\/wp\/v2\/media?parent=327771"}],"wp:term":[{"taxonomy":"category","embeddable":true,"href":"https:\/\/www.meydan.tv\/az\/wp-json\/wp\/v2\/categories?post=327771"},{"taxonomy":"post_tag","embeddable":true,"href":"https:\/\/www.meydan.tv\/az\/wp-json\/wp\/v2\/tags?post=327771"}],"curies":[{"name":"wp","href":"https:\/\/api.w.org\/{rel}","templated":true}]}}