{"id":327678,"date":"2025-03-14T12:40:24","date_gmt":"2025-03-14T08:40:24","guid":{"rendered":"https:\/\/www.meydan.tv\/?p=327678"},"modified":"2025-03-14T14:29:51","modified_gmt":"2025-03-14T10:29:51","slug":"rovs%c9%99n-esg%c9%99rov-az%c9%99rbaycan-haqqinda-n%c9%99l%c9%99ri-bilmir","status":"publish","type":"post","link":"https:\/\/www.meydan.tv\/az\/article\/rovs%c9%99n-esg%c9%99rov-az%c9%99rbaycan-haqqinda-n%c9%99l%c9%99ri-bilmir\/","title":{"rendered":"R\u00f6v\u015f\u0259n \u018fsg\u0259rov Az\u0259rbaycan haqq\u0131nda n\u0259l\u0259ri bilmir?"},"content":{"rendered":"\n<p><\/p>\n\n\n\n<p><strong><em>\u201cN\u0259? Harada? N\u0259 zaman?\u201d televiziya oyununun ke\u00e7mi\u015f i\u015ftirak\u00e7\u0131s\u0131n\u0131n fikrinc\u0259, \u00f6lk\u0259d\u0259 siyasi m\u0259hbus yoxdur, m\u0259tbuat azadl\u0131\u011f\u0131 var v\u0259 \u0130lham \u018fliyev demokratik se\u00e7kil\u0259rl\u0259 n\u00f6vb\u0259ti d\u0259f\u0259 Prezident olub<\/em><\/strong><\/p>\n\n\n\n<p>Mart\u0131n 13-d\u0259 m\u0259\u015fhur rusiyal\u0131 jurnalist Yuri Dudun \u201cvDud\u201d &#8220;YouTube&#8221; kanal\u0131nda R\u00f6v\u015f\u0259n \u018fsg\u0259rovun m\u00fcsahib\u0259si <a href=\"https:\/\/www.youtube.com\/watch?v=y4rykwJv69k\" target=\"_blank\" rel=\"noreferrer noopener\">yay\u0131mlan\u0131b<\/a>. \u018fsg\u0259rov 21 il Rusiyada ya\u015fay\u0131b v\u0259 burada populyar olan \u201cN\u0259? Harada? N\u0259 vaxt?&#8221; intellektual televiziya oyununun \u0259n m\u0259\u015fhur i\u015ftirak\u00e7\u0131lar\u0131ndan biri olub. 2021-ci ild\u0259 \u018fsg\u0259rov oyunun \u0259sas m\u00fckafat\u0131 olan \u201cKristal bayqu\u015f\u201d m\u00fckafat\u0131n\u0131 qazan\u0131b. Bundan sonra o, Az\u0259rbaycan Prezidentin\u0259 m\u00fcraci\u0259t ed\u0259r\u0259k onun \u0259ld\u0259 etdiyi nailiyy\u0259t\u0259 d\u0259st\u0259k olma\u011f\u0131 v\u0259 m\u0259nzil ba\u011f\u0131\u015flama\u011f\u0131 xahi\u015f edib. Hakimiyy\u0259t d\u0259 onu Bak\u0131da \u00fc\u00e7 otaql\u0131 m\u0259nzill\u0259 t\u0259min edib.<\/p>\n\n\n\n<p>Rusiya Ukraynaya h\u00fccum ed\u0259nd\u0259n sonra, 2022-ci il mart\u0131n 5-d\u0259 \u018fsg\u0259rov Rusiyan\u0131 t\u0259rk edib. O, Ukraynan\u0131n i\u015f\u011fal\u0131n\u0131 k\u0259skin t\u0259nqid ed\u0259nl\u0259rd\u0259n biri olub. Sosial \u015f\u0259b\u0259k\u0259l\u0259rd\u0259ki yaz\u0131lar\u0131na g\u00f6r\u0259 Rusiyada \u018fsg\u0259rova qar\u015f\u0131 Sovet general\u0131 Jukovu t\u0259nqid etdiyin\u0259 g\u00f6r\u0259 Rusiya Federasiyas\u0131 Cinay\u0259t M\u0259c\u0259ll\u0259sinin 354.1-ci (nasizmin reabilitasiyas\u0131) madd\u0259si il\u0259 <a href=\"https:\/\/tass.ru\/proisshestviya\/14493107\" target=\"_blank\" rel=\"noreferrer noopener\">cinay\u0259t i\u015fi a\u00e7\u0131l\u0131b<\/a> v\u0259 axtar\u0131\u015fa verilib. Sonra o, \u201cxarici agentl\u0259r\u201d, habel\u0259 ekstremistl\u0259r siyah\u0131s\u0131na da <a href=\"https:\/\/www.meydan.tv\/az\/article\/n%C9%99-harada-n%C9%99-zaman-oyununun-kecmis-istirakcisi-terrorcular-v%C9%99-ekstremistl%C9%99r-siyahisina-salinib\/\" target=\"_blank\" rel=\"noreferrer noopener\">sal\u0131n\u0131b<\/a>. Haz\u0131rda \u0259sl\u0259n az\u0259rbaycanl\u0131 olan \u018fsg\u0259rov ail\u0259si \u2013 h\u0259yat yolda\u015f\u0131 v\u0259 iki o\u011flu il\u0259 Bak\u0131da ya\u015fay\u0131r.<\/p>\n\n\n\n<p>3 saat yar\u0131m s\u00fcr\u0259n m\u00fcsahib\u0259 zaman\u0131 Dud \u018fsg\u0259rovla Ukraynadak\u0131 m\u00fcharib\u0259 il\u0259 ba\u011fl\u0131 m\u00f6vqeyi v\u0259 Putinin \u015f\u0259xsiyy\u0259ti bar\u0259d\u0259 \u0259trafl\u0131 dan\u0131\u015f\u0131b. Daha sonra is\u0259 ona Az\u0259rbaycan v\u0259 \u0130lham \u018fliyevin hakimiyy\u0259ti il\u0259 ba\u011fl\u0131 suallar da verib:<\/p>\n\n\n\n<p>\u2014 <em>\u0130lham \u018fliyev diktatordur?<\/em> \u2013 Dud soru\u015fur.<\/p>\n\n\n\n<p><em>\u201cXeyr\u201d,<\/em> &#8211; dey\u0259 \u018fsg\u0259rov cavab verir.<\/p>\n\n\n\n<p>&#8211;<em> Niy\u0259?<\/em><\/p>\n\n\n\n<p>&#8211; <em>Niy\u0259 h\u0259? &lt;&#8230;> M\u0259n son \u00fc\u00e7 ild\u0259 Az\u0259rbaycanda ya\u015fay\u0131ram. G\u0259lin bel\u0259 dey\u0259k, m\u0259n Az\u0259rbaycanda diktaturan\u0131n oldu\u011funu d\u00fc\u015f\u00fcnm\u00fcr\u0259m,<\/em> &#8211; \u018fsg\u0259rov deyir.<\/p>\n\n\n\n<p>Bu, onun Az\u0259rbaycan ictimaiyy\u0259ti t\u0259r\u0259find\u0259n he\u00e7 d\u0259 birm\u0259nal\u0131 qar\u015f\u0131lanmayan yegan\u0259 a\u00e7\u0131qlamas\u0131 deyil.<\/p>\n\n\n\n<h6 class=\"wp-block-heading\"><strong>\u018fsg\u0259rov: Az\u0259rbaycanda demokratik se\u00e7kil\u0259r ke\u00e7irilib <\/strong>&nbsp;<\/h6>\n\n\n\n<p><em>\u201c[Az\u0259rbaycanda] se\u00e7kil\u0259r oldu. Bu se\u00e7kil\u0259rd\u0259 bird\u0259n \u00e7ox adam i\u015ftirak etdi. Orada b\u00fct\u00fcn demokratik institutlar var &lt;&#8230;&gt; Orada namiz\u0259dl\u0259ri k\u0259narla\u015fd\u0131rm\u0131rlar. &lt;&#8230;&gt; \u00dcst\u0259lik, indi \u018fliyevl\u0259 r\u0259qab\u0259t aparmaq m\u00fcmk\u00fcn deyil. M\u0259n \u0259min idim ki, m\u0259nim ya\u015f\u0131dlar\u0131m bu [Qaraba\u011f] m\u00fcharib\u0259nin sonunu g\u00f6rm\u0259y\u0259c\u0259k v\u0259 biz Az\u0259rbaycan\u0131n \u0259razi b\u00fct\u00f6vl\u00fcy\u00fcn\u00fc he\u00e7 vaxt g\u00f6rm\u0259y\u0259c\u0259yik. Adam bunu 44 g\u00fcnd\u0259 etdi v\u0259 \u0259sas olan\u0131 budur. He\u00e7 bir diktaturadan s\u00f6hb\u0259t ged\u0259 bilm\u0259z\u201d.<\/em><\/p>\n\n\n\n<p>Az\u0259rbaycanda n\u00f6vb\u0259d\u0259nk\u0259nar prezident se\u00e7kil\u0259ri 2024-c\u00fc ilin fevral\u0131nda ke\u00e7irilib. Be\u015finci d\u0259f\u0259 Az\u0259rbaycan Prezidenti olan \u0130lham \u018fliyev 92,12 faiz s\u0259s <a href=\"https:\/\/www.meydan.tv\/az\/article\/tek-adam-rejiminin-staqnasiyasi-davam-edir\/\" target=\"_blank\" rel=\"noreferrer noopener\">toplay\u0131b<\/a>.<\/p>\n\n\n\n<p>Se\u00e7kil\u0259r \u0259r\u0259f\u0259sind\u0259 \u00f6lk\u0259 hakimiyy\u0259ti yeni qanunlar q\u0259bul edib. M\u00fcst\u0259qil&nbsp; jurnalistl\u0259rin se\u00e7ki m\u0259nt\u0259q\u0259l\u0259rind\u0259 i\u015fl\u0259m\u0259sin\u0259 mane\u0259l\u0259r yarad\u0131l\u0131b, se\u00e7ki m\u0259nt\u0259q\u0259l\u0259rind\u0259 internet\u0259 \u00e7\u0131x\u0131\u015f m\u0259hdudla\u015fd\u0131r\u0131l\u0131b. B\u00fct\u00fcn bunlara baxmayaraq, se\u00e7ki saxtakarl\u0131\u011f\u0131 &#8211; \u201ckarusel\u201d v\u0259 topa b\u00fclletenl\u0259rin at\u0131lmas\u0131 videolar\u0131 internetd\u0259 <a href=\"https:\/\/www.meydan.tv\/az\/article\/azerbaycanda-prezident-seckileri-kecirilir-canli-bloq\/\" target=\"_blank\" rel=\"noreferrer noopener\">yay\u0131l\u0131b<\/a>.&nbsp;<\/p>\n\n\n\n<figure class=\"wp-block-embed is-type-video is-provider-youtube wp-block-embed-youtube wp-embed-aspect-16-9 wp-has-aspect-ratio\"><div class=\"wp-block-embed__wrapper\">\n<iframe title=\"Az\u0259rbaycanda alternativsiz se\u00e7ki\" width=\"1200\" height=\"675\" data-src=\"https:\/\/www.youtube.com\/embed\/Pkzq9geROG4?feature=oembed\" frameborder=\"0\" allow=\"accelerometer; autoplay; clipboard-write; encrypted-media; gyroscope; picture-in-picture; web-share\" referrerpolicy=\"strict-origin-when-cross-origin\" allowfullscreen src=\"data:image\/svg+xml;base64,PHN2ZyB3aWR0aD0iMSIgaGVpZ2h0PSIxIiB4bWxucz0iaHR0cDovL3d3dy53My5vcmcvMjAwMC9zdmciPjwvc3ZnPg==\" class=\"lazyload\" data-load-mode=\"1\"><\/iframe>\n<\/div><\/figure>\n\n\n\n<p>Siyasi partiyalar haqq\u0131nda yeni qanun da <a href=\"https:\/\/www.meydan.tv\/az\/article\/parcalanmis-dagidilmis-media-minnetdar-xalq-qeyd-sertsiz-qelebenin-dusturu\/\" target=\"_blank\" rel=\"noreferrer noopener\">q\u0259bul edildi<\/a> v\u0259 20-d\u0259n \u00e7ox partiya art\u0131q f\u0259aliyy\u0259t g\u00f6st\u0259rm\u0259y\u0259c\u0259yini elan etm\u0259li oldu.<\/p>\n\n\n\n<p>Se\u00e7kil\u0259rd\u0259n bir g\u00fcn sonra, fevral\u0131n 8-d\u0259 AT\u018fT-in Demokratik T\u0259sisatlar v\u0259 \u0130nsan Haqlar\u0131 B\u00fcrosunun (DT\u0130HB) missiyas\u0131 ilkin n\u0259tic\u0259l\u0259ri <a href=\"https:\/\/www.osce.org\/files\/f\/documents\/a\/3\/562518.pdf\" target=\"_blank\" rel=\"noreferrer noopener\">d\u0259rc etdi<\/a>: m\u00fcst\u0259qil ekspertl\u0259r 113 se\u00e7ki m\u0259nt\u0259q\u0259sind\u0259n 61-d\u0259 pozuntular\u0131n a\u015fkar edildiyini bildirdil\u0259r.<\/p>\n\n\n\n<p>Bundan \u0259lav\u0259, 1 milyon se\u00e7ici se\u00e7ki siyah\u0131lar\u0131ndan \u201cyoxa \u00e7\u0131x\u0131b\u201d: kimis\u0259 \u00f6z\u00fcn\u00fc siyah\u0131da tapmay\u0131b, kimis\u0259 ba\u015fqa yerd\u0259 qeyd\u0259 al\u0131n\u0131b, kimis\u0259 \u00f6l\u0259nd\u0259n sonra da se\u00e7ki siyahlar\u0131ndan \u00e7\u0131xar\u0131lmay\u0131b.\u00a0<\/p>\n\n\n\n<pre class=\"wp-block-verse\"><strong>Daha \u0259trafl\u0131 <a href=\"https:\/\/www.meydan.tv\/az\/article\/statistikada-gosterilen-1-milyon-sesverme-huquqlu-sexs-msk-nin-siyahisinda-nece-itib\/\" target=\"_blank\" rel=\"noreferrer noopener\">Meydan TV-nin material\u0131nda oxuyun<\/a><\/strong><\/pre>\n\n\n\n<h6 class=\"wp-block-heading\"><strong>\u018fsg\u0259rov: Az\u0259rbaycanda siyasi m\u0259hbus yoxdur<\/strong><\/h6>\n\n\n\n<p>Dudun \u201c<em>Az\u0259rbaycanda siyasi m\u0259hbus varm\u0131?<\/em>\u201d sual\u0131na \u018fsg\u0259rov \u201c<em>M\u0259n bildiyim\u0259 g\u00f6r\u0259, yox\u201d<\/em> &#8211; dey\u0259 cavab verib. Jurnalist siyasi m\u0259hbuslar\u0131n adlar\u0131n\u0131 sadalama\u011fa ba\u015flayanda is\u0259 o, jurnalisti Az\u0259rbaycan adlar\u0131n\u0131 s\u0259hv t\u0259l\u0259ff\u00fcz etdiyin\u0259 g\u00f6r\u0259 q\u0131nay\u0131b:<br><br>\u2014 <em>S\u0259nd\u0259n Az\u0259rbaycanda siyasi m\u0259hbuslar\u0131n olub-olmad\u0131\u011f\u0131n\u0131 soru\u015fdum. V\u0259 dey\u0259s\u0259n var,<\/em> &#8211; Dud cavab\u0131nda deyir.<\/p>\n\n\n\n<p>&#8211; <em>O, s\u0259n\u0259 el\u0259 g\u0259lir. &lt;\u2026> M\u0259nd\u0259n [siyasi m\u0259hbuslar haqq\u0131nda] soru\u015fursan. Bu haqda d\u0259rin bilgil\u0259rim yoxdu. Bilmir\u0259m. M\u0259nim \u00fc\u00e7\u00fcn [\u00f6lk\u0259d\u0259 siyasi m\u0259hbus] yoxdur,<\/em> &#8211; \u018fsg\u0259rov deyir.<br><br>Qeyd ed\u0259k ki, Az\u0259rbaycanda Siyasi M\u0259hbuslar\u0131n Azadl\u0131\u011f\u0131 U\u011frunda \u0130ttifaq\u0131n fevral\u0131n 12-d\u0259 yay\u0131mlad\u0131\u011f\u0131 son m\u0259lumat\u0131na g\u00f6r\u0259, \u00f6lk\u0259d\u0259 <a href=\"https:\/\/www.meydan.tv\/az\/article\/az%C9%99rbaycanda-siyasi-m%C9%99hbuslarin-sayi-357-n%C9%99f%C9%99r%C9%99-catdi\/\" target=\"_blank\" rel=\"noreferrer noopener\">357 siyasi m\u0259hbus var<\/a>.<\/p>\n\n\n\n<p>Son zamanlar Az\u0259rbaycanda h\u0259tta d\u00f6vl\u0259t\u0259 x\u0259yan\u0259t madd\u0259si il\u0259 d\u0259 siyasi t\u0259qibl\u0259r ba\u015flay\u0131b.<\/p>\n\n\n\n<figure class=\"wp-block-embed is-type-video is-provider-youtube wp-block-embed-youtube wp-embed-aspect-16-9 wp-has-aspect-ratio\"><div class=\"wp-block-embed__wrapper\">\n<iframe title=\"X\u0259yan\u0259t ittihamlar\u0131: Az\u0259rbaycanda opponentl\u0259r\u0259 t\u0259zyiq \u00fc\u00e7\u00fcn yeni, daha a\u011f\u0131r madd\u0259l\u0259r\" width=\"1200\" height=\"675\" data-src=\"https:\/\/www.youtube.com\/embed\/Niv5GjqdKIY?feature=oembed\" frameborder=\"0\" allow=\"accelerometer; autoplay; clipboard-write; encrypted-media; gyroscope; picture-in-picture; web-share\" referrerpolicy=\"strict-origin-when-cross-origin\" allowfullscreen src=\"data:image\/svg+xml;base64,PHN2ZyB3aWR0aD0iMSIgaGVpZ2h0PSIxIiB4bWxucz0iaHR0cDovL3d3dy53My5vcmcvMjAwMC9zdmciPjwvc3ZnPg==\" class=\"lazyload\" data-load-mode=\"1\"><\/iframe>\n<\/div><\/figure>\n\n\n\n<p>Az\u0259rbaycanda bel\u0259 ya\u015famayan t\u0259dqiqat\u00e7\u0131 \u0130qbal \u018fbilov v\u0259 politoloq B\u0259hruz S\u0259m\u0259dova qar\u015f\u0131 da m\u0259hz bu ittiham ir\u0259li s\u00fcr\u00fcl\u00fcr. Yerli v\u0259t\u0259nda\u015f c\u0259miyy\u0259ti, el\u0259c\u0259 d\u0259 bir \u00e7ox beyn\u0259lxalq t\u0259\u015fkilatlar bunu Az\u0259rbaycanda ifad\u0259 azadl\u0131\u011f\u0131na t\u0259zyiqin n\u00f6vb\u0259ti t\u0259zah\u00fcr\u00fc kimi qiym\u0259tl\u0259ndirdi.<\/p>\n\n\n\n<pre class=\"wp-block-verse\"><strong>Daha \u0259trafl\u0131 <a href=\"https:\/\/www.meydan.tv\/az\/article\/xeyanet-ittihamlari-azerbaycanda-opponentlere-tezyiq-gostermek-ucun-yeni-daha-agir-maddeler\/\" target=\"_blank\" rel=\"noreferrer noopener\">Meydan TV-nin material\u0131nda oxuyun<\/a><\/strong><\/pre>\n\n\n\n<h6 class=\"wp-block-heading\"><strong>\u018fsg\u0259rov: \u201c\u0130nsanlar\u0131 sosial \u015f\u0259b\u0259k\u0259l\u0259rd\u0259 yaz\u0131lanlara g\u00f6r\u0259 h\u0259bs etmirl\u0259r\u201d<\/strong><\/h6>\n\n\n\n<p><em>\u201cBak\u0131da m\u0259n \u00f6z evimd\u0259y\u0259m. M\u0259n bilirdim ki, [Az\u0259rbaycanda] repressiv qanunlar yoxdur. Burada m\u0259n k\u00fc\u00e7\u0259y\u0259 \u00e7\u0131x\u0131b \u201cs\u00fclh\u201d s\u00f6z\u00fcn\u00fc dey\u0259 bil\u0259r\u0259m, m\u00fcharib\u0259y\u0259 \u201cm\u00fcharib\u0259\u201d dey\u0259 bil\u0259r\u0259m, \u00f6z\u00fcm\u00fc azad hiss ed\u0259 bil\u0259r\u0259m v\u0259 &#8220;Facebook&#8221;da yazd\u0131\u011f\u0131m yaz\u0131ya g\u00f6r\u0259 m\u0259ni hans\u0131sa cinay\u0259td\u0259 ittiham ed\u0259c\u0259kl\u0259rind\u0259n qorxmuram\u201d,<\/em> &#8211; \u018fsg\u0259rov m\u00fcsahib\u0259sind\u0259 deyir.<\/p>\n\n\n\n<p>Halbuki Az\u0259rbaycanda sosial \u015f\u0259b\u0259k\u0259l\u0259rd\u0259 yaz\u0131lanlara g\u00f6r\u0259 c\u0259zaland\u0131r\u0131rlar.<\/p>\n\n\n\n<p>Bel\u0259 ki, 2024-c\u00fc ilin yaz\u0131nda \u00f6lk\u0259d\u0259 on tiktoker \u201cqeyri-etik payla\u015f\u0131mlar v\u0259 \u00e7a\u011f\u0131r\u0131\u015flar\u201d etdikl\u0259rin\u0259 g\u00f6r\u0259 h\u0259bs edib. 36 ya\u015fl\u0131 Sadiq Mirz\u0259yev \u201cvideolar\u0131nda nalayiq ifad\u0259l\u0259r i\u015fl\u0259tdiyin\u0259 v\u0259 bununla da azya\u015fl\u0131 o\u011flunun t\u0259rbiy\u0259sin\u0259 m\u0259nfi t\u0259sir g\u00f6st\u0259rdiyin\u0259\u201d g\u00f6r\u0259 30 g\u00fcn h\u0259bsd\u0259 olub.<\/p>\n\n\n\n<pre class=\"wp-block-verse\"><strong>Daha \u0259trafl\u0131 <a href=\"https:\/\/www.meydan.tv\/az\/article\/tiktokerlerin-hebsi-cemiyyet-necedirse-sosial-sebekeler-de-eledir\/\" target=\"_blank\" rel=\"noreferrer noopener\">Meydan TV-nin material\u0131nda oxuyun<\/a><\/strong><\/pre>\n\n\n\n<h6 class=\"wp-block-heading\"><strong>\u018fsg\u0259rov: \u00d6lk\u0259d\u0259 s\u00f6z azadl\u0131\u011f\u0131 var<\/strong><\/h6>\n\n\n\n<p><em>\u201cK\u00fc\u00e7\u0259y\u0259 \u00e7\u0131x\u0131b \u0130lham \u018fliyevin \u0259leyhin\u0259 n\u0259s\u0259 dey\u0259 bil\u0259rs\u0259n?\u201d, <\/em>&#8211; dey\u0259 Dud \u018fsg\u0259rovdan soru\u015fur. <em>&#8220;\u018fleyhin\u0259 deyil\u0259ms\u0259, m\u0259n bunu niy\u0259 etm\u0259liy\u0259m?&#8221;<\/em> ,\u2013 \u018fsg\u0259rov jurnalistin sual\u0131na sualla cavab verir v\u0259 \u0259lav\u0259 edir: <em>\u201cS\u00f6z azadl\u0131\u011f\u0131n\u0131n m\u00f6vcud oldu\u011fu \u00f6lk\u0259d\u0259 hans\u0131 diktaturadan s\u00f6hb\u0259t ged\u0259 bil\u0259r?\u201d.<\/em><\/p>\n\n\n\n<p>Haz\u0131rda Az\u0259rbaycanda 30-a yax\u0131n jurnalist v\u0259 f\u0259al h\u0259bsd\u0259dir. T\u0259kc\u0259 Meydan TV i\u015fi il\u0259 ba\u011fl\u0131&nbsp; 10 n\u0259f\u0259r m\u0259suliyy\u0259t\u0259 c\u0259lb edilib. Onlar Cinay\u0259t M\u0259c\u0259ll\u0259sinin 206.3.2-ci (qa\u00e7aqmal\u00e7\u0131l\u0131q, \u0259vv\u0259lc\u0259d\u0259n \u0259lbir olan bir qrup \u015f\u0259xs t\u0259r\u0259find\u0259n t\u00f6r\u0259dildikd\u0259) madd\u0259si il\u0259 ittiham olunurlar.<\/p>\n\n\n\n<pre class=\"wp-block-verse\"><strong>Daha \u0259trafl\u0131 <a href=\"http:\/\/\u201cSiz k\u00fc\u00e7\u0259y\u0259 \u00e7\u0131x\u0131b \u0130lham \u018fliyevin \u0259leyhin\u0259 n\u0259s\u0259 dey\u0259 bil\u0259rsinizmi?\u201d, - dey\u0259 Dud \u018fsg\u0259rovdan soru\u015fur. &quot;\u018fleyhin\u0131 deyil\u0259ms\u0259, m\u0259n bunu niy\u0259 etm\u0259liy\u0259m?&quot; \u2013 \u018fsg\u0259rov jurnalistin sual\u0131na sualla cavab verir v\u0259 \u0259lav\u0259 edir: \u201cS\u00f6z azadl\u0131\u011f\u0131n\u0131n m\u00f6vcud oldu\u011fu \u00f6lk\u0259d\u0259 hans\u0131 diktaturadan s\u00f6hb\u0259t ged\u0259 bil\u0259r?\u201d.\" target=\"_blank\" rel=\"noreferrer noopener\">Meydan TV-nin materiallar\u0131nda oxuyun<\/a> <\/strong><\/pre>\n\n\n\n<p><\/p>\n","protected":false},"excerpt":{"rendered":"<p>\u201cN\u0259? Harada? N\u0259 zaman?\u201d televiziya oyununun ke\u00e7mi\u015f i\u015ftirak\u00e7\u0131s\u0131n\u0131n fikrinc\u0259, \u00f6lk\u0259d\u0259 &#8230; <\/p>\n<p class=\"read-more-container\"><a title=\"R\u00f6v\u015f\u0259n \u018fsg\u0259rov Az\u0259rbaycan haqq\u0131nda n\u0259l\u0259ri bilmir?\" class=\"read-more button\" href=\"https:\/\/www.meydan.tv\/az\/article\/rovs%c9%99n-esg%c9%99rov-az%c9%99rbaycan-haqqinda-n%c9%99l%c9%99ri-bilmir\/#more-327678\" aria-label=\"Read more about R\u00f6v\u015f\u0259n \u018fsg\u0259rov Az\u0259rbaycan haqq\u0131nda n\u0259l\u0259ri bilmir?\">Davam\u0131<\/a><\/p>\n","protected":false},"author":16,"featured_media":327700,"comment_status":"closed","ping_status":"closed","sticky":false,"template":"","format":"standard","meta":{"_acf_changed":false,"_sitemap_exclude":false,"_sitemap_priority":"","_sitemap_frequency":"","footnotes":""},"categories":[59,62,79,56],"tags":[],"class_list":["post-327678","post","type-post","status-publish","format-standard","has-post-thumbnail","hentry","category-siyaset","category-sosial","category-featured","category-xeberler","infinite-scroll-item","generate-columns","tablet-grid-50","mobile-grid-100","grid-parent","grid-33","no-featured-image-padding"],"acf":[],"yoast_head":"<!-- This site is optimized with the Yoast SEO plugin v27.4 - https:\/\/yoast.com\/product\/yoast-seo-wordpress\/ -->\n<title>R\u00f6v\u015f\u0259n \u018fsg\u0259rov Az\u0259rbaycan haqq\u0131nda n\u0259l\u0259ri bilmir? - MEYDAN.TV<\/title>\n<meta name=\"robots\" content=\"index, follow, max-snippet:-1, max-image-preview:large, max-video-preview:-1\" \/>\n<link rel=\"canonical\" href=\"https:\/\/www.meydan.tv\/az\/article\/rovs%c9%99n-esg%c9%99rov-az%c9%99rbaycan-haqqinda-n%c9%99l%c9%99ri-bilmir\/\" \/>\n<meta property=\"og:locale\" content=\"az_AZ\" \/>\n<meta property=\"og:type\" content=\"article\" \/>\n<meta property=\"og:title\" content=\"R\u00f6v\u015f\u0259n \u018fsg\u0259rov Az\u0259rbaycan haqq\u0131nda n\u0259l\u0259ri bilmir? - MEYDAN.TV\" \/>\n<meta property=\"og:description\" content=\"\u201cN\u0259? Harada? N\u0259 zaman?\u201d televiziya oyununun ke\u00e7mi\u015f i\u015ftirak\u00e7\u0131s\u0131n\u0131n fikrinc\u0259, \u00f6lk\u0259d\u0259 ... Davam\u0131\" \/>\n<meta property=\"og:url\" content=\"https:\/\/www.meydan.tv\/az\/article\/rovs%c9%99n-esg%c9%99rov-az%c9%99rbaycan-haqqinda-n%c9%99l%c9%99ri-bilmir\/\" \/>\n<meta property=\"og:site_name\" content=\"MEYDAN.TV\" \/>\n<meta property=\"article:published_time\" content=\"2025-03-14T08:40:24+00:00\" \/>\n<meta property=\"article:modified_time\" content=\"2025-03-14T10:29:51+00:00\" \/>\n<meta property=\"og:image\" content=\"https:\/\/www.meydan.tv\/wp-content\/uploads\/4646.png\" \/>\n\t<meta property=\"og:image:width\" content=\"1179\" \/>\n\t<meta property=\"og:image:height\" content=\"576\" \/>\n\t<meta property=\"og:image:type\" content=\"image\/png\" \/>\n<meta name=\"author\" content=\"sevda\" \/>\n<meta name=\"twitter:card\" content=\"summary_large_image\" \/>\n<script type=\"application\/ld+json\" class=\"yoast-schema-graph\">{\"@context\":\"https:\\\/\\\/schema.org\",\"@graph\":[{\"@type\":\"Article\",\"@id\":\"https:\\\/\\\/www.meydan.tv\\\/az\\\/article\\\/rovs%c9%99n-esg%c9%99rov-az%c9%99rbaycan-haqqinda-n%c9%99l%c9%99ri-bilmir\\\/#article\",\"isPartOf\":{\"@id\":\"https:\\\/\\\/www.meydan.tv\\\/az\\\/article\\\/rovs%c9%99n-esg%c9%99rov-az%c9%99rbaycan-haqqinda-n%c9%99l%c9%99ri-bilmir\\\/\"},\"author\":{\"name\":\"sevda\",\"@id\":\"https:\\\/\\\/www.meydan.tv\\\/az\\\/#\\\/schema\\\/person\\\/49b5f2bad5b126bb8ea9320eeb3e4dc9\"},\"headline\":\"R\u00f6v\u015f\u0259n \u018fsg\u0259rov Az\u0259rbaycan haqq\u0131nda n\u0259l\u0259ri bilmir?\",\"datePublished\":\"2025-03-14T08:40:24+00:00\",\"dateModified\":\"2025-03-14T10:29:51+00:00\",\"mainEntityOfPage\":{\"@id\":\"https:\\\/\\\/www.meydan.tv\\\/az\\\/article\\\/rovs%c9%99n-esg%c9%99rov-az%c9%99rbaycan-haqqinda-n%c9%99l%c9%99ri-bilmir\\\/\"},\"wordCount\":1304,\"publisher\":{\"@id\":\"https:\\\/\\\/www.meydan.tv\\\/az\\\/#organization\"},\"image\":{\"@id\":\"https:\\\/\\\/www.meydan.tv\\\/az\\\/article\\\/rovs%c9%99n-esg%c9%99rov-az%c9%99rbaycan-haqqinda-n%c9%99l%c9%99ri-bilmir\\\/#primaryimage\"},\"thumbnailUrl\":\"https:\\\/\\\/www.meydan.tv\\\/wp-content\\\/uploads\\\/4646.png\",\"articleSection\":[\"Siyas\u0259t\",\"Sosial\",\"T\u00f6vsiy\u0259\",\"X\u0259b\u0259rl\u0259r\"],\"inLanguage\":\"az\"},{\"@type\":\"WebPage\",\"@id\":\"https:\\\/\\\/www.meydan.tv\\\/az\\\/article\\\/rovs%c9%99n-esg%c9%99rov-az%c9%99rbaycan-haqqinda-n%c9%99l%c9%99ri-bilmir\\\/\",\"url\":\"https:\\\/\\\/www.meydan.tv\\\/az\\\/article\\\/rovs%c9%99n-esg%c9%99rov-az%c9%99rbaycan-haqqinda-n%c9%99l%c9%99ri-bilmir\\\/\",\"name\":\"R\u00f6v\u015f\u0259n \u018fsg\u0259rov Az\u0259rbaycan haqq\u0131nda n\u0259l\u0259ri bilmir? - MEYDAN.TV\",\"isPartOf\":{\"@id\":\"https:\\\/\\\/www.meydan.tv\\\/az\\\/#website\"},\"primaryImageOfPage\":{\"@id\":\"https:\\\/\\\/www.meydan.tv\\\/az\\\/article\\\/rovs%c9%99n-esg%c9%99rov-az%c9%99rbaycan-haqqinda-n%c9%99l%c9%99ri-bilmir\\\/#primaryimage\"},\"image\":{\"@id\":\"https:\\\/\\\/www.meydan.tv\\\/az\\\/article\\\/rovs%c9%99n-esg%c9%99rov-az%c9%99rbaycan-haqqinda-n%c9%99l%c9%99ri-bilmir\\\/#primaryimage\"},\"thumbnailUrl\":\"https:\\\/\\\/www.meydan.tv\\\/wp-content\\\/uploads\\\/4646.png\",\"datePublished\":\"2025-03-14T08:40:24+00:00\",\"dateModified\":\"2025-03-14T10:29:51+00:00\",\"breadcrumb\":{\"@id\":\"https:\\\/\\\/www.meydan.tv\\\/az\\\/article\\\/rovs%c9%99n-esg%c9%99rov-az%c9%99rbaycan-haqqinda-n%c9%99l%c9%99ri-bilmir\\\/#breadcrumb\"},\"inLanguage\":\"az\",\"potentialAction\":[{\"@type\":\"ReadAction\",\"target\":[\"https:\\\/\\\/www.meydan.tv\\\/az\\\/article\\\/rovs%c9%99n-esg%c9%99rov-az%c9%99rbaycan-haqqinda-n%c9%99l%c9%99ri-bilmir\\\/\"]}]},{\"@type\":\"ImageObject\",\"inLanguage\":\"az\",\"@id\":\"https:\\\/\\\/www.meydan.tv\\\/az\\\/article\\\/rovs%c9%99n-esg%c9%99rov-az%c9%99rbaycan-haqqinda-n%c9%99l%c9%99ri-bilmir\\\/#primaryimage\",\"url\":\"https:\\\/\\\/www.meydan.tv\\\/wp-content\\\/uploads\\\/4646.png\",\"contentUrl\":\"https:\\\/\\\/www.meydan.tv\\\/wp-content\\\/uploads\\\/4646.png\",\"width\":1179,\"height\":576,\"caption\":\"R\u00f6v\u015f\u0259n \u018fsg\u0259rov. \\\"Vdud\\\" verili\u015find\u0259n screenshot\"},{\"@type\":\"BreadcrumbList\",\"@id\":\"https:\\\/\\\/www.meydan.tv\\\/az\\\/article\\\/rovs%c9%99n-esg%c9%99rov-az%c9%99rbaycan-haqqinda-n%c9%99l%c9%99ri-bilmir\\\/#breadcrumb\",\"itemListElement\":[{\"@type\":\"ListItem\",\"position\":1,\"name\":\"Ana s\u0259hif\u0259\",\"item\":\"https:\\\/\\\/www.meydan.tv\\\/az\\\/\"},{\"@type\":\"ListItem\",\"position\":2,\"name\":\"X\u0259b\u0259rl\u0259r\",\"item\":\"https:\\\/\\\/www.meydan.tv\\\/az\\\/section\\\/xeberler\\\/\"},{\"@type\":\"ListItem\",\"position\":3,\"name\":\"R\u00f6v\u015f\u0259n \u018fsg\u0259rov Az\u0259rbaycan haqq\u0131nda n\u0259l\u0259ri bilmir?\"}]},{\"@type\":\"WebSite\",\"@id\":\"https:\\\/\\\/www.meydan.tv\\\/az\\\/#website\",\"url\":\"https:\\\/\\\/www.meydan.tv\\\/az\\\/\",\"name\":\"MEYDAN.TV\",\"description\":\"Meydan TV Az\u0259rbaycan\u0131n media m\u0259kan\u0131ndak\u0131 alternativ s\u0259sidir\",\"publisher\":{\"@id\":\"https:\\\/\\\/www.meydan.tv\\\/az\\\/#organization\"},\"potentialAction\":[{\"@type\":\"SearchAction\",\"target\":{\"@type\":\"EntryPoint\",\"urlTemplate\":\"https:\\\/\\\/www.meydan.tv\\\/az\\\/?s={search_term_string}\"},\"query-input\":{\"@type\":\"PropertyValueSpecification\",\"valueRequired\":true,\"valueName\":\"search_term_string\"}}],\"inLanguage\":\"az\"},{\"@type\":\"Organization\",\"@id\":\"https:\\\/\\\/www.meydan.tv\\\/az\\\/#organization\",\"name\":\"Meydan TV\",\"url\":\"https:\\\/\\\/www.meydan.tv\\\/az\\\/\",\"logo\":{\"@type\":\"ImageObject\",\"inLanguage\":\"az\",\"@id\":\"https:\\\/\\\/www.meydan.tv\\\/az\\\/#\\\/schema\\\/logo\\\/image\\\/\",\"url\":\"https:\\\/\\\/www.meydan.tv\\\/wp-content\\\/uploads\\\/2021\\\/07\\\/meydan-logo.svg\",\"contentUrl\":\"https:\\\/\\\/www.meydan.tv\\\/wp-content\\\/uploads\\\/2021\\\/07\\\/meydan-logo.svg\",\"width\":195,\"height\":46,\"caption\":\"Meydan TV\"},\"image\":{\"@id\":\"https:\\\/\\\/www.meydan.tv\\\/az\\\/#\\\/schema\\\/logo\\\/image\\\/\"}},{\"@type\":\"Person\",\"@id\":\"https:\\\/\\\/www.meydan.tv\\\/az\\\/#\\\/schema\\\/person\\\/49b5f2bad5b126bb8ea9320eeb3e4dc9\",\"name\":\"sevda\"}]}<\/script>\n<!-- \/ Yoast SEO plugin. -->","yoast_head_json":{"title":"R\u00f6v\u015f\u0259n \u018fsg\u0259rov Az\u0259rbaycan haqq\u0131nda n\u0259l\u0259ri bilmir? - MEYDAN.TV","robots":{"index":"index","follow":"follow","max-snippet":"max-snippet:-1","max-image-preview":"max-image-preview:large","max-video-preview":"max-video-preview:-1"},"canonical":"https:\/\/www.meydan.tv\/az\/article\/rovs%c9%99n-esg%c9%99rov-az%c9%99rbaycan-haqqinda-n%c9%99l%c9%99ri-bilmir\/","og_locale":"az_AZ","og_type":"article","og_title":"R\u00f6v\u015f\u0259n \u018fsg\u0259rov Az\u0259rbaycan haqq\u0131nda n\u0259l\u0259ri bilmir? - MEYDAN.TV","og_description":"\u201cN\u0259? Harada? N\u0259 zaman?\u201d televiziya oyununun ke\u00e7mi\u015f i\u015ftirak\u00e7\u0131s\u0131n\u0131n fikrinc\u0259, \u00f6lk\u0259d\u0259 ... Davam\u0131","og_url":"https:\/\/www.meydan.tv\/az\/article\/rovs%c9%99n-esg%c9%99rov-az%c9%99rbaycan-haqqinda-n%c9%99l%c9%99ri-bilmir\/","og_site_name":"MEYDAN.TV","article_published_time":"2025-03-14T08:40:24+00:00","article_modified_time":"2025-03-14T10:29:51+00:00","og_image":[{"width":1179,"height":576,"url":"https:\/\/www.meydan.tv\/wp-content\/uploads\/4646.png","type":"image\/png"}],"author":"sevda","twitter_card":"summary_large_image","schema":{"@context":"https:\/\/schema.org","@graph":[{"@type":"Article","@id":"https:\/\/www.meydan.tv\/az\/article\/rovs%c9%99n-esg%c9%99rov-az%c9%99rbaycan-haqqinda-n%c9%99l%c9%99ri-bilmir\/#article","isPartOf":{"@id":"https:\/\/www.meydan.tv\/az\/article\/rovs%c9%99n-esg%c9%99rov-az%c9%99rbaycan-haqqinda-n%c9%99l%c9%99ri-bilmir\/"},"author":{"name":"sevda","@id":"https:\/\/www.meydan.tv\/az\/#\/schema\/person\/49b5f2bad5b126bb8ea9320eeb3e4dc9"},"headline":"R\u00f6v\u015f\u0259n \u018fsg\u0259rov Az\u0259rbaycan haqq\u0131nda n\u0259l\u0259ri bilmir?","datePublished":"2025-03-14T08:40:24+00:00","dateModified":"2025-03-14T10:29:51+00:00","mainEntityOfPage":{"@id":"https:\/\/www.meydan.tv\/az\/article\/rovs%c9%99n-esg%c9%99rov-az%c9%99rbaycan-haqqinda-n%c9%99l%c9%99ri-bilmir\/"},"wordCount":1304,"publisher":{"@id":"https:\/\/www.meydan.tv\/az\/#organization"},"image":{"@id":"https:\/\/www.meydan.tv\/az\/article\/rovs%c9%99n-esg%c9%99rov-az%c9%99rbaycan-haqqinda-n%c9%99l%c9%99ri-bilmir\/#primaryimage"},"thumbnailUrl":"https:\/\/www.meydan.tv\/wp-content\/uploads\/4646.png","articleSection":["Siyas\u0259t","Sosial","T\u00f6vsiy\u0259","X\u0259b\u0259rl\u0259r"],"inLanguage":"az"},{"@type":"WebPage","@id":"https:\/\/www.meydan.tv\/az\/article\/rovs%c9%99n-esg%c9%99rov-az%c9%99rbaycan-haqqinda-n%c9%99l%c9%99ri-bilmir\/","url":"https:\/\/www.meydan.tv\/az\/article\/rovs%c9%99n-esg%c9%99rov-az%c9%99rbaycan-haqqinda-n%c9%99l%c9%99ri-bilmir\/","name":"R\u00f6v\u015f\u0259n \u018fsg\u0259rov Az\u0259rbaycan haqq\u0131nda n\u0259l\u0259ri bilmir? - MEYDAN.TV","isPartOf":{"@id":"https:\/\/www.meydan.tv\/az\/#website"},"primaryImageOfPage":{"@id":"https:\/\/www.meydan.tv\/az\/article\/rovs%c9%99n-esg%c9%99rov-az%c9%99rbaycan-haqqinda-n%c9%99l%c9%99ri-bilmir\/#primaryimage"},"image":{"@id":"https:\/\/www.meydan.tv\/az\/article\/rovs%c9%99n-esg%c9%99rov-az%c9%99rbaycan-haqqinda-n%c9%99l%c9%99ri-bilmir\/#primaryimage"},"thumbnailUrl":"https:\/\/www.meydan.tv\/wp-content\/uploads\/4646.png","datePublished":"2025-03-14T08:40:24+00:00","dateModified":"2025-03-14T10:29:51+00:00","breadcrumb":{"@id":"https:\/\/www.meydan.tv\/az\/article\/rovs%c9%99n-esg%c9%99rov-az%c9%99rbaycan-haqqinda-n%c9%99l%c9%99ri-bilmir\/#breadcrumb"},"inLanguage":"az","potentialAction":[{"@type":"ReadAction","target":["https:\/\/www.meydan.tv\/az\/article\/rovs%c9%99n-esg%c9%99rov-az%c9%99rbaycan-haqqinda-n%c9%99l%c9%99ri-bilmir\/"]}]},{"@type":"ImageObject","inLanguage":"az","@id":"https:\/\/www.meydan.tv\/az\/article\/rovs%c9%99n-esg%c9%99rov-az%c9%99rbaycan-haqqinda-n%c9%99l%c9%99ri-bilmir\/#primaryimage","url":"https:\/\/www.meydan.tv\/wp-content\/uploads\/4646.png","contentUrl":"https:\/\/www.meydan.tv\/wp-content\/uploads\/4646.png","width":1179,"height":576,"caption":"R\u00f6v\u015f\u0259n \u018fsg\u0259rov. \"Vdud\" verili\u015find\u0259n screenshot"},{"@type":"BreadcrumbList","@id":"https:\/\/www.meydan.tv\/az\/article\/rovs%c9%99n-esg%c9%99rov-az%c9%99rbaycan-haqqinda-n%c9%99l%c9%99ri-bilmir\/#breadcrumb","itemListElement":[{"@type":"ListItem","position":1,"name":"Ana s\u0259hif\u0259","item":"https:\/\/www.meydan.tv\/az\/"},{"@type":"ListItem","position":2,"name":"X\u0259b\u0259rl\u0259r","item":"https:\/\/www.meydan.tv\/az\/section\/xeberler\/"},{"@type":"ListItem","position":3,"name":"R\u00f6v\u015f\u0259n \u018fsg\u0259rov Az\u0259rbaycan haqq\u0131nda n\u0259l\u0259ri bilmir?"}]},{"@type":"WebSite","@id":"https:\/\/www.meydan.tv\/az\/#website","url":"https:\/\/www.meydan.tv\/az\/","name":"MEYDAN.TV","description":"Meydan TV Az\u0259rbaycan\u0131n media m\u0259kan\u0131ndak\u0131 alternativ s\u0259sidir","publisher":{"@id":"https:\/\/www.meydan.tv\/az\/#organization"},"potentialAction":[{"@type":"SearchAction","target":{"@type":"EntryPoint","urlTemplate":"https:\/\/www.meydan.tv\/az\/?s={search_term_string}"},"query-input":{"@type":"PropertyValueSpecification","valueRequired":true,"valueName":"search_term_string"}}],"inLanguage":"az"},{"@type":"Organization","@id":"https:\/\/www.meydan.tv\/az\/#organization","name":"Meydan TV","url":"https:\/\/www.meydan.tv\/az\/","logo":{"@type":"ImageObject","inLanguage":"az","@id":"https:\/\/www.meydan.tv\/az\/#\/schema\/logo\/image\/","url":"https:\/\/www.meydan.tv\/wp-content\/uploads\/2021\/07\/meydan-logo.svg","contentUrl":"https:\/\/www.meydan.tv\/wp-content\/uploads\/2021\/07\/meydan-logo.svg","width":195,"height":46,"caption":"Meydan TV"},"image":{"@id":"https:\/\/www.meydan.tv\/az\/#\/schema\/logo\/image\/"}},{"@type":"Person","@id":"https:\/\/www.meydan.tv\/az\/#\/schema\/person\/49b5f2bad5b126bb8ea9320eeb3e4dc9","name":"sevda"}]}},"_links":{"self":[{"href":"https:\/\/www.meydan.tv\/az\/wp-json\/wp\/v2\/posts\/327678","targetHints":{"allow":["GET"]}}],"collection":[{"href":"https:\/\/www.meydan.tv\/az\/wp-json\/wp\/v2\/posts"}],"about":[{"href":"https:\/\/www.meydan.tv\/az\/wp-json\/wp\/v2\/types\/post"}],"author":[{"embeddable":true,"href":"https:\/\/www.meydan.tv\/az\/wp-json\/wp\/v2\/users\/16"}],"replies":[{"embeddable":true,"href":"https:\/\/www.meydan.tv\/az\/wp-json\/wp\/v2\/comments?post=327678"}],"version-history":[{"count":7,"href":"https:\/\/www.meydan.tv\/az\/wp-json\/wp\/v2\/posts\/327678\/revisions"}],"predecessor-version":[{"id":327693,"href":"https:\/\/www.meydan.tv\/az\/wp-json\/wp\/v2\/posts\/327678\/revisions\/327693"}],"wp:featuredmedia":[{"embeddable":true,"href":"https:\/\/www.meydan.tv\/az\/wp-json\/wp\/v2\/media\/327700"}],"wp:attachment":[{"href":"https:\/\/www.meydan.tv\/az\/wp-json\/wp\/v2\/media?parent=327678"}],"wp:term":[{"taxonomy":"category","embeddable":true,"href":"https:\/\/www.meydan.tv\/az\/wp-json\/wp\/v2\/categories?post=327678"},{"taxonomy":"post_tag","embeddable":true,"href":"https:\/\/www.meydan.tv\/az\/wp-json\/wp\/v2\/tags?post=327678"}],"curies":[{"name":"wp","href":"https:\/\/api.w.org\/{rel}","templated":true}]}}