{"id":327609,"date":"2025-03-12T15:48:41","date_gmt":"2025-03-12T11:48:41","guid":{"rendered":"https:\/\/www.meydan.tv\/?p=327609"},"modified":"2025-03-12T16:10:10","modified_gmt":"2025-03-12T12:10:10","slug":"tofiq-yaqublu-bu-hokmu-m%c9%99n%c9%99-ilham-eliyev-verib","status":"publish","type":"post","link":"https:\/\/www.meydan.tv\/az\/article\/tofiq-yaqublu-bu-hokmu-m%c9%99n%c9%99-ilham-eliyev-verib\/","title":{"rendered":"Tofiq Yaqublu: \u201cBu h\u00f6km\u00fc m\u0259n\u0259 \u0130lham \u018fliyev verib\u201d"},"content":{"rendered":"\n<p><\/p>\n\n\n\n<p><strong><em>O, Bak\u0131 A\u011f\u0131r Cinay\u0259tl\u0259r M\u0259hk\u0259m\u0259sinin bar\u0259sind\u0259 \u00e7\u0131xard\u0131\u011f\u0131 9 il h\u0259bs c\u0259zas\u0131na etiraz olaraq acl\u0131\u011fa ba\u015flay\u0131r<\/em><\/strong><\/p>\n\n\n\n<p>Milli \u015euran\u0131n Koordinasiya M\u0259rk\u0259zinin v\u0259 M\u00fcsavat Partiyas\u0131n\u0131n \u00fczv\u00fc Tofiq Yaqublu Bak\u0131 A\u011f\u0131r Cinay\u0259tl\u0259r M\u0259hk\u0259m\u0259sinin onun bar\u0259sind\u0259 \u00e7\u0131xard\u0131\u011f\u0131 9 il h\u0259bs c\u0259zas\u0131na etiraz olaraq acl\u0131\u011fa ba\u015flay\u0131r.<\/p>\n\n\n\n<p>Q\u0131z\u0131 Nigar H\u0259zi siyas\u0259t\u00e7inin bununla ba\u011fl\u0131 b\u0259yanat\u0131n\u0131 \u201cFacebook\u201d s\u0259hif\u0259sind\u0259 <a href=\"https:\/\/www.facebook.com\/story.php?story_fbid=1186872979469590&amp;id=100044406970470&amp;mibextid=wwXIfr&amp;rdid=iCmiFPt2GUejcUeN#\" target=\"_blank\" rel=\"noreferrer noopener\">payla\u015f\u0131b<\/a>.<\/p>\n\n\n\n<p><em>\u201cM\u0259n\u0259 qar\u015f\u0131 a\u00e7\u0131q-a\u015fkar cinay\u0259t t\u00f6r\u0259dilib. Saxta ittihamla \u0259sass\u0131z v\u0259 qanunsuz olaraq 1 il 3 ayd\u0131r ki, h\u0259bsd\u0259 saxlan\u0131ram. Bak\u0131 A\u011f\u0131r Cinay\u0259tl\u0259r M\u0259hk\u0259m\u0259sinin hakimi Elnur Nuruyev m\u0259nim bar\u0259md\u0259 Prezident Adminstrasiyas\u0131ndan g\u0259l\u0259n h\u00f6km\u00fc elan etdi. Bu h\u00f6km\u00fc m\u0259n\u0259 \u0130lham \u018fliyev verib. M\u0259ni d\u0259l\u0259duzluqda ittiham etm\u0259k t\u0259rbiy\u0259sizlik, l\u0259yaq\u0259tsizlik v\u0259 \u015f\u0259r\u0259fsizlikdir\u201d,<\/em> &#8211; Yaqublu deyib.<\/p>\n\n\n\n<p>Bildirir ki, acl\u0131q aksiyas\u0131na aprelin 1-d\u0259n ba\u015flayacaq. M\u0259hk\u0259m\u0259 q\u0259rar\u0131n\u0131 saxta hesab ed\u0259n siyas\u0259t\u00e7i azadl\u0131\u011fa burax\u0131lmayana q\u0259d\u0259r acl\u0131\u011f\u0131 davam etdir\u0259c\u0259yini bildirir:<\/p>\n\n\n\n<p><em>\u201cT\u0259l\u0259bim yerin\u0259 yetirilm\u0259y\u0259n\u0259d\u0259k acl\u0131q aksiyas\u0131n\u0131 dayand\u0131rmayaca\u011fam. H\u0259bsxanadan ancaq m\u0259nim \u00f6l\u00fcm \u00e7\u0131xacaq. \u00c7\u00fcnki bu acl\u0131q aksiyas\u0131nda sona q\u0259d\u0259r davam ed\u0259c\u0259y\u0259m. N\u0259 vaxt \u00f6l\u0259r\u0259m, onda da bu acl\u0131q aksiyas\u0131 bit\u0259r. Nec\u0259 ki, Maqnitski akt\u0131 var, el\u0259c\u0259 d\u0259 qoy Yaqublu akt\u0131 olsun. B\u0259lk\u0259 m\u0259nim \u00f6l\u00fcm\u00fcm bu \u00f6lk\u0259y\u0259 azadl\u0131q g\u0259tir\u0259r. H\u0259bsxanadan 75 ya\u015f\u0131nda \u00e7\u0131xmaqdansa, \u00f6l\u00fcm\u00fc se\u00e7ir\u0259m\u201d.<\/em><em><\/em><\/p>\n\n\n\n<p><strong>\u201cTofiq Yaqublunun h\u0259bsi topluma meydan oxumaqd\u0131r\u201d&#8230;<\/strong><\/p>\n\n\n\n<p>Bu arada \u00fczv\u00fc oldu\u011fu Demokratik Q\u00fcvv\u0259l\u0259rin Milli \u015euras\u0131 Tofiq Yaqublunun h\u0259bsi il\u0259 ba\u011fl\u0131 <a href=\"https:\/\/www.facebook.com\/story.php?story_fbid=1186872979469590&amp;id=100044406970470&amp;mibextid=wwXIfr&amp;rdid=iCmiFPt2GUejcUeN#\" target=\"_blank\" rel=\"noreferrer noopener\">b\u0259yanat<\/a> yay\u0131b.<\/p>\n\n\n\n<p><em>\u201cPrezident Administrasiyas\u0131n\u0131n, \u015f\u0259xs\u0259n \u0130lham \u018fliyevin sifari\u015fi \u0259sas\u0131nda Bak\u0131 A\u011f\u0131r Cinay\u0259tl\u0259r M\u0259hk\u0259m\u0259sind\u0259 s\u0259hn\u0259l\u0259\u015fdiril\u0259n n\u00f6vb\u0259ti bir siyasi-h\u00fcquqi fars \u00f6z g\u00f6zl\u0259nil\u0259n sonlu\u011funa \u00e7atd\u0131. \u00d6lk\u0259nin \u0259n prinsipial v\u0259 d\u00fcr\u00fcst m\u00fcxalif\u0259t\u00e7il\u0259rind\u0259n biri, d\u0259f\u0259l\u0259rl\u0259 vicdan m\u0259hbusu olmu\u015f Tofiq Yaqublu yenid\u0259n \u015f\u0259rl\u0259n\u0259r\u0259k 9 il m\u00fcdd\u0259tin\u0259 h\u0259bs edildi. Aylarla s\u00fcr\u0259n m\u0259hk\u0259m\u0259 istintaq\u0131 zaman\u0131 Tofiq Yaqublu v\u0259 v\u0259kill\u0259ri ona qar\u015f\u0131 ir\u0259li s\u00fcr\u00fclm\u00fc\u015f ittiham\u0131 darmada\u011f\u0131n etdil\u0259r. Proses m\u00fcdd\u0259tind\u0259 n\u0259inki Tofiq b\u0259yin he\u00e7 bir cinay\u0259t t\u00f6r\u0259tm\u0259diyi, \u0259ksin\u0259 h\u00fcquq-m\u00fchafiz\u0259 orqanlar\u0131 \u0259m\u0259kda\u015flar\u0131n\u0131n \u00f6nc\u0259d\u0259n m\u00fct\u0259\u015f\u0259kkil d\u0259st\u0259 yaradaraq ona qar\u015f\u0131 cinay\u0259t t\u00f6r\u0259tdiyi s\u00fcbuta yetirildi\u201d,<\/em> &#8211; b\u0259yanatda deyilir.<\/p>\n\n\n\n<p>Bildirilir ki, siyas\u0259t\u00e7inin h\u0259bsi \u201cAz\u0259rbaycan hakimiyy\u0259tinin Yaqublunun prinsipial, vicdanl\u0131 m\u00fcbariz\u0259sin\u0259 qar\u015f\u0131 qisas\u00e7\u0131l\u0131q v\u0259 \u015f\u0259xsi d\u00fc\u015fm\u0259n\u00e7iliyind\u0259n ir\u0259li g\u0259lir\u201d.<\/p>\n\n\n\n<p><em>\u201cTofiq Yaqublunun h\u0259bsi \u00f6lk\u0259d\u0259 siyasi m\u00fcst\u0259vinin tamam\u0259n s\u0131radan \u00e7\u0131xar\u0131lmas\u0131, s\u00f6z azadl\u0131\u011f\u0131n\u0131n m\u0259hv edilm\u0259si, s\u0259rb\u0259st topla\u015fma azadl\u0131\u011f\u0131n\u0131n qada\u011fan edilm\u0259si, azad s\u00f6z\u0259 v\u0259 siyasi f\u0259aliyy\u0259t\u0259 qar\u015f\u0131 q\u0259ddar v\u0259 sistematik basq\u0131lar fonunda ger\u00e7\u0259kl\u0259\u015fir. Haz\u0131rda Az\u0259rbaycan 350-d\u0259n \u00e7ox siyasi m\u0259hbusu il\u0259 b\u00fct\u00fcn Avropa m\u0259kan\u0131n\u0131n Belarusdan sonra ikinci repressiya \u00e7empoinudur. 38 n\u0259f\u0259r jurnalist, onlarla siyasi f\u0259al h\u0259bsd\u0259dir. \u201cAbzasMedia\u201d, \u201cToplum TV\u201d, \u201cMeydan TV\u201d kimi m\u00fcst\u0259qil media qurumlar\u0131n\u0131n kollektivi k\u00fctl\u0259vi \u015f\u0259kild\u0259 h\u0259bs\u0259 at\u0131l\u0131b. \u00d6lk\u0259d\u0259 \u00e7al\u0131\u015fan beyn\u0259lxalq media, h\u0259tta t\u0259r\u0259fsiz BMT qurumlar\u0131n\u0131n f\u0259aliyy\u0259tin\u0259 son verilir, son g\u00fcnl\u0259r AXCP f\u0259allar\u0131na qar\u015f\u0131 yeni repressiya dal\u011fas\u0131 v\u00fcs\u0259t al\u0131b\u201d.<\/em><\/p>\n\n\n\n<p>B\u0259yanatda qeyd olunur ki, \u201cTofiq Yaqublu kimi xalq t\u0259r\u0259find\u0259n sevil\u0259n vicdanl\u0131, \u0259qid\u0259li, c\u0259sur v\u0259 \u015f\u0259ffaf bir siyasi liderin \u0259n formal \u0259sas bel\u0259 olmadan saxta, uydurulmu\u015f, \u0259sass\u0131z b\u0259han\u0259l\u0259rl\u0259 siyasi motivli h\u0259bsi, \u0259slind\u0259, el\u0259 topluma meydan oxumaqd\u0131r\u201d.<\/p>\n\n\n\n<p><em>\u201cAz\u0259rbaycan xalq\u0131 onunla bel\u0259 saymazyana davranan, onun haqlar\u0131 \u00fc\u00e7\u00fcn sava\u015fan q\u0259hr\u0259man, c\u0259sur, f\u0259dakar insanlar\u0131 m\u0259n\u0259vi v\u0259 fiziki i\u015fg\u0259nc\u0259l\u0259r\u0259 m\u0259ruz qoyan, onlar\u0131n azadl\u0131\u011f\u0131na v\u0259 h\u0259yat\u0131na q\u0259sd ed\u0259n rejim\u0259 \u201cdur\u201d dem\u0259k \u00fc\u00e7\u00fcn \u00f6z\u00fcnd\u0259 g\u00fcc v\u0259 irad\u0259 tapmal\u0131d\u0131r. Milli \u015eura olaraq Tofiq Yabublunun qanunsuz, \u0259sass\u0131z, siyasi sifari\u015fli h\u0259bsini q\u0259tiyy\u0259tl\u0259 pisl\u0259yir, beyn\u0259lxalq t\u0259\u015fkilatlardan Az\u0259rbaycanda h\u0259yata ke\u00e7iril\u0259n a\u011f\u0131r repressiyalara, insan h\u00fcquqlar\u0131 v\u0259 demokratiyan\u0131n son i\u015fart\u0131lar\u0131n\u0131n da s\u00f6nd\u00fcr\u00fclm\u0259sin\u0259 bigan\u0259 qalmama\u011f\u0131, bu y\u00f6nd\u0259 t\u0259sirli \u0259m\u0259li add\u0131mlar atma\u011f\u0131 t\u0259l\u0259b edirik\u201d,<\/em> &#8211; Milli \u015euran\u0131n b\u0259yanat\u0131nda bildirilib.<\/p>\n\n\n\n<p>Tofiq Yaqublu 2023-c\u00fc il dekabr\u0131n 14-d\u0259 h\u0259bs edilib. Ona qar\u015f\u0131 Cinay\u0259t M\u0259c\u0259ll\u0259sinin 178.3.2-ci (D\u0259l\u0259duzluq \u2013 k\u00fclli miqdarda ziyan vurmaqla t\u00f6r\u0259dildikd\u0259), 320-ci (R\u0259smi s\u0259n\u0259dl\u0259ri, d\u00f6vl\u0259t t\u0259ltifl\u0259rini, m\u00f6h\u00fcrl\u0259ri, \u015ftamplar\u0131, blanklar\u0131 saxtala\u015fd\u0131rma, qanunsuz haz\u0131rlama, satma v\u0259 ya saxta s\u0259n\u0259dl\u0259rd\u0259n istifad\u0259 etm\u0259), 320.1-ci (H\u00fcquq ver\u0259n v\u0259 ya v\u0259zif\u0259d\u0259n azad ed\u0259n v\u0259siq\u0259ni v\u0259 ya dig\u0259r r\u0259smi s\u0259n\u0259di istifad\u0259 etm\u0259k m\u0259qs\u0259di il\u0259 saxtala\u015fd\u0131rma v\u0259 ya qanunsuz haz\u0131rlama, yaxud bu c\u00fcr s\u0259n\u0259di satma, habel\u0259 eyni m\u0259qs\u0259dl\u0259 Az\u0259rbaycan Respublikas\u0131n\u0131n saxta d\u00f6vl\u0259t t\u0259ltifini, \u015ftamp\u0131, m\u00f6h\u00fcr\u00fc, blank\u0131 haz\u0131rlama v\u0259 ya satma) v\u0259 320.2-ci (Bu M\u0259c\u0259ll\u0259nin 320.1-ci madd\u0259sind\u0259 g\u00f6st\u0259rilmi\u015f bil\u0259-bil\u0259 saxta s\u0259n\u0259dl\u0259rd\u0259n istifad\u0259 etm\u0259) madd\u0259l\u0259ri il\u0259 ittiham ir\u0259li s\u00fcr\u00fcl\u00fcb.<\/p>\n\n\n\n<p>\u0130ttihama g\u00f6r\u0259, El\u015f\u0259n H\u00fcseynov adl\u0131 \u015f\u0259xsin Almaniyaya gedib, orada v\u0259t\u0259nda\u015fl\u0131q almas\u0131 \u00fc\u00e7\u00fcn Elnur M\u0259mm\u0259dov vasit\u0259sil\u0259 Tofiq Yaqubluya 25 min avro v\u0259 10 min manat pul verilib.<\/p>\n\n\n\n<p>Tofiq Yaqublu is\u0259 bu ittiham\u0131n saxta oldu\u011funu he\u00e7 kimd\u0259n bir manat da pul almad\u0131\u011f\u0131n\u0131 bildirir.<\/p>\n\n\n\n<p>Siyas\u0259t\u00e7i El\u015f\u0259n H\u00fcseynov v\u0259 ya Elnur M\u0259mm\u0259dovla bu haqda bel\u0259 bir s\u00f6hb\u0259tinin olmad\u0131\u011f\u0131n\u0131 deyir.<\/p>\n\n\n\n<p>Onlar\u0131n t\u0259xribat m\u0259qs\u0259dil\u0259 bu i\u015f\u0259 c\u0259lb edildiyini bildirir.<\/p>\n\n\n\n<p>Tofiq Yaqublu siyasi f\u0259aliyy\u0259ti d\u00f6vr\u00fcnd\u0259 bir ne\u00e7\u0259 d\u0259f\u0259 inzibati v\u0259 uzunm\u00fcdd\u0259tli h\u0259bsd\u0259 olub.<\/p>\n\n\n\n<p>O, 2013-c\u00fc ild\u0259 \u0130smay\u0131ll\u0131da etirazlar\u0131n t\u0259\u015fkilind\u0259 ittiham olunaraq h\u0259bs edilib. 5 il azadl\u0131qdan m\u0259hrum edil\u0259n siyas\u0259t\u00e7i 2017-ci ild\u0259 \u0259fv s\u0259r\u0259ncam\u0131yla azadl\u0131\u011fa burax\u0131l\u0131b. O, daha sonra 2020-ci il mart\u0131n 22-d\u0259 xuliqanl\u0131q ittiham\u0131yla h\u0259bs olunub. \u0130ddia olunurdu ki, o, \u201c8-ci kilometr bazar\u0131\u201dn\u0131n yan\u0131nda avtomobil q\u0259zas\u0131 t\u00f6r\u0259dib, daha sonra dig\u0259r avtomobilin s\u00fcr\u00fcc\u00fcs\u00fcn\u00fc v\u0259 onun h\u0259yat yolda\u015f\u0131n\u0131 t\u0259hqir edib, onlara x\u0259sar\u0259t yetirib. Bu d\u0259f\u0259 Nizami rayon M\u0259hk\u0259m\u0259sinin h\u00f6km\u00fcyl\u0259 4 il 3 ay azadl\u0131qdan m\u0259hrum edilib.<\/p>\n\n\n\n<p>H\u00f6kmd\u0259n d\u0259rhal sonra \u2013 2 sentyabr 2020-ci ild\u0259 m\u0259hk\u0259m\u0259 \u0259dal\u0259tsizliyin\u0259 etiraz olaraq acl\u0131\u011fa ba\u015flad\u0131\u011f\u0131n\u0131 b\u0259yan ed\u0259n Tofiq Yaqublu bu aksiyan\u0131 17 g\u00fcn davam etdirib. Onun v\u0259ziyy\u0259ti pisl\u0259\u015fdiyin\u0259 g\u00f6r\u0259 istintaq t\u0259cridxanas\u0131ndan klinikaya k\u00f6\u00e7\u00fcr\u00fcl\u00fcb. Sentyabr\u0131n 18-d\u0259 Bak\u0131 Apelyasiya M\u0259hk\u0259m\u0259sinin q\u0259rar\u0131yla o, ev dustaql\u0131\u011f\u0131na burax\u0131l\u0131b. 2021-ci il iyulun 15-d\u0259 Bak\u0131 Apelyasiya M\u0259hk\u0259m\u0259si 4 il 3 ayl\u0131q h\u0259bs h\u00f6km\u00fcn\u00fc \u015f\u0259rti c\u0259za il\u0259 \u0259v\u0259zl\u0259yib.<\/p>\n\n\n\n<p>2025-ci il mart\u0131n 10-da Bak\u0131 A\u011f\u0131r Cinay\u0259tl\u0259r M\u0259hk\u0259m\u0259sin Tofiq Yaqublunu 9 il azadl\u0131qdan m\u0259hrum edib.<\/p>\n","protected":false},"excerpt":{"rendered":"<p>O, Bak\u0131 A\u011f\u0131r Cinay\u0259tl\u0259r M\u0259hk\u0259m\u0259sinin bar\u0259sind\u0259 \u00e7\u0131xard\u0131\u011f\u0131 9 il h\u0259bs &#8230; <\/p>\n<p class=\"read-more-container\"><a title=\"Tofiq Yaqublu: \u201cBu h\u00f6km\u00fc m\u0259n\u0259 \u0130lham \u018fliyev verib\u201d\" class=\"read-more button\" href=\"https:\/\/www.meydan.tv\/az\/article\/tofiq-yaqublu-bu-hokmu-m%c9%99n%c9%99-ilham-eliyev-verib\/#more-327609\" aria-label=\"Read more about Tofiq Yaqublu: \u201cBu h\u00f6km\u00fc m\u0259n\u0259 \u0130lham \u018fliyev verib\u201d\">Davam\u0131<\/a><\/p>\n","protected":false},"author":21,"featured_media":327588,"comment_status":"closed","ping_status":"closed","sticky":false,"template":"","format":"standard","meta":{"_acf_changed":false,"_sitemap_exclude":false,"_sitemap_priority":"","_sitemap_frequency":"","footnotes":""},"categories":[59,79,56],"tags":[],"class_list":["post-327609","post","type-post","status-publish","format-standard","has-post-thumbnail","hentry","category-siyaset","category-featured","category-xeberler","infinite-scroll-item","generate-columns","tablet-grid-50","mobile-grid-100","grid-parent","grid-33","no-featured-image-padding"],"acf":[],"yoast_head":"<!-- This site is optimized with the Yoast SEO plugin v27.5 - https:\/\/yoast.com\/product\/yoast-seo-wordpress\/ -->\n<title>Tofiq Yaqublu: \u201cBu h\u00f6km\u00fc m\u0259n\u0259 \u0130lham \u018fliyev verib\u201d - MEYDAN.TV<\/title>\n<meta name=\"robots\" content=\"index, follow, max-snippet:-1, max-image-preview:large, max-video-preview:-1\" \/>\n<link rel=\"canonical\" href=\"https:\/\/www.meydan.tv\/az\/article\/tofiq-yaqublu-bu-hokmu-m%c9%99n%c9%99-ilham-eliyev-verib\/\" \/>\n<meta property=\"og:locale\" content=\"az_AZ\" \/>\n<meta property=\"og:type\" content=\"article\" \/>\n<meta property=\"og:title\" content=\"Tofiq Yaqublu: \u201cBu h\u00f6km\u00fc m\u0259n\u0259 \u0130lham \u018fliyev verib\u201d - MEYDAN.TV\" \/>\n<meta property=\"og:description\" content=\"O, Bak\u0131 A\u011f\u0131r Cinay\u0259tl\u0259r M\u0259hk\u0259m\u0259sinin bar\u0259sind\u0259 \u00e7\u0131xard\u0131\u011f\u0131 9 il h\u0259bs ... Davam\u0131\" \/>\n<meta property=\"og:url\" content=\"https:\/\/www.meydan.tv\/az\/article\/tofiq-yaqublu-bu-hokmu-m%c9%99n%c9%99-ilham-eliyev-verib\/\" \/>\n<meta property=\"og:site_name\" content=\"MEYDAN.TV\" \/>\n<meta property=\"article:published_time\" content=\"2025-03-12T11:48:41+00:00\" \/>\n<meta property=\"article:modified_time\" content=\"2025-03-12T12:10:10+00:00\" \/>\n<meta property=\"og:image\" content=\"https:\/\/www.meydan.tv\/wp-content\/uploads\/img_9510-e1674401110384-1.jpg\" \/>\n\t<meta property=\"og:image:width\" content=\"1200\" \/>\n\t<meta property=\"og:image:height\" content=\"564\" \/>\n\t<meta property=\"og:image:type\" content=\"image\/jpeg\" \/>\n<meta name=\"author\" content=\"mahmud\" \/>\n<meta name=\"twitter:card\" content=\"summary_large_image\" \/>\n<script type=\"application\/ld+json\" class=\"yoast-schema-graph\">{\"@context\":\"https:\\\/\\\/schema.org\",\"@graph\":[{\"@type\":\"Article\",\"@id\":\"https:\\\/\\\/www.meydan.tv\\\/az\\\/article\\\/tofiq-yaqublu-bu-hokmu-m%c9%99n%c9%99-ilham-eliyev-verib\\\/#article\",\"isPartOf\":{\"@id\":\"https:\\\/\\\/www.meydan.tv\\\/az\\\/article\\\/tofiq-yaqublu-bu-hokmu-m%c9%99n%c9%99-ilham-eliyev-verib\\\/\"},\"author\":{\"name\":\"mahmud\",\"@id\":\"https:\\\/\\\/www.meydan.tv\\\/az\\\/#\\\/schema\\\/person\\\/09863e516102a829e72bedcf3f84c6b0\"},\"headline\":\"Tofiq Yaqublu: \u201cBu h\u00f6km\u00fc m\u0259n\u0259 \u0130lham \u018fliyev verib\u201d\",\"datePublished\":\"2025-03-12T11:48:41+00:00\",\"dateModified\":\"2025-03-12T12:10:10+00:00\",\"mainEntityOfPage\":{\"@id\":\"https:\\\/\\\/www.meydan.tv\\\/az\\\/article\\\/tofiq-yaqublu-bu-hokmu-m%c9%99n%c9%99-ilham-eliyev-verib\\\/\"},\"wordCount\":1375,\"publisher\":{\"@id\":\"https:\\\/\\\/www.meydan.tv\\\/az\\\/#organization\"},\"image\":{\"@id\":\"https:\\\/\\\/www.meydan.tv\\\/az\\\/article\\\/tofiq-yaqublu-bu-hokmu-m%c9%99n%c9%99-ilham-eliyev-verib\\\/#primaryimage\"},\"thumbnailUrl\":\"https:\\\/\\\/www.meydan.tv\\\/wp-content\\\/uploads\\\/img_9510-e1674401110384-1.jpg\",\"articleSection\":[\"Siyas\u0259t\",\"T\u00f6vsiy\u0259\",\"X\u0259b\u0259rl\u0259r\"],\"inLanguage\":\"az\"},{\"@type\":\"WebPage\",\"@id\":\"https:\\\/\\\/www.meydan.tv\\\/az\\\/article\\\/tofiq-yaqublu-bu-hokmu-m%c9%99n%c9%99-ilham-eliyev-verib\\\/\",\"url\":\"https:\\\/\\\/www.meydan.tv\\\/az\\\/article\\\/tofiq-yaqublu-bu-hokmu-m%c9%99n%c9%99-ilham-eliyev-verib\\\/\",\"name\":\"Tofiq Yaqublu: \u201cBu h\u00f6km\u00fc m\u0259n\u0259 \u0130lham \u018fliyev verib\u201d - MEYDAN.TV\",\"isPartOf\":{\"@id\":\"https:\\\/\\\/www.meydan.tv\\\/az\\\/#website\"},\"primaryImageOfPage\":{\"@id\":\"https:\\\/\\\/www.meydan.tv\\\/az\\\/article\\\/tofiq-yaqublu-bu-hokmu-m%c9%99n%c9%99-ilham-eliyev-verib\\\/#primaryimage\"},\"image\":{\"@id\":\"https:\\\/\\\/www.meydan.tv\\\/az\\\/article\\\/tofiq-yaqublu-bu-hokmu-m%c9%99n%c9%99-ilham-eliyev-verib\\\/#primaryimage\"},\"thumbnailUrl\":\"https:\\\/\\\/www.meydan.tv\\\/wp-content\\\/uploads\\\/img_9510-e1674401110384-1.jpg\",\"datePublished\":\"2025-03-12T11:48:41+00:00\",\"dateModified\":\"2025-03-12T12:10:10+00:00\",\"breadcrumb\":{\"@id\":\"https:\\\/\\\/www.meydan.tv\\\/az\\\/article\\\/tofiq-yaqublu-bu-hokmu-m%c9%99n%c9%99-ilham-eliyev-verib\\\/#breadcrumb\"},\"inLanguage\":\"az\",\"potentialAction\":[{\"@type\":\"ReadAction\",\"target\":[\"https:\\\/\\\/www.meydan.tv\\\/az\\\/article\\\/tofiq-yaqublu-bu-hokmu-m%c9%99n%c9%99-ilham-eliyev-verib\\\/\"]}]},{\"@type\":\"ImageObject\",\"inLanguage\":\"az\",\"@id\":\"https:\\\/\\\/www.meydan.tv\\\/az\\\/article\\\/tofiq-yaqublu-bu-hokmu-m%c9%99n%c9%99-ilham-eliyev-verib\\\/#primaryimage\",\"url\":\"https:\\\/\\\/www.meydan.tv\\\/wp-content\\\/uploads\\\/img_9510-e1674401110384-1.jpg\",\"contentUrl\":\"https:\\\/\\\/www.meydan.tv\\\/wp-content\\\/uploads\\\/img_9510-e1674401110384-1.jpg\",\"width\":1200,\"height\":564,\"caption\":\"Tofig Yaguplu, Illustration: Meydan TV\"},{\"@type\":\"BreadcrumbList\",\"@id\":\"https:\\\/\\\/www.meydan.tv\\\/az\\\/article\\\/tofiq-yaqublu-bu-hokmu-m%c9%99n%c9%99-ilham-eliyev-verib\\\/#breadcrumb\",\"itemListElement\":[{\"@type\":\"ListItem\",\"position\":1,\"name\":\"Ana s\u0259hif\u0259\",\"item\":\"https:\\\/\\\/www.meydan.tv\\\/az\\\/\"},{\"@type\":\"ListItem\",\"position\":2,\"name\":\"Siyas\u0259t\",\"item\":\"https:\\\/\\\/www.meydan.tv\\\/az\\\/section\\\/siyaset\\\/\"},{\"@type\":\"ListItem\",\"position\":3,\"name\":\"Tofiq Yaqublu: \u201cBu h\u00f6km\u00fc m\u0259n\u0259 \u0130lham \u018fliyev verib\u201d\"}]},{\"@type\":\"WebSite\",\"@id\":\"https:\\\/\\\/www.meydan.tv\\\/az\\\/#website\",\"url\":\"https:\\\/\\\/www.meydan.tv\\\/az\\\/\",\"name\":\"MEYDAN.TV\",\"description\":\"Meydan TV Az\u0259rbaycan\u0131n media m\u0259kan\u0131ndak\u0131 alternativ s\u0259sidir\",\"publisher\":{\"@id\":\"https:\\\/\\\/www.meydan.tv\\\/az\\\/#organization\"},\"potentialAction\":[{\"@type\":\"SearchAction\",\"target\":{\"@type\":\"EntryPoint\",\"urlTemplate\":\"https:\\\/\\\/www.meydan.tv\\\/az\\\/?s={search_term_string}\"},\"query-input\":{\"@type\":\"PropertyValueSpecification\",\"valueRequired\":true,\"valueName\":\"search_term_string\"}}],\"inLanguage\":\"az\"},{\"@type\":\"Organization\",\"@id\":\"https:\\\/\\\/www.meydan.tv\\\/az\\\/#organization\",\"name\":\"Meydan TV\",\"url\":\"https:\\\/\\\/www.meydan.tv\\\/az\\\/\",\"logo\":{\"@type\":\"ImageObject\",\"inLanguage\":\"az\",\"@id\":\"https:\\\/\\\/www.meydan.tv\\\/az\\\/#\\\/schema\\\/logo\\\/image\\\/\",\"url\":\"https:\\\/\\\/www.meydan.tv\\\/wp-content\\\/uploads\\\/2021\\\/07\\\/meydan-logo.svg\",\"contentUrl\":\"https:\\\/\\\/www.meydan.tv\\\/wp-content\\\/uploads\\\/2021\\\/07\\\/meydan-logo.svg\",\"width\":195,\"height\":46,\"caption\":\"Meydan TV\"},\"image\":{\"@id\":\"https:\\\/\\\/www.meydan.tv\\\/az\\\/#\\\/schema\\\/logo\\\/image\\\/\"}},{\"@type\":\"Person\",\"@id\":\"https:\\\/\\\/www.meydan.tv\\\/az\\\/#\\\/schema\\\/person\\\/09863e516102a829e72bedcf3f84c6b0\",\"name\":\"mahmud\"}]}<\/script>\n<!-- \/ Yoast SEO plugin. -->","yoast_head_json":{"title":"Tofiq Yaqublu: \u201cBu h\u00f6km\u00fc m\u0259n\u0259 \u0130lham \u018fliyev verib\u201d - MEYDAN.TV","robots":{"index":"index","follow":"follow","max-snippet":"max-snippet:-1","max-image-preview":"max-image-preview:large","max-video-preview":"max-video-preview:-1"},"canonical":"https:\/\/www.meydan.tv\/az\/article\/tofiq-yaqublu-bu-hokmu-m%c9%99n%c9%99-ilham-eliyev-verib\/","og_locale":"az_AZ","og_type":"article","og_title":"Tofiq Yaqublu: \u201cBu h\u00f6km\u00fc m\u0259n\u0259 \u0130lham \u018fliyev verib\u201d - MEYDAN.TV","og_description":"O, Bak\u0131 A\u011f\u0131r Cinay\u0259tl\u0259r M\u0259hk\u0259m\u0259sinin bar\u0259sind\u0259 \u00e7\u0131xard\u0131\u011f\u0131 9 il h\u0259bs ... Davam\u0131","og_url":"https:\/\/www.meydan.tv\/az\/article\/tofiq-yaqublu-bu-hokmu-m%c9%99n%c9%99-ilham-eliyev-verib\/","og_site_name":"MEYDAN.TV","article_published_time":"2025-03-12T11:48:41+00:00","article_modified_time":"2025-03-12T12:10:10+00:00","og_image":[{"width":1200,"height":564,"url":"https:\/\/www.meydan.tv\/wp-content\/uploads\/img_9510-e1674401110384-1.jpg","type":"image\/jpeg"}],"author":"mahmud","twitter_card":"summary_large_image","schema":{"@context":"https:\/\/schema.org","@graph":[{"@type":"Article","@id":"https:\/\/www.meydan.tv\/az\/article\/tofiq-yaqublu-bu-hokmu-m%c9%99n%c9%99-ilham-eliyev-verib\/#article","isPartOf":{"@id":"https:\/\/www.meydan.tv\/az\/article\/tofiq-yaqublu-bu-hokmu-m%c9%99n%c9%99-ilham-eliyev-verib\/"},"author":{"name":"mahmud","@id":"https:\/\/www.meydan.tv\/az\/#\/schema\/person\/09863e516102a829e72bedcf3f84c6b0"},"headline":"Tofiq Yaqublu: \u201cBu h\u00f6km\u00fc m\u0259n\u0259 \u0130lham \u018fliyev verib\u201d","datePublished":"2025-03-12T11:48:41+00:00","dateModified":"2025-03-12T12:10:10+00:00","mainEntityOfPage":{"@id":"https:\/\/www.meydan.tv\/az\/article\/tofiq-yaqublu-bu-hokmu-m%c9%99n%c9%99-ilham-eliyev-verib\/"},"wordCount":1375,"publisher":{"@id":"https:\/\/www.meydan.tv\/az\/#organization"},"image":{"@id":"https:\/\/www.meydan.tv\/az\/article\/tofiq-yaqublu-bu-hokmu-m%c9%99n%c9%99-ilham-eliyev-verib\/#primaryimage"},"thumbnailUrl":"https:\/\/www.meydan.tv\/wp-content\/uploads\/img_9510-e1674401110384-1.jpg","articleSection":["Siyas\u0259t","T\u00f6vsiy\u0259","X\u0259b\u0259rl\u0259r"],"inLanguage":"az"},{"@type":"WebPage","@id":"https:\/\/www.meydan.tv\/az\/article\/tofiq-yaqublu-bu-hokmu-m%c9%99n%c9%99-ilham-eliyev-verib\/","url":"https:\/\/www.meydan.tv\/az\/article\/tofiq-yaqublu-bu-hokmu-m%c9%99n%c9%99-ilham-eliyev-verib\/","name":"Tofiq Yaqublu: \u201cBu h\u00f6km\u00fc m\u0259n\u0259 \u0130lham \u018fliyev verib\u201d - MEYDAN.TV","isPartOf":{"@id":"https:\/\/www.meydan.tv\/az\/#website"},"primaryImageOfPage":{"@id":"https:\/\/www.meydan.tv\/az\/article\/tofiq-yaqublu-bu-hokmu-m%c9%99n%c9%99-ilham-eliyev-verib\/#primaryimage"},"image":{"@id":"https:\/\/www.meydan.tv\/az\/article\/tofiq-yaqublu-bu-hokmu-m%c9%99n%c9%99-ilham-eliyev-verib\/#primaryimage"},"thumbnailUrl":"https:\/\/www.meydan.tv\/wp-content\/uploads\/img_9510-e1674401110384-1.jpg","datePublished":"2025-03-12T11:48:41+00:00","dateModified":"2025-03-12T12:10:10+00:00","breadcrumb":{"@id":"https:\/\/www.meydan.tv\/az\/article\/tofiq-yaqublu-bu-hokmu-m%c9%99n%c9%99-ilham-eliyev-verib\/#breadcrumb"},"inLanguage":"az","potentialAction":[{"@type":"ReadAction","target":["https:\/\/www.meydan.tv\/az\/article\/tofiq-yaqublu-bu-hokmu-m%c9%99n%c9%99-ilham-eliyev-verib\/"]}]},{"@type":"ImageObject","inLanguage":"az","@id":"https:\/\/www.meydan.tv\/az\/article\/tofiq-yaqublu-bu-hokmu-m%c9%99n%c9%99-ilham-eliyev-verib\/#primaryimage","url":"https:\/\/www.meydan.tv\/wp-content\/uploads\/img_9510-e1674401110384-1.jpg","contentUrl":"https:\/\/www.meydan.tv\/wp-content\/uploads\/img_9510-e1674401110384-1.jpg","width":1200,"height":564,"caption":"Tofig Yaguplu, Illustration: Meydan TV"},{"@type":"BreadcrumbList","@id":"https:\/\/www.meydan.tv\/az\/article\/tofiq-yaqublu-bu-hokmu-m%c9%99n%c9%99-ilham-eliyev-verib\/#breadcrumb","itemListElement":[{"@type":"ListItem","position":1,"name":"Ana s\u0259hif\u0259","item":"https:\/\/www.meydan.tv\/az\/"},{"@type":"ListItem","position":2,"name":"Siyas\u0259t","item":"https:\/\/www.meydan.tv\/az\/section\/siyaset\/"},{"@type":"ListItem","position":3,"name":"Tofiq Yaqublu: \u201cBu h\u00f6km\u00fc m\u0259n\u0259 \u0130lham \u018fliyev verib\u201d"}]},{"@type":"WebSite","@id":"https:\/\/www.meydan.tv\/az\/#website","url":"https:\/\/www.meydan.tv\/az\/","name":"MEYDAN.TV","description":"Meydan TV Az\u0259rbaycan\u0131n media m\u0259kan\u0131ndak\u0131 alternativ s\u0259sidir","publisher":{"@id":"https:\/\/www.meydan.tv\/az\/#organization"},"potentialAction":[{"@type":"SearchAction","target":{"@type":"EntryPoint","urlTemplate":"https:\/\/www.meydan.tv\/az\/?s={search_term_string}"},"query-input":{"@type":"PropertyValueSpecification","valueRequired":true,"valueName":"search_term_string"}}],"inLanguage":"az"},{"@type":"Organization","@id":"https:\/\/www.meydan.tv\/az\/#organization","name":"Meydan TV","url":"https:\/\/www.meydan.tv\/az\/","logo":{"@type":"ImageObject","inLanguage":"az","@id":"https:\/\/www.meydan.tv\/az\/#\/schema\/logo\/image\/","url":"https:\/\/www.meydan.tv\/wp-content\/uploads\/2021\/07\/meydan-logo.svg","contentUrl":"https:\/\/www.meydan.tv\/wp-content\/uploads\/2021\/07\/meydan-logo.svg","width":195,"height":46,"caption":"Meydan TV"},"image":{"@id":"https:\/\/www.meydan.tv\/az\/#\/schema\/logo\/image\/"}},{"@type":"Person","@id":"https:\/\/www.meydan.tv\/az\/#\/schema\/person\/09863e516102a829e72bedcf3f84c6b0","name":"mahmud"}]}},"_links":{"self":[{"href":"https:\/\/www.meydan.tv\/az\/wp-json\/wp\/v2\/posts\/327609","targetHints":{"allow":["GET"]}}],"collection":[{"href":"https:\/\/www.meydan.tv\/az\/wp-json\/wp\/v2\/posts"}],"about":[{"href":"https:\/\/www.meydan.tv\/az\/wp-json\/wp\/v2\/types\/post"}],"author":[{"embeddable":true,"href":"https:\/\/www.meydan.tv\/az\/wp-json\/wp\/v2\/users\/21"}],"replies":[{"embeddable":true,"href":"https:\/\/www.meydan.tv\/az\/wp-json\/wp\/v2\/comments?post=327609"}],"version-history":[{"count":1,"href":"https:\/\/www.meydan.tv\/az\/wp-json\/wp\/v2\/posts\/327609\/revisions"}],"predecessor-version":[{"id":327610,"href":"https:\/\/www.meydan.tv\/az\/wp-json\/wp\/v2\/posts\/327609\/revisions\/327610"}],"wp:featuredmedia":[{"embeddable":true,"href":"https:\/\/www.meydan.tv\/az\/wp-json\/wp\/v2\/media\/327588"}],"wp:attachment":[{"href":"https:\/\/www.meydan.tv\/az\/wp-json\/wp\/v2\/media?parent=327609"}],"wp:term":[{"taxonomy":"category","embeddable":true,"href":"https:\/\/www.meydan.tv\/az\/wp-json\/wp\/v2\/categories?post=327609"},{"taxonomy":"post_tag","embeddable":true,"href":"https:\/\/www.meydan.tv\/az\/wp-json\/wp\/v2\/tags?post=327609"}],"curies":[{"name":"wp","href":"https:\/\/api.w.org\/{rel}","templated":true}]}}