{"id":327607,"date":"2025-03-12T14:13:15","date_gmt":"2025-03-12T10:13:15","guid":{"rendered":"https:\/\/www.meydan.tv\/?p=327607"},"modified":"2025-03-12T14:13:18","modified_gmt":"2025-03-12T10:13:18","slug":"aytac-tapdigin-apelyasiya-sikay%c9%99ti-t%c9%99min-olunmadi","status":"publish","type":"post","link":"https:\/\/www.meydan.tv\/az\/article\/aytac-tapdigin-apelyasiya-sikay%c9%99ti-t%c9%99min-olunmadi\/","title":{"rendered":"Aytac Tapd\u0131\u011f\u0131n apelyasiya \u015fikay\u0259ti t\u0259min olunmad\u0131"},"content":{"rendered":"\n<p><\/p>\n\n\n\n<p><strong><em>V\u0259kili bildirib ki, Apelyasiya M\u0259hk\u0259m\u0259sinin q\u0259rar\u0131ndan Avropa M\u0259hk\u0259m\u0259sin\u0259 \u015fikay\u0259t veril\u0259c\u0259k<\/em><\/strong><\/p>\n\n\n\n<p>Mart\u0131n 12-d\u0259 Bak\u0131 Apelyasiya M\u0259hk\u0259m\u0259sind\u0259 \u201cMeydan TV i\u015fi\u201dnd\u0259 ittiham olunan jurnalist Aytac Tapd\u0131\u011f\u0131n (\u018fhm\u0259dova) ev dustaql\u0131\u011f\u0131na burax\u0131lmamas\u0131 q\u0259rar\u0131ndan verilmi\u015f apelyasiya \u015fikay\u0259tin\u0259 bax\u0131l\u0131b.<\/p>\n\n\n\n<p>V\u0259kili Cavad Cavadov m\u0259hk\u0259m\u0259d\u0259n sonra bildirib ki, m\u00fcdafi\u0259 t\u0259r\u0259finin b\u00fct\u00fcn d\u0259lill\u0259rin\u0259 baxmayaraq, m\u0259hk\u0259m\u0259 v\u0259sat\u0259ti t\u0259min etm\u0259yib v\u0259 birinci instansiya m\u0259hk\u0259m\u0259sinin q\u0259rar\u0131n\u0131 q\u00fcvv\u0259d\u0259 saxlay\u0131b.<\/p>\n\n\n\n<p><em>\u201cM\u0259hk\u0259m\u0259d\u0259 Aytac \u00f6z\u00fc d\u0259 i\u015ftirak edirdi. O, bir daha \u00f6z\u00fcn\u00fc t\u0259qsirli bilm\u0259diyini dedi. H\u0259bsini jurnalistika f\u0259aliyy\u0259ti il\u0259 \u0259laq\u0259l\u0259ndirdi. Qa\u00e7aqmal\u00e7\u0131l\u0131q ittiham\u0131n\u0131n tam \u0259sass\u0131z oldu\u011funu s\u00f6yl\u0259di. Bildirdi ki, d\u00fcr\u00fcst jurnalistika f\u0259aliyy\u0259ti il\u0259 m\u0259\u015f\u011fuldur. Bundan q\u0259tiyy\u0259n pe\u015fman deyil. H\u0259bsd\u0259 olmas\u0131 da jurnalistika f\u0259aliyy\u0259ti il\u0259 \u0259laq\u0259dard\u0131r. \u018flav\u0259 etdi ki, m\u0259hk\u0259m\u0259d\u0259n d\u0259 el\u0259 bir g\u00f6zl\u0259ntisi yoxdur<\/em>\u201d, &#8211; jurnalistin v\u0259kili deyib.<\/p>\n\n\n\n<p>V\u0259kil Cavad Cavadov bildirib ki, Apelyasiya M\u0259hk\u0259m\u0259sinin q\u0259rar\u0131ndan Avropa \u0130nsan Haqlar\u0131 M\u0259hk\u0259m\u0259sin\u0259 \u015fikay\u0259t veril\u0259c\u0259k.<\/p>\n\n\n\n<p>2025-ci il mart\u0131n 6-da X\u0259tai rayon M\u0259hk\u0259m\u0259sind\u0259 \u201cMeydanTV i\u015fi\u201d \u00fczr\u0259 h\u0259bsd\u0259 olan Aytac Tapd\u0131\u011f\u0131n ev dustaql\u0131\u011f\u0131na burax\u0131lmas\u0131 haqq\u0131nda v\u0259sat\u0259t\u0259 bax\u0131lm\u0131\u015fd\u0131. Lakin m\u0259hk\u0259m\u0259 v\u0259sat\u0259ti t\u0259min etm\u0259mi\u015fdi.<\/p>\n\n\n\n<p>2024-c\u00fc il dekabr\u0131n 6-da Meydan TV-nin \u0259m\u0259kda\u015flar\u0131 Ramin Deko (C\u0259bray\u0131lzad\u0259), Aynur Q\u0259nb\u0259rova (Elg\u00fcn\u0259\u015f), Aysel Umudova, Aytac \u018fhm\u0259dova (Tapd\u0131q), X\u0259yal\u0259 A\u011fayeva, Natiq Cavadl\u0131 saxlan\u0131l\u0131blar. Onlara qar\u015f\u0131 Cinay\u0259t M\u0259c\u0259ll\u0259sinin 206.3.2-ci (qa\u00e7aqmal\u00e7\u0131l\u0131q, \u0259vv\u0259lc\u0259d\u0259n \u0259lbir olan bir qrup \u015f\u0259xs t\u0259r\u0259find\u0259n t\u00f6r\u0259dildikd\u0259) madd\u0259si il\u0259 ittiham ir\u0259li s\u00fcr\u00fcl\u00fcb. Bu madd\u0259 il\u0259 onlar\u0131n bar\u0259sind\u0259 istintaq d\u00f6vr\u00fc \u00fc\u00e7\u00fcn 4 ayl\u0131q h\u0259bs q\u0259timkan t\u0259dbiri se\u00e7ilib.<\/p>\n\n\n\n<p>Meydan TV \u0259m\u0259kda\u015flar\u0131 il\u0259 yana\u015f\u0131, eyni g\u00fcnd\u0259 v\u0259t\u0259nda\u015f c\u0259miyy\u0259tinin \u00fczv\u00fc \u00dclvi Tahirov da saxlan\u0131l\u0131b. Eyni ittihamla onun da bar\u0259sind\u0259 4 ayl\u0131q h\u0259bs q\u0259timkan t\u0259dbiri se\u00e7ilib. \u00dclvi Tahirovun Meydan TV-y\u0259 aidiyy\u0259ti yoxdur.<\/p>\n\n\n\n<p>2025-ci il fevral\u0131n 5-i \u201carqument.az\u201d sayt\u0131n\u0131n ba\u015f redaktoru, Meydan TV il\u0259 \u0259m\u0259kda\u015fl\u0131q ed\u0259n jurnalist \u015e\u0259m\u015fad A\u011fayev (A\u011fa) d\u0259 saxlan\u0131l\u0131b. Onun bar\u0259sind\u0259 2 ay 1 g\u00fcn m\u00fcdd\u0259tin\u0259 h\u0259bs q\u0259timkan t\u0259dbiri se\u00e7ilib.<\/p>\n\n\n\n<p>Fevral\u0131n 20-d\u0259 is\u0259 jurnalist Nurlan Libre (Q\u0259hr\u0259manl\u0131) \u201cMeydan TV\u201d il\u0259 \u0259laq\u0259li cinay\u0259t i\u015fin\u0259 g\u00f6r\u0259 saxlan\u0131l\u0131b. M\u0259hk\u0259m\u0259nin q\u0259rar\u0131 il\u0259 onun bar\u0259sind\u0259 1 ay 17 g\u00fcn m\u00fcdd\u0259tin\u0259 h\u0259bs q\u0259timkan t\u0259dbiri se\u00e7ilib.<\/p>\n\n\n\n<p>Jurnalist Fatim\u0259 M\u00f6vlaml\u0131 is\u0259 fevral\u0131n 28-d\u0259 Meydan TV il\u0259 \u0259laq\u0259li cinay\u0259t i\u015fin\u0259 g\u00f6r\u0259 saxlan\u0131l\u0131b. X\u0259tai Rayon M\u0259hk\u0259m\u0259si mart\u0131n 1-d\u0259 istintaq d\u00f6vr\u00fc \u00fc\u00e7\u00fcn jurnalistin 1 ay 9 g\u00fcn m\u00fcdd\u0259tin\u0259 h\u0259bs olunmas\u0131 q\u0259rar\u0131n\u0131 \u00e7\u0131xar\u0131b.<\/p>\n\n\n\n<p>Saxlan\u0131lan jurnalistl\u0259rin evind\u0259 axtar\u0131\u015f apar\u0131l\u0131b, telefonlar\u0131, komp\u00fcterl\u0259ri v\u0259 dig\u0259r \u015f\u0259xsi \u0259\u015fyalar\u0131 g\u00f6t\u00fcr\u00fcl\u00fcb.<\/p>\n\n\n\n<p>H\u0259bs olunan jurnalistl\u0259r \u00f6zl\u0259rini t\u0259qsirli bilmir, Meydan TV \u0259m\u0259kda\u015flar\u0131n\u0131n t\u0259nqid\u00e7i f\u0259aliyy\u0259tl\u0259rin\u0259 g\u00f6r\u0259 c\u0259zaland\u0131r\u0131ld\u0131qlar\u0131n\u0131 b\u0259yan edibl\u0259r.<\/p>\n\n\n\n<p>Haz\u0131rda ox\u015far ittihamlarla 30-d\u0259k jurnalist, ictimai f\u0259al h\u0259bsd\u0259dir. Onlar ittiham\u0131 q\u0259bul etmir, pe\u015f\u0259 f\u0259aliyy\u0259tl\u0259ri il\u0259 \u0259laq\u0259l\u0259ndirirl\u0259r. Hakimiyy\u0259t t\u0259msil\u00e7il\u0259ri \u00f6lk\u0259d\u0259 siyasi motivli h\u0259bsl\u0259rin olmad\u0131\u011f\u0131n\u0131 deyirl\u0259r.<\/p>\n\n\n\n<p>Beyn\u0259lxalq insan haqlar\u0131 qurumlar\u0131, Q\u0259rb r\u0259smil\u0259ri d\u0259 h\u00f6kum\u0259ti haqs\u0131z tutulanlar\u0131 azad etm\u0259y\u0259 \u00e7a\u011f\u0131r\u0131rlar.<\/p>\n","protected":false},"excerpt":{"rendered":"<p>V\u0259kili bildirib ki, Apelyasiya M\u0259hk\u0259m\u0259sinin q\u0259rar\u0131ndan Avropa M\u0259hk\u0259m\u0259sin\u0259 \u015fikay\u0259t veril\u0259c\u0259k &#8230; <\/p>\n<p class=\"read-more-container\"><a title=\"Aytac Tapd\u0131\u011f\u0131n apelyasiya \u015fikay\u0259ti t\u0259min olunmad\u0131\" class=\"read-more button\" href=\"https:\/\/www.meydan.tv\/az\/article\/aytac-tapdigin-apelyasiya-sikay%c9%99ti-t%c9%99min-olunmadi\/#more-327607\" aria-label=\"Read more about Aytac Tapd\u0131\u011f\u0131n apelyasiya \u015fikay\u0259ti t\u0259min olunmad\u0131\">Davam\u0131<\/a><\/p>\n","protected":false},"author":21,"featured_media":325095,"comment_status":"closed","ping_status":"closed","sticky":false,"template":"","format":"standard","meta":{"_acf_changed":false,"_sitemap_exclude":false,"_sitemap_priority":"","_sitemap_frequency":"","footnotes":""},"categories":[139,59,79,56],"tags":[],"class_list":["post-327607","post","type-post","status-publish","format-standard","has-post-thumbnail","hentry","category-meydan-tv-isi","category-siyaset","category-featured","category-xeberler","infinite-scroll-item","generate-columns","tablet-grid-50","mobile-grid-100","grid-parent","grid-33","no-featured-image-padding"],"acf":[],"yoast_head":"<!-- This site is optimized with the Yoast SEO plugin v27.5 - https:\/\/yoast.com\/product\/yoast-seo-wordpress\/ -->\n<title>Aytac Tapd\u0131\u011f\u0131n apelyasiya \u015fikay\u0259ti t\u0259min olunmad\u0131 - MEYDAN.TV<\/title>\n<meta name=\"robots\" content=\"index, follow, max-snippet:-1, max-image-preview:large, max-video-preview:-1\" \/>\n<link rel=\"canonical\" href=\"https:\/\/www.meydan.tv\/az\/article\/aytac-tapdigin-apelyasiya-sikay%c9%99ti-t%c9%99min-olunmadi\/\" \/>\n<meta property=\"og:locale\" content=\"az_AZ\" \/>\n<meta property=\"og:type\" content=\"article\" \/>\n<meta property=\"og:title\" content=\"Aytac Tapd\u0131\u011f\u0131n apelyasiya \u015fikay\u0259ti t\u0259min olunmad\u0131 - MEYDAN.TV\" \/>\n<meta property=\"og:description\" content=\"V\u0259kili bildirib ki, Apelyasiya M\u0259hk\u0259m\u0259sinin q\u0259rar\u0131ndan Avropa M\u0259hk\u0259m\u0259sin\u0259 \u015fikay\u0259t veril\u0259c\u0259k ... Davam\u0131\" \/>\n<meta property=\"og:url\" content=\"https:\/\/www.meydan.tv\/az\/article\/aytac-tapdigin-apelyasiya-sikay%c9%99ti-t%c9%99min-olunmadi\/\" \/>\n<meta property=\"og:site_name\" content=\"MEYDAN.TV\" \/>\n<meta property=\"article:published_time\" content=\"2025-03-12T10:13:15+00:00\" \/>\n<meta property=\"article:modified_time\" content=\"2025-03-12T10:13:18+00:00\" \/>\n<meta property=\"og:image\" content=\"https:\/\/www.meydan.tv\/wp-content\/uploads\/aytaj.jpg\" \/>\n\t<meta property=\"og:image:width\" content=\"2560\" \/>\n\t<meta property=\"og:image:height\" content=\"1297\" \/>\n\t<meta property=\"og:image:type\" content=\"image\/jpeg\" \/>\n<meta name=\"author\" content=\"mahmud\" \/>\n<meta name=\"twitter:card\" content=\"summary_large_image\" \/>\n<script type=\"application\/ld+json\" class=\"yoast-schema-graph\">{\"@context\":\"https:\\\/\\\/schema.org\",\"@graph\":[{\"@type\":\"Article\",\"@id\":\"https:\\\/\\\/www.meydan.tv\\\/az\\\/article\\\/aytac-tapdigin-apelyasiya-sikay%c9%99ti-t%c9%99min-olunmadi\\\/#article\",\"isPartOf\":{\"@id\":\"https:\\\/\\\/www.meydan.tv\\\/az\\\/article\\\/aytac-tapdigin-apelyasiya-sikay%c9%99ti-t%c9%99min-olunmadi\\\/\"},\"author\":{\"name\":\"mahmud\",\"@id\":\"https:\\\/\\\/www.meydan.tv\\\/az\\\/#\\\/schema\\\/person\\\/09863e516102a829e72bedcf3f84c6b0\"},\"headline\":\"Aytac Tapd\u0131\u011f\u0131n apelyasiya \u015fikay\u0259ti t\u0259min olunmad\u0131\",\"datePublished\":\"2025-03-12T10:13:15+00:00\",\"dateModified\":\"2025-03-12T10:13:18+00:00\",\"mainEntityOfPage\":{\"@id\":\"https:\\\/\\\/www.meydan.tv\\\/az\\\/article\\\/aytac-tapdigin-apelyasiya-sikay%c9%99ti-t%c9%99min-olunmadi\\\/\"},\"wordCount\":705,\"publisher\":{\"@id\":\"https:\\\/\\\/www.meydan.tv\\\/az\\\/#organization\"},\"image\":{\"@id\":\"https:\\\/\\\/www.meydan.tv\\\/az\\\/article\\\/aytac-tapdigin-apelyasiya-sikay%c9%99ti-t%c9%99min-olunmadi\\\/#primaryimage\"},\"thumbnailUrl\":\"https:\\\/\\\/www.meydan.tv\\\/wp-content\\\/uploads\\\/aytaj.jpg\",\"articleSection\":[\"Meydan TV i\u015fi\",\"Siyas\u0259t\",\"T\u00f6vsiy\u0259\",\"X\u0259b\u0259rl\u0259r\"],\"inLanguage\":\"az\"},{\"@type\":\"WebPage\",\"@id\":\"https:\\\/\\\/www.meydan.tv\\\/az\\\/article\\\/aytac-tapdigin-apelyasiya-sikay%c9%99ti-t%c9%99min-olunmadi\\\/\",\"url\":\"https:\\\/\\\/www.meydan.tv\\\/az\\\/article\\\/aytac-tapdigin-apelyasiya-sikay%c9%99ti-t%c9%99min-olunmadi\\\/\",\"name\":\"Aytac Tapd\u0131\u011f\u0131n apelyasiya \u015fikay\u0259ti t\u0259min olunmad\u0131 - MEYDAN.TV\",\"isPartOf\":{\"@id\":\"https:\\\/\\\/www.meydan.tv\\\/az\\\/#website\"},\"primaryImageOfPage\":{\"@id\":\"https:\\\/\\\/www.meydan.tv\\\/az\\\/article\\\/aytac-tapdigin-apelyasiya-sikay%c9%99ti-t%c9%99min-olunmadi\\\/#primaryimage\"},\"image\":{\"@id\":\"https:\\\/\\\/www.meydan.tv\\\/az\\\/article\\\/aytac-tapdigin-apelyasiya-sikay%c9%99ti-t%c9%99min-olunmadi\\\/#primaryimage\"},\"thumbnailUrl\":\"https:\\\/\\\/www.meydan.tv\\\/wp-content\\\/uploads\\\/aytaj.jpg\",\"datePublished\":\"2025-03-12T10:13:15+00:00\",\"dateModified\":\"2025-03-12T10:13:18+00:00\",\"breadcrumb\":{\"@id\":\"https:\\\/\\\/www.meydan.tv\\\/az\\\/article\\\/aytac-tapdigin-apelyasiya-sikay%c9%99ti-t%c9%99min-olunmadi\\\/#breadcrumb\"},\"inLanguage\":\"az\",\"potentialAction\":[{\"@type\":\"ReadAction\",\"target\":[\"https:\\\/\\\/www.meydan.tv\\\/az\\\/article\\\/aytac-tapdigin-apelyasiya-sikay%c9%99ti-t%c9%99min-olunmadi\\\/\"]}]},{\"@type\":\"ImageObject\",\"inLanguage\":\"az\",\"@id\":\"https:\\\/\\\/www.meydan.tv\\\/az\\\/article\\\/aytac-tapdigin-apelyasiya-sikay%c9%99ti-t%c9%99min-olunmadi\\\/#primaryimage\",\"url\":\"https:\\\/\\\/www.meydan.tv\\\/wp-content\\\/uploads\\\/aytaj.jpg\",\"contentUrl\":\"https:\\\/\\\/www.meydan.tv\\\/wp-content\\\/uploads\\\/aytaj.jpg\",\"width\":2560,\"height\":1297,\"caption\":\"Aytac Tapdiq, Illustration: Meydan TV\"},{\"@type\":\"BreadcrumbList\",\"@id\":\"https:\\\/\\\/www.meydan.tv\\\/az\\\/article\\\/aytac-tapdigin-apelyasiya-sikay%c9%99ti-t%c9%99min-olunmadi\\\/#breadcrumb\",\"itemListElement\":[{\"@type\":\"ListItem\",\"position\":1,\"name\":\"Ana s\u0259hif\u0259\",\"item\":\"https:\\\/\\\/www.meydan.tv\\\/az\\\/\"},{\"@type\":\"ListItem\",\"position\":2,\"name\":\"Meydan TV i\u015fi\",\"item\":\"https:\\\/\\\/www.meydan.tv\\\/az\\\/section\\\/meydan-tv-isi\\\/\"},{\"@type\":\"ListItem\",\"position\":3,\"name\":\"Aytac Tapd\u0131\u011f\u0131n apelyasiya \u015fikay\u0259ti t\u0259min olunmad\u0131\"}]},{\"@type\":\"WebSite\",\"@id\":\"https:\\\/\\\/www.meydan.tv\\\/az\\\/#website\",\"url\":\"https:\\\/\\\/www.meydan.tv\\\/az\\\/\",\"name\":\"MEYDAN.TV\",\"description\":\"Meydan TV Az\u0259rbaycan\u0131n media m\u0259kan\u0131ndak\u0131 alternativ s\u0259sidir\",\"publisher\":{\"@id\":\"https:\\\/\\\/www.meydan.tv\\\/az\\\/#organization\"},\"potentialAction\":[{\"@type\":\"SearchAction\",\"target\":{\"@type\":\"EntryPoint\",\"urlTemplate\":\"https:\\\/\\\/www.meydan.tv\\\/az\\\/?s={search_term_string}\"},\"query-input\":{\"@type\":\"PropertyValueSpecification\",\"valueRequired\":true,\"valueName\":\"search_term_string\"}}],\"inLanguage\":\"az\"},{\"@type\":\"Organization\",\"@id\":\"https:\\\/\\\/www.meydan.tv\\\/az\\\/#organization\",\"name\":\"Meydan TV\",\"url\":\"https:\\\/\\\/www.meydan.tv\\\/az\\\/\",\"logo\":{\"@type\":\"ImageObject\",\"inLanguage\":\"az\",\"@id\":\"https:\\\/\\\/www.meydan.tv\\\/az\\\/#\\\/schema\\\/logo\\\/image\\\/\",\"url\":\"https:\\\/\\\/www.meydan.tv\\\/wp-content\\\/uploads\\\/2021\\\/07\\\/meydan-logo.svg\",\"contentUrl\":\"https:\\\/\\\/www.meydan.tv\\\/wp-content\\\/uploads\\\/2021\\\/07\\\/meydan-logo.svg\",\"width\":195,\"height\":46,\"caption\":\"Meydan TV\"},\"image\":{\"@id\":\"https:\\\/\\\/www.meydan.tv\\\/az\\\/#\\\/schema\\\/logo\\\/image\\\/\"}},{\"@type\":\"Person\",\"@id\":\"https:\\\/\\\/www.meydan.tv\\\/az\\\/#\\\/schema\\\/person\\\/09863e516102a829e72bedcf3f84c6b0\",\"name\":\"mahmud\"}]}<\/script>\n<!-- \/ Yoast SEO plugin. -->","yoast_head_json":{"title":"Aytac Tapd\u0131\u011f\u0131n apelyasiya \u015fikay\u0259ti t\u0259min olunmad\u0131 - MEYDAN.TV","robots":{"index":"index","follow":"follow","max-snippet":"max-snippet:-1","max-image-preview":"max-image-preview:large","max-video-preview":"max-video-preview:-1"},"canonical":"https:\/\/www.meydan.tv\/az\/article\/aytac-tapdigin-apelyasiya-sikay%c9%99ti-t%c9%99min-olunmadi\/","og_locale":"az_AZ","og_type":"article","og_title":"Aytac Tapd\u0131\u011f\u0131n apelyasiya \u015fikay\u0259ti t\u0259min olunmad\u0131 - MEYDAN.TV","og_description":"V\u0259kili bildirib ki, Apelyasiya M\u0259hk\u0259m\u0259sinin q\u0259rar\u0131ndan Avropa M\u0259hk\u0259m\u0259sin\u0259 \u015fikay\u0259t veril\u0259c\u0259k ... Davam\u0131","og_url":"https:\/\/www.meydan.tv\/az\/article\/aytac-tapdigin-apelyasiya-sikay%c9%99ti-t%c9%99min-olunmadi\/","og_site_name":"MEYDAN.TV","article_published_time":"2025-03-12T10:13:15+00:00","article_modified_time":"2025-03-12T10:13:18+00:00","og_image":[{"width":2560,"height":1297,"url":"https:\/\/www.meydan.tv\/wp-content\/uploads\/aytaj.jpg","type":"image\/jpeg"}],"author":"mahmud","twitter_card":"summary_large_image","schema":{"@context":"https:\/\/schema.org","@graph":[{"@type":"Article","@id":"https:\/\/www.meydan.tv\/az\/article\/aytac-tapdigin-apelyasiya-sikay%c9%99ti-t%c9%99min-olunmadi\/#article","isPartOf":{"@id":"https:\/\/www.meydan.tv\/az\/article\/aytac-tapdigin-apelyasiya-sikay%c9%99ti-t%c9%99min-olunmadi\/"},"author":{"name":"mahmud","@id":"https:\/\/www.meydan.tv\/az\/#\/schema\/person\/09863e516102a829e72bedcf3f84c6b0"},"headline":"Aytac Tapd\u0131\u011f\u0131n apelyasiya \u015fikay\u0259ti t\u0259min olunmad\u0131","datePublished":"2025-03-12T10:13:15+00:00","dateModified":"2025-03-12T10:13:18+00:00","mainEntityOfPage":{"@id":"https:\/\/www.meydan.tv\/az\/article\/aytac-tapdigin-apelyasiya-sikay%c9%99ti-t%c9%99min-olunmadi\/"},"wordCount":705,"publisher":{"@id":"https:\/\/www.meydan.tv\/az\/#organization"},"image":{"@id":"https:\/\/www.meydan.tv\/az\/article\/aytac-tapdigin-apelyasiya-sikay%c9%99ti-t%c9%99min-olunmadi\/#primaryimage"},"thumbnailUrl":"https:\/\/www.meydan.tv\/wp-content\/uploads\/aytaj.jpg","articleSection":["Meydan TV i\u015fi","Siyas\u0259t","T\u00f6vsiy\u0259","X\u0259b\u0259rl\u0259r"],"inLanguage":"az"},{"@type":"WebPage","@id":"https:\/\/www.meydan.tv\/az\/article\/aytac-tapdigin-apelyasiya-sikay%c9%99ti-t%c9%99min-olunmadi\/","url":"https:\/\/www.meydan.tv\/az\/article\/aytac-tapdigin-apelyasiya-sikay%c9%99ti-t%c9%99min-olunmadi\/","name":"Aytac Tapd\u0131\u011f\u0131n apelyasiya \u015fikay\u0259ti t\u0259min olunmad\u0131 - MEYDAN.TV","isPartOf":{"@id":"https:\/\/www.meydan.tv\/az\/#website"},"primaryImageOfPage":{"@id":"https:\/\/www.meydan.tv\/az\/article\/aytac-tapdigin-apelyasiya-sikay%c9%99ti-t%c9%99min-olunmadi\/#primaryimage"},"image":{"@id":"https:\/\/www.meydan.tv\/az\/article\/aytac-tapdigin-apelyasiya-sikay%c9%99ti-t%c9%99min-olunmadi\/#primaryimage"},"thumbnailUrl":"https:\/\/www.meydan.tv\/wp-content\/uploads\/aytaj.jpg","datePublished":"2025-03-12T10:13:15+00:00","dateModified":"2025-03-12T10:13:18+00:00","breadcrumb":{"@id":"https:\/\/www.meydan.tv\/az\/article\/aytac-tapdigin-apelyasiya-sikay%c9%99ti-t%c9%99min-olunmadi\/#breadcrumb"},"inLanguage":"az","potentialAction":[{"@type":"ReadAction","target":["https:\/\/www.meydan.tv\/az\/article\/aytac-tapdigin-apelyasiya-sikay%c9%99ti-t%c9%99min-olunmadi\/"]}]},{"@type":"ImageObject","inLanguage":"az","@id":"https:\/\/www.meydan.tv\/az\/article\/aytac-tapdigin-apelyasiya-sikay%c9%99ti-t%c9%99min-olunmadi\/#primaryimage","url":"https:\/\/www.meydan.tv\/wp-content\/uploads\/aytaj.jpg","contentUrl":"https:\/\/www.meydan.tv\/wp-content\/uploads\/aytaj.jpg","width":2560,"height":1297,"caption":"Aytac Tapdiq, Illustration: Meydan TV"},{"@type":"BreadcrumbList","@id":"https:\/\/www.meydan.tv\/az\/article\/aytac-tapdigin-apelyasiya-sikay%c9%99ti-t%c9%99min-olunmadi\/#breadcrumb","itemListElement":[{"@type":"ListItem","position":1,"name":"Ana s\u0259hif\u0259","item":"https:\/\/www.meydan.tv\/az\/"},{"@type":"ListItem","position":2,"name":"Meydan TV i\u015fi","item":"https:\/\/www.meydan.tv\/az\/section\/meydan-tv-isi\/"},{"@type":"ListItem","position":3,"name":"Aytac Tapd\u0131\u011f\u0131n apelyasiya \u015fikay\u0259ti t\u0259min olunmad\u0131"}]},{"@type":"WebSite","@id":"https:\/\/www.meydan.tv\/az\/#website","url":"https:\/\/www.meydan.tv\/az\/","name":"MEYDAN.TV","description":"Meydan TV Az\u0259rbaycan\u0131n media m\u0259kan\u0131ndak\u0131 alternativ s\u0259sidir","publisher":{"@id":"https:\/\/www.meydan.tv\/az\/#organization"},"potentialAction":[{"@type":"SearchAction","target":{"@type":"EntryPoint","urlTemplate":"https:\/\/www.meydan.tv\/az\/?s={search_term_string}"},"query-input":{"@type":"PropertyValueSpecification","valueRequired":true,"valueName":"search_term_string"}}],"inLanguage":"az"},{"@type":"Organization","@id":"https:\/\/www.meydan.tv\/az\/#organization","name":"Meydan TV","url":"https:\/\/www.meydan.tv\/az\/","logo":{"@type":"ImageObject","inLanguage":"az","@id":"https:\/\/www.meydan.tv\/az\/#\/schema\/logo\/image\/","url":"https:\/\/www.meydan.tv\/wp-content\/uploads\/2021\/07\/meydan-logo.svg","contentUrl":"https:\/\/www.meydan.tv\/wp-content\/uploads\/2021\/07\/meydan-logo.svg","width":195,"height":46,"caption":"Meydan TV"},"image":{"@id":"https:\/\/www.meydan.tv\/az\/#\/schema\/logo\/image\/"}},{"@type":"Person","@id":"https:\/\/www.meydan.tv\/az\/#\/schema\/person\/09863e516102a829e72bedcf3f84c6b0","name":"mahmud"}]}},"_links":{"self":[{"href":"https:\/\/www.meydan.tv\/az\/wp-json\/wp\/v2\/posts\/327607","targetHints":{"allow":["GET"]}}],"collection":[{"href":"https:\/\/www.meydan.tv\/az\/wp-json\/wp\/v2\/posts"}],"about":[{"href":"https:\/\/www.meydan.tv\/az\/wp-json\/wp\/v2\/types\/post"}],"author":[{"embeddable":true,"href":"https:\/\/www.meydan.tv\/az\/wp-json\/wp\/v2\/users\/21"}],"replies":[{"embeddable":true,"href":"https:\/\/www.meydan.tv\/az\/wp-json\/wp\/v2\/comments?post=327607"}],"version-history":[{"count":1,"href":"https:\/\/www.meydan.tv\/az\/wp-json\/wp\/v2\/posts\/327607\/revisions"}],"predecessor-version":[{"id":327608,"href":"https:\/\/www.meydan.tv\/az\/wp-json\/wp\/v2\/posts\/327607\/revisions\/327608"}],"wp:featuredmedia":[{"embeddable":true,"href":"https:\/\/www.meydan.tv\/az\/wp-json\/wp\/v2\/media\/325095"}],"wp:attachment":[{"href":"https:\/\/www.meydan.tv\/az\/wp-json\/wp\/v2\/media?parent=327607"}],"wp:term":[{"taxonomy":"category","embeddable":true,"href":"https:\/\/www.meydan.tv\/az\/wp-json\/wp\/v2\/categories?post=327607"},{"taxonomy":"post_tag","embeddable":true,"href":"https:\/\/www.meydan.tv\/az\/wp-json\/wp\/v2\/tags?post=327607"}],"curies":[{"name":"wp","href":"https:\/\/api.w.org\/{rel}","templated":true}]}}