{"id":327571,"date":"2025-03-11T16:02:19","date_gmt":"2025-03-11T12:02:19","guid":{"rendered":"https:\/\/www.meydan.tv\/?p=327571"},"modified":"2025-03-11T18:08:14","modified_gmt":"2025-03-11T14:08:14","slug":"ictimai-f%c9%99ala-inzibati-h%c9%99bs-verildiyi-bildirilir","status":"publish","type":"post","link":"https:\/\/www.meydan.tv\/az\/article\/ictimai-f%c9%99ala-inzibati-h%c9%99bs-verildiyi-bildirilir\/","title":{"rendered":"\u0130ctimai f\u0259ala inzibati h\u0259bs verildiyi bildirilir"},"content":{"rendered":"\n<p><\/p>\n\n\n\n<p><strong><em>\u201cD\u00fcn\u0259nd\u0259n ona z\u0259ng \u00e7atm\u0131r, evd\u0259 olmay\u0131b, dostlar\u0131 da harada oldu\u011funu bilmirl\u0259r\u201d<\/em><\/strong><strong><\/strong><\/p>\n\n\n\n<p>Feminist f\u0259al Rauf Heyd\u0259rova 30 sutka inzibati h\u0259bs c\u0259zas\u0131 verildiyi bildirilir.<\/p>\n\n\n\n<p>Bu bar\u0259d\u0259 jurnalist \u00dclviyy\u0259 \u018fli \u201cFacebook\u201d s\u0259hif\u0259sind\u0259 <a href=\"https:\/\/www.facebook.com\/photo\/?fbid=2901816539999063&amp;set=a.107353349445410\">yaz\u0131b<\/a>.<\/p>\n\n\n\n<p>Jurnalistin m\u0259lumat\u0131na g\u00f6r\u0259, Rauf Heyd\u0259rov mart\u0131n 8-d\u0259 Xur\u015fidbanu Nat\u0259van\u0131n heyk\u0259linin qar\u015f\u0131s\u0131nda Az\u0259rbaycanda qad\u0131n jurnalistl\u0259rin h\u0259bsl\u0259rin\u0259 etiraz olaraq plakatla \u015f\u0259kil \u00e7\u0259kdirm\u0259k ist\u0259y\u0259rk\u0259n saxlan\u0131l\u0131b.<\/p>\n\n\n<div class=\"wp-block-image\">\n<figure class=\"alignleft size-large is-resized\"><img decoding=\"async\" width=\"821\" height=\"821\" data-src=\"https:\/\/www.meydan.tv\/wp-content\/uploads\/480973112_601744992738950_3686978007997462558_n-821x821.jpg\" alt=\"\" class=\"wp-image-327572 lazyload\" style=\"--smush-placeholder-width: 821px; --smush-placeholder-aspect-ratio: 821\/821;width:401px;height:auto\" src=\"data:image\/svg+xml;base64,PHN2ZyB3aWR0aD0iMSIgaGVpZ2h0PSIxIiB4bWxucz0iaHR0cDovL3d3dy53My5vcmcvMjAwMC9zdmciPjwvc3ZnPg==\" \/><figcaption class=\"wp-element-caption\">Rauf Heyd\u0259rov. Foto: \u015e\u0259xsi Facebook s\u0259hif\u0259si<\/figcaption><\/figure>\n<\/div>\n\n\n<p><em>\u201cMart\u0131n 8-d\u0259 saxlan\u0131lan, daha sonra is\u0259 s\u0259rb\u0259st burax\u0131lan feminist aktivist Rauf Heyd\u0259rovdan d\u00fcn\u0259n g\u00fcnorta saatlar\u0131ndan (mart\u0131n 10-dan- red.) x\u0259b\u0259r yoxdur. D\u00fcn\u0259nd\u0259n ona z\u0259ng \u00e7atm\u0131r, evd\u0259 olmay\u0131b, dostlar\u0131 da harada oldu\u011funu bilmirl\u0259r\u201d<\/em>,- \u00dclviyy\u0259 \u018fli bildirib.<\/p>\n\n\n\n<p>Daxili i\u015fl\u0259r Nazirliyi Rauf Heyd\u0259rovun h\u0259bsi il\u0259 ba\u011fl\u0131 a\u00e7\u0131qlama verm\u0259yib.<\/p>\n\n\n\n<p>Mart\u0131n 8-d\u0259 Rauf Heyd\u0259rov sosial \u015f\u0259b\u0259k\u0259l\u0259rd\u0259 payla\u015f\u0131m ed\u0259r\u0259k \u015f\u0259kil \u00e7\u0259kdiyi an m\u00fclki geyimli polisl\u0259rin m\u00fcdaxil\u0259 etdiyini v\u0259 daha sonra onu izl\u0259m\u0259y\u0259 ba\u015flad\u0131qlar\u0131n\u0131 qeyd etmi\u015fdi.<\/p>\n\n\n\n<p>Haz\u0131rda Az\u0259rbaycanda pe\u015f\u0259 f\u0259aliyy\u0259tin\u0259 \u201cAbzasMedia\u201dn\u0131n \u0259m\u0259kda\u015flar\u0131 Sevinc Vaqif\u0131q\u0131z\u0131, N\u0259rgiz Absalamova, Elnar\u0259 Qas\u0131mova, Meydan TV-nin \u0259m\u0259kda\u015flar\u0131 Aynur Elg\u00fcn\u0259\u015f, Aytac Tapd\u0131q, Aysel Umudova, X\u0259yal\u0259 A\u011fayeva, m\u00fcst\u0259qil jurnalist Fatim\u0259 M\u00f6vlaml\u0131 (\u201cMeydan TV i\u015fi\u201d il\u0259 \u0259laq\u0259dar h\u0259bs edilib-red.) h\u0259bsd\u0259dirl\u0259r.<\/p>\n\n\n\n<p>Mart\u0131n 8-d\u0259 \u201c8 Mar\u015f\u201d y\u00fcr\u00fc\u015f\u00fcn\u00fcn t\u0259\u015fkilat\u00e7\u0131lar\u0131&nbsp; Almaniyada h\u0259bsd\u0259 olan qad\u0131n jurnalistl\u0259rl\u0259rl\u0259 ba\u011fl\u0131 \u201c#8Women8March\u201d y\u00fcr\u00fc\u015f\u00fc t\u0259\u015fkil edibl\u0259r.<\/p>\n\n\n\n<p>Onlar Az\u0259rbaycanda pe\u015f\u0259 f\u0259aliyy\u0259tin\u0259 g\u00f6r\u0259 h\u0259bsd\u0259 olan b\u00fct\u00fcn jurnalistl\u0259rin, ictimai v\u0259 siyasi f\u0259allar\u0131n d\u0259rhal azad olunmas\u0131n\u0131 t\u0259l\u0259b edibl\u0259r. H\u0259m\u00e7inin v\u0259t\u0259nda\u015f c\u0259miyy\u0259tin\u0259 qar\u015f\u0131 b\u00fct\u00fcn n\u00f6v siyasi, h\u0259m\u00e7inin d\u0259 kiber t\u0259qibl\u0259r\u0259 son qoyulmas\u0131n\u0131 ist\u0259yibl\u0259r.<\/p>\n","protected":false},"excerpt":{"rendered":"<p>\u201cD\u00fcn\u0259nd\u0259n ona z\u0259ng \u00e7atm\u0131r, evd\u0259 olmay\u0131b, dostlar\u0131 da harada oldu\u011funu &#8230; <\/p>\n<p class=\"read-more-container\"><a title=\"\u0130ctimai f\u0259ala inzibati h\u0259bs verildiyi bildirilir\" class=\"read-more button\" href=\"https:\/\/www.meydan.tv\/az\/article\/ictimai-f%c9%99ala-inzibati-h%c9%99bs-verildiyi-bildirilir\/#more-327571\" aria-label=\"Read more about \u0130ctimai f\u0259ala inzibati h\u0259bs verildiyi bildirilir\">Davam\u0131<\/a><\/p>\n","protected":false},"author":21,"featured_media":158913,"comment_status":"closed","ping_status":"closed","sticky":false,"template":"","format":"standard","meta":{"_acf_changed":false,"_sitemap_exclude":false,"_sitemap_priority":"","_sitemap_frequency":"","footnotes":""},"categories":[59,56],"tags":[],"class_list":["post-327571","post","type-post","status-publish","format-standard","has-post-thumbnail","hentry","category-siyaset","category-xeberler","infinite-scroll-item","generate-columns","tablet-grid-50","mobile-grid-100","grid-parent","grid-33","no-featured-image-padding"],"acf":[],"yoast_head":"<!-- This site is optimized with the Yoast SEO plugin v27.5 - https:\/\/yoast.com\/product\/yoast-seo-wordpress\/ -->\n<title>\u0130ctimai f\u0259ala inzibati h\u0259bs verildiyi bildirilir - MEYDAN.TV<\/title>\n<meta name=\"robots\" content=\"index, follow, max-snippet:-1, max-image-preview:large, max-video-preview:-1\" \/>\n<link rel=\"canonical\" href=\"https:\/\/www.meydan.tv\/az\/article\/ictimai-f%c9%99ala-inzibati-h%c9%99bs-verildiyi-bildirilir\/\" \/>\n<meta property=\"og:locale\" content=\"az_AZ\" \/>\n<meta property=\"og:type\" content=\"article\" \/>\n<meta property=\"og:title\" content=\"\u0130ctimai f\u0259ala inzibati h\u0259bs verildiyi bildirilir - MEYDAN.TV\" \/>\n<meta property=\"og:description\" content=\"\u201cD\u00fcn\u0259nd\u0259n ona z\u0259ng \u00e7atm\u0131r, evd\u0259 olmay\u0131b, dostlar\u0131 da harada oldu\u011funu ... Davam\u0131\" \/>\n<meta property=\"og:url\" content=\"https:\/\/www.meydan.tv\/az\/article\/ictimai-f%c9%99ala-inzibati-h%c9%99bs-verildiyi-bildirilir\/\" \/>\n<meta property=\"og:site_name\" content=\"MEYDAN.TV\" \/>\n<meta property=\"article:published_time\" content=\"2025-03-11T12:02:19+00:00\" \/>\n<meta property=\"article:modified_time\" content=\"2025-03-11T14:08:14+00:00\" \/>\n<meta property=\"og:image\" content=\"https:\/\/www.meydan.tv\/wp-content\/uploads\/img_6032-scaled.jpg\" \/>\n\t<meta property=\"og:image:width\" content=\"2560\" \/>\n\t<meta property=\"og:image:height\" content=\"1440\" \/>\n\t<meta property=\"og:image:type\" content=\"image\/jpeg\" \/>\n<meta name=\"author\" content=\"mahmud\" \/>\n<meta name=\"twitter:card\" content=\"summary_large_image\" \/>\n<script type=\"application\/ld+json\" class=\"yoast-schema-graph\">{\"@context\":\"https:\\\/\\\/schema.org\",\"@graph\":[{\"@type\":\"Article\",\"@id\":\"https:\\\/\\\/www.meydan.tv\\\/az\\\/article\\\/ictimai-f%c9%99ala-inzibati-h%c9%99bs-verildiyi-bildirilir\\\/#article\",\"isPartOf\":{\"@id\":\"https:\\\/\\\/www.meydan.tv\\\/az\\\/article\\\/ictimai-f%c9%99ala-inzibati-h%c9%99bs-verildiyi-bildirilir\\\/\"},\"author\":{\"name\":\"mahmud\",\"@id\":\"https:\\\/\\\/www.meydan.tv\\\/az\\\/#\\\/schema\\\/person\\\/09863e516102a829e72bedcf3f84c6b0\"},\"headline\":\"\u0130ctimai f\u0259ala inzibati h\u0259bs verildiyi bildirilir\",\"datePublished\":\"2025-03-11T12:02:19+00:00\",\"dateModified\":\"2025-03-11T14:08:14+00:00\",\"mainEntityOfPage\":{\"@id\":\"https:\\\/\\\/www.meydan.tv\\\/az\\\/article\\\/ictimai-f%c9%99ala-inzibati-h%c9%99bs-verildiyi-bildirilir\\\/\"},\"wordCount\":376,\"publisher\":{\"@id\":\"https:\\\/\\\/www.meydan.tv\\\/az\\\/#organization\"},\"image\":{\"@id\":\"https:\\\/\\\/www.meydan.tv\\\/az\\\/article\\\/ictimai-f%c9%99ala-inzibati-h%c9%99bs-verildiyi-bildirilir\\\/#primaryimage\"},\"thumbnailUrl\":\"https:\\\/\\\/www.meydan.tv\\\/wp-content\\\/uploads\\\/img_6032-scaled.jpg\",\"articleSection\":[\"Siyas\u0259t\",\"X\u0259b\u0259rl\u0259r\"],\"inLanguage\":\"az\"},{\"@type\":\"WebPage\",\"@id\":\"https:\\\/\\\/www.meydan.tv\\\/az\\\/article\\\/ictimai-f%c9%99ala-inzibati-h%c9%99bs-verildiyi-bildirilir\\\/\",\"url\":\"https:\\\/\\\/www.meydan.tv\\\/az\\\/article\\\/ictimai-f%c9%99ala-inzibati-h%c9%99bs-verildiyi-bildirilir\\\/\",\"name\":\"\u0130ctimai f\u0259ala inzibati h\u0259bs verildiyi bildirilir - MEYDAN.TV\",\"isPartOf\":{\"@id\":\"https:\\\/\\\/www.meydan.tv\\\/az\\\/#website\"},\"primaryImageOfPage\":{\"@id\":\"https:\\\/\\\/www.meydan.tv\\\/az\\\/article\\\/ictimai-f%c9%99ala-inzibati-h%c9%99bs-verildiyi-bildirilir\\\/#primaryimage\"},\"image\":{\"@id\":\"https:\\\/\\\/www.meydan.tv\\\/az\\\/article\\\/ictimai-f%c9%99ala-inzibati-h%c9%99bs-verildiyi-bildirilir\\\/#primaryimage\"},\"thumbnailUrl\":\"https:\\\/\\\/www.meydan.tv\\\/wp-content\\\/uploads\\\/img_6032-scaled.jpg\",\"datePublished\":\"2025-03-11T12:02:19+00:00\",\"dateModified\":\"2025-03-11T14:08:14+00:00\",\"breadcrumb\":{\"@id\":\"https:\\\/\\\/www.meydan.tv\\\/az\\\/article\\\/ictimai-f%c9%99ala-inzibati-h%c9%99bs-verildiyi-bildirilir\\\/#breadcrumb\"},\"inLanguage\":\"az\",\"potentialAction\":[{\"@type\":\"ReadAction\",\"target\":[\"https:\\\/\\\/www.meydan.tv\\\/az\\\/article\\\/ictimai-f%c9%99ala-inzibati-h%c9%99bs-verildiyi-bildirilir\\\/\"]}]},{\"@type\":\"ImageObject\",\"inLanguage\":\"az\",\"@id\":\"https:\\\/\\\/www.meydan.tv\\\/az\\\/article\\\/ictimai-f%c9%99ala-inzibati-h%c9%99bs-verildiyi-bildirilir\\\/#primaryimage\",\"url\":\"https:\\\/\\\/www.meydan.tv\\\/wp-content\\\/uploads\\\/img_6032-scaled.jpg\",\"contentUrl\":\"https:\\\/\\\/www.meydan.tv\\\/wp-content\\\/uploads\\\/img_6032-scaled.jpg\",\"width\":2560,\"height\":1440,\"caption\":\"Foto: Meydan TV\"},{\"@type\":\"BreadcrumbList\",\"@id\":\"https:\\\/\\\/www.meydan.tv\\\/az\\\/article\\\/ictimai-f%c9%99ala-inzibati-h%c9%99bs-verildiyi-bildirilir\\\/#breadcrumb\",\"itemListElement\":[{\"@type\":\"ListItem\",\"position\":1,\"name\":\"Ana s\u0259hif\u0259\",\"item\":\"https:\\\/\\\/www.meydan.tv\\\/az\\\/\"},{\"@type\":\"ListItem\",\"position\":2,\"name\":\"Siyas\u0259t\",\"item\":\"https:\\\/\\\/www.meydan.tv\\\/az\\\/section\\\/siyaset\\\/\"},{\"@type\":\"ListItem\",\"position\":3,\"name\":\"\u0130ctimai f\u0259ala inzibati h\u0259bs verildiyi bildirilir\"}]},{\"@type\":\"WebSite\",\"@id\":\"https:\\\/\\\/www.meydan.tv\\\/az\\\/#website\",\"url\":\"https:\\\/\\\/www.meydan.tv\\\/az\\\/\",\"name\":\"MEYDAN.TV\",\"description\":\"Meydan TV Az\u0259rbaycan\u0131n media m\u0259kan\u0131ndak\u0131 alternativ s\u0259sidir\",\"publisher\":{\"@id\":\"https:\\\/\\\/www.meydan.tv\\\/az\\\/#organization\"},\"potentialAction\":[{\"@type\":\"SearchAction\",\"target\":{\"@type\":\"EntryPoint\",\"urlTemplate\":\"https:\\\/\\\/www.meydan.tv\\\/az\\\/?s={search_term_string}\"},\"query-input\":{\"@type\":\"PropertyValueSpecification\",\"valueRequired\":true,\"valueName\":\"search_term_string\"}}],\"inLanguage\":\"az\"},{\"@type\":\"Organization\",\"@id\":\"https:\\\/\\\/www.meydan.tv\\\/az\\\/#organization\",\"name\":\"Meydan TV\",\"url\":\"https:\\\/\\\/www.meydan.tv\\\/az\\\/\",\"logo\":{\"@type\":\"ImageObject\",\"inLanguage\":\"az\",\"@id\":\"https:\\\/\\\/www.meydan.tv\\\/az\\\/#\\\/schema\\\/logo\\\/image\\\/\",\"url\":\"https:\\\/\\\/www.meydan.tv\\\/wp-content\\\/uploads\\\/2021\\\/07\\\/meydan-logo.svg\",\"contentUrl\":\"https:\\\/\\\/www.meydan.tv\\\/wp-content\\\/uploads\\\/2021\\\/07\\\/meydan-logo.svg\",\"width\":195,\"height\":46,\"caption\":\"Meydan TV\"},\"image\":{\"@id\":\"https:\\\/\\\/www.meydan.tv\\\/az\\\/#\\\/schema\\\/logo\\\/image\\\/\"}},{\"@type\":\"Person\",\"@id\":\"https:\\\/\\\/www.meydan.tv\\\/az\\\/#\\\/schema\\\/person\\\/09863e516102a829e72bedcf3f84c6b0\",\"name\":\"mahmud\"}]}<\/script>\n<!-- \/ Yoast SEO plugin. -->","yoast_head_json":{"title":"\u0130ctimai f\u0259ala inzibati h\u0259bs verildiyi bildirilir - MEYDAN.TV","robots":{"index":"index","follow":"follow","max-snippet":"max-snippet:-1","max-image-preview":"max-image-preview:large","max-video-preview":"max-video-preview:-1"},"canonical":"https:\/\/www.meydan.tv\/az\/article\/ictimai-f%c9%99ala-inzibati-h%c9%99bs-verildiyi-bildirilir\/","og_locale":"az_AZ","og_type":"article","og_title":"\u0130ctimai f\u0259ala inzibati h\u0259bs verildiyi bildirilir - MEYDAN.TV","og_description":"\u201cD\u00fcn\u0259nd\u0259n ona z\u0259ng \u00e7atm\u0131r, evd\u0259 olmay\u0131b, dostlar\u0131 da harada oldu\u011funu ... Davam\u0131","og_url":"https:\/\/www.meydan.tv\/az\/article\/ictimai-f%c9%99ala-inzibati-h%c9%99bs-verildiyi-bildirilir\/","og_site_name":"MEYDAN.TV","article_published_time":"2025-03-11T12:02:19+00:00","article_modified_time":"2025-03-11T14:08:14+00:00","og_image":[{"width":2560,"height":1440,"url":"https:\/\/www.meydan.tv\/wp-content\/uploads\/img_6032-scaled.jpg","type":"image\/jpeg"}],"author":"mahmud","twitter_card":"summary_large_image","schema":{"@context":"https:\/\/schema.org","@graph":[{"@type":"Article","@id":"https:\/\/www.meydan.tv\/az\/article\/ictimai-f%c9%99ala-inzibati-h%c9%99bs-verildiyi-bildirilir\/#article","isPartOf":{"@id":"https:\/\/www.meydan.tv\/az\/article\/ictimai-f%c9%99ala-inzibati-h%c9%99bs-verildiyi-bildirilir\/"},"author":{"name":"mahmud","@id":"https:\/\/www.meydan.tv\/az\/#\/schema\/person\/09863e516102a829e72bedcf3f84c6b0"},"headline":"\u0130ctimai f\u0259ala inzibati h\u0259bs verildiyi bildirilir","datePublished":"2025-03-11T12:02:19+00:00","dateModified":"2025-03-11T14:08:14+00:00","mainEntityOfPage":{"@id":"https:\/\/www.meydan.tv\/az\/article\/ictimai-f%c9%99ala-inzibati-h%c9%99bs-verildiyi-bildirilir\/"},"wordCount":376,"publisher":{"@id":"https:\/\/www.meydan.tv\/az\/#organization"},"image":{"@id":"https:\/\/www.meydan.tv\/az\/article\/ictimai-f%c9%99ala-inzibati-h%c9%99bs-verildiyi-bildirilir\/#primaryimage"},"thumbnailUrl":"https:\/\/www.meydan.tv\/wp-content\/uploads\/img_6032-scaled.jpg","articleSection":["Siyas\u0259t","X\u0259b\u0259rl\u0259r"],"inLanguage":"az"},{"@type":"WebPage","@id":"https:\/\/www.meydan.tv\/az\/article\/ictimai-f%c9%99ala-inzibati-h%c9%99bs-verildiyi-bildirilir\/","url":"https:\/\/www.meydan.tv\/az\/article\/ictimai-f%c9%99ala-inzibati-h%c9%99bs-verildiyi-bildirilir\/","name":"\u0130ctimai f\u0259ala inzibati h\u0259bs verildiyi bildirilir - MEYDAN.TV","isPartOf":{"@id":"https:\/\/www.meydan.tv\/az\/#website"},"primaryImageOfPage":{"@id":"https:\/\/www.meydan.tv\/az\/article\/ictimai-f%c9%99ala-inzibati-h%c9%99bs-verildiyi-bildirilir\/#primaryimage"},"image":{"@id":"https:\/\/www.meydan.tv\/az\/article\/ictimai-f%c9%99ala-inzibati-h%c9%99bs-verildiyi-bildirilir\/#primaryimage"},"thumbnailUrl":"https:\/\/www.meydan.tv\/wp-content\/uploads\/img_6032-scaled.jpg","datePublished":"2025-03-11T12:02:19+00:00","dateModified":"2025-03-11T14:08:14+00:00","breadcrumb":{"@id":"https:\/\/www.meydan.tv\/az\/article\/ictimai-f%c9%99ala-inzibati-h%c9%99bs-verildiyi-bildirilir\/#breadcrumb"},"inLanguage":"az","potentialAction":[{"@type":"ReadAction","target":["https:\/\/www.meydan.tv\/az\/article\/ictimai-f%c9%99ala-inzibati-h%c9%99bs-verildiyi-bildirilir\/"]}]},{"@type":"ImageObject","inLanguage":"az","@id":"https:\/\/www.meydan.tv\/az\/article\/ictimai-f%c9%99ala-inzibati-h%c9%99bs-verildiyi-bildirilir\/#primaryimage","url":"https:\/\/www.meydan.tv\/wp-content\/uploads\/img_6032-scaled.jpg","contentUrl":"https:\/\/www.meydan.tv\/wp-content\/uploads\/img_6032-scaled.jpg","width":2560,"height":1440,"caption":"Foto: Meydan TV"},{"@type":"BreadcrumbList","@id":"https:\/\/www.meydan.tv\/az\/article\/ictimai-f%c9%99ala-inzibati-h%c9%99bs-verildiyi-bildirilir\/#breadcrumb","itemListElement":[{"@type":"ListItem","position":1,"name":"Ana s\u0259hif\u0259","item":"https:\/\/www.meydan.tv\/az\/"},{"@type":"ListItem","position":2,"name":"Siyas\u0259t","item":"https:\/\/www.meydan.tv\/az\/section\/siyaset\/"},{"@type":"ListItem","position":3,"name":"\u0130ctimai f\u0259ala inzibati h\u0259bs verildiyi bildirilir"}]},{"@type":"WebSite","@id":"https:\/\/www.meydan.tv\/az\/#website","url":"https:\/\/www.meydan.tv\/az\/","name":"MEYDAN.TV","description":"Meydan TV Az\u0259rbaycan\u0131n media m\u0259kan\u0131ndak\u0131 alternativ s\u0259sidir","publisher":{"@id":"https:\/\/www.meydan.tv\/az\/#organization"},"potentialAction":[{"@type":"SearchAction","target":{"@type":"EntryPoint","urlTemplate":"https:\/\/www.meydan.tv\/az\/?s={search_term_string}"},"query-input":{"@type":"PropertyValueSpecification","valueRequired":true,"valueName":"search_term_string"}}],"inLanguage":"az"},{"@type":"Organization","@id":"https:\/\/www.meydan.tv\/az\/#organization","name":"Meydan TV","url":"https:\/\/www.meydan.tv\/az\/","logo":{"@type":"ImageObject","inLanguage":"az","@id":"https:\/\/www.meydan.tv\/az\/#\/schema\/logo\/image\/","url":"https:\/\/www.meydan.tv\/wp-content\/uploads\/2021\/07\/meydan-logo.svg","contentUrl":"https:\/\/www.meydan.tv\/wp-content\/uploads\/2021\/07\/meydan-logo.svg","width":195,"height":46,"caption":"Meydan TV"},"image":{"@id":"https:\/\/www.meydan.tv\/az\/#\/schema\/logo\/image\/"}},{"@type":"Person","@id":"https:\/\/www.meydan.tv\/az\/#\/schema\/person\/09863e516102a829e72bedcf3f84c6b0","name":"mahmud"}]}},"_links":{"self":[{"href":"https:\/\/www.meydan.tv\/az\/wp-json\/wp\/v2\/posts\/327571","targetHints":{"allow":["GET"]}}],"collection":[{"href":"https:\/\/www.meydan.tv\/az\/wp-json\/wp\/v2\/posts"}],"about":[{"href":"https:\/\/www.meydan.tv\/az\/wp-json\/wp\/v2\/types\/post"}],"author":[{"embeddable":true,"href":"https:\/\/www.meydan.tv\/az\/wp-json\/wp\/v2\/users\/21"}],"replies":[{"embeddable":true,"href":"https:\/\/www.meydan.tv\/az\/wp-json\/wp\/v2\/comments?post=327571"}],"version-history":[{"count":3,"href":"https:\/\/www.meydan.tv\/az\/wp-json\/wp\/v2\/posts\/327571\/revisions"}],"predecessor-version":[{"id":327594,"href":"https:\/\/www.meydan.tv\/az\/wp-json\/wp\/v2\/posts\/327571\/revisions\/327594"}],"wp:featuredmedia":[{"embeddable":true,"href":"https:\/\/www.meydan.tv\/az\/wp-json\/wp\/v2\/media\/158913"}],"wp:attachment":[{"href":"https:\/\/www.meydan.tv\/az\/wp-json\/wp\/v2\/media?parent=327571"}],"wp:term":[{"taxonomy":"category","embeddable":true,"href":"https:\/\/www.meydan.tv\/az\/wp-json\/wp\/v2\/categories?post=327571"},{"taxonomy":"post_tag","embeddable":true,"href":"https:\/\/www.meydan.tv\/az\/wp-json\/wp\/v2\/tags?post=327571"}],"curies":[{"name":"wp","href":"https:\/\/api.w.org\/{rel}","templated":true}]}}