{"id":327551,"date":"2025-03-11T13:46:26","date_gmt":"2025-03-11T09:46:26","guid":{"rendered":"https:\/\/www.meydan.tv\/?p=327551"},"modified":"2025-03-11T15:23:21","modified_gmt":"2025-03-11T11:23:21","slug":"abs-konqresind%c9%99-az%c9%99rbaycan-hakimiyy%c9%99tin%c9%99-qarsi-qanun-layih%c9%99sinin-hazirlandigi-bildirilir","status":"publish","type":"post","link":"https:\/\/www.meydan.tv\/az\/article\/abs-konqresind%c9%99-az%c9%99rbaycan-hakimiyy%c9%99tin%c9%99-qarsi-qanun-layih%c9%99sinin-hazirlandigi-bildirilir\/","title":{"rendered":"AB\u015e Konqresind\u0259 Az\u0259rbaycan hakimiyy\u0259tin\u0259 qar\u015f\u0131 qanun layih\u0259sinin haz\u0131rland\u0131\u011f\u0131 bildirilir"},"content":{"rendered":"\n<p><\/p>\n\n\n\n<p><strong><em>Qanun layih\u0259sinin t\u0259l\u0259bi, Qubad \u0130bado\u011flu azad olunana q\u0259d\u0259r \u0130lham \u018fliyevin t\u0259yyar\u0259sin\u0259 ehtiyat hiss\u0259l\u0259rinin ixrac\u0131n\u0131n qada\u011fan edilm\u0259sidir<\/em><\/strong><\/p>\n\n\n\n<p>AB\u015e Konqresind\u0259 ikipartiyal\u0131 qanunvericil\u0259r qrupunun haz\u0131rda ev dustaql\u0131\u011f\u0131nda olan iqtisad\u00e7\u0131 Qubad \u0130bado\u011flunun azad olunmas\u0131 t\u0259l\u0259bi il\u0259 qanun layih\u0259si haz\u0131rlad\u0131\u011f\u0131 bildirilir.<\/p>\n\n\n\n<p>Bu bar\u0259d\u0259 Va\u015finqtonda ya\u015fayan az\u0259rbaycanl\u0131 jurnalist Aleks Raufo\u011flu \u00f6z\u00fcn\u00fcn \u201cX\u201d hesab\u0131nda <a href=\"https:\/\/x.com\/ralakbar\/status\/1899104672247644337\" target=\"_blank\" rel=\"noreferrer noopener\">yaz\u0131b.<\/a><\/p>\n\n\n\n<p>\u201cAz\u0259rbaycan t\u0259yyar\u0259 m\u00fch\u0259rrikl\u0259rinin ixrac\u0131na m\u0259hdudiyy\u0259tl\u0259r akt\u0131\u201d adl\u0131 qanun layih\u0259sinin t\u0259l\u0259bi, Qubad \u0130bado\u011flu azad olunana q\u0259d\u0259r Prezident \u0130lham \u018fliyevin t\u0259yyar\u0259sin\u0259 ehtiyat hiss\u0259l\u0259rinin ixrac\u0131n\u0131n qada\u011fan edilm\u0259sidir.<\/p>\n\n\n\n<p>Qanun layih\u0259si AB\u015e D\u00f6vl\u0259t Katibi Marko Rubiodan t\u0259l\u0259b edir ki, q\u00fcvv\u0259y\u0259 min\u0259nd\u0259n sonra 30 g\u00fcnd\u0259n gec olmayaraq Konqresin m\u00fcvafiq komit\u0259l\u0259rin\u0259 Qubad \u0130bado\u011flunun saxlanma v\u0259ziyy\u0259ti, AB\u015e-nin onun azad edilm\u0259si \u00fc\u00e7\u00fcn diplomatik s\u0259yl\u0259ri, Az\u0259rbaycan\u0131n sanksiyadan yay\u0131nma c\u0259hdl\u0259rin\u0259 dair hesabat t\u0259qdim etsin.<\/p>\n\n\n\n<p>Qanun q\u00fcvv\u0259y\u0259 mindiyi t\u0259qdird\u0259, h\u0259r hans\u0131 bir xarici \u015firk\u0259t, maliyy\u0259 institutu v\u0259 ya h\u00f6kum\u0259tin \u201cGE90-110B1L\u201d v\u0259 ya \u201cGE90-115B\u201d m\u00fch\u0259rrik hiss\u0259l\u0259rinin Az\u0259rbaycana ixrac\u0131na yard\u0131m etdiyi a\u015fkar edil\u0259rs\u0259, AB\u015e onlara sanksiyalar t\u0259tbiq ed\u0259c\u0259k, o c\u00fcml\u0259d\u0259n pozuntu t\u00f6r\u0259d\u0259n qurumun i\u015ftirak etdiyi maliyy\u0259 \u0259m\u0259liyyatlar\u0131n\u0131 bloklayacaq v\u0259 Qanunu pozan t\u0259\u015fkilat \u00fc\u00e7\u00fcn AB\u015e ixrac imtiyazlar\u0131n\u0131 l\u0259\u011fv ed\u0259c\u0259k.<\/p>\n\n\n\n<p>Qubad \u0130bado\u011flu London \u0130qtisadiyyat M\u0259kt\u0259binin ke\u00e7mi\u015f t\u0259dqiqat\u00e7\u0131s\u0131, iqtisad\u00e7\u0131d\u0131r.<\/p>\n\n\n\n<p>Az\u0259rbaycanda d\u00f6vl\u0259t x\u0259rcl\u0259ri, d\u00f6vl\u0259t m\u00fc\u0259ssis\u0259l\u0259rind\u0259ki korrupsiya mexanizmini if\u015fa etm\u0259kd\u0259 tan\u0131n\u0131r.<\/p>\n\n\n\n<p>O, 2023-c\u00fc il iyulun 23-d\u0259 saxlan\u0131l\u0131b, ona qar\u015f\u0131 Cinay\u0259t M\u0259c\u0259ll\u0259sinin 204.3.1 madd\u0259si il\u0259 ittiham ir\u0259li s\u00fcr\u00fcl\u00fcb.<\/p>\n\n\n\n<p>H\u0259min g\u00fcn onun ofisind\u0259 ke\u00e7iril\u0259n axtar\u0131\u015fda 40 min dollar pul tap\u0131ld\u0131\u011f\u0131, onun bir hiss\u0259sinin saxta oldu\u011fu iddia edilib.<\/p>\n\n\n\n<p>T\u0259qsirl\u0259ndiril\u0259n iqtisad\u00e7\u0131 bildirib ki, h\u0259min pulun ona he\u00e7 bir aidiyy\u0259ti yoxdur v\u0259 ora polisl\u0259rin \u00f6zl\u0259ri yerl\u0259\u015fdirib, sonra da g\u00f6t\u00fcr\u00fcbl\u0259r.<\/p>\n\n\n\n<p>\u0130qtisad\u00e7\u0131 h\u0259m\u00e7inin FET\u00d6 (Fetullah G\u00fclen Terror \u00d6rg\u00fct\u00fc) il\u0259 \u0259laq\u0259d\u0259 ittiham olunur. Lakin o, ittiham\u0131 r\u0259dd edir, siyasi sifari\u015fl\u0259 h\u0259bs olunduqlar\u0131n\u0131 deyir.<\/p>\n\n\n\n<p>Qubad \u0130bado\u011flu h\u0259bs olundu\u011fu g\u00fcn axtar\u0131\u015fdan sonra binadan \u00e7\u0131xar\u0131l\u0131b apar\u0131lark\u0259n Prezident \u0130lham \u018fliyevin sifari\u015fil\u0259 h\u0259bs olundu\u011funu bildirib.<\/p>\n\n\n\n<p>O, 2024-c\u00fc il aprelin 22-d\u0259 ev dustaql\u0131\u011f\u0131na burax\u0131l\u0131b.<\/p>\n\n\n\n<p>2024-c\u00fc il may\u0131n 14-d\u0259 is\u0259 s\u0259dri oldu\u011fu Az\u0259rbaycan Demokratiya v\u0259 Rifah Partiyas\u0131n\u0131n (ADR) f\u0259aliyy\u0259tinin dayand\u0131r\u0131lmas\u0131 bar\u0259d\u0259 q\u0259rar q\u0259bul edilib.<\/p>\n\n\n\n<p>ADR \u0130dar\u0259 Hey\u0259ti partiyan\u0131n f\u0259aliyy\u0259tini dayand\u0131rmas\u0131n\u0131 qeydiyyata al\u0131nmamas\u0131yla izah edib.<\/p>\n\n\n\n<p>Qubad \u0130bado\u011flu ev dustaql\u0131\u011f\u0131na burax\u0131lsa da, sonradan bu q\u0259timkan t\u0259dbiri \u201cpolis n\u0259zar\u0259tin\u0259 verm\u0259\u201d il\u0259 \u0259v\u0259z olunub.<\/p>\n","protected":false},"excerpt":{"rendered":"<p>Qanun layih\u0259sinin t\u0259l\u0259bi, Qubad \u0130bado\u011flu azad olunana q\u0259d\u0259r \u0130lham \u018fliyevin &#8230; <\/p>\n<p class=\"read-more-container\"><a title=\"AB\u015e Konqresind\u0259 Az\u0259rbaycan hakimiyy\u0259tin\u0259 qar\u015f\u0131 qanun layih\u0259sinin haz\u0131rland\u0131\u011f\u0131 bildirilir\" class=\"read-more button\" href=\"https:\/\/www.meydan.tv\/az\/article\/abs-konqresind%c9%99-az%c9%99rbaycan-hakimiyy%c9%99tin%c9%99-qarsi-qanun-layih%c9%99sinin-hazirlandigi-bildirilir\/#more-327551\" aria-label=\"Read more about AB\u015e Konqresind\u0259 Az\u0259rbaycan hakimiyy\u0259tin\u0259 qar\u015f\u0131 qanun layih\u0259sinin haz\u0131rland\u0131\u011f\u0131 bildirilir\">Davam\u0131<\/a><\/p>\n","protected":false},"author":21,"featured_media":282117,"comment_status":"closed","ping_status":"closed","sticky":false,"template":"","format":"standard","meta":{"_acf_changed":false,"_sitemap_exclude":false,"_sitemap_priority":"","_sitemap_frequency":"","footnotes":""},"categories":[59,79,56],"tags":[],"class_list":["post-327551","post","type-post","status-publish","format-standard","has-post-thumbnail","hentry","category-siyaset","category-featured","category-xeberler","infinite-scroll-item","generate-columns","tablet-grid-50","mobile-grid-100","grid-parent","grid-33","no-featured-image-padding"],"acf":[],"yoast_head":"<!-- This site is optimized with the Yoast SEO plugin v27.5 - https:\/\/yoast.com\/product\/yoast-seo-wordpress\/ -->\n<title>AB\u015e Konqresind\u0259 Az\u0259rbaycan hakimiyy\u0259tin\u0259 qar\u015f\u0131 qanun layih\u0259sinin haz\u0131rland\u0131\u011f\u0131 bildirilir - MEYDAN.TV<\/title>\n<meta name=\"robots\" content=\"index, follow, max-snippet:-1, max-image-preview:large, max-video-preview:-1\" \/>\n<link rel=\"canonical\" href=\"https:\/\/www.meydan.tv\/az\/article\/abs-konqresind%c9%99-az%c9%99rbaycan-hakimiyy%c9%99tin%c9%99-qarsi-qanun-layih%c9%99sinin-hazirlandigi-bildirilir\/\" \/>\n<meta property=\"og:locale\" content=\"az_AZ\" \/>\n<meta property=\"og:type\" content=\"article\" \/>\n<meta property=\"og:title\" content=\"AB\u015e Konqresind\u0259 Az\u0259rbaycan hakimiyy\u0259tin\u0259 qar\u015f\u0131 qanun layih\u0259sinin haz\u0131rland\u0131\u011f\u0131 bildirilir - MEYDAN.TV\" \/>\n<meta property=\"og:description\" content=\"Qanun layih\u0259sinin t\u0259l\u0259bi, Qubad \u0130bado\u011flu azad olunana q\u0259d\u0259r \u0130lham \u018fliyevin ... Davam\u0131\" \/>\n<meta property=\"og:url\" content=\"https:\/\/www.meydan.tv\/az\/article\/abs-konqresind%c9%99-az%c9%99rbaycan-hakimiyy%c9%99tin%c9%99-qarsi-qanun-layih%c9%99sinin-hazirlandigi-bildirilir\/\" \/>\n<meta property=\"og:site_name\" content=\"MEYDAN.TV\" \/>\n<meta property=\"article:published_time\" content=\"2025-03-11T09:46:26+00:00\" \/>\n<meta property=\"article:modified_time\" content=\"2025-03-11T11:23:21+00:00\" \/>\n<meta property=\"og:image\" content=\"https:\/\/www.meydan.tv\/wp-content\/uploads\/shutterstock_2281227039.jpg\" \/>\n\t<meta property=\"og:image:width\" content=\"1200\" \/>\n\t<meta property=\"og:image:height\" content=\"675\" \/>\n\t<meta property=\"og:image:type\" content=\"image\/jpeg\" \/>\n<meta name=\"author\" content=\"mahmud\" \/>\n<meta name=\"twitter:card\" content=\"summary_large_image\" \/>\n<script type=\"application\/ld+json\" class=\"yoast-schema-graph\">{\"@context\":\"https:\\\/\\\/schema.org\",\"@graph\":[{\"@type\":\"Article\",\"@id\":\"https:\\\/\\\/www.meydan.tv\\\/az\\\/article\\\/abs-konqresind%c9%99-az%c9%99rbaycan-hakimiyy%c9%99tin%c9%99-qarsi-qanun-layih%c9%99sinin-hazirlandigi-bildirilir\\\/#article\",\"isPartOf\":{\"@id\":\"https:\\\/\\\/www.meydan.tv\\\/az\\\/article\\\/abs-konqresind%c9%99-az%c9%99rbaycan-hakimiyy%c9%99tin%c9%99-qarsi-qanun-layih%c9%99sinin-hazirlandigi-bildirilir\\\/\"},\"author\":{\"name\":\"mahmud\",\"@id\":\"https:\\\/\\\/www.meydan.tv\\\/az\\\/#\\\/schema\\\/person\\\/09863e516102a829e72bedcf3f84c6b0\"},\"headline\":\"AB\u015e Konqresind\u0259 Az\u0259rbaycan hakimiyy\u0259tin\u0259 qar\u015f\u0131 qanun layih\u0259sinin haz\u0131rland\u0131\u011f\u0131 bildirilir\",\"datePublished\":\"2025-03-11T09:46:26+00:00\",\"dateModified\":\"2025-03-11T11:23:21+00:00\",\"mainEntityOfPage\":{\"@id\":\"https:\\\/\\\/www.meydan.tv\\\/az\\\/article\\\/abs-konqresind%c9%99-az%c9%99rbaycan-hakimiyy%c9%99tin%c9%99-qarsi-qanun-layih%c9%99sinin-hazirlandigi-bildirilir\\\/\"},\"wordCount\":560,\"publisher\":{\"@id\":\"https:\\\/\\\/www.meydan.tv\\\/az\\\/#organization\"},\"image\":{\"@id\":\"https:\\\/\\\/www.meydan.tv\\\/az\\\/article\\\/abs-konqresind%c9%99-az%c9%99rbaycan-hakimiyy%c9%99tin%c9%99-qarsi-qanun-layih%c9%99sinin-hazirlandigi-bildirilir\\\/#primaryimage\"},\"thumbnailUrl\":\"https:\\\/\\\/www.meydan.tv\\\/wp-content\\\/uploads\\\/shutterstock_2281227039.jpg\",\"articleSection\":[\"Siyas\u0259t\",\"T\u00f6vsiy\u0259\",\"X\u0259b\u0259rl\u0259r\"],\"inLanguage\":\"az\"},{\"@type\":\"WebPage\",\"@id\":\"https:\\\/\\\/www.meydan.tv\\\/az\\\/article\\\/abs-konqresind%c9%99-az%c9%99rbaycan-hakimiyy%c9%99tin%c9%99-qarsi-qanun-layih%c9%99sinin-hazirlandigi-bildirilir\\\/\",\"url\":\"https:\\\/\\\/www.meydan.tv\\\/az\\\/article\\\/abs-konqresind%c9%99-az%c9%99rbaycan-hakimiyy%c9%99tin%c9%99-qarsi-qanun-layih%c9%99sinin-hazirlandigi-bildirilir\\\/\",\"name\":\"AB\u015e Konqresind\u0259 Az\u0259rbaycan hakimiyy\u0259tin\u0259 qar\u015f\u0131 qanun layih\u0259sinin haz\u0131rland\u0131\u011f\u0131 bildirilir - MEYDAN.TV\",\"isPartOf\":{\"@id\":\"https:\\\/\\\/www.meydan.tv\\\/az\\\/#website\"},\"primaryImageOfPage\":{\"@id\":\"https:\\\/\\\/www.meydan.tv\\\/az\\\/article\\\/abs-konqresind%c9%99-az%c9%99rbaycan-hakimiyy%c9%99tin%c9%99-qarsi-qanun-layih%c9%99sinin-hazirlandigi-bildirilir\\\/#primaryimage\"},\"image\":{\"@id\":\"https:\\\/\\\/www.meydan.tv\\\/az\\\/article\\\/abs-konqresind%c9%99-az%c9%99rbaycan-hakimiyy%c9%99tin%c9%99-qarsi-qanun-layih%c9%99sinin-hazirlandigi-bildirilir\\\/#primaryimage\"},\"thumbnailUrl\":\"https:\\\/\\\/www.meydan.tv\\\/wp-content\\\/uploads\\\/shutterstock_2281227039.jpg\",\"datePublished\":\"2025-03-11T09:46:26+00:00\",\"dateModified\":\"2025-03-11T11:23:21+00:00\",\"breadcrumb\":{\"@id\":\"https:\\\/\\\/www.meydan.tv\\\/az\\\/article\\\/abs-konqresind%c9%99-az%c9%99rbaycan-hakimiyy%c9%99tin%c9%99-qarsi-qanun-layih%c9%99sinin-hazirlandigi-bildirilir\\\/#breadcrumb\"},\"inLanguage\":\"az\",\"potentialAction\":[{\"@type\":\"ReadAction\",\"target\":[\"https:\\\/\\\/www.meydan.tv\\\/az\\\/article\\\/abs-konqresind%c9%99-az%c9%99rbaycan-hakimiyy%c9%99tin%c9%99-qarsi-qanun-layih%c9%99sinin-hazirlandigi-bildirilir\\\/\"]}]},{\"@type\":\"ImageObject\",\"inLanguage\":\"az\",\"@id\":\"https:\\\/\\\/www.meydan.tv\\\/az\\\/article\\\/abs-konqresind%c9%99-az%c9%99rbaycan-hakimiyy%c9%99tin%c9%99-qarsi-qanun-layih%c9%99sinin-hazirlandigi-bildirilir\\\/#primaryimage\",\"url\":\"https:\\\/\\\/www.meydan.tv\\\/wp-content\\\/uploads\\\/shutterstock_2281227039.jpg\",\"contentUrl\":\"https:\\\/\\\/www.meydan.tv\\\/wp-content\\\/uploads\\\/shutterstock_2281227039.jpg\",\"width\":1200,\"height\":675,\"caption\":\"Az\u0259rbaycana sanksiya \u00e7a\u011f\u0131r\u0131\u015f\u0131. Foto: Postmodern Studio\\\/shutterstock\"},{\"@type\":\"BreadcrumbList\",\"@id\":\"https:\\\/\\\/www.meydan.tv\\\/az\\\/article\\\/abs-konqresind%c9%99-az%c9%99rbaycan-hakimiyy%c9%99tin%c9%99-qarsi-qanun-layih%c9%99sinin-hazirlandigi-bildirilir\\\/#breadcrumb\",\"itemListElement\":[{\"@type\":\"ListItem\",\"position\":1,\"name\":\"Ana s\u0259hif\u0259\",\"item\":\"https:\\\/\\\/www.meydan.tv\\\/az\\\/\"},{\"@type\":\"ListItem\",\"position\":2,\"name\":\"Siyas\u0259t\",\"item\":\"https:\\\/\\\/www.meydan.tv\\\/az\\\/section\\\/siyaset\\\/\"},{\"@type\":\"ListItem\",\"position\":3,\"name\":\"AB\u015e Konqresind\u0259 Az\u0259rbaycan hakimiyy\u0259tin\u0259 qar\u015f\u0131 qanun layih\u0259sinin haz\u0131rland\u0131\u011f\u0131 bildirilir\"}]},{\"@type\":\"WebSite\",\"@id\":\"https:\\\/\\\/www.meydan.tv\\\/az\\\/#website\",\"url\":\"https:\\\/\\\/www.meydan.tv\\\/az\\\/\",\"name\":\"MEYDAN.TV\",\"description\":\"Meydan TV Az\u0259rbaycan\u0131n media m\u0259kan\u0131ndak\u0131 alternativ s\u0259sidir\",\"publisher\":{\"@id\":\"https:\\\/\\\/www.meydan.tv\\\/az\\\/#organization\"},\"potentialAction\":[{\"@type\":\"SearchAction\",\"target\":{\"@type\":\"EntryPoint\",\"urlTemplate\":\"https:\\\/\\\/www.meydan.tv\\\/az\\\/?s={search_term_string}\"},\"query-input\":{\"@type\":\"PropertyValueSpecification\",\"valueRequired\":true,\"valueName\":\"search_term_string\"}}],\"inLanguage\":\"az\"},{\"@type\":\"Organization\",\"@id\":\"https:\\\/\\\/www.meydan.tv\\\/az\\\/#organization\",\"name\":\"Meydan TV\",\"url\":\"https:\\\/\\\/www.meydan.tv\\\/az\\\/\",\"logo\":{\"@type\":\"ImageObject\",\"inLanguage\":\"az\",\"@id\":\"https:\\\/\\\/www.meydan.tv\\\/az\\\/#\\\/schema\\\/logo\\\/image\\\/\",\"url\":\"https:\\\/\\\/www.meydan.tv\\\/wp-content\\\/uploads\\\/2021\\\/07\\\/meydan-logo.svg\",\"contentUrl\":\"https:\\\/\\\/www.meydan.tv\\\/wp-content\\\/uploads\\\/2021\\\/07\\\/meydan-logo.svg\",\"width\":195,\"height\":46,\"caption\":\"Meydan TV\"},\"image\":{\"@id\":\"https:\\\/\\\/www.meydan.tv\\\/az\\\/#\\\/schema\\\/logo\\\/image\\\/\"}},{\"@type\":\"Person\",\"@id\":\"https:\\\/\\\/www.meydan.tv\\\/az\\\/#\\\/schema\\\/person\\\/09863e516102a829e72bedcf3f84c6b0\",\"name\":\"mahmud\"}]}<\/script>\n<!-- \/ Yoast SEO plugin. -->","yoast_head_json":{"title":"AB\u015e Konqresind\u0259 Az\u0259rbaycan hakimiyy\u0259tin\u0259 qar\u015f\u0131 qanun layih\u0259sinin haz\u0131rland\u0131\u011f\u0131 bildirilir - MEYDAN.TV","robots":{"index":"index","follow":"follow","max-snippet":"max-snippet:-1","max-image-preview":"max-image-preview:large","max-video-preview":"max-video-preview:-1"},"canonical":"https:\/\/www.meydan.tv\/az\/article\/abs-konqresind%c9%99-az%c9%99rbaycan-hakimiyy%c9%99tin%c9%99-qarsi-qanun-layih%c9%99sinin-hazirlandigi-bildirilir\/","og_locale":"az_AZ","og_type":"article","og_title":"AB\u015e Konqresind\u0259 Az\u0259rbaycan hakimiyy\u0259tin\u0259 qar\u015f\u0131 qanun layih\u0259sinin haz\u0131rland\u0131\u011f\u0131 bildirilir - MEYDAN.TV","og_description":"Qanun layih\u0259sinin t\u0259l\u0259bi, Qubad \u0130bado\u011flu azad olunana q\u0259d\u0259r \u0130lham \u018fliyevin ... Davam\u0131","og_url":"https:\/\/www.meydan.tv\/az\/article\/abs-konqresind%c9%99-az%c9%99rbaycan-hakimiyy%c9%99tin%c9%99-qarsi-qanun-layih%c9%99sinin-hazirlandigi-bildirilir\/","og_site_name":"MEYDAN.TV","article_published_time":"2025-03-11T09:46:26+00:00","article_modified_time":"2025-03-11T11:23:21+00:00","og_image":[{"width":1200,"height":675,"url":"https:\/\/www.meydan.tv\/wp-content\/uploads\/shutterstock_2281227039.jpg","type":"image\/jpeg"}],"author":"mahmud","twitter_card":"summary_large_image","schema":{"@context":"https:\/\/schema.org","@graph":[{"@type":"Article","@id":"https:\/\/www.meydan.tv\/az\/article\/abs-konqresind%c9%99-az%c9%99rbaycan-hakimiyy%c9%99tin%c9%99-qarsi-qanun-layih%c9%99sinin-hazirlandigi-bildirilir\/#article","isPartOf":{"@id":"https:\/\/www.meydan.tv\/az\/article\/abs-konqresind%c9%99-az%c9%99rbaycan-hakimiyy%c9%99tin%c9%99-qarsi-qanun-layih%c9%99sinin-hazirlandigi-bildirilir\/"},"author":{"name":"mahmud","@id":"https:\/\/www.meydan.tv\/az\/#\/schema\/person\/09863e516102a829e72bedcf3f84c6b0"},"headline":"AB\u015e Konqresind\u0259 Az\u0259rbaycan hakimiyy\u0259tin\u0259 qar\u015f\u0131 qanun layih\u0259sinin haz\u0131rland\u0131\u011f\u0131 bildirilir","datePublished":"2025-03-11T09:46:26+00:00","dateModified":"2025-03-11T11:23:21+00:00","mainEntityOfPage":{"@id":"https:\/\/www.meydan.tv\/az\/article\/abs-konqresind%c9%99-az%c9%99rbaycan-hakimiyy%c9%99tin%c9%99-qarsi-qanun-layih%c9%99sinin-hazirlandigi-bildirilir\/"},"wordCount":560,"publisher":{"@id":"https:\/\/www.meydan.tv\/az\/#organization"},"image":{"@id":"https:\/\/www.meydan.tv\/az\/article\/abs-konqresind%c9%99-az%c9%99rbaycan-hakimiyy%c9%99tin%c9%99-qarsi-qanun-layih%c9%99sinin-hazirlandigi-bildirilir\/#primaryimage"},"thumbnailUrl":"https:\/\/www.meydan.tv\/wp-content\/uploads\/shutterstock_2281227039.jpg","articleSection":["Siyas\u0259t","T\u00f6vsiy\u0259","X\u0259b\u0259rl\u0259r"],"inLanguage":"az"},{"@type":"WebPage","@id":"https:\/\/www.meydan.tv\/az\/article\/abs-konqresind%c9%99-az%c9%99rbaycan-hakimiyy%c9%99tin%c9%99-qarsi-qanun-layih%c9%99sinin-hazirlandigi-bildirilir\/","url":"https:\/\/www.meydan.tv\/az\/article\/abs-konqresind%c9%99-az%c9%99rbaycan-hakimiyy%c9%99tin%c9%99-qarsi-qanun-layih%c9%99sinin-hazirlandigi-bildirilir\/","name":"AB\u015e Konqresind\u0259 Az\u0259rbaycan hakimiyy\u0259tin\u0259 qar\u015f\u0131 qanun layih\u0259sinin haz\u0131rland\u0131\u011f\u0131 bildirilir - MEYDAN.TV","isPartOf":{"@id":"https:\/\/www.meydan.tv\/az\/#website"},"primaryImageOfPage":{"@id":"https:\/\/www.meydan.tv\/az\/article\/abs-konqresind%c9%99-az%c9%99rbaycan-hakimiyy%c9%99tin%c9%99-qarsi-qanun-layih%c9%99sinin-hazirlandigi-bildirilir\/#primaryimage"},"image":{"@id":"https:\/\/www.meydan.tv\/az\/article\/abs-konqresind%c9%99-az%c9%99rbaycan-hakimiyy%c9%99tin%c9%99-qarsi-qanun-layih%c9%99sinin-hazirlandigi-bildirilir\/#primaryimage"},"thumbnailUrl":"https:\/\/www.meydan.tv\/wp-content\/uploads\/shutterstock_2281227039.jpg","datePublished":"2025-03-11T09:46:26+00:00","dateModified":"2025-03-11T11:23:21+00:00","breadcrumb":{"@id":"https:\/\/www.meydan.tv\/az\/article\/abs-konqresind%c9%99-az%c9%99rbaycan-hakimiyy%c9%99tin%c9%99-qarsi-qanun-layih%c9%99sinin-hazirlandigi-bildirilir\/#breadcrumb"},"inLanguage":"az","potentialAction":[{"@type":"ReadAction","target":["https:\/\/www.meydan.tv\/az\/article\/abs-konqresind%c9%99-az%c9%99rbaycan-hakimiyy%c9%99tin%c9%99-qarsi-qanun-layih%c9%99sinin-hazirlandigi-bildirilir\/"]}]},{"@type":"ImageObject","inLanguage":"az","@id":"https:\/\/www.meydan.tv\/az\/article\/abs-konqresind%c9%99-az%c9%99rbaycan-hakimiyy%c9%99tin%c9%99-qarsi-qanun-layih%c9%99sinin-hazirlandigi-bildirilir\/#primaryimage","url":"https:\/\/www.meydan.tv\/wp-content\/uploads\/shutterstock_2281227039.jpg","contentUrl":"https:\/\/www.meydan.tv\/wp-content\/uploads\/shutterstock_2281227039.jpg","width":1200,"height":675,"caption":"Az\u0259rbaycana sanksiya \u00e7a\u011f\u0131r\u0131\u015f\u0131. Foto: Postmodern Studio\/shutterstock"},{"@type":"BreadcrumbList","@id":"https:\/\/www.meydan.tv\/az\/article\/abs-konqresind%c9%99-az%c9%99rbaycan-hakimiyy%c9%99tin%c9%99-qarsi-qanun-layih%c9%99sinin-hazirlandigi-bildirilir\/#breadcrumb","itemListElement":[{"@type":"ListItem","position":1,"name":"Ana s\u0259hif\u0259","item":"https:\/\/www.meydan.tv\/az\/"},{"@type":"ListItem","position":2,"name":"Siyas\u0259t","item":"https:\/\/www.meydan.tv\/az\/section\/siyaset\/"},{"@type":"ListItem","position":3,"name":"AB\u015e Konqresind\u0259 Az\u0259rbaycan hakimiyy\u0259tin\u0259 qar\u015f\u0131 qanun layih\u0259sinin haz\u0131rland\u0131\u011f\u0131 bildirilir"}]},{"@type":"WebSite","@id":"https:\/\/www.meydan.tv\/az\/#website","url":"https:\/\/www.meydan.tv\/az\/","name":"MEYDAN.TV","description":"Meydan TV Az\u0259rbaycan\u0131n media m\u0259kan\u0131ndak\u0131 alternativ s\u0259sidir","publisher":{"@id":"https:\/\/www.meydan.tv\/az\/#organization"},"potentialAction":[{"@type":"SearchAction","target":{"@type":"EntryPoint","urlTemplate":"https:\/\/www.meydan.tv\/az\/?s={search_term_string}"},"query-input":{"@type":"PropertyValueSpecification","valueRequired":true,"valueName":"search_term_string"}}],"inLanguage":"az"},{"@type":"Organization","@id":"https:\/\/www.meydan.tv\/az\/#organization","name":"Meydan TV","url":"https:\/\/www.meydan.tv\/az\/","logo":{"@type":"ImageObject","inLanguage":"az","@id":"https:\/\/www.meydan.tv\/az\/#\/schema\/logo\/image\/","url":"https:\/\/www.meydan.tv\/wp-content\/uploads\/2021\/07\/meydan-logo.svg","contentUrl":"https:\/\/www.meydan.tv\/wp-content\/uploads\/2021\/07\/meydan-logo.svg","width":195,"height":46,"caption":"Meydan TV"},"image":{"@id":"https:\/\/www.meydan.tv\/az\/#\/schema\/logo\/image\/"}},{"@type":"Person","@id":"https:\/\/www.meydan.tv\/az\/#\/schema\/person\/09863e516102a829e72bedcf3f84c6b0","name":"mahmud"}]}},"_links":{"self":[{"href":"https:\/\/www.meydan.tv\/az\/wp-json\/wp\/v2\/posts\/327551","targetHints":{"allow":["GET"]}}],"collection":[{"href":"https:\/\/www.meydan.tv\/az\/wp-json\/wp\/v2\/posts"}],"about":[{"href":"https:\/\/www.meydan.tv\/az\/wp-json\/wp\/v2\/types\/post"}],"author":[{"embeddable":true,"href":"https:\/\/www.meydan.tv\/az\/wp-json\/wp\/v2\/users\/21"}],"replies":[{"embeddable":true,"href":"https:\/\/www.meydan.tv\/az\/wp-json\/wp\/v2\/comments?post=327551"}],"version-history":[{"count":2,"href":"https:\/\/www.meydan.tv\/az\/wp-json\/wp\/v2\/posts\/327551\/revisions"}],"predecessor-version":[{"id":327565,"href":"https:\/\/www.meydan.tv\/az\/wp-json\/wp\/v2\/posts\/327551\/revisions\/327565"}],"wp:featuredmedia":[{"embeddable":true,"href":"https:\/\/www.meydan.tv\/az\/wp-json\/wp\/v2\/media\/282117"}],"wp:attachment":[{"href":"https:\/\/www.meydan.tv\/az\/wp-json\/wp\/v2\/media?parent=327551"}],"wp:term":[{"taxonomy":"category","embeddable":true,"href":"https:\/\/www.meydan.tv\/az\/wp-json\/wp\/v2\/categories?post=327551"},{"taxonomy":"post_tag","embeddable":true,"href":"https:\/\/www.meydan.tv\/az\/wp-json\/wp\/v2\/tags?post=327551"}],"curies":[{"name":"wp","href":"https:\/\/api.w.org\/{rel}","templated":true}]}}