{"id":327508,"date":"2025-03-10T20:51:51","date_gmt":"2025-03-10T16:51:51","guid":{"rendered":"https:\/\/www.meydan.tv\/?p=327508"},"modified":"2025-03-10T20:51:55","modified_gmt":"2025-03-10T16:51:55","slug":"hokum%c9%99t-icm%c9%99li-suyun-azaldigini-deyir-d%c9%99niz-suyunun-duzsuzlasdirilmasini-t%c9%99klif-edir","status":"publish","type":"post","link":"https:\/\/www.meydan.tv\/az\/article\/hokum%c9%99t-icm%c9%99li-suyun-azaldigini-deyir-d%c9%99niz-suyunun-duzsuzlasdirilmasini-t%c9%99klif-edir\/","title":{"rendered":"H\u00f6kum\u0259t i\u00e7m\u0259li suyun azald\u0131\u011f\u0131n\u0131 deyir, d\u0259niz suyunun duzsuzla\u015fd\u0131r\u0131lmas\u0131n\u0131 t\u0259klif edir"},"content":{"rendered":"\n<p><\/p>\n\n\n\n<p><strong><em>Ekspertl\u0259r is\u0259 hesab edirl\u0259r ki, Az\u0259rbaycanda \u015firin su ehtiyatlar\u0131 t\u00fck\u0259nm\u0259k t\u0259hl\u00fck\u0259sind\u0259n uzaqd\u0131r<\/em><\/strong><\/p>\n\n\n\n<p>Son iyirmi ildir ki, Az\u0259rbaycanda su q\u0131tl\u0131\u011f\u0131n\u0131n yarand\u0131\u011f\u0131 bildirilir.<\/p>\n\n\n\n<p>H\u00f6kum\u0259t \u00f6lk\u0259d\u0259ki su q\u0131tl\u0131\u011f\u0131n\u0131, \u0259sas\u0259n, qlobal iqlim d\u0259yi\u015fiklikl\u0259ri il\u0259 \u0259laq\u0259l\u0259ndirir.<\/p>\n\n\n\n<p>Bug\u00fcnl\u0259rd\u0259 Az\u0259rbaycan D\u00f6vl\u0259t Su Ehtiyatlar\u0131 Agentliyi (ADSEA) yan\u0131nda Sular\u0131n \u0130stifad\u0259sin\u0259 v\u0259 M\u00fchafiz\u0259sin\u0259 D\u00f6vl\u0259t N\u0259zar\u0259ti xidm\u0259tinin \u015f\u00f6b\u0259 m\u00fcdiri Rafiq Verdiyev<a href=\"https:\/\/azertag.az\/xeber\/azerbaycanda_su_ehtiyatlari_4_il_erzinde_25_faizden_chox_azalib-3446599\" target=\"_blank\" rel=\"noreferrer noopener\"> deyib<\/a> ki, azalma 25 faizdir.<\/p>\n\n\n\n<p>D\u00f6vl\u0259t r\u0259smisinin s\u00f6zl\u0259rin\u0259 g\u00f6r\u0259, \u201cm\u00fcxt\u0259lif iqlim ssenaril\u0259ri\u201dn\u0259 \u0259sas\u0259n g\u0259l\u0259c\u0259kd\u0259 bu r\u0259q\u0259m artaraq 30 faiz olacaq.<\/p>\n\n\n\n<p>Aidiyy\u0259ti qurumlar bildirir ki, \u00f6lk\u0259d\u0259 su q\u0131tl\u0131\u011f\u0131n\u0131n aradan qald\u0131r\u0131lmas\u0131 istiqam\u0259tind\u0259 bir s\u0131ra i\u015fl\u0259r g\u00f6r\u00fcl\u00fcr. Bu i\u015fl\u0259rd\u0259n biri d\u0259 d\u0259niz suyunun duzsuzla\u015fd\u0131r\u0131lmas\u0131d\u0131r. 2023-c\u00fc ilin aprelind\u0259 Prezident \u0130lham \u018fliyev \u201cD\u0259niz suyunun duzsuzla\u015fd\u0131r\u0131lmas\u0131 yolu il\u0259 i\u00e7m\u0259li su istehsal\u0131 sah\u0259sind\u0259 pilot layih\u0259nin h\u0259yata ke\u00e7irilm\u0259si t\u0259dbirl\u0259ri haqq\u0131nda\u201d s\u0259r\u0259ncam imzalay\u0131b. 2024-c\u00fc ilin fevral\u0131nda \u0130qtisadiyyat Nazirliyi d\u0259niz suyunun duzsuzla\u015fd\u0131r\u0131lmas\u0131 zavodunun tikintisi \u00fc\u00e7\u00fcn tender elan edib. Noyabrda \u00fc\u00e7 \u015firk\u0259t t\u0259r\u0259find\u0259n t\u0259klifl\u0259r daxil olub v\u0259 iki ay sonra tenderin qalibi <a href=\"https:\/\/report.az\/energetika\/azerbaycanin-su-ehtiyatlari-hecmlerin-artirilmasi-zerureti\/\" target=\"_blank\" rel=\"noreferrer noopener\">elan olunub<\/a>.<\/p>\n\n\n\n<p>Sular\u0131n \u0130stifad\u0259sin\u0259 v\u0259 M\u00fchafiz\u0259sin\u0259 D\u00f6vl\u0259t N\u0259zar\u0259ti Xidm\u0259tinin \u0130dar\u0259 Hey\u0259tinin s\u0259drinin m\u00fc\u015faviri Ayd\u0131n Abbasov bir ne\u00e7\u0259 g\u00fcn \u00f6nc\u0259 deyib ki, art\u0131q d\u0259niz suyunun duzsuzla\u015fd\u0131r\u0131lmas\u0131 texnologiyas\u0131n\u0131n t\u0259tbiqin\u0259 <a href=\"https:\/\/report.az\/infrastruktur\/azerbaycanda-deniz-suyunun-duzsuzlasdirilmasi-texnologiyasinin-tetbiqine-baslanilib\/\">ba\u015flan\u0131l\u0131b.<\/a><\/p>\n\n\n\n<p>Az\u0259rbaycanda d\u0259niz suyunun duzsuzla\u015fd\u0131r\u0131lmas\u0131 prosesi 2013-c\u00fc il\u0259 t\u0259s\u00fcd\u00fcf edir. H\u0259min il Salyan\u0131n X\u0131d\u0131rl\u0131 k\u0259ndind\u0259 X\u0259z\u0259r D\u0259niz Suyunun Duzsuzla\u015fd\u0131r\u0131lmas\u0131 Kompleksi istifad\u0259y\u0259 verilib. Lakin yerli sakinl\u0259r Kompleksin bir \u00e7ox k\u0259ndl\u0259rd\u0259n uzaq oldu\u011funu v\u0259 suyun onlara \u00e7atmad\u0131\u011f\u0131n\u0131 bildiribl\u0259r.<\/p>\n\n\n\n<p>R\u0259smi m\u0259lumata g\u00f6r\u0259, Kompleksd\u0259n \u0259ld\u0259 edil\u0259n sudan Salyanda sal\u0131nm\u0131\u015f 700 hektar ya\u015f\u0131ll\u0131\u011f\u0131n v\u0259 \u201cAz\u0259rbaycan Ya\u015f\u0131lla\u015fd\u0131rma v\u0259 Land\u015faft Qurulu\u015fu\u201d ASC-nin balans\u0131ndak\u0131 tinglik sah\u0259l\u0259rinin suvar\u0131lmas\u0131nda istifad\u0259 olunur.<\/p>\n\n\n\n<p>H\u00f6kum\u0259tin su ehtiyatlar\u0131n\u0131 art\u0131rmaq istiqm\u0259tind\u0259ki dig\u0259r t\u0259klifi is\u0259 tullant\u0131 sular\u0131n\u0131n yenid\u0259n <a href=\"https:\/\/apa.az\/infrastruktur\/tullanti-sularinin-tekrar-istifadesi-ile-bagli-qaydalar-tesdiq-edilecek-890904\" target=\"_blank\" rel=\"noreferrer noopener\">emal\u0131d\u0131r<\/a>.<\/p>\n\n\n\n<p>ADSEA bildirir ki, tullant\u0131 sular\u0131n\u0131n t\u0259krar istifad\u0259si il\u0259 ba\u011fl\u0131 beyn\u0259lxalq t\u0259cr\u00fcb\u0259nin ara\u015fd\u0131r\u0131lmas\u0131, t\u0259klifl\u0259rin haz\u0131rlanmas\u0131 v\u0259 Komissiya Katibliyin\u0259 t\u0259qdim edilm\u0259si planla\u015fd\u0131r\u0131l\u0131r. Layih\u0259nin bu ilin sentyabr\u0131nda t\u0259sdiq olunaca\u011f\u0131 g\u00f6zl\u0259nilir.<\/p>\n\n\n\n<p>Prezident \u0130lham \u018fliyev 2024-c\u00fc il oktyabr\u0131n 10-da \u201cSu ehtiyatlar\u0131ndan s\u0259m\u0259r\u0259li istifad\u0259y\u0259 dair Milli Strategiya\u201dn\u0131n t\u0259sdiq edilm\u0259si haqq\u0131nda <a href=\"https:\/\/static.president.az\/upload\/Files\/2024\/10\/11\/3579828d4b3fb5cd36b497304e510793_1179943.pdf\" target=\"_blank\" rel=\"noreferrer noopener\">s\u0259r\u0259ncam<\/a> imzalay\u0131b.<\/p>\n\n\n\n<p>Milli Strategiya 2024\u22122040-c\u0131 ill\u0259ri \u0259hat\u0259 etm\u0259kl\u0259 \u00fc\u00e7 m\u0259rh\u0259l\u0259d\u0259 h\u0259yata ke\u00e7iril\u0259c\u0259k.<\/p>\n\n\n\n<p>2024\u22122027-ci ill\u0259ri \u0259hat\u0259 ed\u0259n birinci m\u0259rh\u0259l\u0259d\u0259 su ehtiyatlar\u0131ndan s\u0259m\u0259r\u0259li istifad\u0259 \u00fc\u00e7\u00fcn z\u0259ruri infrastruktur v\u0259 idar\u0259etm\u0259 t\u0259kmill\u0259\u015fdiril\u0259c\u0259k. Bu \u00e7\u0259r\u00e7iv\u0259d\u0259 su ehtiyatlar\u0131n\u0131n yenid\u0259n qiym\u0259tl\u0259ndirilm\u0259si, art\u0131r\u0131lmas\u0131, inteqrasiyal\u0131 idar\u0259 edilm\u0259si, Qaraba\u011f v\u0259 \u015e\u0259rqi Z\u0259ng\u0259zur iqtisadi rayonlar\u0131n\u0131n su ehtiyatlar\u0131ndan istifad\u0259, tullant\u0131 v\u0259 ya\u011f\u0131\u015f sular\u0131n\u0131n idar\u0259 olunmas\u0131, suyun keyfiyy\u0259tinin yax\u015f\u0131la\u015fd\u0131r\u0131lmas\u0131, su t\u0259s\u0259rr\u00fcfat\u0131 obyektl\u0259rinin geni\u015fl\u0259ndirilm\u0259si v\u0259 su itkil\u0259rinin azald\u0131lmas\u0131 t\u0259min edil\u0259c\u0259k.<\/p>\n\n\n\n<p>2028\u22122030-cu ill\u0259ri \u0259hat\u0259 ed\u0259n ikinci m\u0259rh\u0259l\u0259d\u0259 t\u0259m\u0259l \u015f\u0259rtl\u0259rin m\u00f6hk\u0259ml\u0259nm\u0259si \u0259sas\u0131nda \u201ct\u0259miz su v\u0259 sanitariya\u201d, \u201ciqlim d\u0259yi\u015fikliyin\u0259 qar\u015f\u0131 m\u00fcbariz\u0259\u201d, \u201cd\u0259niz ekosisteminin m\u00fchafiz\u0259si\u201d v\u0259 \u201ctorpaq ekosisteminin m\u00fchafiz\u0259si\u201d kimi Birl\u0259\u015fmi\u015f Mill\u0259tl\u0259r T\u0259\u015fkilat\u0131 Ba\u015f Assambleyas\u0131n\u0131n q\u0259bul etdiyi Dayan\u0131ql\u0131 \u0130nki\u015faf M\u0259qs\u0259dl\u0259rin\u0259 \u00fcst\u00fcn \u015f\u0259kild\u0259 yax\u0131nla\u015fma t\u0259min edil\u0259c\u0259k.<\/p>\n\n\n\n<p>2031\u22122040-c\u0131 ill\u0259ri \u0259hat\u0259 ed\u0259n \u00fc\u00e7\u00fcnc\u00fc m\u0259rh\u0259l\u0259d\u0259 hidroekoloji b\u00f6hranlar\u0131n innovativ texnologiyalar \u0259sas\u0131nda effektiv idar\u0259 olunmas\u0131, su ehtiyatlar\u0131n\u0131n art\u0131r\u0131lmas\u0131, habel\u0259 alternativ su m\u0259nb\u0259l\u0259rind\u0259n istifad\u0259ni geni\u015fl\u0259ndirm\u0259kl\u0259 dayan\u0131ql\u0131 v\u0259 keyfiyy\u0259tli suya t\u0259l\u0259bat\u0131n \u00f6d\u0259nilm\u0259si t\u0259min olunacaq.<\/p>\n\n\n\n<p>Milli Strategiyada g\u00f6st\u0259ril\u0259n bir \u00e7ox sah\u0259l\u0259r \u00fczr\u0259 d\u0259 \u00f6lk\u0259d\u0259 ill\u0259rdir milyonlarla manat v\u0259sait ayr\u0131l\u0131r.<\/p>\n\n\n\n<p>Samur-Ab\u015feron suvarma sisteminin yenid\u0259n qurulmas\u0131 layih\u0259si &#8211; 1 mlrd. 469.6 mln. manat (2006-2018) O\u011fuz-Q\u0259b\u0259l\u0259-Bak\u0131 su k\u0259m\u0259ri layih\u0259si 779.6 mln. (2010) manat, \u015e\u0259mkir\u00e7ay su anbar\u0131n\u0131n (2014) in\u015fas\u0131 700 mln. manat, D\u00f6vl\u0259t \u0130nvestisiya Proqram\u0131 \u00e7\u0259r\u00e7iv\u0259sind\u0259 Balaxan\u0131 q\u0259s\u0259b\u0259si yax\u0131nl\u0131\u011f\u0131nda 10 min kubmetr tutumu olan su anbar\u0131n\u0131n in\u015fas\u0131 buna<a href=\"https:\/\/www.azadliq.org\/a\/azerbaycan-su-istehlak-itki\/33163406.html\" target=\"_blank\" rel=\"noreferrer noopener\"> n\u00fcmun\u0259dir<\/a>.<\/p>\n\n\n\n<p>2024-c\u00fc ilin sentyabr\u0131nda D\u00fcnya Bank\u0131n\u0131n su v\u0259 sanitariya xidm\u0259tl\u0259ri \u00fczr\u0259 ba\u015f m\u00fct\u0259x\u0259ssisi Smita Misra Bak\u0131da \u201cSu t\u0259hl\u00fck\u0259sizliyi probleml\u0259rinin h\u0259ll edilm\u0259si \u00fc\u00e7\u00fcn su sektorunda effektiv institutlara v\u0259 proqramlara ke\u00e7id\u201d m\u00f6vzusundak\u0131 t\u0259dbird\u0259 deyib ki, son 10 ild\u0259 Az\u0259rbaycan su sektoruna 8 milyard manat v\u0259sait qoyub. Onun s\u00f6zl\u0259rin\u0259 g\u00f6r\u0259, n\u00f6vb\u0259ti 10 ild\u0259 6 milyard manat v\u0259saitin t\u0259l\u0259b olunaca\u011f\u0131 g\u00f6zl\u0259nilir.<\/p>\n\n\n\n<p>H\u00f6kum\u0259t b\u00fct\u00fcn bunlarla yana\u015f\u0131, su qiym\u0259tl\u0259rini art\u0131rma\u011f\u0131 da unutmur. Sular\u0131n \u0130stifad\u0259sin\u0259 v\u0259 M\u00fchafiz\u0259sin\u0259 D\u00f6vl\u0259t N\u0259zar\u0259ti Xidm\u0259ti su qiym\u0259tl\u0259rini d\u0259yi\u015fm\u0259y\u0259 haz\u0131rla\u015f\u0131r. Xidm\u0259t <a href=\"https:\/\/storage.googleapis.com\/qurium\/www.meydan.tv\/az-article-az%c9%99rbaycanda-sudan-istifad%c9%99-il%c9%99-bagli-yeni-qanun-layih%c9%99si-hazirlanir.html\" target=\"_blank\" rel=\"noreferrer noopener\">bildirir<\/a> ki, sudan az istifad\u0259 ed\u0259nl\u0259r a\u015fa\u011f\u0131 tarifl\u0259, \u00e7ox istifad\u0259 ed\u0259nl\u0259r is\u0259 daha \u00e7ox pul \u00f6d\u0259y\u0259c\u0259kl\u0259r.<\/p>\n\n\n\n<p><strong>\u201cD\u0259niz suyunun duzsuzla\u015fd\u0131r\u0131lmas\u0131 korrupsiya layih\u0259sidir\u201d&#8230;<\/strong><\/p>\n\n\n\n<p>Ekspertl\u0259r is\u0259 hesab edirl\u0259r ki, Az\u0259rbaycanda yer\u00fcst\u00fc \u015firin su ehtiyatlar\u0131 t\u00fck\u0259nm\u0259k t\u0259hl\u00fck\u0259sind\u0259n uzaqd\u0131r. Su il\u0259 ba\u011fl\u0131 yaranan probleml\u0259r m\u0259mur s\u0259ri\u015ft\u0259sizliyinin v\u0259 korrupsiyan\u0131n n\u0259tic\u0259sidir.<\/p>\n\n\n\n<p>M\u00fcst\u0259qil ekspert Vahid M\u0259h\u0259rr\u0259mli Meydan TV-y\u0259 a\u00e7\u0131qlamas\u0131nda Az\u0259rbaycan\u0131n su ehtiyatlar\u0131n\u0131n t\u00fck\u0259nm\u0259si il\u0259 ba\u011fl\u0131 deyil\u0259nl\u0259ri c\u0259f\u0259ngiyyat adland\u0131r\u0131b:<\/p>\n\n\n\n<p><em>\u201cAz\u0259rbaycanda su q\u0131tl\u0131\u011f\u0131 yax\u0131n zamanlarda ba\u015f verm\u0259y\u0259c\u0259k. Su \u00fcmumiyy\u0259tl\u0259, yoxa \u00e7\u0131xm\u0131r. T\u0259bi\u0259td\u0259 su buxarlan\u0131r, sonra ya\u011f\u0131\u015f, qar v\u0259 yaxud da dolu kimi t\u0259krar yer\u0259 d\u00fc\u015f\u00fcr. \u018fksin\u0259, qlobal istil\u0259\u015fm\u0259 su bollu\u011fu yarad\u0131r. D\u0259niz sular\u0131 da buxarlan\u0131r v\u0259 bu, ya\u011f\u0131\u015f formas\u0131nda t\u0259krar geri qay\u0131d\u0131r. Aysberql\u0259r \u0259riyir v\u0259 su \u00e7oxlu\u011fu yaran\u0131r. Sad\u0259c\u0259, b\u0259zi yerl\u0259rd\u0259 su \u00e7ox, b\u0259zi yerl\u0259rd\u0259 is\u0259 az olur. Bunu is\u0259 insanlar t\u0259nziml\u0259m\u0259lidir ki, su eyni b\u0259rab\u0259r paylan\u0131ls\u0131n. D\u00fc\u015f\u00fcnm\u0259lidirl\u0259r ki, suyun \u00f6t\u00fcr\u00fclm\u0259si s\u0259m\u0259r\u0259li olsun. \u0130tkiy\u0259 getm\u0259sin. H\u00f6kum\u0259t bel\u0259 m\u0259lumatlar\u0131 d\u00f6vriyy\u0259y\u0259 buraxm<\/em><em>aqdansa, ya\u011f\u0131\u015f sular\u0131n\u0131n anbarlarda y\u0131\u011f\u0131lmas\u0131 i\u015fini t\u0259\u015fkil etsin. \u0130nki\u015faf etmi\u015f \u00f6lk\u0259l\u0259rd\u0259 ya\u011f\u0131\u015f sular\u0131 x\u00fcsusi anbarlarda, su h\u00f6vz\u0259l\u0259rind\u0259 y\u0131\u011f\u0131l\u0131r. Az\u0259rbaycanda da\u011f\u0259t\u0259yi rayonlarda s\u00fcni g\u00f6ll\u0259r yarad\u0131lmal\u0131d\u0131r. Ya\u011f\u0131\u015f sular\u0131 h\u0259min g\u00f6ll\u0259rd\u0259 toplan\u0131b, t\u0259mizl\u0259nm\u0259li v\u0259 sonra da \u0259halinin istifad\u0259sin\u0259 verilm\u0259lidir\u201d.<\/em><\/p>\n\n\n\n<p>Ekspertin s\u00f6zl\u0259rin\u0259 g\u00f6r\u0259, d\u0259niz suyunun duzsuzla\u015fd\u0131r\u0131lmas\u0131 prosesi b\u00f6y\u00fck maliyy\u0259 v\u0259saiti hesab\u0131na ba\u015fa g\u0259l\u0259n i\u015fdir. Ya\u011f\u0131\u015f suyunun y\u0131\u011f\u0131lmas\u0131 daha ucuz ba\u015fa g\u0259lir:<\/p>\n\n\n\n<figure class=\"wp-block-image size-full\"><img decoding=\"async\" width=\"960\" height=\"506\" data-src=\"https:\/\/www.meydan.tv\/wp-content\/uploads\/45447-e1687097833687.jpg\" alt=\"Vahid M\u0259h\u0259rr\u0259mli\" class=\"wp-image-114069 lazyload\" src=\"data:image\/svg+xml;base64,PHN2ZyB3aWR0aD0iMSIgaGVpZ2h0PSIxIiB4bWxucz0iaHR0cDovL3d3dy53My5vcmcvMjAwMC9zdmciPjwvc3ZnPg==\" style=\"--smush-placeholder-width: 960px; --smush-placeholder-aspect-ratio: 960\/506;\" \/><figcaption class=\"wp-element-caption\">Vahid M\u0259h\u0259rr\u0259mli. Foto: Meydan TV<\/figcaption><\/figure>\n\n\n\n<p><em>\u201cD\u0259niz suyunun duzsuzla\u015fd\u0131r\u0131lmas\u0131 korrupsiya layih\u0259sidir v\u0259 bahal\u0131 bir prosesdir. \u018flb\u0259tt\u0259, onlara s\u0259rf edir. H\u0259r d\u0259f\u0259 milyonlarla manat pulu sil\u0259c\u0259kl\u0259r. Bunu Az\u0259rbaycan\u0131n su ehtiyat\u0131 t\u0259l<\/em><em>\u0259bat\u0131n\u0131 \u00f6d\u0259m\u0259diyi halda bunu etm\u0259k olar. Az\u0259rbaycan\u0131n su t\u0259labat\u0131 5-5,5 milyard kubmetr, su ehtiyat\u0131 is\u0259 26,5 milyard kubmetrdir\u201d.<\/em><\/p>\n\n\n\n<p><strong>\u201cOnlar\u0131n mara\u011f\u0131ndad\u0131r ki, suyun qiym\u0259ti arts\u0131n<\/strong><strong>\u201d.<\/strong><strong>..<\/strong><\/p>\n\n\n\n<p>Ekspert hesab edir ki, aidiyy\u0259ti qurumlar v\u0259 n\u00fcmay\u0259nd\u0259l\u0259ri Az\u0259rbaycanda su probleminin h\u0259llind\u0259 maraql\u0131 deyill\u0259r. \u018flav\u0259 edir ki, Az\u0259rbaycanda su ehtiyatlar\u0131 h\u0259ddind\u0259n art\u0131q itkiy\u0259 verilir:<\/p>\n\n\n\n<p><em>\u201cBu i\u015f\u0259 cavabdeh \u015f\u0259xsl\u0259r kabinetl\u0259rd\u0259 oturublar, sad\u0259c\u0259, faktlar\u0131n konstatasiya il\u0259 m\u0259\u015f\u011fuldurlar; su azal\u0131b, bundan sonra da azalacaq v\u0259 s. kimi c\u0259f\u0259ng fikirl\u0259r s\u0259sl\u0259ndirirl\u0259r. Az\u0259rbaycan postsovet m\u0259kan\u0131nda \u0259n \u00e7ox su itkisin\u0259 yol ver\u0259n \u00f6lk\u0259dir. Bu r\u0259q\u0259m h\u0259tta 35 faiz\u0259 q\u0259d\u0259r art\u0131r. T\u0259s\u0259vv\u00fcr edin, m\u0259nb\u0259d\u0259n 12 milyard kub metr su<\/em><em>yun n\u0259ql zaman\u0131 4 milyard\u0131 itir. \u018fhaliy\u0259 i\u00e7m\u0259li v\u0259 t\u0259s\u0259rr\u00fcfat \u00fc\u00e7\u00fcn veril\u0259n suyun da 50 faizi itkiy\u0259 gedir. Sonra da deyirl\u0259r ki, su yoxdur. N\u0259 q\u0259d\u0259r su olmal\u0131d\u0131r ki, bunlar onu ba\u015fl\u0131-ba\u015f\u0131na ax\u0131ts\u0131nlar. Hara bax\u0131rs\u0131n\u0131z, su var, ba\u015fl\u0131-ba\u015f\u0131na bo\u015f yer\u0259 ax\u0131b gedir. Su t\u0259l\u0259bat\u0131m\u0131z \u00fcmumilikd\u0259 5-5,5 milyard kub metr oldu\u011fu halda, m\u0259nb\u0259d\u0259n 12 milyard kub metr su g\u00f6t\u00fcr\u00fcr\u00fck. Y\u0259ni bunlar na\u011f\u0131l dan\u0131\u015f\u0131rlar. Kimin \u00fc\u00e7\u00fcn dan\u0131\u015f\u0131rlar bu na\u011f<\/em><em>\u0131l\u0131? \u018fhali onsuz da su g\u00f6rm\u00fcr. Kran\u0131 a\u00e7\u0131r ki, su yoxdur. T\u0259s\u0259rr\u00fcfat\u0131n\u0131 suvarmaq ist\u0259yir, su yoxdur. B\u0259s \u201cAz\u0259rbaycanda su ehtiyatlar\u0131 t\u00fck\u0259nir\u201d deyib kimi aldad\u0131rlar?\u201d<\/em><\/p>\n\n\n\n<p>Ekspert su tarifl\u0259rinin d\u0259yi\u015fdirilm\u0259si il\u0259 ba\u011fl\u0131 haz\u0131rlanan yeni layih\u0259y\u0259 d\u0259 m\u00fcnasib\u0259t bildirib:<\/p>\n\n\n\n<p><em>\u201cOnlar\u0131n mara\u011f\u0131ndad\u0131r ki, suyun qiym\u0259ti arts\u0131n. Bu g\u00fcn istifad\u0259 edil\u0259n sudan g\u0259l\u0259n pulun 50 faizi n\u0259\u011fd \u015f\u0259kild\u0259 cibl\u0259r\u0259 gedir. Qiym\u0259t art\u0131m\u0131 yax\u015f\u0131 hal deyil. Xidm\u0259tin keyfiyy\u0259ti yax\u015f\u0131la\u015fd\u0131r\u0131lmal\u0131d\u0131r. Krandan axan suyu i\u00e7m\u0259li su kimi istifad\u0259 etmirik. \u0130\u00e7m\u0259li suyu pulla al\u0131r\u0131q. Onu da qaynatmam\u0131\u015f i\u00e7mirik. Onsuz da \u00f6lk\u0259d\u0259 suyun keyfiyy\u0259ti \u00e7ox pisdir. Buyursunlar, ortaya qoysunlar, n\u0259 q\u0259d\u0259r x\u0259rcl\u0259ri var? \u018fhalid\u0259n n\u0259 q\u0259d\u0259r pul y\u0131\u011f\u0131rlar? N\u0259 q\u0259d\u0259r su istifad\u0259\u00e7isi var? Oturub, birlikd\u0259 hesablayaq. Hesablayaq, g\u00f6r\u0259k problem n\u0259d\u0259dir; \u00f6d\u0259ni\u015fin a\u015fa\u011f\u0131 olmas\u0131nda, maya d\u0259y\u0259rinin \u00f6d\u0259m\u0259m\u0259sind\u0259, yoxsa idar\u0259etm\u0259d\u0259dir? \u0130dar\u0259etm\u0259d\u0259 problem var. Onlar \u00e7al\u0131\u015fmal\u0131d\u0131r ki, idar\u0259etm\u0259 qaydas\u0131nda olsun. Su pullar\u0131 ham\u0131dan y\u0131\u011f\u0131ls\u0131n. R\u0259is, general, icra ba\u015f\u00e7\u0131s\u0131, y\u00fcks\u0259k v\u0259zif\u0259li m\u0259mur, biznesmen\u0259 suyu su qiym\u0259tin\u0259 verirl\u0259r. \u018fhaliy\u0259 is\u0259, t\u0259mizl\u0259mirl\u0259r birba\u015fa Ceyranbatan g\u00f6l\u00fcnd\u0259n g\u00f6t\u00fcr\u00fcb sat\u0131rlar. Oradak\u0131 suyun keyfiyy\u0259ti d\u0259 deyil\u0259si deyil\u201d.<\/em><em><\/em><\/p>\n\n\n\n<figure class=\"wp-block-image size-full\"><img decoding=\"async\" width=\"1000\" height=\"541\" data-src=\"https:\/\/www.meydan.tv\/wp-content\/uploads\/403001371.jpg\" alt=\"Telman Zeynalov\" class=\"wp-image-143732 lazyload\" src=\"data:image\/svg+xml;base64,PHN2ZyB3aWR0aD0iMSIgaGVpZ2h0PSIxIiB4bWxucz0iaHR0cDovL3d3dy53My5vcmcvMjAwMC9zdmciPjwvc3ZnPg==\" style=\"--smush-placeholder-width: 1000px; --smush-placeholder-aspect-ratio: 1000\/541;\" \/><figcaption class=\"wp-element-caption\">Telman Zeynalov. Foto: arxiv<\/figcaption><\/figure>\n\n\n\n<p>Ekoloq Telman Zeynalov Meydan TV-y\u0259 deyir ki, Az\u0259rbaycan su ehtiyat\u0131n\u0131n t\u00fck\u0259nm\u0259 ehtimal\u0131 yoxdur:<\/p>\n\n\n\n<p><em>\u201cAz\u0259rbaycanda 8400 \u00e7ay oldu\u011fu \u00fc\u00e7\u00fcn he\u00e7 vaxt su q\u0131tl\u0131\u011f\u0131 ola bilm\u0259z. Bel\u0259 yalan fikirl\u0259r s\u0259sl\u0259ndirm\u0259k do\u011fru deyil. X\u0131rda \u00e7aylardan 4-5-ni birl\u0259\u015fdirib, su anbarlar\u0131 yaratsalar, Az\u0259rbaycan suyu xaric\u0259 satar. He\u00e7 kim bu i\u015fl\u0259 m\u0259\u015f\u011ful olmaq niyy\u0259tind\u0259 deyil. K\u0259nd yerl\u0259rind\u0259 camaata t\u0259s\u0259rr\u00fcfat\u0131n\u0131 suvarmaq \u00fc\u00e7\u00fcn su vermirl\u0259r. Suyu ma\u015f\u0131nla, \u00f6z\u00fc d\u0259 od qiym\u0259tin\u0259 sat\u0131rlar. \u018fg\u0259r su yoxdursa, ma\u015f\u0131nlar h\u0259min suyu haradan tap\u0131r?\u201d.<\/em><\/p>\n","protected":false},"excerpt":{"rendered":"<p>Ekspertl\u0259r is\u0259 hesab edirl\u0259r ki, Az\u0259rbaycanda \u015firin su ehtiyatlar\u0131 t\u00fck\u0259nm\u0259k &#8230; <\/p>\n<p class=\"read-more-container\"><a title=\"H\u00f6kum\u0259t i\u00e7m\u0259li suyun azald\u0131\u011f\u0131n\u0131 deyir, d\u0259niz suyunun duzsuzla\u015fd\u0131r\u0131lmas\u0131n\u0131 t\u0259klif edir\" class=\"read-more button\" href=\"https:\/\/www.meydan.tv\/az\/article\/hokum%c9%99t-icm%c9%99li-suyun-azaldigini-deyir-d%c9%99niz-suyunun-duzsuzlasdirilmasini-t%c9%99klif-edir\/#more-327508\" aria-label=\"Read more about H\u00f6kum\u0259t i\u00e7m\u0259li suyun azald\u0131\u011f\u0131n\u0131 deyir, d\u0259niz suyunun duzsuzla\u015fd\u0131r\u0131lmas\u0131n\u0131 t\u0259klif edir\">Davam\u0131<\/a><\/p>\n","protected":false},"author":21,"featured_media":327283,"comment_status":"closed","ping_status":"closed","sticky":false,"template":"","format":"standard","meta":{"_acf_changed":false,"_sitemap_exclude":false,"_sitemap_priority":"","_sitemap_frequency":"","footnotes":""},"categories":[62,79,56],"tags":[],"class_list":["post-327508","post","type-post","status-publish","format-standard","has-post-thumbnail","hentry","category-sosial","category-featured","category-xeberler","infinite-scroll-item","generate-columns","tablet-grid-50","mobile-grid-100","grid-parent","grid-33","no-featured-image-padding"],"acf":[],"yoast_head":"<!-- This site is optimized with the Yoast SEO plugin v27.4 - https:\/\/yoast.com\/product\/yoast-seo-wordpress\/ -->\n<title>H\u00f6kum\u0259t i\u00e7m\u0259li suyun azald\u0131\u011f\u0131n\u0131 deyir, d\u0259niz suyunun duzsuzla\u015fd\u0131r\u0131lmas\u0131n\u0131 t\u0259klif edir - MEYDAN.TV<\/title>\n<meta name=\"robots\" content=\"index, follow, max-snippet:-1, max-image-preview:large, max-video-preview:-1\" \/>\n<link rel=\"canonical\" href=\"https:\/\/www.meydan.tv\/az\/article\/hokum%c9%99t-icm%c9%99li-suyun-azaldigini-deyir-d%c9%99niz-suyunun-duzsuzlasdirilmasini-t%c9%99klif-edir\/\" \/>\n<meta property=\"og:locale\" content=\"az_AZ\" \/>\n<meta property=\"og:type\" content=\"article\" \/>\n<meta property=\"og:title\" content=\"H\u00f6kum\u0259t i\u00e7m\u0259li suyun azald\u0131\u011f\u0131n\u0131 deyir, d\u0259niz suyunun duzsuzla\u015fd\u0131r\u0131lmas\u0131n\u0131 t\u0259klif edir - MEYDAN.TV\" \/>\n<meta property=\"og:description\" content=\"Ekspertl\u0259r is\u0259 hesab edirl\u0259r ki, Az\u0259rbaycanda \u015firin su ehtiyatlar\u0131 t\u00fck\u0259nm\u0259k ... Davam\u0131\" \/>\n<meta property=\"og:url\" content=\"https:\/\/www.meydan.tv\/az\/article\/hokum%c9%99t-icm%c9%99li-suyun-azaldigini-deyir-d%c9%99niz-suyunun-duzsuzlasdirilmasini-t%c9%99klif-edir\/\" \/>\n<meta property=\"og:site_name\" content=\"MEYDAN.TV\" \/>\n<meta property=\"article:published_time\" content=\"2025-03-10T16:51:51+00:00\" \/>\n<meta property=\"article:modified_time\" content=\"2025-03-10T16:51:55+00:00\" \/>\n<meta property=\"og:image\" content=\"https:\/\/www.meydan.tv\/wp-content\/uploads\/4545-1.png\" \/>\n\t<meta property=\"og:image:width\" content=\"1179\" \/>\n\t<meta property=\"og:image:height\" content=\"576\" \/>\n\t<meta property=\"og:image:type\" content=\"image\/png\" \/>\n<meta name=\"author\" content=\"mahmud\" \/>\n<meta name=\"twitter:card\" content=\"summary_large_image\" \/>\n<script type=\"application\/ld+json\" class=\"yoast-schema-graph\">{\"@context\":\"https:\\\/\\\/schema.org\",\"@graph\":[{\"@type\":\"Article\",\"@id\":\"https:\\\/\\\/www.meydan.tv\\\/az\\\/article\\\/hokum%c9%99t-icm%c9%99li-suyun-azaldigini-deyir-d%c9%99niz-suyunun-duzsuzlasdirilmasini-t%c9%99klif-edir\\\/#article\",\"isPartOf\":{\"@id\":\"https:\\\/\\\/www.meydan.tv\\\/az\\\/article\\\/hokum%c9%99t-icm%c9%99li-suyun-azaldigini-deyir-d%c9%99niz-suyunun-duzsuzlasdirilmasini-t%c9%99klif-edir\\\/\"},\"author\":{\"name\":\"mahmud\",\"@id\":\"https:\\\/\\\/www.meydan.tv\\\/az\\\/#\\\/schema\\\/person\\\/09863e516102a829e72bedcf3f84c6b0\"},\"headline\":\"H\u00f6kum\u0259t i\u00e7m\u0259li suyun azald\u0131\u011f\u0131n\u0131 deyir, d\u0259niz suyunun duzsuzla\u015fd\u0131r\u0131lmas\u0131n\u0131 t\u0259klif edir\",\"datePublished\":\"2025-03-10T16:51:51+00:00\",\"dateModified\":\"2025-03-10T16:51:55+00:00\",\"mainEntityOfPage\":{\"@id\":\"https:\\\/\\\/www.meydan.tv\\\/az\\\/article\\\/hokum%c9%99t-icm%c9%99li-suyun-azaldigini-deyir-d%c9%99niz-suyunun-duzsuzlasdirilmasini-t%c9%99klif-edir\\\/\"},\"wordCount\":2047,\"publisher\":{\"@id\":\"https:\\\/\\\/www.meydan.tv\\\/az\\\/#organization\"},\"image\":{\"@id\":\"https:\\\/\\\/www.meydan.tv\\\/az\\\/article\\\/hokum%c9%99t-icm%c9%99li-suyun-azaldigini-deyir-d%c9%99niz-suyunun-duzsuzlasdirilmasini-t%c9%99klif-edir\\\/#primaryimage\"},\"thumbnailUrl\":\"https:\\\/\\\/www.meydan.tv\\\/wp-content\\\/uploads\\\/4545-1.png\",\"articleSection\":[\"Sosial\",\"T\u00f6vsiy\u0259\",\"X\u0259b\u0259rl\u0259r\"],\"inLanguage\":\"az\"},{\"@type\":\"WebPage\",\"@id\":\"https:\\\/\\\/www.meydan.tv\\\/az\\\/article\\\/hokum%c9%99t-icm%c9%99li-suyun-azaldigini-deyir-d%c9%99niz-suyunun-duzsuzlasdirilmasini-t%c9%99klif-edir\\\/\",\"url\":\"https:\\\/\\\/www.meydan.tv\\\/az\\\/article\\\/hokum%c9%99t-icm%c9%99li-suyun-azaldigini-deyir-d%c9%99niz-suyunun-duzsuzlasdirilmasini-t%c9%99klif-edir\\\/\",\"name\":\"H\u00f6kum\u0259t i\u00e7m\u0259li suyun azald\u0131\u011f\u0131n\u0131 deyir, d\u0259niz suyunun duzsuzla\u015fd\u0131r\u0131lmas\u0131n\u0131 t\u0259klif edir - MEYDAN.TV\",\"isPartOf\":{\"@id\":\"https:\\\/\\\/www.meydan.tv\\\/az\\\/#website\"},\"primaryImageOfPage\":{\"@id\":\"https:\\\/\\\/www.meydan.tv\\\/az\\\/article\\\/hokum%c9%99t-icm%c9%99li-suyun-azaldigini-deyir-d%c9%99niz-suyunun-duzsuzlasdirilmasini-t%c9%99klif-edir\\\/#primaryimage\"},\"image\":{\"@id\":\"https:\\\/\\\/www.meydan.tv\\\/az\\\/article\\\/hokum%c9%99t-icm%c9%99li-suyun-azaldigini-deyir-d%c9%99niz-suyunun-duzsuzlasdirilmasini-t%c9%99klif-edir\\\/#primaryimage\"},\"thumbnailUrl\":\"https:\\\/\\\/www.meydan.tv\\\/wp-content\\\/uploads\\\/4545-1.png\",\"datePublished\":\"2025-03-10T16:51:51+00:00\",\"dateModified\":\"2025-03-10T16:51:55+00:00\",\"breadcrumb\":{\"@id\":\"https:\\\/\\\/www.meydan.tv\\\/az\\\/article\\\/hokum%c9%99t-icm%c9%99li-suyun-azaldigini-deyir-d%c9%99niz-suyunun-duzsuzlasdirilmasini-t%c9%99klif-edir\\\/#breadcrumb\"},\"inLanguage\":\"az\",\"potentialAction\":[{\"@type\":\"ReadAction\",\"target\":[\"https:\\\/\\\/www.meydan.tv\\\/az\\\/article\\\/hokum%c9%99t-icm%c9%99li-suyun-azaldigini-deyir-d%c9%99niz-suyunun-duzsuzlasdirilmasini-t%c9%99klif-edir\\\/\"]}]},{\"@type\":\"ImageObject\",\"inLanguage\":\"az\",\"@id\":\"https:\\\/\\\/www.meydan.tv\\\/az\\\/article\\\/hokum%c9%99t-icm%c9%99li-suyun-azaldigini-deyir-d%c9%99niz-suyunun-duzsuzlasdirilmasini-t%c9%99klif-edir\\\/#primaryimage\",\"url\":\"https:\\\/\\\/www.meydan.tv\\\/wp-content\\\/uploads\\\/4545-1.png\",\"contentUrl\":\"https:\\\/\\\/www.meydan.tv\\\/wp-content\\\/uploads\\\/4545-1.png\",\"width\":1179,\"height\":576,\"caption\":\"\u0130\u00e7m\u0259li su. Foto: A\u0130\"},{\"@type\":\"BreadcrumbList\",\"@id\":\"https:\\\/\\\/www.meydan.tv\\\/az\\\/article\\\/hokum%c9%99t-icm%c9%99li-suyun-azaldigini-deyir-d%c9%99niz-suyunun-duzsuzlasdirilmasini-t%c9%99klif-edir\\\/#breadcrumb\",\"itemListElement\":[{\"@type\":\"ListItem\",\"position\":1,\"name\":\"Ana s\u0259hif\u0259\",\"item\":\"https:\\\/\\\/www.meydan.tv\\\/az\\\/\"},{\"@type\":\"ListItem\",\"position\":2,\"name\":\"Sosial\",\"item\":\"https:\\\/\\\/www.meydan.tv\\\/az\\\/section\\\/sosial\\\/\"},{\"@type\":\"ListItem\",\"position\":3,\"name\":\"H\u00f6kum\u0259t i\u00e7m\u0259li suyun azald\u0131\u011f\u0131n\u0131 deyir, d\u0259niz suyunun duzsuzla\u015fd\u0131r\u0131lmas\u0131n\u0131 t\u0259klif edir\"}]},{\"@type\":\"WebSite\",\"@id\":\"https:\\\/\\\/www.meydan.tv\\\/az\\\/#website\",\"url\":\"https:\\\/\\\/www.meydan.tv\\\/az\\\/\",\"name\":\"MEYDAN.TV\",\"description\":\"Meydan TV Az\u0259rbaycan\u0131n media m\u0259kan\u0131ndak\u0131 alternativ s\u0259sidir\",\"publisher\":{\"@id\":\"https:\\\/\\\/www.meydan.tv\\\/az\\\/#organization\"},\"potentialAction\":[{\"@type\":\"SearchAction\",\"target\":{\"@type\":\"EntryPoint\",\"urlTemplate\":\"https:\\\/\\\/www.meydan.tv\\\/az\\\/?s={search_term_string}\"},\"query-input\":{\"@type\":\"PropertyValueSpecification\",\"valueRequired\":true,\"valueName\":\"search_term_string\"}}],\"inLanguage\":\"az\"},{\"@type\":\"Organization\",\"@id\":\"https:\\\/\\\/www.meydan.tv\\\/az\\\/#organization\",\"name\":\"Meydan TV\",\"url\":\"https:\\\/\\\/www.meydan.tv\\\/az\\\/\",\"logo\":{\"@type\":\"ImageObject\",\"inLanguage\":\"az\",\"@id\":\"https:\\\/\\\/www.meydan.tv\\\/az\\\/#\\\/schema\\\/logo\\\/image\\\/\",\"url\":\"https:\\\/\\\/www.meydan.tv\\\/wp-content\\\/uploads\\\/2021\\\/07\\\/meydan-logo.svg\",\"contentUrl\":\"https:\\\/\\\/www.meydan.tv\\\/wp-content\\\/uploads\\\/2021\\\/07\\\/meydan-logo.svg\",\"width\":195,\"height\":46,\"caption\":\"Meydan TV\"},\"image\":{\"@id\":\"https:\\\/\\\/www.meydan.tv\\\/az\\\/#\\\/schema\\\/logo\\\/image\\\/\"}},{\"@type\":\"Person\",\"@id\":\"https:\\\/\\\/www.meydan.tv\\\/az\\\/#\\\/schema\\\/person\\\/09863e516102a829e72bedcf3f84c6b0\",\"name\":\"mahmud\"}]}<\/script>\n<!-- \/ Yoast SEO plugin. -->","yoast_head_json":{"title":"H\u00f6kum\u0259t i\u00e7m\u0259li suyun azald\u0131\u011f\u0131n\u0131 deyir, d\u0259niz suyunun duzsuzla\u015fd\u0131r\u0131lmas\u0131n\u0131 t\u0259klif edir - MEYDAN.TV","robots":{"index":"index","follow":"follow","max-snippet":"max-snippet:-1","max-image-preview":"max-image-preview:large","max-video-preview":"max-video-preview:-1"},"canonical":"https:\/\/www.meydan.tv\/az\/article\/hokum%c9%99t-icm%c9%99li-suyun-azaldigini-deyir-d%c9%99niz-suyunun-duzsuzlasdirilmasini-t%c9%99klif-edir\/","og_locale":"az_AZ","og_type":"article","og_title":"H\u00f6kum\u0259t i\u00e7m\u0259li suyun azald\u0131\u011f\u0131n\u0131 deyir, d\u0259niz suyunun duzsuzla\u015fd\u0131r\u0131lmas\u0131n\u0131 t\u0259klif edir - MEYDAN.TV","og_description":"Ekspertl\u0259r is\u0259 hesab edirl\u0259r ki, Az\u0259rbaycanda \u015firin su ehtiyatlar\u0131 t\u00fck\u0259nm\u0259k ... Davam\u0131","og_url":"https:\/\/www.meydan.tv\/az\/article\/hokum%c9%99t-icm%c9%99li-suyun-azaldigini-deyir-d%c9%99niz-suyunun-duzsuzlasdirilmasini-t%c9%99klif-edir\/","og_site_name":"MEYDAN.TV","article_published_time":"2025-03-10T16:51:51+00:00","article_modified_time":"2025-03-10T16:51:55+00:00","og_image":[{"width":1179,"height":576,"url":"https:\/\/www.meydan.tv\/wp-content\/uploads\/4545-1.png","type":"image\/png"}],"author":"mahmud","twitter_card":"summary_large_image","schema":{"@context":"https:\/\/schema.org","@graph":[{"@type":"Article","@id":"https:\/\/www.meydan.tv\/az\/article\/hokum%c9%99t-icm%c9%99li-suyun-azaldigini-deyir-d%c9%99niz-suyunun-duzsuzlasdirilmasini-t%c9%99klif-edir\/#article","isPartOf":{"@id":"https:\/\/www.meydan.tv\/az\/article\/hokum%c9%99t-icm%c9%99li-suyun-azaldigini-deyir-d%c9%99niz-suyunun-duzsuzlasdirilmasini-t%c9%99klif-edir\/"},"author":{"name":"mahmud","@id":"https:\/\/www.meydan.tv\/az\/#\/schema\/person\/09863e516102a829e72bedcf3f84c6b0"},"headline":"H\u00f6kum\u0259t i\u00e7m\u0259li suyun azald\u0131\u011f\u0131n\u0131 deyir, d\u0259niz suyunun duzsuzla\u015fd\u0131r\u0131lmas\u0131n\u0131 t\u0259klif edir","datePublished":"2025-03-10T16:51:51+00:00","dateModified":"2025-03-10T16:51:55+00:00","mainEntityOfPage":{"@id":"https:\/\/www.meydan.tv\/az\/article\/hokum%c9%99t-icm%c9%99li-suyun-azaldigini-deyir-d%c9%99niz-suyunun-duzsuzlasdirilmasini-t%c9%99klif-edir\/"},"wordCount":2047,"publisher":{"@id":"https:\/\/www.meydan.tv\/az\/#organization"},"image":{"@id":"https:\/\/www.meydan.tv\/az\/article\/hokum%c9%99t-icm%c9%99li-suyun-azaldigini-deyir-d%c9%99niz-suyunun-duzsuzlasdirilmasini-t%c9%99klif-edir\/#primaryimage"},"thumbnailUrl":"https:\/\/www.meydan.tv\/wp-content\/uploads\/4545-1.png","articleSection":["Sosial","T\u00f6vsiy\u0259","X\u0259b\u0259rl\u0259r"],"inLanguage":"az"},{"@type":"WebPage","@id":"https:\/\/www.meydan.tv\/az\/article\/hokum%c9%99t-icm%c9%99li-suyun-azaldigini-deyir-d%c9%99niz-suyunun-duzsuzlasdirilmasini-t%c9%99klif-edir\/","url":"https:\/\/www.meydan.tv\/az\/article\/hokum%c9%99t-icm%c9%99li-suyun-azaldigini-deyir-d%c9%99niz-suyunun-duzsuzlasdirilmasini-t%c9%99klif-edir\/","name":"H\u00f6kum\u0259t i\u00e7m\u0259li suyun azald\u0131\u011f\u0131n\u0131 deyir, d\u0259niz suyunun duzsuzla\u015fd\u0131r\u0131lmas\u0131n\u0131 t\u0259klif edir - MEYDAN.TV","isPartOf":{"@id":"https:\/\/www.meydan.tv\/az\/#website"},"primaryImageOfPage":{"@id":"https:\/\/www.meydan.tv\/az\/article\/hokum%c9%99t-icm%c9%99li-suyun-azaldigini-deyir-d%c9%99niz-suyunun-duzsuzlasdirilmasini-t%c9%99klif-edir\/#primaryimage"},"image":{"@id":"https:\/\/www.meydan.tv\/az\/article\/hokum%c9%99t-icm%c9%99li-suyun-azaldigini-deyir-d%c9%99niz-suyunun-duzsuzlasdirilmasini-t%c9%99klif-edir\/#primaryimage"},"thumbnailUrl":"https:\/\/www.meydan.tv\/wp-content\/uploads\/4545-1.png","datePublished":"2025-03-10T16:51:51+00:00","dateModified":"2025-03-10T16:51:55+00:00","breadcrumb":{"@id":"https:\/\/www.meydan.tv\/az\/article\/hokum%c9%99t-icm%c9%99li-suyun-azaldigini-deyir-d%c9%99niz-suyunun-duzsuzlasdirilmasini-t%c9%99klif-edir\/#breadcrumb"},"inLanguage":"az","potentialAction":[{"@type":"ReadAction","target":["https:\/\/www.meydan.tv\/az\/article\/hokum%c9%99t-icm%c9%99li-suyun-azaldigini-deyir-d%c9%99niz-suyunun-duzsuzlasdirilmasini-t%c9%99klif-edir\/"]}]},{"@type":"ImageObject","inLanguage":"az","@id":"https:\/\/www.meydan.tv\/az\/article\/hokum%c9%99t-icm%c9%99li-suyun-azaldigini-deyir-d%c9%99niz-suyunun-duzsuzlasdirilmasini-t%c9%99klif-edir\/#primaryimage","url":"https:\/\/www.meydan.tv\/wp-content\/uploads\/4545-1.png","contentUrl":"https:\/\/www.meydan.tv\/wp-content\/uploads\/4545-1.png","width":1179,"height":576,"caption":"\u0130\u00e7m\u0259li su. Foto: A\u0130"},{"@type":"BreadcrumbList","@id":"https:\/\/www.meydan.tv\/az\/article\/hokum%c9%99t-icm%c9%99li-suyun-azaldigini-deyir-d%c9%99niz-suyunun-duzsuzlasdirilmasini-t%c9%99klif-edir\/#breadcrumb","itemListElement":[{"@type":"ListItem","position":1,"name":"Ana s\u0259hif\u0259","item":"https:\/\/www.meydan.tv\/az\/"},{"@type":"ListItem","position":2,"name":"Sosial","item":"https:\/\/www.meydan.tv\/az\/section\/sosial\/"},{"@type":"ListItem","position":3,"name":"H\u00f6kum\u0259t i\u00e7m\u0259li suyun azald\u0131\u011f\u0131n\u0131 deyir, d\u0259niz suyunun duzsuzla\u015fd\u0131r\u0131lmas\u0131n\u0131 t\u0259klif edir"}]},{"@type":"WebSite","@id":"https:\/\/www.meydan.tv\/az\/#website","url":"https:\/\/www.meydan.tv\/az\/","name":"MEYDAN.TV","description":"Meydan TV Az\u0259rbaycan\u0131n media m\u0259kan\u0131ndak\u0131 alternativ s\u0259sidir","publisher":{"@id":"https:\/\/www.meydan.tv\/az\/#organization"},"potentialAction":[{"@type":"SearchAction","target":{"@type":"EntryPoint","urlTemplate":"https:\/\/www.meydan.tv\/az\/?s={search_term_string}"},"query-input":{"@type":"PropertyValueSpecification","valueRequired":true,"valueName":"search_term_string"}}],"inLanguage":"az"},{"@type":"Organization","@id":"https:\/\/www.meydan.tv\/az\/#organization","name":"Meydan TV","url":"https:\/\/www.meydan.tv\/az\/","logo":{"@type":"ImageObject","inLanguage":"az","@id":"https:\/\/www.meydan.tv\/az\/#\/schema\/logo\/image\/","url":"https:\/\/www.meydan.tv\/wp-content\/uploads\/2021\/07\/meydan-logo.svg","contentUrl":"https:\/\/www.meydan.tv\/wp-content\/uploads\/2021\/07\/meydan-logo.svg","width":195,"height":46,"caption":"Meydan TV"},"image":{"@id":"https:\/\/www.meydan.tv\/az\/#\/schema\/logo\/image\/"}},{"@type":"Person","@id":"https:\/\/www.meydan.tv\/az\/#\/schema\/person\/09863e516102a829e72bedcf3f84c6b0","name":"mahmud"}]}},"_links":{"self":[{"href":"https:\/\/www.meydan.tv\/az\/wp-json\/wp\/v2\/posts\/327508","targetHints":{"allow":["GET"]}}],"collection":[{"href":"https:\/\/www.meydan.tv\/az\/wp-json\/wp\/v2\/posts"}],"about":[{"href":"https:\/\/www.meydan.tv\/az\/wp-json\/wp\/v2\/types\/post"}],"author":[{"embeddable":true,"href":"https:\/\/www.meydan.tv\/az\/wp-json\/wp\/v2\/users\/21"}],"replies":[{"embeddable":true,"href":"https:\/\/www.meydan.tv\/az\/wp-json\/wp\/v2\/comments?post=327508"}],"version-history":[{"count":1,"href":"https:\/\/www.meydan.tv\/az\/wp-json\/wp\/v2\/posts\/327508\/revisions"}],"predecessor-version":[{"id":327509,"href":"https:\/\/www.meydan.tv\/az\/wp-json\/wp\/v2\/posts\/327508\/revisions\/327509"}],"wp:featuredmedia":[{"embeddable":true,"href":"https:\/\/www.meydan.tv\/az\/wp-json\/wp\/v2\/media\/327283"}],"wp:attachment":[{"href":"https:\/\/www.meydan.tv\/az\/wp-json\/wp\/v2\/media?parent=327508"}],"wp:term":[{"taxonomy":"category","embeddable":true,"href":"https:\/\/www.meydan.tv\/az\/wp-json\/wp\/v2\/categories?post=327508"},{"taxonomy":"post_tag","embeddable":true,"href":"https:\/\/www.meydan.tv\/az\/wp-json\/wp\/v2\/tags?post=327508"}],"curies":[{"name":"wp","href":"https:\/\/api.w.org\/{rel}","templated":true}]}}