{"id":327475,"date":"2025-03-10T15:31:57","date_gmt":"2025-03-10T11:31:57","guid":{"rendered":"https:\/\/www.meydan.tv\/?p=327475"},"modified":"2025-03-10T15:32:00","modified_gmt":"2025-03-10T11:32:00","slug":"qirmizi-xac-komit%c9%99sinin-baki-ofisinin-baglanmasi-erm%c9%99ni-huquq-mudafi%c9%99cil%c9%99rini-narahat-edir","status":"publish","type":"post","link":"https:\/\/www.meydan.tv\/az\/article\/qirmizi-xac-komit%c9%99sinin-baki-ofisinin-baglanmasi-erm%c9%99ni-huquq-mudafi%c9%99cil%c9%99rini-narahat-edir\/","title":{"rendered":"Q\u0131rm\u0131z\u0131 Xa\u00e7 Komit\u0259sinin Bak\u0131 ofisinin ba\u011flanmas\u0131 erm\u0259ni h\u00fcquq m\u00fcdafi\u0259\u00e7il\u0259rini narahat edir"},"content":{"rendered":"\n<p><\/p>\n\n\n\n<p><strong><em>&#8220;Bu o dem\u0259kdir ki, Bak\u0131da saxlan\u0131lan erm\u0259nil\u0259rin taleyi yaln\u0131z Az\u0259rbaycan hakimiyy\u0259tinin kaprizl\u0259rind\u0259n as\u0131l\u0131 olacaq&#8221;<\/em><\/strong><\/p>\n\n\n\n<p>Beyn\u0259lxalq Q\u0131rm\u0131z\u0131 Xa\u00e7 Komit\u0259sinin (BQXK) Bak\u0131 ofisinin ba\u011flanmas\u0131 erm\u0259ni h\u00fcquq m\u00fcdafi\u0259\u00e7il\u0259rini narahat edir. <\/p>\n\n\n\n<p><em>&#8220;Bu, yegan\u0259 beyn\u0259lxalq t\u0259\u015fkilatd\u0131r ki, erm\u0259ni m\u0259hbuslara ba\u015f \u00e7\u0259km\u0259k imkan\u0131 olub.<br><em>Bu o dem\u0259kdir ki<\/em><strong><em>, <\/em><\/strong>Bak\u0131da saxlan\u0131lan erm\u0259nil\u0259rin taleyi yaln\u0131z Az\u0259rbaycan hakimiyy\u0259tinin kaprizl\u0259rind\u0259n as\u0131l\u0131 olacaq v\u0259 bu, Erm\u0259nistan hakimiyy\u0259tin\u0259 \u0259lav\u0259 siyasi t\u0259zyiq r\u0131\u00e7aq\u0131na \u00e7evril\u0259 bil\u0259r\u201d, <\/em>\u2014 h\u00fcquq m\u00fcdafi\u0259\u00e7isi v\u0259 beyn\u0259lxalq h\u00fcquq\u015f\u00fcnas Siranu\u015f Saakyan <a href=\"https:\/\/jam-news.net\/fate-of-armenian-prisoners-will-depend-on-bakus-whim-opinion-from-yerevan\/\" target=\"_blank\" rel=\"noreferrer noopener\">deyir.<\/a><br><br>Bu strukturun i\u015fg\u0259nc\u0259nin qar\u015f\u0131s\u0131n\u0131 almaq mexanizmi yoxdur; humanitar missiyan\u0131 yerin\u0259 yetirir. Amma onun s\u0259f\u0259rl\u0259ri Az\u0259rbaycanda saxlan\u0131lan erm\u0259nil\u0259r\u0259 m\u00fcsb\u0259t t\u0259sir edir,  Saakyan bel\u0259 hesab edir.<br><br>H\u00fcquq m\u00fcdafi\u0259\u00e7isi bildirir ki, Beyn\u0259lxalq Q\u0131rm\u0131z\u0131 Xa\u00e7 Komit\u0259sinin Bak\u0131 ofisinin ba\u011flanmas\u0131ndan sonra r\u0259smi Yerevan \u201cv\u0259ziyy\u0259ti yum\u015faltmaq\u201d \u00fc\u00e7\u00fcn add\u0131mlar atma\u011fa \u00e7al\u0131\u015fmal\u0131d\u0131r. O, \u0130\u015fg\u0259nc\u0259l\u0259rin Qar\u015f\u0131s\u0131n\u0131n Al\u0131nmas\u0131 \u00fczr\u0259 Komit\u0259nin f\u0259aliyy\u0259tinin aktivl\u0259\u015fdirilm\u0259sini t\u0259klif edir.<\/p>\n\n\n\n<p>Az\u0259rbaycanda Beyn\u0259lxalq Q\u0131z\u0131l Xa\u00e7 Komit\u0259sinin n\u00fcmay\u0259nd\u0259liyinin ba\u011flan\u0131ld\u0131\u011f\u0131 haqq\u0131nda m\u0259lumat\u0131 mart\u0131n 5-d\u0259 BQXK-nin Az\u0259rbaycan n\u00fcmay\u0259nd\u0259liyinin ictimaiyy\u0259tl\u0259 \u0259laq\u0259l\u0259r \u015f\u00f6b\u0259sinin r\u0259hb\u0259ri \u0130lah\u0259 H\u00fcseynova <a href=\"https:\/\/www.meydan.tv\/az\/article\/beyn%c9%99lxalq-qizil-xac-komit%c9%99sinin-olk%c9%99d%c9%99ki-numay%c9%99nd%c9%99liyi-baglanib\/\" target=\"_blank\" rel=\"noreferrer noopener\">verib<\/a>.<\/p>\n\n\n\n<p>Daha \u00f6nc\u0259, mart\u0131n 1-d\u0259 \u201cCaliber.az\u201d&nbsp;<a href=\"https:\/\/caliber.az\/post\/samodostatochnost-vmesto-vneshnej-pomoshi\" target=\"_blank\" rel=\"noreferrer noopener\">yazm\u0131\u015fd\u0131<\/a>&nbsp;ki, BMT-nin \u0130nki\u015faf Proqram\u0131 (UNDP), Qa\u00e7q\u0131nlar \u00fczr\u0259 Ali Komissarl\u0131\u011f\u0131n\u0131n \u0130dar\u0259si (UNHCR), Beyn\u0259lxalq Q\u0131z\u0131l Xa\u00e7 Komit\u0259sinin (BQXK) v\u0259 BMT-nin U\u015faq Fondunun (UNICEF) Bak\u0131 n\u00fcmay\u0259nd\u0259likl\u0259rin\u0259 \u0259m\u0259kda\u015fl\u0131q format\u0131na yenid\u0259n bax\u0131lmas\u0131 z\u0259rur\u0259ti il\u0259 ba\u011fl\u0131 x\u0259b\u0259rdarl\u0131q edilib.<\/p>\n\n\n\n<p>2020-ci ilin sentyabr\u0131nda Az\u0259rbaycan v\u0259 Erm\u0259nistan silahl\u0131 q\u00fcvv\u0259l\u0259ri aras\u0131nda 44 g\u00fcnl\u00fck \u0130kinci Qaraba\u011f m\u00fcharib\u0259si ba\u015f verib.<\/p>\n\n\n\n<p>Az\u0259rbaycan Qaraba\u011f\u0131n bir hiss\u0259sin\u0259 v\u0259 \u0259traf 7 rayona n\u0259zar\u0259ti b\u0259rpa edib.<\/p>\n\n\n\n<p>2023-c\u00fc ilin sentyabr\u0131n 19-da Az\u0259rbaycan Qaraba\u011fda lokal h\u0259rbi \u0259m\u0259liyyat ke\u00e7irib.<\/p>\n\n\n\n<p>Sentyabr\u0131n 28-d\u0259 is\u0259 separat\u00e7\u0131 \u201cDa\u011fl\u0131q Qaraba\u011f\u0131n (Artsax) Prezidenti\u201d Samvel \u015eahramanyan \u201crespublika\u201dn\u0131n burax\u0131lmas\u0131 bar\u0259d\u0259 f\u0259rman imzalay\u0131b.<\/p>\n\n\n\n<p>O, f\u0259rman\u0131 19 sentyabr 2023-c\u00fc ild\u0259n sonra yaranm\u0131\u015f v\u0259ziyy\u0259tl\u0259 \u0259laq\u0259l\u0259ndirib.<\/p>\n\n\n\n<p>2023-c\u00fc il oktyabr\u0131n 15-d\u0259 is\u0259 Prezident \u0130lham \u018fliyev Xank\u0259ndid\u0259ki \u00e7\u0131x\u0131\u015f\u0131nda Az\u0259rbaycan\u0131n \u00f6z suverenliyini tam b\u0259rpa etdiyini, Qaraba\u011f probleminin bitdiyini, m\u00fcnaqi\u015f\u0259nin sona \u00e7atd\u0131\u011f\u0131n\u0131 deyib.<\/p>\n\n\n\n<p>Qaraba\u011fda separat\u00e7\u0131lar\u0131n \u201cprezidenti\u201d Arkadi Gukasyan, Bako Sahakyan, Arayik Harutyunyan, sabiq \u201cxarici i\u015fl\u0259r naziri\u201d Davit Babayan, \u201cparlament s\u0259dri\u201d David \u0130\u015fxanyan, generallar Lyova Mnatsakanyan v\u0259 David Manukyan da daxil olmaqla, haz\u0131rda Az\u0259rbaycanda 14 n\u0259f\u0259r h\u0259bsd\u0259dir v\u0259 Bak\u0131da onlar\u0131n m\u0259hk\u0259m\u0259 prosesi ke\u00e7irilir.<\/p>\n\n\n\n<p>Az\u0259rbaycanla Erm\u0259nistan aras\u0131nda is\u0259 h\u0259l\u0259 d\u0259 s\u00fclh m\u00fcqavil\u0259si imzalanmay\u0131b.<\/p>\n","protected":false},"excerpt":{"rendered":"<p>&#8220;Bu o dem\u0259kdir ki, Bak\u0131da saxlan\u0131lan erm\u0259nil\u0259rin taleyi yaln\u0131z Az\u0259rbaycan &#8230; <\/p>\n<p class=\"read-more-container\"><a title=\"Q\u0131rm\u0131z\u0131 Xa\u00e7 Komit\u0259sinin Bak\u0131 ofisinin ba\u011flanmas\u0131 erm\u0259ni h\u00fcquq m\u00fcdafi\u0259\u00e7il\u0259rini narahat edir\" class=\"read-more button\" href=\"https:\/\/www.meydan.tv\/az\/article\/qirmizi-xac-komit%c9%99sinin-baki-ofisinin-baglanmasi-erm%c9%99ni-huquq-mudafi%c9%99cil%c9%99rini-narahat-edir\/#more-327475\" aria-label=\"Read more about Q\u0131rm\u0131z\u0131 Xa\u00e7 Komit\u0259sinin Bak\u0131 ofisinin ba\u011flanmas\u0131 erm\u0259ni h\u00fcquq m\u00fcdafi\u0259\u00e7il\u0259rini narahat edir\">Davam\u0131<\/a><\/p>\n","protected":false},"author":16,"featured_media":233275,"comment_status":"closed","ping_status":"closed","sticky":false,"template":"","format":"standard","meta":{"_acf_changed":false,"_sitemap_exclude":false,"_sitemap_priority":"","_sitemap_frequency":"","footnotes":""},"categories":[59,62,56],"tags":[],"class_list":["post-327475","post","type-post","status-publish","format-standard","has-post-thumbnail","hentry","category-siyaset","category-sosial","category-xeberler","infinite-scroll-item","generate-columns","tablet-grid-50","mobile-grid-100","grid-parent","grid-33","no-featured-image-padding"],"acf":[],"yoast_head":"<!-- This site is optimized with the Yoast SEO plugin v27.4 - https:\/\/yoast.com\/product\/yoast-seo-wordpress\/ -->\n<title>Q\u0131rm\u0131z\u0131 Xa\u00e7 Komit\u0259sinin Bak\u0131 ofisinin ba\u011flanmas\u0131 erm\u0259ni h\u00fcquq m\u00fcdafi\u0259\u00e7il\u0259rini narahat edir - MEYDAN.TV<\/title>\n<meta name=\"robots\" content=\"index, follow, max-snippet:-1, max-image-preview:large, max-video-preview:-1\" \/>\n<link rel=\"canonical\" href=\"https:\/\/www.meydan.tv\/az\/article\/qirmizi-xac-komit%c9%99sinin-baki-ofisinin-baglanmasi-erm%c9%99ni-huquq-mudafi%c9%99cil%c9%99rini-narahat-edir\/\" \/>\n<meta property=\"og:locale\" content=\"az_AZ\" \/>\n<meta property=\"og:type\" content=\"article\" \/>\n<meta property=\"og:title\" content=\"Q\u0131rm\u0131z\u0131 Xa\u00e7 Komit\u0259sinin Bak\u0131 ofisinin ba\u011flanmas\u0131 erm\u0259ni h\u00fcquq m\u00fcdafi\u0259\u00e7il\u0259rini narahat edir - MEYDAN.TV\" \/>\n<meta property=\"og:description\" content=\"&#8220;Bu o dem\u0259kdir ki, Bak\u0131da saxlan\u0131lan erm\u0259nil\u0259rin taleyi yaln\u0131z Az\u0259rbaycan ... Davam\u0131\" \/>\n<meta property=\"og:url\" content=\"https:\/\/www.meydan.tv\/az\/article\/qirmizi-xac-komit%c9%99sinin-baki-ofisinin-baglanmasi-erm%c9%99ni-huquq-mudafi%c9%99cil%c9%99rini-narahat-edir\/\" \/>\n<meta property=\"og:site_name\" content=\"MEYDAN.TV\" \/>\n<meta property=\"article:published_time\" content=\"2025-03-10T11:31:57+00:00\" \/>\n<meta property=\"article:modified_time\" content=\"2025-03-10T11:32:00+00:00\" \/>\n<meta property=\"og:image\" content=\"https:\/\/www.meydan.tv\/wp-content\/uploads\/shutterstock_144345880.jpg\" \/>\n\t<meta property=\"og:image:width\" content=\"1200\" \/>\n\t<meta property=\"og:image:height\" content=\"803\" \/>\n\t<meta property=\"og:image:type\" content=\"image\/jpeg\" \/>\n<meta name=\"author\" content=\"sevda\" \/>\n<meta name=\"twitter:card\" content=\"summary_large_image\" \/>\n<script type=\"application\/ld+json\" class=\"yoast-schema-graph\">{\"@context\":\"https:\\\/\\\/schema.org\",\"@graph\":[{\"@type\":\"Article\",\"@id\":\"https:\\\/\\\/www.meydan.tv\\\/az\\\/article\\\/qirmizi-xac-komit%c9%99sinin-baki-ofisinin-baglanmasi-erm%c9%99ni-huquq-mudafi%c9%99cil%c9%99rini-narahat-edir\\\/#article\",\"isPartOf\":{\"@id\":\"https:\\\/\\\/www.meydan.tv\\\/az\\\/article\\\/qirmizi-xac-komit%c9%99sinin-baki-ofisinin-baglanmasi-erm%c9%99ni-huquq-mudafi%c9%99cil%c9%99rini-narahat-edir\\\/\"},\"author\":{\"name\":\"sevda\",\"@id\":\"https:\\\/\\\/www.meydan.tv\\\/az\\\/#\\\/schema\\\/person\\\/49b5f2bad5b126bb8ea9320eeb3e4dc9\"},\"headline\":\"Q\u0131rm\u0131z\u0131 Xa\u00e7 Komit\u0259sinin Bak\u0131 ofisinin ba\u011flanmas\u0131 erm\u0259ni h\u00fcquq m\u00fcdafi\u0259\u00e7il\u0259rini narahat edir\",\"datePublished\":\"2025-03-10T11:31:57+00:00\",\"dateModified\":\"2025-03-10T11:32:00+00:00\",\"mainEntityOfPage\":{\"@id\":\"https:\\\/\\\/www.meydan.tv\\\/az\\\/article\\\/qirmizi-xac-komit%c9%99sinin-baki-ofisinin-baglanmasi-erm%c9%99ni-huquq-mudafi%c9%99cil%c9%99rini-narahat-edir\\\/\"},\"wordCount\":558,\"publisher\":{\"@id\":\"https:\\\/\\\/www.meydan.tv\\\/az\\\/#organization\"},\"image\":{\"@id\":\"https:\\\/\\\/www.meydan.tv\\\/az\\\/article\\\/qirmizi-xac-komit%c9%99sinin-baki-ofisinin-baglanmasi-erm%c9%99ni-huquq-mudafi%c9%99cil%c9%99rini-narahat-edir\\\/#primaryimage\"},\"thumbnailUrl\":\"https:\\\/\\\/www.meydan.tv\\\/wp-content\\\/uploads\\\/shutterstock_144345880.jpg\",\"articleSection\":[\"Siyas\u0259t\",\"Sosial\",\"X\u0259b\u0259rl\u0259r\"],\"inLanguage\":\"az\"},{\"@type\":\"WebPage\",\"@id\":\"https:\\\/\\\/www.meydan.tv\\\/az\\\/article\\\/qirmizi-xac-komit%c9%99sinin-baki-ofisinin-baglanmasi-erm%c9%99ni-huquq-mudafi%c9%99cil%c9%99rini-narahat-edir\\\/\",\"url\":\"https:\\\/\\\/www.meydan.tv\\\/az\\\/article\\\/qirmizi-xac-komit%c9%99sinin-baki-ofisinin-baglanmasi-erm%c9%99ni-huquq-mudafi%c9%99cil%c9%99rini-narahat-edir\\\/\",\"name\":\"Q\u0131rm\u0131z\u0131 Xa\u00e7 Komit\u0259sinin Bak\u0131 ofisinin ba\u011flanmas\u0131 erm\u0259ni h\u00fcquq m\u00fcdafi\u0259\u00e7il\u0259rini narahat edir - MEYDAN.TV\",\"isPartOf\":{\"@id\":\"https:\\\/\\\/www.meydan.tv\\\/az\\\/#website\"},\"primaryImageOfPage\":{\"@id\":\"https:\\\/\\\/www.meydan.tv\\\/az\\\/article\\\/qirmizi-xac-komit%c9%99sinin-baki-ofisinin-baglanmasi-erm%c9%99ni-huquq-mudafi%c9%99cil%c9%99rini-narahat-edir\\\/#primaryimage\"},\"image\":{\"@id\":\"https:\\\/\\\/www.meydan.tv\\\/az\\\/article\\\/qirmizi-xac-komit%c9%99sinin-baki-ofisinin-baglanmasi-erm%c9%99ni-huquq-mudafi%c9%99cil%c9%99rini-narahat-edir\\\/#primaryimage\"},\"thumbnailUrl\":\"https:\\\/\\\/www.meydan.tv\\\/wp-content\\\/uploads\\\/shutterstock_144345880.jpg\",\"datePublished\":\"2025-03-10T11:31:57+00:00\",\"dateModified\":\"2025-03-10T11:32:00+00:00\",\"breadcrumb\":{\"@id\":\"https:\\\/\\\/www.meydan.tv\\\/az\\\/article\\\/qirmizi-xac-komit%c9%99sinin-baki-ofisinin-baglanmasi-erm%c9%99ni-huquq-mudafi%c9%99cil%c9%99rini-narahat-edir\\\/#breadcrumb\"},\"inLanguage\":\"az\",\"potentialAction\":[{\"@type\":\"ReadAction\",\"target\":[\"https:\\\/\\\/www.meydan.tv\\\/az\\\/article\\\/qirmizi-xac-komit%c9%99sinin-baki-ofisinin-baglanmasi-erm%c9%99ni-huquq-mudafi%c9%99cil%c9%99rini-narahat-edir\\\/\"]}]},{\"@type\":\"ImageObject\",\"inLanguage\":\"az\",\"@id\":\"https:\\\/\\\/www.meydan.tv\\\/az\\\/article\\\/qirmizi-xac-komit%c9%99sinin-baki-ofisinin-baglanmasi-erm%c9%99ni-huquq-mudafi%c9%99cil%c9%99rini-narahat-edir\\\/#primaryimage\",\"url\":\"https:\\\/\\\/www.meydan.tv\\\/wp-content\\\/uploads\\\/shutterstock_144345880.jpg\",\"contentUrl\":\"https:\\\/\\\/www.meydan.tv\\\/wp-content\\\/uploads\\\/shutterstock_144345880.jpg\",\"width\":1200,\"height\":803,\"caption\":\"Beyn\u0259lxalq Q\u0131z\u0131l Xa\u00e7 Komit\u0259si, Martin Good\\\/shutterstock\"},{\"@type\":\"BreadcrumbList\",\"@id\":\"https:\\\/\\\/www.meydan.tv\\\/az\\\/article\\\/qirmizi-xac-komit%c9%99sinin-baki-ofisinin-baglanmasi-erm%c9%99ni-huquq-mudafi%c9%99cil%c9%99rini-narahat-edir\\\/#breadcrumb\",\"itemListElement\":[{\"@type\":\"ListItem\",\"position\":1,\"name\":\"Ana s\u0259hif\u0259\",\"item\":\"https:\\\/\\\/www.meydan.tv\\\/az\\\/\"},{\"@type\":\"ListItem\",\"position\":2,\"name\":\"X\u0259b\u0259rl\u0259r\",\"item\":\"https:\\\/\\\/www.meydan.tv\\\/az\\\/section\\\/xeberler\\\/\"},{\"@type\":\"ListItem\",\"position\":3,\"name\":\"Q\u0131rm\u0131z\u0131 Xa\u00e7 Komit\u0259sinin Bak\u0131 ofisinin ba\u011flanmas\u0131 erm\u0259ni h\u00fcquq m\u00fcdafi\u0259\u00e7il\u0259rini narahat edir\"}]},{\"@type\":\"WebSite\",\"@id\":\"https:\\\/\\\/www.meydan.tv\\\/az\\\/#website\",\"url\":\"https:\\\/\\\/www.meydan.tv\\\/az\\\/\",\"name\":\"MEYDAN.TV\",\"description\":\"Meydan TV Az\u0259rbaycan\u0131n media m\u0259kan\u0131ndak\u0131 alternativ s\u0259sidir\",\"publisher\":{\"@id\":\"https:\\\/\\\/www.meydan.tv\\\/az\\\/#organization\"},\"potentialAction\":[{\"@type\":\"SearchAction\",\"target\":{\"@type\":\"EntryPoint\",\"urlTemplate\":\"https:\\\/\\\/www.meydan.tv\\\/az\\\/?s={search_term_string}\"},\"query-input\":{\"@type\":\"PropertyValueSpecification\",\"valueRequired\":true,\"valueName\":\"search_term_string\"}}],\"inLanguage\":\"az\"},{\"@type\":\"Organization\",\"@id\":\"https:\\\/\\\/www.meydan.tv\\\/az\\\/#organization\",\"name\":\"Meydan TV\",\"url\":\"https:\\\/\\\/www.meydan.tv\\\/az\\\/\",\"logo\":{\"@type\":\"ImageObject\",\"inLanguage\":\"az\",\"@id\":\"https:\\\/\\\/www.meydan.tv\\\/az\\\/#\\\/schema\\\/logo\\\/image\\\/\",\"url\":\"https:\\\/\\\/www.meydan.tv\\\/wp-content\\\/uploads\\\/2021\\\/07\\\/meydan-logo.svg\",\"contentUrl\":\"https:\\\/\\\/www.meydan.tv\\\/wp-content\\\/uploads\\\/2021\\\/07\\\/meydan-logo.svg\",\"width\":195,\"height\":46,\"caption\":\"Meydan TV\"},\"image\":{\"@id\":\"https:\\\/\\\/www.meydan.tv\\\/az\\\/#\\\/schema\\\/logo\\\/image\\\/\"}},{\"@type\":\"Person\",\"@id\":\"https:\\\/\\\/www.meydan.tv\\\/az\\\/#\\\/schema\\\/person\\\/49b5f2bad5b126bb8ea9320eeb3e4dc9\",\"name\":\"sevda\"}]}<\/script>\n<!-- \/ Yoast SEO plugin. -->","yoast_head_json":{"title":"Q\u0131rm\u0131z\u0131 Xa\u00e7 Komit\u0259sinin Bak\u0131 ofisinin ba\u011flanmas\u0131 erm\u0259ni h\u00fcquq m\u00fcdafi\u0259\u00e7il\u0259rini narahat edir - MEYDAN.TV","robots":{"index":"index","follow":"follow","max-snippet":"max-snippet:-1","max-image-preview":"max-image-preview:large","max-video-preview":"max-video-preview:-1"},"canonical":"https:\/\/www.meydan.tv\/az\/article\/qirmizi-xac-komit%c9%99sinin-baki-ofisinin-baglanmasi-erm%c9%99ni-huquq-mudafi%c9%99cil%c9%99rini-narahat-edir\/","og_locale":"az_AZ","og_type":"article","og_title":"Q\u0131rm\u0131z\u0131 Xa\u00e7 Komit\u0259sinin Bak\u0131 ofisinin ba\u011flanmas\u0131 erm\u0259ni h\u00fcquq m\u00fcdafi\u0259\u00e7il\u0259rini narahat edir - MEYDAN.TV","og_description":"&#8220;Bu o dem\u0259kdir ki, Bak\u0131da saxlan\u0131lan erm\u0259nil\u0259rin taleyi yaln\u0131z Az\u0259rbaycan ... Davam\u0131","og_url":"https:\/\/www.meydan.tv\/az\/article\/qirmizi-xac-komit%c9%99sinin-baki-ofisinin-baglanmasi-erm%c9%99ni-huquq-mudafi%c9%99cil%c9%99rini-narahat-edir\/","og_site_name":"MEYDAN.TV","article_published_time":"2025-03-10T11:31:57+00:00","article_modified_time":"2025-03-10T11:32:00+00:00","og_image":[{"width":1200,"height":803,"url":"https:\/\/www.meydan.tv\/wp-content\/uploads\/shutterstock_144345880.jpg","type":"image\/jpeg"}],"author":"sevda","twitter_card":"summary_large_image","schema":{"@context":"https:\/\/schema.org","@graph":[{"@type":"Article","@id":"https:\/\/www.meydan.tv\/az\/article\/qirmizi-xac-komit%c9%99sinin-baki-ofisinin-baglanmasi-erm%c9%99ni-huquq-mudafi%c9%99cil%c9%99rini-narahat-edir\/#article","isPartOf":{"@id":"https:\/\/www.meydan.tv\/az\/article\/qirmizi-xac-komit%c9%99sinin-baki-ofisinin-baglanmasi-erm%c9%99ni-huquq-mudafi%c9%99cil%c9%99rini-narahat-edir\/"},"author":{"name":"sevda","@id":"https:\/\/www.meydan.tv\/az\/#\/schema\/person\/49b5f2bad5b126bb8ea9320eeb3e4dc9"},"headline":"Q\u0131rm\u0131z\u0131 Xa\u00e7 Komit\u0259sinin Bak\u0131 ofisinin ba\u011flanmas\u0131 erm\u0259ni h\u00fcquq m\u00fcdafi\u0259\u00e7il\u0259rini narahat edir","datePublished":"2025-03-10T11:31:57+00:00","dateModified":"2025-03-10T11:32:00+00:00","mainEntityOfPage":{"@id":"https:\/\/www.meydan.tv\/az\/article\/qirmizi-xac-komit%c9%99sinin-baki-ofisinin-baglanmasi-erm%c9%99ni-huquq-mudafi%c9%99cil%c9%99rini-narahat-edir\/"},"wordCount":558,"publisher":{"@id":"https:\/\/www.meydan.tv\/az\/#organization"},"image":{"@id":"https:\/\/www.meydan.tv\/az\/article\/qirmizi-xac-komit%c9%99sinin-baki-ofisinin-baglanmasi-erm%c9%99ni-huquq-mudafi%c9%99cil%c9%99rini-narahat-edir\/#primaryimage"},"thumbnailUrl":"https:\/\/www.meydan.tv\/wp-content\/uploads\/shutterstock_144345880.jpg","articleSection":["Siyas\u0259t","Sosial","X\u0259b\u0259rl\u0259r"],"inLanguage":"az"},{"@type":"WebPage","@id":"https:\/\/www.meydan.tv\/az\/article\/qirmizi-xac-komit%c9%99sinin-baki-ofisinin-baglanmasi-erm%c9%99ni-huquq-mudafi%c9%99cil%c9%99rini-narahat-edir\/","url":"https:\/\/www.meydan.tv\/az\/article\/qirmizi-xac-komit%c9%99sinin-baki-ofisinin-baglanmasi-erm%c9%99ni-huquq-mudafi%c9%99cil%c9%99rini-narahat-edir\/","name":"Q\u0131rm\u0131z\u0131 Xa\u00e7 Komit\u0259sinin Bak\u0131 ofisinin ba\u011flanmas\u0131 erm\u0259ni h\u00fcquq m\u00fcdafi\u0259\u00e7il\u0259rini narahat edir - MEYDAN.TV","isPartOf":{"@id":"https:\/\/www.meydan.tv\/az\/#website"},"primaryImageOfPage":{"@id":"https:\/\/www.meydan.tv\/az\/article\/qirmizi-xac-komit%c9%99sinin-baki-ofisinin-baglanmasi-erm%c9%99ni-huquq-mudafi%c9%99cil%c9%99rini-narahat-edir\/#primaryimage"},"image":{"@id":"https:\/\/www.meydan.tv\/az\/article\/qirmizi-xac-komit%c9%99sinin-baki-ofisinin-baglanmasi-erm%c9%99ni-huquq-mudafi%c9%99cil%c9%99rini-narahat-edir\/#primaryimage"},"thumbnailUrl":"https:\/\/www.meydan.tv\/wp-content\/uploads\/shutterstock_144345880.jpg","datePublished":"2025-03-10T11:31:57+00:00","dateModified":"2025-03-10T11:32:00+00:00","breadcrumb":{"@id":"https:\/\/www.meydan.tv\/az\/article\/qirmizi-xac-komit%c9%99sinin-baki-ofisinin-baglanmasi-erm%c9%99ni-huquq-mudafi%c9%99cil%c9%99rini-narahat-edir\/#breadcrumb"},"inLanguage":"az","potentialAction":[{"@type":"ReadAction","target":["https:\/\/www.meydan.tv\/az\/article\/qirmizi-xac-komit%c9%99sinin-baki-ofisinin-baglanmasi-erm%c9%99ni-huquq-mudafi%c9%99cil%c9%99rini-narahat-edir\/"]}]},{"@type":"ImageObject","inLanguage":"az","@id":"https:\/\/www.meydan.tv\/az\/article\/qirmizi-xac-komit%c9%99sinin-baki-ofisinin-baglanmasi-erm%c9%99ni-huquq-mudafi%c9%99cil%c9%99rini-narahat-edir\/#primaryimage","url":"https:\/\/www.meydan.tv\/wp-content\/uploads\/shutterstock_144345880.jpg","contentUrl":"https:\/\/www.meydan.tv\/wp-content\/uploads\/shutterstock_144345880.jpg","width":1200,"height":803,"caption":"Beyn\u0259lxalq Q\u0131z\u0131l Xa\u00e7 Komit\u0259si, Martin Good\/shutterstock"},{"@type":"BreadcrumbList","@id":"https:\/\/www.meydan.tv\/az\/article\/qirmizi-xac-komit%c9%99sinin-baki-ofisinin-baglanmasi-erm%c9%99ni-huquq-mudafi%c9%99cil%c9%99rini-narahat-edir\/#breadcrumb","itemListElement":[{"@type":"ListItem","position":1,"name":"Ana s\u0259hif\u0259","item":"https:\/\/www.meydan.tv\/az\/"},{"@type":"ListItem","position":2,"name":"X\u0259b\u0259rl\u0259r","item":"https:\/\/www.meydan.tv\/az\/section\/xeberler\/"},{"@type":"ListItem","position":3,"name":"Q\u0131rm\u0131z\u0131 Xa\u00e7 Komit\u0259sinin Bak\u0131 ofisinin ba\u011flanmas\u0131 erm\u0259ni h\u00fcquq m\u00fcdafi\u0259\u00e7il\u0259rini narahat edir"}]},{"@type":"WebSite","@id":"https:\/\/www.meydan.tv\/az\/#website","url":"https:\/\/www.meydan.tv\/az\/","name":"MEYDAN.TV","description":"Meydan TV Az\u0259rbaycan\u0131n media m\u0259kan\u0131ndak\u0131 alternativ s\u0259sidir","publisher":{"@id":"https:\/\/www.meydan.tv\/az\/#organization"},"potentialAction":[{"@type":"SearchAction","target":{"@type":"EntryPoint","urlTemplate":"https:\/\/www.meydan.tv\/az\/?s={search_term_string}"},"query-input":{"@type":"PropertyValueSpecification","valueRequired":true,"valueName":"search_term_string"}}],"inLanguage":"az"},{"@type":"Organization","@id":"https:\/\/www.meydan.tv\/az\/#organization","name":"Meydan TV","url":"https:\/\/www.meydan.tv\/az\/","logo":{"@type":"ImageObject","inLanguage":"az","@id":"https:\/\/www.meydan.tv\/az\/#\/schema\/logo\/image\/","url":"https:\/\/www.meydan.tv\/wp-content\/uploads\/2021\/07\/meydan-logo.svg","contentUrl":"https:\/\/www.meydan.tv\/wp-content\/uploads\/2021\/07\/meydan-logo.svg","width":195,"height":46,"caption":"Meydan TV"},"image":{"@id":"https:\/\/www.meydan.tv\/az\/#\/schema\/logo\/image\/"}},{"@type":"Person","@id":"https:\/\/www.meydan.tv\/az\/#\/schema\/person\/49b5f2bad5b126bb8ea9320eeb3e4dc9","name":"sevda"}]}},"_links":{"self":[{"href":"https:\/\/www.meydan.tv\/az\/wp-json\/wp\/v2\/posts\/327475","targetHints":{"allow":["GET"]}}],"collection":[{"href":"https:\/\/www.meydan.tv\/az\/wp-json\/wp\/v2\/posts"}],"about":[{"href":"https:\/\/www.meydan.tv\/az\/wp-json\/wp\/v2\/types\/post"}],"author":[{"embeddable":true,"href":"https:\/\/www.meydan.tv\/az\/wp-json\/wp\/v2\/users\/16"}],"replies":[{"embeddable":true,"href":"https:\/\/www.meydan.tv\/az\/wp-json\/wp\/v2\/comments?post=327475"}],"version-history":[{"count":3,"href":"https:\/\/www.meydan.tv\/az\/wp-json\/wp\/v2\/posts\/327475\/revisions"}],"predecessor-version":[{"id":327478,"href":"https:\/\/www.meydan.tv\/az\/wp-json\/wp\/v2\/posts\/327475\/revisions\/327478"}],"wp:featuredmedia":[{"embeddable":true,"href":"https:\/\/www.meydan.tv\/az\/wp-json\/wp\/v2\/media\/233275"}],"wp:attachment":[{"href":"https:\/\/www.meydan.tv\/az\/wp-json\/wp\/v2\/media?parent=327475"}],"wp:term":[{"taxonomy":"category","embeddable":true,"href":"https:\/\/www.meydan.tv\/az\/wp-json\/wp\/v2\/categories?post=327475"},{"taxonomy":"post_tag","embeddable":true,"href":"https:\/\/www.meydan.tv\/az\/wp-json\/wp\/v2\/tags?post=327475"}],"curies":[{"name":"wp","href":"https:\/\/api.w.org\/{rel}","templated":true}]}}