{"id":327438,"date":"2025-03-07T20:17:18","date_gmt":"2025-03-07T16:17:18","guid":{"rendered":"https:\/\/www.meydan.tv\/?p=327438"},"modified":"2025-03-08T15:32:25","modified_gmt":"2025-03-08T11:32:25","slug":"elgiz-q%c9%99hr%c9%99manin-cinay%c9%99t-m%c9%99suliyy%c9%99tin%c9%99-c%c9%99lb-olundugu-bildirilir","status":"publish","type":"post","link":"https:\/\/www.meydan.tv\/az\/article\/elgiz-q%c9%99hr%c9%99manin-cinay%c9%99t-m%c9%99suliyy%c9%99tin%c9%99-c%c9%99lb-olundugu-bildirilir\/","title":{"rendered":"Elgiz Q\u0259hr\u0259man cinay\u0259t m\u0259suliyy\u0259tin\u0259 c\u0259lb olunub"},"content":{"rendered":"\n<p><\/p>\n\n\n\n<p><strong><em> \u0130ctimai f\u0259ala Cinay\u0259t M\u0259c\u0259ll\u0259sinin 8 madd\u0259siyl\u0259 ittiham verilib<\/em><\/strong><\/p>\n\n\n\n<p>\u0130ctimai f\u0259al\u00a0Elgiz Q\u0259hr\u0259man\u00a0cinay\u0259t m\u0259suliyy\u0259tin\u0259 c\u0259lb olunub. \u00a0<\/p>\n\n\n\n<p>Bu bar\u0259d\u0259 m\u0259lumat\u0131 ictimai f\u0259al \u00f6z\u00fcn\u00fcn &#8220;Facebook&#8221; hesab\u0131nda <a href=\"https:\/\/www.facebook.com\/elgiz.gahraman\/posts\/pfbid034YBVSAFZ2RgvNUT2MkRLJjKT78auoToMkgKx4om8sgCynsgGfvtMAFze9na6D6BCl\" target=\"_blank\" rel=\"noreferrer noopener\">yaz\u0131b<\/a>.<\/p>\n\n\n\n<p>Elgiz Q\u0259hr\u0259man bir il\u0259 yax\u0131nd\u0131r h\u0259bsd\u0259 olan &#8220;meclis.info&#8221; sayt\u0131n\u0131n r\u0259hb\u0259ri\u00a0\u0130mran \u018fliyevin i\u015fi \u00fczr\u0259 t\u0259qsirl\u0259ndiril\u0259n \u015f\u0259xs qismind\u0259 tan\u0131n\u0131b. Lakin istintaq d\u00f6vr\u00fc \u00fc\u00e7\u00fcn bar\u0259sind\u0259 polis n\u0259zar\u0259tin\u0259 verm\u0259 q\u0259timkan t\u0259dbiri se\u00e7ilib.<\/p>\n\n\n\n<p><em>&#8220;Fevral\u0131n 28-d\u0259 dindirilm\u0259k \u00fc\u00e7\u00fcn Bak\u0131 \u015e\u0259h\u0259r Ba\u015f Polis \u0130dar\u0259sin\u0259 d\u0259v\u0259t olunmu\u015fdum. &#8220;meclis.info&#8221; i\u015fi \u00fczr\u0259 t\u0259qsirl\u0259ndiril\u0259n \u015f\u0259xs elan olundum v\u0259 bar\u0259md\u0259 polisin n\u0259zar\u0259ti alt\u0131na verm\u0259 q\u0259timkan t\u0259dbiri se\u00e7ildi&#8221;. <\/em><\/p>\n\n\n\n<p> E.Q\u0259hr\u0259mana qar\u015f\u0131 Cinay\u0259t M\u0259c\u0259ll\u0259sinin 8 madd\u0259siyl\u0259 &#8211; 192.2.2 (k\u00fcll\u00fc miqdarda g\u0259lir \u0259ld\u0259 etm\u0259kl\u0259 qanunsuz sahibkarl\u0131q), 192.2.3 (m\u00fct\u0259\u015f\u0259kkil d\u0259st\u0259 t\u0259r\u0259find\u0259n t\u00f6r\u0259dildikd\u0259), 193-1.3.1 (Cinay\u0259t yolu il\u0259 \u0259ld\u0259 edilmi\u015f \u0259mlak\u0131 leqalla\u015fd\u0131rma), 193-1.3.2 (&#8230;xeyli miqdarda t\u00f6r\u0259dildikd\u0259), 206.4 (m\u00fct\u0259\u015f\u0259kkil d\u0259st\u0259 t\u0259r\u0259find\u0259n qa\u00e7aqmal\u00e7\u0131l\u0131q), 213.2.1 (vergil\u0259ri \u00f6d\u0259m\u0259kd\u0259n yay\u0131nma &#8211; m\u00fct\u0259\u015f\u0259kkil d\u0259st\u0259 t\u0259r\u0259find\u0259n t\u00f6r\u0259dildikd\u0259),320.1 (s\u0259n\u0259d saxtala\u015fd\u0131rma), 320.2 (saxta s\u0259n\u0259dl\u0259rd\u0259n istifad\u0259 etm\u0259) ittiham ir\u0259li s\u00fcr\u00fcl\u00fcb. <\/p>\n\n\n\n<p>Bu madd\u0259l\u0259rd\u0259 12 il\u0259d\u0259k h\u0259bs c\u0259zas\u0131 n\u0259z\u0259rd\u0259 tutulub.<\/p>\n\n\n\n<p>E.Q\u0259hr\u0259man 2016-c\u0131 ild\u0259 d\u0259 narkotik ittiham\u0131 il\u0259 h\u0259bs olunmu\u015fdu.&nbsp; Ona Bak\u0131 A\u011f\u0131r Cinay\u0259tl\u0259r M\u0259hk\u0259m\u0259sinin h\u00f6km\u00fcyl\u0259 5 il 6 ay c\u0259za verilmi\u015fdi. Sonradan Ali M\u0259hk\u0259m\u0259 c\u0259za m\u00fcdd\u0259tini 3 il\u0259 endirmi\u015fdi.<\/p>\n\n\n\n<p>O zaman ictimai f\u0259al \u00f6z\u00fcn\u00fc t\u0259qsirli bilm\u0259y\u0259r\u0259k, sosial \u015f\u0259b\u0259k\u0259 hesab\u0131nda yazd\u0131\u011f\u0131 statusa g\u00f6r\u0259 \u015f\u0259rl\u0259n\u0259r\u0259k h\u0259bs olundu\u011funu bildirmi\u015fdi.<\/p>\n","protected":false},"excerpt":{"rendered":"<p>\u0130ctimai f\u0259ala Cinay\u0259t M\u0259c\u0259ll\u0259sinin 8 madd\u0259siyl\u0259 ittiham verilib \u0130ctimai f\u0259al\u00a0Elgiz &#8230; <\/p>\n<p class=\"read-more-container\"><a title=\"Elgiz Q\u0259hr\u0259man cinay\u0259t m\u0259suliyy\u0259tin\u0259 c\u0259lb olunub\" class=\"read-more button\" href=\"https:\/\/www.meydan.tv\/az\/article\/elgiz-q%c9%99hr%c9%99manin-cinay%c9%99t-m%c9%99suliyy%c9%99tin%c9%99-c%c9%99lb-olundugu-bildirilir\/#more-327438\" aria-label=\"Read more about Elgiz Q\u0259hr\u0259man cinay\u0259t m\u0259suliyy\u0259tin\u0259 c\u0259lb olunub\">Davam\u0131<\/a><\/p>\n","protected":false},"author":21,"featured_media":327462,"comment_status":"closed","ping_status":"closed","sticky":false,"template":"","format":"standard","meta":{"_acf_changed":false,"_sitemap_exclude":false,"_sitemap_priority":"","_sitemap_frequency":"","footnotes":""},"categories":[59,79,56],"tags":[],"class_list":["post-327438","post","type-post","status-publish","format-standard","has-post-thumbnail","hentry","category-siyaset","category-featured","category-xeberler","infinite-scroll-item","generate-columns","tablet-grid-50","mobile-grid-100","grid-parent","grid-33","no-featured-image-padding"],"acf":[],"yoast_head":"<!-- This site is optimized with the Yoast SEO plugin v27.5 - https:\/\/yoast.com\/product\/yoast-seo-wordpress\/ -->\n<title>Elgiz Q\u0259hr\u0259man cinay\u0259t m\u0259suliyy\u0259tin\u0259 c\u0259lb olunub - MEYDAN.TV<\/title>\n<meta name=\"robots\" content=\"index, follow, max-snippet:-1, max-image-preview:large, max-video-preview:-1\" \/>\n<link rel=\"canonical\" href=\"https:\/\/www.meydan.tv\/az\/article\/elgiz-q%c9%99hr%c9%99manin-cinay%c9%99t-m%c9%99suliyy%c9%99tin%c9%99-c%c9%99lb-olundugu-bildirilir\/\" \/>\n<meta property=\"og:locale\" content=\"az_AZ\" \/>\n<meta property=\"og:type\" content=\"article\" \/>\n<meta property=\"og:title\" content=\"Elgiz Q\u0259hr\u0259man cinay\u0259t m\u0259suliyy\u0259tin\u0259 c\u0259lb olunub - MEYDAN.TV\" \/>\n<meta property=\"og:description\" content=\"\u0130ctimai f\u0259ala Cinay\u0259t M\u0259c\u0259ll\u0259sinin 8 madd\u0259siyl\u0259 ittiham verilib \u0130ctimai f\u0259al\u00a0Elgiz ... Davam\u0131\" \/>\n<meta property=\"og:url\" content=\"https:\/\/www.meydan.tv\/az\/article\/elgiz-q%c9%99hr%c9%99manin-cinay%c9%99t-m%c9%99suliyy%c9%99tin%c9%99-c%c9%99lb-olundugu-bildirilir\/\" \/>\n<meta property=\"og:site_name\" content=\"MEYDAN.TV\" \/>\n<meta property=\"article:published_time\" content=\"2025-03-07T16:17:18+00:00\" \/>\n<meta property=\"article:modified_time\" content=\"2025-03-08T11:32:25+00:00\" \/>\n<meta property=\"og:image\" content=\"https:\/\/www.meydan.tv\/wp-content\/uploads\/34535.png\" \/>\n\t<meta property=\"og:image:width\" content=\"1179\" \/>\n\t<meta property=\"og:image:height\" content=\"576\" \/>\n\t<meta property=\"og:image:type\" content=\"image\/png\" \/>\n<meta name=\"author\" content=\"mahmud\" \/>\n<meta name=\"twitter:card\" content=\"summary_large_image\" \/>\n<script type=\"application\/ld+json\" class=\"yoast-schema-graph\">{\"@context\":\"https:\\\/\\\/schema.org\",\"@graph\":[{\"@type\":\"Article\",\"@id\":\"https:\\\/\\\/www.meydan.tv\\\/az\\\/article\\\/elgiz-q%c9%99hr%c9%99manin-cinay%c9%99t-m%c9%99suliyy%c9%99tin%c9%99-c%c9%99lb-olundugu-bildirilir\\\/#article\",\"isPartOf\":{\"@id\":\"https:\\\/\\\/www.meydan.tv\\\/az\\\/article\\\/elgiz-q%c9%99hr%c9%99manin-cinay%c9%99t-m%c9%99suliyy%c9%99tin%c9%99-c%c9%99lb-olundugu-bildirilir\\\/\"},\"author\":{\"name\":\"mahmud\",\"@id\":\"https:\\\/\\\/www.meydan.tv\\\/az\\\/#\\\/schema\\\/person\\\/09863e516102a829e72bedcf3f84c6b0\"},\"headline\":\"Elgiz Q\u0259hr\u0259man cinay\u0259t m\u0259suliyy\u0259tin\u0259 c\u0259lb olunub\",\"datePublished\":\"2025-03-07T16:17:18+00:00\",\"dateModified\":\"2025-03-08T11:32:25+00:00\",\"mainEntityOfPage\":{\"@id\":\"https:\\\/\\\/www.meydan.tv\\\/az\\\/article\\\/elgiz-q%c9%99hr%c9%99manin-cinay%c9%99t-m%c9%99suliyy%c9%99tin%c9%99-c%c9%99lb-olundugu-bildirilir\\\/\"},\"wordCount\":358,\"publisher\":{\"@id\":\"https:\\\/\\\/www.meydan.tv\\\/az\\\/#organization\"},\"image\":{\"@id\":\"https:\\\/\\\/www.meydan.tv\\\/az\\\/article\\\/elgiz-q%c9%99hr%c9%99manin-cinay%c9%99t-m%c9%99suliyy%c9%99tin%c9%99-c%c9%99lb-olundugu-bildirilir\\\/#primaryimage\"},\"thumbnailUrl\":\"https:\\\/\\\/www.meydan.tv\\\/wp-content\\\/uploads\\\/34535-e1768313548328.png\",\"articleSection\":[\"Siyas\u0259t\",\"T\u00f6vsiy\u0259\",\"X\u0259b\u0259rl\u0259r\"],\"inLanguage\":\"az\"},{\"@type\":\"WebPage\",\"@id\":\"https:\\\/\\\/www.meydan.tv\\\/az\\\/article\\\/elgiz-q%c9%99hr%c9%99manin-cinay%c9%99t-m%c9%99suliyy%c9%99tin%c9%99-c%c9%99lb-olundugu-bildirilir\\\/\",\"url\":\"https:\\\/\\\/www.meydan.tv\\\/az\\\/article\\\/elgiz-q%c9%99hr%c9%99manin-cinay%c9%99t-m%c9%99suliyy%c9%99tin%c9%99-c%c9%99lb-olundugu-bildirilir\\\/\",\"name\":\"Elgiz Q\u0259hr\u0259man cinay\u0259t m\u0259suliyy\u0259tin\u0259 c\u0259lb olunub - MEYDAN.TV\",\"isPartOf\":{\"@id\":\"https:\\\/\\\/www.meydan.tv\\\/az\\\/#website\"},\"primaryImageOfPage\":{\"@id\":\"https:\\\/\\\/www.meydan.tv\\\/az\\\/article\\\/elgiz-q%c9%99hr%c9%99manin-cinay%c9%99t-m%c9%99suliyy%c9%99tin%c9%99-c%c9%99lb-olundugu-bildirilir\\\/#primaryimage\"},\"image\":{\"@id\":\"https:\\\/\\\/www.meydan.tv\\\/az\\\/article\\\/elgiz-q%c9%99hr%c9%99manin-cinay%c9%99t-m%c9%99suliyy%c9%99tin%c9%99-c%c9%99lb-olundugu-bildirilir\\\/#primaryimage\"},\"thumbnailUrl\":\"https:\\\/\\\/www.meydan.tv\\\/wp-content\\\/uploads\\\/34535-e1768313548328.png\",\"datePublished\":\"2025-03-07T16:17:18+00:00\",\"dateModified\":\"2025-03-08T11:32:25+00:00\",\"breadcrumb\":{\"@id\":\"https:\\\/\\\/www.meydan.tv\\\/az\\\/article\\\/elgiz-q%c9%99hr%c9%99manin-cinay%c9%99t-m%c9%99suliyy%c9%99tin%c9%99-c%c9%99lb-olundugu-bildirilir\\\/#breadcrumb\"},\"inLanguage\":\"az\",\"potentialAction\":[{\"@type\":\"ReadAction\",\"target\":[\"https:\\\/\\\/www.meydan.tv\\\/az\\\/article\\\/elgiz-q%c9%99hr%c9%99manin-cinay%c9%99t-m%c9%99suliyy%c9%99tin%c9%99-c%c9%99lb-olundugu-bildirilir\\\/\"]}]},{\"@type\":\"ImageObject\",\"inLanguage\":\"az\",\"@id\":\"https:\\\/\\\/www.meydan.tv\\\/az\\\/article\\\/elgiz-q%c9%99hr%c9%99manin-cinay%c9%99t-m%c9%99suliyy%c9%99tin%c9%99-c%c9%99lb-olundugu-bildirilir\\\/#primaryimage\",\"url\":\"https:\\\/\\\/www.meydan.tv\\\/wp-content\\\/uploads\\\/34535-e1768313548328.png\",\"contentUrl\":\"https:\\\/\\\/www.meydan.tv\\\/wp-content\\\/uploads\\\/34535-e1768313548328.png\",\"width\":1179,\"height\":513,\"caption\":\"Elgiz Q\u0259hr\u0259man. Foto: \u015e\u0259xsi Facebook s\u0259hif\u0259si\"},{\"@type\":\"BreadcrumbList\",\"@id\":\"https:\\\/\\\/www.meydan.tv\\\/az\\\/article\\\/elgiz-q%c9%99hr%c9%99manin-cinay%c9%99t-m%c9%99suliyy%c9%99tin%c9%99-c%c9%99lb-olundugu-bildirilir\\\/#breadcrumb\",\"itemListElement\":[{\"@type\":\"ListItem\",\"position\":1,\"name\":\"Ana s\u0259hif\u0259\",\"item\":\"https:\\\/\\\/www.meydan.tv\\\/az\\\/\"},{\"@type\":\"ListItem\",\"position\":2,\"name\":\"Siyas\u0259t\",\"item\":\"https:\\\/\\\/www.meydan.tv\\\/az\\\/section\\\/siyaset\\\/\"},{\"@type\":\"ListItem\",\"position\":3,\"name\":\"Elgiz Q\u0259hr\u0259man cinay\u0259t m\u0259suliyy\u0259tin\u0259 c\u0259lb olunub\"}]},{\"@type\":\"WebSite\",\"@id\":\"https:\\\/\\\/www.meydan.tv\\\/az\\\/#website\",\"url\":\"https:\\\/\\\/www.meydan.tv\\\/az\\\/\",\"name\":\"MEYDAN.TV\",\"description\":\"Meydan TV Az\u0259rbaycan\u0131n media m\u0259kan\u0131ndak\u0131 alternativ s\u0259sidir\",\"publisher\":{\"@id\":\"https:\\\/\\\/www.meydan.tv\\\/az\\\/#organization\"},\"potentialAction\":[{\"@type\":\"SearchAction\",\"target\":{\"@type\":\"EntryPoint\",\"urlTemplate\":\"https:\\\/\\\/www.meydan.tv\\\/az\\\/?s={search_term_string}\"},\"query-input\":{\"@type\":\"PropertyValueSpecification\",\"valueRequired\":true,\"valueName\":\"search_term_string\"}}],\"inLanguage\":\"az\"},{\"@type\":\"Organization\",\"@id\":\"https:\\\/\\\/www.meydan.tv\\\/az\\\/#organization\",\"name\":\"Meydan TV\",\"url\":\"https:\\\/\\\/www.meydan.tv\\\/az\\\/\",\"logo\":{\"@type\":\"ImageObject\",\"inLanguage\":\"az\",\"@id\":\"https:\\\/\\\/www.meydan.tv\\\/az\\\/#\\\/schema\\\/logo\\\/image\\\/\",\"url\":\"https:\\\/\\\/www.meydan.tv\\\/wp-content\\\/uploads\\\/2021\\\/07\\\/meydan-logo.svg\",\"contentUrl\":\"https:\\\/\\\/www.meydan.tv\\\/wp-content\\\/uploads\\\/2021\\\/07\\\/meydan-logo.svg\",\"width\":195,\"height\":46,\"caption\":\"Meydan TV\"},\"image\":{\"@id\":\"https:\\\/\\\/www.meydan.tv\\\/az\\\/#\\\/schema\\\/logo\\\/image\\\/\"}},{\"@type\":\"Person\",\"@id\":\"https:\\\/\\\/www.meydan.tv\\\/az\\\/#\\\/schema\\\/person\\\/09863e516102a829e72bedcf3f84c6b0\",\"name\":\"mahmud\"}]}<\/script>\n<!-- \/ Yoast SEO plugin. -->","yoast_head_json":{"title":"Elgiz Q\u0259hr\u0259man cinay\u0259t m\u0259suliyy\u0259tin\u0259 c\u0259lb olunub - MEYDAN.TV","robots":{"index":"index","follow":"follow","max-snippet":"max-snippet:-1","max-image-preview":"max-image-preview:large","max-video-preview":"max-video-preview:-1"},"canonical":"https:\/\/www.meydan.tv\/az\/article\/elgiz-q%c9%99hr%c9%99manin-cinay%c9%99t-m%c9%99suliyy%c9%99tin%c9%99-c%c9%99lb-olundugu-bildirilir\/","og_locale":"az_AZ","og_type":"article","og_title":"Elgiz Q\u0259hr\u0259man cinay\u0259t m\u0259suliyy\u0259tin\u0259 c\u0259lb olunub - MEYDAN.TV","og_description":"\u0130ctimai f\u0259ala Cinay\u0259t M\u0259c\u0259ll\u0259sinin 8 madd\u0259siyl\u0259 ittiham verilib \u0130ctimai f\u0259al\u00a0Elgiz ... Davam\u0131","og_url":"https:\/\/www.meydan.tv\/az\/article\/elgiz-q%c9%99hr%c9%99manin-cinay%c9%99t-m%c9%99suliyy%c9%99tin%c9%99-c%c9%99lb-olundugu-bildirilir\/","og_site_name":"MEYDAN.TV","article_published_time":"2025-03-07T16:17:18+00:00","article_modified_time":"2025-03-08T11:32:25+00:00","og_image":[{"width":1179,"height":576,"url":"https:\/\/www.meydan.tv\/wp-content\/uploads\/34535.png","type":"image\/png"}],"author":"mahmud","twitter_card":"summary_large_image","schema":{"@context":"https:\/\/schema.org","@graph":[{"@type":"Article","@id":"https:\/\/www.meydan.tv\/az\/article\/elgiz-q%c9%99hr%c9%99manin-cinay%c9%99t-m%c9%99suliyy%c9%99tin%c9%99-c%c9%99lb-olundugu-bildirilir\/#article","isPartOf":{"@id":"https:\/\/www.meydan.tv\/az\/article\/elgiz-q%c9%99hr%c9%99manin-cinay%c9%99t-m%c9%99suliyy%c9%99tin%c9%99-c%c9%99lb-olundugu-bildirilir\/"},"author":{"name":"mahmud","@id":"https:\/\/www.meydan.tv\/az\/#\/schema\/person\/09863e516102a829e72bedcf3f84c6b0"},"headline":"Elgiz Q\u0259hr\u0259man cinay\u0259t m\u0259suliyy\u0259tin\u0259 c\u0259lb olunub","datePublished":"2025-03-07T16:17:18+00:00","dateModified":"2025-03-08T11:32:25+00:00","mainEntityOfPage":{"@id":"https:\/\/www.meydan.tv\/az\/article\/elgiz-q%c9%99hr%c9%99manin-cinay%c9%99t-m%c9%99suliyy%c9%99tin%c9%99-c%c9%99lb-olundugu-bildirilir\/"},"wordCount":358,"publisher":{"@id":"https:\/\/www.meydan.tv\/az\/#organization"},"image":{"@id":"https:\/\/www.meydan.tv\/az\/article\/elgiz-q%c9%99hr%c9%99manin-cinay%c9%99t-m%c9%99suliyy%c9%99tin%c9%99-c%c9%99lb-olundugu-bildirilir\/#primaryimage"},"thumbnailUrl":"https:\/\/www.meydan.tv\/wp-content\/uploads\/34535-e1768313548328.png","articleSection":["Siyas\u0259t","T\u00f6vsiy\u0259","X\u0259b\u0259rl\u0259r"],"inLanguage":"az"},{"@type":"WebPage","@id":"https:\/\/www.meydan.tv\/az\/article\/elgiz-q%c9%99hr%c9%99manin-cinay%c9%99t-m%c9%99suliyy%c9%99tin%c9%99-c%c9%99lb-olundugu-bildirilir\/","url":"https:\/\/www.meydan.tv\/az\/article\/elgiz-q%c9%99hr%c9%99manin-cinay%c9%99t-m%c9%99suliyy%c9%99tin%c9%99-c%c9%99lb-olundugu-bildirilir\/","name":"Elgiz Q\u0259hr\u0259man cinay\u0259t m\u0259suliyy\u0259tin\u0259 c\u0259lb olunub - MEYDAN.TV","isPartOf":{"@id":"https:\/\/www.meydan.tv\/az\/#website"},"primaryImageOfPage":{"@id":"https:\/\/www.meydan.tv\/az\/article\/elgiz-q%c9%99hr%c9%99manin-cinay%c9%99t-m%c9%99suliyy%c9%99tin%c9%99-c%c9%99lb-olundugu-bildirilir\/#primaryimage"},"image":{"@id":"https:\/\/www.meydan.tv\/az\/article\/elgiz-q%c9%99hr%c9%99manin-cinay%c9%99t-m%c9%99suliyy%c9%99tin%c9%99-c%c9%99lb-olundugu-bildirilir\/#primaryimage"},"thumbnailUrl":"https:\/\/www.meydan.tv\/wp-content\/uploads\/34535-e1768313548328.png","datePublished":"2025-03-07T16:17:18+00:00","dateModified":"2025-03-08T11:32:25+00:00","breadcrumb":{"@id":"https:\/\/www.meydan.tv\/az\/article\/elgiz-q%c9%99hr%c9%99manin-cinay%c9%99t-m%c9%99suliyy%c9%99tin%c9%99-c%c9%99lb-olundugu-bildirilir\/#breadcrumb"},"inLanguage":"az","potentialAction":[{"@type":"ReadAction","target":["https:\/\/www.meydan.tv\/az\/article\/elgiz-q%c9%99hr%c9%99manin-cinay%c9%99t-m%c9%99suliyy%c9%99tin%c9%99-c%c9%99lb-olundugu-bildirilir\/"]}]},{"@type":"ImageObject","inLanguage":"az","@id":"https:\/\/www.meydan.tv\/az\/article\/elgiz-q%c9%99hr%c9%99manin-cinay%c9%99t-m%c9%99suliyy%c9%99tin%c9%99-c%c9%99lb-olundugu-bildirilir\/#primaryimage","url":"https:\/\/www.meydan.tv\/wp-content\/uploads\/34535-e1768313548328.png","contentUrl":"https:\/\/www.meydan.tv\/wp-content\/uploads\/34535-e1768313548328.png","width":1179,"height":513,"caption":"Elgiz Q\u0259hr\u0259man. Foto: \u015e\u0259xsi Facebook s\u0259hif\u0259si"},{"@type":"BreadcrumbList","@id":"https:\/\/www.meydan.tv\/az\/article\/elgiz-q%c9%99hr%c9%99manin-cinay%c9%99t-m%c9%99suliyy%c9%99tin%c9%99-c%c9%99lb-olundugu-bildirilir\/#breadcrumb","itemListElement":[{"@type":"ListItem","position":1,"name":"Ana s\u0259hif\u0259","item":"https:\/\/www.meydan.tv\/az\/"},{"@type":"ListItem","position":2,"name":"Siyas\u0259t","item":"https:\/\/www.meydan.tv\/az\/section\/siyaset\/"},{"@type":"ListItem","position":3,"name":"Elgiz Q\u0259hr\u0259man cinay\u0259t m\u0259suliyy\u0259tin\u0259 c\u0259lb olunub"}]},{"@type":"WebSite","@id":"https:\/\/www.meydan.tv\/az\/#website","url":"https:\/\/www.meydan.tv\/az\/","name":"MEYDAN.TV","description":"Meydan TV Az\u0259rbaycan\u0131n media m\u0259kan\u0131ndak\u0131 alternativ s\u0259sidir","publisher":{"@id":"https:\/\/www.meydan.tv\/az\/#organization"},"potentialAction":[{"@type":"SearchAction","target":{"@type":"EntryPoint","urlTemplate":"https:\/\/www.meydan.tv\/az\/?s={search_term_string}"},"query-input":{"@type":"PropertyValueSpecification","valueRequired":true,"valueName":"search_term_string"}}],"inLanguage":"az"},{"@type":"Organization","@id":"https:\/\/www.meydan.tv\/az\/#organization","name":"Meydan TV","url":"https:\/\/www.meydan.tv\/az\/","logo":{"@type":"ImageObject","inLanguage":"az","@id":"https:\/\/www.meydan.tv\/az\/#\/schema\/logo\/image\/","url":"https:\/\/www.meydan.tv\/wp-content\/uploads\/2021\/07\/meydan-logo.svg","contentUrl":"https:\/\/www.meydan.tv\/wp-content\/uploads\/2021\/07\/meydan-logo.svg","width":195,"height":46,"caption":"Meydan TV"},"image":{"@id":"https:\/\/www.meydan.tv\/az\/#\/schema\/logo\/image\/"}},{"@type":"Person","@id":"https:\/\/www.meydan.tv\/az\/#\/schema\/person\/09863e516102a829e72bedcf3f84c6b0","name":"mahmud"}]}},"_links":{"self":[{"href":"https:\/\/www.meydan.tv\/az\/wp-json\/wp\/v2\/posts\/327438","targetHints":{"allow":["GET"]}}],"collection":[{"href":"https:\/\/www.meydan.tv\/az\/wp-json\/wp\/v2\/posts"}],"about":[{"href":"https:\/\/www.meydan.tv\/az\/wp-json\/wp\/v2\/types\/post"}],"author":[{"embeddable":true,"href":"https:\/\/www.meydan.tv\/az\/wp-json\/wp\/v2\/users\/21"}],"replies":[{"embeddable":true,"href":"https:\/\/www.meydan.tv\/az\/wp-json\/wp\/v2\/comments?post=327438"}],"version-history":[{"count":4,"href":"https:\/\/www.meydan.tv\/az\/wp-json\/wp\/v2\/posts\/327438\/revisions"}],"predecessor-version":[{"id":327465,"href":"https:\/\/www.meydan.tv\/az\/wp-json\/wp\/v2\/posts\/327438\/revisions\/327465"}],"wp:featuredmedia":[{"embeddable":true,"href":"https:\/\/www.meydan.tv\/az\/wp-json\/wp\/v2\/media\/327462"}],"wp:attachment":[{"href":"https:\/\/www.meydan.tv\/az\/wp-json\/wp\/v2\/media?parent=327438"}],"wp:term":[{"taxonomy":"category","embeddable":true,"href":"https:\/\/www.meydan.tv\/az\/wp-json\/wp\/v2\/categories?post=327438"},{"taxonomy":"post_tag","embeddable":true,"href":"https:\/\/www.meydan.tv\/az\/wp-json\/wp\/v2\/tags?post=327438"}],"curies":[{"name":"wp","href":"https:\/\/api.w.org\/{rel}","templated":true}]}}