{"id":327387,"date":"2025-03-07T14:14:11","date_gmt":"2025-03-07T10:14:11","guid":{"rendered":"https:\/\/www.meydan.tv\/?p=327387"},"modified":"2025-03-07T15:01:39","modified_gmt":"2025-03-07T11:01:39","slug":"aynur-elgun%c9%99sin-v%c9%99sat%c9%99ti-t%c9%99min-edilm%c9%99yib-ictimai-f%c9%99al-m%c9%99hk%c9%99m%c9%99-onund%c9%99n-yoxa-cixib","status":"publish","type":"post","link":"https:\/\/www.meydan.tv\/az\/article\/aynur-elgun%c9%99sin-v%c9%99sat%c9%99ti-t%c9%99min-edilm%c9%99yib-ictimai-f%c9%99al-m%c9%99hk%c9%99m%c9%99-onund%c9%99n-yoxa-cixib\/","title":{"rendered":"Aynur Elg\u00fcn\u0259\u015fin v\u0259sat\u0259ti t\u0259min edilm\u0259yib, ictimai f\u0259al m\u0259hk\u0259m\u0259 \u00f6n\u00fcnd\u0259n yoxa \u00e7\u0131x\u0131b (Yenil\u0259nib)"},"content":{"rendered":"\n<p><\/p>\n\n\n\n<p>\u201cMeydan TV i\u015fi\u201d \u00fczr\u0259 h\u0259bs edilmi\u015f jurnalist Aynur Elg\u00fcn\u0259\u015fin X\u0259tai rayon M\u0259hk\u0259m\u0259sind\u0259 ke\u00e7iril\u0259n prosesini izl\u0259m\u0259k \u00fc\u00e7\u00fcn m\u0259hk\u0259m\u0259nin qar\u015f\u0131s\u0131na ged\u0259n v\u0259 daha sonra yoxa \u00e7\u0131xan Kamran M\u0259mm\u0259dli polis t\u0259r\u0259find\u0259n saxlan\u0131l\u0131bm\u0131\u015f. <\/p>\n\n\n\n<p>Sosial \u015f\u0259b\u0259k\u0259d\u0259 onun art\u0131q s\u0259rb\u0259st burax\u0131ld\u0131\u011f\u0131<a href=\"https:\/\/www.facebook.com\/ferqane.novruzova\/posts\/pfbid02rreCWosmRNUUyrAfzqLPv36ZstKcEGnr5VKRKMRqTNAyV74mr5q8yq8qHMvA1odYl\"> deyilir. <\/a><\/p>\n\n\n\n<p><em>&#8220;Kamran\u0131 burax\u0131blar. 34-c\u00fc b\u00f6lm\u0259y\u0259 apar\u0131blarm\u0131\u015f. Sutkal\u0131q \u00fc\u00e7\u00fcn m\u0259hk\u0259m\u0259y\u0259 g\u00f6nd\u0259r\u0259c\u0259kl\u0259rmi\u015f, son anda q\u0259rar d\u0259yi\u015fdiribl\u0259r&#8221; <\/em>&#8211; sosial mediada dostlar\u0131 bel\u0259 yaz\u0131b. <\/p>\n\n\n\n<hr class=\"wp-block-separator has-alpha-channel-opacity\"\/>\n\n\n\n<p><em><strong>Heyvan haqlar\u0131 f\u0259al\u0131 Kamran M\u0259mm\u0259dlid\u0259n x\u0259b\u0259r yoxdur<\/strong><\/em><\/p>\n\n\n\n<p>Bu g\u00fcn, mart\u0131n 7-d\u0259 X\u0259tai Rayon M\u0259hk\u0259m\u0259sind\u0259 ke\u00e7iril\u0259n prosesd\u0259 Meydan TV-nin h\u0259bsd\u0259 olan \u0259m\u0259kda\u015flar\u0131ndan Aynur Elg\u00fcn\u0259\u015fin (Q\u0259nb\u0259rova) ev dustaql\u0131\u011f\u0131na burax\u0131lmas\u0131 il\u0259 ba\u011fl\u0131 v\u0259sat\u0259tin\u0259 bax\u0131l\u0131b.<\/p>\n\n\n\n<p>M\u00fcdafi\u0259 t\u0259r\u0259fi jurnalistin h\u0259bsd\u0259 saxlan\u0131lmas\u0131 \u00fc\u00e7\u00fcn he\u00e7 bir h\u00fcquqi \u0259sas\u0131n olmad\u0131\u011f\u0131n\u0131 deyib.<\/p>\n\n\n\n<p>Jurnalistin v\u0259sat\u0259ti t\u0259min edilm\u0259yib.<\/p>\n\n\n\n<p>Sosial \u015f\u0259b\u0259k\u0259d\u0259 veril\u0259n m\u0259lumata g\u00f6r\u0259, \u201cMeydan TV i\u015fi\u201d \u00fczr\u0259 h\u0259bs edilmi\u015f jurnalist Aynur Elg\u00fcn\u0259\u015fin X\u0259tai rayon M\u0259hk\u0259m\u0259sind\u0259 ke\u00e7iril\u0259n prosesini izl\u0259m\u0259k \u00fc\u00e7\u00fcn m\u0259hk\u0259m\u0259nin qar\u015f\u0131s\u0131na ged\u0259n Kamran M\u0259mm\u0259dlid\u0259n x\u0259b\u0259r yoxdur.<\/p>\n\n\n\n<p>M\u0259hk\u0259m\u0259 \u00f6n\u00fcnd\u0259 ictimai f\u0259al jurnalist\u0259 d\u0259st\u0259yini ifad\u0259 etm\u0259k \u00fc\u00e7\u00fcn onun ad\u0131n\u0131 \u00e7a\u011f\u0131r\u0131b, orada oldu\u011funu bildirib.<\/p>\n\n\n\n<p><em>\u201c\u0130ctimai f\u0259al\u0131 oradan uzaqla\u015fd\u0131rmaq \u00fc\u00e7\u00fcn polis \u00e7a\u011f\u0131racaqlar\u0131 il\u0259 h\u0259d\u0259l\u0259yibl\u0259r. Bundan sonra Kamranla \u0259laq\u0259 saxlamaq m\u00fcmk\u00fcn olmay\u0131b\u201d,<\/em> &#8211; sosial \u015f\u0259b\u0259k\u0259d\u0259 <a href=\"https:\/\/www.facebook.com\/story.php?story_fbid=23877811628478683&amp;id=100000295386795&amp;mibextid=wwXIfr&amp;rdid=dQ0dU0vNjKSrScTF#\" target=\"_blank\" rel=\"noreferrer noopener\">yaz\u0131rlar<\/a>.<\/p>\n\n\n\n<p>2024-c\u00fc il dekabr\u0131n 6-da Meydan TV-nin \u0259m\u0259kda\u015flar\u0131 Ramin Deko (C\u0259bray\u0131lzad\u0259), Aynur Q\u0259nb\u0259rova (Elg\u00fcn\u0259\u015f), Aysel Umudova, Aytac \u018fhm\u0259dova (Tapd\u0131q), X\u0259yal\u0259 A\u011fayeva, Natiq Cavadl\u0131 saxlan\u0131l\u0131blar. Onlara qar\u015f\u0131 Cinay\u0259t M\u0259c\u0259ll\u0259sinin 206.3.2-ci (qa\u00e7aqmal\u00e7\u0131l\u0131q, \u0259vv\u0259lc\u0259d\u0259n \u0259lbir olan bir qrup \u015f\u0259xs t\u0259r\u0259find\u0259n t\u00f6r\u0259dildikd\u0259) madd\u0259si il\u0259 ittiham ir\u0259li s\u00fcr\u00fcl\u00fcb. Bu madd\u0259 il\u0259 onlar\u0131n bar\u0259sind\u0259 istintaq d\u00f6vr\u00fc \u00fc\u00e7\u00fcn 4 ayl\u0131q h\u0259bs q\u0259timkan t\u0259dbiri se\u00e7ilib.<\/p>\n\n\n\n<p>Meydan TV \u0259m\u0259kda\u015flar\u0131 il\u0259 yana\u015f\u0131, eyni g\u00fcnd\u0259 v\u0259t\u0259nda\u015f c\u0259miyy\u0259tinin \u00fczv\u00fc \u00dclvi Tahirov da saxlan\u0131l\u0131b. Eyni ittihamla onun da bar\u0259sind\u0259 4 ayl\u0131q h\u0259bs q\u0259timkan t\u0259dbiri se\u00e7ilib. \u00dclvi Tahirovun Meydan TV-y\u0259 aidiyy\u0259ti yoxdur.<\/p>\n\n\n\n<p>2025-ci il fevral\u0131n 5-i \u201carqument.az\u201d sayt\u0131n\u0131n ba\u015f redaktoru, Meydan TV il\u0259 \u0259m\u0259kda\u015fl\u0131q ed\u0259n jurnalist \u015e\u0259m\u015fad A\u011fayev (A\u011fa) d\u0259 saxlan\u0131l\u0131b. Onun bar\u0259sind\u0259 2 ay 1 g\u00fcn m\u00fcdd\u0259tin\u0259 h\u0259bs q\u0259timkan t\u0259dbiri se\u00e7ilib.<\/p>\n\n\n\n<p>Fevral\u0131n 20-d\u0259 is\u0259 jurnalist Nurlan Libre (Q\u0259hr\u0259manl\u0131) \u201cMeydan TV\u201d il\u0259 \u0259laq\u0259li cinay\u0259t i\u015fin\u0259 g\u00f6r\u0259 saxlan\u0131l\u0131b. M\u0259hk\u0259m\u0259nin q\u0259rar\u0131 il\u0259 onun bar\u0259sind\u0259 1 ay 17 g\u00fcn m\u00fcdd\u0259tin\u0259 h\u0259bs q\u0259timkan t\u0259dbiri se\u00e7ilib.<\/p>\n\n\n\n<p>Fatim\u0259 M\u00f6vlaml\u0131 da fevral\u0131n 28-d\u0259 \u201cMeydan TV\u201d il\u0259 \u0259laq\u0259li cinay\u0259t i\u015fin\u0259 g\u00f6r\u0259 saxlan\u0131l\u0131b. X\u0259tai Rayon M\u0259hk\u0259m\u0259si mart\u0131n 1-d\u0259 istintaq d\u00f6vr\u00fc \u00fc\u00e7\u00fcn jurnalistin 1 ay 9 g\u00fcn m\u00fcdd\u0259tin\u0259 h\u0259bs olunmas\u0131 q\u0259rar\u0131n\u0131 \u00e7\u0131xar\u0131b.<\/p>\n\n\n\n<p>Saxlan\u0131lan jurnalistl\u0259rin evind\u0259 axtar\u0131\u015f apar\u0131l\u0131b, telefonlar\u0131, komp\u00fcterl\u0259ri v\u0259 dig\u0259r \u015f\u0259xsi \u0259\u015fyalar\u0131 g\u00f6t\u00fcr\u00fcl\u00fcb.<\/p>\n\n\n\n<p>H\u0259bs olunan jurnalistl\u0259r \u00f6zl\u0259rini t\u0259qsirli bilmir, Meydan TV \u0259m\u0259kda\u015flar\u0131n\u0131n t\u0259nqid\u00e7i f\u0259aliyy\u0259tl\u0259rin\u0259 g\u00f6r\u0259 c\u0259zaland\u0131r\u0131ld\u0131qlar\u0131n\u0131 b\u0259yan edibl\u0259r.<\/p>\n\n\n\n<p>Haz\u0131rda ox\u015far ittihamlarla 30-d\u0259k jurnalist, ictimai f\u0259al h\u0259bsd\u0259dir. Onlar ittiham\u0131 q\u0259bul etmir, pe\u015f\u0259 f\u0259aliyy\u0259tl\u0259ri il\u0259 \u0259laq\u0259l\u0259ndirirl\u0259r. Hakimiyy\u0259t t\u0259msil\u00e7il\u0259ri \u00f6lk\u0259d\u0259 siyasi motivli h\u0259bsl\u0259rin olmad\u0131\u011f\u0131n\u0131 deyirl\u0259r.<\/p>\n\n\n\n<p>Beyn\u0259lxalq insan haqlar\u0131 qurumlar\u0131, Q\u0259rb r\u0259smil\u0259ri d\u0259 h\u00f6kum\u0259ti haqs\u0131z tutulanlar\u0131 azad etm\u0259y\u0259 \u00e7a\u011f\u0131r\u0131rlar.<\/p>\n","protected":false},"excerpt":{"rendered":"<p>\u201cMeydan TV i\u015fi\u201d \u00fczr\u0259 h\u0259bs edilmi\u015f jurnalist Aynur Elg\u00fcn\u0259\u015fin X\u0259tai &#8230; <\/p>\n<p class=\"read-more-container\"><a title=\"Aynur Elg\u00fcn\u0259\u015fin v\u0259sat\u0259ti t\u0259min edilm\u0259yib, ictimai f\u0259al m\u0259hk\u0259m\u0259 \u00f6n\u00fcnd\u0259n yoxa \u00e7\u0131x\u0131b (Yenil\u0259nib)\" class=\"read-more button\" href=\"https:\/\/www.meydan.tv\/az\/article\/aynur-elgun%c9%99sin-v%c9%99sat%c9%99ti-t%c9%99min-edilm%c9%99yib-ictimai-f%c9%99al-m%c9%99hk%c9%99m%c9%99-onund%c9%99n-yoxa-cixib\/#more-327387\" aria-label=\"Read more about Aynur Elg\u00fcn\u0259\u015fin v\u0259sat\u0259ti t\u0259min edilm\u0259yib, ictimai f\u0259al m\u0259hk\u0259m\u0259 \u00f6n\u00fcnd\u0259n yoxa \u00e7\u0131x\u0131b (Yenil\u0259nib)\">Davam\u0131<\/a><\/p>\n","protected":false},"author":21,"featured_media":322447,"comment_status":"closed","ping_status":"closed","sticky":false,"template":"","format":"standard","meta":{"_acf_changed":false,"_sitemap_exclude":false,"_sitemap_priority":"","_sitemap_frequency":"","footnotes":""},"categories":[139,59,79,56],"tags":[],"class_list":["post-327387","post","type-post","status-publish","format-standard","has-post-thumbnail","hentry","category-meydan-tv-isi","category-siyaset","category-featured","category-xeberler","infinite-scroll-item","generate-columns","tablet-grid-50","mobile-grid-100","grid-parent","grid-33","no-featured-image-padding"],"acf":[],"yoast_head":"<!-- This site is optimized with the Yoast SEO plugin v27.5 - https:\/\/yoast.com\/product\/yoast-seo-wordpress\/ -->\n<title>Aynur Elg\u00fcn\u0259\u015fin v\u0259sat\u0259ti t\u0259min edilm\u0259yib, ictimai f\u0259al m\u0259hk\u0259m\u0259 \u00f6n\u00fcnd\u0259n yoxa \u00e7\u0131x\u0131b (Yenil\u0259nib) - MEYDAN.TV<\/title>\n<meta name=\"robots\" content=\"index, follow, max-snippet:-1, max-image-preview:large, max-video-preview:-1\" \/>\n<link rel=\"canonical\" href=\"https:\/\/www.meydan.tv\/az\/article\/aynur-elgun%c9%99sin-v%c9%99sat%c9%99ti-t%c9%99min-edilm%c9%99yib-ictimai-f%c9%99al-m%c9%99hk%c9%99m%c9%99-onund%c9%99n-yoxa-cixib\/\" \/>\n<meta property=\"og:locale\" content=\"az_AZ\" \/>\n<meta property=\"og:type\" content=\"article\" \/>\n<meta property=\"og:title\" content=\"Aynur Elg\u00fcn\u0259\u015fin v\u0259sat\u0259ti t\u0259min edilm\u0259yib, ictimai f\u0259al m\u0259hk\u0259m\u0259 \u00f6n\u00fcnd\u0259n yoxa \u00e7\u0131x\u0131b (Yenil\u0259nib) - MEYDAN.TV\" \/>\n<meta property=\"og:description\" content=\"\u201cMeydan TV i\u015fi\u201d \u00fczr\u0259 h\u0259bs edilmi\u015f jurnalist Aynur Elg\u00fcn\u0259\u015fin X\u0259tai ... Davam\u0131\" \/>\n<meta property=\"og:url\" content=\"https:\/\/www.meydan.tv\/az\/article\/aynur-elgun%c9%99sin-v%c9%99sat%c9%99ti-t%c9%99min-edilm%c9%99yib-ictimai-f%c9%99al-m%c9%99hk%c9%99m%c9%99-onund%c9%99n-yoxa-cixib\/\" \/>\n<meta property=\"og:site_name\" content=\"MEYDAN.TV\" \/>\n<meta property=\"article:published_time\" content=\"2025-03-07T10:14:11+00:00\" \/>\n<meta property=\"article:modified_time\" content=\"2025-03-07T11:01:39+00:00\" \/>\n<meta property=\"og:image\" content=\"https:\/\/www.meydan.tv\/wp-content\/uploads\/img_1640-scaled-e1733750852862.jpg\" \/>\n\t<meta property=\"og:image:width\" content=\"2560\" \/>\n\t<meta property=\"og:image:height\" content=\"1293\" \/>\n\t<meta property=\"og:image:type\" content=\"image\/jpeg\" \/>\n<meta name=\"author\" content=\"mahmud\" \/>\n<meta name=\"twitter:card\" content=\"summary_large_image\" \/>\n<script type=\"application\/ld+json\" class=\"yoast-schema-graph\">{\"@context\":\"https:\\\/\\\/schema.org\",\"@graph\":[{\"@type\":\"Article\",\"@id\":\"https:\\\/\\\/www.meydan.tv\\\/az\\\/article\\\/aynur-elgun%c9%99sin-v%c9%99sat%c9%99ti-t%c9%99min-edilm%c9%99yib-ictimai-f%c9%99al-m%c9%99hk%c9%99m%c9%99-onund%c9%99n-yoxa-cixib\\\/#article\",\"isPartOf\":{\"@id\":\"https:\\\/\\\/www.meydan.tv\\\/az\\\/article\\\/aynur-elgun%c9%99sin-v%c9%99sat%c9%99ti-t%c9%99min-edilm%c9%99yib-ictimai-f%c9%99al-m%c9%99hk%c9%99m%c9%99-onund%c9%99n-yoxa-cixib\\\/\"},\"author\":{\"name\":\"mahmud\",\"@id\":\"https:\\\/\\\/www.meydan.tv\\\/az\\\/#\\\/schema\\\/person\\\/09863e516102a829e72bedcf3f84c6b0\"},\"headline\":\"Aynur Elg\u00fcn\u0259\u015fin v\u0259sat\u0259ti t\u0259min edilm\u0259yib, ictimai f\u0259al m\u0259hk\u0259m\u0259 \u00f6n\u00fcnd\u0259n yoxa \u00e7\u0131x\u0131b (Yenil\u0259nib)\",\"datePublished\":\"2025-03-07T10:14:11+00:00\",\"dateModified\":\"2025-03-07T11:01:39+00:00\",\"mainEntityOfPage\":{\"@id\":\"https:\\\/\\\/www.meydan.tv\\\/az\\\/article\\\/aynur-elgun%c9%99sin-v%c9%99sat%c9%99ti-t%c9%99min-edilm%c9%99yib-ictimai-f%c9%99al-m%c9%99hk%c9%99m%c9%99-onund%c9%99n-yoxa-cixib\\\/\"},\"wordCount\":751,\"publisher\":{\"@id\":\"https:\\\/\\\/www.meydan.tv\\\/az\\\/#organization\"},\"image\":{\"@id\":\"https:\\\/\\\/www.meydan.tv\\\/az\\\/article\\\/aynur-elgun%c9%99sin-v%c9%99sat%c9%99ti-t%c9%99min-edilm%c9%99yib-ictimai-f%c9%99al-m%c9%99hk%c9%99m%c9%99-onund%c9%99n-yoxa-cixib\\\/#primaryimage\"},\"thumbnailUrl\":\"https:\\\/\\\/www.meydan.tv\\\/wp-content\\\/uploads\\\/img_1640-scaled-e1733750852862.jpg\",\"articleSection\":[\"Meydan TV i\u015fi\",\"Siyas\u0259t\",\"T\u00f6vsiy\u0259\",\"X\u0259b\u0259rl\u0259r\"],\"inLanguage\":\"az\"},{\"@type\":\"WebPage\",\"@id\":\"https:\\\/\\\/www.meydan.tv\\\/az\\\/article\\\/aynur-elgun%c9%99sin-v%c9%99sat%c9%99ti-t%c9%99min-edilm%c9%99yib-ictimai-f%c9%99al-m%c9%99hk%c9%99m%c9%99-onund%c9%99n-yoxa-cixib\\\/\",\"url\":\"https:\\\/\\\/www.meydan.tv\\\/az\\\/article\\\/aynur-elgun%c9%99sin-v%c9%99sat%c9%99ti-t%c9%99min-edilm%c9%99yib-ictimai-f%c9%99al-m%c9%99hk%c9%99m%c9%99-onund%c9%99n-yoxa-cixib\\\/\",\"name\":\"Aynur Elg\u00fcn\u0259\u015fin v\u0259sat\u0259ti t\u0259min edilm\u0259yib, ictimai f\u0259al m\u0259hk\u0259m\u0259 \u00f6n\u00fcnd\u0259n yoxa \u00e7\u0131x\u0131b (Yenil\u0259nib) - MEYDAN.TV\",\"isPartOf\":{\"@id\":\"https:\\\/\\\/www.meydan.tv\\\/az\\\/#website\"},\"primaryImageOfPage\":{\"@id\":\"https:\\\/\\\/www.meydan.tv\\\/az\\\/article\\\/aynur-elgun%c9%99sin-v%c9%99sat%c9%99ti-t%c9%99min-edilm%c9%99yib-ictimai-f%c9%99al-m%c9%99hk%c9%99m%c9%99-onund%c9%99n-yoxa-cixib\\\/#primaryimage\"},\"image\":{\"@id\":\"https:\\\/\\\/www.meydan.tv\\\/az\\\/article\\\/aynur-elgun%c9%99sin-v%c9%99sat%c9%99ti-t%c9%99min-edilm%c9%99yib-ictimai-f%c9%99al-m%c9%99hk%c9%99m%c9%99-onund%c9%99n-yoxa-cixib\\\/#primaryimage\"},\"thumbnailUrl\":\"https:\\\/\\\/www.meydan.tv\\\/wp-content\\\/uploads\\\/img_1640-scaled-e1733750852862.jpg\",\"datePublished\":\"2025-03-07T10:14:11+00:00\",\"dateModified\":\"2025-03-07T11:01:39+00:00\",\"breadcrumb\":{\"@id\":\"https:\\\/\\\/www.meydan.tv\\\/az\\\/article\\\/aynur-elgun%c9%99sin-v%c9%99sat%c9%99ti-t%c9%99min-edilm%c9%99yib-ictimai-f%c9%99al-m%c9%99hk%c9%99m%c9%99-onund%c9%99n-yoxa-cixib\\\/#breadcrumb\"},\"inLanguage\":\"az\",\"potentialAction\":[{\"@type\":\"ReadAction\",\"target\":[\"https:\\\/\\\/www.meydan.tv\\\/az\\\/article\\\/aynur-elgun%c9%99sin-v%c9%99sat%c9%99ti-t%c9%99min-edilm%c9%99yib-ictimai-f%c9%99al-m%c9%99hk%c9%99m%c9%99-onund%c9%99n-yoxa-cixib\\\/\"]}]},{\"@type\":\"ImageObject\",\"inLanguage\":\"az\",\"@id\":\"https:\\\/\\\/www.meydan.tv\\\/az\\\/article\\\/aynur-elgun%c9%99sin-v%c9%99sat%c9%99ti-t%c9%99min-edilm%c9%99yib-ictimai-f%c9%99al-m%c9%99hk%c9%99m%c9%99-onund%c9%99n-yoxa-cixib\\\/#primaryimage\",\"url\":\"https:\\\/\\\/www.meydan.tv\\\/wp-content\\\/uploads\\\/img_1640-scaled-e1733750852862.jpg\",\"contentUrl\":\"https:\\\/\\\/www.meydan.tv\\\/wp-content\\\/uploads\\\/img_1640-scaled-e1733750852862.jpg\",\"width\":2560,\"height\":1293,\"caption\":\"\u0130ll\u00fcstrasiya: Meydan TV\"},{\"@type\":\"BreadcrumbList\",\"@id\":\"https:\\\/\\\/www.meydan.tv\\\/az\\\/article\\\/aynur-elgun%c9%99sin-v%c9%99sat%c9%99ti-t%c9%99min-edilm%c9%99yib-ictimai-f%c9%99al-m%c9%99hk%c9%99m%c9%99-onund%c9%99n-yoxa-cixib\\\/#breadcrumb\",\"itemListElement\":[{\"@type\":\"ListItem\",\"position\":1,\"name\":\"Ana s\u0259hif\u0259\",\"item\":\"https:\\\/\\\/www.meydan.tv\\\/az\\\/\"},{\"@type\":\"ListItem\",\"position\":2,\"name\":\"Siyas\u0259t\",\"item\":\"https:\\\/\\\/www.meydan.tv\\\/az\\\/section\\\/siyaset\\\/\"},{\"@type\":\"ListItem\",\"position\":3,\"name\":\"Aynur Elg\u00fcn\u0259\u015fin v\u0259sat\u0259ti t\u0259min edilm\u0259yib, ictimai f\u0259al m\u0259hk\u0259m\u0259 \u00f6n\u00fcnd\u0259n yoxa \u00e7\u0131x\u0131b (Yenil\u0259nib)\"}]},{\"@type\":\"WebSite\",\"@id\":\"https:\\\/\\\/www.meydan.tv\\\/az\\\/#website\",\"url\":\"https:\\\/\\\/www.meydan.tv\\\/az\\\/\",\"name\":\"MEYDAN.TV\",\"description\":\"Meydan TV Az\u0259rbaycan\u0131n media m\u0259kan\u0131ndak\u0131 alternativ s\u0259sidir\",\"publisher\":{\"@id\":\"https:\\\/\\\/www.meydan.tv\\\/az\\\/#organization\"},\"potentialAction\":[{\"@type\":\"SearchAction\",\"target\":{\"@type\":\"EntryPoint\",\"urlTemplate\":\"https:\\\/\\\/www.meydan.tv\\\/az\\\/?s={search_term_string}\"},\"query-input\":{\"@type\":\"PropertyValueSpecification\",\"valueRequired\":true,\"valueName\":\"search_term_string\"}}],\"inLanguage\":\"az\"},{\"@type\":\"Organization\",\"@id\":\"https:\\\/\\\/www.meydan.tv\\\/az\\\/#organization\",\"name\":\"Meydan TV\",\"url\":\"https:\\\/\\\/www.meydan.tv\\\/az\\\/\",\"logo\":{\"@type\":\"ImageObject\",\"inLanguage\":\"az\",\"@id\":\"https:\\\/\\\/www.meydan.tv\\\/az\\\/#\\\/schema\\\/logo\\\/image\\\/\",\"url\":\"https:\\\/\\\/www.meydan.tv\\\/wp-content\\\/uploads\\\/2021\\\/07\\\/meydan-logo.svg\",\"contentUrl\":\"https:\\\/\\\/www.meydan.tv\\\/wp-content\\\/uploads\\\/2021\\\/07\\\/meydan-logo.svg\",\"width\":195,\"height\":46,\"caption\":\"Meydan TV\"},\"image\":{\"@id\":\"https:\\\/\\\/www.meydan.tv\\\/az\\\/#\\\/schema\\\/logo\\\/image\\\/\"}},{\"@type\":\"Person\",\"@id\":\"https:\\\/\\\/www.meydan.tv\\\/az\\\/#\\\/schema\\\/person\\\/09863e516102a829e72bedcf3f84c6b0\",\"name\":\"mahmud\"}]}<\/script>\n<!-- \/ Yoast SEO plugin. -->","yoast_head_json":{"title":"Aynur Elg\u00fcn\u0259\u015fin v\u0259sat\u0259ti t\u0259min edilm\u0259yib, ictimai f\u0259al m\u0259hk\u0259m\u0259 \u00f6n\u00fcnd\u0259n yoxa \u00e7\u0131x\u0131b (Yenil\u0259nib) - MEYDAN.TV","robots":{"index":"index","follow":"follow","max-snippet":"max-snippet:-1","max-image-preview":"max-image-preview:large","max-video-preview":"max-video-preview:-1"},"canonical":"https:\/\/www.meydan.tv\/az\/article\/aynur-elgun%c9%99sin-v%c9%99sat%c9%99ti-t%c9%99min-edilm%c9%99yib-ictimai-f%c9%99al-m%c9%99hk%c9%99m%c9%99-onund%c9%99n-yoxa-cixib\/","og_locale":"az_AZ","og_type":"article","og_title":"Aynur Elg\u00fcn\u0259\u015fin v\u0259sat\u0259ti t\u0259min edilm\u0259yib, ictimai f\u0259al m\u0259hk\u0259m\u0259 \u00f6n\u00fcnd\u0259n yoxa \u00e7\u0131x\u0131b (Yenil\u0259nib) - MEYDAN.TV","og_description":"\u201cMeydan TV i\u015fi\u201d \u00fczr\u0259 h\u0259bs edilmi\u015f jurnalist Aynur Elg\u00fcn\u0259\u015fin X\u0259tai ... Davam\u0131","og_url":"https:\/\/www.meydan.tv\/az\/article\/aynur-elgun%c9%99sin-v%c9%99sat%c9%99ti-t%c9%99min-edilm%c9%99yib-ictimai-f%c9%99al-m%c9%99hk%c9%99m%c9%99-onund%c9%99n-yoxa-cixib\/","og_site_name":"MEYDAN.TV","article_published_time":"2025-03-07T10:14:11+00:00","article_modified_time":"2025-03-07T11:01:39+00:00","og_image":[{"width":2560,"height":1293,"url":"https:\/\/www.meydan.tv\/wp-content\/uploads\/img_1640-scaled-e1733750852862.jpg","type":"image\/jpeg"}],"author":"mahmud","twitter_card":"summary_large_image","schema":{"@context":"https:\/\/schema.org","@graph":[{"@type":"Article","@id":"https:\/\/www.meydan.tv\/az\/article\/aynur-elgun%c9%99sin-v%c9%99sat%c9%99ti-t%c9%99min-edilm%c9%99yib-ictimai-f%c9%99al-m%c9%99hk%c9%99m%c9%99-onund%c9%99n-yoxa-cixib\/#article","isPartOf":{"@id":"https:\/\/www.meydan.tv\/az\/article\/aynur-elgun%c9%99sin-v%c9%99sat%c9%99ti-t%c9%99min-edilm%c9%99yib-ictimai-f%c9%99al-m%c9%99hk%c9%99m%c9%99-onund%c9%99n-yoxa-cixib\/"},"author":{"name":"mahmud","@id":"https:\/\/www.meydan.tv\/az\/#\/schema\/person\/09863e516102a829e72bedcf3f84c6b0"},"headline":"Aynur Elg\u00fcn\u0259\u015fin v\u0259sat\u0259ti t\u0259min edilm\u0259yib, ictimai f\u0259al m\u0259hk\u0259m\u0259 \u00f6n\u00fcnd\u0259n yoxa \u00e7\u0131x\u0131b (Yenil\u0259nib)","datePublished":"2025-03-07T10:14:11+00:00","dateModified":"2025-03-07T11:01:39+00:00","mainEntityOfPage":{"@id":"https:\/\/www.meydan.tv\/az\/article\/aynur-elgun%c9%99sin-v%c9%99sat%c9%99ti-t%c9%99min-edilm%c9%99yib-ictimai-f%c9%99al-m%c9%99hk%c9%99m%c9%99-onund%c9%99n-yoxa-cixib\/"},"wordCount":751,"publisher":{"@id":"https:\/\/www.meydan.tv\/az\/#organization"},"image":{"@id":"https:\/\/www.meydan.tv\/az\/article\/aynur-elgun%c9%99sin-v%c9%99sat%c9%99ti-t%c9%99min-edilm%c9%99yib-ictimai-f%c9%99al-m%c9%99hk%c9%99m%c9%99-onund%c9%99n-yoxa-cixib\/#primaryimage"},"thumbnailUrl":"https:\/\/www.meydan.tv\/wp-content\/uploads\/img_1640-scaled-e1733750852862.jpg","articleSection":["Meydan TV i\u015fi","Siyas\u0259t","T\u00f6vsiy\u0259","X\u0259b\u0259rl\u0259r"],"inLanguage":"az"},{"@type":"WebPage","@id":"https:\/\/www.meydan.tv\/az\/article\/aynur-elgun%c9%99sin-v%c9%99sat%c9%99ti-t%c9%99min-edilm%c9%99yib-ictimai-f%c9%99al-m%c9%99hk%c9%99m%c9%99-onund%c9%99n-yoxa-cixib\/","url":"https:\/\/www.meydan.tv\/az\/article\/aynur-elgun%c9%99sin-v%c9%99sat%c9%99ti-t%c9%99min-edilm%c9%99yib-ictimai-f%c9%99al-m%c9%99hk%c9%99m%c9%99-onund%c9%99n-yoxa-cixib\/","name":"Aynur Elg\u00fcn\u0259\u015fin v\u0259sat\u0259ti t\u0259min edilm\u0259yib, ictimai f\u0259al m\u0259hk\u0259m\u0259 \u00f6n\u00fcnd\u0259n yoxa \u00e7\u0131x\u0131b (Yenil\u0259nib) - MEYDAN.TV","isPartOf":{"@id":"https:\/\/www.meydan.tv\/az\/#website"},"primaryImageOfPage":{"@id":"https:\/\/www.meydan.tv\/az\/article\/aynur-elgun%c9%99sin-v%c9%99sat%c9%99ti-t%c9%99min-edilm%c9%99yib-ictimai-f%c9%99al-m%c9%99hk%c9%99m%c9%99-onund%c9%99n-yoxa-cixib\/#primaryimage"},"image":{"@id":"https:\/\/www.meydan.tv\/az\/article\/aynur-elgun%c9%99sin-v%c9%99sat%c9%99ti-t%c9%99min-edilm%c9%99yib-ictimai-f%c9%99al-m%c9%99hk%c9%99m%c9%99-onund%c9%99n-yoxa-cixib\/#primaryimage"},"thumbnailUrl":"https:\/\/www.meydan.tv\/wp-content\/uploads\/img_1640-scaled-e1733750852862.jpg","datePublished":"2025-03-07T10:14:11+00:00","dateModified":"2025-03-07T11:01:39+00:00","breadcrumb":{"@id":"https:\/\/www.meydan.tv\/az\/article\/aynur-elgun%c9%99sin-v%c9%99sat%c9%99ti-t%c9%99min-edilm%c9%99yib-ictimai-f%c9%99al-m%c9%99hk%c9%99m%c9%99-onund%c9%99n-yoxa-cixib\/#breadcrumb"},"inLanguage":"az","potentialAction":[{"@type":"ReadAction","target":["https:\/\/www.meydan.tv\/az\/article\/aynur-elgun%c9%99sin-v%c9%99sat%c9%99ti-t%c9%99min-edilm%c9%99yib-ictimai-f%c9%99al-m%c9%99hk%c9%99m%c9%99-onund%c9%99n-yoxa-cixib\/"]}]},{"@type":"ImageObject","inLanguage":"az","@id":"https:\/\/www.meydan.tv\/az\/article\/aynur-elgun%c9%99sin-v%c9%99sat%c9%99ti-t%c9%99min-edilm%c9%99yib-ictimai-f%c9%99al-m%c9%99hk%c9%99m%c9%99-onund%c9%99n-yoxa-cixib\/#primaryimage","url":"https:\/\/www.meydan.tv\/wp-content\/uploads\/img_1640-scaled-e1733750852862.jpg","contentUrl":"https:\/\/www.meydan.tv\/wp-content\/uploads\/img_1640-scaled-e1733750852862.jpg","width":2560,"height":1293,"caption":"\u0130ll\u00fcstrasiya: Meydan TV"},{"@type":"BreadcrumbList","@id":"https:\/\/www.meydan.tv\/az\/article\/aynur-elgun%c9%99sin-v%c9%99sat%c9%99ti-t%c9%99min-edilm%c9%99yib-ictimai-f%c9%99al-m%c9%99hk%c9%99m%c9%99-onund%c9%99n-yoxa-cixib\/#breadcrumb","itemListElement":[{"@type":"ListItem","position":1,"name":"Ana s\u0259hif\u0259","item":"https:\/\/www.meydan.tv\/az\/"},{"@type":"ListItem","position":2,"name":"Siyas\u0259t","item":"https:\/\/www.meydan.tv\/az\/section\/siyaset\/"},{"@type":"ListItem","position":3,"name":"Aynur Elg\u00fcn\u0259\u015fin v\u0259sat\u0259ti t\u0259min edilm\u0259yib, ictimai f\u0259al m\u0259hk\u0259m\u0259 \u00f6n\u00fcnd\u0259n yoxa \u00e7\u0131x\u0131b (Yenil\u0259nib)"}]},{"@type":"WebSite","@id":"https:\/\/www.meydan.tv\/az\/#website","url":"https:\/\/www.meydan.tv\/az\/","name":"MEYDAN.TV","description":"Meydan TV Az\u0259rbaycan\u0131n media m\u0259kan\u0131ndak\u0131 alternativ s\u0259sidir","publisher":{"@id":"https:\/\/www.meydan.tv\/az\/#organization"},"potentialAction":[{"@type":"SearchAction","target":{"@type":"EntryPoint","urlTemplate":"https:\/\/www.meydan.tv\/az\/?s={search_term_string}"},"query-input":{"@type":"PropertyValueSpecification","valueRequired":true,"valueName":"search_term_string"}}],"inLanguage":"az"},{"@type":"Organization","@id":"https:\/\/www.meydan.tv\/az\/#organization","name":"Meydan TV","url":"https:\/\/www.meydan.tv\/az\/","logo":{"@type":"ImageObject","inLanguage":"az","@id":"https:\/\/www.meydan.tv\/az\/#\/schema\/logo\/image\/","url":"https:\/\/www.meydan.tv\/wp-content\/uploads\/2021\/07\/meydan-logo.svg","contentUrl":"https:\/\/www.meydan.tv\/wp-content\/uploads\/2021\/07\/meydan-logo.svg","width":195,"height":46,"caption":"Meydan TV"},"image":{"@id":"https:\/\/www.meydan.tv\/az\/#\/schema\/logo\/image\/"}},{"@type":"Person","@id":"https:\/\/www.meydan.tv\/az\/#\/schema\/person\/09863e516102a829e72bedcf3f84c6b0","name":"mahmud"}]}},"_links":{"self":[{"href":"https:\/\/www.meydan.tv\/az\/wp-json\/wp\/v2\/posts\/327387","targetHints":{"allow":["GET"]}}],"collection":[{"href":"https:\/\/www.meydan.tv\/az\/wp-json\/wp\/v2\/posts"}],"about":[{"href":"https:\/\/www.meydan.tv\/az\/wp-json\/wp\/v2\/types\/post"}],"author":[{"embeddable":true,"href":"https:\/\/www.meydan.tv\/az\/wp-json\/wp\/v2\/users\/21"}],"replies":[{"embeddable":true,"href":"https:\/\/www.meydan.tv\/az\/wp-json\/wp\/v2\/comments?post=327387"}],"version-history":[{"count":4,"href":"https:\/\/www.meydan.tv\/az\/wp-json\/wp\/v2\/posts\/327387\/revisions"}],"predecessor-version":[{"id":327394,"href":"https:\/\/www.meydan.tv\/az\/wp-json\/wp\/v2\/posts\/327387\/revisions\/327394"}],"wp:featuredmedia":[{"embeddable":true,"href":"https:\/\/www.meydan.tv\/az\/wp-json\/wp\/v2\/media\/322447"}],"wp:attachment":[{"href":"https:\/\/www.meydan.tv\/az\/wp-json\/wp\/v2\/media?parent=327387"}],"wp:term":[{"taxonomy":"category","embeddable":true,"href":"https:\/\/www.meydan.tv\/az\/wp-json\/wp\/v2\/categories?post=327387"},{"taxonomy":"post_tag","embeddable":true,"href":"https:\/\/www.meydan.tv\/az\/wp-json\/wp\/v2\/tags?post=327387"}],"curies":[{"name":"wp","href":"https:\/\/api.w.org\/{rel}","templated":true}]}}