{"id":327363,"date":"2025-03-06T19:16:38","date_gmt":"2025-03-06T15:16:38","guid":{"rendered":"https:\/\/www.meydan.tv\/?p=327363"},"modified":"2025-03-07T14:00:30","modified_gmt":"2025-03-07T10:00:30","slug":"meydan-tv-isi-uzr%c9%99-gunahlandirilan-jurnalistl%c9%99r-h%c9%99bsd%c9%99-qaldi","status":"publish","type":"post","link":"https:\/\/www.meydan.tv\/az\/article\/meydan-tv-isi-uzr%c9%99-gunahlandirilan-jurnalistl%c9%99r-h%c9%99bsd%c9%99-qaldi\/","title":{"rendered":"\u201cMeydan TV i\u015fi\u201d \u00fczr\u0259 g\u00fcnahland\u0131r\u0131lan jurnalistl\u0259r h\u0259bsd\u0259 qald\u0131"},"content":{"rendered":"\n<p><\/p>\n\n\n\n<p><strong><em>M\u0259hk\u0259m\u0259l\u0259r Aytac Tapd\u0131q, Fatim\u0259 M\u00f6vlaml\u0131 v\u0259 Nurlan Librenin v\u0259sat\u0259tl\u0259rini t\u0259min etm\u0259yib<\/em><\/strong><\/p>\n\n\n\n<p>Bu g\u00fcn X\u0259tai Rayon M\u0259hk\u0259m\u0259sind\u0259 ke\u00e7iril\u0259n prosesd\u0259 \u201cMeydan TV i\u015fi\u201d \u00fczr\u0259 h\u0259bs edilmi\u015f jurnalist Aytac Tapd\u0131\u011f\u0131n (\u018fhm\u0259dova) h\u0259bs q\u0259timkan t\u0259dbirinin ev dustaql\u0131\u011f\u0131 il\u0259 \u0259v\u0259z olunmas\u0131 il\u0259 ba\u011fl\u0131 \u015fikay\u0259tin\u0259 bax\u0131l\u0131b.<\/p>\n\n\n\n<figure class=\"wp-block-image size-large\"><img decoding=\"async\" width=\"1200\" height=\"608\" data-src=\"https:\/\/www.meydan.tv\/wp-content\/uploads\/img_1641-scaled-e1733751310135-1200x608.jpg\" alt=\"Aytac Tapd\u0131q\" class=\"wp-image-322450 lazyload\" src=\"data:image\/svg+xml;base64,PHN2ZyB3aWR0aD0iMSIgaGVpZ2h0PSIxIiB4bWxucz0iaHR0cDovL3d3dy53My5vcmcvMjAwMC9zdmciPjwvc3ZnPg==\" style=\"--smush-placeholder-width: 1200px; --smush-placeholder-aspect-ratio: 1200\/608;\" \/><figcaption class=\"wp-element-caption\">Aytac Tapd\u0131q<\/figcaption><\/figure>\n\n\n\n<p>Bu bar\u0259d\u0259 jurnalistin v\u0259kili Cavad Cavadov m\u0259lumat verib.<\/p>\n\n\n\n<p><em>\u201cBu yax\u0131nlarda Milli M\u0259clisd\u0259 h\u0259bsd\u0259 olan qad\u0131n jurnalistl\u0259rin \u201c8 mart\u201d Beyn\u0259lxalq Qad\u0131nlar G\u00fcn\u00fc il\u0259 il\u0259 \u0259laq\u0259dar azad olunmas\u0131 il\u0259 ba\u011fl\u0131 fikirl\u0259r s\u0259sl\u0259ndirilmi\u015fdi. Bizim d\u0259 buna g\u00f6r\u0259 m\u00fc\u0259yy\u0259n bir g\u00fcman\u0131m\u0131z var idi. V\u0259sat\u0259t verdik, d\u00fc\u015f\u00fcnd\u00fck ki, b\u0259lk\u0259 m\u0259hk\u0259m\u0259 t\u0259min ed\u0259. Amma t\u0259\u0259ss\u00fcfl\u0259r olsun ki, yan\u0131ld\u0131q<\/em>\u201d- v\u0259kil bel\u0259 deyib.<\/p>\n\n\n\n<p>Jurnalist \u00f6z\u00fc d\u0259 m\u0259hk\u0259m\u0259 prosesind\u0259 i\u015ftirak edib, v\u0259sat\u0259ti m\u00fcdafi\u0259 edib v\u0259 b\u00fct\u00fcn ittihamlar\u0131 r\u0259dd edib.<\/p>\n\n\n\n<p>M\u0259hk\u0259m\u0259 v\u0259sat\u0259ti t\u0259min etm\u0259yib.<\/p>\n\n\n\n<p>Cavad Cavadov deyib ki, m\u0259hk\u0259m\u0259nin q\u0259rar\u0131ndan apelyasiya \u015fikay\u0259ti veril\u0259c\u0259k.<\/p>\n\n\n\n<p>Bu g\u00fcn, mart\u0131n 6-da Bak\u0131 Apellyasiya M\u0259hk\u0259m\u0259sind\u0259 jurnalist \u201cMeydan TV i\u015fi\u201d \u00fczr\u0259 h\u0259bs edilmi\u015f jurnalist Fatim\u0259 M\u00f6vlaml\u0131 bar\u0259sind\u0259 se\u00e7ilmi\u015f h\u0259bs-q\u0259timkan t\u0259dbirind\u0259n veril\u0259n apellyasiya \u015fikay\u0259tin\u0259 bax\u0131l\u0131b.<\/p>\n\n\n\n<figure class=\"wp-block-image size-large\"><img decoding=\"async\" data-src=\"https:\/\/www.meydan.tv\/wp-content\/uploads\/img_6386-1200x800.jpg\" alt=\"\" class=\"wp-image-327364 lazyload\" src=\"data:image\/svg+xml;base64,PHN2ZyB3aWR0aD0iMSIgaGVpZ2h0PSIxIiB4bWxucz0iaHR0cDovL3d3dy53My5vcmcvMjAwMC9zdmciPjwvc3ZnPg==\" style=\"--smush-placeholder-width: 1200px; --smush-placeholder-aspect-ratio: 1200\/800;\" \/><figcaption class=\"wp-element-caption\">Fatim\u0259 M\u00f6vlaml\u0131. Foto: Meydan TV<\/figcaption><\/figure>\n\n\n\n<p>M\u0259hk\u0259m\u0259 jurnalistin apellyasiya \u015fikay\u0259tini t\u0259min etm\u0259yib.<\/p>\n\n\n\n<p>Mart\u0131n 6-da Bak\u0131 Apellyasiya M\u0259hk\u0259m\u0259sind\u0259 jurnalist&nbsp; Nurlan Q\u0259hr\u0259manl\u0131n\u0131n (Libre) bar\u0259sind\u0259 verilmi\u015f h\u0259bs q\u0259timkan t\u0259dbirind\u0259n d\u0259 \u015fikay\u0259t\u0259 bax\u0131l\u0131b.<\/p>\n\n\n\n<figure class=\"wp-block-image size-large\"><img decoding=\"async\" width=\"1200\" height=\"800\" data-src=\"https:\/\/www.meydan.tv\/wp-content\/uploads\/img_6387-1200x800.jpg\" alt=\"\" class=\"wp-image-327383 lazyload\" src=\"data:image\/svg+xml;base64,PHN2ZyB3aWR0aD0iMSIgaGVpZ2h0PSIxIiB4bWxucz0iaHR0cDovL3d3dy53My5vcmcvMjAwMC9zdmciPjwvc3ZnPg==\" style=\"--smush-placeholder-width: 1200px; --smush-placeholder-aspect-ratio: 1200\/800;\" \/><figcaption class=\"wp-element-caption\">Nurlan Libre. Foto: Meydan TV<\/figcaption><\/figure>\n\n\n\n<p>M\u0259hk\u0259m\u0259 onun da \u015fikay\u0259tini t\u0259min etm\u0259yib.<\/p>\n\n\n\n<p>2024-c\u00fc il dekabr\u0131n 6-da Meydan TV-nin \u0259m\u0259kda\u015flar\u0131 Ramin Deko (C\u0259bray\u0131lzad\u0259), Aynur Q\u0259nb\u0259rova (Elg\u00fcn\u0259\u015f), Aysel Umudova, Aytac \u018fhm\u0259dova (Tapd\u0131q), X\u0259yal\u0259 A\u011fayeva, Natiq Cavadl\u0131 saxlan\u0131l\u0131blar. Onlara qar\u015f\u0131 Cinay\u0259t M\u0259c\u0259ll\u0259sinin 206.3.2-ci (qa\u00e7aqmal\u00e7\u0131l\u0131q, \u0259vv\u0259lc\u0259d\u0259n \u0259lbir olan bir qrup \u015f\u0259xs t\u0259r\u0259find\u0259n t\u00f6r\u0259dildikd\u0259) madd\u0259si il\u0259 ittiham ir\u0259li s\u00fcr\u00fcl\u00fcb. Bu madd\u0259 il\u0259 onlar\u0131n bar\u0259sind\u0259 istintaq d\u00f6vr\u00fc \u00fc\u00e7\u00fcn 4 ayl\u0131q h\u0259bs q\u0259timkan t\u0259dbiri se\u00e7ilib.<\/p>\n\n\n\n<p>Meydan TV \u0259m\u0259kda\u015flar\u0131 il\u0259 yana\u015f\u0131, eyni g\u00fcnd\u0259 v\u0259t\u0259nda\u015f c\u0259miyy\u0259tinin \u00fczv\u00fc \u00dclvi Tahirov da saxlan\u0131l\u0131b. Eyni ittihamla onun da bar\u0259sind\u0259 4 ayl\u0131q h\u0259bs q\u0259timkan t\u0259dbiri se\u00e7ilib. \u00dclvi Tahirovun Meydan TV-y\u0259 aidiyy\u0259ti yoxdur.<\/p>\n\n\n\n<p>2025-ci il fevral\u0131n 5-i \u201carqument.az\u201d sayt\u0131n\u0131n ba\u015f redaktoru, Meydan TV il\u0259 \u0259m\u0259kda\u015fl\u0131q ed\u0259n jurnalist \u015e\u0259m\u015fad A\u011fayev (A\u011fa) d\u0259 saxlan\u0131l\u0131b. Onun bar\u0259sind\u0259 2 ay 1 g\u00fcn m\u00fcdd\u0259tin\u0259 h\u0259bs q\u0259timkan t\u0259dbiri se\u00e7ilib.<\/p>\n\n\n\n<p>Fevral\u0131n 20-d\u0259 is\u0259 jurnalist Nurlan Libre (Q\u0259hr\u0259manl\u0131) \u201cMeydan TV\u201d il\u0259 \u0259laq\u0259li cinay\u0259t i\u015fin\u0259 g\u00f6r\u0259 saxlan\u0131l\u0131b. M\u0259hk\u0259m\u0259nin q\u0259rar\u0131 il\u0259 onun bar\u0259sind\u0259 1 ay 17 g\u00fcn m\u00fcdd\u0259tin\u0259 h\u0259bs q\u0259timkan t\u0259dbiri se\u00e7ilib.<\/p>\n\n\n\n<p>Fatim\u0259 M\u00f6vlaml\u0131 da fevral\u0131n 28-d\u0259 \u201cMeydan TV\u201d il\u0259 \u0259laq\u0259li cinay\u0259t i\u015fin\u0259 g\u00f6r\u0259 saxlan\u0131l\u0131b. X\u0259tai Rayon M\u0259hk\u0259m\u0259si mart\u0131n 1-d\u0259 istintaq d\u00f6vr\u00fc \u00fc\u00e7\u00fcn jurnalistin 1 ay 9 g\u00fcn m\u00fcdd\u0259tin\u0259 h\u0259bs olunmas\u0131 q\u0259rar\u0131n\u0131 \u00e7\u0131xar\u0131b.<\/p>\n\n\n\n<p>Saxlan\u0131lan jurnalistl\u0259rin evind\u0259 axtar\u0131\u015f apar\u0131l\u0131b, telefonlar\u0131, komp\u00fcterl\u0259ri v\u0259 dig\u0259r \u015f\u0259xsi \u0259\u015fyalar\u0131 g\u00f6t\u00fcr\u00fcl\u00fcb.<\/p>\n\n\n\n<p>H\u0259bs olunan jurnalistl\u0259r \u00f6zl\u0259rini t\u0259qsirli bilmir, Meydan TV \u0259m\u0259kda\u015flar\u0131n\u0131n t\u0259nqid\u00e7i f\u0259aliyy\u0259tl\u0259rin\u0259 g\u00f6r\u0259 c\u0259zaland\u0131r\u0131ld\u0131qlar\u0131n\u0131 b\u0259yan edibl\u0259r.<\/p>\n\n\n\n<p>Haz\u0131rda ox\u015far ittihamlarla 30-d\u0259k jurnalist, ictimai f\u0259al h\u0259bsd\u0259dir. Onlar ittiham\u0131 q\u0259bul etmir, pe\u015f\u0259 f\u0259aliyy\u0259tl\u0259ri il\u0259 \u0259laq\u0259l\u0259ndirirl\u0259r. Hakimiyy\u0259t t\u0259msil\u00e7il\u0259ri \u00f6lk\u0259d\u0259 siyasi motivli h\u0259bsl\u0259rin olmad\u0131\u011f\u0131n\u0131 deyirl\u0259r.<\/p>\n\n\n\n<p>Beyn\u0259lxalq insan haqlar\u0131 qurumlar\u0131, Q\u0259rb r\u0259smil\u0259ri d\u0259 h\u00f6kum\u0259ti haqs\u0131z tutulanlar\u0131 azad etm\u0259y\u0259 \u00e7a\u011f\u0131r\u0131rlar.<\/p>\n","protected":false},"excerpt":{"rendered":"<p>M\u0259hk\u0259m\u0259l\u0259r Aytac Tapd\u0131q, Fatim\u0259 M\u00f6vlaml\u0131 v\u0259 Nurlan Librenin v\u0259sat\u0259tl\u0259rini t\u0259min &#8230; <\/p>\n<p class=\"read-more-container\"><a title=\"\u201cMeydan TV i\u015fi\u201d \u00fczr\u0259 g\u00fcnahland\u0131r\u0131lan jurnalistl\u0259r h\u0259bsd\u0259 qald\u0131\" class=\"read-more button\" href=\"https:\/\/www.meydan.tv\/az\/article\/meydan-tv-isi-uzr%c9%99-gunahlandirilan-jurnalistl%c9%99r-h%c9%99bsd%c9%99-qaldi\/#more-327363\" aria-label=\"Read more about \u201cMeydan TV i\u015fi\u201d \u00fczr\u0259 g\u00fcnahland\u0131r\u0131lan jurnalistl\u0259r h\u0259bsd\u0259 qald\u0131\">Davam\u0131<\/a><\/p>\n","protected":false},"author":21,"featured_media":135598,"comment_status":"closed","ping_status":"closed","sticky":false,"template":"","format":"standard","meta":{"_acf_changed":false,"_sitemap_exclude":false,"_sitemap_priority":"","_sitemap_frequency":"","footnotes":""},"categories":[139,59,79,56],"tags":[],"class_list":["post-327363","post","type-post","status-publish","format-standard","has-post-thumbnail","hentry","category-meydan-tv-isi","category-siyaset","category-featured","category-xeberler","infinite-scroll-item","generate-columns","tablet-grid-50","mobile-grid-100","grid-parent","grid-33","no-featured-image-padding"],"acf":[],"yoast_head":"<!-- This site is optimized with the Yoast SEO plugin v27.5 - https:\/\/yoast.com\/product\/yoast-seo-wordpress\/ -->\n<title>\u201cMeydan TV i\u015fi\u201d \u00fczr\u0259 g\u00fcnahland\u0131r\u0131lan jurnalistl\u0259r h\u0259bsd\u0259 qald\u0131 - MEYDAN.TV<\/title>\n<meta name=\"robots\" content=\"index, follow, max-snippet:-1, max-image-preview:large, max-video-preview:-1\" \/>\n<link rel=\"canonical\" href=\"https:\/\/www.meydan.tv\/az\/article\/meydan-tv-isi-uzr%c9%99-gunahlandirilan-jurnalistl%c9%99r-h%c9%99bsd%c9%99-qaldi\/\" \/>\n<meta property=\"og:locale\" content=\"az_AZ\" \/>\n<meta property=\"og:type\" content=\"article\" \/>\n<meta property=\"og:title\" content=\"\u201cMeydan TV i\u015fi\u201d \u00fczr\u0259 g\u00fcnahland\u0131r\u0131lan jurnalistl\u0259r h\u0259bsd\u0259 qald\u0131 - MEYDAN.TV\" \/>\n<meta property=\"og:description\" content=\"M\u0259hk\u0259m\u0259l\u0259r Aytac Tapd\u0131q, Fatim\u0259 M\u00f6vlaml\u0131 v\u0259 Nurlan Librenin v\u0259sat\u0259tl\u0259rini t\u0259min ... Davam\u0131\" \/>\n<meta property=\"og:url\" content=\"https:\/\/www.meydan.tv\/az\/article\/meydan-tv-isi-uzr%c9%99-gunahlandirilan-jurnalistl%c9%99r-h%c9%99bsd%c9%99-qaldi\/\" \/>\n<meta property=\"og:site_name\" content=\"MEYDAN.TV\" \/>\n<meta property=\"article:published_time\" content=\"2025-03-06T15:16:38+00:00\" \/>\n<meta property=\"article:modified_time\" content=\"2025-03-07T10:00:30+00:00\" \/>\n<meta property=\"og:image\" content=\"https:\/\/www.meydan.tv\/wp-content\/uploads\/694329_1545916025_6a3557b9-245b-4861-874c-911d958e7dec.jpg\" \/>\n\t<meta property=\"og:image:width\" content=\"1400\" \/>\n\t<meta property=\"og:image:height\" content=\"933\" \/>\n\t<meta property=\"og:image:type\" content=\"image\/jpeg\" \/>\n<meta name=\"author\" content=\"mahmud\" \/>\n<meta name=\"twitter:card\" content=\"summary_large_image\" \/>\n<script type=\"application\/ld+json\" class=\"yoast-schema-graph\">{\"@context\":\"https:\\\/\\\/schema.org\",\"@graph\":[{\"@type\":\"Article\",\"@id\":\"https:\\\/\\\/www.meydan.tv\\\/az\\\/article\\\/meydan-tv-isi-uzr%c9%99-gunahlandirilan-jurnalistl%c9%99r-h%c9%99bsd%c9%99-qaldi\\\/#article\",\"isPartOf\":{\"@id\":\"https:\\\/\\\/www.meydan.tv\\\/az\\\/article\\\/meydan-tv-isi-uzr%c9%99-gunahlandirilan-jurnalistl%c9%99r-h%c9%99bsd%c9%99-qaldi\\\/\"},\"author\":{\"name\":\"mahmud\",\"@id\":\"https:\\\/\\\/www.meydan.tv\\\/az\\\/#\\\/schema\\\/person\\\/09863e516102a829e72bedcf3f84c6b0\"},\"headline\":\"\u201cMeydan TV i\u015fi\u201d \u00fczr\u0259 g\u00fcnahland\u0131r\u0131lan jurnalistl\u0259r h\u0259bsd\u0259 qald\u0131\",\"datePublished\":\"2025-03-06T15:16:38+00:00\",\"dateModified\":\"2025-03-07T10:00:30+00:00\",\"mainEntityOfPage\":{\"@id\":\"https:\\\/\\\/www.meydan.tv\\\/az\\\/article\\\/meydan-tv-isi-uzr%c9%99-gunahlandirilan-jurnalistl%c9%99r-h%c9%99bsd%c9%99-qaldi\\\/\"},\"wordCount\":758,\"publisher\":{\"@id\":\"https:\\\/\\\/www.meydan.tv\\\/az\\\/#organization\"},\"image\":{\"@id\":\"https:\\\/\\\/www.meydan.tv\\\/az\\\/article\\\/meydan-tv-isi-uzr%c9%99-gunahlandirilan-jurnalistl%c9%99r-h%c9%99bsd%c9%99-qaldi\\\/#primaryimage\"},\"thumbnailUrl\":\"https:\\\/\\\/www.meydan.tv\\\/wp-content\\\/uploads\\\/694329_1545916025_6a3557b9-245b-4861-874c-911d958e7dec.jpg\",\"articleSection\":[\"Meydan TV i\u015fi\",\"Siyas\u0259t\",\"T\u00f6vsiy\u0259\",\"X\u0259b\u0259rl\u0259r\"],\"inLanguage\":\"az\"},{\"@type\":\"WebPage\",\"@id\":\"https:\\\/\\\/www.meydan.tv\\\/az\\\/article\\\/meydan-tv-isi-uzr%c9%99-gunahlandirilan-jurnalistl%c9%99r-h%c9%99bsd%c9%99-qaldi\\\/\",\"url\":\"https:\\\/\\\/www.meydan.tv\\\/az\\\/article\\\/meydan-tv-isi-uzr%c9%99-gunahlandirilan-jurnalistl%c9%99r-h%c9%99bsd%c9%99-qaldi\\\/\",\"name\":\"\u201cMeydan TV i\u015fi\u201d \u00fczr\u0259 g\u00fcnahland\u0131r\u0131lan jurnalistl\u0259r h\u0259bsd\u0259 qald\u0131 - MEYDAN.TV\",\"isPartOf\":{\"@id\":\"https:\\\/\\\/www.meydan.tv\\\/az\\\/#website\"},\"primaryImageOfPage\":{\"@id\":\"https:\\\/\\\/www.meydan.tv\\\/az\\\/article\\\/meydan-tv-isi-uzr%c9%99-gunahlandirilan-jurnalistl%c9%99r-h%c9%99bsd%c9%99-qaldi\\\/#primaryimage\"},\"image\":{\"@id\":\"https:\\\/\\\/www.meydan.tv\\\/az\\\/article\\\/meydan-tv-isi-uzr%c9%99-gunahlandirilan-jurnalistl%c9%99r-h%c9%99bsd%c9%99-qaldi\\\/#primaryimage\"},\"thumbnailUrl\":\"https:\\\/\\\/www.meydan.tv\\\/wp-content\\\/uploads\\\/694329_1545916025_6a3557b9-245b-4861-874c-911d958e7dec.jpg\",\"datePublished\":\"2025-03-06T15:16:38+00:00\",\"dateModified\":\"2025-03-07T10:00:30+00:00\",\"breadcrumb\":{\"@id\":\"https:\\\/\\\/www.meydan.tv\\\/az\\\/article\\\/meydan-tv-isi-uzr%c9%99-gunahlandirilan-jurnalistl%c9%99r-h%c9%99bsd%c9%99-qaldi\\\/#breadcrumb\"},\"inLanguage\":\"az\",\"potentialAction\":[{\"@type\":\"ReadAction\",\"target\":[\"https:\\\/\\\/www.meydan.tv\\\/az\\\/article\\\/meydan-tv-isi-uzr%c9%99-gunahlandirilan-jurnalistl%c9%99r-h%c9%99bsd%c9%99-qaldi\\\/\"]}]},{\"@type\":\"ImageObject\",\"inLanguage\":\"az\",\"@id\":\"https:\\\/\\\/www.meydan.tv\\\/az\\\/article\\\/meydan-tv-isi-uzr%c9%99-gunahlandirilan-jurnalistl%c9%99r-h%c9%99bsd%c9%99-qaldi\\\/#primaryimage\",\"url\":\"https:\\\/\\\/www.meydan.tv\\\/wp-content\\\/uploads\\\/694329_1545916025_6a3557b9-245b-4861-874c-911d958e7dec.jpg\",\"contentUrl\":\"https:\\\/\\\/www.meydan.tv\\\/wp-content\\\/uploads\\\/694329_1545916025_6a3557b9-245b-4861-874c-911d958e7dec.jpg\",\"width\":1400,\"height\":933,\"caption\":\"Foto: arxiv\"},{\"@type\":\"BreadcrumbList\",\"@id\":\"https:\\\/\\\/www.meydan.tv\\\/az\\\/article\\\/meydan-tv-isi-uzr%c9%99-gunahlandirilan-jurnalistl%c9%99r-h%c9%99bsd%c9%99-qaldi\\\/#breadcrumb\",\"itemListElement\":[{\"@type\":\"ListItem\",\"position\":1,\"name\":\"Ana s\u0259hif\u0259\",\"item\":\"https:\\\/\\\/www.meydan.tv\\\/az\\\/\"},{\"@type\":\"ListItem\",\"position\":2,\"name\":\"Meydan TV i\u015fi\",\"item\":\"https:\\\/\\\/www.meydan.tv\\\/az\\\/section\\\/meydan-tv-isi\\\/\"},{\"@type\":\"ListItem\",\"position\":3,\"name\":\"\u201cMeydan TV i\u015fi\u201d \u00fczr\u0259 g\u00fcnahland\u0131r\u0131lan jurnalistl\u0259r h\u0259bsd\u0259 qald\u0131\"}]},{\"@type\":\"WebSite\",\"@id\":\"https:\\\/\\\/www.meydan.tv\\\/az\\\/#website\",\"url\":\"https:\\\/\\\/www.meydan.tv\\\/az\\\/\",\"name\":\"MEYDAN.TV\",\"description\":\"Meydan TV Az\u0259rbaycan\u0131n media m\u0259kan\u0131ndak\u0131 alternativ s\u0259sidir\",\"publisher\":{\"@id\":\"https:\\\/\\\/www.meydan.tv\\\/az\\\/#organization\"},\"potentialAction\":[{\"@type\":\"SearchAction\",\"target\":{\"@type\":\"EntryPoint\",\"urlTemplate\":\"https:\\\/\\\/www.meydan.tv\\\/az\\\/?s={search_term_string}\"},\"query-input\":{\"@type\":\"PropertyValueSpecification\",\"valueRequired\":true,\"valueName\":\"search_term_string\"}}],\"inLanguage\":\"az\"},{\"@type\":\"Organization\",\"@id\":\"https:\\\/\\\/www.meydan.tv\\\/az\\\/#organization\",\"name\":\"Meydan TV\",\"url\":\"https:\\\/\\\/www.meydan.tv\\\/az\\\/\",\"logo\":{\"@type\":\"ImageObject\",\"inLanguage\":\"az\",\"@id\":\"https:\\\/\\\/www.meydan.tv\\\/az\\\/#\\\/schema\\\/logo\\\/image\\\/\",\"url\":\"https:\\\/\\\/www.meydan.tv\\\/wp-content\\\/uploads\\\/2021\\\/07\\\/meydan-logo.svg\",\"contentUrl\":\"https:\\\/\\\/www.meydan.tv\\\/wp-content\\\/uploads\\\/2021\\\/07\\\/meydan-logo.svg\",\"width\":195,\"height\":46,\"caption\":\"Meydan TV\"},\"image\":{\"@id\":\"https:\\\/\\\/www.meydan.tv\\\/az\\\/#\\\/schema\\\/logo\\\/image\\\/\"}},{\"@type\":\"Person\",\"@id\":\"https:\\\/\\\/www.meydan.tv\\\/az\\\/#\\\/schema\\\/person\\\/09863e516102a829e72bedcf3f84c6b0\",\"name\":\"mahmud\"}]}<\/script>\n<!-- \/ Yoast SEO plugin. -->","yoast_head_json":{"title":"\u201cMeydan TV i\u015fi\u201d \u00fczr\u0259 g\u00fcnahland\u0131r\u0131lan jurnalistl\u0259r h\u0259bsd\u0259 qald\u0131 - MEYDAN.TV","robots":{"index":"index","follow":"follow","max-snippet":"max-snippet:-1","max-image-preview":"max-image-preview:large","max-video-preview":"max-video-preview:-1"},"canonical":"https:\/\/www.meydan.tv\/az\/article\/meydan-tv-isi-uzr%c9%99-gunahlandirilan-jurnalistl%c9%99r-h%c9%99bsd%c9%99-qaldi\/","og_locale":"az_AZ","og_type":"article","og_title":"\u201cMeydan TV i\u015fi\u201d \u00fczr\u0259 g\u00fcnahland\u0131r\u0131lan jurnalistl\u0259r h\u0259bsd\u0259 qald\u0131 - MEYDAN.TV","og_description":"M\u0259hk\u0259m\u0259l\u0259r Aytac Tapd\u0131q, Fatim\u0259 M\u00f6vlaml\u0131 v\u0259 Nurlan Librenin v\u0259sat\u0259tl\u0259rini t\u0259min ... Davam\u0131","og_url":"https:\/\/www.meydan.tv\/az\/article\/meydan-tv-isi-uzr%c9%99-gunahlandirilan-jurnalistl%c9%99r-h%c9%99bsd%c9%99-qaldi\/","og_site_name":"MEYDAN.TV","article_published_time":"2025-03-06T15:16:38+00:00","article_modified_time":"2025-03-07T10:00:30+00:00","og_image":[{"width":1400,"height":933,"url":"https:\/\/www.meydan.tv\/wp-content\/uploads\/694329_1545916025_6a3557b9-245b-4861-874c-911d958e7dec.jpg","type":"image\/jpeg"}],"author":"mahmud","twitter_card":"summary_large_image","schema":{"@context":"https:\/\/schema.org","@graph":[{"@type":"Article","@id":"https:\/\/www.meydan.tv\/az\/article\/meydan-tv-isi-uzr%c9%99-gunahlandirilan-jurnalistl%c9%99r-h%c9%99bsd%c9%99-qaldi\/#article","isPartOf":{"@id":"https:\/\/www.meydan.tv\/az\/article\/meydan-tv-isi-uzr%c9%99-gunahlandirilan-jurnalistl%c9%99r-h%c9%99bsd%c9%99-qaldi\/"},"author":{"name":"mahmud","@id":"https:\/\/www.meydan.tv\/az\/#\/schema\/person\/09863e516102a829e72bedcf3f84c6b0"},"headline":"\u201cMeydan TV i\u015fi\u201d \u00fczr\u0259 g\u00fcnahland\u0131r\u0131lan jurnalistl\u0259r h\u0259bsd\u0259 qald\u0131","datePublished":"2025-03-06T15:16:38+00:00","dateModified":"2025-03-07T10:00:30+00:00","mainEntityOfPage":{"@id":"https:\/\/www.meydan.tv\/az\/article\/meydan-tv-isi-uzr%c9%99-gunahlandirilan-jurnalistl%c9%99r-h%c9%99bsd%c9%99-qaldi\/"},"wordCount":758,"publisher":{"@id":"https:\/\/www.meydan.tv\/az\/#organization"},"image":{"@id":"https:\/\/www.meydan.tv\/az\/article\/meydan-tv-isi-uzr%c9%99-gunahlandirilan-jurnalistl%c9%99r-h%c9%99bsd%c9%99-qaldi\/#primaryimage"},"thumbnailUrl":"https:\/\/www.meydan.tv\/wp-content\/uploads\/694329_1545916025_6a3557b9-245b-4861-874c-911d958e7dec.jpg","articleSection":["Meydan TV i\u015fi","Siyas\u0259t","T\u00f6vsiy\u0259","X\u0259b\u0259rl\u0259r"],"inLanguage":"az"},{"@type":"WebPage","@id":"https:\/\/www.meydan.tv\/az\/article\/meydan-tv-isi-uzr%c9%99-gunahlandirilan-jurnalistl%c9%99r-h%c9%99bsd%c9%99-qaldi\/","url":"https:\/\/www.meydan.tv\/az\/article\/meydan-tv-isi-uzr%c9%99-gunahlandirilan-jurnalistl%c9%99r-h%c9%99bsd%c9%99-qaldi\/","name":"\u201cMeydan TV i\u015fi\u201d \u00fczr\u0259 g\u00fcnahland\u0131r\u0131lan jurnalistl\u0259r h\u0259bsd\u0259 qald\u0131 - MEYDAN.TV","isPartOf":{"@id":"https:\/\/www.meydan.tv\/az\/#website"},"primaryImageOfPage":{"@id":"https:\/\/www.meydan.tv\/az\/article\/meydan-tv-isi-uzr%c9%99-gunahlandirilan-jurnalistl%c9%99r-h%c9%99bsd%c9%99-qaldi\/#primaryimage"},"image":{"@id":"https:\/\/www.meydan.tv\/az\/article\/meydan-tv-isi-uzr%c9%99-gunahlandirilan-jurnalistl%c9%99r-h%c9%99bsd%c9%99-qaldi\/#primaryimage"},"thumbnailUrl":"https:\/\/www.meydan.tv\/wp-content\/uploads\/694329_1545916025_6a3557b9-245b-4861-874c-911d958e7dec.jpg","datePublished":"2025-03-06T15:16:38+00:00","dateModified":"2025-03-07T10:00:30+00:00","breadcrumb":{"@id":"https:\/\/www.meydan.tv\/az\/article\/meydan-tv-isi-uzr%c9%99-gunahlandirilan-jurnalistl%c9%99r-h%c9%99bsd%c9%99-qaldi\/#breadcrumb"},"inLanguage":"az","potentialAction":[{"@type":"ReadAction","target":["https:\/\/www.meydan.tv\/az\/article\/meydan-tv-isi-uzr%c9%99-gunahlandirilan-jurnalistl%c9%99r-h%c9%99bsd%c9%99-qaldi\/"]}]},{"@type":"ImageObject","inLanguage":"az","@id":"https:\/\/www.meydan.tv\/az\/article\/meydan-tv-isi-uzr%c9%99-gunahlandirilan-jurnalistl%c9%99r-h%c9%99bsd%c9%99-qaldi\/#primaryimage","url":"https:\/\/www.meydan.tv\/wp-content\/uploads\/694329_1545916025_6a3557b9-245b-4861-874c-911d958e7dec.jpg","contentUrl":"https:\/\/www.meydan.tv\/wp-content\/uploads\/694329_1545916025_6a3557b9-245b-4861-874c-911d958e7dec.jpg","width":1400,"height":933,"caption":"Foto: arxiv"},{"@type":"BreadcrumbList","@id":"https:\/\/www.meydan.tv\/az\/article\/meydan-tv-isi-uzr%c9%99-gunahlandirilan-jurnalistl%c9%99r-h%c9%99bsd%c9%99-qaldi\/#breadcrumb","itemListElement":[{"@type":"ListItem","position":1,"name":"Ana s\u0259hif\u0259","item":"https:\/\/www.meydan.tv\/az\/"},{"@type":"ListItem","position":2,"name":"Meydan TV i\u015fi","item":"https:\/\/www.meydan.tv\/az\/section\/meydan-tv-isi\/"},{"@type":"ListItem","position":3,"name":"\u201cMeydan TV i\u015fi\u201d \u00fczr\u0259 g\u00fcnahland\u0131r\u0131lan jurnalistl\u0259r h\u0259bsd\u0259 qald\u0131"}]},{"@type":"WebSite","@id":"https:\/\/www.meydan.tv\/az\/#website","url":"https:\/\/www.meydan.tv\/az\/","name":"MEYDAN.TV","description":"Meydan TV Az\u0259rbaycan\u0131n media m\u0259kan\u0131ndak\u0131 alternativ s\u0259sidir","publisher":{"@id":"https:\/\/www.meydan.tv\/az\/#organization"},"potentialAction":[{"@type":"SearchAction","target":{"@type":"EntryPoint","urlTemplate":"https:\/\/www.meydan.tv\/az\/?s={search_term_string}"},"query-input":{"@type":"PropertyValueSpecification","valueRequired":true,"valueName":"search_term_string"}}],"inLanguage":"az"},{"@type":"Organization","@id":"https:\/\/www.meydan.tv\/az\/#organization","name":"Meydan TV","url":"https:\/\/www.meydan.tv\/az\/","logo":{"@type":"ImageObject","inLanguage":"az","@id":"https:\/\/www.meydan.tv\/az\/#\/schema\/logo\/image\/","url":"https:\/\/www.meydan.tv\/wp-content\/uploads\/2021\/07\/meydan-logo.svg","contentUrl":"https:\/\/www.meydan.tv\/wp-content\/uploads\/2021\/07\/meydan-logo.svg","width":195,"height":46,"caption":"Meydan TV"},"image":{"@id":"https:\/\/www.meydan.tv\/az\/#\/schema\/logo\/image\/"}},{"@type":"Person","@id":"https:\/\/www.meydan.tv\/az\/#\/schema\/person\/09863e516102a829e72bedcf3f84c6b0","name":"mahmud"}]}},"_links":{"self":[{"href":"https:\/\/www.meydan.tv\/az\/wp-json\/wp\/v2\/posts\/327363","targetHints":{"allow":["GET"]}}],"collection":[{"href":"https:\/\/www.meydan.tv\/az\/wp-json\/wp\/v2\/posts"}],"about":[{"href":"https:\/\/www.meydan.tv\/az\/wp-json\/wp\/v2\/types\/post"}],"author":[{"embeddable":true,"href":"https:\/\/www.meydan.tv\/az\/wp-json\/wp\/v2\/users\/21"}],"replies":[{"embeddable":true,"href":"https:\/\/www.meydan.tv\/az\/wp-json\/wp\/v2\/comments?post=327363"}],"version-history":[{"count":4,"href":"https:\/\/www.meydan.tv\/az\/wp-json\/wp\/v2\/posts\/327363\/revisions"}],"predecessor-version":[{"id":327386,"href":"https:\/\/www.meydan.tv\/az\/wp-json\/wp\/v2\/posts\/327363\/revisions\/327386"}],"wp:featuredmedia":[{"embeddable":true,"href":"https:\/\/www.meydan.tv\/az\/wp-json\/wp\/v2\/media\/135598"}],"wp:attachment":[{"href":"https:\/\/www.meydan.tv\/az\/wp-json\/wp\/v2\/media?parent=327363"}],"wp:term":[{"taxonomy":"category","embeddable":true,"href":"https:\/\/www.meydan.tv\/az\/wp-json\/wp\/v2\/categories?post=327363"},{"taxonomy":"post_tag","embeddable":true,"href":"https:\/\/www.meydan.tv\/az\/wp-json\/wp\/v2\/tags?post=327363"}],"curies":[{"name":"wp","href":"https:\/\/api.w.org\/{rel}","templated":true}]}}