{"id":327361,"date":"2025-03-06T18:00:59","date_gmt":"2025-03-06T14:00:59","guid":{"rendered":"https:\/\/www.meydan.tv\/?p=327361"},"modified":"2025-03-06T18:01:02","modified_gmt":"2025-03-06T14:01:02","slug":"h%c9%99bsd%c9%99-olan-abzascilarin-t%c9%99zyiql%c9%99r%c9%99-m%c9%99ruz-qaldiqlari-deyilir","status":"publish","type":"post","link":"https:\/\/www.meydan.tv\/az\/article\/h%c9%99bsd%c9%99-olan-abzascilarin-t%c9%99zyiql%c9%99r%c9%99-m%c9%99ruz-qaldiqlari-deyilir\/","title":{"rendered":"H\u0259bsd\u0259 olan \u201cAbzas\u201d\u00e7\u0131lar\u0131n t\u0259zyiql\u0259r\u0259 m\u0259ruz qald\u0131qlar\u0131 deyilir"},"content":{"rendered":"\n<p><\/p>\n\n\n\n<p><strong><em>Yax\u0131nlar\u0131n\u0131n dediyin\u0259 g\u00f6r\u0259, t\u0259zyiql\u0259rl\u0259 yana\u015f\u0131, onlara m\u0259hdudiyy\u0259t t\u0259tbiq olunmas\u0131 il\u0259 ba\u011fl\u0131 q\u0259rar verilib<\/em><\/strong><\/p>\n\n\n\n<p>\u201cAbzasMedia\u201dn\u0131n h\u0259bsd\u0259 olan \u0259m\u0259kda\u015flar\u0131n\u0131n mart\u0131n 4-n\u0259 t\u0259yin olunmu\u015f n\u00f6vb\u0259ti m\u0259hk\u0259m\u0259 prosesind\u0259 i\u015ftirak etm\u0259dikl\u0259ri \u00fc\u00e7\u00fcn saxlan\u0131ld\u0131qlar\u0131 t\u0259cridxanada t\u0259zyiql\u0259rl\u0259 \u00fczl\u0259\u015fdikl\u0259ri bildirilir.<\/p>\n\n\n\n<p>Yax\u0131nlar\u0131n\u0131n m\u0259lumat\u0131na g\u00f6r\u0259, t\u0259zyiql\u0259rl\u0259 yana\u015f\u0131, onlara m\u0259hdudiyy\u0259t t\u0259tbiq olunmas\u0131 il\u0259 ba\u011fl\u0131 <a href=\"https:\/\/abzas.info\/az\/2025\/3\/jurnalistlr-mhkmd-istirak7e892a12-6\/\" target=\"_blank\" rel=\"noreferrer noopener\">q\u0259rar verilib.<\/a><\/p>\n\n\n\n<p><em>\u201cMart\u0131n 4-d\u0259 1 sayl\u0131 Bak\u0131 \u0130stintaq T\u0259cridxanas\u0131n\u0131n r\u0259is m\u00fcavini \u018fh\u0259d Abd\u0131yev jurnalistl\u0259r\u0259 bildirib ki, onlar daha m\u0259hk\u0259m\u0259y\u0259 ayr\u0131-ayr\u0131, daha ac\u0131nacaql\u0131 v\u0259ziyy\u0259td\u0259 yox, normal \u015f\u0259raitd\u0259 v\u0259 birlikd\u0259 apar\u0131lacaqlar. Bununla ba\u011fl\u0131 m\u0259hk\u0259m\u0259nin d\u0259 g\u00f6st\u0259ri\u015fi olub. Ancaq onlar m\u0259hk\u0259m\u0259y\u0259 apar\u0131lan zaman m\u0259lum olub ki, iki ayr\u0131 ma\u015f\u0131nda v\u0259 \u0259vv\u0259lki \u015f\u0259raitsiz v\u0259ziyy\u0259td\u0259 apar\u0131lacaqlar. Ona g\u00f6r\u0259 3-c\u00fc d\u0259f\u0259 d\u0259 m\u0259hk\u0259m\u0259d\u0259 i\u015ftirakdan imtina edibl\u0259r\u201d,<\/em> \u2013 m\u0259lumatda qeyd olunub.<\/p>\n\n\n\n<p>Bildirilib ki, bundan sonra istintaq t\u0259cridxanas\u0131n\u0131n r\u0259isi Elnur \u0130smay\u0131lov \u201cAbzasMedia\u201dn\u0131n jurnalistl\u0259ri il\u0259 kobud \u015f\u0259kild\u0259 v\u0259 t\u0259hdid dilind\u0259 dan\u0131\u015f\u0131b.<\/p>\n\n\n\n<p><em>\u201cOnlar Elnur \u0130smay\u0131lovdan etika \u00e7\u0259r\u00e7iv\u0259sind\u0259 dan\u0131\u015fma\u011f\u0131 t\u0259l\u0259b edibl\u0259r. T\u0259cridxana r\u0259isi jurnalistl\u0259rin bu t\u0259l\u0259bin\u0259 m\u0259h\u0259l qoymay\u0131b. Jurnalistl\u0259r bundan sonra g\u00f6r\u00fc\u015f\u00fc yar\u0131m\u00e7\u0131q t\u0259rk edibl\u0259r\u201d,<\/em> \u2013 jurnalistl\u0259rin yax\u0131nlar\u0131 deyibl\u0259r.<\/p>\n\n\n\n<p>\u201cAbzasMedia\u201d xat\u0131rlad\u0131r ki, h\u0259bs yerl\u0259rind\u0259 saxlan\u0131lan \u015f\u0259xsl\u0259rin h\u00fcquq v\u0259 azadl\u0131qlar\u0131n\u0131n t\u0259min edilm\u0259si haqq\u0131nda\u201d Qanunun 28-ci madd\u0259sind\u0259 qeyd olunur ki, h\u0259bs yerl\u0259rinin i\u015f\u00e7il\u0259ri tutulmu\u015f v\u0259 ya h\u0259bs edilmi\u015f \u015f\u0259xsl\u0259rl\u0259 m\u00fcnasib\u0259td\u0259 n\u0259zak\u0259tli olmal\u0131d\u0131rlar. Tutulmu\u015f v\u0259 ya h\u0259bs edilmi\u015f \u015f\u0259xsl\u0259r\u0259 qar\u015f\u0131 t\u0259hqiramiz h\u0259r\u0259k\u0259tl\u0259r\u0259 yol verilm\u0259si qada\u011fand\u0131r. Amma t\u0259cridxana r\u0259isi qanunun bu t\u0259l\u0259bini pozub.<\/p>\n\n\n\n<p>Eyni qanunun 12-ci madd\u0259sind\u0259 qeyd olunur ki, h\u0259bs edilmi\u015f \u015f\u0259xsin m\u00fcdafi\u0259\u00e7isi, qanuni n\u00fcmay\u0259nd\u0259si, yax\u0131n qohumlar\u0131 v\u0259 \u0259laq\u0259 saxlamas\u0131 onun \u00fc\u00e7\u00fcn qanuni maraq do\u011furan dig\u0259r \u015f\u0259xsl\u0259rl\u0259 g\u00f6r\u00fc\u015fl\u0259ri t\u0259min edilm\u0259lidir.<\/p>\n\n\n\n<p>Nazirl\u0259r Kabinetinin \u201cH\u0259bs yerl\u0259rinin daxili intizam qaydalar\u0131n\u0131n t\u0259sdiq edilm\u0259si\u201d bar\u0259d\u0259 26 fevral 2024-c\u00fc il tarixli, 105 n\u00f6mr\u0259li q\u0259rar\u0131n 8-ci madd\u0259sinin 1.24-c\u00fc b\u0259ndind\u0259 qeyd olunur ki, qanunda n\u0259z\u0259rd\u0259 tutulmu\u015f qaydada yax\u0131n qohumlar\u0131 v\u0259 ya \u0259laq\u0259 saxlamas\u0131 onun \u00fc\u00e7\u00fcn qanuni maraq do\u011furan dig\u0259r \u015f\u0259xsl\u0259rl\u0259 g\u00f6r\u00fc\u015fm\u0259k h\u0259bs edilmi\u015f \u015f\u0259xsl\u0259rin h\u00fcquqlar\u0131ndan biridir.<\/p>\n\n\n\n<p>Art\u0131q \u00fc\u00e7\u00fcnc\u00fc d\u0259f\u0259dir ki, \u201cAbzas Media\u201dn\u0131n h\u0259bsd\u0259 olan direktoru \u00dclvi H\u0259s\u0259nli, ba\u015f redaktoru Sevinc Vaqifq\u0131z\u0131 (Abbasova), jurnalistl\u0259r N\u0259rgiz Absalamova v\u0259 Elnar\u0259 Qas\u0131mova Bak\u0131 A\u011f\u0131r Cinay\u0259tl\u0259r M\u0259hk\u0259m\u0259sind\u0259 ke\u00e7iril\u0259n m\u0259hk\u0259m\u0259 prosesind\u0259 i\u015ftirakdan imtina edirl\u0259r.<\/p>\n\n\n\n<p>Bunun s\u0259b\u0259bi jurnalistl\u0259rin saxland\u0131qlar\u0131 1 sayl\u0131 Bak\u0131 \u0130stintaq T\u0259cridxanas\u0131nda \u00fczl\u0259\u015fdikl\u0259ri fiziki zorak\u0131l\u0131q v\u0259 qeyri-insani r\u0259ftarla ba\u011fl\u0131 \u015fikay\u0259tl\u0259rinin m\u0259hk\u0259m\u0259 t\u0259r\u0259find\u0259n ara\u015fd\u0131r\u0131lmamas\u0131d\u0131r. Onlar m\u0259hk\u0259m\u0259y\u0259 avtomobild\u0259 qeyri-insani \u015f\u0259raitd\u0259 v\u0259 ayr\u0131-ayr\u0131 g\u0259tirilm\u0259l\u0259ri, habel\u0259 m\u0259hk\u0259m\u0259nin zirz\u0259misind\u0259 saxlan\u0131lmalar\u0131ndan da \u015fikay\u0259t\u00e7idirl\u0259r.<\/p>\n\n\n\n<p>\u201cAbzasMedia\u201d i\u015fi \u00fczr\u0259 h\u0259bsl\u0259r 2023-c\u00fc il noyabr\u0131n 20-d\u0259n ba\u015flay\u0131b. \u018fvv\u0259l n\u0259\u015frin t\u0259sis\u00e7isi v\u0259 direktoru \u00dclvi H\u0259s\u0259nli v\u0259 koordinatoru M\u0259h\u0259mm\u0259d Kekalov, daha sonra ba\u015f redaktoru Sevinc Vaqifq\u0131z\u0131 h\u0259bs edilib.<\/p>\n\n\n\n<p>Daha sonra h\u0259bsl\u0259r ara\u015fd\u0131rma\u00e7\u0131 jurnalist Hafiz Babal\u0131, N\u0259rgiz Absalamova, Elnar\u0259 Qas\u0131mova, F\u0259rid Mehral\u0131zad\u0259 il\u0259 davam edib. Onlara qar\u015f\u0131 Cinay\u0259t M\u0259c\u0259ll\u0259sinin 206.3.2-ci (bir qrup \u015f\u0259xs t\u0259r\u0259find\u0259n qa\u00e7aqmal\u00e7\u0131l\u0131q) madd\u0259sil\u0259 ittiham ir\u0259li s\u00fcr\u00fcl\u00fcb. \u0130stintaq\u0131n sonunda ittiham a\u011f\u0131rla\u015fd\u0131r\u0131l\u0131b. Jurnalistl\u0259r\u0259 qanunsuz sahibkarl\u0131q, cinay\u0259t yolu il\u0259 \u0259ld\u0259 olunan v\u0259saitl\u0259rin leqalla\u015fd\u0131r\u0131lmas\u0131, vergid\u0259n yay\u0131nma v\u0259 s. il\u0259 ba\u011fl\u0131 \u0259lav\u0259 ittihamlar verilib. Jurnalistl\u0259r\u0259 ittiham veril\u0259n madd\u0259l\u0259rin sanksiyas\u0131nda 12 il\u0259 q\u0259d\u0259r azadl\u0131qdan m\u0259hrumetm\u0259 c\u0259zas\u0131 n\u0259z\u0259rd\u0259 tutulub.<\/p>\n\n\n\n<p>2023-c\u00fc il noyabr\u0131n 20-d\u0259 \u00dclvi H\u0259s\u0259nli saxland\u0131qdan sonra \u201cAbzasMedia\u201dn\u0131n ofisind\u0259 axtar\u0131\u015f apar\u0131l\u0131b. Sayt\u0131n ofisind\u0259n 40 min avro pul tap\u0131ld\u0131\u011f\u0131 iddia olunub.<\/p>\n\n\n\n<p>\u00dclvi H\u0259s\u0259nli is\u0259 orada pul olmad\u0131\u011f\u0131n\u0131, 40 min avronun ofis\u0259 onu tapd\u0131\u011f\u0131n\u0131 iddia ed\u0259nl\u0259rin \u00f6zl\u0259ri t\u0259r\u0259find\u0259n qoyuldu\u011funu bildirib.<\/p>\n\n\n\n<p>Adlar\u0131 \u00e7\u0259kil\u0259n jurnalistl\u0259rin he\u00e7 biri \u00f6z\u00fcn\u00fc t\u0259qsirli bilmir, \u201cAbzasMedia\u201dda Prezidentin ail\u0259 \u00fczvl\u0259ri d\u0259 daxil olmaqla, bir s\u0131ra v\u0259zif\u0259li \u015f\u0259xsl\u0259rin biznesi, korrupsiya il\u0259 ba\u011fl\u0131 ara\u015fd\u0131rmalara g\u00f6r\u0259 c\u0259zaland\u0131r\u0131ld\u0131qlar\u0131n\u0131 bildiribl\u0259r.<\/p>\n\n\n\n<p>H\u00f6kum\u0259t t\u0259msil\u00e7il\u0259ri is\u0259 h\u0259bs olunanlar\u0131n konkret faktlar \u0259sas\u0131nda c\u0259zaland\u0131r\u0131ld\u0131qlar\u0131n\u0131 bildirirl\u0259r.<\/p>\n","protected":false},"excerpt":{"rendered":"<p>Yax\u0131nlar\u0131n\u0131n dediyin\u0259 g\u00f6r\u0259, t\u0259zyiql\u0259rl\u0259 yana\u015f\u0131, onlara m\u0259hdudiyy\u0259t t\u0259tbiq olunmas\u0131 il\u0259 &#8230; <\/p>\n<p class=\"read-more-container\"><a title=\"H\u0259bsd\u0259 olan \u201cAbzas\u201d\u00e7\u0131lar\u0131n t\u0259zyiql\u0259r\u0259 m\u0259ruz qald\u0131qlar\u0131 deyilir\" class=\"read-more button\" href=\"https:\/\/www.meydan.tv\/az\/article\/h%c9%99bsd%c9%99-olan-abzascilarin-t%c9%99zyiql%c9%99r%c9%99-m%c9%99ruz-qaldiqlari-deyilir\/#more-327361\" aria-label=\"Read more about H\u0259bsd\u0259 olan \u201cAbzas\u201d\u00e7\u0131lar\u0131n t\u0259zyiql\u0259r\u0259 m\u0259ruz qald\u0131qlar\u0131 deyilir\">Davam\u0131<\/a><\/p>\n","protected":false},"author":21,"featured_media":326549,"comment_status":"closed","ping_status":"closed","sticky":false,"template":"","format":"standard","meta":{"_acf_changed":false,"_sitemap_exclude":false,"_sitemap_priority":"","_sitemap_frequency":"","footnotes":""},"categories":[59,79,56],"tags":[],"class_list":["post-327361","post","type-post","status-publish","format-standard","has-post-thumbnail","hentry","category-siyaset","category-featured","category-xeberler","infinite-scroll-item","generate-columns","tablet-grid-50","mobile-grid-100","grid-parent","grid-33","no-featured-image-padding"],"acf":[],"yoast_head":"<!-- This site is optimized with the Yoast SEO plugin v27.5 - https:\/\/yoast.com\/product\/yoast-seo-wordpress\/ -->\n<title>H\u0259bsd\u0259 olan \u201cAbzas\u201d\u00e7\u0131lar\u0131n t\u0259zyiql\u0259r\u0259 m\u0259ruz qald\u0131qlar\u0131 deyilir - MEYDAN.TV<\/title>\n<meta name=\"robots\" content=\"index, follow, max-snippet:-1, max-image-preview:large, max-video-preview:-1\" \/>\n<link rel=\"canonical\" href=\"https:\/\/www.meydan.tv\/az\/article\/h%c9%99bsd%c9%99-olan-abzascilarin-t%c9%99zyiql%c9%99r%c9%99-m%c9%99ruz-qaldiqlari-deyilir\/\" \/>\n<meta property=\"og:locale\" content=\"az_AZ\" \/>\n<meta property=\"og:type\" content=\"article\" \/>\n<meta property=\"og:title\" content=\"H\u0259bsd\u0259 olan \u201cAbzas\u201d\u00e7\u0131lar\u0131n t\u0259zyiql\u0259r\u0259 m\u0259ruz qald\u0131qlar\u0131 deyilir - MEYDAN.TV\" \/>\n<meta property=\"og:description\" content=\"Yax\u0131nlar\u0131n\u0131n dediyin\u0259 g\u00f6r\u0259, t\u0259zyiql\u0259rl\u0259 yana\u015f\u0131, onlara m\u0259hdudiyy\u0259t t\u0259tbiq olunmas\u0131 il\u0259 ... Davam\u0131\" \/>\n<meta property=\"og:url\" content=\"https:\/\/www.meydan.tv\/az\/article\/h%c9%99bsd%c9%99-olan-abzascilarin-t%c9%99zyiql%c9%99r%c9%99-m%c9%99ruz-qaldiqlari-deyilir\/\" \/>\n<meta property=\"og:site_name\" content=\"MEYDAN.TV\" \/>\n<meta property=\"article:published_time\" content=\"2025-03-06T14:00:59+00:00\" \/>\n<meta property=\"article:modified_time\" content=\"2025-03-06T14:01:02+00:00\" \/>\n<meta property=\"og:image\" content=\"https:\/\/www.meydan.tv\/wp-content\/uploads\/67434.png\" \/>\n\t<meta property=\"og:image:width\" content=\"1179\" \/>\n\t<meta property=\"og:image:height\" content=\"576\" \/>\n\t<meta property=\"og:image:type\" content=\"image\/png\" \/>\n<meta name=\"author\" content=\"mahmud\" \/>\n<meta name=\"twitter:card\" content=\"summary_large_image\" \/>\n<script type=\"application\/ld+json\" class=\"yoast-schema-graph\">{\"@context\":\"https:\\\/\\\/schema.org\",\"@graph\":[{\"@type\":\"Article\",\"@id\":\"https:\\\/\\\/www.meydan.tv\\\/az\\\/article\\\/h%c9%99bsd%c9%99-olan-abzascilarin-t%c9%99zyiql%c9%99r%c9%99-m%c9%99ruz-qaldiqlari-deyilir\\\/#article\",\"isPartOf\":{\"@id\":\"https:\\\/\\\/www.meydan.tv\\\/az\\\/article\\\/h%c9%99bsd%c9%99-olan-abzascilarin-t%c9%99zyiql%c9%99r%c9%99-m%c9%99ruz-qaldiqlari-deyilir\\\/\"},\"author\":{\"name\":\"mahmud\",\"@id\":\"https:\\\/\\\/www.meydan.tv\\\/az\\\/#\\\/schema\\\/person\\\/09863e516102a829e72bedcf3f84c6b0\"},\"headline\":\"H\u0259bsd\u0259 olan \u201cAbzas\u201d\u00e7\u0131lar\u0131n t\u0259zyiql\u0259r\u0259 m\u0259ruz qald\u0131qlar\u0131 deyilir\",\"datePublished\":\"2025-03-06T14:00:59+00:00\",\"dateModified\":\"2025-03-06T14:01:02+00:00\",\"mainEntityOfPage\":{\"@id\":\"https:\\\/\\\/www.meydan.tv\\\/az\\\/article\\\/h%c9%99bsd%c9%99-olan-abzascilarin-t%c9%99zyiql%c9%99r%c9%99-m%c9%99ruz-qaldiqlari-deyilir\\\/\"},\"wordCount\":914,\"publisher\":{\"@id\":\"https:\\\/\\\/www.meydan.tv\\\/az\\\/#organization\"},\"image\":{\"@id\":\"https:\\\/\\\/www.meydan.tv\\\/az\\\/article\\\/h%c9%99bsd%c9%99-olan-abzascilarin-t%c9%99zyiql%c9%99r%c9%99-m%c9%99ruz-qaldiqlari-deyilir\\\/#primaryimage\"},\"thumbnailUrl\":\"https:\\\/\\\/www.meydan.tv\\\/wp-content\\\/uploads\\\/67434.png\",\"articleSection\":[\"Siyas\u0259t\",\"T\u00f6vsiy\u0259\",\"X\u0259b\u0259rl\u0259r\"],\"inLanguage\":\"az\"},{\"@type\":\"WebPage\",\"@id\":\"https:\\\/\\\/www.meydan.tv\\\/az\\\/article\\\/h%c9%99bsd%c9%99-olan-abzascilarin-t%c9%99zyiql%c9%99r%c9%99-m%c9%99ruz-qaldiqlari-deyilir\\\/\",\"url\":\"https:\\\/\\\/www.meydan.tv\\\/az\\\/article\\\/h%c9%99bsd%c9%99-olan-abzascilarin-t%c9%99zyiql%c9%99r%c9%99-m%c9%99ruz-qaldiqlari-deyilir\\\/\",\"name\":\"H\u0259bsd\u0259 olan \u201cAbzas\u201d\u00e7\u0131lar\u0131n t\u0259zyiql\u0259r\u0259 m\u0259ruz qald\u0131qlar\u0131 deyilir - MEYDAN.TV\",\"isPartOf\":{\"@id\":\"https:\\\/\\\/www.meydan.tv\\\/az\\\/#website\"},\"primaryImageOfPage\":{\"@id\":\"https:\\\/\\\/www.meydan.tv\\\/az\\\/article\\\/h%c9%99bsd%c9%99-olan-abzascilarin-t%c9%99zyiql%c9%99r%c9%99-m%c9%99ruz-qaldiqlari-deyilir\\\/#primaryimage\"},\"image\":{\"@id\":\"https:\\\/\\\/www.meydan.tv\\\/az\\\/article\\\/h%c9%99bsd%c9%99-olan-abzascilarin-t%c9%99zyiql%c9%99r%c9%99-m%c9%99ruz-qaldiqlari-deyilir\\\/#primaryimage\"},\"thumbnailUrl\":\"https:\\\/\\\/www.meydan.tv\\\/wp-content\\\/uploads\\\/67434.png\",\"datePublished\":\"2025-03-06T14:00:59+00:00\",\"dateModified\":\"2025-03-06T14:01:02+00:00\",\"breadcrumb\":{\"@id\":\"https:\\\/\\\/www.meydan.tv\\\/az\\\/article\\\/h%c9%99bsd%c9%99-olan-abzascilarin-t%c9%99zyiql%c9%99r%c9%99-m%c9%99ruz-qaldiqlari-deyilir\\\/#breadcrumb\"},\"inLanguage\":\"az\",\"potentialAction\":[{\"@type\":\"ReadAction\",\"target\":[\"https:\\\/\\\/www.meydan.tv\\\/az\\\/article\\\/h%c9%99bsd%c9%99-olan-abzascilarin-t%c9%99zyiql%c9%99r%c9%99-m%c9%99ruz-qaldiqlari-deyilir\\\/\"]}]},{\"@type\":\"ImageObject\",\"inLanguage\":\"az\",\"@id\":\"https:\\\/\\\/www.meydan.tv\\\/az\\\/article\\\/h%c9%99bsd%c9%99-olan-abzascilarin-t%c9%99zyiql%c9%99r%c9%99-m%c9%99ruz-qaldiqlari-deyilir\\\/#primaryimage\",\"url\":\"https:\\\/\\\/www.meydan.tv\\\/wp-content\\\/uploads\\\/67434.png\",\"contentUrl\":\"https:\\\/\\\/www.meydan.tv\\\/wp-content\\\/uploads\\\/67434.png\",\"width\":1179,\"height\":576,\"caption\":\"AbzasMedia. Fotokollaj: Meydan TV\"},{\"@type\":\"BreadcrumbList\",\"@id\":\"https:\\\/\\\/www.meydan.tv\\\/az\\\/article\\\/h%c9%99bsd%c9%99-olan-abzascilarin-t%c9%99zyiql%c9%99r%c9%99-m%c9%99ruz-qaldiqlari-deyilir\\\/#breadcrumb\",\"itemListElement\":[{\"@type\":\"ListItem\",\"position\":1,\"name\":\"Ana s\u0259hif\u0259\",\"item\":\"https:\\\/\\\/www.meydan.tv\\\/az\\\/\"},{\"@type\":\"ListItem\",\"position\":2,\"name\":\"Siyas\u0259t\",\"item\":\"https:\\\/\\\/www.meydan.tv\\\/az\\\/section\\\/siyaset\\\/\"},{\"@type\":\"ListItem\",\"position\":3,\"name\":\"H\u0259bsd\u0259 olan \u201cAbzas\u201d\u00e7\u0131lar\u0131n t\u0259zyiql\u0259r\u0259 m\u0259ruz qald\u0131qlar\u0131 deyilir\"}]},{\"@type\":\"WebSite\",\"@id\":\"https:\\\/\\\/www.meydan.tv\\\/az\\\/#website\",\"url\":\"https:\\\/\\\/www.meydan.tv\\\/az\\\/\",\"name\":\"MEYDAN.TV\",\"description\":\"Meydan TV Az\u0259rbaycan\u0131n media m\u0259kan\u0131ndak\u0131 alternativ s\u0259sidir\",\"publisher\":{\"@id\":\"https:\\\/\\\/www.meydan.tv\\\/az\\\/#organization\"},\"potentialAction\":[{\"@type\":\"SearchAction\",\"target\":{\"@type\":\"EntryPoint\",\"urlTemplate\":\"https:\\\/\\\/www.meydan.tv\\\/az\\\/?s={search_term_string}\"},\"query-input\":{\"@type\":\"PropertyValueSpecification\",\"valueRequired\":true,\"valueName\":\"search_term_string\"}}],\"inLanguage\":\"az\"},{\"@type\":\"Organization\",\"@id\":\"https:\\\/\\\/www.meydan.tv\\\/az\\\/#organization\",\"name\":\"Meydan TV\",\"url\":\"https:\\\/\\\/www.meydan.tv\\\/az\\\/\",\"logo\":{\"@type\":\"ImageObject\",\"inLanguage\":\"az\",\"@id\":\"https:\\\/\\\/www.meydan.tv\\\/az\\\/#\\\/schema\\\/logo\\\/image\\\/\",\"url\":\"https:\\\/\\\/www.meydan.tv\\\/wp-content\\\/uploads\\\/2021\\\/07\\\/meydan-logo.svg\",\"contentUrl\":\"https:\\\/\\\/www.meydan.tv\\\/wp-content\\\/uploads\\\/2021\\\/07\\\/meydan-logo.svg\",\"width\":195,\"height\":46,\"caption\":\"Meydan TV\"},\"image\":{\"@id\":\"https:\\\/\\\/www.meydan.tv\\\/az\\\/#\\\/schema\\\/logo\\\/image\\\/\"}},{\"@type\":\"Person\",\"@id\":\"https:\\\/\\\/www.meydan.tv\\\/az\\\/#\\\/schema\\\/person\\\/09863e516102a829e72bedcf3f84c6b0\",\"name\":\"mahmud\"}]}<\/script>\n<!-- \/ Yoast SEO plugin. -->","yoast_head_json":{"title":"H\u0259bsd\u0259 olan \u201cAbzas\u201d\u00e7\u0131lar\u0131n t\u0259zyiql\u0259r\u0259 m\u0259ruz qald\u0131qlar\u0131 deyilir - MEYDAN.TV","robots":{"index":"index","follow":"follow","max-snippet":"max-snippet:-1","max-image-preview":"max-image-preview:large","max-video-preview":"max-video-preview:-1"},"canonical":"https:\/\/www.meydan.tv\/az\/article\/h%c9%99bsd%c9%99-olan-abzascilarin-t%c9%99zyiql%c9%99r%c9%99-m%c9%99ruz-qaldiqlari-deyilir\/","og_locale":"az_AZ","og_type":"article","og_title":"H\u0259bsd\u0259 olan \u201cAbzas\u201d\u00e7\u0131lar\u0131n t\u0259zyiql\u0259r\u0259 m\u0259ruz qald\u0131qlar\u0131 deyilir - MEYDAN.TV","og_description":"Yax\u0131nlar\u0131n\u0131n dediyin\u0259 g\u00f6r\u0259, t\u0259zyiql\u0259rl\u0259 yana\u015f\u0131, onlara m\u0259hdudiyy\u0259t t\u0259tbiq olunmas\u0131 il\u0259 ... Davam\u0131","og_url":"https:\/\/www.meydan.tv\/az\/article\/h%c9%99bsd%c9%99-olan-abzascilarin-t%c9%99zyiql%c9%99r%c9%99-m%c9%99ruz-qaldiqlari-deyilir\/","og_site_name":"MEYDAN.TV","article_published_time":"2025-03-06T14:00:59+00:00","article_modified_time":"2025-03-06T14:01:02+00:00","og_image":[{"width":1179,"height":576,"url":"https:\/\/www.meydan.tv\/wp-content\/uploads\/67434.png","type":"image\/png"}],"author":"mahmud","twitter_card":"summary_large_image","schema":{"@context":"https:\/\/schema.org","@graph":[{"@type":"Article","@id":"https:\/\/www.meydan.tv\/az\/article\/h%c9%99bsd%c9%99-olan-abzascilarin-t%c9%99zyiql%c9%99r%c9%99-m%c9%99ruz-qaldiqlari-deyilir\/#article","isPartOf":{"@id":"https:\/\/www.meydan.tv\/az\/article\/h%c9%99bsd%c9%99-olan-abzascilarin-t%c9%99zyiql%c9%99r%c9%99-m%c9%99ruz-qaldiqlari-deyilir\/"},"author":{"name":"mahmud","@id":"https:\/\/www.meydan.tv\/az\/#\/schema\/person\/09863e516102a829e72bedcf3f84c6b0"},"headline":"H\u0259bsd\u0259 olan \u201cAbzas\u201d\u00e7\u0131lar\u0131n t\u0259zyiql\u0259r\u0259 m\u0259ruz qald\u0131qlar\u0131 deyilir","datePublished":"2025-03-06T14:00:59+00:00","dateModified":"2025-03-06T14:01:02+00:00","mainEntityOfPage":{"@id":"https:\/\/www.meydan.tv\/az\/article\/h%c9%99bsd%c9%99-olan-abzascilarin-t%c9%99zyiql%c9%99r%c9%99-m%c9%99ruz-qaldiqlari-deyilir\/"},"wordCount":914,"publisher":{"@id":"https:\/\/www.meydan.tv\/az\/#organization"},"image":{"@id":"https:\/\/www.meydan.tv\/az\/article\/h%c9%99bsd%c9%99-olan-abzascilarin-t%c9%99zyiql%c9%99r%c9%99-m%c9%99ruz-qaldiqlari-deyilir\/#primaryimage"},"thumbnailUrl":"https:\/\/www.meydan.tv\/wp-content\/uploads\/67434.png","articleSection":["Siyas\u0259t","T\u00f6vsiy\u0259","X\u0259b\u0259rl\u0259r"],"inLanguage":"az"},{"@type":"WebPage","@id":"https:\/\/www.meydan.tv\/az\/article\/h%c9%99bsd%c9%99-olan-abzascilarin-t%c9%99zyiql%c9%99r%c9%99-m%c9%99ruz-qaldiqlari-deyilir\/","url":"https:\/\/www.meydan.tv\/az\/article\/h%c9%99bsd%c9%99-olan-abzascilarin-t%c9%99zyiql%c9%99r%c9%99-m%c9%99ruz-qaldiqlari-deyilir\/","name":"H\u0259bsd\u0259 olan \u201cAbzas\u201d\u00e7\u0131lar\u0131n t\u0259zyiql\u0259r\u0259 m\u0259ruz qald\u0131qlar\u0131 deyilir - MEYDAN.TV","isPartOf":{"@id":"https:\/\/www.meydan.tv\/az\/#website"},"primaryImageOfPage":{"@id":"https:\/\/www.meydan.tv\/az\/article\/h%c9%99bsd%c9%99-olan-abzascilarin-t%c9%99zyiql%c9%99r%c9%99-m%c9%99ruz-qaldiqlari-deyilir\/#primaryimage"},"image":{"@id":"https:\/\/www.meydan.tv\/az\/article\/h%c9%99bsd%c9%99-olan-abzascilarin-t%c9%99zyiql%c9%99r%c9%99-m%c9%99ruz-qaldiqlari-deyilir\/#primaryimage"},"thumbnailUrl":"https:\/\/www.meydan.tv\/wp-content\/uploads\/67434.png","datePublished":"2025-03-06T14:00:59+00:00","dateModified":"2025-03-06T14:01:02+00:00","breadcrumb":{"@id":"https:\/\/www.meydan.tv\/az\/article\/h%c9%99bsd%c9%99-olan-abzascilarin-t%c9%99zyiql%c9%99r%c9%99-m%c9%99ruz-qaldiqlari-deyilir\/#breadcrumb"},"inLanguage":"az","potentialAction":[{"@type":"ReadAction","target":["https:\/\/www.meydan.tv\/az\/article\/h%c9%99bsd%c9%99-olan-abzascilarin-t%c9%99zyiql%c9%99r%c9%99-m%c9%99ruz-qaldiqlari-deyilir\/"]}]},{"@type":"ImageObject","inLanguage":"az","@id":"https:\/\/www.meydan.tv\/az\/article\/h%c9%99bsd%c9%99-olan-abzascilarin-t%c9%99zyiql%c9%99r%c9%99-m%c9%99ruz-qaldiqlari-deyilir\/#primaryimage","url":"https:\/\/www.meydan.tv\/wp-content\/uploads\/67434.png","contentUrl":"https:\/\/www.meydan.tv\/wp-content\/uploads\/67434.png","width":1179,"height":576,"caption":"AbzasMedia. Fotokollaj: Meydan TV"},{"@type":"BreadcrumbList","@id":"https:\/\/www.meydan.tv\/az\/article\/h%c9%99bsd%c9%99-olan-abzascilarin-t%c9%99zyiql%c9%99r%c9%99-m%c9%99ruz-qaldiqlari-deyilir\/#breadcrumb","itemListElement":[{"@type":"ListItem","position":1,"name":"Ana s\u0259hif\u0259","item":"https:\/\/www.meydan.tv\/az\/"},{"@type":"ListItem","position":2,"name":"Siyas\u0259t","item":"https:\/\/www.meydan.tv\/az\/section\/siyaset\/"},{"@type":"ListItem","position":3,"name":"H\u0259bsd\u0259 olan \u201cAbzas\u201d\u00e7\u0131lar\u0131n t\u0259zyiql\u0259r\u0259 m\u0259ruz qald\u0131qlar\u0131 deyilir"}]},{"@type":"WebSite","@id":"https:\/\/www.meydan.tv\/az\/#website","url":"https:\/\/www.meydan.tv\/az\/","name":"MEYDAN.TV","description":"Meydan TV Az\u0259rbaycan\u0131n media m\u0259kan\u0131ndak\u0131 alternativ s\u0259sidir","publisher":{"@id":"https:\/\/www.meydan.tv\/az\/#organization"},"potentialAction":[{"@type":"SearchAction","target":{"@type":"EntryPoint","urlTemplate":"https:\/\/www.meydan.tv\/az\/?s={search_term_string}"},"query-input":{"@type":"PropertyValueSpecification","valueRequired":true,"valueName":"search_term_string"}}],"inLanguage":"az"},{"@type":"Organization","@id":"https:\/\/www.meydan.tv\/az\/#organization","name":"Meydan TV","url":"https:\/\/www.meydan.tv\/az\/","logo":{"@type":"ImageObject","inLanguage":"az","@id":"https:\/\/www.meydan.tv\/az\/#\/schema\/logo\/image\/","url":"https:\/\/www.meydan.tv\/wp-content\/uploads\/2021\/07\/meydan-logo.svg","contentUrl":"https:\/\/www.meydan.tv\/wp-content\/uploads\/2021\/07\/meydan-logo.svg","width":195,"height":46,"caption":"Meydan TV"},"image":{"@id":"https:\/\/www.meydan.tv\/az\/#\/schema\/logo\/image\/"}},{"@type":"Person","@id":"https:\/\/www.meydan.tv\/az\/#\/schema\/person\/09863e516102a829e72bedcf3f84c6b0","name":"mahmud"}]}},"_links":{"self":[{"href":"https:\/\/www.meydan.tv\/az\/wp-json\/wp\/v2\/posts\/327361","targetHints":{"allow":["GET"]}}],"collection":[{"href":"https:\/\/www.meydan.tv\/az\/wp-json\/wp\/v2\/posts"}],"about":[{"href":"https:\/\/www.meydan.tv\/az\/wp-json\/wp\/v2\/types\/post"}],"author":[{"embeddable":true,"href":"https:\/\/www.meydan.tv\/az\/wp-json\/wp\/v2\/users\/21"}],"replies":[{"embeddable":true,"href":"https:\/\/www.meydan.tv\/az\/wp-json\/wp\/v2\/comments?post=327361"}],"version-history":[{"count":1,"href":"https:\/\/www.meydan.tv\/az\/wp-json\/wp\/v2\/posts\/327361\/revisions"}],"predecessor-version":[{"id":327362,"href":"https:\/\/www.meydan.tv\/az\/wp-json\/wp\/v2\/posts\/327361\/revisions\/327362"}],"wp:featuredmedia":[{"embeddable":true,"href":"https:\/\/www.meydan.tv\/az\/wp-json\/wp\/v2\/media\/326549"}],"wp:attachment":[{"href":"https:\/\/www.meydan.tv\/az\/wp-json\/wp\/v2\/media?parent=327361"}],"wp:term":[{"taxonomy":"category","embeddable":true,"href":"https:\/\/www.meydan.tv\/az\/wp-json\/wp\/v2\/categories?post=327361"},{"taxonomy":"post_tag","embeddable":true,"href":"https:\/\/www.meydan.tv\/az\/wp-json\/wp\/v2\/tags?post=327361"}],"curies":[{"name":"wp","href":"https:\/\/api.w.org\/{rel}","templated":true}]}}