{"id":327334,"date":"2025-03-06T13:35:53","date_gmt":"2025-03-06T09:35:53","guid":{"rendered":"https:\/\/www.meydan.tv\/?p=327334"},"modified":"2025-03-06T13:35:56","modified_gmt":"2025-03-06T09:35:56","slug":"az%c9%99rbaycan-h%c9%99bsd%c9%99-olan-jurnalist-sayina-gor%c9%99-ikinci-yerd%c9%99dir","status":"publish","type":"post","link":"https:\/\/www.meydan.tv\/az\/article\/az%c9%99rbaycan-h%c9%99bsd%c9%99-olan-jurnalist-sayina-gor%c9%99-ikinci-yerd%c9%99dir\/","title":{"rendered":"Az\u0259rbaycan h\u0259bsd\u0259 olan jurnalist say\u0131na g\u00f6r\u0259 ikinci yerd\u0259dir"},"content":{"rendered":"\n<p><\/p>\n\n\n\n<p><strong><em>Avropa \u00f6lk\u0259l\u0259rind\u0259 h\u0259bsd\u0259 olan 159 jurnalistd\u0259n 30-u Az\u0259rbaycandad\u0131r<\/em><\/strong><\/p>\n\n\n\n<p>Avropa \u015euras\u0131n\u0131n Jurnalistikan\u0131n qorunmas\u0131 v\u0259 jurnalistl\u0259rin t\u0259hl\u00fck\u0259sizliyi \u00fczr\u0259 platformas\u0131 illik <a href=\"https:\/\/rm.coe.int\/prems-013425-gbr-2519-annual-report-2025-correction-cartooning\/1680b48f7b\" target=\"_blank\" rel=\"noreferrer noopener\">hesabat\u0131n\u0131<\/a> yay\u0131b.<\/p>\n\n\n\n<p>Mart\u0131n 5-d\u0259 d\u0259rc olunan \u201c2024: Siyasi t\u0259zyiq, dezinformasiya v\u0259 media m\u00fcst\u0259qilliyinin a\u015f\u0131nmas\u0131 il\u0259 m\u00fcbariz\u0259\u201d adl\u0131 hesabatda bildirilib ki, Az\u0259rbaycan h\u0259bsd\u0259 olan jurnalist say\u0131na g\u00f6r\u0259 Avropada Belarusdan sonra ikinci yerd\u0259dir. \u00d6t\u0259n il dekabr\u0131n 31-d\u0259k Avropada 159 jurnalist h\u0259bsd\u0259 olub. Onlar\u0131n 44-\u00fc Belarusun, 30-u Az\u0259rbaycan\u0131n, 29-u Rusiyan\u0131n (28-i Ukraynan\u0131n Rusiya t\u0259r\u0259find\u0259n i\u015f\u011fal olunmu\u015f \u0259razil\u0259rind\u0259), 27-si T\u00fcrkiy\u0259nin v\u0259 biri G\u00fcrc\u00fcstan\u0131n pay\u0131na d\u00fc\u015f\u00fcr.<\/p>\n\n\n\n<p>Hesabatda deyilir ki, Az\u0259rbaycanda \u201cK\u00fctl\u0259vi informasiya vasit\u0259l\u0259ri haqq\u0131nda\u201d Qanun m\u0259tbuat azadl\u0131\u011f\u0131n\u0131 bo\u011fma\u011fa davam edir v\u0259 t\u0259cili olaraq yenid\u0259n n\u0259z\u0259rd\u0259n ke\u00e7irilm\u0259lidir.<\/p>\n\n\n\n<p>Bildirilir ki, jurnalistl\u0259rin t\u0259hl\u00fck\u0259sizliyi v\u0259 m\u0259nb\u0259 gizliliyi \u00fc\u00e7\u00fcn dig\u0259r ciddi t\u0259hdid casus proqramlar\u0131d\u0131r. Jurnalistl\u0259rin izl\u0259nm\u0259si geni\u015f yay\u0131l\u0131b v\u0259 bunun a\u015fkarlanmas\u0131 \u00e7\u0259tinl\u0259\u015fib. \u00d6t\u0259n il \u00fc\u00e7 \u00f6lk\u0259d\u0259 bu hal qeyd\u0259 al\u0131n\u0131b.<\/p>\n\n\n\n<p>Platforman\u0131n t\u0259r\u0259fda\u015flar\u0131 Avropa \u015euras\u0131, Avropa Komissiyas\u0131 v\u0259 Avropa \u015euras\u0131n\u0131n 46 \u00fczv d\u00f6vl\u0259tini jurnalistl\u0259rin h\u00fcquqi m\u00fcdafi\u0259sini g\u00fccl\u0259ndirm\u0259y\u0259, dezinformasiyaya qar\u015f\u0131 t\u0259minatlar\u0131 t\u0259min etm\u0259y\u0259, median\u0131n \u0259l\u0259 ke\u00e7irilm\u0259si, izl\u0259nilm\u0259si il\u0259 m\u00fcbariz\u0259 \u00fc\u00e7\u00fcn t\u0259dbirl\u0259r g\u00f6rm\u0259y\u0259 \u00e7a\u011f\u0131ran bir s\u0131ra t\u00f6vsiy\u0259l\u0259r haz\u0131rlay\u0131blar. Onlar h\u00f6kum\u0259tl\u0259ri t\u0259hdid v\u0259 t\u0259qibl\u0259r\u0259 qar\u015f\u0131 m\u00fcdafi\u0259ni g\u00fccl\u0259ndirm\u0259kl\u0259 m\u0259tbuat azadl\u0131\u011f\u0131n\u0131 d\u0259st\u0259kl\u0259m\u0259y\u0259 \u00e7a\u011f\u0131r\u0131blar.<\/p>\n\n\n\n<p>Hesabata g\u00f6r\u0259, 2024-c\u00fc ild\u0259 diqq\u0259t m\u0259rk\u0259zind\u0259 olan \u00f6lk\u0259l\u0259r G\u00fcrc\u00fcstan, \u0130taliya v\u0259 Slovakiyad\u0131r. 2024-c\u00fc ild\u0259 Avropa \u015euras\u0131n\u0131n b\u00fct\u00fcn \u00fczv d\u00f6vl\u0259tl\u0259ri aras\u0131nda m\u0259tbuat azadl\u0131\u011f\u0131 il\u0259 ba\u011fl\u0131 x\u0259b\u0259rdarl\u0131qlar\u0131n \u0259n y\u00fcks\u0259k art\u0131m\u0131 qeyd\u0259 al\u0131nan \u00f6lk\u0259 G\u00fcrc\u00fcstand\u0131r. \u00d6t\u0259n il \u00f6lk\u0259d\u0259 ke\u00e7iril\u0259n se\u00e7kil\u0259rd\u0259 v\u0259 daha sonra etiraz aksiyalar\u0131nda onlarla jurnalist zorak\u0131l\u0131\u011fa m\u0259ruz qal\u0131b.<\/p>\n\n\n\n<p>Hesabatda jurnalist \u018ffqan Sad\u0131qovun 2024-c\u00fc ilin noyabr\u0131nda h\u0259bsi v\u0259 Az\u0259rbaycana ekstradisiyas\u0131 bar\u0259d\u0259 q\u0259rar \u00e7\u0131xar\u0131lmas\u0131 da qeyd olunub.<\/p>\n\n\n\n<p>\u201cAzel TV\u201d sayt\u0131n\u0131n t\u0259sis\u00e7isi v\u0259 ba\u015f redaktoru \u018ffqan Sad\u0131qov Az\u0259rbaycanda pul t\u0259l\u0259b etm\u0259kd\u0259 ittiham olunur. G\u00fcrc\u00fcstan hakimiyy\u0259ti ona siyasi s\u0131\u011f\u0131nacaq verm\u0259kd\u0259n imtina edib. O daha \u0259vv\u0259l d\u0259 Az\u0259rbaycanda m\u0259hkumluq ya\u015fay\u0131b, xuliqanl\u0131q niyy\u0259ti il\u0259 sa\u011flaml\u0131\u011fa ziyan vurmada t\u0259qsirli bilinib. Amma \u00f6z\u00fc i\u015fi qurama say\u0131b.<\/p>\n\n\n\n<p>2023-c\u00fc ilin noyabr\u0131ndan ba\u015flayaraq Az\u0259rbaycanda qruplar hal\u0131nda 30- a yax\u0131n jurnalist, ictimai f\u0259al qa\u00e7aqmal\u00e7\u0131l\u0131q ittiham\u0131 il\u0259 h\u0259bs edilib. Amma onlar\u0131n ham\u0131s\u0131 ittihamla raz\u0131la\u015fm\u0131r, bunu pe\u015f\u0259 f\u0259aliyy\u0259tl\u0259ri v\u0259 siyasi sifari\u015f il\u0259 izah edirl\u0259r. Sonradan onlardan bir \u00e7oxunun ittiham\u0131 a\u011f\u0131rla\u015fd\u0131r\u0131l\u0131b.<\/p>\n\n\n\n<p>Yerli h\u00fcquq-m\u00fcdafi\u0259 t\u0259\u015fkilatlar\u0131n\u0131n haz\u0131rlad\u0131qlar\u0131 siyah\u0131lara g\u00f6r\u0259, haz\u0131rda Az\u0259rbaycan h\u0259bsxanalar\u0131nda 300-d\u0259n \u00e7ox siyasi m\u0259hbus var. R\u0259smil\u0259r is\u0259, bir qayda olaraq, vur\u011fulay\u0131rlar ki, \u00f6lk\u0259d\u0259 he\u00e7 kim s\u0131rf pe\u015f\u0259 f\u0259aliyy\u0259ti il\u0259 ba\u011fl\u0131, siyasi \u0259saslar il\u0259 h\u0259bs edilmir. Onlar deyirl\u0259r ki, h\u0259min siyah\u0131larda yer alanlar s\u0131rf t\u00f6r\u0259tdikl\u0259ri \u0259m\u0259l\u0259 g\u00f6r\u0259 m\u0259suliyy\u0259t\u0259 c\u0259lb edilibl\u0259r.<\/p>\n","protected":false},"excerpt":{"rendered":"<p>Avropa \u00f6lk\u0259l\u0259rind\u0259 h\u0259bsd\u0259 olan 159 jurnalistd\u0259n 30-u Az\u0259rbaycandad\u0131r Avropa \u015euras\u0131n\u0131n &#8230; <\/p>\n<p class=\"read-more-container\"><a title=\"Az\u0259rbaycan h\u0259bsd\u0259 olan jurnalist say\u0131na g\u00f6r\u0259 ikinci yerd\u0259dir\" class=\"read-more button\" href=\"https:\/\/www.meydan.tv\/az\/article\/az%c9%99rbaycan-h%c9%99bsd%c9%99-olan-jurnalist-sayina-gor%c9%99-ikinci-yerd%c9%99dir\/#more-327334\" aria-label=\"Read more about Az\u0259rbaycan h\u0259bsd\u0259 olan jurnalist say\u0131na g\u00f6r\u0259 ikinci yerd\u0259dir\">Davam\u0131<\/a><\/p>\n","protected":false},"author":21,"featured_media":305005,"comment_status":"closed","ping_status":"closed","sticky":false,"template":"","format":"standard","meta":{"_acf_changed":false,"_sitemap_exclude":false,"_sitemap_priority":"","_sitemap_frequency":"","footnotes":""},"categories":[59,79,56],"tags":[],"class_list":["post-327334","post","type-post","status-publish","format-standard","has-post-thumbnail","hentry","category-siyaset","category-featured","category-xeberler","infinite-scroll-item","generate-columns","tablet-grid-50","mobile-grid-100","grid-parent","grid-33","no-featured-image-padding"],"acf":[],"yoast_head":"<!-- This site is optimized with the Yoast SEO plugin v27.5 - https:\/\/yoast.com\/product\/yoast-seo-wordpress\/ -->\n<title>Az\u0259rbaycan h\u0259bsd\u0259 olan jurnalist say\u0131na g\u00f6r\u0259 ikinci yerd\u0259dir - MEYDAN.TV<\/title>\n<meta name=\"robots\" content=\"index, follow, max-snippet:-1, max-image-preview:large, max-video-preview:-1\" \/>\n<link rel=\"canonical\" href=\"https:\/\/www.meydan.tv\/az\/article\/az%c9%99rbaycan-h%c9%99bsd%c9%99-olan-jurnalist-sayina-gor%c9%99-ikinci-yerd%c9%99dir\/\" \/>\n<meta property=\"og:locale\" content=\"az_AZ\" \/>\n<meta property=\"og:type\" content=\"article\" \/>\n<meta property=\"og:title\" content=\"Az\u0259rbaycan h\u0259bsd\u0259 olan jurnalist say\u0131na g\u00f6r\u0259 ikinci yerd\u0259dir - MEYDAN.TV\" \/>\n<meta property=\"og:description\" content=\"Avropa \u00f6lk\u0259l\u0259rind\u0259 h\u0259bsd\u0259 olan 159 jurnalistd\u0259n 30-u Az\u0259rbaycandad\u0131r Avropa \u015euras\u0131n\u0131n ... Davam\u0131\" \/>\n<meta property=\"og:url\" content=\"https:\/\/www.meydan.tv\/az\/article\/az%c9%99rbaycan-h%c9%99bsd%c9%99-olan-jurnalist-sayina-gor%c9%99-ikinci-yerd%c9%99dir\/\" \/>\n<meta property=\"og:site_name\" content=\"MEYDAN.TV\" \/>\n<meta property=\"article:published_time\" content=\"2025-03-06T09:35:53+00:00\" \/>\n<meta property=\"article:modified_time\" content=\"2025-03-06T09:35:56+00:00\" \/>\n<meta property=\"og:image\" content=\"https:\/\/www.meydan.tv\/wp-content\/uploads\/img_2354-e1714737153757.jpg\" \/>\n\t<meta property=\"og:image:width\" content=\"1200\" \/>\n\t<meta property=\"og:image:height\" content=\"484\" \/>\n\t<meta property=\"og:image:type\" content=\"image\/jpeg\" \/>\n<meta name=\"author\" content=\"mahmud\" \/>\n<meta name=\"twitter:card\" content=\"summary_large_image\" \/>\n<script type=\"application\/ld+json\" class=\"yoast-schema-graph\">{\"@context\":\"https:\\\/\\\/schema.org\",\"@graph\":[{\"@type\":\"Article\",\"@id\":\"https:\\\/\\\/www.meydan.tv\\\/az\\\/article\\\/az%c9%99rbaycan-h%c9%99bsd%c9%99-olan-jurnalist-sayina-gor%c9%99-ikinci-yerd%c9%99dir\\\/#article\",\"isPartOf\":{\"@id\":\"https:\\\/\\\/www.meydan.tv\\\/az\\\/article\\\/az%c9%99rbaycan-h%c9%99bsd%c9%99-olan-jurnalist-sayina-gor%c9%99-ikinci-yerd%c9%99dir\\\/\"},\"author\":{\"name\":\"mahmud\",\"@id\":\"https:\\\/\\\/www.meydan.tv\\\/az\\\/#\\\/schema\\\/person\\\/09863e516102a829e72bedcf3f84c6b0\"},\"headline\":\"Az\u0259rbaycan h\u0259bsd\u0259 olan jurnalist say\u0131na g\u00f6r\u0259 ikinci yerd\u0259dir\",\"datePublished\":\"2025-03-06T09:35:53+00:00\",\"dateModified\":\"2025-03-06T09:35:56+00:00\",\"mainEntityOfPage\":{\"@id\":\"https:\\\/\\\/www.meydan.tv\\\/az\\\/article\\\/az%c9%99rbaycan-h%c9%99bsd%c9%99-olan-jurnalist-sayina-gor%c9%99-ikinci-yerd%c9%99dir\\\/\"},\"wordCount\":652,\"publisher\":{\"@id\":\"https:\\\/\\\/www.meydan.tv\\\/az\\\/#organization\"},\"image\":{\"@id\":\"https:\\\/\\\/www.meydan.tv\\\/az\\\/article\\\/az%c9%99rbaycan-h%c9%99bsd%c9%99-olan-jurnalist-sayina-gor%c9%99-ikinci-yerd%c9%99dir\\\/#primaryimage\"},\"thumbnailUrl\":\"https:\\\/\\\/www.meydan.tv\\\/wp-content\\\/uploads\\\/img_2354-e1714737153757.jpg\",\"articleSection\":[\"Siyas\u0259t\",\"T\u00f6vsiy\u0259\",\"X\u0259b\u0259rl\u0259r\"],\"inLanguage\":\"az\"},{\"@type\":\"WebPage\",\"@id\":\"https:\\\/\\\/www.meydan.tv\\\/az\\\/article\\\/az%c9%99rbaycan-h%c9%99bsd%c9%99-olan-jurnalist-sayina-gor%c9%99-ikinci-yerd%c9%99dir\\\/\",\"url\":\"https:\\\/\\\/www.meydan.tv\\\/az\\\/article\\\/az%c9%99rbaycan-h%c9%99bsd%c9%99-olan-jurnalist-sayina-gor%c9%99-ikinci-yerd%c9%99dir\\\/\",\"name\":\"Az\u0259rbaycan h\u0259bsd\u0259 olan jurnalist say\u0131na g\u00f6r\u0259 ikinci yerd\u0259dir - MEYDAN.TV\",\"isPartOf\":{\"@id\":\"https:\\\/\\\/www.meydan.tv\\\/az\\\/#website\"},\"primaryImageOfPage\":{\"@id\":\"https:\\\/\\\/www.meydan.tv\\\/az\\\/article\\\/az%c9%99rbaycan-h%c9%99bsd%c9%99-olan-jurnalist-sayina-gor%c9%99-ikinci-yerd%c9%99dir\\\/#primaryimage\"},\"image\":{\"@id\":\"https:\\\/\\\/www.meydan.tv\\\/az\\\/article\\\/az%c9%99rbaycan-h%c9%99bsd%c9%99-olan-jurnalist-sayina-gor%c9%99-ikinci-yerd%c9%99dir\\\/#primaryimage\"},\"thumbnailUrl\":\"https:\\\/\\\/www.meydan.tv\\\/wp-content\\\/uploads\\\/img_2354-e1714737153757.jpg\",\"datePublished\":\"2025-03-06T09:35:53+00:00\",\"dateModified\":\"2025-03-06T09:35:56+00:00\",\"breadcrumb\":{\"@id\":\"https:\\\/\\\/www.meydan.tv\\\/az\\\/article\\\/az%c9%99rbaycan-h%c9%99bsd%c9%99-olan-jurnalist-sayina-gor%c9%99-ikinci-yerd%c9%99dir\\\/#breadcrumb\"},\"inLanguage\":\"az\",\"potentialAction\":[{\"@type\":\"ReadAction\",\"target\":[\"https:\\\/\\\/www.meydan.tv\\\/az\\\/article\\\/az%c9%99rbaycan-h%c9%99bsd%c9%99-olan-jurnalist-sayina-gor%c9%99-ikinci-yerd%c9%99dir\\\/\"]}]},{\"@type\":\"ImageObject\",\"inLanguage\":\"az\",\"@id\":\"https:\\\/\\\/www.meydan.tv\\\/az\\\/article\\\/az%c9%99rbaycan-h%c9%99bsd%c9%99-olan-jurnalist-sayina-gor%c9%99-ikinci-yerd%c9%99dir\\\/#primaryimage\",\"url\":\"https:\\\/\\\/www.meydan.tv\\\/wp-content\\\/uploads\\\/img_2354-e1714737153757.jpg\",\"contentUrl\":\"https:\\\/\\\/www.meydan.tv\\\/wp-content\\\/uploads\\\/img_2354-e1714737153757.jpg\",\"width\":1200,\"height\":484,\"caption\":\"H\u0259bs edil\u0259n jurnalistl\u0259r v\u0259 f\u0259allar. Foto: Meydan TV\"},{\"@type\":\"BreadcrumbList\",\"@id\":\"https:\\\/\\\/www.meydan.tv\\\/az\\\/article\\\/az%c9%99rbaycan-h%c9%99bsd%c9%99-olan-jurnalist-sayina-gor%c9%99-ikinci-yerd%c9%99dir\\\/#breadcrumb\",\"itemListElement\":[{\"@type\":\"ListItem\",\"position\":1,\"name\":\"Ana s\u0259hif\u0259\",\"item\":\"https:\\\/\\\/www.meydan.tv\\\/az\\\/\"},{\"@type\":\"ListItem\",\"position\":2,\"name\":\"Siyas\u0259t\",\"item\":\"https:\\\/\\\/www.meydan.tv\\\/az\\\/section\\\/siyaset\\\/\"},{\"@type\":\"ListItem\",\"position\":3,\"name\":\"Az\u0259rbaycan h\u0259bsd\u0259 olan jurnalist say\u0131na g\u00f6r\u0259 ikinci yerd\u0259dir\"}]},{\"@type\":\"WebSite\",\"@id\":\"https:\\\/\\\/www.meydan.tv\\\/az\\\/#website\",\"url\":\"https:\\\/\\\/www.meydan.tv\\\/az\\\/\",\"name\":\"MEYDAN.TV\",\"description\":\"Meydan TV Az\u0259rbaycan\u0131n media m\u0259kan\u0131ndak\u0131 alternativ s\u0259sidir\",\"publisher\":{\"@id\":\"https:\\\/\\\/www.meydan.tv\\\/az\\\/#organization\"},\"potentialAction\":[{\"@type\":\"SearchAction\",\"target\":{\"@type\":\"EntryPoint\",\"urlTemplate\":\"https:\\\/\\\/www.meydan.tv\\\/az\\\/?s={search_term_string}\"},\"query-input\":{\"@type\":\"PropertyValueSpecification\",\"valueRequired\":true,\"valueName\":\"search_term_string\"}}],\"inLanguage\":\"az\"},{\"@type\":\"Organization\",\"@id\":\"https:\\\/\\\/www.meydan.tv\\\/az\\\/#organization\",\"name\":\"Meydan TV\",\"url\":\"https:\\\/\\\/www.meydan.tv\\\/az\\\/\",\"logo\":{\"@type\":\"ImageObject\",\"inLanguage\":\"az\",\"@id\":\"https:\\\/\\\/www.meydan.tv\\\/az\\\/#\\\/schema\\\/logo\\\/image\\\/\",\"url\":\"https:\\\/\\\/www.meydan.tv\\\/wp-content\\\/uploads\\\/2021\\\/07\\\/meydan-logo.svg\",\"contentUrl\":\"https:\\\/\\\/www.meydan.tv\\\/wp-content\\\/uploads\\\/2021\\\/07\\\/meydan-logo.svg\",\"width\":195,\"height\":46,\"caption\":\"Meydan TV\"},\"image\":{\"@id\":\"https:\\\/\\\/www.meydan.tv\\\/az\\\/#\\\/schema\\\/logo\\\/image\\\/\"}},{\"@type\":\"Person\",\"@id\":\"https:\\\/\\\/www.meydan.tv\\\/az\\\/#\\\/schema\\\/person\\\/09863e516102a829e72bedcf3f84c6b0\",\"name\":\"mahmud\"}]}<\/script>\n<!-- \/ Yoast SEO plugin. -->","yoast_head_json":{"title":"Az\u0259rbaycan h\u0259bsd\u0259 olan jurnalist say\u0131na g\u00f6r\u0259 ikinci yerd\u0259dir - MEYDAN.TV","robots":{"index":"index","follow":"follow","max-snippet":"max-snippet:-1","max-image-preview":"max-image-preview:large","max-video-preview":"max-video-preview:-1"},"canonical":"https:\/\/www.meydan.tv\/az\/article\/az%c9%99rbaycan-h%c9%99bsd%c9%99-olan-jurnalist-sayina-gor%c9%99-ikinci-yerd%c9%99dir\/","og_locale":"az_AZ","og_type":"article","og_title":"Az\u0259rbaycan h\u0259bsd\u0259 olan jurnalist say\u0131na g\u00f6r\u0259 ikinci yerd\u0259dir - MEYDAN.TV","og_description":"Avropa \u00f6lk\u0259l\u0259rind\u0259 h\u0259bsd\u0259 olan 159 jurnalistd\u0259n 30-u Az\u0259rbaycandad\u0131r Avropa \u015euras\u0131n\u0131n ... Davam\u0131","og_url":"https:\/\/www.meydan.tv\/az\/article\/az%c9%99rbaycan-h%c9%99bsd%c9%99-olan-jurnalist-sayina-gor%c9%99-ikinci-yerd%c9%99dir\/","og_site_name":"MEYDAN.TV","article_published_time":"2025-03-06T09:35:53+00:00","article_modified_time":"2025-03-06T09:35:56+00:00","og_image":[{"width":1200,"height":484,"url":"https:\/\/www.meydan.tv\/wp-content\/uploads\/img_2354-e1714737153757.jpg","type":"image\/jpeg"}],"author":"mahmud","twitter_card":"summary_large_image","schema":{"@context":"https:\/\/schema.org","@graph":[{"@type":"Article","@id":"https:\/\/www.meydan.tv\/az\/article\/az%c9%99rbaycan-h%c9%99bsd%c9%99-olan-jurnalist-sayina-gor%c9%99-ikinci-yerd%c9%99dir\/#article","isPartOf":{"@id":"https:\/\/www.meydan.tv\/az\/article\/az%c9%99rbaycan-h%c9%99bsd%c9%99-olan-jurnalist-sayina-gor%c9%99-ikinci-yerd%c9%99dir\/"},"author":{"name":"mahmud","@id":"https:\/\/www.meydan.tv\/az\/#\/schema\/person\/09863e516102a829e72bedcf3f84c6b0"},"headline":"Az\u0259rbaycan h\u0259bsd\u0259 olan jurnalist say\u0131na g\u00f6r\u0259 ikinci yerd\u0259dir","datePublished":"2025-03-06T09:35:53+00:00","dateModified":"2025-03-06T09:35:56+00:00","mainEntityOfPage":{"@id":"https:\/\/www.meydan.tv\/az\/article\/az%c9%99rbaycan-h%c9%99bsd%c9%99-olan-jurnalist-sayina-gor%c9%99-ikinci-yerd%c9%99dir\/"},"wordCount":652,"publisher":{"@id":"https:\/\/www.meydan.tv\/az\/#organization"},"image":{"@id":"https:\/\/www.meydan.tv\/az\/article\/az%c9%99rbaycan-h%c9%99bsd%c9%99-olan-jurnalist-sayina-gor%c9%99-ikinci-yerd%c9%99dir\/#primaryimage"},"thumbnailUrl":"https:\/\/www.meydan.tv\/wp-content\/uploads\/img_2354-e1714737153757.jpg","articleSection":["Siyas\u0259t","T\u00f6vsiy\u0259","X\u0259b\u0259rl\u0259r"],"inLanguage":"az"},{"@type":"WebPage","@id":"https:\/\/www.meydan.tv\/az\/article\/az%c9%99rbaycan-h%c9%99bsd%c9%99-olan-jurnalist-sayina-gor%c9%99-ikinci-yerd%c9%99dir\/","url":"https:\/\/www.meydan.tv\/az\/article\/az%c9%99rbaycan-h%c9%99bsd%c9%99-olan-jurnalist-sayina-gor%c9%99-ikinci-yerd%c9%99dir\/","name":"Az\u0259rbaycan h\u0259bsd\u0259 olan jurnalist say\u0131na g\u00f6r\u0259 ikinci yerd\u0259dir - MEYDAN.TV","isPartOf":{"@id":"https:\/\/www.meydan.tv\/az\/#website"},"primaryImageOfPage":{"@id":"https:\/\/www.meydan.tv\/az\/article\/az%c9%99rbaycan-h%c9%99bsd%c9%99-olan-jurnalist-sayina-gor%c9%99-ikinci-yerd%c9%99dir\/#primaryimage"},"image":{"@id":"https:\/\/www.meydan.tv\/az\/article\/az%c9%99rbaycan-h%c9%99bsd%c9%99-olan-jurnalist-sayina-gor%c9%99-ikinci-yerd%c9%99dir\/#primaryimage"},"thumbnailUrl":"https:\/\/www.meydan.tv\/wp-content\/uploads\/img_2354-e1714737153757.jpg","datePublished":"2025-03-06T09:35:53+00:00","dateModified":"2025-03-06T09:35:56+00:00","breadcrumb":{"@id":"https:\/\/www.meydan.tv\/az\/article\/az%c9%99rbaycan-h%c9%99bsd%c9%99-olan-jurnalist-sayina-gor%c9%99-ikinci-yerd%c9%99dir\/#breadcrumb"},"inLanguage":"az","potentialAction":[{"@type":"ReadAction","target":["https:\/\/www.meydan.tv\/az\/article\/az%c9%99rbaycan-h%c9%99bsd%c9%99-olan-jurnalist-sayina-gor%c9%99-ikinci-yerd%c9%99dir\/"]}]},{"@type":"ImageObject","inLanguage":"az","@id":"https:\/\/www.meydan.tv\/az\/article\/az%c9%99rbaycan-h%c9%99bsd%c9%99-olan-jurnalist-sayina-gor%c9%99-ikinci-yerd%c9%99dir\/#primaryimage","url":"https:\/\/www.meydan.tv\/wp-content\/uploads\/img_2354-e1714737153757.jpg","contentUrl":"https:\/\/www.meydan.tv\/wp-content\/uploads\/img_2354-e1714737153757.jpg","width":1200,"height":484,"caption":"H\u0259bs edil\u0259n jurnalistl\u0259r v\u0259 f\u0259allar. Foto: Meydan TV"},{"@type":"BreadcrumbList","@id":"https:\/\/www.meydan.tv\/az\/article\/az%c9%99rbaycan-h%c9%99bsd%c9%99-olan-jurnalist-sayina-gor%c9%99-ikinci-yerd%c9%99dir\/#breadcrumb","itemListElement":[{"@type":"ListItem","position":1,"name":"Ana s\u0259hif\u0259","item":"https:\/\/www.meydan.tv\/az\/"},{"@type":"ListItem","position":2,"name":"Siyas\u0259t","item":"https:\/\/www.meydan.tv\/az\/section\/siyaset\/"},{"@type":"ListItem","position":3,"name":"Az\u0259rbaycan h\u0259bsd\u0259 olan jurnalist say\u0131na g\u00f6r\u0259 ikinci yerd\u0259dir"}]},{"@type":"WebSite","@id":"https:\/\/www.meydan.tv\/az\/#website","url":"https:\/\/www.meydan.tv\/az\/","name":"MEYDAN.TV","description":"Meydan TV Az\u0259rbaycan\u0131n media m\u0259kan\u0131ndak\u0131 alternativ s\u0259sidir","publisher":{"@id":"https:\/\/www.meydan.tv\/az\/#organization"},"potentialAction":[{"@type":"SearchAction","target":{"@type":"EntryPoint","urlTemplate":"https:\/\/www.meydan.tv\/az\/?s={search_term_string}"},"query-input":{"@type":"PropertyValueSpecification","valueRequired":true,"valueName":"search_term_string"}}],"inLanguage":"az"},{"@type":"Organization","@id":"https:\/\/www.meydan.tv\/az\/#organization","name":"Meydan TV","url":"https:\/\/www.meydan.tv\/az\/","logo":{"@type":"ImageObject","inLanguage":"az","@id":"https:\/\/www.meydan.tv\/az\/#\/schema\/logo\/image\/","url":"https:\/\/www.meydan.tv\/wp-content\/uploads\/2021\/07\/meydan-logo.svg","contentUrl":"https:\/\/www.meydan.tv\/wp-content\/uploads\/2021\/07\/meydan-logo.svg","width":195,"height":46,"caption":"Meydan TV"},"image":{"@id":"https:\/\/www.meydan.tv\/az\/#\/schema\/logo\/image\/"}},{"@type":"Person","@id":"https:\/\/www.meydan.tv\/az\/#\/schema\/person\/09863e516102a829e72bedcf3f84c6b0","name":"mahmud"}]}},"_links":{"self":[{"href":"https:\/\/www.meydan.tv\/az\/wp-json\/wp\/v2\/posts\/327334","targetHints":{"allow":["GET"]}}],"collection":[{"href":"https:\/\/www.meydan.tv\/az\/wp-json\/wp\/v2\/posts"}],"about":[{"href":"https:\/\/www.meydan.tv\/az\/wp-json\/wp\/v2\/types\/post"}],"author":[{"embeddable":true,"href":"https:\/\/www.meydan.tv\/az\/wp-json\/wp\/v2\/users\/21"}],"replies":[{"embeddable":true,"href":"https:\/\/www.meydan.tv\/az\/wp-json\/wp\/v2\/comments?post=327334"}],"version-history":[{"count":1,"href":"https:\/\/www.meydan.tv\/az\/wp-json\/wp\/v2\/posts\/327334\/revisions"}],"predecessor-version":[{"id":327335,"href":"https:\/\/www.meydan.tv\/az\/wp-json\/wp\/v2\/posts\/327334\/revisions\/327335"}],"wp:featuredmedia":[{"embeddable":true,"href":"https:\/\/www.meydan.tv\/az\/wp-json\/wp\/v2\/media\/305005"}],"wp:attachment":[{"href":"https:\/\/www.meydan.tv\/az\/wp-json\/wp\/v2\/media?parent=327334"}],"wp:term":[{"taxonomy":"category","embeddable":true,"href":"https:\/\/www.meydan.tv\/az\/wp-json\/wp\/v2\/categories?post=327334"},{"taxonomy":"post_tag","embeddable":true,"href":"https:\/\/www.meydan.tv\/az\/wp-json\/wp\/v2\/tags?post=327334"}],"curies":[{"name":"wp","href":"https:\/\/api.w.org\/{rel}","templated":true}]}}