{"id":327331,"date":"2025-03-06T13:03:44","date_gmt":"2025-03-06T09:03:44","guid":{"rendered":"https:\/\/www.meydan.tv\/?p=327331"},"modified":"2025-03-06T13:03:47","modified_gmt":"2025-03-06T09:03:47","slug":"agadadas-agayev%c9%99-hokm-oxunub","status":"publish","type":"post","link":"https:\/\/www.meydan.tv\/az\/article\/agadadas-agayev%c9%99-hokm-oxunub\/","title":{"rendered":"A\u011fadada\u015f A\u011fayev\u0259 h\u00f6km oxunub"},"content":{"rendered":"\n<p><\/p>\n\n\n\n<p><strong><em>Xalq artistin\u0259 qar\u015f\u0131 xuliqanl\u0131qda ittiham olunan \u201cMedera Hospital\u0131\u201dn m\u00fchafiz\u0259\u00e7isin\u0259 d\u0259 c\u0259za verilib<\/em><\/strong><\/p>\n\n\n\n<p>Xuliqanl\u0131qda ittiham olunan Xalq artisti, m\u00fc\u011f\u0259nni A\u011fadada\u015f A\u011fayevin i\u015fi \u00fczr\u0259 m\u0259hk\u0259m\u0259 prosesi yekunla\u015f\u0131b.<\/p>\n\n\n\n<p>Bin\u0259q\u0259di Rayon M\u0259hk\u0259m\u0259sind\u0259 ke\u00e7iril\u0259n iclasda ona h\u00f6km oxunub.<\/p>\n\n\n\n<p>H\u00f6km\u0259 \u0259sas\u0259n, A\u011fadada\u015f A\u011fayev\u0259 2 il azadl\u0131qdan m\u0259hrumetm\u0259 c\u0259zas\u0131 t\u0259yin edilib. Cinay\u0259t M\u0259c\u0259ll\u0259sinin 70-ci (\u015f\u0259rti m\u0259hkum etm\u0259) madd\u0259si t\u0259tbiq edilm\u0259kl\u0259, 1 il s\u0131naq m\u00fcdd\u0259ti t\u0259yin olunub v\u0259 c\u0259za \u015f\u0259rti hesab olunub.<\/p>\n\n\n\n<p>A\u011fadada\u015f A\u011fayev h\u00f6kmd\u0259n apellyasiya \u015fikay\u0259ti ver\u0259c\u0259yini deyib.<\/p>\n\n\n\n<p>A\u011fadada\u015f A\u011fayev\u0259 qar\u015f\u0131 xuliqanl\u0131qda ittiham olunan \u201cMedera Hospital\u0131\u201dn m\u00fchafiz\u0259\u00e7isi Nur\u0259ddin C\u0259lilova da h\u00f6km oxunub.<\/p>\n\n\n\n<p>H\u00f6km\u0259 \u0259sas\u0259n, t\u0259qsirl\u0259ndiril\u0259n N\u00fcr\u0259ddin C\u0259lilov 2 il 6 ay m\u00fcdd\u0259tin\u0259 azadl\u0131qdan m\u0259hrum etm\u0259 c\u0259zas\u0131na m\u0259hkum edilib. Cinay\u0259t M\u0259c\u0259ll\u0259sinin 70-ci (\u015f\u0259rti m\u0259hkum etm\u0259) madd\u0259si t\u0259tbiq edilm\u0259kl\u0259, c\u0259za \u015f\u0259rti hesab olunub, 2 il s\u0131naq m\u00fcdd\u0259ti t\u0259yin edilib.<\/p>\n\n\n\n<p>2024-c\u00fc ilin iyulun22-d\u0259 Xalq artisti A\u011fadada\u015f A\u011fayevl\u0259 \u201cMedera Hospital\u201d\u0131n m\u00fchafiz\u0259\u00e7isi Nur\u0259ddin C\u0259lilov aras\u0131nda insident ba\u015f verib. A\u011fadada\u015f A\u011fayev m\u00fcbahis\u0259 etdiyi m\u00fchafiz\u0259\u00e7iy\u0259 balta at\u0131b, balta klinikada \u00e7al\u0131\u015fan N. Pa\u015fayevan\u0131n ayaq nahiy\u0259sin\u0259 d\u0259yib.<\/p>\n\n\n\n<p>M\u00fchafiz\u0259\u00e7i Nur\u0259ddin C\u0259lilov is\u0259 Xalq artistini d\u00f6y\u00fcb.<\/p>\n\n\n\n<p>A\u011fadada\u015f A\u011fayev \u201cMedera Hospital\u201d\u0131 m\u00fclki h\u00fcquq pozuntular\u0131ndan yaranan \u00f6hd\u0259likl\u0259r \u00fczr\u0259 m\u00fcbahis\u0259l\u0259r &#8211; m\u0259n\u0259vi z\u0259r\u0259rin \u00f6d\u0259nilm\u0259si \u00fc\u00e7\u00fcn m\u0259hk\u0259m\u0259y\u0259 verib.<\/p>\n\n\n\n<p>\u00d6z n\u00f6vb\u0259sind\u0259, \u201cMedera Hospital\u201d\u0131n r\u0259hb\u0259ri Qaraxan \u018fliyev d\u0259 A\u011fadada\u015f A\u011fayev\u0259 qar\u015f\u0131 iddia qald\u0131r\u0131b.<\/p>\n\n\n\n<p>M\u00fc\u011f\u0259nni m\u0259n\u0259vi ziyana g\u00f6r\u0259 klinikadan 450 min manata yax\u0131n, hospital is\u0259 A\u011fadada\u015f A\u011fayevd\u0259n 500 min manat pul t\u0259l\u0259b edib.<\/p>\n\n\n\n<p>2025-ci il yanvar\u0131n 8-d\u0259 Xalq artisti A\u011fadada\u015f A\u011fayevl\u0259 hospital, m\u00fchafiz\u0259\u00e7i v\u0259 xadim\u0259 aras\u0131nda bar\u0131\u015f\u0131q olub.<\/p>\n\n\n\n<p>Daha sonra Bin\u0259q\u0259di Rayon M\u0259hk\u0259m\u0259sind\u0259 ke\u00e7iril\u0259n prosesd\u0259 m\u0259hk\u0259m\u0259 Xalq artisti A\u011fadada\u015f A\u011fayevin \u201cMedera Hospital\u201da qar\u015f\u0131 m\u00fclki iddias\u0131na xitam verilm\u0259si bar\u0259d\u0259 q\u0259rar \u00e7\u0131xar\u0131b.<\/p>\n","protected":false},"excerpt":{"rendered":"<p>Xalq artistin\u0259 qar\u015f\u0131 xuliqanl\u0131qda ittiham olunan \u201cMedera Hospital\u0131\u201dn m\u00fchafiz\u0259\u00e7isin\u0259 d\u0259 &#8230; <\/p>\n<p class=\"read-more-container\"><a title=\"A\u011fadada\u015f A\u011fayev\u0259 h\u00f6km oxunub\" class=\"read-more button\" href=\"https:\/\/www.meydan.tv\/az\/article\/agadadas-agayev%c9%99-hokm-oxunub\/#more-327331\" aria-label=\"Read more about A\u011fadada\u015f A\u011fayev\u0259 h\u00f6km oxunub\">Davam\u0131<\/a><\/p>\n","protected":false},"author":21,"featured_media":321691,"comment_status":"closed","ping_status":"closed","sticky":false,"template":"","format":"standard","meta":{"_acf_changed":false,"_sitemap_exclude":false,"_sitemap_priority":"","_sitemap_frequency":"","footnotes":""},"categories":[62,56],"tags":[],"class_list":["post-327331","post","type-post","status-publish","format-standard","has-post-thumbnail","hentry","category-sosial","category-xeberler","infinite-scroll-item","generate-columns","tablet-grid-50","mobile-grid-100","grid-parent","grid-33","no-featured-image-padding"],"acf":[],"yoast_head":"<!-- This site is optimized with the Yoast SEO plugin v27.4 - https:\/\/yoast.com\/product\/yoast-seo-wordpress\/ -->\n<title>A\u011fadada\u015f A\u011fayev\u0259 h\u00f6km oxunub - MEYDAN.TV<\/title>\n<meta name=\"robots\" content=\"index, follow, max-snippet:-1, max-image-preview:large, max-video-preview:-1\" \/>\n<link rel=\"canonical\" href=\"https:\/\/www.meydan.tv\/az\/article\/agadadas-agayev%c9%99-hokm-oxunub\/\" \/>\n<meta property=\"og:locale\" content=\"az_AZ\" \/>\n<meta property=\"og:type\" content=\"article\" \/>\n<meta property=\"og:title\" content=\"A\u011fadada\u015f A\u011fayev\u0259 h\u00f6km oxunub - MEYDAN.TV\" \/>\n<meta property=\"og:description\" content=\"Xalq artistin\u0259 qar\u015f\u0131 xuliqanl\u0131qda ittiham olunan \u201cMedera Hospital\u0131\u201dn m\u00fchafiz\u0259\u00e7isin\u0259 d\u0259 ... Davam\u0131\" \/>\n<meta property=\"og:url\" content=\"https:\/\/www.meydan.tv\/az\/article\/agadadas-agayev%c9%99-hokm-oxunub\/\" \/>\n<meta property=\"og:site_name\" content=\"MEYDAN.TV\" \/>\n<meta property=\"article:published_time\" content=\"2025-03-06T09:03:44+00:00\" \/>\n<meta property=\"article:modified_time\" content=\"2025-03-06T09:03:47+00:00\" \/>\n<meta property=\"og:image\" content=\"https:\/\/www.meydan.tv\/wp-content\/uploads\/screenshot_2024-11-28_at_12.41.52.png\" \/>\n\t<meta property=\"og:image:width\" content=\"2076\" \/>\n\t<meta property=\"og:image:height\" content=\"1000\" \/>\n\t<meta property=\"og:image:type\" content=\"image\/png\" \/>\n<meta name=\"author\" content=\"mahmud\" \/>\n<meta name=\"twitter:card\" content=\"summary_large_image\" \/>\n<script type=\"application\/ld+json\" class=\"yoast-schema-graph\">{\"@context\":\"https:\\\/\\\/schema.org\",\"@graph\":[{\"@type\":\"Article\",\"@id\":\"https:\\\/\\\/www.meydan.tv\\\/az\\\/article\\\/agadadas-agayev%c9%99-hokm-oxunub\\\/#article\",\"isPartOf\":{\"@id\":\"https:\\\/\\\/www.meydan.tv\\\/az\\\/article\\\/agadadas-agayev%c9%99-hokm-oxunub\\\/\"},\"author\":{\"name\":\"mahmud\",\"@id\":\"https:\\\/\\\/www.meydan.tv\\\/az\\\/#\\\/schema\\\/person\\\/09863e516102a829e72bedcf3f84c6b0\"},\"headline\":\"A\u011fadada\u015f A\u011fayev\u0259 h\u00f6km oxunub\",\"datePublished\":\"2025-03-06T09:03:44+00:00\",\"dateModified\":\"2025-03-06T09:03:47+00:00\",\"mainEntityOfPage\":{\"@id\":\"https:\\\/\\\/www.meydan.tv\\\/az\\\/article\\\/agadadas-agayev%c9%99-hokm-oxunub\\\/\"},\"wordCount\":420,\"publisher\":{\"@id\":\"https:\\\/\\\/www.meydan.tv\\\/az\\\/#organization\"},\"image\":{\"@id\":\"https:\\\/\\\/www.meydan.tv\\\/az\\\/article\\\/agadadas-agayev%c9%99-hokm-oxunub\\\/#primaryimage\"},\"thumbnailUrl\":\"https:\\\/\\\/www.meydan.tv\\\/wp-content\\\/uploads\\\/screenshot_2024-11-28_at_12.41.52.png\",\"articleSection\":[\"Sosial\",\"X\u0259b\u0259rl\u0259r\"],\"inLanguage\":\"az\"},{\"@type\":\"WebPage\",\"@id\":\"https:\\\/\\\/www.meydan.tv\\\/az\\\/article\\\/agadadas-agayev%c9%99-hokm-oxunub\\\/\",\"url\":\"https:\\\/\\\/www.meydan.tv\\\/az\\\/article\\\/agadadas-agayev%c9%99-hokm-oxunub\\\/\",\"name\":\"A\u011fadada\u015f A\u011fayev\u0259 h\u00f6km oxunub - MEYDAN.TV\",\"isPartOf\":{\"@id\":\"https:\\\/\\\/www.meydan.tv\\\/az\\\/#website\"},\"primaryImageOfPage\":{\"@id\":\"https:\\\/\\\/www.meydan.tv\\\/az\\\/article\\\/agadadas-agayev%c9%99-hokm-oxunub\\\/#primaryimage\"},\"image\":{\"@id\":\"https:\\\/\\\/www.meydan.tv\\\/az\\\/article\\\/agadadas-agayev%c9%99-hokm-oxunub\\\/#primaryimage\"},\"thumbnailUrl\":\"https:\\\/\\\/www.meydan.tv\\\/wp-content\\\/uploads\\\/screenshot_2024-11-28_at_12.41.52.png\",\"datePublished\":\"2025-03-06T09:03:44+00:00\",\"dateModified\":\"2025-03-06T09:03:47+00:00\",\"breadcrumb\":{\"@id\":\"https:\\\/\\\/www.meydan.tv\\\/az\\\/article\\\/agadadas-agayev%c9%99-hokm-oxunub\\\/#breadcrumb\"},\"inLanguage\":\"az\",\"potentialAction\":[{\"@type\":\"ReadAction\",\"target\":[\"https:\\\/\\\/www.meydan.tv\\\/az\\\/article\\\/agadadas-agayev%c9%99-hokm-oxunub\\\/\"]}]},{\"@type\":\"ImageObject\",\"inLanguage\":\"az\",\"@id\":\"https:\\\/\\\/www.meydan.tv\\\/az\\\/article\\\/agadadas-agayev%c9%99-hokm-oxunub\\\/#primaryimage\",\"url\":\"https:\\\/\\\/www.meydan.tv\\\/wp-content\\\/uploads\\\/screenshot_2024-11-28_at_12.41.52.png\",\"contentUrl\":\"https:\\\/\\\/www.meydan.tv\\\/wp-content\\\/uploads\\\/screenshot_2024-11-28_at_12.41.52.png\",\"width\":2076,\"height\":1000,\"caption\":\"A\u011fadada\u015f A\u011fayev m\u0259hk\u0259m\u0259d\u0259. Foto: Meydan TV\"},{\"@type\":\"BreadcrumbList\",\"@id\":\"https:\\\/\\\/www.meydan.tv\\\/az\\\/article\\\/agadadas-agayev%c9%99-hokm-oxunub\\\/#breadcrumb\",\"itemListElement\":[{\"@type\":\"ListItem\",\"position\":1,\"name\":\"Ana s\u0259hif\u0259\",\"item\":\"https:\\\/\\\/www.meydan.tv\\\/az\\\/\"},{\"@type\":\"ListItem\",\"position\":2,\"name\":\"Sosial\",\"item\":\"https:\\\/\\\/www.meydan.tv\\\/az\\\/section\\\/sosial\\\/\"},{\"@type\":\"ListItem\",\"position\":3,\"name\":\"A\u011fadada\u015f A\u011fayev\u0259 h\u00f6km oxunub\"}]},{\"@type\":\"WebSite\",\"@id\":\"https:\\\/\\\/www.meydan.tv\\\/az\\\/#website\",\"url\":\"https:\\\/\\\/www.meydan.tv\\\/az\\\/\",\"name\":\"MEYDAN.TV\",\"description\":\"Meydan TV Az\u0259rbaycan\u0131n media m\u0259kan\u0131ndak\u0131 alternativ s\u0259sidir\",\"publisher\":{\"@id\":\"https:\\\/\\\/www.meydan.tv\\\/az\\\/#organization\"},\"potentialAction\":[{\"@type\":\"SearchAction\",\"target\":{\"@type\":\"EntryPoint\",\"urlTemplate\":\"https:\\\/\\\/www.meydan.tv\\\/az\\\/?s={search_term_string}\"},\"query-input\":{\"@type\":\"PropertyValueSpecification\",\"valueRequired\":true,\"valueName\":\"search_term_string\"}}],\"inLanguage\":\"az\"},{\"@type\":\"Organization\",\"@id\":\"https:\\\/\\\/www.meydan.tv\\\/az\\\/#organization\",\"name\":\"Meydan TV\",\"url\":\"https:\\\/\\\/www.meydan.tv\\\/az\\\/\",\"logo\":{\"@type\":\"ImageObject\",\"inLanguage\":\"az\",\"@id\":\"https:\\\/\\\/www.meydan.tv\\\/az\\\/#\\\/schema\\\/logo\\\/image\\\/\",\"url\":\"https:\\\/\\\/www.meydan.tv\\\/wp-content\\\/uploads\\\/2021\\\/07\\\/meydan-logo.svg\",\"contentUrl\":\"https:\\\/\\\/www.meydan.tv\\\/wp-content\\\/uploads\\\/2021\\\/07\\\/meydan-logo.svg\",\"width\":195,\"height\":46,\"caption\":\"Meydan TV\"},\"image\":{\"@id\":\"https:\\\/\\\/www.meydan.tv\\\/az\\\/#\\\/schema\\\/logo\\\/image\\\/\"}},{\"@type\":\"Person\",\"@id\":\"https:\\\/\\\/www.meydan.tv\\\/az\\\/#\\\/schema\\\/person\\\/09863e516102a829e72bedcf3f84c6b0\",\"name\":\"mahmud\"}]}<\/script>\n<!-- \/ Yoast SEO plugin. -->","yoast_head_json":{"title":"A\u011fadada\u015f A\u011fayev\u0259 h\u00f6km oxunub - MEYDAN.TV","robots":{"index":"index","follow":"follow","max-snippet":"max-snippet:-1","max-image-preview":"max-image-preview:large","max-video-preview":"max-video-preview:-1"},"canonical":"https:\/\/www.meydan.tv\/az\/article\/agadadas-agayev%c9%99-hokm-oxunub\/","og_locale":"az_AZ","og_type":"article","og_title":"A\u011fadada\u015f A\u011fayev\u0259 h\u00f6km oxunub - MEYDAN.TV","og_description":"Xalq artistin\u0259 qar\u015f\u0131 xuliqanl\u0131qda ittiham olunan \u201cMedera Hospital\u0131\u201dn m\u00fchafiz\u0259\u00e7isin\u0259 d\u0259 ... Davam\u0131","og_url":"https:\/\/www.meydan.tv\/az\/article\/agadadas-agayev%c9%99-hokm-oxunub\/","og_site_name":"MEYDAN.TV","article_published_time":"2025-03-06T09:03:44+00:00","article_modified_time":"2025-03-06T09:03:47+00:00","og_image":[{"width":2076,"height":1000,"url":"https:\/\/www.meydan.tv\/wp-content\/uploads\/screenshot_2024-11-28_at_12.41.52.png","type":"image\/png"}],"author":"mahmud","twitter_card":"summary_large_image","schema":{"@context":"https:\/\/schema.org","@graph":[{"@type":"Article","@id":"https:\/\/www.meydan.tv\/az\/article\/agadadas-agayev%c9%99-hokm-oxunub\/#article","isPartOf":{"@id":"https:\/\/www.meydan.tv\/az\/article\/agadadas-agayev%c9%99-hokm-oxunub\/"},"author":{"name":"mahmud","@id":"https:\/\/www.meydan.tv\/az\/#\/schema\/person\/09863e516102a829e72bedcf3f84c6b0"},"headline":"A\u011fadada\u015f A\u011fayev\u0259 h\u00f6km oxunub","datePublished":"2025-03-06T09:03:44+00:00","dateModified":"2025-03-06T09:03:47+00:00","mainEntityOfPage":{"@id":"https:\/\/www.meydan.tv\/az\/article\/agadadas-agayev%c9%99-hokm-oxunub\/"},"wordCount":420,"publisher":{"@id":"https:\/\/www.meydan.tv\/az\/#organization"},"image":{"@id":"https:\/\/www.meydan.tv\/az\/article\/agadadas-agayev%c9%99-hokm-oxunub\/#primaryimage"},"thumbnailUrl":"https:\/\/www.meydan.tv\/wp-content\/uploads\/screenshot_2024-11-28_at_12.41.52.png","articleSection":["Sosial","X\u0259b\u0259rl\u0259r"],"inLanguage":"az"},{"@type":"WebPage","@id":"https:\/\/www.meydan.tv\/az\/article\/agadadas-agayev%c9%99-hokm-oxunub\/","url":"https:\/\/www.meydan.tv\/az\/article\/agadadas-agayev%c9%99-hokm-oxunub\/","name":"A\u011fadada\u015f A\u011fayev\u0259 h\u00f6km oxunub - MEYDAN.TV","isPartOf":{"@id":"https:\/\/www.meydan.tv\/az\/#website"},"primaryImageOfPage":{"@id":"https:\/\/www.meydan.tv\/az\/article\/agadadas-agayev%c9%99-hokm-oxunub\/#primaryimage"},"image":{"@id":"https:\/\/www.meydan.tv\/az\/article\/agadadas-agayev%c9%99-hokm-oxunub\/#primaryimage"},"thumbnailUrl":"https:\/\/www.meydan.tv\/wp-content\/uploads\/screenshot_2024-11-28_at_12.41.52.png","datePublished":"2025-03-06T09:03:44+00:00","dateModified":"2025-03-06T09:03:47+00:00","breadcrumb":{"@id":"https:\/\/www.meydan.tv\/az\/article\/agadadas-agayev%c9%99-hokm-oxunub\/#breadcrumb"},"inLanguage":"az","potentialAction":[{"@type":"ReadAction","target":["https:\/\/www.meydan.tv\/az\/article\/agadadas-agayev%c9%99-hokm-oxunub\/"]}]},{"@type":"ImageObject","inLanguage":"az","@id":"https:\/\/www.meydan.tv\/az\/article\/agadadas-agayev%c9%99-hokm-oxunub\/#primaryimage","url":"https:\/\/www.meydan.tv\/wp-content\/uploads\/screenshot_2024-11-28_at_12.41.52.png","contentUrl":"https:\/\/www.meydan.tv\/wp-content\/uploads\/screenshot_2024-11-28_at_12.41.52.png","width":2076,"height":1000,"caption":"A\u011fadada\u015f A\u011fayev m\u0259hk\u0259m\u0259d\u0259. Foto: Meydan TV"},{"@type":"BreadcrumbList","@id":"https:\/\/www.meydan.tv\/az\/article\/agadadas-agayev%c9%99-hokm-oxunub\/#breadcrumb","itemListElement":[{"@type":"ListItem","position":1,"name":"Ana s\u0259hif\u0259","item":"https:\/\/www.meydan.tv\/az\/"},{"@type":"ListItem","position":2,"name":"Sosial","item":"https:\/\/www.meydan.tv\/az\/section\/sosial\/"},{"@type":"ListItem","position":3,"name":"A\u011fadada\u015f A\u011fayev\u0259 h\u00f6km oxunub"}]},{"@type":"WebSite","@id":"https:\/\/www.meydan.tv\/az\/#website","url":"https:\/\/www.meydan.tv\/az\/","name":"MEYDAN.TV","description":"Meydan TV Az\u0259rbaycan\u0131n media m\u0259kan\u0131ndak\u0131 alternativ s\u0259sidir","publisher":{"@id":"https:\/\/www.meydan.tv\/az\/#organization"},"potentialAction":[{"@type":"SearchAction","target":{"@type":"EntryPoint","urlTemplate":"https:\/\/www.meydan.tv\/az\/?s={search_term_string}"},"query-input":{"@type":"PropertyValueSpecification","valueRequired":true,"valueName":"search_term_string"}}],"inLanguage":"az"},{"@type":"Organization","@id":"https:\/\/www.meydan.tv\/az\/#organization","name":"Meydan TV","url":"https:\/\/www.meydan.tv\/az\/","logo":{"@type":"ImageObject","inLanguage":"az","@id":"https:\/\/www.meydan.tv\/az\/#\/schema\/logo\/image\/","url":"https:\/\/www.meydan.tv\/wp-content\/uploads\/2021\/07\/meydan-logo.svg","contentUrl":"https:\/\/www.meydan.tv\/wp-content\/uploads\/2021\/07\/meydan-logo.svg","width":195,"height":46,"caption":"Meydan TV"},"image":{"@id":"https:\/\/www.meydan.tv\/az\/#\/schema\/logo\/image\/"}},{"@type":"Person","@id":"https:\/\/www.meydan.tv\/az\/#\/schema\/person\/09863e516102a829e72bedcf3f84c6b0","name":"mahmud"}]}},"_links":{"self":[{"href":"https:\/\/www.meydan.tv\/az\/wp-json\/wp\/v2\/posts\/327331","targetHints":{"allow":["GET"]}}],"collection":[{"href":"https:\/\/www.meydan.tv\/az\/wp-json\/wp\/v2\/posts"}],"about":[{"href":"https:\/\/www.meydan.tv\/az\/wp-json\/wp\/v2\/types\/post"}],"author":[{"embeddable":true,"href":"https:\/\/www.meydan.tv\/az\/wp-json\/wp\/v2\/users\/21"}],"replies":[{"embeddable":true,"href":"https:\/\/www.meydan.tv\/az\/wp-json\/wp\/v2\/comments?post=327331"}],"version-history":[{"count":1,"href":"https:\/\/www.meydan.tv\/az\/wp-json\/wp\/v2\/posts\/327331\/revisions"}],"predecessor-version":[{"id":327332,"href":"https:\/\/www.meydan.tv\/az\/wp-json\/wp\/v2\/posts\/327331\/revisions\/327332"}],"wp:featuredmedia":[{"embeddable":true,"href":"https:\/\/www.meydan.tv\/az\/wp-json\/wp\/v2\/media\/321691"}],"wp:attachment":[{"href":"https:\/\/www.meydan.tv\/az\/wp-json\/wp\/v2\/media?parent=327331"}],"wp:term":[{"taxonomy":"category","embeddable":true,"href":"https:\/\/www.meydan.tv\/az\/wp-json\/wp\/v2\/categories?post=327331"},{"taxonomy":"post_tag","embeddable":true,"href":"https:\/\/www.meydan.tv\/az\/wp-json\/wp\/v2\/tags?post=327331"}],"curies":[{"name":"wp","href":"https:\/\/api.w.org\/{rel}","templated":true}]}}