{"id":327312,"date":"2025-03-05T17:52:47","date_gmt":"2025-03-05T13:52:47","guid":{"rendered":"https:\/\/www.meydan.tv\/?p=327312"},"modified":"2025-03-05T17:52:49","modified_gmt":"2025-03-05T13:52:49","slug":"musavat-partiyasinin-basqanligina-kecmis-namiz%c9%99di-q%c9%99tl%c9%99-yetirm%c9%99kd%c9%99-ittiham-olunan-s%c9%99xs%c9%99-c%c9%99za-ist%c9%99nilib","status":"publish","type":"post","link":"https:\/\/www.meydan.tv\/az\/article\/musavat-partiyasinin-basqanligina-kecmis-namiz%c9%99di-q%c9%99tl%c9%99-yetirm%c9%99kd%c9%99-ittiham-olunan-s%c9%99xs%c9%99-c%c9%99za-ist%c9%99nilib\/","title":{"rendered":"M\u00fcsavat Partiyas\u0131n\u0131n ba\u015fqanl\u0131\u011f\u0131na ke\u00e7mi\u015f namiz\u0259di q\u0259tl\u0259 yetirm\u0259kd\u0259 ittiham olunan \u015f\u0259xs\u0259 c\u0259za ist\u0259nilib"},"content":{"rendered":"\n<p><\/p>\n\n\n\n<p><strong><em>D\u00f6vl\u0259t ittiham\u00e7\u0131s\u0131 onun 20 il m\u00fcdd\u0259tin\u0259 azadl\u0131qdan m\u0259hrum edilm\u0259sini ist\u0259yib<\/em><\/strong><\/p>\n\n\n\n<p>M\u00fcsavat Partiyas\u0131n\u0131n ba\u015fqanl\u0131\u011f\u0131na ke\u00e7mi\u015f namiz\u0259d Natiq Mehdini q\u0259tl\u0259 yetirm\u0259kd\u0259 ittiham olunan, Bak\u0131n\u0131n X\u0259tai rayonunda yerl\u0259\u015f\u0259n 55 sayl\u0131 orta m\u0259kt\u0259bin direktor m\u00fcavini Elsev\u0259r \u0130slamovun inay\u0259t i\u015fi \u00fczr\u0259 m\u0259hk\u0259m\u0259 prosesi davam etdirilib.<\/p>\n\n\n\n<p>Bu g\u00fcn Bak\u0131 A\u011f\u0131r Cinay\u0259tl\u0259r M\u0259hk\u0259m\u0259sind\u0259 hakim Elmin R\u00fcst\u0259movun s\u0259drliyi il\u0259 ke\u00e7iril\u0259n prosesd\u0259 t\u0259qsirl\u0259ndiril\u0259n \u015f\u0259xs m\u00fcdafi\u0259\u00e7inin suallar\u0131n\u0131 cavabland\u0131r\u0131b.<\/p>\n\n\n\n<p>O bildirib ki, q\u0259tl zaman\u0131 istifad\u0259 olunan b\u0131\u00e7a\u011f\u0131n yerini polis\u0259 \u00f6z\u00fc deyib:<\/p>\n\n\n\n<p><em>&#8220;M\u0259nd\u0259n soru\u015fdular ki, b\u0131\u00e7aq han\u0131? Dedim ki, ma\u015f\u0131n\u0131mdad\u0131r. Ma\u015f\u0131n\u0131n a\u00e7ar\u0131n\u0131n penc\u0259yimin cibind\u0259 oldu\u011funu s\u00f6yl\u0259dim. Hadis\u0259 yerind\u0259 olan qan\u0131 m\u0259n t\u0259mizl\u0259mi\u015fdim. Hadis\u0259 il\u0259 ba\u011fl\u0131 he\u00e7 kim\u0259 x\u0259b\u0259r verm\u0259mi\u015fdim. Amma cinay\u0259td\u0259n narahat olmu\u015fdum&#8221;.<\/em><\/p>\n\n\n\n<p>Z\u0259r\u0259r\u00e7\u0259k\u0259n \u015f\u0259xsin v\u0259kili v\u0259sat\u0259t ver\u0259r\u0259k t\u0259qsirl\u0259ndiril\u0259n \u015f\u0259xsin ittiham oldundu\u011fu madd\u0259l\u0259rin a\u011f\u0131rla\u015fd\u0131r\u0131mas\u0131n\u0131 xahi\u015f edib.<\/p>\n\n\n\n<p>M\u0259hk\u0259m\u0259 v\u0259sat\u0259ti t\u0259min etm\u0259yib.<\/p>\n\n\n\n<p>Daha sonra m\u0259hk\u0259m\u0259 istintaq\u0131n\u0131n yekunla\u015fd\u0131\u011f\u0131 elan olunub.<\/p>\n\n\n\n<p>D\u00f6vl\u0259t ittiham\u00e7\u0131s\u0131 Elsev\u0259r \u0130slamovun 3 il m\u00fcdd\u0259tin\u0259 m\u00fc\u0259yy\u0259n v\u0259zif\u0259 tutmaq h\u00fcququndan m\u0259hrum edilm\u0259kl\u0259, 20 il m\u00fcdd\u0259tin\u0259 azadl\u0131qdan m\u0259hrum edilm\u0259sini ist\u0259yib.<\/p>\n\n\n\n<p>Bundan sonra m\u0259hk\u0259m\u0259d\u0259 \u00e7\u0131x\u0131\u015f ed\u0259n z\u0259r\u0259r\u00e7\u0259k\u0259nin h\u00fcquqi varisi olan bac\u0131s\u0131 \u0259dal\u0259tli h\u00f6km verilm\u0259sini xahi\u015f edib:<\/p>\n\n\n\n<p><em>&#8220;Elsev\u0259r \u0130slamov h\u0259bsd\u0259n \u00e7\u0131xmamal\u0131d\u0131r. M\u0259n qarda\u015f\u0131m\u0131n bel\u0259 \u00f6ld\u00fcr\u00fclm\u0259sini t\u0259s\u0259vv\u00fcr bel\u0259 ed\u0259 bilm\u0259zdim. O, qarda\u015f\u0131m\u0131 \u00f6ld\u00fcr\u0259r\u0259k meyiti \u00fcz\u0259rind\u0259 a\u011flas\u0131\u011fmaz h\u0259r\u0259k\u0259tl\u0259r edib. Sizd\u0259n \u0259dal\u0259tli q\u0259rar verm\u0259yinizi xahi\u015f edir\u0259m&#8221;.<\/em><\/p>\n\n\n\n<p>Z\u0259r\u0259r\u00e7\u0259k\u0259nin v\u0259kili Nem\u0259t K\u0259rimli t\u0259qsirl\u0259ndiril\u0259n \u015f\u0259xs\u0259 ist\u0259nil\u0259n c\u0259zadan naraz\u0131 oldu\u011funu bildirib:<\/p>\n\n\n\n<p><em>&#8220;T\u0259qsirl\u0259ndiril\u0259n \u015f\u0259xs Natiq Mehdini d\u00f6y\u00fcb, hu\u015funu itir\u0259nd\u0259n sonra b\u0131\u00e7aqlayaraq \u00f6ld\u00fcr\u00fcb v\u0259 bununla da kifay\u0259tl\u0259nm\u0259y\u0259r\u0259k cinsiyy\u0259t orqan\u0131n\u0131 k\u0259sib. M\u0259n hesab edir\u0259m ki, bu, manyakl\u0131qd\u0131r. Ona g\u00f6r\u0259 sizd\u0259n xahi\u015f edir\u0259m ki, ona \u00f6mrl\u00fck c\u0259za t\u0259yin edilsin&#8221;.<\/em><\/p>\n\n\n\n<p>T\u0259qsirl\u0259ndiril\u0259n \u015f\u0259xsin v\u0259kili \u00e7\u0131x\u0131\u015f \u00fc\u00e7\u00fcn vaxt ist\u0259yib.<\/p>\n\n\n\n<p>Proses mart\u0131n 17-d\u0259 davam etdiril\u0259c\u0259k.<\/p>\n\n\n\n<p>Hadis\u0259 2024-c\u00fc may\u0131n 10-da ba\u015f verib.<\/p>\n\n\n\n<p>1964-c\u00fc il t\u0259v\u0259ll\u00fcdl\u00fc Natiq Mehdinin itkin d\u00fc\u015fm\u0259si bar\u0259d\u0259 polis\u0259 daxil olmu\u015f m\u00fcraci\u0259t \u00fczr\u0259 ara\u015fd\u0131rma apar\u0131l\u0131b.<\/p>\n\n\n\n<p>&nbsp;4 g\u00fcn sonra onun meyiti X\u0259z\u0259r rayonu \u0259razisind\u0259 basd\u0131r\u0131ld\u0131\u011f\u0131 yerd\u0259n tap\u0131l\u0131b.<\/p>\n\n\n\n<p>Natiq Mehdi M\u00fcsavat Partiyas\u0131n\u0131n 2024-c\u00fc ild\u0259 ke\u00e7iril\u0259n son qurultay\u0131ndan bir m\u00fcdd\u0259t \u0259vv\u0259l partiya ba\u015fqanl\u0131\u011f\u0131na namiz\u0259dliyini ir\u0259li s\u00fcr\u00fcb. Lakin \u0130sa Q\u0259mb\u0259r namiz\u0259dliyini ir\u0259li s\u00fcr\u0259nd\u0259n sonra o, namiz\u0259dlikd\u0259n \u00e7\u0259kilib.<\/p>\n\n\n\n<p>55 sayl\u0131 orta m\u0259kt\u0259bin direktor m\u00fcavini olmu\u015f Elsev\u0259r \u0130slamova qar\u015f\u0131 Cinay\u0259t M\u0259c\u0259ll\u0259sinin 120.2.4. (x\u00fcsusi amans\u0131zl\u0131qla v\u0259 ya \u00fcmumi t\u0259hl\u00fck\u0259li \u00fcsulla adam \u00f6ld\u00fcrm\u0259), 245 (q\u0259bir \u00fcz\u0259rind\u0259 t\u0259hqiredici h\u0259r\u0259k\u0259t) v\u0259 309-cu (v\u0259zif\u0259 s\u0259lahiyy\u0259tl\u0259rini a\u015fma, zor t\u0259tbiq etm\u0259kl\u0259 t\u00f6r\u0259dildikd\u0259) madd\u0259l\u0259ril\u0259 ittiham ir\u0259li s\u00fcr\u00fcl\u00fcb.<\/p>\n","protected":false},"excerpt":{"rendered":"<p>D\u00f6vl\u0259t ittiham\u00e7\u0131s\u0131 onun 20 il m\u00fcdd\u0259tin\u0259 azadl\u0131qdan m\u0259hrum edilm\u0259sini ist\u0259yib &#8230; <\/p>\n<p class=\"read-more-container\"><a title=\"M\u00fcsavat Partiyas\u0131n\u0131n ba\u015fqanl\u0131\u011f\u0131na ke\u00e7mi\u015f namiz\u0259di q\u0259tl\u0259 yetirm\u0259kd\u0259 ittiham olunan \u015f\u0259xs\u0259 c\u0259za ist\u0259nilib\" class=\"read-more button\" href=\"https:\/\/www.meydan.tv\/az\/article\/musavat-partiyasinin-basqanligina-kecmis-namiz%c9%99di-q%c9%99tl%c9%99-yetirm%c9%99kd%c9%99-ittiham-olunan-s%c9%99xs%c9%99-c%c9%99za-ist%c9%99nilib\/#more-327312\" aria-label=\"Read more about M\u00fcsavat Partiyas\u0131n\u0131n ba\u015fqanl\u0131\u011f\u0131na ke\u00e7mi\u015f namiz\u0259di q\u0259tl\u0259 yetirm\u0259kd\u0259 ittiham olunan \u015f\u0259xs\u0259 c\u0259za ist\u0259nilib\">Davam\u0131<\/a><\/p>\n","protected":false},"author":21,"featured_media":266111,"comment_status":"closed","ping_status":"closed","sticky":false,"template":"","format":"standard","meta":{"_acf_changed":false,"_sitemap_exclude":false,"_sitemap_priority":"","_sitemap_frequency":"","footnotes":""},"categories":[62,56],"tags":[],"class_list":["post-327312","post","type-post","status-publish","format-standard","has-post-thumbnail","hentry","category-sosial","category-xeberler","infinite-scroll-item","generate-columns","tablet-grid-50","mobile-grid-100","grid-parent","grid-33","no-featured-image-padding"],"acf":[],"yoast_head":"<!-- This site is optimized with the Yoast SEO plugin v27.4 - https:\/\/yoast.com\/product\/yoast-seo-wordpress\/ -->\n<title>M\u00fcsavat Partiyas\u0131n\u0131n ba\u015fqanl\u0131\u011f\u0131na ke\u00e7mi\u015f namiz\u0259di q\u0259tl\u0259 yetirm\u0259kd\u0259 ittiham olunan \u015f\u0259xs\u0259 c\u0259za ist\u0259nilib - MEYDAN.TV<\/title>\n<meta name=\"robots\" content=\"index, follow, max-snippet:-1, max-image-preview:large, max-video-preview:-1\" \/>\n<link rel=\"canonical\" href=\"https:\/\/www.meydan.tv\/az\/article\/musavat-partiyasinin-basqanligina-kecmis-namiz%c9%99di-q%c9%99tl%c9%99-yetirm%c9%99kd%c9%99-ittiham-olunan-s%c9%99xs%c9%99-c%c9%99za-ist%c9%99nilib\/\" \/>\n<meta property=\"og:locale\" content=\"az_AZ\" \/>\n<meta property=\"og:type\" content=\"article\" \/>\n<meta property=\"og:title\" content=\"M\u00fcsavat Partiyas\u0131n\u0131n ba\u015fqanl\u0131\u011f\u0131na ke\u00e7mi\u015f namiz\u0259di q\u0259tl\u0259 yetirm\u0259kd\u0259 ittiham olunan \u015f\u0259xs\u0259 c\u0259za ist\u0259nilib - MEYDAN.TV\" \/>\n<meta property=\"og:description\" content=\"D\u00f6vl\u0259t ittiham\u00e7\u0131s\u0131 onun 20 il m\u00fcdd\u0259tin\u0259 azadl\u0131qdan m\u0259hrum edilm\u0259sini ist\u0259yib ... Davam\u0131\" \/>\n<meta property=\"og:url\" content=\"https:\/\/www.meydan.tv\/az\/article\/musavat-partiyasinin-basqanligina-kecmis-namiz%c9%99di-q%c9%99tl%c9%99-yetirm%c9%99kd%c9%99-ittiham-olunan-s%c9%99xs%c9%99-c%c9%99za-ist%c9%99nilib\/\" \/>\n<meta property=\"og:site_name\" content=\"MEYDAN.TV\" \/>\n<meta property=\"article:published_time\" content=\"2025-03-05T13:52:47+00:00\" \/>\n<meta property=\"article:modified_time\" content=\"2025-03-05T13:52:49+00:00\" \/>\n<meta property=\"og:image\" content=\"https:\/\/www.meydan.tv\/wp-content\/uploads\/img_9514.jpg\" \/>\n\t<meta property=\"og:image:width\" content=\"1200\" \/>\n\t<meta property=\"og:image:height\" content=\"675\" \/>\n\t<meta property=\"og:image:type\" content=\"image\/jpeg\" \/>\n<meta name=\"author\" content=\"mahmud\" \/>\n<meta name=\"twitter:card\" content=\"summary_large_image\" \/>\n<script type=\"application\/ld+json\" class=\"yoast-schema-graph\">{\"@context\":\"https:\\\/\\\/schema.org\",\"@graph\":[{\"@type\":\"Article\",\"@id\":\"https:\\\/\\\/www.meydan.tv\\\/az\\\/article\\\/musavat-partiyasinin-basqanligina-kecmis-namiz%c9%99di-q%c9%99tl%c9%99-yetirm%c9%99kd%c9%99-ittiham-olunan-s%c9%99xs%c9%99-c%c9%99za-ist%c9%99nilib\\\/#article\",\"isPartOf\":{\"@id\":\"https:\\\/\\\/www.meydan.tv\\\/az\\\/article\\\/musavat-partiyasinin-basqanligina-kecmis-namiz%c9%99di-q%c9%99tl%c9%99-yetirm%c9%99kd%c9%99-ittiham-olunan-s%c9%99xs%c9%99-c%c9%99za-ist%c9%99nilib\\\/\"},\"author\":{\"name\":\"mahmud\",\"@id\":\"https:\\\/\\\/www.meydan.tv\\\/az\\\/#\\\/schema\\\/person\\\/09863e516102a829e72bedcf3f84c6b0\"},\"headline\":\"M\u00fcsavat Partiyas\u0131n\u0131n ba\u015fqanl\u0131\u011f\u0131na ke\u00e7mi\u015f namiz\u0259di q\u0259tl\u0259 yetirm\u0259kd\u0259 ittiham olunan \u015f\u0259xs\u0259 c\u0259za ist\u0259nilib\",\"datePublished\":\"2025-03-05T13:52:47+00:00\",\"dateModified\":\"2025-03-05T13:52:49+00:00\",\"mainEntityOfPage\":{\"@id\":\"https:\\\/\\\/www.meydan.tv\\\/az\\\/article\\\/musavat-partiyasinin-basqanligina-kecmis-namiz%c9%99di-q%c9%99tl%c9%99-yetirm%c9%99kd%c9%99-ittiham-olunan-s%c9%99xs%c9%99-c%c9%99za-ist%c9%99nilib\\\/\"},\"wordCount\":664,\"publisher\":{\"@id\":\"https:\\\/\\\/www.meydan.tv\\\/az\\\/#organization\"},\"image\":{\"@id\":\"https:\\\/\\\/www.meydan.tv\\\/az\\\/article\\\/musavat-partiyasinin-basqanligina-kecmis-namiz%c9%99di-q%c9%99tl%c9%99-yetirm%c9%99kd%c9%99-ittiham-olunan-s%c9%99xs%c9%99-c%c9%99za-ist%c9%99nilib\\\/#primaryimage\"},\"thumbnailUrl\":\"https:\\\/\\\/www.meydan.tv\\\/wp-content\\\/uploads\\\/img_9514.jpg\",\"articleSection\":[\"Sosial\",\"X\u0259b\u0259rl\u0259r\"],\"inLanguage\":\"az\"},{\"@type\":\"WebPage\",\"@id\":\"https:\\\/\\\/www.meydan.tv\\\/az\\\/article\\\/musavat-partiyasinin-basqanligina-kecmis-namiz%c9%99di-q%c9%99tl%c9%99-yetirm%c9%99kd%c9%99-ittiham-olunan-s%c9%99xs%c9%99-c%c9%99za-ist%c9%99nilib\\\/\",\"url\":\"https:\\\/\\\/www.meydan.tv\\\/az\\\/article\\\/musavat-partiyasinin-basqanligina-kecmis-namiz%c9%99di-q%c9%99tl%c9%99-yetirm%c9%99kd%c9%99-ittiham-olunan-s%c9%99xs%c9%99-c%c9%99za-ist%c9%99nilib\\\/\",\"name\":\"M\u00fcsavat Partiyas\u0131n\u0131n ba\u015fqanl\u0131\u011f\u0131na ke\u00e7mi\u015f namiz\u0259di q\u0259tl\u0259 yetirm\u0259kd\u0259 ittiham olunan \u015f\u0259xs\u0259 c\u0259za ist\u0259nilib - MEYDAN.TV\",\"isPartOf\":{\"@id\":\"https:\\\/\\\/www.meydan.tv\\\/az\\\/#website\"},\"primaryImageOfPage\":{\"@id\":\"https:\\\/\\\/www.meydan.tv\\\/az\\\/article\\\/musavat-partiyasinin-basqanligina-kecmis-namiz%c9%99di-q%c9%99tl%c9%99-yetirm%c9%99kd%c9%99-ittiham-olunan-s%c9%99xs%c9%99-c%c9%99za-ist%c9%99nilib\\\/#primaryimage\"},\"image\":{\"@id\":\"https:\\\/\\\/www.meydan.tv\\\/az\\\/article\\\/musavat-partiyasinin-basqanligina-kecmis-namiz%c9%99di-q%c9%99tl%c9%99-yetirm%c9%99kd%c9%99-ittiham-olunan-s%c9%99xs%c9%99-c%c9%99za-ist%c9%99nilib\\\/#primaryimage\"},\"thumbnailUrl\":\"https:\\\/\\\/www.meydan.tv\\\/wp-content\\\/uploads\\\/img_9514.jpg\",\"datePublished\":\"2025-03-05T13:52:47+00:00\",\"dateModified\":\"2025-03-05T13:52:49+00:00\",\"breadcrumb\":{\"@id\":\"https:\\\/\\\/www.meydan.tv\\\/az\\\/article\\\/musavat-partiyasinin-basqanligina-kecmis-namiz%c9%99di-q%c9%99tl%c9%99-yetirm%c9%99kd%c9%99-ittiham-olunan-s%c9%99xs%c9%99-c%c9%99za-ist%c9%99nilib\\\/#breadcrumb\"},\"inLanguage\":\"az\",\"potentialAction\":[{\"@type\":\"ReadAction\",\"target\":[\"https:\\\/\\\/www.meydan.tv\\\/az\\\/article\\\/musavat-partiyasinin-basqanligina-kecmis-namiz%c9%99di-q%c9%99tl%c9%99-yetirm%c9%99kd%c9%99-ittiham-olunan-s%c9%99xs%c9%99-c%c9%99za-ist%c9%99nilib\\\/\"]}]},{\"@type\":\"ImageObject\",\"inLanguage\":\"az\",\"@id\":\"https:\\\/\\\/www.meydan.tv\\\/az\\\/article\\\/musavat-partiyasinin-basqanligina-kecmis-namiz%c9%99di-q%c9%99tl%c9%99-yetirm%c9%99kd%c9%99-ittiham-olunan-s%c9%99xs%c9%99-c%c9%99za-ist%c9%99nilib\\\/#primaryimage\",\"url\":\"https:\\\/\\\/www.meydan.tv\\\/wp-content\\\/uploads\\\/img_9514.jpg\",\"contentUrl\":\"https:\\\/\\\/www.meydan.tv\\\/wp-content\\\/uploads\\\/img_9514.jpg\",\"width\":1200,\"height\":675,\"caption\":\"M\u0259hk\u0259m\u0259. Foto: Meydan TV\"},{\"@type\":\"BreadcrumbList\",\"@id\":\"https:\\\/\\\/www.meydan.tv\\\/az\\\/article\\\/musavat-partiyasinin-basqanligina-kecmis-namiz%c9%99di-q%c9%99tl%c9%99-yetirm%c9%99kd%c9%99-ittiham-olunan-s%c9%99xs%c9%99-c%c9%99za-ist%c9%99nilib\\\/#breadcrumb\",\"itemListElement\":[{\"@type\":\"ListItem\",\"position\":1,\"name\":\"Ana s\u0259hif\u0259\",\"item\":\"https:\\\/\\\/www.meydan.tv\\\/az\\\/\"},{\"@type\":\"ListItem\",\"position\":2,\"name\":\"Sosial\",\"item\":\"https:\\\/\\\/www.meydan.tv\\\/az\\\/section\\\/sosial\\\/\"},{\"@type\":\"ListItem\",\"position\":3,\"name\":\"M\u00fcsavat Partiyas\u0131n\u0131n ba\u015fqanl\u0131\u011f\u0131na ke\u00e7mi\u015f namiz\u0259di q\u0259tl\u0259 yetirm\u0259kd\u0259 ittiham olunan \u015f\u0259xs\u0259 c\u0259za ist\u0259nilib\"}]},{\"@type\":\"WebSite\",\"@id\":\"https:\\\/\\\/www.meydan.tv\\\/az\\\/#website\",\"url\":\"https:\\\/\\\/www.meydan.tv\\\/az\\\/\",\"name\":\"MEYDAN.TV\",\"description\":\"Meydan TV Az\u0259rbaycan\u0131n media m\u0259kan\u0131ndak\u0131 alternativ s\u0259sidir\",\"publisher\":{\"@id\":\"https:\\\/\\\/www.meydan.tv\\\/az\\\/#organization\"},\"potentialAction\":[{\"@type\":\"SearchAction\",\"target\":{\"@type\":\"EntryPoint\",\"urlTemplate\":\"https:\\\/\\\/www.meydan.tv\\\/az\\\/?s={search_term_string}\"},\"query-input\":{\"@type\":\"PropertyValueSpecification\",\"valueRequired\":true,\"valueName\":\"search_term_string\"}}],\"inLanguage\":\"az\"},{\"@type\":\"Organization\",\"@id\":\"https:\\\/\\\/www.meydan.tv\\\/az\\\/#organization\",\"name\":\"Meydan TV\",\"url\":\"https:\\\/\\\/www.meydan.tv\\\/az\\\/\",\"logo\":{\"@type\":\"ImageObject\",\"inLanguage\":\"az\",\"@id\":\"https:\\\/\\\/www.meydan.tv\\\/az\\\/#\\\/schema\\\/logo\\\/image\\\/\",\"url\":\"https:\\\/\\\/www.meydan.tv\\\/wp-content\\\/uploads\\\/2021\\\/07\\\/meydan-logo.svg\",\"contentUrl\":\"https:\\\/\\\/www.meydan.tv\\\/wp-content\\\/uploads\\\/2021\\\/07\\\/meydan-logo.svg\",\"width\":195,\"height\":46,\"caption\":\"Meydan TV\"},\"image\":{\"@id\":\"https:\\\/\\\/www.meydan.tv\\\/az\\\/#\\\/schema\\\/logo\\\/image\\\/\"}},{\"@type\":\"Person\",\"@id\":\"https:\\\/\\\/www.meydan.tv\\\/az\\\/#\\\/schema\\\/person\\\/09863e516102a829e72bedcf3f84c6b0\",\"name\":\"mahmud\"}]}<\/script>\n<!-- \/ Yoast SEO plugin. -->","yoast_head_json":{"title":"M\u00fcsavat Partiyas\u0131n\u0131n ba\u015fqanl\u0131\u011f\u0131na ke\u00e7mi\u015f namiz\u0259di q\u0259tl\u0259 yetirm\u0259kd\u0259 ittiham olunan \u015f\u0259xs\u0259 c\u0259za ist\u0259nilib - MEYDAN.TV","robots":{"index":"index","follow":"follow","max-snippet":"max-snippet:-1","max-image-preview":"max-image-preview:large","max-video-preview":"max-video-preview:-1"},"canonical":"https:\/\/www.meydan.tv\/az\/article\/musavat-partiyasinin-basqanligina-kecmis-namiz%c9%99di-q%c9%99tl%c9%99-yetirm%c9%99kd%c9%99-ittiham-olunan-s%c9%99xs%c9%99-c%c9%99za-ist%c9%99nilib\/","og_locale":"az_AZ","og_type":"article","og_title":"M\u00fcsavat Partiyas\u0131n\u0131n ba\u015fqanl\u0131\u011f\u0131na ke\u00e7mi\u015f namiz\u0259di q\u0259tl\u0259 yetirm\u0259kd\u0259 ittiham olunan \u015f\u0259xs\u0259 c\u0259za ist\u0259nilib - MEYDAN.TV","og_description":"D\u00f6vl\u0259t ittiham\u00e7\u0131s\u0131 onun 20 il m\u00fcdd\u0259tin\u0259 azadl\u0131qdan m\u0259hrum edilm\u0259sini ist\u0259yib ... Davam\u0131","og_url":"https:\/\/www.meydan.tv\/az\/article\/musavat-partiyasinin-basqanligina-kecmis-namiz%c9%99di-q%c9%99tl%c9%99-yetirm%c9%99kd%c9%99-ittiham-olunan-s%c9%99xs%c9%99-c%c9%99za-ist%c9%99nilib\/","og_site_name":"MEYDAN.TV","article_published_time":"2025-03-05T13:52:47+00:00","article_modified_time":"2025-03-05T13:52:49+00:00","og_image":[{"width":1200,"height":675,"url":"https:\/\/www.meydan.tv\/wp-content\/uploads\/img_9514.jpg","type":"image\/jpeg"}],"author":"mahmud","twitter_card":"summary_large_image","schema":{"@context":"https:\/\/schema.org","@graph":[{"@type":"Article","@id":"https:\/\/www.meydan.tv\/az\/article\/musavat-partiyasinin-basqanligina-kecmis-namiz%c9%99di-q%c9%99tl%c9%99-yetirm%c9%99kd%c9%99-ittiham-olunan-s%c9%99xs%c9%99-c%c9%99za-ist%c9%99nilib\/#article","isPartOf":{"@id":"https:\/\/www.meydan.tv\/az\/article\/musavat-partiyasinin-basqanligina-kecmis-namiz%c9%99di-q%c9%99tl%c9%99-yetirm%c9%99kd%c9%99-ittiham-olunan-s%c9%99xs%c9%99-c%c9%99za-ist%c9%99nilib\/"},"author":{"name":"mahmud","@id":"https:\/\/www.meydan.tv\/az\/#\/schema\/person\/09863e516102a829e72bedcf3f84c6b0"},"headline":"M\u00fcsavat Partiyas\u0131n\u0131n ba\u015fqanl\u0131\u011f\u0131na ke\u00e7mi\u015f namiz\u0259di q\u0259tl\u0259 yetirm\u0259kd\u0259 ittiham olunan \u015f\u0259xs\u0259 c\u0259za ist\u0259nilib","datePublished":"2025-03-05T13:52:47+00:00","dateModified":"2025-03-05T13:52:49+00:00","mainEntityOfPage":{"@id":"https:\/\/www.meydan.tv\/az\/article\/musavat-partiyasinin-basqanligina-kecmis-namiz%c9%99di-q%c9%99tl%c9%99-yetirm%c9%99kd%c9%99-ittiham-olunan-s%c9%99xs%c9%99-c%c9%99za-ist%c9%99nilib\/"},"wordCount":664,"publisher":{"@id":"https:\/\/www.meydan.tv\/az\/#organization"},"image":{"@id":"https:\/\/www.meydan.tv\/az\/article\/musavat-partiyasinin-basqanligina-kecmis-namiz%c9%99di-q%c9%99tl%c9%99-yetirm%c9%99kd%c9%99-ittiham-olunan-s%c9%99xs%c9%99-c%c9%99za-ist%c9%99nilib\/#primaryimage"},"thumbnailUrl":"https:\/\/www.meydan.tv\/wp-content\/uploads\/img_9514.jpg","articleSection":["Sosial","X\u0259b\u0259rl\u0259r"],"inLanguage":"az"},{"@type":"WebPage","@id":"https:\/\/www.meydan.tv\/az\/article\/musavat-partiyasinin-basqanligina-kecmis-namiz%c9%99di-q%c9%99tl%c9%99-yetirm%c9%99kd%c9%99-ittiham-olunan-s%c9%99xs%c9%99-c%c9%99za-ist%c9%99nilib\/","url":"https:\/\/www.meydan.tv\/az\/article\/musavat-partiyasinin-basqanligina-kecmis-namiz%c9%99di-q%c9%99tl%c9%99-yetirm%c9%99kd%c9%99-ittiham-olunan-s%c9%99xs%c9%99-c%c9%99za-ist%c9%99nilib\/","name":"M\u00fcsavat Partiyas\u0131n\u0131n ba\u015fqanl\u0131\u011f\u0131na ke\u00e7mi\u015f namiz\u0259di q\u0259tl\u0259 yetirm\u0259kd\u0259 ittiham olunan \u015f\u0259xs\u0259 c\u0259za ist\u0259nilib - MEYDAN.TV","isPartOf":{"@id":"https:\/\/www.meydan.tv\/az\/#website"},"primaryImageOfPage":{"@id":"https:\/\/www.meydan.tv\/az\/article\/musavat-partiyasinin-basqanligina-kecmis-namiz%c9%99di-q%c9%99tl%c9%99-yetirm%c9%99kd%c9%99-ittiham-olunan-s%c9%99xs%c9%99-c%c9%99za-ist%c9%99nilib\/#primaryimage"},"image":{"@id":"https:\/\/www.meydan.tv\/az\/article\/musavat-partiyasinin-basqanligina-kecmis-namiz%c9%99di-q%c9%99tl%c9%99-yetirm%c9%99kd%c9%99-ittiham-olunan-s%c9%99xs%c9%99-c%c9%99za-ist%c9%99nilib\/#primaryimage"},"thumbnailUrl":"https:\/\/www.meydan.tv\/wp-content\/uploads\/img_9514.jpg","datePublished":"2025-03-05T13:52:47+00:00","dateModified":"2025-03-05T13:52:49+00:00","breadcrumb":{"@id":"https:\/\/www.meydan.tv\/az\/article\/musavat-partiyasinin-basqanligina-kecmis-namiz%c9%99di-q%c9%99tl%c9%99-yetirm%c9%99kd%c9%99-ittiham-olunan-s%c9%99xs%c9%99-c%c9%99za-ist%c9%99nilib\/#breadcrumb"},"inLanguage":"az","potentialAction":[{"@type":"ReadAction","target":["https:\/\/www.meydan.tv\/az\/article\/musavat-partiyasinin-basqanligina-kecmis-namiz%c9%99di-q%c9%99tl%c9%99-yetirm%c9%99kd%c9%99-ittiham-olunan-s%c9%99xs%c9%99-c%c9%99za-ist%c9%99nilib\/"]}]},{"@type":"ImageObject","inLanguage":"az","@id":"https:\/\/www.meydan.tv\/az\/article\/musavat-partiyasinin-basqanligina-kecmis-namiz%c9%99di-q%c9%99tl%c9%99-yetirm%c9%99kd%c9%99-ittiham-olunan-s%c9%99xs%c9%99-c%c9%99za-ist%c9%99nilib\/#primaryimage","url":"https:\/\/www.meydan.tv\/wp-content\/uploads\/img_9514.jpg","contentUrl":"https:\/\/www.meydan.tv\/wp-content\/uploads\/img_9514.jpg","width":1200,"height":675,"caption":"M\u0259hk\u0259m\u0259. Foto: Meydan TV"},{"@type":"BreadcrumbList","@id":"https:\/\/www.meydan.tv\/az\/article\/musavat-partiyasinin-basqanligina-kecmis-namiz%c9%99di-q%c9%99tl%c9%99-yetirm%c9%99kd%c9%99-ittiham-olunan-s%c9%99xs%c9%99-c%c9%99za-ist%c9%99nilib\/#breadcrumb","itemListElement":[{"@type":"ListItem","position":1,"name":"Ana s\u0259hif\u0259","item":"https:\/\/www.meydan.tv\/az\/"},{"@type":"ListItem","position":2,"name":"Sosial","item":"https:\/\/www.meydan.tv\/az\/section\/sosial\/"},{"@type":"ListItem","position":3,"name":"M\u00fcsavat Partiyas\u0131n\u0131n ba\u015fqanl\u0131\u011f\u0131na ke\u00e7mi\u015f namiz\u0259di q\u0259tl\u0259 yetirm\u0259kd\u0259 ittiham olunan \u015f\u0259xs\u0259 c\u0259za ist\u0259nilib"}]},{"@type":"WebSite","@id":"https:\/\/www.meydan.tv\/az\/#website","url":"https:\/\/www.meydan.tv\/az\/","name":"MEYDAN.TV","description":"Meydan TV Az\u0259rbaycan\u0131n media m\u0259kan\u0131ndak\u0131 alternativ s\u0259sidir","publisher":{"@id":"https:\/\/www.meydan.tv\/az\/#organization"},"potentialAction":[{"@type":"SearchAction","target":{"@type":"EntryPoint","urlTemplate":"https:\/\/www.meydan.tv\/az\/?s={search_term_string}"},"query-input":{"@type":"PropertyValueSpecification","valueRequired":true,"valueName":"search_term_string"}}],"inLanguage":"az"},{"@type":"Organization","@id":"https:\/\/www.meydan.tv\/az\/#organization","name":"Meydan TV","url":"https:\/\/www.meydan.tv\/az\/","logo":{"@type":"ImageObject","inLanguage":"az","@id":"https:\/\/www.meydan.tv\/az\/#\/schema\/logo\/image\/","url":"https:\/\/www.meydan.tv\/wp-content\/uploads\/2021\/07\/meydan-logo.svg","contentUrl":"https:\/\/www.meydan.tv\/wp-content\/uploads\/2021\/07\/meydan-logo.svg","width":195,"height":46,"caption":"Meydan TV"},"image":{"@id":"https:\/\/www.meydan.tv\/az\/#\/schema\/logo\/image\/"}},{"@type":"Person","@id":"https:\/\/www.meydan.tv\/az\/#\/schema\/person\/09863e516102a829e72bedcf3f84c6b0","name":"mahmud"}]}},"_links":{"self":[{"href":"https:\/\/www.meydan.tv\/az\/wp-json\/wp\/v2\/posts\/327312","targetHints":{"allow":["GET"]}}],"collection":[{"href":"https:\/\/www.meydan.tv\/az\/wp-json\/wp\/v2\/posts"}],"about":[{"href":"https:\/\/www.meydan.tv\/az\/wp-json\/wp\/v2\/types\/post"}],"author":[{"embeddable":true,"href":"https:\/\/www.meydan.tv\/az\/wp-json\/wp\/v2\/users\/21"}],"replies":[{"embeddable":true,"href":"https:\/\/www.meydan.tv\/az\/wp-json\/wp\/v2\/comments?post=327312"}],"version-history":[{"count":1,"href":"https:\/\/www.meydan.tv\/az\/wp-json\/wp\/v2\/posts\/327312\/revisions"}],"predecessor-version":[{"id":327313,"href":"https:\/\/www.meydan.tv\/az\/wp-json\/wp\/v2\/posts\/327312\/revisions\/327313"}],"wp:featuredmedia":[{"embeddable":true,"href":"https:\/\/www.meydan.tv\/az\/wp-json\/wp\/v2\/media\/266111"}],"wp:attachment":[{"href":"https:\/\/www.meydan.tv\/az\/wp-json\/wp\/v2\/media?parent=327312"}],"wp:term":[{"taxonomy":"category","embeddable":true,"href":"https:\/\/www.meydan.tv\/az\/wp-json\/wp\/v2\/categories?post=327312"},{"taxonomy":"post_tag","embeddable":true,"href":"https:\/\/www.meydan.tv\/az\/wp-json\/wp\/v2\/tags?post=327312"}],"curies":[{"name":"wp","href":"https:\/\/api.w.org\/{rel}","templated":true}]}}