{"id":327286,"date":"2025-03-05T16:21:07","date_gmt":"2025-03-05T12:21:07","guid":{"rendered":"https:\/\/www.meydan.tv\/?p=327286"},"modified":"2025-03-05T16:42:28","modified_gmt":"2025-03-05T12:42:28","slug":"beyn%c9%99lxalq-qizil-xac-komit%c9%99sinin-olk%c9%99d%c9%99ki-numay%c9%99nd%c9%99liyi-baglanib","status":"publish","type":"post","link":"https:\/\/www.meydan.tv\/az\/article\/beyn%c9%99lxalq-qizil-xac-komit%c9%99sinin-olk%c9%99d%c9%99ki-numay%c9%99nd%c9%99liyi-baglanib\/","title":{"rendered":"Beyn\u0259lxalq Q\u0131z\u0131l Xa\u00e7 Komit\u0259sinin \u00f6lk\u0259d\u0259ki n\u00fcmay\u0259nd\u0259liyi ba\u011flan\u0131l\u0131r"},"content":{"rendered":"\n<p><\/p>\n\n\n\n<p><strong><em>Az\u0259rbaycan h\u00f6kum\u0259ti Beyn\u0259lxalq Q\u0131z\u0131l Xa\u00e7 Komit\u0259sinin n\u00fcmay\u0259nd\u0259liyini ba\u011flamaq niyy\u0259ti haqda quruma m\u0259lumat verib<\/em><\/strong><\/p>\n\n\n\n<p>Az\u0259rbaycanda Beyn\u0259lxalq Q\u0131z\u0131l Xa\u00e7 Komit\u0259sinin (BQXK) n\u00fcmay\u0259nd\u0259liyinin ba\u011flan\u0131ld\u0131\u011f\u0131 bildirilir.<\/p>\n\n\n\n<p>Bu bar\u0259d\u0259 m\u0259lumat\u0131 BQXK-nin Az\u0259rbaycan n\u00fcmay\u0259nd\u0259liyinin ictimaiyy\u0259tl\u0259 \u0259laq\u0259l\u0259r \u015f\u00f6b\u0259sinin r\u0259hb\u0259ri \u0130lah\u0259 H\u00fcseynova verib.<\/p>\n\n\n\n<p><em>\u201cAz\u0259rbaycan h\u00f6kum\u0259ti Beyn\u0259lxalq Q\u0131z\u0131l Xa\u00e7 Komit\u0259sinin Az\u0259rbaycandak\u0131 n\u00fcmay\u0259nd\u0259liyini ba\u011flamaq niyy\u0259ti haqda BQXK-y\u0259 m\u0259lumat verib. Haz\u0131rda hakimiyy\u0259t orqanlar\u0131 il\u0259 \u0259laq\u0259 saxlay\u0131r\u0131q. Bu dialoq bizim konfidensial v\u0259 ikit\u0259r\u0259fli dialoqumuzun bir hiss\u0259sidir\u201d, <\/em>&#8211; BQXK s\u00f6z\u00e7\u00fcs\u00fc deyib.<\/p>\n\n\n\n<p>Daha \u00f6nc\u0259, mart\u0131n 1-d\u0259 \u201cCaliber.az\u201d <a href=\"https:\/\/caliber.az\/post\/samodostatochnost-vmesto-vneshnej-pomoshi\" target=\"_blank\" rel=\"noreferrer noopener\">yazm\u0131\u015fd\u0131<\/a> ki, BMT-nin \u0130nki\u015faf Proqram\u0131 (UNDP), Qa\u00e7q\u0131nlar \u00fczr\u0259 Ali Komissarl\u0131\u011f\u0131n\u0131n \u0130dar\u0259si (UNHCR), Beyn\u0259lxalq Q\u0131z\u0131l Xa\u00e7 Komit\u0259sinin (BQXK) v\u0259 BMT-nin U\u015faq Fondunun (UNICEF) Bak\u0131 n\u00fcmay\u0259nd\u0259likl\u0259rin\u0259 \u0259m\u0259kda\u015fl\u0131q format\u0131na yenid\u0259n bax\u0131lmas\u0131 z\u0259rur\u0259ti il\u0259 ba\u011fl\u0131 x\u0259b\u0259rdarl\u0131q edilib.<\/p>\n\n\n\n<p>Bu t\u0259\u015fkilatlara Az\u0259rbaycan\u0131 t\u0259rk etm\u0259li olduqlar\u0131 bildirilib v\u0259 bu q\u0259rar m\u00fcvafiq s\u0259viyy\u0259d\u0259 onlara \u00e7atd\u0131r\u0131l\u0131b.<\/p>\n\n\n\n<p>Bu iddialara Az\u0259rbaycan\u0131n r\u0259smi qurumlar\u0131ndan h\u0259r hans\u0131 m\u00fcnasib\u0259t bildirilm\u0259yib.<\/p>\n\n\n\n<p>Az\u0259rbaycan Xarici \u0130\u015fl\u0259r Nazirliyinin (X\u0130N) mart\u0131n 3-d\u0259 yayd\u0131\u011f\u0131 <a href=\"https:\/\/storage.googleapis.com\/qurium\/www.meydan.tv\/az-article-baki-bmt-il%c9%99-%c9%99m%c9%99kdasliq-prioritetl%c9%99rini-yenid%c9%99n-n%c9%99z%c9%99rd%c9%99n-kecirir.html\" target=\"_blank\" rel=\"noreferrer noopener\">m\u0259lumatda<\/a> is\u0259 deyilirdi ki, nazir Ceyhun Bayramov Az\u0259rbaycanda s\u0259f\u0259rd\u0259 olan BMT-nin \u0130nki\u015faf\u0131 \u018flaq\u0259l\u0259ndirm\u0259 Ofisinin Avropa v\u0259 M\u0259rk\u0259zi Asiya \u00fczr\u0259 Regional direktoru Qui-Yeop Sonu q\u0259bul edib.<\/p>\n\n\n\n<p>G\u00f6r\u00fc\u015fd\u0259 bildilirilib ki, Bak\u0131 BMT il\u0259 \u0259m\u0259kda\u015fl\u0131qlar\u0131 yeni d\u00f6vr\u00fcn reall\u0131qlar\u0131na uy\u011fun n\u0259z\u0259rd\u0259n ke\u00e7irir.<\/p>\n\n\n\n<p><em>\u201cBu x\u00fcsusda, b\u0259zi BMT qurumlar\u0131 il\u0259 bundan sonrak\u0131 t\u0259r\u0259fda\u015fl\u0131\u011f\u0131n milli prioritetl\u0259r\u0259 uy\u011fun \u015f\u0259kild\u0259 layih\u0259 \u0259sasl\u0131 \u0259m\u0259kda\u015fl\u0131q mexanizmi vasit\u0259sil\u0259 davam etdiril\u0259c\u0259yi m\u00fcqabil t\u0259r\u0259fin diqq\u0259tin\u0259 \u00e7atd\u0131r\u0131l\u0131b. Az\u0259rbaycan art\u0131q yard\u0131m q\u0259bul ed\u0259n d\u00f6vl\u0259td\u0259n qlobal g\u00fcnd\u0259liy\u0259 t\u00f6hf\u0259 ver\u0259n bir \u00f6lk\u0259y\u0259 \u00e7evrilib\u201d,<\/em> &#8211; Az\u0259rbaycan X\u0130N-nin m\u0259lumat\u0131nda bildirilib.<\/p>\n\n\n\n<p>H\u0259l\u0259lik, bu a\u00e7\u0131qlamaya BMT-nin cavabdeh qurumlar\u0131n\u0131n m\u00fcnasib\u0259ti b\u0259lli deyil.<\/p>\n\n\n\n<p>Az\u0259rbaycan BMT-y\u0259 1992-ci il mart\u0131n 2-d\u0259 q\u0259bul edilib.<\/p>\n\n\n\n<p>Beyn\u0259lxalq Q\u0131z\u0131l Xa\u00e7 Komit\u0259sinin Bak\u0131dak\u0131 n\u00fcmay\u0259nd\u0259liyi 1992-ci il mart\u0131n 3-d\u0259n f\u0259aliyy\u0259t g\u00f6st\u0259rirdi.<\/p>\n","protected":false},"excerpt":{"rendered":"<p>Az\u0259rbaycan h\u00f6kum\u0259ti Beyn\u0259lxalq Q\u0131z\u0131l Xa\u00e7 Komit\u0259sinin n\u00fcmay\u0259nd\u0259liyini ba\u011flamaq niyy\u0259ti haqda &#8230; <\/p>\n<p class=\"read-more-container\"><a title=\"Beyn\u0259lxalq Q\u0131z\u0131l Xa\u00e7 Komit\u0259sinin \u00f6lk\u0259d\u0259ki n\u00fcmay\u0259nd\u0259liyi ba\u011flan\u0131l\u0131r\" class=\"read-more button\" href=\"https:\/\/www.meydan.tv\/az\/article\/beyn%c9%99lxalq-qizil-xac-komit%c9%99sinin-olk%c9%99d%c9%99ki-numay%c9%99nd%c9%99liyi-baglanib\/#more-327286\" aria-label=\"Read more about Beyn\u0259lxalq Q\u0131z\u0131l Xa\u00e7 Komit\u0259sinin \u00f6lk\u0259d\u0259ki n\u00fcmay\u0259nd\u0259liyi ba\u011flan\u0131l\u0131r\">Davam\u0131<\/a><\/p>\n","protected":false},"author":21,"featured_media":233275,"comment_status":"closed","ping_status":"closed","sticky":false,"template":"","format":"standard","meta":{"_acf_changed":false,"_sitemap_exclude":false,"_sitemap_priority":"","_sitemap_frequency":"","footnotes":""},"categories":[59,79,56],"tags":[],"class_list":["post-327286","post","type-post","status-publish","format-standard","has-post-thumbnail","hentry","category-siyaset","category-featured","category-xeberler","infinite-scroll-item","generate-columns","tablet-grid-50","mobile-grid-100","grid-parent","grid-33","no-featured-image-padding"],"acf":[],"yoast_head":"<!-- This site is optimized with the Yoast SEO plugin v27.4 - https:\/\/yoast.com\/product\/yoast-seo-wordpress\/ -->\n<title>Beyn\u0259lxalq Q\u0131z\u0131l Xa\u00e7 Komit\u0259sinin \u00f6lk\u0259d\u0259ki n\u00fcmay\u0259nd\u0259liyi ba\u011flan\u0131l\u0131r - MEYDAN.TV<\/title>\n<meta name=\"robots\" content=\"index, follow, max-snippet:-1, max-image-preview:large, max-video-preview:-1\" \/>\n<link rel=\"canonical\" href=\"https:\/\/www.meydan.tv\/az\/article\/beyn%c9%99lxalq-qizil-xac-komit%c9%99sinin-olk%c9%99d%c9%99ki-numay%c9%99nd%c9%99liyi-baglanib\/\" \/>\n<meta property=\"og:locale\" content=\"az_AZ\" \/>\n<meta property=\"og:type\" content=\"article\" \/>\n<meta property=\"og:title\" content=\"Beyn\u0259lxalq Q\u0131z\u0131l Xa\u00e7 Komit\u0259sinin \u00f6lk\u0259d\u0259ki n\u00fcmay\u0259nd\u0259liyi ba\u011flan\u0131l\u0131r - MEYDAN.TV\" \/>\n<meta property=\"og:description\" content=\"Az\u0259rbaycan h\u00f6kum\u0259ti Beyn\u0259lxalq Q\u0131z\u0131l Xa\u00e7 Komit\u0259sinin n\u00fcmay\u0259nd\u0259liyini ba\u011flamaq niyy\u0259ti haqda ... Davam\u0131\" \/>\n<meta property=\"og:url\" content=\"https:\/\/www.meydan.tv\/az\/article\/beyn%c9%99lxalq-qizil-xac-komit%c9%99sinin-olk%c9%99d%c9%99ki-numay%c9%99nd%c9%99liyi-baglanib\/\" \/>\n<meta property=\"og:site_name\" content=\"MEYDAN.TV\" \/>\n<meta property=\"article:published_time\" content=\"2025-03-05T12:21:07+00:00\" \/>\n<meta property=\"article:modified_time\" content=\"2025-03-05T12:42:28+00:00\" \/>\n<meta property=\"og:image\" content=\"https:\/\/www.meydan.tv\/wp-content\/uploads\/shutterstock_144345880.jpg\" \/>\n\t<meta property=\"og:image:width\" content=\"1200\" \/>\n\t<meta property=\"og:image:height\" content=\"803\" \/>\n\t<meta property=\"og:image:type\" content=\"image\/jpeg\" \/>\n<meta name=\"author\" content=\"mahmud\" \/>\n<meta name=\"twitter:card\" content=\"summary_large_image\" \/>\n<script type=\"application\/ld+json\" class=\"yoast-schema-graph\">{\"@context\":\"https:\\\/\\\/schema.org\",\"@graph\":[{\"@type\":\"Article\",\"@id\":\"https:\\\/\\\/www.meydan.tv\\\/az\\\/article\\\/beyn%c9%99lxalq-qizil-xac-komit%c9%99sinin-olk%c9%99d%c9%99ki-numay%c9%99nd%c9%99liyi-baglanib\\\/#article\",\"isPartOf\":{\"@id\":\"https:\\\/\\\/www.meydan.tv\\\/az\\\/article\\\/beyn%c9%99lxalq-qizil-xac-komit%c9%99sinin-olk%c9%99d%c9%99ki-numay%c9%99nd%c9%99liyi-baglanib\\\/\"},\"author\":{\"name\":\"mahmud\",\"@id\":\"https:\\\/\\\/www.meydan.tv\\\/az\\\/#\\\/schema\\\/person\\\/09863e516102a829e72bedcf3f84c6b0\"},\"headline\":\"Beyn\u0259lxalq Q\u0131z\u0131l Xa\u00e7 Komit\u0259sinin \u00f6lk\u0259d\u0259ki n\u00fcmay\u0259nd\u0259liyi ba\u011flan\u0131l\u0131r\",\"datePublished\":\"2025-03-05T12:21:07+00:00\",\"dateModified\":\"2025-03-05T12:42:28+00:00\",\"mainEntityOfPage\":{\"@id\":\"https:\\\/\\\/www.meydan.tv\\\/az\\\/article\\\/beyn%c9%99lxalq-qizil-xac-komit%c9%99sinin-olk%c9%99d%c9%99ki-numay%c9%99nd%c9%99liyi-baglanib\\\/\"},\"wordCount\":464,\"publisher\":{\"@id\":\"https:\\\/\\\/www.meydan.tv\\\/az\\\/#organization\"},\"image\":{\"@id\":\"https:\\\/\\\/www.meydan.tv\\\/az\\\/article\\\/beyn%c9%99lxalq-qizil-xac-komit%c9%99sinin-olk%c9%99d%c9%99ki-numay%c9%99nd%c9%99liyi-baglanib\\\/#primaryimage\"},\"thumbnailUrl\":\"https:\\\/\\\/www.meydan.tv\\\/wp-content\\\/uploads\\\/shutterstock_144345880.jpg\",\"articleSection\":[\"Siyas\u0259t\",\"T\u00f6vsiy\u0259\",\"X\u0259b\u0259rl\u0259r\"],\"inLanguage\":\"az\"},{\"@type\":\"WebPage\",\"@id\":\"https:\\\/\\\/www.meydan.tv\\\/az\\\/article\\\/beyn%c9%99lxalq-qizil-xac-komit%c9%99sinin-olk%c9%99d%c9%99ki-numay%c9%99nd%c9%99liyi-baglanib\\\/\",\"url\":\"https:\\\/\\\/www.meydan.tv\\\/az\\\/article\\\/beyn%c9%99lxalq-qizil-xac-komit%c9%99sinin-olk%c9%99d%c9%99ki-numay%c9%99nd%c9%99liyi-baglanib\\\/\",\"name\":\"Beyn\u0259lxalq Q\u0131z\u0131l Xa\u00e7 Komit\u0259sinin \u00f6lk\u0259d\u0259ki n\u00fcmay\u0259nd\u0259liyi ba\u011flan\u0131l\u0131r - MEYDAN.TV\",\"isPartOf\":{\"@id\":\"https:\\\/\\\/www.meydan.tv\\\/az\\\/#website\"},\"primaryImageOfPage\":{\"@id\":\"https:\\\/\\\/www.meydan.tv\\\/az\\\/article\\\/beyn%c9%99lxalq-qizil-xac-komit%c9%99sinin-olk%c9%99d%c9%99ki-numay%c9%99nd%c9%99liyi-baglanib\\\/#primaryimage\"},\"image\":{\"@id\":\"https:\\\/\\\/www.meydan.tv\\\/az\\\/article\\\/beyn%c9%99lxalq-qizil-xac-komit%c9%99sinin-olk%c9%99d%c9%99ki-numay%c9%99nd%c9%99liyi-baglanib\\\/#primaryimage\"},\"thumbnailUrl\":\"https:\\\/\\\/www.meydan.tv\\\/wp-content\\\/uploads\\\/shutterstock_144345880.jpg\",\"datePublished\":\"2025-03-05T12:21:07+00:00\",\"dateModified\":\"2025-03-05T12:42:28+00:00\",\"breadcrumb\":{\"@id\":\"https:\\\/\\\/www.meydan.tv\\\/az\\\/article\\\/beyn%c9%99lxalq-qizil-xac-komit%c9%99sinin-olk%c9%99d%c9%99ki-numay%c9%99nd%c9%99liyi-baglanib\\\/#breadcrumb\"},\"inLanguage\":\"az\",\"potentialAction\":[{\"@type\":\"ReadAction\",\"target\":[\"https:\\\/\\\/www.meydan.tv\\\/az\\\/article\\\/beyn%c9%99lxalq-qizil-xac-komit%c9%99sinin-olk%c9%99d%c9%99ki-numay%c9%99nd%c9%99liyi-baglanib\\\/\"]}]},{\"@type\":\"ImageObject\",\"inLanguage\":\"az\",\"@id\":\"https:\\\/\\\/www.meydan.tv\\\/az\\\/article\\\/beyn%c9%99lxalq-qizil-xac-komit%c9%99sinin-olk%c9%99d%c9%99ki-numay%c9%99nd%c9%99liyi-baglanib\\\/#primaryimage\",\"url\":\"https:\\\/\\\/www.meydan.tv\\\/wp-content\\\/uploads\\\/shutterstock_144345880.jpg\",\"contentUrl\":\"https:\\\/\\\/www.meydan.tv\\\/wp-content\\\/uploads\\\/shutterstock_144345880.jpg\",\"width\":1200,\"height\":803,\"caption\":\"Beyn\u0259lxalq Q\u0131z\u0131l Xa\u00e7 Komit\u0259si, Martin Good\\\/shutterstock\"},{\"@type\":\"BreadcrumbList\",\"@id\":\"https:\\\/\\\/www.meydan.tv\\\/az\\\/article\\\/beyn%c9%99lxalq-qizil-xac-komit%c9%99sinin-olk%c9%99d%c9%99ki-numay%c9%99nd%c9%99liyi-baglanib\\\/#breadcrumb\",\"itemListElement\":[{\"@type\":\"ListItem\",\"position\":1,\"name\":\"Ana s\u0259hif\u0259\",\"item\":\"https:\\\/\\\/www.meydan.tv\\\/az\\\/\"},{\"@type\":\"ListItem\",\"position\":2,\"name\":\"Siyas\u0259t\",\"item\":\"https:\\\/\\\/www.meydan.tv\\\/az\\\/section\\\/siyaset\\\/\"},{\"@type\":\"ListItem\",\"position\":3,\"name\":\"Beyn\u0259lxalq Q\u0131z\u0131l Xa\u00e7 Komit\u0259sinin \u00f6lk\u0259d\u0259ki n\u00fcmay\u0259nd\u0259liyi ba\u011flan\u0131l\u0131r\"}]},{\"@type\":\"WebSite\",\"@id\":\"https:\\\/\\\/www.meydan.tv\\\/az\\\/#website\",\"url\":\"https:\\\/\\\/www.meydan.tv\\\/az\\\/\",\"name\":\"MEYDAN.TV\",\"description\":\"Meydan TV Az\u0259rbaycan\u0131n media m\u0259kan\u0131ndak\u0131 alternativ s\u0259sidir\",\"publisher\":{\"@id\":\"https:\\\/\\\/www.meydan.tv\\\/az\\\/#organization\"},\"potentialAction\":[{\"@type\":\"SearchAction\",\"target\":{\"@type\":\"EntryPoint\",\"urlTemplate\":\"https:\\\/\\\/www.meydan.tv\\\/az\\\/?s={search_term_string}\"},\"query-input\":{\"@type\":\"PropertyValueSpecification\",\"valueRequired\":true,\"valueName\":\"search_term_string\"}}],\"inLanguage\":\"az\"},{\"@type\":\"Organization\",\"@id\":\"https:\\\/\\\/www.meydan.tv\\\/az\\\/#organization\",\"name\":\"Meydan TV\",\"url\":\"https:\\\/\\\/www.meydan.tv\\\/az\\\/\",\"logo\":{\"@type\":\"ImageObject\",\"inLanguage\":\"az\",\"@id\":\"https:\\\/\\\/www.meydan.tv\\\/az\\\/#\\\/schema\\\/logo\\\/image\\\/\",\"url\":\"https:\\\/\\\/www.meydan.tv\\\/wp-content\\\/uploads\\\/2021\\\/07\\\/meydan-logo.svg\",\"contentUrl\":\"https:\\\/\\\/www.meydan.tv\\\/wp-content\\\/uploads\\\/2021\\\/07\\\/meydan-logo.svg\",\"width\":195,\"height\":46,\"caption\":\"Meydan TV\"},\"image\":{\"@id\":\"https:\\\/\\\/www.meydan.tv\\\/az\\\/#\\\/schema\\\/logo\\\/image\\\/\"}},{\"@type\":\"Person\",\"@id\":\"https:\\\/\\\/www.meydan.tv\\\/az\\\/#\\\/schema\\\/person\\\/09863e516102a829e72bedcf3f84c6b0\",\"name\":\"mahmud\"}]}<\/script>\n<!-- \/ Yoast SEO plugin. -->","yoast_head_json":{"title":"Beyn\u0259lxalq Q\u0131z\u0131l Xa\u00e7 Komit\u0259sinin \u00f6lk\u0259d\u0259ki n\u00fcmay\u0259nd\u0259liyi ba\u011flan\u0131l\u0131r - MEYDAN.TV","robots":{"index":"index","follow":"follow","max-snippet":"max-snippet:-1","max-image-preview":"max-image-preview:large","max-video-preview":"max-video-preview:-1"},"canonical":"https:\/\/www.meydan.tv\/az\/article\/beyn%c9%99lxalq-qizil-xac-komit%c9%99sinin-olk%c9%99d%c9%99ki-numay%c9%99nd%c9%99liyi-baglanib\/","og_locale":"az_AZ","og_type":"article","og_title":"Beyn\u0259lxalq Q\u0131z\u0131l Xa\u00e7 Komit\u0259sinin \u00f6lk\u0259d\u0259ki n\u00fcmay\u0259nd\u0259liyi ba\u011flan\u0131l\u0131r - MEYDAN.TV","og_description":"Az\u0259rbaycan h\u00f6kum\u0259ti Beyn\u0259lxalq Q\u0131z\u0131l Xa\u00e7 Komit\u0259sinin n\u00fcmay\u0259nd\u0259liyini ba\u011flamaq niyy\u0259ti haqda ... Davam\u0131","og_url":"https:\/\/www.meydan.tv\/az\/article\/beyn%c9%99lxalq-qizil-xac-komit%c9%99sinin-olk%c9%99d%c9%99ki-numay%c9%99nd%c9%99liyi-baglanib\/","og_site_name":"MEYDAN.TV","article_published_time":"2025-03-05T12:21:07+00:00","article_modified_time":"2025-03-05T12:42:28+00:00","og_image":[{"width":1200,"height":803,"url":"https:\/\/www.meydan.tv\/wp-content\/uploads\/shutterstock_144345880.jpg","type":"image\/jpeg"}],"author":"mahmud","twitter_card":"summary_large_image","schema":{"@context":"https:\/\/schema.org","@graph":[{"@type":"Article","@id":"https:\/\/www.meydan.tv\/az\/article\/beyn%c9%99lxalq-qizil-xac-komit%c9%99sinin-olk%c9%99d%c9%99ki-numay%c9%99nd%c9%99liyi-baglanib\/#article","isPartOf":{"@id":"https:\/\/www.meydan.tv\/az\/article\/beyn%c9%99lxalq-qizil-xac-komit%c9%99sinin-olk%c9%99d%c9%99ki-numay%c9%99nd%c9%99liyi-baglanib\/"},"author":{"name":"mahmud","@id":"https:\/\/www.meydan.tv\/az\/#\/schema\/person\/09863e516102a829e72bedcf3f84c6b0"},"headline":"Beyn\u0259lxalq Q\u0131z\u0131l Xa\u00e7 Komit\u0259sinin \u00f6lk\u0259d\u0259ki n\u00fcmay\u0259nd\u0259liyi ba\u011flan\u0131l\u0131r","datePublished":"2025-03-05T12:21:07+00:00","dateModified":"2025-03-05T12:42:28+00:00","mainEntityOfPage":{"@id":"https:\/\/www.meydan.tv\/az\/article\/beyn%c9%99lxalq-qizil-xac-komit%c9%99sinin-olk%c9%99d%c9%99ki-numay%c9%99nd%c9%99liyi-baglanib\/"},"wordCount":464,"publisher":{"@id":"https:\/\/www.meydan.tv\/az\/#organization"},"image":{"@id":"https:\/\/www.meydan.tv\/az\/article\/beyn%c9%99lxalq-qizil-xac-komit%c9%99sinin-olk%c9%99d%c9%99ki-numay%c9%99nd%c9%99liyi-baglanib\/#primaryimage"},"thumbnailUrl":"https:\/\/www.meydan.tv\/wp-content\/uploads\/shutterstock_144345880.jpg","articleSection":["Siyas\u0259t","T\u00f6vsiy\u0259","X\u0259b\u0259rl\u0259r"],"inLanguage":"az"},{"@type":"WebPage","@id":"https:\/\/www.meydan.tv\/az\/article\/beyn%c9%99lxalq-qizil-xac-komit%c9%99sinin-olk%c9%99d%c9%99ki-numay%c9%99nd%c9%99liyi-baglanib\/","url":"https:\/\/www.meydan.tv\/az\/article\/beyn%c9%99lxalq-qizil-xac-komit%c9%99sinin-olk%c9%99d%c9%99ki-numay%c9%99nd%c9%99liyi-baglanib\/","name":"Beyn\u0259lxalq Q\u0131z\u0131l Xa\u00e7 Komit\u0259sinin \u00f6lk\u0259d\u0259ki n\u00fcmay\u0259nd\u0259liyi ba\u011flan\u0131l\u0131r - MEYDAN.TV","isPartOf":{"@id":"https:\/\/www.meydan.tv\/az\/#website"},"primaryImageOfPage":{"@id":"https:\/\/www.meydan.tv\/az\/article\/beyn%c9%99lxalq-qizil-xac-komit%c9%99sinin-olk%c9%99d%c9%99ki-numay%c9%99nd%c9%99liyi-baglanib\/#primaryimage"},"image":{"@id":"https:\/\/www.meydan.tv\/az\/article\/beyn%c9%99lxalq-qizil-xac-komit%c9%99sinin-olk%c9%99d%c9%99ki-numay%c9%99nd%c9%99liyi-baglanib\/#primaryimage"},"thumbnailUrl":"https:\/\/www.meydan.tv\/wp-content\/uploads\/shutterstock_144345880.jpg","datePublished":"2025-03-05T12:21:07+00:00","dateModified":"2025-03-05T12:42:28+00:00","breadcrumb":{"@id":"https:\/\/www.meydan.tv\/az\/article\/beyn%c9%99lxalq-qizil-xac-komit%c9%99sinin-olk%c9%99d%c9%99ki-numay%c9%99nd%c9%99liyi-baglanib\/#breadcrumb"},"inLanguage":"az","potentialAction":[{"@type":"ReadAction","target":["https:\/\/www.meydan.tv\/az\/article\/beyn%c9%99lxalq-qizil-xac-komit%c9%99sinin-olk%c9%99d%c9%99ki-numay%c9%99nd%c9%99liyi-baglanib\/"]}]},{"@type":"ImageObject","inLanguage":"az","@id":"https:\/\/www.meydan.tv\/az\/article\/beyn%c9%99lxalq-qizil-xac-komit%c9%99sinin-olk%c9%99d%c9%99ki-numay%c9%99nd%c9%99liyi-baglanib\/#primaryimage","url":"https:\/\/www.meydan.tv\/wp-content\/uploads\/shutterstock_144345880.jpg","contentUrl":"https:\/\/www.meydan.tv\/wp-content\/uploads\/shutterstock_144345880.jpg","width":1200,"height":803,"caption":"Beyn\u0259lxalq Q\u0131z\u0131l Xa\u00e7 Komit\u0259si, Martin Good\/shutterstock"},{"@type":"BreadcrumbList","@id":"https:\/\/www.meydan.tv\/az\/article\/beyn%c9%99lxalq-qizil-xac-komit%c9%99sinin-olk%c9%99d%c9%99ki-numay%c9%99nd%c9%99liyi-baglanib\/#breadcrumb","itemListElement":[{"@type":"ListItem","position":1,"name":"Ana s\u0259hif\u0259","item":"https:\/\/www.meydan.tv\/az\/"},{"@type":"ListItem","position":2,"name":"Siyas\u0259t","item":"https:\/\/www.meydan.tv\/az\/section\/siyaset\/"},{"@type":"ListItem","position":3,"name":"Beyn\u0259lxalq Q\u0131z\u0131l Xa\u00e7 Komit\u0259sinin \u00f6lk\u0259d\u0259ki n\u00fcmay\u0259nd\u0259liyi ba\u011flan\u0131l\u0131r"}]},{"@type":"WebSite","@id":"https:\/\/www.meydan.tv\/az\/#website","url":"https:\/\/www.meydan.tv\/az\/","name":"MEYDAN.TV","description":"Meydan TV Az\u0259rbaycan\u0131n media m\u0259kan\u0131ndak\u0131 alternativ s\u0259sidir","publisher":{"@id":"https:\/\/www.meydan.tv\/az\/#organization"},"potentialAction":[{"@type":"SearchAction","target":{"@type":"EntryPoint","urlTemplate":"https:\/\/www.meydan.tv\/az\/?s={search_term_string}"},"query-input":{"@type":"PropertyValueSpecification","valueRequired":true,"valueName":"search_term_string"}}],"inLanguage":"az"},{"@type":"Organization","@id":"https:\/\/www.meydan.tv\/az\/#organization","name":"Meydan TV","url":"https:\/\/www.meydan.tv\/az\/","logo":{"@type":"ImageObject","inLanguage":"az","@id":"https:\/\/www.meydan.tv\/az\/#\/schema\/logo\/image\/","url":"https:\/\/www.meydan.tv\/wp-content\/uploads\/2021\/07\/meydan-logo.svg","contentUrl":"https:\/\/www.meydan.tv\/wp-content\/uploads\/2021\/07\/meydan-logo.svg","width":195,"height":46,"caption":"Meydan TV"},"image":{"@id":"https:\/\/www.meydan.tv\/az\/#\/schema\/logo\/image\/"}},{"@type":"Person","@id":"https:\/\/www.meydan.tv\/az\/#\/schema\/person\/09863e516102a829e72bedcf3f84c6b0","name":"mahmud"}]}},"_links":{"self":[{"href":"https:\/\/www.meydan.tv\/az\/wp-json\/wp\/v2\/posts\/327286","targetHints":{"allow":["GET"]}}],"collection":[{"href":"https:\/\/www.meydan.tv\/az\/wp-json\/wp\/v2\/posts"}],"about":[{"href":"https:\/\/www.meydan.tv\/az\/wp-json\/wp\/v2\/types\/post"}],"author":[{"embeddable":true,"href":"https:\/\/www.meydan.tv\/az\/wp-json\/wp\/v2\/users\/21"}],"replies":[{"embeddable":true,"href":"https:\/\/www.meydan.tv\/az\/wp-json\/wp\/v2\/comments?post=327286"}],"version-history":[{"count":2,"href":"https:\/\/www.meydan.tv\/az\/wp-json\/wp\/v2\/posts\/327286\/revisions"}],"predecessor-version":[{"id":327292,"href":"https:\/\/www.meydan.tv\/az\/wp-json\/wp\/v2\/posts\/327286\/revisions\/327292"}],"wp:featuredmedia":[{"embeddable":true,"href":"https:\/\/www.meydan.tv\/az\/wp-json\/wp\/v2\/media\/233275"}],"wp:attachment":[{"href":"https:\/\/www.meydan.tv\/az\/wp-json\/wp\/v2\/media?parent=327286"}],"wp:term":[{"taxonomy":"category","embeddable":true,"href":"https:\/\/www.meydan.tv\/az\/wp-json\/wp\/v2\/categories?post=327286"},{"taxonomy":"post_tag","embeddable":true,"href":"https:\/\/www.meydan.tv\/az\/wp-json\/wp\/v2\/tags?post=327286"}],"curies":[{"name":"wp","href":"https:\/\/api.w.org\/{rel}","templated":true}]}}