{"id":327275,"date":"2025-03-05T15:28:05","date_gmt":"2025-03-05T11:28:05","guid":{"rendered":"https:\/\/www.meydan.tv\/?p=327275"},"modified":"2025-03-05T16:18:56","modified_gmt":"2025-03-05T12:18:56","slug":"az%c9%99rbaycanda-sudan-istifad%c9%99-il%c9%99-bagli-yeni-qanun-layih%c9%99si-hazirlanir","status":"publish","type":"post","link":"https:\/\/www.meydan.tv\/az\/article\/az%c9%99rbaycanda-sudan-istifad%c9%99-il%c9%99-bagli-yeni-qanun-layih%c9%99si-hazirlanir\/","title":{"rendered":"Sudan istifad\u0259 il\u0259 ba\u011fl\u0131 yeni qanun layih\u0259si haz\u0131rlan\u0131r"},"content":{"rendered":"\n<p><\/p>\n\n\n\n<p><strong><em>Sudan az istifad\u0259 ed\u0259nl\u0259r a\u015fa\u011f\u0131 tarifl\u0259, \u00e7ox istifad\u0259 ed\u0259nl\u0259r yuxar\u0131 tarifl\u0259 \u00f6d\u0259ni\u015f ed\u0259c\u0259kl\u0259r<\/em><\/strong><\/p>\n\n\n\n<p>Az\u0259rbaycan D\u00f6vl\u0259t Su Ehtiyatlar\u0131 Agentliyinin tabeliyind\u0259ki Sular\u0131n \u0130stifad\u0259sin\u0259 v\u0259 M\u00fchafiz\u0259sin\u0259 D\u00f6vl\u0259t N\u0259zar\u0259ti Xidm\u0259ti t\u0259r\u0259find\u0259n sudan \u00f6d\u0259ni\u015fli \u0259saslarla istifad\u0259 tarifl\u0259rinin yenid\u0259n m\u00fc\u0259yy\u0259nl\u0259\u015fdirilm\u0259si il\u0259 ba\u011fl\u0131 qanun layih\u0259si haz\u0131rlan\u0131r<\/p>\n\n\n\n<p>Bu bar\u0259d\u0259 jurnalistl\u0259r\u0259 Sular\u0131n istifad\u0259sin\u0259 v\u0259 m\u00fchafiz\u0259sin\u0259 n\u0259zar\u0259t \u015f\u00f6b\u0259sinin m\u00fcdiri Ataxan B\u0259d\u0259lov <a href=\"https:\/\/apa.az\/infrastruktur\/sudan-istifade-tariflerinin-diferensiallasdirilmasi-ile-bagli-qanun-layihesi-hazirlanir-891008\" target=\"_blank\" rel=\"noreferrer noopener\">deyib<\/a>. <\/p>\n\n\n\n<p>Ataxan B\u0259d\u0259lov &nbsp;bildirib ki, yeni qaydalar h\u0259m \u0259hali, h\u0259m d\u0259 qeyri-\u0259hali qrupuna \u015famil edil\u0259c\u0259k:<\/p>\n\n\n\n<p><em>&#8220;Bu, o dem\u0259kdir ki, sudan az istifad\u0259 ed\u0259n a\u015fa\u011f\u0131 tarifl\u0259, \u00e7ox istifad\u0259 is\u0259 yuxar\u0131 tarifl\u0259 \u00f6d\u0259ni\u015f ed\u0259c\u0259k. M\u0259qs\u0259d h\u0259m \u0259hali, h\u0259m d\u0259 qeyri-\u0259hali sektorunun sudan q\u0259na\u0259tl\u0259 istifad\u0259 etm\u0259sinin t\u0259\u015fviqidir. Art\u0131q qanun layih\u0259si haz\u0131rlan\u0131b. Aidiyy\u0259ti orqanlarla raz\u0131la\u015fd\u0131r\u0131ld\u0131qdan sonra bununla ba\u011fl\u0131 q\u0259rar veril\u0259c\u0259k&#8221;.<\/em><em><\/em><\/p>\n\n\n\n<p>Bundan \u0259vv\u0259l Az\u0259rbaycan D\u00f6vl\u0259t Su Ehtiyatlar\u0131 Agentliyinin (ADSEA) \u0130ri \u015e\u0259h\u0259rl\u0259rin Birl\u0259\u015fmi\u015f Su T\u0259chizat\u0131 Xidm\u0259tinin \u0130dar\u0259 Hey\u0259ti s\u0259drinin m\u00fc\u015faviri Ayd\u0131n Abbasov <a href=\"https:\/\/www.meydan.tv\/az\/article\/az%c9%99rbaycanda-suyun-qiym%c9%99ti-bahalasa-bil%c9%99r\/\" target=\"_blank\" rel=\"noreferrer noopener\">demi\u015fdi<\/a> ki, Az\u0259rbaycanda su tarifl\u0259ri \u0130ri \u015e\u0259h\u0259rl\u0259rin Birl\u0259\u015fmi\u015f Su T\u0259chizat\u0131 Xidm\u0259tinin faktiki x\u0259rcl\u0259rini tam qar\u015f\u0131lam\u0131r: <\/p>\n\n\n\n<p><em>\u201c1 kubmetr suyun istehlak\u00e7\u0131ya \u00e7atd\u0131r\u0131lmas\u0131 1 manat 91 q\u0259piy\u0259 ba\u015fa g\u0259ls\u0259 d\u0259, m\u00f6vcud tarif 70 q\u0259pik t\u0259\u015fkil edir\u201d.<\/em><\/p>\n\n\n\n<p>Onun s\u00f6zl\u0259rin\u0259 g\u00f6r\u0259, bu tarif sisteminin yenid\u0259n t\u0259nziml\u0259nm\u0259sin\u0259 g\u0259tirib \u00e7\u0131xara bil\u0259r.<\/p>\n\n\n\n<p><em>\u201cBu da su t\u0259chizat\u0131 sah\u0259sind\u0259 s\u00fcr\u0259tli inki\u015faf\u0131 \u00e7\u0259tinl\u0259\u015fdirir. Bu s\u0259b\u0259bd\u0259n tarif sisteminin diferensialla\u015fd\u0131r\u0131lmas\u0131 m\u0259s\u0259l\u0259si g\u00fcnd\u0259m\u0259 g\u0259l\u0259 bil\u0259r\u201d,<\/em> \u2013 A.Abbasov deyib.<\/p>\n\n\n\n<p>Az\u0259rbaycanda suyun qiym\u0259ti sonuncu d\u0259f\u0259 2021-ci il fevral\u0131n 1-d\u0259n art\u0131r\u0131l\u0131b. Onda art\u0131m 100 faiz olmu\u015fdu. Suyun 1 kubmetr qiym\u0259ti kanalizasiya sular\u0131 il\u0259 birlikd\u0259 1 manata qald\u0131r\u0131lm\u0131\u015fd\u0131.<\/p>\n\n\n\n<p>Bu il Az\u0259rbaycanda elektrik v\u0259 qaz daxil bir s\u0131ra kommunal xidm\u0259tl\u0259rd\u0259 bahala\u015fma ba\u015f verib.<\/p>\n","protected":false},"excerpt":{"rendered":"<p>Sudan az istifad\u0259 ed\u0259nl\u0259r a\u015fa\u011f\u0131 tarifl\u0259, \u00e7ox istifad\u0259 ed\u0259nl\u0259r yuxar\u0131 &#8230; <\/p>\n<p class=\"read-more-container\"><a title=\"Sudan istifad\u0259 il\u0259 ba\u011fl\u0131 yeni qanun layih\u0259si haz\u0131rlan\u0131r\" class=\"read-more button\" href=\"https:\/\/www.meydan.tv\/az\/article\/az%c9%99rbaycanda-sudan-istifad%c9%99-il%c9%99-bagli-yeni-qanun-layih%c9%99si-hazirlanir\/#more-327275\" aria-label=\"Read more about Sudan istifad\u0259 il\u0259 ba\u011fl\u0131 yeni qanun layih\u0259si haz\u0131rlan\u0131r\">Davam\u0131<\/a><\/p>\n","protected":false},"author":21,"featured_media":327283,"comment_status":"closed","ping_status":"closed","sticky":false,"template":"","format":"standard","meta":{"_acf_changed":false,"_sitemap_exclude":false,"_sitemap_priority":"","_sitemap_frequency":"","footnotes":""},"categories":[62,79,56],"tags":[],"class_list":["post-327275","post","type-post","status-publish","format-standard","has-post-thumbnail","hentry","category-sosial","category-featured","category-xeberler","infinite-scroll-item","generate-columns","tablet-grid-50","mobile-grid-100","grid-parent","grid-33","no-featured-image-padding"],"acf":[],"yoast_head":"<!-- This site is optimized with the Yoast SEO plugin v27.4 - https:\/\/yoast.com\/product\/yoast-seo-wordpress\/ -->\n<title>Sudan istifad\u0259 il\u0259 ba\u011fl\u0131 yeni qanun layih\u0259si haz\u0131rlan\u0131r - MEYDAN.TV<\/title>\n<meta name=\"robots\" content=\"index, follow, max-snippet:-1, max-image-preview:large, max-video-preview:-1\" \/>\n<link rel=\"canonical\" href=\"https:\/\/www.meydan.tv\/az\/article\/az%c9%99rbaycanda-sudan-istifad%c9%99-il%c9%99-bagli-yeni-qanun-layih%c9%99si-hazirlanir\/\" \/>\n<meta property=\"og:locale\" content=\"az_AZ\" \/>\n<meta property=\"og:type\" content=\"article\" \/>\n<meta property=\"og:title\" content=\"Sudan istifad\u0259 il\u0259 ba\u011fl\u0131 yeni qanun layih\u0259si haz\u0131rlan\u0131r - MEYDAN.TV\" \/>\n<meta property=\"og:description\" content=\"Sudan az istifad\u0259 ed\u0259nl\u0259r a\u015fa\u011f\u0131 tarifl\u0259, \u00e7ox istifad\u0259 ed\u0259nl\u0259r yuxar\u0131 ... Davam\u0131\" \/>\n<meta property=\"og:url\" content=\"https:\/\/www.meydan.tv\/az\/article\/az%c9%99rbaycanda-sudan-istifad%c9%99-il%c9%99-bagli-yeni-qanun-layih%c9%99si-hazirlanir\/\" \/>\n<meta property=\"og:site_name\" content=\"MEYDAN.TV\" \/>\n<meta property=\"article:published_time\" content=\"2025-03-05T11:28:05+00:00\" \/>\n<meta property=\"article:modified_time\" content=\"2025-03-05T12:18:56+00:00\" \/>\n<meta property=\"og:image\" content=\"https:\/\/www.meydan.tv\/wp-content\/uploads\/4545-1.png\" \/>\n\t<meta property=\"og:image:width\" content=\"1179\" \/>\n\t<meta property=\"og:image:height\" content=\"576\" \/>\n\t<meta property=\"og:image:type\" content=\"image\/png\" \/>\n<meta name=\"author\" content=\"mahmud\" \/>\n<meta name=\"twitter:card\" content=\"summary_large_image\" \/>\n<script type=\"application\/ld+json\" class=\"yoast-schema-graph\">{\"@context\":\"https:\\\/\\\/schema.org\",\"@graph\":[{\"@type\":\"Article\",\"@id\":\"https:\\\/\\\/www.meydan.tv\\\/az\\\/article\\\/az%c9%99rbaycanda-sudan-istifad%c9%99-il%c9%99-bagli-yeni-qanun-layih%c9%99si-hazirlanir\\\/#article\",\"isPartOf\":{\"@id\":\"https:\\\/\\\/www.meydan.tv\\\/az\\\/article\\\/az%c9%99rbaycanda-sudan-istifad%c9%99-il%c9%99-bagli-yeni-qanun-layih%c9%99si-hazirlanir\\\/\"},\"author\":{\"name\":\"mahmud\",\"@id\":\"https:\\\/\\\/www.meydan.tv\\\/az\\\/#\\\/schema\\\/person\\\/09863e516102a829e72bedcf3f84c6b0\"},\"headline\":\"Sudan istifad\u0259 il\u0259 ba\u011fl\u0131 yeni qanun layih\u0259si haz\u0131rlan\u0131r\",\"datePublished\":\"2025-03-05T11:28:05+00:00\",\"dateModified\":\"2025-03-05T12:18:56+00:00\",\"mainEntityOfPage\":{\"@id\":\"https:\\\/\\\/www.meydan.tv\\\/az\\\/article\\\/az%c9%99rbaycanda-sudan-istifad%c9%99-il%c9%99-bagli-yeni-qanun-layih%c9%99si-hazirlanir\\\/\"},\"wordCount\":403,\"publisher\":{\"@id\":\"https:\\\/\\\/www.meydan.tv\\\/az\\\/#organization\"},\"image\":{\"@id\":\"https:\\\/\\\/www.meydan.tv\\\/az\\\/article\\\/az%c9%99rbaycanda-sudan-istifad%c9%99-il%c9%99-bagli-yeni-qanun-layih%c9%99si-hazirlanir\\\/#primaryimage\"},\"thumbnailUrl\":\"https:\\\/\\\/www.meydan.tv\\\/wp-content\\\/uploads\\\/4545-1.png\",\"articleSection\":[\"Sosial\",\"T\u00f6vsiy\u0259\",\"X\u0259b\u0259rl\u0259r\"],\"inLanguage\":\"az\"},{\"@type\":\"WebPage\",\"@id\":\"https:\\\/\\\/www.meydan.tv\\\/az\\\/article\\\/az%c9%99rbaycanda-sudan-istifad%c9%99-il%c9%99-bagli-yeni-qanun-layih%c9%99si-hazirlanir\\\/\",\"url\":\"https:\\\/\\\/www.meydan.tv\\\/az\\\/article\\\/az%c9%99rbaycanda-sudan-istifad%c9%99-il%c9%99-bagli-yeni-qanun-layih%c9%99si-hazirlanir\\\/\",\"name\":\"Sudan istifad\u0259 il\u0259 ba\u011fl\u0131 yeni qanun layih\u0259si haz\u0131rlan\u0131r - MEYDAN.TV\",\"isPartOf\":{\"@id\":\"https:\\\/\\\/www.meydan.tv\\\/az\\\/#website\"},\"primaryImageOfPage\":{\"@id\":\"https:\\\/\\\/www.meydan.tv\\\/az\\\/article\\\/az%c9%99rbaycanda-sudan-istifad%c9%99-il%c9%99-bagli-yeni-qanun-layih%c9%99si-hazirlanir\\\/#primaryimage\"},\"image\":{\"@id\":\"https:\\\/\\\/www.meydan.tv\\\/az\\\/article\\\/az%c9%99rbaycanda-sudan-istifad%c9%99-il%c9%99-bagli-yeni-qanun-layih%c9%99si-hazirlanir\\\/#primaryimage\"},\"thumbnailUrl\":\"https:\\\/\\\/www.meydan.tv\\\/wp-content\\\/uploads\\\/4545-1.png\",\"datePublished\":\"2025-03-05T11:28:05+00:00\",\"dateModified\":\"2025-03-05T12:18:56+00:00\",\"breadcrumb\":{\"@id\":\"https:\\\/\\\/www.meydan.tv\\\/az\\\/article\\\/az%c9%99rbaycanda-sudan-istifad%c9%99-il%c9%99-bagli-yeni-qanun-layih%c9%99si-hazirlanir\\\/#breadcrumb\"},\"inLanguage\":\"az\",\"potentialAction\":[{\"@type\":\"ReadAction\",\"target\":[\"https:\\\/\\\/www.meydan.tv\\\/az\\\/article\\\/az%c9%99rbaycanda-sudan-istifad%c9%99-il%c9%99-bagli-yeni-qanun-layih%c9%99si-hazirlanir\\\/\"]}]},{\"@type\":\"ImageObject\",\"inLanguage\":\"az\",\"@id\":\"https:\\\/\\\/www.meydan.tv\\\/az\\\/article\\\/az%c9%99rbaycanda-sudan-istifad%c9%99-il%c9%99-bagli-yeni-qanun-layih%c9%99si-hazirlanir\\\/#primaryimage\",\"url\":\"https:\\\/\\\/www.meydan.tv\\\/wp-content\\\/uploads\\\/4545-1.png\",\"contentUrl\":\"https:\\\/\\\/www.meydan.tv\\\/wp-content\\\/uploads\\\/4545-1.png\",\"width\":1179,\"height\":576,\"caption\":\"\u0130\u00e7m\u0259li su. Foto: A\u0130\"},{\"@type\":\"BreadcrumbList\",\"@id\":\"https:\\\/\\\/www.meydan.tv\\\/az\\\/article\\\/az%c9%99rbaycanda-sudan-istifad%c9%99-il%c9%99-bagli-yeni-qanun-layih%c9%99si-hazirlanir\\\/#breadcrumb\",\"itemListElement\":[{\"@type\":\"ListItem\",\"position\":1,\"name\":\"Ana s\u0259hif\u0259\",\"item\":\"https:\\\/\\\/www.meydan.tv\\\/az\\\/\"},{\"@type\":\"ListItem\",\"position\":2,\"name\":\"Sosial\",\"item\":\"https:\\\/\\\/www.meydan.tv\\\/az\\\/section\\\/sosial\\\/\"},{\"@type\":\"ListItem\",\"position\":3,\"name\":\"Sudan istifad\u0259 il\u0259 ba\u011fl\u0131 yeni qanun layih\u0259si haz\u0131rlan\u0131r\"}]},{\"@type\":\"WebSite\",\"@id\":\"https:\\\/\\\/www.meydan.tv\\\/az\\\/#website\",\"url\":\"https:\\\/\\\/www.meydan.tv\\\/az\\\/\",\"name\":\"MEYDAN.TV\",\"description\":\"Meydan TV Az\u0259rbaycan\u0131n media m\u0259kan\u0131ndak\u0131 alternativ s\u0259sidir\",\"publisher\":{\"@id\":\"https:\\\/\\\/www.meydan.tv\\\/az\\\/#organization\"},\"potentialAction\":[{\"@type\":\"SearchAction\",\"target\":{\"@type\":\"EntryPoint\",\"urlTemplate\":\"https:\\\/\\\/www.meydan.tv\\\/az\\\/?s={search_term_string}\"},\"query-input\":{\"@type\":\"PropertyValueSpecification\",\"valueRequired\":true,\"valueName\":\"search_term_string\"}}],\"inLanguage\":\"az\"},{\"@type\":\"Organization\",\"@id\":\"https:\\\/\\\/www.meydan.tv\\\/az\\\/#organization\",\"name\":\"Meydan TV\",\"url\":\"https:\\\/\\\/www.meydan.tv\\\/az\\\/\",\"logo\":{\"@type\":\"ImageObject\",\"inLanguage\":\"az\",\"@id\":\"https:\\\/\\\/www.meydan.tv\\\/az\\\/#\\\/schema\\\/logo\\\/image\\\/\",\"url\":\"https:\\\/\\\/www.meydan.tv\\\/wp-content\\\/uploads\\\/2021\\\/07\\\/meydan-logo.svg\",\"contentUrl\":\"https:\\\/\\\/www.meydan.tv\\\/wp-content\\\/uploads\\\/2021\\\/07\\\/meydan-logo.svg\",\"width\":195,\"height\":46,\"caption\":\"Meydan TV\"},\"image\":{\"@id\":\"https:\\\/\\\/www.meydan.tv\\\/az\\\/#\\\/schema\\\/logo\\\/image\\\/\"}},{\"@type\":\"Person\",\"@id\":\"https:\\\/\\\/www.meydan.tv\\\/az\\\/#\\\/schema\\\/person\\\/09863e516102a829e72bedcf3f84c6b0\",\"name\":\"mahmud\"}]}<\/script>\n<!-- \/ Yoast SEO plugin. -->","yoast_head_json":{"title":"Sudan istifad\u0259 il\u0259 ba\u011fl\u0131 yeni qanun layih\u0259si haz\u0131rlan\u0131r - MEYDAN.TV","robots":{"index":"index","follow":"follow","max-snippet":"max-snippet:-1","max-image-preview":"max-image-preview:large","max-video-preview":"max-video-preview:-1"},"canonical":"https:\/\/www.meydan.tv\/az\/article\/az%c9%99rbaycanda-sudan-istifad%c9%99-il%c9%99-bagli-yeni-qanun-layih%c9%99si-hazirlanir\/","og_locale":"az_AZ","og_type":"article","og_title":"Sudan istifad\u0259 il\u0259 ba\u011fl\u0131 yeni qanun layih\u0259si haz\u0131rlan\u0131r - MEYDAN.TV","og_description":"Sudan az istifad\u0259 ed\u0259nl\u0259r a\u015fa\u011f\u0131 tarifl\u0259, \u00e7ox istifad\u0259 ed\u0259nl\u0259r yuxar\u0131 ... Davam\u0131","og_url":"https:\/\/www.meydan.tv\/az\/article\/az%c9%99rbaycanda-sudan-istifad%c9%99-il%c9%99-bagli-yeni-qanun-layih%c9%99si-hazirlanir\/","og_site_name":"MEYDAN.TV","article_published_time":"2025-03-05T11:28:05+00:00","article_modified_time":"2025-03-05T12:18:56+00:00","og_image":[{"width":1179,"height":576,"url":"https:\/\/www.meydan.tv\/wp-content\/uploads\/4545-1.png","type":"image\/png"}],"author":"mahmud","twitter_card":"summary_large_image","schema":{"@context":"https:\/\/schema.org","@graph":[{"@type":"Article","@id":"https:\/\/www.meydan.tv\/az\/article\/az%c9%99rbaycanda-sudan-istifad%c9%99-il%c9%99-bagli-yeni-qanun-layih%c9%99si-hazirlanir\/#article","isPartOf":{"@id":"https:\/\/www.meydan.tv\/az\/article\/az%c9%99rbaycanda-sudan-istifad%c9%99-il%c9%99-bagli-yeni-qanun-layih%c9%99si-hazirlanir\/"},"author":{"name":"mahmud","@id":"https:\/\/www.meydan.tv\/az\/#\/schema\/person\/09863e516102a829e72bedcf3f84c6b0"},"headline":"Sudan istifad\u0259 il\u0259 ba\u011fl\u0131 yeni qanun layih\u0259si haz\u0131rlan\u0131r","datePublished":"2025-03-05T11:28:05+00:00","dateModified":"2025-03-05T12:18:56+00:00","mainEntityOfPage":{"@id":"https:\/\/www.meydan.tv\/az\/article\/az%c9%99rbaycanda-sudan-istifad%c9%99-il%c9%99-bagli-yeni-qanun-layih%c9%99si-hazirlanir\/"},"wordCount":403,"publisher":{"@id":"https:\/\/www.meydan.tv\/az\/#organization"},"image":{"@id":"https:\/\/www.meydan.tv\/az\/article\/az%c9%99rbaycanda-sudan-istifad%c9%99-il%c9%99-bagli-yeni-qanun-layih%c9%99si-hazirlanir\/#primaryimage"},"thumbnailUrl":"https:\/\/www.meydan.tv\/wp-content\/uploads\/4545-1.png","articleSection":["Sosial","T\u00f6vsiy\u0259","X\u0259b\u0259rl\u0259r"],"inLanguage":"az"},{"@type":"WebPage","@id":"https:\/\/www.meydan.tv\/az\/article\/az%c9%99rbaycanda-sudan-istifad%c9%99-il%c9%99-bagli-yeni-qanun-layih%c9%99si-hazirlanir\/","url":"https:\/\/www.meydan.tv\/az\/article\/az%c9%99rbaycanda-sudan-istifad%c9%99-il%c9%99-bagli-yeni-qanun-layih%c9%99si-hazirlanir\/","name":"Sudan istifad\u0259 il\u0259 ba\u011fl\u0131 yeni qanun layih\u0259si haz\u0131rlan\u0131r - MEYDAN.TV","isPartOf":{"@id":"https:\/\/www.meydan.tv\/az\/#website"},"primaryImageOfPage":{"@id":"https:\/\/www.meydan.tv\/az\/article\/az%c9%99rbaycanda-sudan-istifad%c9%99-il%c9%99-bagli-yeni-qanun-layih%c9%99si-hazirlanir\/#primaryimage"},"image":{"@id":"https:\/\/www.meydan.tv\/az\/article\/az%c9%99rbaycanda-sudan-istifad%c9%99-il%c9%99-bagli-yeni-qanun-layih%c9%99si-hazirlanir\/#primaryimage"},"thumbnailUrl":"https:\/\/www.meydan.tv\/wp-content\/uploads\/4545-1.png","datePublished":"2025-03-05T11:28:05+00:00","dateModified":"2025-03-05T12:18:56+00:00","breadcrumb":{"@id":"https:\/\/www.meydan.tv\/az\/article\/az%c9%99rbaycanda-sudan-istifad%c9%99-il%c9%99-bagli-yeni-qanun-layih%c9%99si-hazirlanir\/#breadcrumb"},"inLanguage":"az","potentialAction":[{"@type":"ReadAction","target":["https:\/\/www.meydan.tv\/az\/article\/az%c9%99rbaycanda-sudan-istifad%c9%99-il%c9%99-bagli-yeni-qanun-layih%c9%99si-hazirlanir\/"]}]},{"@type":"ImageObject","inLanguage":"az","@id":"https:\/\/www.meydan.tv\/az\/article\/az%c9%99rbaycanda-sudan-istifad%c9%99-il%c9%99-bagli-yeni-qanun-layih%c9%99si-hazirlanir\/#primaryimage","url":"https:\/\/www.meydan.tv\/wp-content\/uploads\/4545-1.png","contentUrl":"https:\/\/www.meydan.tv\/wp-content\/uploads\/4545-1.png","width":1179,"height":576,"caption":"\u0130\u00e7m\u0259li su. Foto: A\u0130"},{"@type":"BreadcrumbList","@id":"https:\/\/www.meydan.tv\/az\/article\/az%c9%99rbaycanda-sudan-istifad%c9%99-il%c9%99-bagli-yeni-qanun-layih%c9%99si-hazirlanir\/#breadcrumb","itemListElement":[{"@type":"ListItem","position":1,"name":"Ana s\u0259hif\u0259","item":"https:\/\/www.meydan.tv\/az\/"},{"@type":"ListItem","position":2,"name":"Sosial","item":"https:\/\/www.meydan.tv\/az\/section\/sosial\/"},{"@type":"ListItem","position":3,"name":"Sudan istifad\u0259 il\u0259 ba\u011fl\u0131 yeni qanun layih\u0259si haz\u0131rlan\u0131r"}]},{"@type":"WebSite","@id":"https:\/\/www.meydan.tv\/az\/#website","url":"https:\/\/www.meydan.tv\/az\/","name":"MEYDAN.TV","description":"Meydan TV Az\u0259rbaycan\u0131n media m\u0259kan\u0131ndak\u0131 alternativ s\u0259sidir","publisher":{"@id":"https:\/\/www.meydan.tv\/az\/#organization"},"potentialAction":[{"@type":"SearchAction","target":{"@type":"EntryPoint","urlTemplate":"https:\/\/www.meydan.tv\/az\/?s={search_term_string}"},"query-input":{"@type":"PropertyValueSpecification","valueRequired":true,"valueName":"search_term_string"}}],"inLanguage":"az"},{"@type":"Organization","@id":"https:\/\/www.meydan.tv\/az\/#organization","name":"Meydan TV","url":"https:\/\/www.meydan.tv\/az\/","logo":{"@type":"ImageObject","inLanguage":"az","@id":"https:\/\/www.meydan.tv\/az\/#\/schema\/logo\/image\/","url":"https:\/\/www.meydan.tv\/wp-content\/uploads\/2021\/07\/meydan-logo.svg","contentUrl":"https:\/\/www.meydan.tv\/wp-content\/uploads\/2021\/07\/meydan-logo.svg","width":195,"height":46,"caption":"Meydan TV"},"image":{"@id":"https:\/\/www.meydan.tv\/az\/#\/schema\/logo\/image\/"}},{"@type":"Person","@id":"https:\/\/www.meydan.tv\/az\/#\/schema\/person\/09863e516102a829e72bedcf3f84c6b0","name":"mahmud"}]}},"_links":{"self":[{"href":"https:\/\/www.meydan.tv\/az\/wp-json\/wp\/v2\/posts\/327275","targetHints":{"allow":["GET"]}}],"collection":[{"href":"https:\/\/www.meydan.tv\/az\/wp-json\/wp\/v2\/posts"}],"about":[{"href":"https:\/\/www.meydan.tv\/az\/wp-json\/wp\/v2\/types\/post"}],"author":[{"embeddable":true,"href":"https:\/\/www.meydan.tv\/az\/wp-json\/wp\/v2\/users\/21"}],"replies":[{"embeddable":true,"href":"https:\/\/www.meydan.tv\/az\/wp-json\/wp\/v2\/comments?post=327275"}],"version-history":[{"count":3,"href":"https:\/\/www.meydan.tv\/az\/wp-json\/wp\/v2\/posts\/327275\/revisions"}],"predecessor-version":[{"id":327282,"href":"https:\/\/www.meydan.tv\/az\/wp-json\/wp\/v2\/posts\/327275\/revisions\/327282"}],"wp:featuredmedia":[{"embeddable":true,"href":"https:\/\/www.meydan.tv\/az\/wp-json\/wp\/v2\/media\/327283"}],"wp:attachment":[{"href":"https:\/\/www.meydan.tv\/az\/wp-json\/wp\/v2\/media?parent=327275"}],"wp:term":[{"taxonomy":"category","embeddable":true,"href":"https:\/\/www.meydan.tv\/az\/wp-json\/wp\/v2\/categories?post=327275"},{"taxonomy":"post_tag","embeddable":true,"href":"https:\/\/www.meydan.tv\/az\/wp-json\/wp\/v2\/tags?post=327275"}],"curies":[{"name":"wp","href":"https:\/\/api.w.org\/{rel}","templated":true}]}}