{"id":327270,"date":"2025-03-05T14:24:07","date_gmt":"2025-03-05T10:24:07","guid":{"rendered":"https:\/\/www.meydan.tv\/?p=327270"},"modified":"2025-03-05T14:45:07","modified_gmt":"2025-03-05T10:45:07","slug":"v%c9%99kil-ad%c9%99m-m%c9%99mm%c9%99dovun-h%c9%99bs-edildiyi-bildirilir","status":"publish","type":"post","link":"https:\/\/www.meydan.tv\/az\/article\/v%c9%99kil-ad%c9%99m-m%c9%99mm%c9%99dovun-h%c9%99bs-edildiyi-bildirilir\/","title":{"rendered":"V\u0259kil Ad\u0259m M\u0259mm\u0259dovun h\u0259bs edildiyi bildirilir"},"content":{"rendered":"\n<p><\/p>\n\n\n\n<p><strong><em>Onun 6 ay azadl\u0131qdan m\u0259hrum edildiyi, qarda\u015f\u0131n\u0131n is\u0259 islah i\u015fl\u0259ri c\u0259zas\u0131 ald\u0131\u011f\u0131 deyilir<\/em><\/strong><\/p>\n\n\n\n<p>V\u0259kil Ad\u0259m M\u0259mm\u0259dovun h\u0259bs edildiyi <a href=\"https:\/\/report.az\/hadise\/taninmis-vekil-adem-memmedov-hebs-edilib\/\" target=\"_blank\" rel=\"noreferrer noopener\">bildirilir<\/a>. <\/p>\n\n\n\n<p>M\u0259lumata g\u00f6r\u0259, N\u0259rimanov Rayon M\u0259hk\u0259m\u0259sind\u0259 hakim G\u00fclt\u0259kin \u018fs\u0259dovan\u0131n h\u00f6km\u00fcn\u0259 \u0259s\u0259s\u0259n, Ad\u0259m M\u0259mm\u0259dov Cinay\u0259t M\u0259c\u0259ll\u0259sinin 147.2- ci (b\u00f6htan) v\u0259 148-ci (t\u0259hqir) madd\u0259si il\u0259 t\u0259qsirli bilin\u0259r\u0259k \u00fcmumilikd\u0259 6 ay m\u00fcdd\u0259tin\u0259 azadl\u0131qdan m\u0259hrum edilib.<\/p>\n\n\n\n<p>Ad\u0259m M\u0259mm\u0259dovun qarda\u015f\u0131 X\u0259yyam M\u0259mm\u0259dovun da h\u0259min madd\u0259l\u0259rl\u0259 t\u0259qsirli bilin\u0259r\u0259k bar\u0259sind\u0259 6 ay m\u00fcdd\u0259tin\u0259 islah i\u015fl\u0259ri c\u0259zas\u0131 ald\u0131\u011f\u0131 deyilir.<\/p>\n\n\n\n<p>Bu bar\u0259d\u0259 x\u00fcsusi ittiham\u00e7\u0131 Ceyhun Yusifovun v\u0259kili Asim Abbasov yerli mediaya m\u0259lumat verib.<\/p>\n\n\n\n<p>Asim Abbasov yerli mediaya bildirib ki, A.M\u0259mm\u0259dov v\u0259 qarda\u015f\u0131 h\u00fcquqlar\u0131n\u0131 m\u00fcdafi\u0259 etdiyi Ceyhun Yusifovu a\u011f\u0131r cinay\u0259td\u0259 ittiham ed\u0259r\u0259k ona b\u00f6htan at\u0131bm\u0131\u015f. S\u00f6hb\u0259t Ad\u0259m M\u0259mm\u0259dovun qarda\u015f\u0131 il\u0259 birg\u0259 r\u0259hb\u0259rlik etdiyi saytda d\u0259rc olunan yanl\u0131\u015f x\u0259b\u0259rl\u0259rd\u0259n gedir.<\/p>\n\n\n\n<p>\u0130ttihama Ad\u0259m M\u0259mm\u0259dovun v\u0259 qarda\u015f\u0131n\u0131n m\u00fcnasib\u0259ti m\u0259lum deyil.<\/p>\n\n\n\n<p>V\u0259kill\u0259r Kollegiyas\u0131 R\u0259yas\u0259t Hey\u0259tinin 27 yanvar tarixli q\u0259rar\u0131 il\u0259 Ad\u0259m M\u0259mm\u0259dovun f\u0259aliyy\u0259ti 3 ay m\u00fcdd\u0259tin\u0259 dayand\u0131r\u0131l\u0131b.<\/p>\n\n\n\n<p>V\u0259kil Ceyhun Yusifovun f\u0259aliyy\u0259ti is\u0259 \u00f6t\u0259n ilin noyabr ay\u0131ndan 1 illik dayand\u0131r\u0131l\u0131b.<\/p>\n","protected":false},"excerpt":{"rendered":"<p>Onun 6 ay azadl\u0131qdan m\u0259hrum edildiyi, qarda\u015f\u0131n\u0131n is\u0259 islah i\u015fl\u0259ri &#8230; <\/p>\n<p class=\"read-more-container\"><a title=\"V\u0259kil Ad\u0259m M\u0259mm\u0259dovun h\u0259bs edildiyi bildirilir\" class=\"read-more button\" href=\"https:\/\/www.meydan.tv\/az\/article\/v%c9%99kil-ad%c9%99m-m%c9%99mm%c9%99dovun-h%c9%99bs-edildiyi-bildirilir\/#more-327270\" aria-label=\"Read more about V\u0259kil Ad\u0259m M\u0259mm\u0259dovun h\u0259bs edildiyi bildirilir\">Davam\u0131<\/a><\/p>\n","protected":false},"author":21,"featured_media":310698,"comment_status":"closed","ping_status":"closed","sticky":false,"template":"","format":"standard","meta":{"_acf_changed":false,"_sitemap_exclude":false,"_sitemap_priority":"","_sitemap_frequency":"","footnotes":""},"categories":[62,79,56],"tags":[],"class_list":["post-327270","post","type-post","status-publish","format-standard","has-post-thumbnail","hentry","category-sosial","category-featured","category-xeberler","infinite-scroll-item","generate-columns","tablet-grid-50","mobile-grid-100","grid-parent","grid-33","no-featured-image-padding"],"acf":[],"yoast_head":"<!-- This site is optimized with the Yoast SEO plugin v27.4 - https:\/\/yoast.com\/product\/yoast-seo-wordpress\/ -->\n<title>V\u0259kil Ad\u0259m M\u0259mm\u0259dovun h\u0259bs edildiyi bildirilir - MEYDAN.TV<\/title>\n<meta name=\"robots\" content=\"index, follow, max-snippet:-1, max-image-preview:large, max-video-preview:-1\" \/>\n<link rel=\"canonical\" href=\"https:\/\/www.meydan.tv\/az\/article\/v%c9%99kil-ad%c9%99m-m%c9%99mm%c9%99dovun-h%c9%99bs-edildiyi-bildirilir\/\" \/>\n<meta property=\"og:locale\" content=\"az_AZ\" \/>\n<meta property=\"og:type\" content=\"article\" \/>\n<meta property=\"og:title\" content=\"V\u0259kil Ad\u0259m M\u0259mm\u0259dovun h\u0259bs edildiyi bildirilir - MEYDAN.TV\" \/>\n<meta property=\"og:description\" content=\"Onun 6 ay azadl\u0131qdan m\u0259hrum edildiyi, qarda\u015f\u0131n\u0131n is\u0259 islah i\u015fl\u0259ri ... Davam\u0131\" \/>\n<meta property=\"og:url\" content=\"https:\/\/www.meydan.tv\/az\/article\/v%c9%99kil-ad%c9%99m-m%c9%99mm%c9%99dovun-h%c9%99bs-edildiyi-bildirilir\/\" \/>\n<meta property=\"og:site_name\" content=\"MEYDAN.TV\" \/>\n<meta property=\"article:published_time\" content=\"2025-03-05T10:24:07+00:00\" \/>\n<meta property=\"article:modified_time\" content=\"2025-03-05T10:45:07+00:00\" \/>\n<meta property=\"og:image\" content=\"https:\/\/www.meydan.tv\/wp-content\/uploads\/13076646_1694482344165909_6630039812877454950_n.jpg\" \/>\n\t<meta property=\"og:image:width\" content=\"1200\" \/>\n\t<meta property=\"og:image:height\" content=\"863\" \/>\n\t<meta property=\"og:image:type\" content=\"image\/jpeg\" \/>\n<meta name=\"author\" content=\"mahmud\" \/>\n<meta name=\"twitter:card\" content=\"summary_large_image\" \/>\n<script type=\"application\/ld+json\" class=\"yoast-schema-graph\">{\"@context\":\"https:\\\/\\\/schema.org\",\"@graph\":[{\"@type\":\"Article\",\"@id\":\"https:\\\/\\\/www.meydan.tv\\\/az\\\/article\\\/v%c9%99kil-ad%c9%99m-m%c9%99mm%c9%99dovun-h%c9%99bs-edildiyi-bildirilir\\\/#article\",\"isPartOf\":{\"@id\":\"https:\\\/\\\/www.meydan.tv\\\/az\\\/article\\\/v%c9%99kil-ad%c9%99m-m%c9%99mm%c9%99dovun-h%c9%99bs-edildiyi-bildirilir\\\/\"},\"author\":{\"name\":\"mahmud\",\"@id\":\"https:\\\/\\\/www.meydan.tv\\\/az\\\/#\\\/schema\\\/person\\\/09863e516102a829e72bedcf3f84c6b0\"},\"headline\":\"V\u0259kil Ad\u0259m M\u0259mm\u0259dovun h\u0259bs edildiyi bildirilir\",\"datePublished\":\"2025-03-05T10:24:07+00:00\",\"dateModified\":\"2025-03-05T10:45:07+00:00\",\"mainEntityOfPage\":{\"@id\":\"https:\\\/\\\/www.meydan.tv\\\/az\\\/article\\\/v%c9%99kil-ad%c9%99m-m%c9%99mm%c9%99dovun-h%c9%99bs-edildiyi-bildirilir\\\/\"},\"wordCount\":279,\"publisher\":{\"@id\":\"https:\\\/\\\/www.meydan.tv\\\/az\\\/#organization\"},\"image\":{\"@id\":\"https:\\\/\\\/www.meydan.tv\\\/az\\\/article\\\/v%c9%99kil-ad%c9%99m-m%c9%99mm%c9%99dovun-h%c9%99bs-edildiyi-bildirilir\\\/#primaryimage\"},\"thumbnailUrl\":\"https:\\\/\\\/www.meydan.tv\\\/wp-content\\\/uploads\\\/13076646_1694482344165909_6630039812877454950_n.jpg\",\"articleSection\":[\"Sosial\",\"T\u00f6vsiy\u0259\",\"X\u0259b\u0259rl\u0259r\"],\"inLanguage\":\"az\"},{\"@type\":\"WebPage\",\"@id\":\"https:\\\/\\\/www.meydan.tv\\\/az\\\/article\\\/v%c9%99kil-ad%c9%99m-m%c9%99mm%c9%99dovun-h%c9%99bs-edildiyi-bildirilir\\\/\",\"url\":\"https:\\\/\\\/www.meydan.tv\\\/az\\\/article\\\/v%c9%99kil-ad%c9%99m-m%c9%99mm%c9%99dovun-h%c9%99bs-edildiyi-bildirilir\\\/\",\"name\":\"V\u0259kil Ad\u0259m M\u0259mm\u0259dovun h\u0259bs edildiyi bildirilir - MEYDAN.TV\",\"isPartOf\":{\"@id\":\"https:\\\/\\\/www.meydan.tv\\\/az\\\/#website\"},\"primaryImageOfPage\":{\"@id\":\"https:\\\/\\\/www.meydan.tv\\\/az\\\/article\\\/v%c9%99kil-ad%c9%99m-m%c9%99mm%c9%99dovun-h%c9%99bs-edildiyi-bildirilir\\\/#primaryimage\"},\"image\":{\"@id\":\"https:\\\/\\\/www.meydan.tv\\\/az\\\/article\\\/v%c9%99kil-ad%c9%99m-m%c9%99mm%c9%99dovun-h%c9%99bs-edildiyi-bildirilir\\\/#primaryimage\"},\"thumbnailUrl\":\"https:\\\/\\\/www.meydan.tv\\\/wp-content\\\/uploads\\\/13076646_1694482344165909_6630039812877454950_n.jpg\",\"datePublished\":\"2025-03-05T10:24:07+00:00\",\"dateModified\":\"2025-03-05T10:45:07+00:00\",\"breadcrumb\":{\"@id\":\"https:\\\/\\\/www.meydan.tv\\\/az\\\/article\\\/v%c9%99kil-ad%c9%99m-m%c9%99mm%c9%99dovun-h%c9%99bs-edildiyi-bildirilir\\\/#breadcrumb\"},\"inLanguage\":\"az\",\"potentialAction\":[{\"@type\":\"ReadAction\",\"target\":[\"https:\\\/\\\/www.meydan.tv\\\/az\\\/article\\\/v%c9%99kil-ad%c9%99m-m%c9%99mm%c9%99dovun-h%c9%99bs-edildiyi-bildirilir\\\/\"]}]},{\"@type\":\"ImageObject\",\"inLanguage\":\"az\",\"@id\":\"https:\\\/\\\/www.meydan.tv\\\/az\\\/article\\\/v%c9%99kil-ad%c9%99m-m%c9%99mm%c9%99dovun-h%c9%99bs-edildiyi-bildirilir\\\/#primaryimage\",\"url\":\"https:\\\/\\\/www.meydan.tv\\\/wp-content\\\/uploads\\\/13076646_1694482344165909_6630039812877454950_n.jpg\",\"contentUrl\":\"https:\\\/\\\/www.meydan.tv\\\/wp-content\\\/uploads\\\/13076646_1694482344165909_6630039812877454950_n.jpg\",\"width\":1200,\"height\":863,\"caption\":\"Foto: Ad\u0259m M\u0259mm\u0259dovun \u015f\u0259xsi arxivind\u0259n\"},{\"@type\":\"BreadcrumbList\",\"@id\":\"https:\\\/\\\/www.meydan.tv\\\/az\\\/article\\\/v%c9%99kil-ad%c9%99m-m%c9%99mm%c9%99dovun-h%c9%99bs-edildiyi-bildirilir\\\/#breadcrumb\",\"itemListElement\":[{\"@type\":\"ListItem\",\"position\":1,\"name\":\"Ana s\u0259hif\u0259\",\"item\":\"https:\\\/\\\/www.meydan.tv\\\/az\\\/\"},{\"@type\":\"ListItem\",\"position\":2,\"name\":\"Sosial\",\"item\":\"https:\\\/\\\/www.meydan.tv\\\/az\\\/section\\\/sosial\\\/\"},{\"@type\":\"ListItem\",\"position\":3,\"name\":\"V\u0259kil Ad\u0259m M\u0259mm\u0259dovun h\u0259bs edildiyi bildirilir\"}]},{\"@type\":\"WebSite\",\"@id\":\"https:\\\/\\\/www.meydan.tv\\\/az\\\/#website\",\"url\":\"https:\\\/\\\/www.meydan.tv\\\/az\\\/\",\"name\":\"MEYDAN.TV\",\"description\":\"Meydan TV Az\u0259rbaycan\u0131n media m\u0259kan\u0131ndak\u0131 alternativ s\u0259sidir\",\"publisher\":{\"@id\":\"https:\\\/\\\/www.meydan.tv\\\/az\\\/#organization\"},\"potentialAction\":[{\"@type\":\"SearchAction\",\"target\":{\"@type\":\"EntryPoint\",\"urlTemplate\":\"https:\\\/\\\/www.meydan.tv\\\/az\\\/?s={search_term_string}\"},\"query-input\":{\"@type\":\"PropertyValueSpecification\",\"valueRequired\":true,\"valueName\":\"search_term_string\"}}],\"inLanguage\":\"az\"},{\"@type\":\"Organization\",\"@id\":\"https:\\\/\\\/www.meydan.tv\\\/az\\\/#organization\",\"name\":\"Meydan TV\",\"url\":\"https:\\\/\\\/www.meydan.tv\\\/az\\\/\",\"logo\":{\"@type\":\"ImageObject\",\"inLanguage\":\"az\",\"@id\":\"https:\\\/\\\/www.meydan.tv\\\/az\\\/#\\\/schema\\\/logo\\\/image\\\/\",\"url\":\"https:\\\/\\\/www.meydan.tv\\\/wp-content\\\/uploads\\\/2021\\\/07\\\/meydan-logo.svg\",\"contentUrl\":\"https:\\\/\\\/www.meydan.tv\\\/wp-content\\\/uploads\\\/2021\\\/07\\\/meydan-logo.svg\",\"width\":195,\"height\":46,\"caption\":\"Meydan TV\"},\"image\":{\"@id\":\"https:\\\/\\\/www.meydan.tv\\\/az\\\/#\\\/schema\\\/logo\\\/image\\\/\"}},{\"@type\":\"Person\",\"@id\":\"https:\\\/\\\/www.meydan.tv\\\/az\\\/#\\\/schema\\\/person\\\/09863e516102a829e72bedcf3f84c6b0\",\"name\":\"mahmud\"}]}<\/script>\n<!-- \/ Yoast SEO plugin. -->","yoast_head_json":{"title":"V\u0259kil Ad\u0259m M\u0259mm\u0259dovun h\u0259bs edildiyi bildirilir - MEYDAN.TV","robots":{"index":"index","follow":"follow","max-snippet":"max-snippet:-1","max-image-preview":"max-image-preview:large","max-video-preview":"max-video-preview:-1"},"canonical":"https:\/\/www.meydan.tv\/az\/article\/v%c9%99kil-ad%c9%99m-m%c9%99mm%c9%99dovun-h%c9%99bs-edildiyi-bildirilir\/","og_locale":"az_AZ","og_type":"article","og_title":"V\u0259kil Ad\u0259m M\u0259mm\u0259dovun h\u0259bs edildiyi bildirilir - MEYDAN.TV","og_description":"Onun 6 ay azadl\u0131qdan m\u0259hrum edildiyi, qarda\u015f\u0131n\u0131n is\u0259 islah i\u015fl\u0259ri ... Davam\u0131","og_url":"https:\/\/www.meydan.tv\/az\/article\/v%c9%99kil-ad%c9%99m-m%c9%99mm%c9%99dovun-h%c9%99bs-edildiyi-bildirilir\/","og_site_name":"MEYDAN.TV","article_published_time":"2025-03-05T10:24:07+00:00","article_modified_time":"2025-03-05T10:45:07+00:00","og_image":[{"width":1200,"height":863,"url":"https:\/\/www.meydan.tv\/wp-content\/uploads\/13076646_1694482344165909_6630039812877454950_n.jpg","type":"image\/jpeg"}],"author":"mahmud","twitter_card":"summary_large_image","schema":{"@context":"https:\/\/schema.org","@graph":[{"@type":"Article","@id":"https:\/\/www.meydan.tv\/az\/article\/v%c9%99kil-ad%c9%99m-m%c9%99mm%c9%99dovun-h%c9%99bs-edildiyi-bildirilir\/#article","isPartOf":{"@id":"https:\/\/www.meydan.tv\/az\/article\/v%c9%99kil-ad%c9%99m-m%c9%99mm%c9%99dovun-h%c9%99bs-edildiyi-bildirilir\/"},"author":{"name":"mahmud","@id":"https:\/\/www.meydan.tv\/az\/#\/schema\/person\/09863e516102a829e72bedcf3f84c6b0"},"headline":"V\u0259kil Ad\u0259m M\u0259mm\u0259dovun h\u0259bs edildiyi bildirilir","datePublished":"2025-03-05T10:24:07+00:00","dateModified":"2025-03-05T10:45:07+00:00","mainEntityOfPage":{"@id":"https:\/\/www.meydan.tv\/az\/article\/v%c9%99kil-ad%c9%99m-m%c9%99mm%c9%99dovun-h%c9%99bs-edildiyi-bildirilir\/"},"wordCount":279,"publisher":{"@id":"https:\/\/www.meydan.tv\/az\/#organization"},"image":{"@id":"https:\/\/www.meydan.tv\/az\/article\/v%c9%99kil-ad%c9%99m-m%c9%99mm%c9%99dovun-h%c9%99bs-edildiyi-bildirilir\/#primaryimage"},"thumbnailUrl":"https:\/\/www.meydan.tv\/wp-content\/uploads\/13076646_1694482344165909_6630039812877454950_n.jpg","articleSection":["Sosial","T\u00f6vsiy\u0259","X\u0259b\u0259rl\u0259r"],"inLanguage":"az"},{"@type":"WebPage","@id":"https:\/\/www.meydan.tv\/az\/article\/v%c9%99kil-ad%c9%99m-m%c9%99mm%c9%99dovun-h%c9%99bs-edildiyi-bildirilir\/","url":"https:\/\/www.meydan.tv\/az\/article\/v%c9%99kil-ad%c9%99m-m%c9%99mm%c9%99dovun-h%c9%99bs-edildiyi-bildirilir\/","name":"V\u0259kil Ad\u0259m M\u0259mm\u0259dovun h\u0259bs edildiyi bildirilir - MEYDAN.TV","isPartOf":{"@id":"https:\/\/www.meydan.tv\/az\/#website"},"primaryImageOfPage":{"@id":"https:\/\/www.meydan.tv\/az\/article\/v%c9%99kil-ad%c9%99m-m%c9%99mm%c9%99dovun-h%c9%99bs-edildiyi-bildirilir\/#primaryimage"},"image":{"@id":"https:\/\/www.meydan.tv\/az\/article\/v%c9%99kil-ad%c9%99m-m%c9%99mm%c9%99dovun-h%c9%99bs-edildiyi-bildirilir\/#primaryimage"},"thumbnailUrl":"https:\/\/www.meydan.tv\/wp-content\/uploads\/13076646_1694482344165909_6630039812877454950_n.jpg","datePublished":"2025-03-05T10:24:07+00:00","dateModified":"2025-03-05T10:45:07+00:00","breadcrumb":{"@id":"https:\/\/www.meydan.tv\/az\/article\/v%c9%99kil-ad%c9%99m-m%c9%99mm%c9%99dovun-h%c9%99bs-edildiyi-bildirilir\/#breadcrumb"},"inLanguage":"az","potentialAction":[{"@type":"ReadAction","target":["https:\/\/www.meydan.tv\/az\/article\/v%c9%99kil-ad%c9%99m-m%c9%99mm%c9%99dovun-h%c9%99bs-edildiyi-bildirilir\/"]}]},{"@type":"ImageObject","inLanguage":"az","@id":"https:\/\/www.meydan.tv\/az\/article\/v%c9%99kil-ad%c9%99m-m%c9%99mm%c9%99dovun-h%c9%99bs-edildiyi-bildirilir\/#primaryimage","url":"https:\/\/www.meydan.tv\/wp-content\/uploads\/13076646_1694482344165909_6630039812877454950_n.jpg","contentUrl":"https:\/\/www.meydan.tv\/wp-content\/uploads\/13076646_1694482344165909_6630039812877454950_n.jpg","width":1200,"height":863,"caption":"Foto: Ad\u0259m M\u0259mm\u0259dovun \u015f\u0259xsi arxivind\u0259n"},{"@type":"BreadcrumbList","@id":"https:\/\/www.meydan.tv\/az\/article\/v%c9%99kil-ad%c9%99m-m%c9%99mm%c9%99dovun-h%c9%99bs-edildiyi-bildirilir\/#breadcrumb","itemListElement":[{"@type":"ListItem","position":1,"name":"Ana s\u0259hif\u0259","item":"https:\/\/www.meydan.tv\/az\/"},{"@type":"ListItem","position":2,"name":"Sosial","item":"https:\/\/www.meydan.tv\/az\/section\/sosial\/"},{"@type":"ListItem","position":3,"name":"V\u0259kil Ad\u0259m M\u0259mm\u0259dovun h\u0259bs edildiyi bildirilir"}]},{"@type":"WebSite","@id":"https:\/\/www.meydan.tv\/az\/#website","url":"https:\/\/www.meydan.tv\/az\/","name":"MEYDAN.TV","description":"Meydan TV Az\u0259rbaycan\u0131n media m\u0259kan\u0131ndak\u0131 alternativ s\u0259sidir","publisher":{"@id":"https:\/\/www.meydan.tv\/az\/#organization"},"potentialAction":[{"@type":"SearchAction","target":{"@type":"EntryPoint","urlTemplate":"https:\/\/www.meydan.tv\/az\/?s={search_term_string}"},"query-input":{"@type":"PropertyValueSpecification","valueRequired":true,"valueName":"search_term_string"}}],"inLanguage":"az"},{"@type":"Organization","@id":"https:\/\/www.meydan.tv\/az\/#organization","name":"Meydan TV","url":"https:\/\/www.meydan.tv\/az\/","logo":{"@type":"ImageObject","inLanguage":"az","@id":"https:\/\/www.meydan.tv\/az\/#\/schema\/logo\/image\/","url":"https:\/\/www.meydan.tv\/wp-content\/uploads\/2021\/07\/meydan-logo.svg","contentUrl":"https:\/\/www.meydan.tv\/wp-content\/uploads\/2021\/07\/meydan-logo.svg","width":195,"height":46,"caption":"Meydan TV"},"image":{"@id":"https:\/\/www.meydan.tv\/az\/#\/schema\/logo\/image\/"}},{"@type":"Person","@id":"https:\/\/www.meydan.tv\/az\/#\/schema\/person\/09863e516102a829e72bedcf3f84c6b0","name":"mahmud"}]}},"_links":{"self":[{"href":"https:\/\/www.meydan.tv\/az\/wp-json\/wp\/v2\/posts\/327270","targetHints":{"allow":["GET"]}}],"collection":[{"href":"https:\/\/www.meydan.tv\/az\/wp-json\/wp\/v2\/posts"}],"about":[{"href":"https:\/\/www.meydan.tv\/az\/wp-json\/wp\/v2\/types\/post"}],"author":[{"embeddable":true,"href":"https:\/\/www.meydan.tv\/az\/wp-json\/wp\/v2\/users\/21"}],"replies":[{"embeddable":true,"href":"https:\/\/www.meydan.tv\/az\/wp-json\/wp\/v2\/comments?post=327270"}],"version-history":[{"count":2,"href":"https:\/\/www.meydan.tv\/az\/wp-json\/wp\/v2\/posts\/327270\/revisions"}],"predecessor-version":[{"id":327272,"href":"https:\/\/www.meydan.tv\/az\/wp-json\/wp\/v2\/posts\/327270\/revisions\/327272"}],"wp:featuredmedia":[{"embeddable":true,"href":"https:\/\/www.meydan.tv\/az\/wp-json\/wp\/v2\/media\/310698"}],"wp:attachment":[{"href":"https:\/\/www.meydan.tv\/az\/wp-json\/wp\/v2\/media?parent=327270"}],"wp:term":[{"taxonomy":"category","embeddable":true,"href":"https:\/\/www.meydan.tv\/az\/wp-json\/wp\/v2\/categories?post=327270"},{"taxonomy":"post_tag","embeddable":true,"href":"https:\/\/www.meydan.tv\/az\/wp-json\/wp\/v2\/tags?post=327270"}],"curies":[{"name":"wp","href":"https:\/\/api.w.org\/{rel}","templated":true}]}}