{"id":327260,"date":"2025-03-04T20:20:51","date_gmt":"2025-03-04T16:20:51","guid":{"rendered":"https:\/\/www.meydan.tv\/?p=327260"},"modified":"2025-03-04T20:20:54","modified_gmt":"2025-03-04T16:20:54","slug":"abzascilar-bu-d%c9%99f%c9%99-d%c9%99-m%c9%99hk%c9%99m%c9%99-prosesind%c9%99-istirakdan-imtina-edibl%c9%99r","status":"publish","type":"post","link":"https:\/\/www.meydan.tv\/az\/article\/abzascilar-bu-d%c9%99f%c9%99-d%c9%99-m%c9%99hk%c9%99m%c9%99-prosesind%c9%99-istirakdan-imtina-edibl%c9%99r\/","title":{"rendered":"\u201cAbzas\u201d\u00e7\u0131lar bu d\u0259f\u0259 d\u0259 m\u0259hk\u0259m\u0259 prosesind\u0259 i\u015ftirakdan imtina edibl\u0259r"},"content":{"rendered":"\n<p><\/p>\n\n\n\n<p><strong><em>Bu, art\u0131q \u00fc\u00e7\u00fcnc\u00fc iclasd\u0131r ki, jurnalistl\u0259r i\u015ftirakdan imtina etdiyin\u0259 g\u00f6r\u0259 t\u0259xir\u0259 sal\u0131n\u0131r<\/em><\/strong><\/p>\n\n\n\n<p>\u201cAbzasMedia\u201d i\u015fi \u00fczr\u0259 h\u0259bsd\u0259 olan jurnalistl\u0259r istintaq t\u0259cridxanas\u0131nda, el\u0259c\u0259 d\u0259 m\u0259hk\u0259m\u0259y\u0259 g\u0259tiril\u0259rk\u0259n, onlara qar\u015f\u0131 ya\u015fananlar\u0131n ara\u015fd\u0131r\u0131lmamas\u0131na etiraz olaraq, mart\u0131n 4-n\u0259 t\u0259yin olunan m\u0259hk\u0259m\u0259 prosesind\u0259 d\u0259 i\u015ftirakdan imtina edibl\u0259r.<\/p>\n\n\n\n<p>N\u0259\u015frin t\u0259sis\u00e7isi v\u0259 icra\u00e7\u0131 direktoru \u00dclvi H\u0259s\u0259nli, ba\u015f redaktoru Sevinc Abbasova (Vaqifq\u0131z\u0131), jurnalistl\u0259r Elnar\u0259 Qas\u0131ml\u0131 v\u0259 N\u0259rgiz Absalamova m\u0259hk\u0259m\u0259 iclas\u0131na g\u0259lm\u0259yibl\u0259r.<\/p>\n\n\n\n<p>Bu \u00fczd\u0259n, \u201cAbzasMedia\u201d i\u015fi \u00fczr\u0259 Bak\u0131 A\u011f\u0131r Cinay\u0259tl\u0259r M\u0259hk\u0259m\u0259sind\u0259 m\u0259hk\u0259m\u0259 iclas\u0131 ba\u015f tutmay\u0131b.<\/p>\n\n\n\n<p>Onlar etiraz olaraq bundan \u0259vv\u0259kli iki m\u0259hk\u0259m\u0259 prosesin\u0259 d\u0259 qat\u0131lmay\u0131blar. Bu, art\u0131q \u00fc\u00e7\u00fcnc\u00fc iclasd\u0131r ki, jurnalistl\u0259r i\u015ftirakdan imtina etdiyin\u0259 g\u00f6r\u0259 t\u0259xir\u0259 sal\u0131n\u0131r.<\/p>\n\n\n\n<p>M\u00fcdafi\u0259 t\u0259r\u0259finin s\u00f6zl\u0259rin\u0259 g\u00f6r\u0259, bunun s\u0259b\u0259bi jurnalistl\u0259rin saxland\u0131qlar\u0131 1 sayl\u0131 Bak\u0131 \u0130stintaq T\u0259cridxanas\u0131nda \u00fczl\u0259\u015fdikl\u0259ri fiziki zorak\u0131l\u0131q v\u0259 qeyri-insani r\u0259ftarla ba\u011fl\u0131 \u015fikay\u0259tl\u0259rinin m\u0259hk\u0259m\u0259 t\u0259r\u0259find\u0259n ara\u015fd\u0131r\u0131lmamas\u0131d\u0131r.<\/p>\n\n\n\n<p>Onlar yayd\u0131qlar\u0131 b\u0259yanatda bildiribl\u0259r ki, m\u0259hk\u0259m\u0259 onlara qar\u015f\u0131 zorak\u0131l\u0131q v\u0259 pis r\u0259ftarla ba\u011fl\u0131 s\u0259m\u0259r\u0259li ara\u015fd\u0131rma aparmay\u0131b, qanunsuz h\u0259r\u0259k\u0259tl\u0259r\u0259 yol ver\u0259n \u015f\u0259xsl\u0259r indiy\u0259d\u0259k c\u0259zaland\u0131r\u0131lmay\u0131b:<\/p>\n\n\n\n<p><em>\u201cBu da onu g\u00f6st\u0259rir ki, biz\u0259 qar\u015f\u0131 zorak\u0131l\u0131qlar \u00f6zf\u0259aliyy\u0259t deyil, siyasi sifari\u015fdir. Biz he\u00e7 bir halda qanunsuzluqlara g\u00f6z yummayaca\u011f\u0131q<\/em>\u201d.<\/p>\n\n\n\n<p>\u201cAbzasMedia\u201d i\u015fi \u00fczr\u0259 t\u0259qsirl\u0259ndiril\u0259n jurnalistl\u0259r Bak\u0131 A\u011f\u0131r Cinay\u0259tl\u0259r M\u0259hk\u0259m\u0259sind\u0259 ke\u00e7iril\u0259n iclaslara g\u0259tiril\u0259rk\u0259n, saatlarla zirz\u0259mid\u0259 &#8211; soyuq v\u0259 nat\u0259miz \u015f\u0259raitd\u0259 saxland\u0131qlar\u0131n\u0131 iddia edirl\u0259r.<\/p>\n\n\n\n<p>M\u0259hk\u0259m\u0259 prosesin\u0259 s\u0259drlik ed\u0259n hakim Rasim Sad\u0131xov jurnalistl\u0259rin naraz\u0131l\u0131\u011f\u0131ndan sonra dustaqlar\u0131n saxland\u0131\u011f\u0131 yeri g\u00f6rm\u0259kd\u0259n \u00f6tr\u00fc s\u00f6z\u00fcged\u0259n ota\u011fa ba\u015f \u00e7\u0259kdiyini deyib: <em>\u201c\u015e\u0259xs\u0259n \u00f6z\u00fcm gedib baxd\u0131m, v\u0259ziyy\u0259tl\u0259 tan\u0131\u015f oldum. Deyildiyi kimi nat\u0259miz \u015f\u0259rait deyildi\u201d.<\/em><\/p>\n\n\n\n<p>Penitensiar Xidm\u0259t Bak\u0131 \u0130stintaq T\u0259cridxanas\u0131nda saxlan\u0131lan jurnalistl\u0259r\u0259 qar\u015f\u0131 pis r\u0259ftarla ba\u011fl\u0131 deyil\u0259nl\u0259ri t\u0259kzib edib.<\/p>\n\n\n\n<p>\u201cAbzasMedia\u201d i\u015fi \u00fczr\u0259 h\u0259bsl\u0259r 2023-c\u00fc il noyabr\u0131n 20-d\u0259n ba\u015flay\u0131b. \u018fvv\u0259l n\u0259\u015frin t\u0259sis\u00e7isi v\u0259 direktoru \u00dclvi H\u0259s\u0259nli v\u0259 koordinatoru M\u0259h\u0259mm\u0259d Kekalov, daha sonra ba\u015f redaktoru Sevinc Vaqifq\u0131z\u0131 h\u0259bs edilib.<\/p>\n\n\n\n<p>Daha sonra h\u0259bsl\u0259r ara\u015fd\u0131rma\u00e7\u0131 jurnalist Hafiz Babal\u0131, N\u0259rgiz Absalamova, Elnar\u0259 Qas\u0131mova, F\u0259rid Mehral\u0131zad\u0259 il\u0259 davam edib. Onlara qar\u015f\u0131 Cinay\u0259t M\u0259c\u0259ll\u0259sinin 206.3.2-ci (bir qrup \u015f\u0259xs t\u0259r\u0259find\u0259n qa\u00e7aqmal\u00e7\u0131l\u0131q) madd\u0259sil\u0259 ittiham ir\u0259li s\u00fcr\u00fcl\u00fcb. \u0130stintaq\u0131n sonunda ittiham a\u011f\u0131rla\u015fd\u0131r\u0131l\u0131b. Jurnalistl\u0259r\u0259 qanunsuz sahibkarl\u0131q, cinay\u0259t yolu il\u0259 \u0259ld\u0259 olunan v\u0259saitl\u0259rin leqalla\u015fd\u0131r\u0131lmas\u0131, vergid\u0259n yay\u0131nma v\u0259 s. il\u0259 ba\u011fl\u0131 \u0259lav\u0259 ittihamlar verilib. Jurnalistl\u0259r\u0259 ittiham veril\u0259n madd\u0259l\u0259rin sanksiyas\u0131nda 12 il\u0259 q\u0259d\u0259r azadl\u0131qdan m\u0259hrumetm\u0259 c\u0259zas\u0131 n\u0259z\u0259rd\u0259 tutulub.<\/p>\n\n\n\n<p>2023-c\u00fc il noyabr\u0131n 20-d\u0259 \u00dclvi H\u0259s\u0259nli saxland\u0131qdan sonra \u201cAbzasMedia\u201dn\u0131n ofisind\u0259 axtar\u0131\u015f apar\u0131l\u0131b. Sayt\u0131n ofisind\u0259n 40 min avro pul tap\u0131ld\u0131\u011f\u0131 iddia olunub.<\/p>\n\n\n\n<p>\u00dclvi H\u0259s\u0259nli is\u0259 orada pul olmad\u0131\u011f\u0131n\u0131, 40 min avronun ofis\u0259 onu tapd\u0131\u011f\u0131n\u0131 iddia ed\u0259nl\u0259rin \u00f6zl\u0259ri t\u0259r\u0259find\u0259n qoyuldu\u011funu bildirib.<\/p>\n\n\n\n<p>Adlar\u0131 \u00e7\u0259kil\u0259n jurnalistl\u0259rin he\u00e7 biri \u00f6z\u00fcn\u00fc t\u0259qsirli bilmir, \u201cAbzasMedia\u201dda Prezidentin ail\u0259 \u00fczvl\u0259ri d\u0259 daxil olmaqla, bir s\u0131ra v\u0259zif\u0259li \u015f\u0259xsl\u0259rin biznesi, korrupsiya il\u0259 ba\u011fl\u0131 ara\u015fd\u0131rmalara g\u00f6r\u0259 c\u0259zaland\u0131r\u0131ld\u0131qlar\u0131n\u0131 bildiribl\u0259r.<\/p>\n\n\n\n<p>H\u00f6kum\u0259t t\u0259msil\u00e7il\u0259ri is\u0259 h\u0259bs olunanlar\u0131n konkret faktlar \u0259sas\u0131nda c\u0259zaland\u0131r\u0131ld\u0131qlar\u0131n\u0131 bildirirl\u0259r.<\/p>\n","protected":false},"excerpt":{"rendered":"<p>Bu, art\u0131q \u00fc\u00e7\u00fcnc\u00fc iclasd\u0131r ki, jurnalistl\u0259r i\u015ftirakdan imtina etdiyin\u0259 g\u00f6r\u0259 &#8230; <\/p>\n<p class=\"read-more-container\"><a title=\"\u201cAbzas\u201d\u00e7\u0131lar bu d\u0259f\u0259 d\u0259 m\u0259hk\u0259m\u0259 prosesind\u0259 i\u015ftirakdan imtina edibl\u0259r\" class=\"read-more button\" href=\"https:\/\/www.meydan.tv\/az\/article\/abzascilar-bu-d%c9%99f%c9%99-d%c9%99-m%c9%99hk%c9%99m%c9%99-prosesind%c9%99-istirakdan-imtina-edibl%c9%99r\/#more-327260\" aria-label=\"Read more about \u201cAbzas\u201d\u00e7\u0131lar bu d\u0259f\u0259 d\u0259 m\u0259hk\u0259m\u0259 prosesind\u0259 i\u015ftirakdan imtina edibl\u0259r\">Davam\u0131<\/a><\/p>\n","protected":false},"author":21,"featured_media":313611,"comment_status":"closed","ping_status":"closed","sticky":false,"template":"","format":"standard","meta":{"_acf_changed":false,"_sitemap_exclude":false,"_sitemap_priority":"","_sitemap_frequency":"","footnotes":""},"categories":[59,79,56],"tags":[],"class_list":["post-327260","post","type-post","status-publish","format-standard","has-post-thumbnail","hentry","category-siyaset","category-featured","category-xeberler","infinite-scroll-item","generate-columns","tablet-grid-50","mobile-grid-100","grid-parent","grid-33","no-featured-image-padding"],"acf":[],"yoast_head":"<!-- This site is optimized with the Yoast SEO plugin v27.5 - https:\/\/yoast.com\/product\/yoast-seo-wordpress\/ -->\n<title>\u201cAbzas\u201d\u00e7\u0131lar bu d\u0259f\u0259 d\u0259 m\u0259hk\u0259m\u0259 prosesind\u0259 i\u015ftirakdan imtina edibl\u0259r - MEYDAN.TV<\/title>\n<meta name=\"robots\" content=\"index, follow, max-snippet:-1, max-image-preview:large, max-video-preview:-1\" \/>\n<link rel=\"canonical\" href=\"https:\/\/www.meydan.tv\/az\/article\/abzascilar-bu-d%c9%99f%c9%99-d%c9%99-m%c9%99hk%c9%99m%c9%99-prosesind%c9%99-istirakdan-imtina-edibl%c9%99r\/\" \/>\n<meta property=\"og:locale\" content=\"az_AZ\" \/>\n<meta property=\"og:type\" content=\"article\" \/>\n<meta property=\"og:title\" content=\"\u201cAbzas\u201d\u00e7\u0131lar bu d\u0259f\u0259 d\u0259 m\u0259hk\u0259m\u0259 prosesind\u0259 i\u015ftirakdan imtina edibl\u0259r - MEYDAN.TV\" \/>\n<meta property=\"og:description\" content=\"Bu, art\u0131q \u00fc\u00e7\u00fcnc\u00fc iclasd\u0131r ki, jurnalistl\u0259r i\u015ftirakdan imtina etdiyin\u0259 g\u00f6r\u0259 ... Davam\u0131\" \/>\n<meta property=\"og:url\" content=\"https:\/\/www.meydan.tv\/az\/article\/abzascilar-bu-d%c9%99f%c9%99-d%c9%99-m%c9%99hk%c9%99m%c9%99-prosesind%c9%99-istirakdan-imtina-edibl%c9%99r\/\" \/>\n<meta property=\"og:site_name\" content=\"MEYDAN.TV\" \/>\n<meta property=\"article:published_time\" content=\"2025-03-04T16:20:51+00:00\" \/>\n<meta property=\"article:modified_time\" content=\"2025-03-04T16:20:54+00:00\" \/>\n<meta property=\"og:image\" content=\"https:\/\/www.meydan.tv\/wp-content\/uploads\/img_2391-e1724410398244.png\" \/>\n\t<meta property=\"og:image:width\" content=\"1200\" \/>\n\t<meta property=\"og:image:height\" content=\"484\" \/>\n\t<meta property=\"og:image:type\" content=\"image\/png\" \/>\n<meta name=\"author\" content=\"mahmud\" \/>\n<meta name=\"twitter:card\" content=\"summary_large_image\" \/>\n<script type=\"application\/ld+json\" class=\"yoast-schema-graph\">{\"@context\":\"https:\\\/\\\/schema.org\",\"@graph\":[{\"@type\":\"Article\",\"@id\":\"https:\\\/\\\/www.meydan.tv\\\/az\\\/article\\\/abzascilar-bu-d%c9%99f%c9%99-d%c9%99-m%c9%99hk%c9%99m%c9%99-prosesind%c9%99-istirakdan-imtina-edibl%c9%99r\\\/#article\",\"isPartOf\":{\"@id\":\"https:\\\/\\\/www.meydan.tv\\\/az\\\/article\\\/abzascilar-bu-d%c9%99f%c9%99-d%c9%99-m%c9%99hk%c9%99m%c9%99-prosesind%c9%99-istirakdan-imtina-edibl%c9%99r\\\/\"},\"author\":{\"name\":\"mahmud\",\"@id\":\"https:\\\/\\\/www.meydan.tv\\\/az\\\/#\\\/schema\\\/person\\\/09863e516102a829e72bedcf3f84c6b0\"},\"headline\":\"\u201cAbzas\u201d\u00e7\u0131lar bu d\u0259f\u0259 d\u0259 m\u0259hk\u0259m\u0259 prosesind\u0259 i\u015ftirakdan imtina edibl\u0259r\",\"datePublished\":\"2025-03-04T16:20:51+00:00\",\"dateModified\":\"2025-03-04T16:20:54+00:00\",\"mainEntityOfPage\":{\"@id\":\"https:\\\/\\\/www.meydan.tv\\\/az\\\/article\\\/abzascilar-bu-d%c9%99f%c9%99-d%c9%99-m%c9%99hk%c9%99m%c9%99-prosesind%c9%99-istirakdan-imtina-edibl%c9%99r\\\/\"},\"wordCount\":727,\"publisher\":{\"@id\":\"https:\\\/\\\/www.meydan.tv\\\/az\\\/#organization\"},\"image\":{\"@id\":\"https:\\\/\\\/www.meydan.tv\\\/az\\\/article\\\/abzascilar-bu-d%c9%99f%c9%99-d%c9%99-m%c9%99hk%c9%99m%c9%99-prosesind%c9%99-istirakdan-imtina-edibl%c9%99r\\\/#primaryimage\"},\"thumbnailUrl\":\"https:\\\/\\\/www.meydan.tv\\\/wp-content\\\/uploads\\\/img_2391-e1724410398244.png\",\"articleSection\":[\"Siyas\u0259t\",\"T\u00f6vsiy\u0259\",\"X\u0259b\u0259rl\u0259r\"],\"inLanguage\":\"az\"},{\"@type\":\"WebPage\",\"@id\":\"https:\\\/\\\/www.meydan.tv\\\/az\\\/article\\\/abzascilar-bu-d%c9%99f%c9%99-d%c9%99-m%c9%99hk%c9%99m%c9%99-prosesind%c9%99-istirakdan-imtina-edibl%c9%99r\\\/\",\"url\":\"https:\\\/\\\/www.meydan.tv\\\/az\\\/article\\\/abzascilar-bu-d%c9%99f%c9%99-d%c9%99-m%c9%99hk%c9%99m%c9%99-prosesind%c9%99-istirakdan-imtina-edibl%c9%99r\\\/\",\"name\":\"\u201cAbzas\u201d\u00e7\u0131lar bu d\u0259f\u0259 d\u0259 m\u0259hk\u0259m\u0259 prosesind\u0259 i\u015ftirakdan imtina edibl\u0259r - MEYDAN.TV\",\"isPartOf\":{\"@id\":\"https:\\\/\\\/www.meydan.tv\\\/az\\\/#website\"},\"primaryImageOfPage\":{\"@id\":\"https:\\\/\\\/www.meydan.tv\\\/az\\\/article\\\/abzascilar-bu-d%c9%99f%c9%99-d%c9%99-m%c9%99hk%c9%99m%c9%99-prosesind%c9%99-istirakdan-imtina-edibl%c9%99r\\\/#primaryimage\"},\"image\":{\"@id\":\"https:\\\/\\\/www.meydan.tv\\\/az\\\/article\\\/abzascilar-bu-d%c9%99f%c9%99-d%c9%99-m%c9%99hk%c9%99m%c9%99-prosesind%c9%99-istirakdan-imtina-edibl%c9%99r\\\/#primaryimage\"},\"thumbnailUrl\":\"https:\\\/\\\/www.meydan.tv\\\/wp-content\\\/uploads\\\/img_2391-e1724410398244.png\",\"datePublished\":\"2025-03-04T16:20:51+00:00\",\"dateModified\":\"2025-03-04T16:20:54+00:00\",\"breadcrumb\":{\"@id\":\"https:\\\/\\\/www.meydan.tv\\\/az\\\/article\\\/abzascilar-bu-d%c9%99f%c9%99-d%c9%99-m%c9%99hk%c9%99m%c9%99-prosesind%c9%99-istirakdan-imtina-edibl%c9%99r\\\/#breadcrumb\"},\"inLanguage\":\"az\",\"potentialAction\":[{\"@type\":\"ReadAction\",\"target\":[\"https:\\\/\\\/www.meydan.tv\\\/az\\\/article\\\/abzascilar-bu-d%c9%99f%c9%99-d%c9%99-m%c9%99hk%c9%99m%c9%99-prosesind%c9%99-istirakdan-imtina-edibl%c9%99r\\\/\"]}]},{\"@type\":\"ImageObject\",\"inLanguage\":\"az\",\"@id\":\"https:\\\/\\\/www.meydan.tv\\\/az\\\/article\\\/abzascilar-bu-d%c9%99f%c9%99-d%c9%99-m%c9%99hk%c9%99m%c9%99-prosesind%c9%99-istirakdan-imtina-edibl%c9%99r\\\/#primaryimage\",\"url\":\"https:\\\/\\\/www.meydan.tv\\\/wp-content\\\/uploads\\\/img_2391-e1724410398244.png\",\"contentUrl\":\"https:\\\/\\\/www.meydan.tv\\\/wp-content\\\/uploads\\\/img_2391-e1724410398244.png\",\"width\":1200,\"height\":484,\"caption\":\"\\\"AbzasMedia\\\". Foto-kollaj: Meydan TV\"},{\"@type\":\"BreadcrumbList\",\"@id\":\"https:\\\/\\\/www.meydan.tv\\\/az\\\/article\\\/abzascilar-bu-d%c9%99f%c9%99-d%c9%99-m%c9%99hk%c9%99m%c9%99-prosesind%c9%99-istirakdan-imtina-edibl%c9%99r\\\/#breadcrumb\",\"itemListElement\":[{\"@type\":\"ListItem\",\"position\":1,\"name\":\"Ana s\u0259hif\u0259\",\"item\":\"https:\\\/\\\/www.meydan.tv\\\/az\\\/\"},{\"@type\":\"ListItem\",\"position\":2,\"name\":\"Siyas\u0259t\",\"item\":\"https:\\\/\\\/www.meydan.tv\\\/az\\\/section\\\/siyaset\\\/\"},{\"@type\":\"ListItem\",\"position\":3,\"name\":\"\u201cAbzas\u201d\u00e7\u0131lar bu d\u0259f\u0259 d\u0259 m\u0259hk\u0259m\u0259 prosesind\u0259 i\u015ftirakdan imtina edibl\u0259r\"}]},{\"@type\":\"WebSite\",\"@id\":\"https:\\\/\\\/www.meydan.tv\\\/az\\\/#website\",\"url\":\"https:\\\/\\\/www.meydan.tv\\\/az\\\/\",\"name\":\"MEYDAN.TV\",\"description\":\"Meydan TV Az\u0259rbaycan\u0131n media m\u0259kan\u0131ndak\u0131 alternativ s\u0259sidir\",\"publisher\":{\"@id\":\"https:\\\/\\\/www.meydan.tv\\\/az\\\/#organization\"},\"potentialAction\":[{\"@type\":\"SearchAction\",\"target\":{\"@type\":\"EntryPoint\",\"urlTemplate\":\"https:\\\/\\\/www.meydan.tv\\\/az\\\/?s={search_term_string}\"},\"query-input\":{\"@type\":\"PropertyValueSpecification\",\"valueRequired\":true,\"valueName\":\"search_term_string\"}}],\"inLanguage\":\"az\"},{\"@type\":\"Organization\",\"@id\":\"https:\\\/\\\/www.meydan.tv\\\/az\\\/#organization\",\"name\":\"Meydan TV\",\"url\":\"https:\\\/\\\/www.meydan.tv\\\/az\\\/\",\"logo\":{\"@type\":\"ImageObject\",\"inLanguage\":\"az\",\"@id\":\"https:\\\/\\\/www.meydan.tv\\\/az\\\/#\\\/schema\\\/logo\\\/image\\\/\",\"url\":\"https:\\\/\\\/www.meydan.tv\\\/wp-content\\\/uploads\\\/2021\\\/07\\\/meydan-logo.svg\",\"contentUrl\":\"https:\\\/\\\/www.meydan.tv\\\/wp-content\\\/uploads\\\/2021\\\/07\\\/meydan-logo.svg\",\"width\":195,\"height\":46,\"caption\":\"Meydan TV\"},\"image\":{\"@id\":\"https:\\\/\\\/www.meydan.tv\\\/az\\\/#\\\/schema\\\/logo\\\/image\\\/\"}},{\"@type\":\"Person\",\"@id\":\"https:\\\/\\\/www.meydan.tv\\\/az\\\/#\\\/schema\\\/person\\\/09863e516102a829e72bedcf3f84c6b0\",\"name\":\"mahmud\"}]}<\/script>\n<!-- \/ Yoast SEO plugin. -->","yoast_head_json":{"title":"\u201cAbzas\u201d\u00e7\u0131lar bu d\u0259f\u0259 d\u0259 m\u0259hk\u0259m\u0259 prosesind\u0259 i\u015ftirakdan imtina edibl\u0259r - MEYDAN.TV","robots":{"index":"index","follow":"follow","max-snippet":"max-snippet:-1","max-image-preview":"max-image-preview:large","max-video-preview":"max-video-preview:-1"},"canonical":"https:\/\/www.meydan.tv\/az\/article\/abzascilar-bu-d%c9%99f%c9%99-d%c9%99-m%c9%99hk%c9%99m%c9%99-prosesind%c9%99-istirakdan-imtina-edibl%c9%99r\/","og_locale":"az_AZ","og_type":"article","og_title":"\u201cAbzas\u201d\u00e7\u0131lar bu d\u0259f\u0259 d\u0259 m\u0259hk\u0259m\u0259 prosesind\u0259 i\u015ftirakdan imtina edibl\u0259r - MEYDAN.TV","og_description":"Bu, art\u0131q \u00fc\u00e7\u00fcnc\u00fc iclasd\u0131r ki, jurnalistl\u0259r i\u015ftirakdan imtina etdiyin\u0259 g\u00f6r\u0259 ... Davam\u0131","og_url":"https:\/\/www.meydan.tv\/az\/article\/abzascilar-bu-d%c9%99f%c9%99-d%c9%99-m%c9%99hk%c9%99m%c9%99-prosesind%c9%99-istirakdan-imtina-edibl%c9%99r\/","og_site_name":"MEYDAN.TV","article_published_time":"2025-03-04T16:20:51+00:00","article_modified_time":"2025-03-04T16:20:54+00:00","og_image":[{"width":1200,"height":484,"url":"https:\/\/www.meydan.tv\/wp-content\/uploads\/img_2391-e1724410398244.png","type":"image\/png"}],"author":"mahmud","twitter_card":"summary_large_image","schema":{"@context":"https:\/\/schema.org","@graph":[{"@type":"Article","@id":"https:\/\/www.meydan.tv\/az\/article\/abzascilar-bu-d%c9%99f%c9%99-d%c9%99-m%c9%99hk%c9%99m%c9%99-prosesind%c9%99-istirakdan-imtina-edibl%c9%99r\/#article","isPartOf":{"@id":"https:\/\/www.meydan.tv\/az\/article\/abzascilar-bu-d%c9%99f%c9%99-d%c9%99-m%c9%99hk%c9%99m%c9%99-prosesind%c9%99-istirakdan-imtina-edibl%c9%99r\/"},"author":{"name":"mahmud","@id":"https:\/\/www.meydan.tv\/az\/#\/schema\/person\/09863e516102a829e72bedcf3f84c6b0"},"headline":"\u201cAbzas\u201d\u00e7\u0131lar bu d\u0259f\u0259 d\u0259 m\u0259hk\u0259m\u0259 prosesind\u0259 i\u015ftirakdan imtina edibl\u0259r","datePublished":"2025-03-04T16:20:51+00:00","dateModified":"2025-03-04T16:20:54+00:00","mainEntityOfPage":{"@id":"https:\/\/www.meydan.tv\/az\/article\/abzascilar-bu-d%c9%99f%c9%99-d%c9%99-m%c9%99hk%c9%99m%c9%99-prosesind%c9%99-istirakdan-imtina-edibl%c9%99r\/"},"wordCount":727,"publisher":{"@id":"https:\/\/www.meydan.tv\/az\/#organization"},"image":{"@id":"https:\/\/www.meydan.tv\/az\/article\/abzascilar-bu-d%c9%99f%c9%99-d%c9%99-m%c9%99hk%c9%99m%c9%99-prosesind%c9%99-istirakdan-imtina-edibl%c9%99r\/#primaryimage"},"thumbnailUrl":"https:\/\/www.meydan.tv\/wp-content\/uploads\/img_2391-e1724410398244.png","articleSection":["Siyas\u0259t","T\u00f6vsiy\u0259","X\u0259b\u0259rl\u0259r"],"inLanguage":"az"},{"@type":"WebPage","@id":"https:\/\/www.meydan.tv\/az\/article\/abzascilar-bu-d%c9%99f%c9%99-d%c9%99-m%c9%99hk%c9%99m%c9%99-prosesind%c9%99-istirakdan-imtina-edibl%c9%99r\/","url":"https:\/\/www.meydan.tv\/az\/article\/abzascilar-bu-d%c9%99f%c9%99-d%c9%99-m%c9%99hk%c9%99m%c9%99-prosesind%c9%99-istirakdan-imtina-edibl%c9%99r\/","name":"\u201cAbzas\u201d\u00e7\u0131lar bu d\u0259f\u0259 d\u0259 m\u0259hk\u0259m\u0259 prosesind\u0259 i\u015ftirakdan imtina edibl\u0259r - MEYDAN.TV","isPartOf":{"@id":"https:\/\/www.meydan.tv\/az\/#website"},"primaryImageOfPage":{"@id":"https:\/\/www.meydan.tv\/az\/article\/abzascilar-bu-d%c9%99f%c9%99-d%c9%99-m%c9%99hk%c9%99m%c9%99-prosesind%c9%99-istirakdan-imtina-edibl%c9%99r\/#primaryimage"},"image":{"@id":"https:\/\/www.meydan.tv\/az\/article\/abzascilar-bu-d%c9%99f%c9%99-d%c9%99-m%c9%99hk%c9%99m%c9%99-prosesind%c9%99-istirakdan-imtina-edibl%c9%99r\/#primaryimage"},"thumbnailUrl":"https:\/\/www.meydan.tv\/wp-content\/uploads\/img_2391-e1724410398244.png","datePublished":"2025-03-04T16:20:51+00:00","dateModified":"2025-03-04T16:20:54+00:00","breadcrumb":{"@id":"https:\/\/www.meydan.tv\/az\/article\/abzascilar-bu-d%c9%99f%c9%99-d%c9%99-m%c9%99hk%c9%99m%c9%99-prosesind%c9%99-istirakdan-imtina-edibl%c9%99r\/#breadcrumb"},"inLanguage":"az","potentialAction":[{"@type":"ReadAction","target":["https:\/\/www.meydan.tv\/az\/article\/abzascilar-bu-d%c9%99f%c9%99-d%c9%99-m%c9%99hk%c9%99m%c9%99-prosesind%c9%99-istirakdan-imtina-edibl%c9%99r\/"]}]},{"@type":"ImageObject","inLanguage":"az","@id":"https:\/\/www.meydan.tv\/az\/article\/abzascilar-bu-d%c9%99f%c9%99-d%c9%99-m%c9%99hk%c9%99m%c9%99-prosesind%c9%99-istirakdan-imtina-edibl%c9%99r\/#primaryimage","url":"https:\/\/www.meydan.tv\/wp-content\/uploads\/img_2391-e1724410398244.png","contentUrl":"https:\/\/www.meydan.tv\/wp-content\/uploads\/img_2391-e1724410398244.png","width":1200,"height":484,"caption":"\"AbzasMedia\". Foto-kollaj: Meydan TV"},{"@type":"BreadcrumbList","@id":"https:\/\/www.meydan.tv\/az\/article\/abzascilar-bu-d%c9%99f%c9%99-d%c9%99-m%c9%99hk%c9%99m%c9%99-prosesind%c9%99-istirakdan-imtina-edibl%c9%99r\/#breadcrumb","itemListElement":[{"@type":"ListItem","position":1,"name":"Ana s\u0259hif\u0259","item":"https:\/\/www.meydan.tv\/az\/"},{"@type":"ListItem","position":2,"name":"Siyas\u0259t","item":"https:\/\/www.meydan.tv\/az\/section\/siyaset\/"},{"@type":"ListItem","position":3,"name":"\u201cAbzas\u201d\u00e7\u0131lar bu d\u0259f\u0259 d\u0259 m\u0259hk\u0259m\u0259 prosesind\u0259 i\u015ftirakdan imtina edibl\u0259r"}]},{"@type":"WebSite","@id":"https:\/\/www.meydan.tv\/az\/#website","url":"https:\/\/www.meydan.tv\/az\/","name":"MEYDAN.TV","description":"Meydan TV Az\u0259rbaycan\u0131n media m\u0259kan\u0131ndak\u0131 alternativ s\u0259sidir","publisher":{"@id":"https:\/\/www.meydan.tv\/az\/#organization"},"potentialAction":[{"@type":"SearchAction","target":{"@type":"EntryPoint","urlTemplate":"https:\/\/www.meydan.tv\/az\/?s={search_term_string}"},"query-input":{"@type":"PropertyValueSpecification","valueRequired":true,"valueName":"search_term_string"}}],"inLanguage":"az"},{"@type":"Organization","@id":"https:\/\/www.meydan.tv\/az\/#organization","name":"Meydan TV","url":"https:\/\/www.meydan.tv\/az\/","logo":{"@type":"ImageObject","inLanguage":"az","@id":"https:\/\/www.meydan.tv\/az\/#\/schema\/logo\/image\/","url":"https:\/\/www.meydan.tv\/wp-content\/uploads\/2021\/07\/meydan-logo.svg","contentUrl":"https:\/\/www.meydan.tv\/wp-content\/uploads\/2021\/07\/meydan-logo.svg","width":195,"height":46,"caption":"Meydan TV"},"image":{"@id":"https:\/\/www.meydan.tv\/az\/#\/schema\/logo\/image\/"}},{"@type":"Person","@id":"https:\/\/www.meydan.tv\/az\/#\/schema\/person\/09863e516102a829e72bedcf3f84c6b0","name":"mahmud"}]}},"_links":{"self":[{"href":"https:\/\/www.meydan.tv\/az\/wp-json\/wp\/v2\/posts\/327260","targetHints":{"allow":["GET"]}}],"collection":[{"href":"https:\/\/www.meydan.tv\/az\/wp-json\/wp\/v2\/posts"}],"about":[{"href":"https:\/\/www.meydan.tv\/az\/wp-json\/wp\/v2\/types\/post"}],"author":[{"embeddable":true,"href":"https:\/\/www.meydan.tv\/az\/wp-json\/wp\/v2\/users\/21"}],"replies":[{"embeddable":true,"href":"https:\/\/www.meydan.tv\/az\/wp-json\/wp\/v2\/comments?post=327260"}],"version-history":[{"count":1,"href":"https:\/\/www.meydan.tv\/az\/wp-json\/wp\/v2\/posts\/327260\/revisions"}],"predecessor-version":[{"id":327261,"href":"https:\/\/www.meydan.tv\/az\/wp-json\/wp\/v2\/posts\/327260\/revisions\/327261"}],"wp:featuredmedia":[{"embeddable":true,"href":"https:\/\/www.meydan.tv\/az\/wp-json\/wp\/v2\/media\/313611"}],"wp:attachment":[{"href":"https:\/\/www.meydan.tv\/az\/wp-json\/wp\/v2\/media?parent=327260"}],"wp:term":[{"taxonomy":"category","embeddable":true,"href":"https:\/\/www.meydan.tv\/az\/wp-json\/wp\/v2\/categories?post=327260"},{"taxonomy":"post_tag","embeddable":true,"href":"https:\/\/www.meydan.tv\/az\/wp-json\/wp\/v2\/tags?post=327260"}],"curies":[{"name":"wp","href":"https:\/\/api.w.org\/{rel}","templated":true}]}}