{"id":327236,"date":"2025-03-04T17:26:31","date_gmt":"2025-03-04T13:26:31","guid":{"rendered":"https:\/\/www.meydan.tv\/?p=327236"},"modified":"2025-03-04T17:26:34","modified_gmt":"2025-03-04T13:26:34","slug":"azal-in-q%c9%99zaya-ugramis-s%c9%99rnisin-t%c9%99yyar%c9%99sin%c9%99-gor%c9%99-sigortanin-od%c9%99nildiyi-deyilir","status":"publish","type":"post","link":"https:\/\/www.meydan.tv\/az\/article\/azal-in-q%c9%99zaya-ugramis-s%c9%99rnisin-t%c9%99yyar%c9%99sin%c9%99-gor%c9%99-sigortanin-od%c9%99nildiyi-deyilir\/","title":{"rendered":"AZAL-\u0131n q\u0259zaya u\u011fram\u0131\u015f s\u0259rni\u015fin t\u0259yyar\u0259sin\u0259 g\u00f6r\u0259 s\u0131\u011fortan\u0131n \u00f6d\u0259nildiyi deyilir"},"content":{"rendered":"\n<p><\/p>\n\n\n\n<p><strong><em>&#8220;\u00d6d\u0259ni\u015f fevralda edilib&#8221;<\/em><\/strong><\/p>\n\n\n\n<p>AZAL-\u0131n Qazax\u0131stan\u0131n Aktau \u015f\u0259h\u0259ri yax\u0131nl\u0131\u011f\u0131nda q\u0259zaya u\u011fram\u0131\u015f s\u0259rni\u015fin t\u0259yyar\u0259sin\u0259 g\u00f6r\u0259 s\u0131\u011forta \u00f6d\u0259nilib.<\/p>\n\n\n\n<p>T\u0259yyar\u0259 Rusiyan\u0131n \u201cAlfa S\u0131\u011forta\u201d \u015firk\u0259tind\u0259 s\u0131\u011fortalan\u0131b.<\/p>\n\n\n\n<p>\u015eirk\u0259tin aviasiya v\u0259 kosmik s\u0131\u011forta \u00fczr\u0259 ba\u015f direktor m\u00fcavini \u0130lya Kaba\u00e7nik bildirib ki, \u00f6d\u0259ni\u015f fevralda edilib.<\/p>\n\n\n\n<p>Onun s\u00f6zl\u0259rin\u0259 g\u00f6r\u0259, s\u0259rni\u015finl\u0259r\u0259 d\u0259 d\u0259y\u0259n z\u0259r\u0259r\u0259 g\u00f6r\u0259 h\u0259r n\u0259f\u0259r \u00fczr\u0259 2 milyon rubl (t\u0259qrib\u0259n 38 min manat) n\u0259z\u0259rd\u0259 <a href=\"https:\/\/www.interfax.ru\/russia\/1011828\" target=\"_blank\" rel=\"noreferrer noopener\">tutulub<\/a>.<\/p>\n\n\n\n<p>S\u0259rni\u015finl\u0259r\u0259 d\u0259y\u0259n z\u0259r\u0259rin hesablanmas\u0131 v\u0259 avia\u015firk\u0259tin m\u0259suliyy\u0259t s\u0131\u011fortas\u0131 \u00e7\u0259r\u00e7iv\u0259sind\u0259 z\u0259r\u0259r\u00e7\u0259k\u0259nl\u0259r\u0259 v\u0259 onlar\u0131n qanuni n\u00fcmay\u0259nd\u0259l\u0259rin\u0259 \u00f6d\u0259ni\u015fl\u0259rin &#8220;\u0410lfa S\u0131\u011forta&#8221; \u015firk\u0259ti t\u0259r\u0259find\u0259n yanvarda ba\u015flad\u0131\u011f\u0131 v\u0259 haz\u0131rda davam etdiyi bildirilib.<\/p>\n\n\n\n<p>Kaba\u00e7nik qeyd edib ki, AZAL-\u0131n Bak\u0131-Qrozn\u0131 reysi il\u0259 ba\u011fl\u0131 s\u0259rni\u015finda\u015f\u0131ma prosesi Az\u0259rbaycan v\u0259 Rusiyan\u0131n i\u015ftirak\u00e7\u0131s\u0131 oldu\u011fu 1999-cu il Monreal Konvensiyas\u0131 il\u0259 t\u0259nziml\u0259nir. \u201cAlfa S\u0131\u011forta\u201d il\u0259 AZAL aras\u0131nda ba\u011flanan m\u00fcqavil\u0259 Rusiyaya h\u0259yata ke\u00e7iril\u0259n reysl\u0259rd\u0259 riskl\u0259ri \u0259hat\u0259 etdiyi \u00fc\u00e7\u00fcn, \u00f6d\u0259ni\u015fl\u0259r h\u0259m d\u0259 Rusiyan\u0131n 67-FZ sayl\u0131 m\u0259cburi da\u015f\u0131y\u0131c\u0131 m\u0259suliyy\u0259ti haqq\u0131nda qanununa \u0259sas\u0259n n\u0259z\u0259rd\u0259 tutulur.<\/p>\n\n\n\n<p>AZAL avia\u015firk\u0259tin\u0259 m\u0259xsus Embraer t\u0259yyar\u0259si 2024-c\u00fc il dekabr\u0131n 25-d\u0259 q\u0259zaya u\u011fray\u0131b. Bak\u0131dan Qrozn\u0131ya u\u00e7an t\u0259yyar\u0259 iki u\u011fursuz eni\u015f c\u0259hdind\u0259n sonra Aktauya y\u00f6n\u0259lib. Qazax\u0131stan hava liman\u0131na t\u0259xmin\u0259n 5 km qalm\u0131\u015f q\u0259zaya u\u011fray\u0131b.<\/p>\n\n\n\n<p>T\u0259yyar\u0259d\u0259 67 n\u0259f\u0259r olub (42-si Az\u0259rbaycan, 16-s\u0131 Rusiya, 6-s\u0131 Qazax\u0131stan, 3-\u00fc Q\u0131r\u011f\u0131z\u0131stan v\u0259t\u0259nda\u015f\u0131), onlardan 38-i h\u0259lak olub, 29-u sa\u011f qal\u0131b.<\/p>\n\n\n\n<p>Qazax\u0131stan N\u0259qliyyat Nazirliyinin d\u0259rc etdiyi ilkin ara\u015fd\u0131rma hesabat\u0131na g\u00f6r\u0259, AZAL t\u0259yyar\u0259si yer\u0259 \u00e7\u0131rp\u0131lmadan \u00f6nc\u0259 \u201cxarici obyektl\u0259r\u201d t\u0259r\u0259find\u0259n z\u0259d\u0259l\u0259nib, bunun n\u0259tic\u0259sind\u0259 hidravlik maye v\u0259 ya t\u0259zyiq itkisi ba\u015f verib. Hesabatda, Qazax\u0131stan t\u0259r\u0259finin Embraer g\u00f6vd\u0259sind\u0259 a\u015fkar etdiyi yad cisiml\u0259ri m\u00fc\u0259yy\u0259nl\u0259\u015fdirdiyin\u0259 dair he\u00e7 bir n\u0259tic\u0259nin olmad\u0131\u011f\u0131 qeyd olunub.<\/p>\n\n\n\n<p>Ara\u015fd\u0131rmalar davam edir. Qazax\u0131stan\u0131n n\u0259qliyyat nazirinin m\u00fcavini Talqat Lastaev daha \u0259vv\u0259l bildirmi\u015fdi ki, AZAL t\u0259yyar\u0259sinin Aktau yax\u0131nl\u0131\u011f\u0131nda q\u0259zaya u\u011framas\u0131na dair yekun ara\u015fd\u0131rma hesabat\u0131 2025-ci ilin dekabr ay\u0131nda <a href=\"https:\/\/storage.googleapis.com\/qurium\/www.meydan.tv\/az-article-qazaxistanda-t%c9%99yyar%c9%99nin-q%c9%99zaya-ugramasi-il%c9%99-bagli-arasdirmanin-yekun-hesabati-uc-ild%c9%99n-gec-olmayaraq-t%c9%99sdiql%c9%99n%c9%99c%c9%99k.html\" target=\"_blank\" rel=\"noreferrer noopener\">d\u0259rc oluna bil\u0259r<\/a>.<\/p>\n\n\n\n<p>AZAL aviaq\u0259zadan iki g\u00fcn sonra, dekabr\u0131n 26-da a\u00e7\u0131qlam\u0131\u015fd\u0131 ki, t\u0259yyar\u0259 q\u0259zas\u0131nda x\u0259sar\u0259t alanlar\u0131n h\u0259r birin\u0259 20000 manat, v\u0259fat ed\u0259nl\u0259rins\u0259 ail\u0259l\u0259rin\u0259 40000 manat kompensasiya <a href=\"https:\/\/storage.googleapis.com\/qurium\/www.meydan.tv\/az-article-t%c9%99yyar%c9%99d%c9%99-x%c9%99sar%c9%99t-alanlara-20-min-h%c9%99lak-olanlarin-ail%c9%99l%c9%99rin%c9%99-40-min-od%c9%99nil%c9%99c%c9%99k.html\" target=\"_blank\" rel=\"noreferrer noopener\">\u00f6d\u0259y\u0259c\u0259k.<\/a><\/p>\n\n\n\n<p>Bununla yana\u015f\u0131, b\u00fct\u00fcn s\u0259rni\u015finl\u0259r Az\u0259rbaycan Respublikas\u0131 qanunvericiliyin\u0259 v\u0259 qabaqc\u0131l beyn\u0259lxalq t\u0259cr\u00fcb\u0259y\u0259 uy\u011fun olaraq t\u0259tbiq edil\u0259n m\u00fcvafiq s\u0131\u011forta \u00f6d\u0259ni\u015fi alacaqlar.<\/p>\n","protected":false},"excerpt":{"rendered":"<p>&#8220;\u00d6d\u0259ni\u015f fevralda edilib&#8221; AZAL-\u0131n Qazax\u0131stan\u0131n Aktau \u015f\u0259h\u0259ri yax\u0131nl\u0131\u011f\u0131nda q\u0259zaya u\u011fram\u0131\u015f &#8230; <\/p>\n<p class=\"read-more-container\"><a title=\"AZAL-\u0131n q\u0259zaya u\u011fram\u0131\u015f s\u0259rni\u015fin t\u0259yyar\u0259sin\u0259 g\u00f6r\u0259 s\u0131\u011fortan\u0131n \u00f6d\u0259nildiyi deyilir\" class=\"read-more button\" href=\"https:\/\/www.meydan.tv\/az\/article\/azal-in-q%c9%99zaya-ugramis-s%c9%99rnisin-t%c9%99yyar%c9%99sin%c9%99-gor%c9%99-sigortanin-od%c9%99nildiyi-deyilir\/#more-327236\" aria-label=\"Read more about AZAL-\u0131n q\u0259zaya u\u011fram\u0131\u015f s\u0259rni\u015fin t\u0259yyar\u0259sin\u0259 g\u00f6r\u0259 s\u0131\u011fortan\u0131n \u00f6d\u0259nildiyi deyilir\">Davam\u0131<\/a><\/p>\n","protected":false},"author":21,"featured_media":323422,"comment_status":"closed","ping_status":"closed","sticky":false,"template":"","format":"standard","meta":{"_acf_changed":false,"_sitemap_exclude":false,"_sitemap_priority":"","_sitemap_frequency":"","footnotes":""},"categories":[62,56],"tags":[],"class_list":["post-327236","post","type-post","status-publish","format-standard","has-post-thumbnail","hentry","category-sosial","category-xeberler","infinite-scroll-item","generate-columns","tablet-grid-50","mobile-grid-100","grid-parent","grid-33","no-featured-image-padding"],"acf":[],"yoast_head":"<!-- This site is optimized with the Yoast SEO plugin v27.4 - https:\/\/yoast.com\/product\/yoast-seo-wordpress\/ -->\n<title>AZAL-\u0131n q\u0259zaya u\u011fram\u0131\u015f s\u0259rni\u015fin t\u0259yyar\u0259sin\u0259 g\u00f6r\u0259 s\u0131\u011fortan\u0131n \u00f6d\u0259nildiyi deyilir - MEYDAN.TV<\/title>\n<meta name=\"robots\" content=\"index, follow, max-snippet:-1, max-image-preview:large, max-video-preview:-1\" \/>\n<link rel=\"canonical\" href=\"https:\/\/www.meydan.tv\/az\/article\/azal-in-q%c9%99zaya-ugramis-s%c9%99rnisin-t%c9%99yyar%c9%99sin%c9%99-gor%c9%99-sigortanin-od%c9%99nildiyi-deyilir\/\" \/>\n<meta property=\"og:locale\" content=\"az_AZ\" \/>\n<meta property=\"og:type\" content=\"article\" \/>\n<meta property=\"og:title\" content=\"AZAL-\u0131n q\u0259zaya u\u011fram\u0131\u015f s\u0259rni\u015fin t\u0259yyar\u0259sin\u0259 g\u00f6r\u0259 s\u0131\u011fortan\u0131n \u00f6d\u0259nildiyi deyilir - MEYDAN.TV\" \/>\n<meta property=\"og:description\" content=\"&#8220;\u00d6d\u0259ni\u015f fevralda edilib&#8221; AZAL-\u0131n Qazax\u0131stan\u0131n Aktau \u015f\u0259h\u0259ri yax\u0131nl\u0131\u011f\u0131nda q\u0259zaya u\u011fram\u0131\u015f ... Davam\u0131\" \/>\n<meta property=\"og:url\" content=\"https:\/\/www.meydan.tv\/az\/article\/azal-in-q%c9%99zaya-ugramis-s%c9%99rnisin-t%c9%99yyar%c9%99sin%c9%99-gor%c9%99-sigortanin-od%c9%99nildiyi-deyilir\/\" \/>\n<meta property=\"og:site_name\" content=\"MEYDAN.TV\" \/>\n<meta property=\"article:published_time\" content=\"2025-03-04T13:26:31+00:00\" \/>\n<meta property=\"article:modified_time\" content=\"2025-03-04T13:26:34+00:00\" \/>\n<meta property=\"og:image\" content=\"https:\/\/www.meydan.tv\/wp-content\/uploads\/f08d183e-7705-4447-bdb5-cbc9e798b812-scaled-e1735305052949.jpg\" \/>\n\t<meta property=\"og:image:width\" content=\"2560\" \/>\n\t<meta property=\"og:image:height\" content=\"1370\" \/>\n\t<meta property=\"og:image:type\" content=\"image\/jpeg\" \/>\n<meta name=\"author\" content=\"mahmud\" \/>\n<meta name=\"twitter:card\" content=\"summary_large_image\" \/>\n<script type=\"application\/ld+json\" class=\"yoast-schema-graph\">{\"@context\":\"https:\\\/\\\/schema.org\",\"@graph\":[{\"@type\":\"Article\",\"@id\":\"https:\\\/\\\/www.meydan.tv\\\/az\\\/article\\\/azal-in-q%c9%99zaya-ugramis-s%c9%99rnisin-t%c9%99yyar%c9%99sin%c9%99-gor%c9%99-sigortanin-od%c9%99nildiyi-deyilir\\\/#article\",\"isPartOf\":{\"@id\":\"https:\\\/\\\/www.meydan.tv\\\/az\\\/article\\\/azal-in-q%c9%99zaya-ugramis-s%c9%99rnisin-t%c9%99yyar%c9%99sin%c9%99-gor%c9%99-sigortanin-od%c9%99nildiyi-deyilir\\\/\"},\"author\":{\"name\":\"mahmud\",\"@id\":\"https:\\\/\\\/www.meydan.tv\\\/az\\\/#\\\/schema\\\/person\\\/09863e516102a829e72bedcf3f84c6b0\"},\"headline\":\"AZAL-\u0131n q\u0259zaya u\u011fram\u0131\u015f s\u0259rni\u015fin t\u0259yyar\u0259sin\u0259 g\u00f6r\u0259 s\u0131\u011fortan\u0131n \u00f6d\u0259nildiyi deyilir\",\"datePublished\":\"2025-03-04T13:26:31+00:00\",\"dateModified\":\"2025-03-04T13:26:34+00:00\",\"mainEntityOfPage\":{\"@id\":\"https:\\\/\\\/www.meydan.tv\\\/az\\\/article\\\/azal-in-q%c9%99zaya-ugramis-s%c9%99rnisin-t%c9%99yyar%c9%99sin%c9%99-gor%c9%99-sigortanin-od%c9%99nildiyi-deyilir\\\/\"},\"wordCount\":665,\"publisher\":{\"@id\":\"https:\\\/\\\/www.meydan.tv\\\/az\\\/#organization\"},\"image\":{\"@id\":\"https:\\\/\\\/www.meydan.tv\\\/az\\\/article\\\/azal-in-q%c9%99zaya-ugramis-s%c9%99rnisin-t%c9%99yyar%c9%99sin%c9%99-gor%c9%99-sigortanin-od%c9%99nildiyi-deyilir\\\/#primaryimage\"},\"thumbnailUrl\":\"https:\\\/\\\/www.meydan.tv\\\/wp-content\\\/uploads\\\/f08d183e-7705-4447-bdb5-cbc9e798b812-scaled-e1735305052949.jpg\",\"articleSection\":[\"Sosial\",\"X\u0259b\u0259rl\u0259r\"],\"inLanguage\":\"az\"},{\"@type\":\"WebPage\",\"@id\":\"https:\\\/\\\/www.meydan.tv\\\/az\\\/article\\\/azal-in-q%c9%99zaya-ugramis-s%c9%99rnisin-t%c9%99yyar%c9%99sin%c9%99-gor%c9%99-sigortanin-od%c9%99nildiyi-deyilir\\\/\",\"url\":\"https:\\\/\\\/www.meydan.tv\\\/az\\\/article\\\/azal-in-q%c9%99zaya-ugramis-s%c9%99rnisin-t%c9%99yyar%c9%99sin%c9%99-gor%c9%99-sigortanin-od%c9%99nildiyi-deyilir\\\/\",\"name\":\"AZAL-\u0131n q\u0259zaya u\u011fram\u0131\u015f s\u0259rni\u015fin t\u0259yyar\u0259sin\u0259 g\u00f6r\u0259 s\u0131\u011fortan\u0131n \u00f6d\u0259nildiyi deyilir - MEYDAN.TV\",\"isPartOf\":{\"@id\":\"https:\\\/\\\/www.meydan.tv\\\/az\\\/#website\"},\"primaryImageOfPage\":{\"@id\":\"https:\\\/\\\/www.meydan.tv\\\/az\\\/article\\\/azal-in-q%c9%99zaya-ugramis-s%c9%99rnisin-t%c9%99yyar%c9%99sin%c9%99-gor%c9%99-sigortanin-od%c9%99nildiyi-deyilir\\\/#primaryimage\"},\"image\":{\"@id\":\"https:\\\/\\\/www.meydan.tv\\\/az\\\/article\\\/azal-in-q%c9%99zaya-ugramis-s%c9%99rnisin-t%c9%99yyar%c9%99sin%c9%99-gor%c9%99-sigortanin-od%c9%99nildiyi-deyilir\\\/#primaryimage\"},\"thumbnailUrl\":\"https:\\\/\\\/www.meydan.tv\\\/wp-content\\\/uploads\\\/f08d183e-7705-4447-bdb5-cbc9e798b812-scaled-e1735305052949.jpg\",\"datePublished\":\"2025-03-04T13:26:31+00:00\",\"dateModified\":\"2025-03-04T13:26:34+00:00\",\"breadcrumb\":{\"@id\":\"https:\\\/\\\/www.meydan.tv\\\/az\\\/article\\\/azal-in-q%c9%99zaya-ugramis-s%c9%99rnisin-t%c9%99yyar%c9%99sin%c9%99-gor%c9%99-sigortanin-od%c9%99nildiyi-deyilir\\\/#breadcrumb\"},\"inLanguage\":\"az\",\"potentialAction\":[{\"@type\":\"ReadAction\",\"target\":[\"https:\\\/\\\/www.meydan.tv\\\/az\\\/article\\\/azal-in-q%c9%99zaya-ugramis-s%c9%99rnisin-t%c9%99yyar%c9%99sin%c9%99-gor%c9%99-sigortanin-od%c9%99nildiyi-deyilir\\\/\"]}]},{\"@type\":\"ImageObject\",\"inLanguage\":\"az\",\"@id\":\"https:\\\/\\\/www.meydan.tv\\\/az\\\/article\\\/azal-in-q%c9%99zaya-ugramis-s%c9%99rnisin-t%c9%99yyar%c9%99sin%c9%99-gor%c9%99-sigortanin-od%c9%99nildiyi-deyilir\\\/#primaryimage\",\"url\":\"https:\\\/\\\/www.meydan.tv\\\/wp-content\\\/uploads\\\/f08d183e-7705-4447-bdb5-cbc9e798b812-scaled-e1735305052949.jpg\",\"contentUrl\":\"https:\\\/\\\/www.meydan.tv\\\/wp-content\\\/uploads\\\/f08d183e-7705-4447-bdb5-cbc9e798b812-scaled-e1735305052949.jpg\",\"width\":2560,\"height\":1370,\"caption\":\"Foto: Anadolu agentliyi\"},{\"@type\":\"BreadcrumbList\",\"@id\":\"https:\\\/\\\/www.meydan.tv\\\/az\\\/article\\\/azal-in-q%c9%99zaya-ugramis-s%c9%99rnisin-t%c9%99yyar%c9%99sin%c9%99-gor%c9%99-sigortanin-od%c9%99nildiyi-deyilir\\\/#breadcrumb\",\"itemListElement\":[{\"@type\":\"ListItem\",\"position\":1,\"name\":\"Ana s\u0259hif\u0259\",\"item\":\"https:\\\/\\\/www.meydan.tv\\\/az\\\/\"},{\"@type\":\"ListItem\",\"position\":2,\"name\":\"Sosial\",\"item\":\"https:\\\/\\\/www.meydan.tv\\\/az\\\/section\\\/sosial\\\/\"},{\"@type\":\"ListItem\",\"position\":3,\"name\":\"AZAL-\u0131n q\u0259zaya u\u011fram\u0131\u015f s\u0259rni\u015fin t\u0259yyar\u0259sin\u0259 g\u00f6r\u0259 s\u0131\u011fortan\u0131n \u00f6d\u0259nildiyi deyilir\"}]},{\"@type\":\"WebSite\",\"@id\":\"https:\\\/\\\/www.meydan.tv\\\/az\\\/#website\",\"url\":\"https:\\\/\\\/www.meydan.tv\\\/az\\\/\",\"name\":\"MEYDAN.TV\",\"description\":\"Meydan TV Az\u0259rbaycan\u0131n media m\u0259kan\u0131ndak\u0131 alternativ s\u0259sidir\",\"publisher\":{\"@id\":\"https:\\\/\\\/www.meydan.tv\\\/az\\\/#organization\"},\"potentialAction\":[{\"@type\":\"SearchAction\",\"target\":{\"@type\":\"EntryPoint\",\"urlTemplate\":\"https:\\\/\\\/www.meydan.tv\\\/az\\\/?s={search_term_string}\"},\"query-input\":{\"@type\":\"PropertyValueSpecification\",\"valueRequired\":true,\"valueName\":\"search_term_string\"}}],\"inLanguage\":\"az\"},{\"@type\":\"Organization\",\"@id\":\"https:\\\/\\\/www.meydan.tv\\\/az\\\/#organization\",\"name\":\"Meydan TV\",\"url\":\"https:\\\/\\\/www.meydan.tv\\\/az\\\/\",\"logo\":{\"@type\":\"ImageObject\",\"inLanguage\":\"az\",\"@id\":\"https:\\\/\\\/www.meydan.tv\\\/az\\\/#\\\/schema\\\/logo\\\/image\\\/\",\"url\":\"https:\\\/\\\/www.meydan.tv\\\/wp-content\\\/uploads\\\/2021\\\/07\\\/meydan-logo.svg\",\"contentUrl\":\"https:\\\/\\\/www.meydan.tv\\\/wp-content\\\/uploads\\\/2021\\\/07\\\/meydan-logo.svg\",\"width\":195,\"height\":46,\"caption\":\"Meydan TV\"},\"image\":{\"@id\":\"https:\\\/\\\/www.meydan.tv\\\/az\\\/#\\\/schema\\\/logo\\\/image\\\/\"}},{\"@type\":\"Person\",\"@id\":\"https:\\\/\\\/www.meydan.tv\\\/az\\\/#\\\/schema\\\/person\\\/09863e516102a829e72bedcf3f84c6b0\",\"name\":\"mahmud\"}]}<\/script>\n<!-- \/ Yoast SEO plugin. -->","yoast_head_json":{"title":"AZAL-\u0131n q\u0259zaya u\u011fram\u0131\u015f s\u0259rni\u015fin t\u0259yyar\u0259sin\u0259 g\u00f6r\u0259 s\u0131\u011fortan\u0131n \u00f6d\u0259nildiyi deyilir - MEYDAN.TV","robots":{"index":"index","follow":"follow","max-snippet":"max-snippet:-1","max-image-preview":"max-image-preview:large","max-video-preview":"max-video-preview:-1"},"canonical":"https:\/\/www.meydan.tv\/az\/article\/azal-in-q%c9%99zaya-ugramis-s%c9%99rnisin-t%c9%99yyar%c9%99sin%c9%99-gor%c9%99-sigortanin-od%c9%99nildiyi-deyilir\/","og_locale":"az_AZ","og_type":"article","og_title":"AZAL-\u0131n q\u0259zaya u\u011fram\u0131\u015f s\u0259rni\u015fin t\u0259yyar\u0259sin\u0259 g\u00f6r\u0259 s\u0131\u011fortan\u0131n \u00f6d\u0259nildiyi deyilir - MEYDAN.TV","og_description":"&#8220;\u00d6d\u0259ni\u015f fevralda edilib&#8221; AZAL-\u0131n Qazax\u0131stan\u0131n Aktau \u015f\u0259h\u0259ri yax\u0131nl\u0131\u011f\u0131nda q\u0259zaya u\u011fram\u0131\u015f ... Davam\u0131","og_url":"https:\/\/www.meydan.tv\/az\/article\/azal-in-q%c9%99zaya-ugramis-s%c9%99rnisin-t%c9%99yyar%c9%99sin%c9%99-gor%c9%99-sigortanin-od%c9%99nildiyi-deyilir\/","og_site_name":"MEYDAN.TV","article_published_time":"2025-03-04T13:26:31+00:00","article_modified_time":"2025-03-04T13:26:34+00:00","og_image":[{"width":2560,"height":1370,"url":"https:\/\/www.meydan.tv\/wp-content\/uploads\/f08d183e-7705-4447-bdb5-cbc9e798b812-scaled-e1735305052949.jpg","type":"image\/jpeg"}],"author":"mahmud","twitter_card":"summary_large_image","schema":{"@context":"https:\/\/schema.org","@graph":[{"@type":"Article","@id":"https:\/\/www.meydan.tv\/az\/article\/azal-in-q%c9%99zaya-ugramis-s%c9%99rnisin-t%c9%99yyar%c9%99sin%c9%99-gor%c9%99-sigortanin-od%c9%99nildiyi-deyilir\/#article","isPartOf":{"@id":"https:\/\/www.meydan.tv\/az\/article\/azal-in-q%c9%99zaya-ugramis-s%c9%99rnisin-t%c9%99yyar%c9%99sin%c9%99-gor%c9%99-sigortanin-od%c9%99nildiyi-deyilir\/"},"author":{"name":"mahmud","@id":"https:\/\/www.meydan.tv\/az\/#\/schema\/person\/09863e516102a829e72bedcf3f84c6b0"},"headline":"AZAL-\u0131n q\u0259zaya u\u011fram\u0131\u015f s\u0259rni\u015fin t\u0259yyar\u0259sin\u0259 g\u00f6r\u0259 s\u0131\u011fortan\u0131n \u00f6d\u0259nildiyi deyilir","datePublished":"2025-03-04T13:26:31+00:00","dateModified":"2025-03-04T13:26:34+00:00","mainEntityOfPage":{"@id":"https:\/\/www.meydan.tv\/az\/article\/azal-in-q%c9%99zaya-ugramis-s%c9%99rnisin-t%c9%99yyar%c9%99sin%c9%99-gor%c9%99-sigortanin-od%c9%99nildiyi-deyilir\/"},"wordCount":665,"publisher":{"@id":"https:\/\/www.meydan.tv\/az\/#organization"},"image":{"@id":"https:\/\/www.meydan.tv\/az\/article\/azal-in-q%c9%99zaya-ugramis-s%c9%99rnisin-t%c9%99yyar%c9%99sin%c9%99-gor%c9%99-sigortanin-od%c9%99nildiyi-deyilir\/#primaryimage"},"thumbnailUrl":"https:\/\/www.meydan.tv\/wp-content\/uploads\/f08d183e-7705-4447-bdb5-cbc9e798b812-scaled-e1735305052949.jpg","articleSection":["Sosial","X\u0259b\u0259rl\u0259r"],"inLanguage":"az"},{"@type":"WebPage","@id":"https:\/\/www.meydan.tv\/az\/article\/azal-in-q%c9%99zaya-ugramis-s%c9%99rnisin-t%c9%99yyar%c9%99sin%c9%99-gor%c9%99-sigortanin-od%c9%99nildiyi-deyilir\/","url":"https:\/\/www.meydan.tv\/az\/article\/azal-in-q%c9%99zaya-ugramis-s%c9%99rnisin-t%c9%99yyar%c9%99sin%c9%99-gor%c9%99-sigortanin-od%c9%99nildiyi-deyilir\/","name":"AZAL-\u0131n q\u0259zaya u\u011fram\u0131\u015f s\u0259rni\u015fin t\u0259yyar\u0259sin\u0259 g\u00f6r\u0259 s\u0131\u011fortan\u0131n \u00f6d\u0259nildiyi deyilir - MEYDAN.TV","isPartOf":{"@id":"https:\/\/www.meydan.tv\/az\/#website"},"primaryImageOfPage":{"@id":"https:\/\/www.meydan.tv\/az\/article\/azal-in-q%c9%99zaya-ugramis-s%c9%99rnisin-t%c9%99yyar%c9%99sin%c9%99-gor%c9%99-sigortanin-od%c9%99nildiyi-deyilir\/#primaryimage"},"image":{"@id":"https:\/\/www.meydan.tv\/az\/article\/azal-in-q%c9%99zaya-ugramis-s%c9%99rnisin-t%c9%99yyar%c9%99sin%c9%99-gor%c9%99-sigortanin-od%c9%99nildiyi-deyilir\/#primaryimage"},"thumbnailUrl":"https:\/\/www.meydan.tv\/wp-content\/uploads\/f08d183e-7705-4447-bdb5-cbc9e798b812-scaled-e1735305052949.jpg","datePublished":"2025-03-04T13:26:31+00:00","dateModified":"2025-03-04T13:26:34+00:00","breadcrumb":{"@id":"https:\/\/www.meydan.tv\/az\/article\/azal-in-q%c9%99zaya-ugramis-s%c9%99rnisin-t%c9%99yyar%c9%99sin%c9%99-gor%c9%99-sigortanin-od%c9%99nildiyi-deyilir\/#breadcrumb"},"inLanguage":"az","potentialAction":[{"@type":"ReadAction","target":["https:\/\/www.meydan.tv\/az\/article\/azal-in-q%c9%99zaya-ugramis-s%c9%99rnisin-t%c9%99yyar%c9%99sin%c9%99-gor%c9%99-sigortanin-od%c9%99nildiyi-deyilir\/"]}]},{"@type":"ImageObject","inLanguage":"az","@id":"https:\/\/www.meydan.tv\/az\/article\/azal-in-q%c9%99zaya-ugramis-s%c9%99rnisin-t%c9%99yyar%c9%99sin%c9%99-gor%c9%99-sigortanin-od%c9%99nildiyi-deyilir\/#primaryimage","url":"https:\/\/www.meydan.tv\/wp-content\/uploads\/f08d183e-7705-4447-bdb5-cbc9e798b812-scaled-e1735305052949.jpg","contentUrl":"https:\/\/www.meydan.tv\/wp-content\/uploads\/f08d183e-7705-4447-bdb5-cbc9e798b812-scaled-e1735305052949.jpg","width":2560,"height":1370,"caption":"Foto: Anadolu agentliyi"},{"@type":"BreadcrumbList","@id":"https:\/\/www.meydan.tv\/az\/article\/azal-in-q%c9%99zaya-ugramis-s%c9%99rnisin-t%c9%99yyar%c9%99sin%c9%99-gor%c9%99-sigortanin-od%c9%99nildiyi-deyilir\/#breadcrumb","itemListElement":[{"@type":"ListItem","position":1,"name":"Ana s\u0259hif\u0259","item":"https:\/\/www.meydan.tv\/az\/"},{"@type":"ListItem","position":2,"name":"Sosial","item":"https:\/\/www.meydan.tv\/az\/section\/sosial\/"},{"@type":"ListItem","position":3,"name":"AZAL-\u0131n q\u0259zaya u\u011fram\u0131\u015f s\u0259rni\u015fin t\u0259yyar\u0259sin\u0259 g\u00f6r\u0259 s\u0131\u011fortan\u0131n \u00f6d\u0259nildiyi deyilir"}]},{"@type":"WebSite","@id":"https:\/\/www.meydan.tv\/az\/#website","url":"https:\/\/www.meydan.tv\/az\/","name":"MEYDAN.TV","description":"Meydan TV Az\u0259rbaycan\u0131n media m\u0259kan\u0131ndak\u0131 alternativ s\u0259sidir","publisher":{"@id":"https:\/\/www.meydan.tv\/az\/#organization"},"potentialAction":[{"@type":"SearchAction","target":{"@type":"EntryPoint","urlTemplate":"https:\/\/www.meydan.tv\/az\/?s={search_term_string}"},"query-input":{"@type":"PropertyValueSpecification","valueRequired":true,"valueName":"search_term_string"}}],"inLanguage":"az"},{"@type":"Organization","@id":"https:\/\/www.meydan.tv\/az\/#organization","name":"Meydan TV","url":"https:\/\/www.meydan.tv\/az\/","logo":{"@type":"ImageObject","inLanguage":"az","@id":"https:\/\/www.meydan.tv\/az\/#\/schema\/logo\/image\/","url":"https:\/\/www.meydan.tv\/wp-content\/uploads\/2021\/07\/meydan-logo.svg","contentUrl":"https:\/\/www.meydan.tv\/wp-content\/uploads\/2021\/07\/meydan-logo.svg","width":195,"height":46,"caption":"Meydan TV"},"image":{"@id":"https:\/\/www.meydan.tv\/az\/#\/schema\/logo\/image\/"}},{"@type":"Person","@id":"https:\/\/www.meydan.tv\/az\/#\/schema\/person\/09863e516102a829e72bedcf3f84c6b0","name":"mahmud"}]}},"_links":{"self":[{"href":"https:\/\/www.meydan.tv\/az\/wp-json\/wp\/v2\/posts\/327236","targetHints":{"allow":["GET"]}}],"collection":[{"href":"https:\/\/www.meydan.tv\/az\/wp-json\/wp\/v2\/posts"}],"about":[{"href":"https:\/\/www.meydan.tv\/az\/wp-json\/wp\/v2\/types\/post"}],"author":[{"embeddable":true,"href":"https:\/\/www.meydan.tv\/az\/wp-json\/wp\/v2\/users\/21"}],"replies":[{"embeddable":true,"href":"https:\/\/www.meydan.tv\/az\/wp-json\/wp\/v2\/comments?post=327236"}],"version-history":[{"count":1,"href":"https:\/\/www.meydan.tv\/az\/wp-json\/wp\/v2\/posts\/327236\/revisions"}],"predecessor-version":[{"id":327237,"href":"https:\/\/www.meydan.tv\/az\/wp-json\/wp\/v2\/posts\/327236\/revisions\/327237"}],"wp:featuredmedia":[{"embeddable":true,"href":"https:\/\/www.meydan.tv\/az\/wp-json\/wp\/v2\/media\/323422"}],"wp:attachment":[{"href":"https:\/\/www.meydan.tv\/az\/wp-json\/wp\/v2\/media?parent=327236"}],"wp:term":[{"taxonomy":"category","embeddable":true,"href":"https:\/\/www.meydan.tv\/az\/wp-json\/wp\/v2\/categories?post=327236"},{"taxonomy":"post_tag","embeddable":true,"href":"https:\/\/www.meydan.tv\/az\/wp-json\/wp\/v2\/tags?post=327236"}],"curies":[{"name":"wp","href":"https:\/\/api.w.org\/{rel}","templated":true}]}}