{"id":327214,"date":"2025-03-04T14:13:40","date_gmt":"2025-03-04T10:13:40","guid":{"rendered":"https:\/\/www.meydan.tv\/?p=327214"},"modified":"2025-03-04T14:13:43","modified_gmt":"2025-03-04T10:13:43","slug":"neftin-qiym%c9%99ti-ucuzlasir-az%c9%99rbaycan-iqtisadiyyati-problem-yasaya-bil%c9%99r","status":"publish","type":"post","link":"https:\/\/www.meydan.tv\/az\/article\/neftin-qiym%c9%99ti-ucuzlasir-az%c9%99rbaycan-iqtisadiyyati-problem-yasaya-bil%c9%99r\/","title":{"rendered":"Neftin qiym\u0259ti ucuzla\u015f\u0131r; Az\u0259rbaycan iqtisadiyyat\u0131 problem ya\u015faya bil\u0259r"},"content":{"rendered":"\n<p><\/p>\n\n\n\n<p><strong><em>\u0130qtisad\u00e7\u0131: \u201c2025-ci ilin ikinci yar\u0131s\u0131nda qiym\u0259tl\u0259r 70 dollardan a\u015fa\u011f\u0131 d\u00fc\u015f\u0259, ilin sonuna orta qiym\u0259t 60-65 dollar d\u0259y\u0259rind\u0259 sabitl\u0259\u015f\u0259 bil\u0259r\u201d<\/em><\/strong><\/p>\n\n\n\n<p>OPEC+-un apreld\u0259 hasilat art\u0131m\u0131n\u0131 planla\u015fd\u0131rd\u0131\u011f\u0131 kimi davam etdir\u0259c\u0259yini bildirm\u0259si v\u0259 bazarlar AB\u015e-nin Kanada, Meksika v\u0259 \u00c7in\u0259 t\u0259tbiq ed\u0259c\u0259yi tarifl\u0259r\u0259 haz\u0131rla\u015fmas\u0131 s\u0259b\u0259bind\u0259n neft qiym\u0259tl\u0259ri mart\u0131n 4-d\u0259 daha da ucuzla\u015f\u0131b.<\/p>\n\n\n\n<p>Haz\u0131rda Brent markal\u0131 neftin fyu\u00e7ersl\u0259ri 49 sent v\u0259 ya 0.7% ucuzla\u015faraq 71.13 dollar\/barel\u0259 d\u00fc\u015f\u0259rk\u0259n, AB\u015e-nin WTI markal\u0131 nefti is\u0259 26 sent v\u0259 ya 0.4% azalaraq 68.11 dollar\/barel\u0259 enib.<\/p>\n\n\n\n<p>Haz\u0131rda \u0259mt\u0259\u0259 strateql\u0259ri hesab edirl\u0259r ki, neft qiym\u0259tl\u0259rind\u0259ki cari eni\u015f \u0259sas\u0259n OPEC+ q\u0259rar\u0131 v\u0259 AB\u015e-nin t\u0259tbiq etdiyi tarifl\u0259rd\u0259n qaynaqlan\u0131r. \u0130ndi h\u0259m d\u0259 Rusiya-Ukrayna m\u00fcnaqi\u015f\u0259si il\u0259 ba\u011fl\u0131 geosiyasi hadis\u0259l\u0259r v\u0259ziyy\u0259ti daha da \u00e7\u0259tinl\u0259\u015fdirir.<\/p>\n\n\n\n<p>AB\u015e Prezidenti Donald Tramp\u0131n fevral\u0131n 28-d\u0259 Ukrayna Prezidenti Volodimir Zelenski il\u0259 m\u00fcbahis\u0259sind\u0259n sonra \u00f6lk\u0259y\u0259 h\u0259rbi yard\u0131m\u0131n dayand\u0131r\u0131lmas\u0131 <a href=\"https:\/\/storage.googleapis.com\/qurium\/www.meydan.tv\/az-article-abs-nin-ukraynaya-h%c9%99rbi-yardimi-dayandirdigi-bildirilir.html\" target=\"_blank\" rel=\"noreferrer noopener\">q\u0259rara al\u0131n\u0131b.<\/a><\/p>\n\n\n\n<p>Neft \u0130xrac Ed\u0259n \u00d6lk\u0259l\u0259r T\u0259\u015fkilat\u0131 (OPEC) v\u0259 Rusiya kimi m\u00fctt\u0259fiql\u0259rd\u0259n ibar\u0259t OPEC+ (Az\u0259rbaycan da bu qrupa daxildir) 2022-ci ild\u0259n b\u0259ri ilk d\u0259f\u0259 olaraq apreld\u0259 g\u00fcnd\u0259lik 138 min barel hasilat art\u0131m\u0131na getm\u0259k q\u0259rar\u0131na g\u0259libl\u0259r.<\/p>\n\n\n\n<p>Hesab edilir ki, bu q\u0259rar \u0259vv\u0259lki hasilat azalmalar\u0131n\u0131 t\u0259dric\u0259n l\u0259\u011fv etm\u0259y\u0259 y\u00f6n\u0259ls\u0259 d\u0259, bazarda m\u00fcmk\u00fcn t\u0259klif art\u0131m\u0131 il\u0259 ba\u011fl\u0131 narahatl\u0131q yarad\u0131r.<\/p>\n\n\n\n<p>AB\u015e Prezidenti Donald Tramp\u0131n Kanada v\u0259 Meksikadan idxala t\u0259tbiq etdiyi 25%-lik tarifl\u0259r bu g\u00fcnd\u0259n, mart\u0131n 4-d\u0259n q\u00fcvv\u0259y\u0259 min\u0259c\u0259k. Kanada enerjisin\u0259 is\u0259 10%-lik tarif qoyulacaq. \u00c7in mallar\u0131na t\u0259tbiq olunan tarifl\u0259r is\u0259 10%-d\u0259n 20%-\u0259 y\u00fcks\u0259ldil\u0259c\u0259k.<\/p>\n\n\n\n<p>Analitikl\u0259r hesab edirl\u0259r ki, bu tarifl\u0259r iqtisadi aktivliy\u0259 v\u0259 yanaca\u011fa olan t\u0259l\u0259bat\u0131 azaldaraq neft qiym\u0259tl\u0259rin\u0259 a\u015fa\u011f\u0131 istiqam\u0259tli t\u0259zyiq g\u00f6st\u0259r\u0259c\u0259k.<\/p>\n\n\n\n<p>REAL Partiyas\u0131n\u0131n s\u0259dri, iqtisad\u00e7\u0131 Natiq C\u0259f\u0259rli deyir ki, Az\u0259rbaycan iqtisadiyyat\u0131 \u00fc\u00e7\u00fcn g\u0259l\u0259c\u0259kd\u0259 probleml\u0259r yaranaca\u011f\u0131 a\u00e7\u0131q <a href=\"https:\/\/www.facebook.com\/story.php?story_fbid=10232421140124750&amp;id=1043516129&amp;mibextid=wwXIfr&amp;rdid=RS6xAgrp20WNVnEu#\" target=\"_blank\" rel=\"noreferrer noopener\">g\u00f6r\u00fcn\u00fcr<\/a>.<\/p>\n\n\n<div class=\"wp-block-image\">\n<figure class=\"alignright size-large is-resized\"><img decoding=\"async\" width=\"1200\" height=\"800\" data-src=\"https:\/\/www.meydan.tv\/wp-content\/uploads\/natiq-jafarli-1-1200x800.jpg\" alt=\"\" class=\"wp-image-216079 lazyload\" style=\"--smush-placeholder-width: 1200px; --smush-placeholder-aspect-ratio: 1200\/800;width:451px;height:auto\" src=\"data:image\/svg+xml;base64,PHN2ZyB3aWR0aD0iMSIgaGVpZ2h0PSIxIiB4bWxucz0iaHR0cDovL3d3dy53My5vcmcvMjAwMC9zdmciPjwvc3ZnPg==\" \/><figcaption class=\"wp-element-caption\">M\u0259nb\u0259: Meydan TV<\/figcaption><\/figure>\n<\/div>\n\n\n<p><em>\u201cH\u0259l\u0259lik 2025-ci ilin ilk 2 ay\u0131nda orta qiym\u0259t 80 dollara yax\u0131nd\u0131r, amma, martda bu r\u0259q\u0259m 72-73 dollara, apreld\u0259 is\u0259 70 dollardan a\u015fa\u011f\u0131 d\u00fc\u015f\u0259 bil\u0259r. Bu is\u0259 o dem\u0259kdir ki, 2025-ci ilin ilk yar\u0131s\u0131n\u0131 b\u00fcdc\u0259d\u0259 n\u0259z\u0259rd\u0259 tutulan neftin ortalama 70 dollar s\u0259viyy\u0259sin\u0259 yax\u0131n tamamlasaq da, 2025-ci ilin ikinci yar\u0131s\u0131nda qiym\u0259tl\u0259r 70 dollardan a\u015fa\u011f\u0131 d\u00fc\u015f\u0259, ilin sonuna orta qiym\u0259t 60-65 dollar koridorunda sabitl\u0259\u015f\u0259 bil\u0259r ki, bu da \u00f6lk\u0259miz \u00fc\u00e7\u00fcn he\u00e7 d\u0259 yax\u015f\u0131 deyil\u201d.<\/em><\/p>\n\n\n\n<p><em>\u201cNeftin qiym\u0259tinin h\u0259r 1 dollar d\u00fc\u015fm\u0259si, g\u00fcnl\u00fck olaraq Az\u0259rbaycan\u0131n valyuta g\u0259lirl\u0259rinin 500 min dollar azalmas\u0131 dem\u0259kdir. Y\u0259ni, ilin sonuna illik ortalama qiym\u0259t 65 dollar olsa, bu g\u00fcnd\u0259 2,5 mln., ayda 75 mln., il\u0259 is\u0259 900 mln. dollar daha az valyuta daxil olmas\u0131 dem\u0259kdir. Amma, bu da son deyil, neft \u015firk\u0259tl\u0259rinin qiym\u0259tin enm\u0259sin\u0259 g\u00f6r\u0259 qazanclar\u0131, g\u0259lirl\u0259ri, m\u0259nf\u0259\u0259ti azalacaq ki, bu da onlar\u0131n vergi \u015f\u0259klind\u0259 b\u00fcdc\u0259y\u0259 \u00f6d\u0259diyi v\u0259saitin d\u00fc\u015fm\u0259sin\u0259 s\u0259b\u0259b olacaq. H\u00f6rm\u0259tli h\u00f6kum\u0259t \u00fczvl\u0259ri, sizin \u201ckomfort zonas\u0131ndan\u201d \u00e7\u0131x\u0131b \u00f6lk\u0259nin g\u0259l\u0259c\u0259yi il\u0259 ba\u011fl\u0131 ciddi islahatlar etm\u0259k fikriniz varm\u0131, yoxsa, h\u0259l\u0259 d\u0259, \u201cAllah k\u0259rimdir\u201d, v\u0259 ya, \u201cm\u00fcv\u0259qq\u0259ti \u00e7\u0259tinliy\u0259 g\u00f6r\u0259 \u00fczr ist\u0259yirik\u201d, konsepsiyan\u0131z\u0131 davam etdirm\u0259k ist\u0259yirsiniz?!\u201d- <\/em>iqtisad\u00e7\u0131 bildirib.<\/p>\n\n\n\n<p>Haz\u0131rda d\u00fcnya bazarlar\u0131nda \u201cAzeri Light\u201d (CIF) markal\u0131 Az\u0259rbaycan neftinin 1 bareli 75,68 dollara enib.<\/p>\n\n\n\n<p>\u018fvv\u0259lki qiym\u0259t 75,71 dollar olub.<\/p>\n","protected":false},"excerpt":{"rendered":"<p>\u0130qtisad\u00e7\u0131: \u201c2025-ci ilin ikinci yar\u0131s\u0131nda qiym\u0259tl\u0259r 70 dollardan a\u015fa\u011f\u0131 d\u00fc\u015f\u0259, &#8230; <\/p>\n<p class=\"read-more-container\"><a title=\"Neftin qiym\u0259ti ucuzla\u015f\u0131r; Az\u0259rbaycan iqtisadiyyat\u0131 problem ya\u015faya bil\u0259r\" class=\"read-more button\" href=\"https:\/\/www.meydan.tv\/az\/article\/neftin-qiym%c9%99ti-ucuzlasir-az%c9%99rbaycan-iqtisadiyyati-problem-yasaya-bil%c9%99r\/#more-327214\" aria-label=\"Read more about Neftin qiym\u0259ti ucuzla\u015f\u0131r; Az\u0259rbaycan iqtisadiyyat\u0131 problem ya\u015faya bil\u0259r\">Davam\u0131<\/a><\/p>\n","protected":false},"author":21,"featured_media":321314,"comment_status":"closed","ping_status":"closed","sticky":false,"template":"","format":"standard","meta":{"_acf_changed":false,"_sitemap_exclude":false,"_sitemap_priority":"","_sitemap_frequency":"","footnotes":""},"categories":[53,79,56],"tags":[],"class_list":["post-327214","post","type-post","status-publish","format-standard","has-post-thumbnail","hentry","category-iqtisadiyyat","category-featured","category-xeberler","infinite-scroll-item","generate-columns","tablet-grid-50","mobile-grid-100","grid-parent","grid-33","no-featured-image-padding"],"acf":[],"yoast_head":"<!-- This site is optimized with the Yoast SEO plugin v27.5 - https:\/\/yoast.com\/product\/yoast-seo-wordpress\/ -->\n<title>Neftin qiym\u0259ti ucuzla\u015f\u0131r; Az\u0259rbaycan iqtisadiyyat\u0131 problem ya\u015faya bil\u0259r - MEYDAN.TV<\/title>\n<meta name=\"robots\" content=\"index, follow, max-snippet:-1, max-image-preview:large, max-video-preview:-1\" \/>\n<link rel=\"canonical\" href=\"https:\/\/www.meydan.tv\/az\/article\/neftin-qiym%c9%99ti-ucuzlasir-az%c9%99rbaycan-iqtisadiyyati-problem-yasaya-bil%c9%99r\/\" \/>\n<meta property=\"og:locale\" content=\"az_AZ\" \/>\n<meta property=\"og:type\" content=\"article\" \/>\n<meta property=\"og:title\" content=\"Neftin qiym\u0259ti ucuzla\u015f\u0131r; Az\u0259rbaycan iqtisadiyyat\u0131 problem ya\u015faya bil\u0259r - MEYDAN.TV\" \/>\n<meta property=\"og:description\" content=\"\u0130qtisad\u00e7\u0131: \u201c2025-ci ilin ikinci yar\u0131s\u0131nda qiym\u0259tl\u0259r 70 dollardan a\u015fa\u011f\u0131 d\u00fc\u015f\u0259, ... Davam\u0131\" \/>\n<meta property=\"og:url\" content=\"https:\/\/www.meydan.tv\/az\/article\/neftin-qiym%c9%99ti-ucuzlasir-az%c9%99rbaycan-iqtisadiyyati-problem-yasaya-bil%c9%99r\/\" \/>\n<meta property=\"og:site_name\" content=\"MEYDAN.TV\" \/>\n<meta property=\"article:published_time\" content=\"2025-03-04T10:13:40+00:00\" \/>\n<meta property=\"article:modified_time\" content=\"2025-03-04T10:13:43+00:00\" \/>\n<meta property=\"og:image\" content=\"https:\/\/www.meydan.tv\/wp-content\/uploads\/nu72xgsbbnihnhmsqeltjrqtg4-scaled.jpg\" \/>\n\t<meta property=\"og:image:width\" content=\"2560\" \/>\n\t<meta property=\"og:image:height\" content=\"1703\" \/>\n\t<meta property=\"og:image:type\" content=\"image\/jpeg\" \/>\n<meta name=\"author\" content=\"mahmud\" \/>\n<meta name=\"twitter:card\" content=\"summary_large_image\" \/>\n<script type=\"application\/ld+json\" class=\"yoast-schema-graph\">{\"@context\":\"https:\\\/\\\/schema.org\",\"@graph\":[{\"@type\":\"Article\",\"@id\":\"https:\\\/\\\/www.meydan.tv\\\/az\\\/article\\\/neftin-qiym%c9%99ti-ucuzlasir-az%c9%99rbaycan-iqtisadiyyati-problem-yasaya-bil%c9%99r\\\/#article\",\"isPartOf\":{\"@id\":\"https:\\\/\\\/www.meydan.tv\\\/az\\\/article\\\/neftin-qiym%c9%99ti-ucuzlasir-az%c9%99rbaycan-iqtisadiyyati-problem-yasaya-bil%c9%99r\\\/\"},\"author\":{\"name\":\"mahmud\",\"@id\":\"https:\\\/\\\/www.meydan.tv\\\/az\\\/#\\\/schema\\\/person\\\/09863e516102a829e72bedcf3f84c6b0\"},\"headline\":\"Neftin qiym\u0259ti ucuzla\u015f\u0131r; Az\u0259rbaycan iqtisadiyyat\u0131 problem ya\u015faya bil\u0259r\",\"datePublished\":\"2025-03-04T10:13:40+00:00\",\"dateModified\":\"2025-03-04T10:13:43+00:00\",\"mainEntityOfPage\":{\"@id\":\"https:\\\/\\\/www.meydan.tv\\\/az\\\/article\\\/neftin-qiym%c9%99ti-ucuzlasir-az%c9%99rbaycan-iqtisadiyyati-problem-yasaya-bil%c9%99r\\\/\"},\"wordCount\":689,\"publisher\":{\"@id\":\"https:\\\/\\\/www.meydan.tv\\\/az\\\/#organization\"},\"image\":{\"@id\":\"https:\\\/\\\/www.meydan.tv\\\/az\\\/article\\\/neftin-qiym%c9%99ti-ucuzlasir-az%c9%99rbaycan-iqtisadiyyati-problem-yasaya-bil%c9%99r\\\/#primaryimage\"},\"thumbnailUrl\":\"https:\\\/\\\/www.meydan.tv\\\/wp-content\\\/uploads\\\/nu72xgsbbnihnhmsqeltjrqtg4-scaled.jpg\",\"articleSection\":[\"\u0130qtisadiyyat\",\"T\u00f6vsiy\u0259\",\"X\u0259b\u0259rl\u0259r\"],\"inLanguage\":\"az\"},{\"@type\":\"WebPage\",\"@id\":\"https:\\\/\\\/www.meydan.tv\\\/az\\\/article\\\/neftin-qiym%c9%99ti-ucuzlasir-az%c9%99rbaycan-iqtisadiyyati-problem-yasaya-bil%c9%99r\\\/\",\"url\":\"https:\\\/\\\/www.meydan.tv\\\/az\\\/article\\\/neftin-qiym%c9%99ti-ucuzlasir-az%c9%99rbaycan-iqtisadiyyati-problem-yasaya-bil%c9%99r\\\/\",\"name\":\"Neftin qiym\u0259ti ucuzla\u015f\u0131r; Az\u0259rbaycan iqtisadiyyat\u0131 problem ya\u015faya bil\u0259r - MEYDAN.TV\",\"isPartOf\":{\"@id\":\"https:\\\/\\\/www.meydan.tv\\\/az\\\/#website\"},\"primaryImageOfPage\":{\"@id\":\"https:\\\/\\\/www.meydan.tv\\\/az\\\/article\\\/neftin-qiym%c9%99ti-ucuzlasir-az%c9%99rbaycan-iqtisadiyyati-problem-yasaya-bil%c9%99r\\\/#primaryimage\"},\"image\":{\"@id\":\"https:\\\/\\\/www.meydan.tv\\\/az\\\/article\\\/neftin-qiym%c9%99ti-ucuzlasir-az%c9%99rbaycan-iqtisadiyyati-problem-yasaya-bil%c9%99r\\\/#primaryimage\"},\"thumbnailUrl\":\"https:\\\/\\\/www.meydan.tv\\\/wp-content\\\/uploads\\\/nu72xgsbbnihnhmsqeltjrqtg4-scaled.jpg\",\"datePublished\":\"2025-03-04T10:13:40+00:00\",\"dateModified\":\"2025-03-04T10:13:43+00:00\",\"breadcrumb\":{\"@id\":\"https:\\\/\\\/www.meydan.tv\\\/az\\\/article\\\/neftin-qiym%c9%99ti-ucuzlasir-az%c9%99rbaycan-iqtisadiyyati-problem-yasaya-bil%c9%99r\\\/#breadcrumb\"},\"inLanguage\":\"az\",\"potentialAction\":[{\"@type\":\"ReadAction\",\"target\":[\"https:\\\/\\\/www.meydan.tv\\\/az\\\/article\\\/neftin-qiym%c9%99ti-ucuzlasir-az%c9%99rbaycan-iqtisadiyyati-problem-yasaya-bil%c9%99r\\\/\"]}]},{\"@type\":\"ImageObject\",\"inLanguage\":\"az\",\"@id\":\"https:\\\/\\\/www.meydan.tv\\\/az\\\/article\\\/neftin-qiym%c9%99ti-ucuzlasir-az%c9%99rbaycan-iqtisadiyyati-problem-yasaya-bil%c9%99r\\\/#primaryimage\",\"url\":\"https:\\\/\\\/www.meydan.tv\\\/wp-content\\\/uploads\\\/nu72xgsbbnihnhmsqeltjrqtg4-scaled.jpg\",\"contentUrl\":\"https:\\\/\\\/www.meydan.tv\\\/wp-content\\\/uploads\\\/nu72xgsbbnihnhmsqeltjrqtg4-scaled.jpg\",\"width\":2560,\"height\":1703,\"caption\":\"Foto: Reuters\"},{\"@type\":\"BreadcrumbList\",\"@id\":\"https:\\\/\\\/www.meydan.tv\\\/az\\\/article\\\/neftin-qiym%c9%99ti-ucuzlasir-az%c9%99rbaycan-iqtisadiyyati-problem-yasaya-bil%c9%99r\\\/#breadcrumb\",\"itemListElement\":[{\"@type\":\"ListItem\",\"position\":1,\"name\":\"Ana s\u0259hif\u0259\",\"item\":\"https:\\\/\\\/www.meydan.tv\\\/az\\\/\"},{\"@type\":\"ListItem\",\"position\":2,\"name\":\"\u0130qtisadiyyat\",\"item\":\"https:\\\/\\\/www.meydan.tv\\\/az\\\/section\\\/iqtisadiyyat\\\/\"},{\"@type\":\"ListItem\",\"position\":3,\"name\":\"Neftin qiym\u0259ti ucuzla\u015f\u0131r; Az\u0259rbaycan iqtisadiyyat\u0131 problem ya\u015faya bil\u0259r\"}]},{\"@type\":\"WebSite\",\"@id\":\"https:\\\/\\\/www.meydan.tv\\\/az\\\/#website\",\"url\":\"https:\\\/\\\/www.meydan.tv\\\/az\\\/\",\"name\":\"MEYDAN.TV\",\"description\":\"Meydan TV Az\u0259rbaycan\u0131n media m\u0259kan\u0131ndak\u0131 alternativ s\u0259sidir\",\"publisher\":{\"@id\":\"https:\\\/\\\/www.meydan.tv\\\/az\\\/#organization\"},\"potentialAction\":[{\"@type\":\"SearchAction\",\"target\":{\"@type\":\"EntryPoint\",\"urlTemplate\":\"https:\\\/\\\/www.meydan.tv\\\/az\\\/?s={search_term_string}\"},\"query-input\":{\"@type\":\"PropertyValueSpecification\",\"valueRequired\":true,\"valueName\":\"search_term_string\"}}],\"inLanguage\":\"az\"},{\"@type\":\"Organization\",\"@id\":\"https:\\\/\\\/www.meydan.tv\\\/az\\\/#organization\",\"name\":\"Meydan TV\",\"url\":\"https:\\\/\\\/www.meydan.tv\\\/az\\\/\",\"logo\":{\"@type\":\"ImageObject\",\"inLanguage\":\"az\",\"@id\":\"https:\\\/\\\/www.meydan.tv\\\/az\\\/#\\\/schema\\\/logo\\\/image\\\/\",\"url\":\"https:\\\/\\\/www.meydan.tv\\\/wp-content\\\/uploads\\\/2021\\\/07\\\/meydan-logo.svg\",\"contentUrl\":\"https:\\\/\\\/www.meydan.tv\\\/wp-content\\\/uploads\\\/2021\\\/07\\\/meydan-logo.svg\",\"width\":195,\"height\":46,\"caption\":\"Meydan TV\"},\"image\":{\"@id\":\"https:\\\/\\\/www.meydan.tv\\\/az\\\/#\\\/schema\\\/logo\\\/image\\\/\"}},{\"@type\":\"Person\",\"@id\":\"https:\\\/\\\/www.meydan.tv\\\/az\\\/#\\\/schema\\\/person\\\/09863e516102a829e72bedcf3f84c6b0\",\"name\":\"mahmud\"}]}<\/script>\n<!-- \/ Yoast SEO plugin. -->","yoast_head_json":{"title":"Neftin qiym\u0259ti ucuzla\u015f\u0131r; Az\u0259rbaycan iqtisadiyyat\u0131 problem ya\u015faya bil\u0259r - MEYDAN.TV","robots":{"index":"index","follow":"follow","max-snippet":"max-snippet:-1","max-image-preview":"max-image-preview:large","max-video-preview":"max-video-preview:-1"},"canonical":"https:\/\/www.meydan.tv\/az\/article\/neftin-qiym%c9%99ti-ucuzlasir-az%c9%99rbaycan-iqtisadiyyati-problem-yasaya-bil%c9%99r\/","og_locale":"az_AZ","og_type":"article","og_title":"Neftin qiym\u0259ti ucuzla\u015f\u0131r; Az\u0259rbaycan iqtisadiyyat\u0131 problem ya\u015faya bil\u0259r - MEYDAN.TV","og_description":"\u0130qtisad\u00e7\u0131: \u201c2025-ci ilin ikinci yar\u0131s\u0131nda qiym\u0259tl\u0259r 70 dollardan a\u015fa\u011f\u0131 d\u00fc\u015f\u0259, ... Davam\u0131","og_url":"https:\/\/www.meydan.tv\/az\/article\/neftin-qiym%c9%99ti-ucuzlasir-az%c9%99rbaycan-iqtisadiyyati-problem-yasaya-bil%c9%99r\/","og_site_name":"MEYDAN.TV","article_published_time":"2025-03-04T10:13:40+00:00","article_modified_time":"2025-03-04T10:13:43+00:00","og_image":[{"width":2560,"height":1703,"url":"https:\/\/www.meydan.tv\/wp-content\/uploads\/nu72xgsbbnihnhmsqeltjrqtg4-scaled.jpg","type":"image\/jpeg"}],"author":"mahmud","twitter_card":"summary_large_image","schema":{"@context":"https:\/\/schema.org","@graph":[{"@type":"Article","@id":"https:\/\/www.meydan.tv\/az\/article\/neftin-qiym%c9%99ti-ucuzlasir-az%c9%99rbaycan-iqtisadiyyati-problem-yasaya-bil%c9%99r\/#article","isPartOf":{"@id":"https:\/\/www.meydan.tv\/az\/article\/neftin-qiym%c9%99ti-ucuzlasir-az%c9%99rbaycan-iqtisadiyyati-problem-yasaya-bil%c9%99r\/"},"author":{"name":"mahmud","@id":"https:\/\/www.meydan.tv\/az\/#\/schema\/person\/09863e516102a829e72bedcf3f84c6b0"},"headline":"Neftin qiym\u0259ti ucuzla\u015f\u0131r; Az\u0259rbaycan iqtisadiyyat\u0131 problem ya\u015faya bil\u0259r","datePublished":"2025-03-04T10:13:40+00:00","dateModified":"2025-03-04T10:13:43+00:00","mainEntityOfPage":{"@id":"https:\/\/www.meydan.tv\/az\/article\/neftin-qiym%c9%99ti-ucuzlasir-az%c9%99rbaycan-iqtisadiyyati-problem-yasaya-bil%c9%99r\/"},"wordCount":689,"publisher":{"@id":"https:\/\/www.meydan.tv\/az\/#organization"},"image":{"@id":"https:\/\/www.meydan.tv\/az\/article\/neftin-qiym%c9%99ti-ucuzlasir-az%c9%99rbaycan-iqtisadiyyati-problem-yasaya-bil%c9%99r\/#primaryimage"},"thumbnailUrl":"https:\/\/www.meydan.tv\/wp-content\/uploads\/nu72xgsbbnihnhmsqeltjrqtg4-scaled.jpg","articleSection":["\u0130qtisadiyyat","T\u00f6vsiy\u0259","X\u0259b\u0259rl\u0259r"],"inLanguage":"az"},{"@type":"WebPage","@id":"https:\/\/www.meydan.tv\/az\/article\/neftin-qiym%c9%99ti-ucuzlasir-az%c9%99rbaycan-iqtisadiyyati-problem-yasaya-bil%c9%99r\/","url":"https:\/\/www.meydan.tv\/az\/article\/neftin-qiym%c9%99ti-ucuzlasir-az%c9%99rbaycan-iqtisadiyyati-problem-yasaya-bil%c9%99r\/","name":"Neftin qiym\u0259ti ucuzla\u015f\u0131r; Az\u0259rbaycan iqtisadiyyat\u0131 problem ya\u015faya bil\u0259r - MEYDAN.TV","isPartOf":{"@id":"https:\/\/www.meydan.tv\/az\/#website"},"primaryImageOfPage":{"@id":"https:\/\/www.meydan.tv\/az\/article\/neftin-qiym%c9%99ti-ucuzlasir-az%c9%99rbaycan-iqtisadiyyati-problem-yasaya-bil%c9%99r\/#primaryimage"},"image":{"@id":"https:\/\/www.meydan.tv\/az\/article\/neftin-qiym%c9%99ti-ucuzlasir-az%c9%99rbaycan-iqtisadiyyati-problem-yasaya-bil%c9%99r\/#primaryimage"},"thumbnailUrl":"https:\/\/www.meydan.tv\/wp-content\/uploads\/nu72xgsbbnihnhmsqeltjrqtg4-scaled.jpg","datePublished":"2025-03-04T10:13:40+00:00","dateModified":"2025-03-04T10:13:43+00:00","breadcrumb":{"@id":"https:\/\/www.meydan.tv\/az\/article\/neftin-qiym%c9%99ti-ucuzlasir-az%c9%99rbaycan-iqtisadiyyati-problem-yasaya-bil%c9%99r\/#breadcrumb"},"inLanguage":"az","potentialAction":[{"@type":"ReadAction","target":["https:\/\/www.meydan.tv\/az\/article\/neftin-qiym%c9%99ti-ucuzlasir-az%c9%99rbaycan-iqtisadiyyati-problem-yasaya-bil%c9%99r\/"]}]},{"@type":"ImageObject","inLanguage":"az","@id":"https:\/\/www.meydan.tv\/az\/article\/neftin-qiym%c9%99ti-ucuzlasir-az%c9%99rbaycan-iqtisadiyyati-problem-yasaya-bil%c9%99r\/#primaryimage","url":"https:\/\/www.meydan.tv\/wp-content\/uploads\/nu72xgsbbnihnhmsqeltjrqtg4-scaled.jpg","contentUrl":"https:\/\/www.meydan.tv\/wp-content\/uploads\/nu72xgsbbnihnhmsqeltjrqtg4-scaled.jpg","width":2560,"height":1703,"caption":"Foto: Reuters"},{"@type":"BreadcrumbList","@id":"https:\/\/www.meydan.tv\/az\/article\/neftin-qiym%c9%99ti-ucuzlasir-az%c9%99rbaycan-iqtisadiyyati-problem-yasaya-bil%c9%99r\/#breadcrumb","itemListElement":[{"@type":"ListItem","position":1,"name":"Ana s\u0259hif\u0259","item":"https:\/\/www.meydan.tv\/az\/"},{"@type":"ListItem","position":2,"name":"\u0130qtisadiyyat","item":"https:\/\/www.meydan.tv\/az\/section\/iqtisadiyyat\/"},{"@type":"ListItem","position":3,"name":"Neftin qiym\u0259ti ucuzla\u015f\u0131r; Az\u0259rbaycan iqtisadiyyat\u0131 problem ya\u015faya bil\u0259r"}]},{"@type":"WebSite","@id":"https:\/\/www.meydan.tv\/az\/#website","url":"https:\/\/www.meydan.tv\/az\/","name":"MEYDAN.TV","description":"Meydan TV Az\u0259rbaycan\u0131n media m\u0259kan\u0131ndak\u0131 alternativ s\u0259sidir","publisher":{"@id":"https:\/\/www.meydan.tv\/az\/#organization"},"potentialAction":[{"@type":"SearchAction","target":{"@type":"EntryPoint","urlTemplate":"https:\/\/www.meydan.tv\/az\/?s={search_term_string}"},"query-input":{"@type":"PropertyValueSpecification","valueRequired":true,"valueName":"search_term_string"}}],"inLanguage":"az"},{"@type":"Organization","@id":"https:\/\/www.meydan.tv\/az\/#organization","name":"Meydan TV","url":"https:\/\/www.meydan.tv\/az\/","logo":{"@type":"ImageObject","inLanguage":"az","@id":"https:\/\/www.meydan.tv\/az\/#\/schema\/logo\/image\/","url":"https:\/\/www.meydan.tv\/wp-content\/uploads\/2021\/07\/meydan-logo.svg","contentUrl":"https:\/\/www.meydan.tv\/wp-content\/uploads\/2021\/07\/meydan-logo.svg","width":195,"height":46,"caption":"Meydan TV"},"image":{"@id":"https:\/\/www.meydan.tv\/az\/#\/schema\/logo\/image\/"}},{"@type":"Person","@id":"https:\/\/www.meydan.tv\/az\/#\/schema\/person\/09863e516102a829e72bedcf3f84c6b0","name":"mahmud"}]}},"_links":{"self":[{"href":"https:\/\/www.meydan.tv\/az\/wp-json\/wp\/v2\/posts\/327214","targetHints":{"allow":["GET"]}}],"collection":[{"href":"https:\/\/www.meydan.tv\/az\/wp-json\/wp\/v2\/posts"}],"about":[{"href":"https:\/\/www.meydan.tv\/az\/wp-json\/wp\/v2\/types\/post"}],"author":[{"embeddable":true,"href":"https:\/\/www.meydan.tv\/az\/wp-json\/wp\/v2\/users\/21"}],"replies":[{"embeddable":true,"href":"https:\/\/www.meydan.tv\/az\/wp-json\/wp\/v2\/comments?post=327214"}],"version-history":[{"count":1,"href":"https:\/\/www.meydan.tv\/az\/wp-json\/wp\/v2\/posts\/327214\/revisions"}],"predecessor-version":[{"id":327216,"href":"https:\/\/www.meydan.tv\/az\/wp-json\/wp\/v2\/posts\/327214\/revisions\/327216"}],"wp:featuredmedia":[{"embeddable":true,"href":"https:\/\/www.meydan.tv\/az\/wp-json\/wp\/v2\/media\/321314"}],"wp:attachment":[{"href":"https:\/\/www.meydan.tv\/az\/wp-json\/wp\/v2\/media?parent=327214"}],"wp:term":[{"taxonomy":"category","embeddable":true,"href":"https:\/\/www.meydan.tv\/az\/wp-json\/wp\/v2\/categories?post=327214"},{"taxonomy":"post_tag","embeddable":true,"href":"https:\/\/www.meydan.tv\/az\/wp-json\/wp\/v2\/tags?post=327214"}],"curies":[{"name":"wp","href":"https:\/\/api.w.org\/{rel}","templated":true}]}}