{"id":327178,"date":"2025-03-03T21:39:06","date_gmt":"2025-03-03T17:39:06","guid":{"rendered":"https:\/\/www.meydan.tv\/?p=327178"},"modified":"2025-03-04T15:11:26","modified_gmt":"2025-03-04T11:11:26","slug":"s%c9%99s-yazisi-yayilan-m%c9%99kt%c9%99b-direktorunun-isd%c9%99n-cixarildigi-bildirilir","status":"publish","type":"post","link":"https:\/\/www.meydan.tv\/az\/article\/s%c9%99s-yazisi-yayilan-m%c9%99kt%c9%99b-direktorunun-isd%c9%99n-cixarildigi-bildirilir\/","title":{"rendered":"S\u0259s yaz\u0131s\u0131 yay\u0131lan m\u0259kt\u0259b direktorunun i\u015fd\u0259n \u00e7\u0131xar\u0131ld\u0131\u011f\u0131 bildirilir"},"content":{"rendered":"\n<p><\/p>\n\n\n\n<p><strong><em>Bak\u0131 \u015e\u0259h\u0259ri \u00fczr\u0259 T\u0259hsil \u0130dar\u0259sinin m\u0259lumat\u0131nda deyilir ki, s\u0259s yaz\u0131s\u0131 il\u0259 ba\u011fl\u0131 ara\u015fd\u0131rma apar\u0131l\u0131b<\/em><\/strong><\/p>\n\n\n\n<p>Mart\u0131n 2-d\u0259 s\u0259s yaz\u0131s\u0131 yay\u0131lan Bak\u0131n\u0131n 231 n\u00f6mr\u0259li tam orta m\u0259kt\u0259binin direktoru Lamiy\u0259 \u0130lhamsoyun i\u015fd\u0259n \u00e7\u0131xar\u0131ld\u0131\u011f\u0131 bildirilir.<\/p>\n\n\n\n<p>Bak\u0131 \u015e\u0259h\u0259ri \u00fczr\u0259 T\u0259hsil \u0130dar\u0259sinin (B\u015eT\u0130) m\u0259lumat\u0131nda deyilir ki, direktorun m\u00fc\u0259lliml\u0259r\u0259 qar\u015f\u0131 davran\u0131\u015f\u0131 v\u0259 s\u0259s yaz\u0131s\u0131 il\u0259 ba\u011fl\u0131 ara\u015fd\u0131rma apar\u0131l\u0131b.<\/p>\n\n\n<div class=\"wp-block-image\">\n<figure class=\"alignleft size-full is-resized\"><img decoding=\"async\" width=\"297\" height=\"450\" data-src=\"https:\/\/www.meydan.tv\/wp-content\/uploads\/169562552865113138364954.45364593.jpg\" alt=\"\" class=\"wp-image-327179 lazyload\" style=\"--smush-placeholder-width: 297px; --smush-placeholder-aspect-ratio: 297\/450;width:320px;height:auto\" src=\"data:image\/svg+xml;base64,PHN2ZyB3aWR0aD0iMSIgaGVpZ2h0PSIxIiB4bWxucz0iaHR0cDovL3d3dy53My5vcmcvMjAwMC9zdmciPjwvc3ZnPg==\" \/><figcaption class=\"wp-element-caption\">Lamiy\u0259 \u0130lhamsoy. Foto: bakimektebleri.edu.az<\/figcaption><\/figure>\n<\/div>\n\n\n<p>F\u0259aliyy\u0259tind\u0259 yol verdiyi n\u00f6qsanlara g\u00f6r\u0259 M\u0259kt\u0259b\u0259q\u0259d\u0259r v\u0259 \u00dcmumi T\u0259hsil \u00fczr\u0259 D\u00f6vl\u0259t Agentliyinin m\u00fcvafiq \u0259mri il\u0259 t\u0259hsil Lamiy\u0259 \u0130lhamsoy v\u0259zif\u0259sind\u0259n azad edilib.<\/p>\n\n\n\n<p><em>\u201cBildiririk ki, t\u0259hsil m\u00fc\u0259ssis\u0259l\u0259rind\u0259 sa\u011flam i\u015fg\u00fczar m\u00fchitin t\u0259min olunmas\u0131, v\u0259t\u0259nda\u015flar\u0131n t\u0259hsil m\u00fc\u0259ssis\u0259sin\u0259 etimad\u0131n\u0131n, t\u0259hsil m\u00fc\u0259ssis\u0259l\u0259rinin f\u0259aliyy\u0259tind\u0259 s\u0259m\u0259r\u0259liliyin v\u0259 \u015f\u0259ffafl\u0131\u011f\u0131n art\u0131r\u0131lmas\u0131 \u0259sas prioritetl\u0259rd\u0259ndir. T\u0259hsil m\u00fc\u0259ssis\u0259l\u0259rind\u0259 h\u0259r hans\u0131 neqativ hallar\u0131n ba\u015f verm\u0259si yolverilm\u0259zdir\u201d, <\/em>&#8211; m\u0259lumatda deyilir.<\/p>\n\n\n\n<p>Mart\u0131n 2-d\u0259 Bak\u0131n\u0131n Pirallah\u0131 rayonu, G\u00fcrg\u0259n q\u0259s\u0259b\u0259si 231 n\u00f6mr\u0259li tam orta m\u0259kt\u0259bin direktoru Lamiy\u0259 \u0130lhamsoya m\u0259xsus oldu\u011fu iddia edil\u0259n s\u0259s yaz\u0131s\u0131 <a href=\"https:\/\/www.youtube.com\/watch?v=kSsvITFuvR0&amp;t=1s\" target=\"_blank\" rel=\"noreferrer noopener\">yay\u0131l\u0131b<\/a>.<\/p>\n\n\n\n<p>S\u0259s yaz\u0131s\u0131nda direktorun m\u00fc\u0259lliml\u0259rl\u0259 m\u00fcbahis\u0259si yer al\u0131b.<\/p>\n\n\n\n<p>Bildirilib ki, direktor m\u00fc\u0259lliml\u0259rin ona ad g\u00fcn\u00fc il\u0259 ba\u011fl\u0131 ald\u0131qlar\u0131 600 manatl\u0131q h\u0259diyy\u0259ni b\u0259y\u0259nm\u0259yib v\u0259 bu s\u0259b\u0259bd\u0259n pedaqoji hey\u0259ti t\u0259hqir edib.<\/p>\n\n\n\n<p>1984-c\u00fc il t\u0259v\u0259ll\u00fcdl\u00fc Lamiy\u0259 \u0130lhamsoy 2022-ci ild\u0259n 231 n\u00f6mr\u0259li tam orta m\u0259kt\u0259bin direktorudur.<\/p>\n","protected":false},"excerpt":{"rendered":"<p>Bak\u0131 \u015e\u0259h\u0259ri \u00fczr\u0259 T\u0259hsil \u0130dar\u0259sinin m\u0259lumat\u0131nda deyilir ki, s\u0259s yaz\u0131s\u0131 &#8230; <\/p>\n<p class=\"read-more-container\"><a title=\"S\u0259s yaz\u0131s\u0131 yay\u0131lan m\u0259kt\u0259b direktorunun i\u015fd\u0259n \u00e7\u0131xar\u0131ld\u0131\u011f\u0131 bildirilir\" class=\"read-more button\" href=\"https:\/\/www.meydan.tv\/az\/article\/s%c9%99s-yazisi-yayilan-m%c9%99kt%c9%99b-direktorunun-isd%c9%99n-cixarildigi-bildirilir\/#more-327178\" aria-label=\"Read more about S\u0259s yaz\u0131s\u0131 yay\u0131lan m\u0259kt\u0259b direktorunun i\u015fd\u0259n \u00e7\u0131xar\u0131ld\u0131\u011f\u0131 bildirilir\">Davam\u0131<\/a><\/p>\n","protected":false},"author":21,"featured_media":327182,"comment_status":"closed","ping_status":"closed","sticky":false,"template":"","format":"standard","meta":{"_acf_changed":false,"_sitemap_exclude":false,"_sitemap_priority":"","_sitemap_frequency":"","footnotes":""},"categories":[62,56],"tags":[],"class_list":["post-327178","post","type-post","status-publish","format-standard","has-post-thumbnail","hentry","category-sosial","category-xeberler","infinite-scroll-item","generate-columns","tablet-grid-50","mobile-grid-100","grid-parent","grid-33","no-featured-image-padding"],"acf":[],"yoast_head":"<!-- This site is optimized with the Yoast SEO plugin v27.4 - https:\/\/yoast.com\/product\/yoast-seo-wordpress\/ -->\n<title>S\u0259s yaz\u0131s\u0131 yay\u0131lan m\u0259kt\u0259b direktorunun i\u015fd\u0259n \u00e7\u0131xar\u0131ld\u0131\u011f\u0131 bildirilir - MEYDAN.TV<\/title>\n<meta name=\"robots\" content=\"index, follow, max-snippet:-1, max-image-preview:large, max-video-preview:-1\" \/>\n<link rel=\"canonical\" href=\"https:\/\/www.meydan.tv\/az\/article\/s%c9%99s-yazisi-yayilan-m%c9%99kt%c9%99b-direktorunun-isd%c9%99n-cixarildigi-bildirilir\/\" \/>\n<meta property=\"og:locale\" content=\"az_AZ\" \/>\n<meta property=\"og:type\" content=\"article\" \/>\n<meta property=\"og:title\" content=\"S\u0259s yaz\u0131s\u0131 yay\u0131lan m\u0259kt\u0259b direktorunun i\u015fd\u0259n \u00e7\u0131xar\u0131ld\u0131\u011f\u0131 bildirilir - MEYDAN.TV\" \/>\n<meta property=\"og:description\" content=\"Bak\u0131 \u015e\u0259h\u0259ri \u00fczr\u0259 T\u0259hsil \u0130dar\u0259sinin m\u0259lumat\u0131nda deyilir ki, s\u0259s yaz\u0131s\u0131 ... Davam\u0131\" \/>\n<meta property=\"og:url\" content=\"https:\/\/www.meydan.tv\/az\/article\/s%c9%99s-yazisi-yayilan-m%c9%99kt%c9%99b-direktorunun-isd%c9%99n-cixarildigi-bildirilir\/\" \/>\n<meta property=\"og:site_name\" content=\"MEYDAN.TV\" \/>\n<meta property=\"article:published_time\" content=\"2025-03-03T17:39:06+00:00\" \/>\n<meta property=\"article:modified_time\" content=\"2025-03-04T11:11:26+00:00\" \/>\n<meta property=\"og:image\" content=\"https:\/\/www.meydan.tv\/wp-content\/uploads\/142038004254a9478a3fe0a7.82456681.jpg\" \/>\n\t<meta property=\"og:image:width\" content=\"1500\" \/>\n\t<meta property=\"og:image:height\" content=\"1125\" \/>\n\t<meta property=\"og:image:type\" content=\"image\/jpeg\" \/>\n<meta name=\"author\" content=\"mahmud\" \/>\n<meta name=\"twitter:card\" content=\"summary_large_image\" \/>\n<script type=\"application\/ld+json\" class=\"yoast-schema-graph\">{\"@context\":\"https:\\\/\\\/schema.org\",\"@graph\":[{\"@type\":\"Article\",\"@id\":\"https:\\\/\\\/www.meydan.tv\\\/az\\\/article\\\/s%c9%99s-yazisi-yayilan-m%c9%99kt%c9%99b-direktorunun-isd%c9%99n-cixarildigi-bildirilir\\\/#article\",\"isPartOf\":{\"@id\":\"https:\\\/\\\/www.meydan.tv\\\/az\\\/article\\\/s%c9%99s-yazisi-yayilan-m%c9%99kt%c9%99b-direktorunun-isd%c9%99n-cixarildigi-bildirilir\\\/\"},\"author\":{\"name\":\"mahmud\",\"@id\":\"https:\\\/\\\/www.meydan.tv\\\/az\\\/#\\\/schema\\\/person\\\/09863e516102a829e72bedcf3f84c6b0\"},\"headline\":\"S\u0259s yaz\u0131s\u0131 yay\u0131lan m\u0259kt\u0259b direktorunun i\u015fd\u0259n \u00e7\u0131xar\u0131ld\u0131\u011f\u0131 bildirilir\",\"datePublished\":\"2025-03-03T17:39:06+00:00\",\"dateModified\":\"2025-03-04T11:11:26+00:00\",\"mainEntityOfPage\":{\"@id\":\"https:\\\/\\\/www.meydan.tv\\\/az\\\/article\\\/s%c9%99s-yazisi-yayilan-m%c9%99kt%c9%99b-direktorunun-isd%c9%99n-cixarildigi-bildirilir\\\/\"},\"wordCount\":336,\"publisher\":{\"@id\":\"https:\\\/\\\/www.meydan.tv\\\/az\\\/#organization\"},\"image\":{\"@id\":\"https:\\\/\\\/www.meydan.tv\\\/az\\\/article\\\/s%c9%99s-yazisi-yayilan-m%c9%99kt%c9%99b-direktorunun-isd%c9%99n-cixarildigi-bildirilir\\\/#primaryimage\"},\"thumbnailUrl\":\"https:\\\/\\\/www.meydan.tv\\\/wp-content\\\/uploads\\\/142038004254a9478a3fe0a7.82456681.jpg\",\"articleSection\":[\"Sosial\",\"X\u0259b\u0259rl\u0259r\"],\"inLanguage\":\"az\"},{\"@type\":\"WebPage\",\"@id\":\"https:\\\/\\\/www.meydan.tv\\\/az\\\/article\\\/s%c9%99s-yazisi-yayilan-m%c9%99kt%c9%99b-direktorunun-isd%c9%99n-cixarildigi-bildirilir\\\/\",\"url\":\"https:\\\/\\\/www.meydan.tv\\\/az\\\/article\\\/s%c9%99s-yazisi-yayilan-m%c9%99kt%c9%99b-direktorunun-isd%c9%99n-cixarildigi-bildirilir\\\/\",\"name\":\"S\u0259s yaz\u0131s\u0131 yay\u0131lan m\u0259kt\u0259b direktorunun i\u015fd\u0259n \u00e7\u0131xar\u0131ld\u0131\u011f\u0131 bildirilir - MEYDAN.TV\",\"isPartOf\":{\"@id\":\"https:\\\/\\\/www.meydan.tv\\\/az\\\/#website\"},\"primaryImageOfPage\":{\"@id\":\"https:\\\/\\\/www.meydan.tv\\\/az\\\/article\\\/s%c9%99s-yazisi-yayilan-m%c9%99kt%c9%99b-direktorunun-isd%c9%99n-cixarildigi-bildirilir\\\/#primaryimage\"},\"image\":{\"@id\":\"https:\\\/\\\/www.meydan.tv\\\/az\\\/article\\\/s%c9%99s-yazisi-yayilan-m%c9%99kt%c9%99b-direktorunun-isd%c9%99n-cixarildigi-bildirilir\\\/#primaryimage\"},\"thumbnailUrl\":\"https:\\\/\\\/www.meydan.tv\\\/wp-content\\\/uploads\\\/142038004254a9478a3fe0a7.82456681.jpg\",\"datePublished\":\"2025-03-03T17:39:06+00:00\",\"dateModified\":\"2025-03-04T11:11:26+00:00\",\"breadcrumb\":{\"@id\":\"https:\\\/\\\/www.meydan.tv\\\/az\\\/article\\\/s%c9%99s-yazisi-yayilan-m%c9%99kt%c9%99b-direktorunun-isd%c9%99n-cixarildigi-bildirilir\\\/#breadcrumb\"},\"inLanguage\":\"az\",\"potentialAction\":[{\"@type\":\"ReadAction\",\"target\":[\"https:\\\/\\\/www.meydan.tv\\\/az\\\/article\\\/s%c9%99s-yazisi-yayilan-m%c9%99kt%c9%99b-direktorunun-isd%c9%99n-cixarildigi-bildirilir\\\/\"]}]},{\"@type\":\"ImageObject\",\"inLanguage\":\"az\",\"@id\":\"https:\\\/\\\/www.meydan.tv\\\/az\\\/article\\\/s%c9%99s-yazisi-yayilan-m%c9%99kt%c9%99b-direktorunun-isd%c9%99n-cixarildigi-bildirilir\\\/#primaryimage\",\"url\":\"https:\\\/\\\/www.meydan.tv\\\/wp-content\\\/uploads\\\/142038004254a9478a3fe0a7.82456681.jpg\",\"contentUrl\":\"https:\\\/\\\/www.meydan.tv\\\/wp-content\\\/uploads\\\/142038004254a9478a3fe0a7.82456681.jpg\",\"width\":1500,\"height\":1125,\"caption\":\"231 sayl\u0131 m\u0259kt\u0259b. Foto: bakimektebleri.edu.az\"},{\"@type\":\"BreadcrumbList\",\"@id\":\"https:\\\/\\\/www.meydan.tv\\\/az\\\/article\\\/s%c9%99s-yazisi-yayilan-m%c9%99kt%c9%99b-direktorunun-isd%c9%99n-cixarildigi-bildirilir\\\/#breadcrumb\",\"itemListElement\":[{\"@type\":\"ListItem\",\"position\":1,\"name\":\"Ana s\u0259hif\u0259\",\"item\":\"https:\\\/\\\/www.meydan.tv\\\/az\\\/\"},{\"@type\":\"ListItem\",\"position\":2,\"name\":\"Sosial\",\"item\":\"https:\\\/\\\/www.meydan.tv\\\/az\\\/section\\\/sosial\\\/\"},{\"@type\":\"ListItem\",\"position\":3,\"name\":\"S\u0259s yaz\u0131s\u0131 yay\u0131lan m\u0259kt\u0259b direktorunun i\u015fd\u0259n \u00e7\u0131xar\u0131ld\u0131\u011f\u0131 bildirilir\"}]},{\"@type\":\"WebSite\",\"@id\":\"https:\\\/\\\/www.meydan.tv\\\/az\\\/#website\",\"url\":\"https:\\\/\\\/www.meydan.tv\\\/az\\\/\",\"name\":\"MEYDAN.TV\",\"description\":\"Meydan TV Az\u0259rbaycan\u0131n media m\u0259kan\u0131ndak\u0131 alternativ s\u0259sidir\",\"publisher\":{\"@id\":\"https:\\\/\\\/www.meydan.tv\\\/az\\\/#organization\"},\"potentialAction\":[{\"@type\":\"SearchAction\",\"target\":{\"@type\":\"EntryPoint\",\"urlTemplate\":\"https:\\\/\\\/www.meydan.tv\\\/az\\\/?s={search_term_string}\"},\"query-input\":{\"@type\":\"PropertyValueSpecification\",\"valueRequired\":true,\"valueName\":\"search_term_string\"}}],\"inLanguage\":\"az\"},{\"@type\":\"Organization\",\"@id\":\"https:\\\/\\\/www.meydan.tv\\\/az\\\/#organization\",\"name\":\"Meydan TV\",\"url\":\"https:\\\/\\\/www.meydan.tv\\\/az\\\/\",\"logo\":{\"@type\":\"ImageObject\",\"inLanguage\":\"az\",\"@id\":\"https:\\\/\\\/www.meydan.tv\\\/az\\\/#\\\/schema\\\/logo\\\/image\\\/\",\"url\":\"https:\\\/\\\/www.meydan.tv\\\/wp-content\\\/uploads\\\/2021\\\/07\\\/meydan-logo.svg\",\"contentUrl\":\"https:\\\/\\\/www.meydan.tv\\\/wp-content\\\/uploads\\\/2021\\\/07\\\/meydan-logo.svg\",\"width\":195,\"height\":46,\"caption\":\"Meydan TV\"},\"image\":{\"@id\":\"https:\\\/\\\/www.meydan.tv\\\/az\\\/#\\\/schema\\\/logo\\\/image\\\/\"}},{\"@type\":\"Person\",\"@id\":\"https:\\\/\\\/www.meydan.tv\\\/az\\\/#\\\/schema\\\/person\\\/09863e516102a829e72bedcf3f84c6b0\",\"name\":\"mahmud\"}]}<\/script>\n<!-- \/ Yoast SEO plugin. -->","yoast_head_json":{"title":"S\u0259s yaz\u0131s\u0131 yay\u0131lan m\u0259kt\u0259b direktorunun i\u015fd\u0259n \u00e7\u0131xar\u0131ld\u0131\u011f\u0131 bildirilir - MEYDAN.TV","robots":{"index":"index","follow":"follow","max-snippet":"max-snippet:-1","max-image-preview":"max-image-preview:large","max-video-preview":"max-video-preview:-1"},"canonical":"https:\/\/www.meydan.tv\/az\/article\/s%c9%99s-yazisi-yayilan-m%c9%99kt%c9%99b-direktorunun-isd%c9%99n-cixarildigi-bildirilir\/","og_locale":"az_AZ","og_type":"article","og_title":"S\u0259s yaz\u0131s\u0131 yay\u0131lan m\u0259kt\u0259b direktorunun i\u015fd\u0259n \u00e7\u0131xar\u0131ld\u0131\u011f\u0131 bildirilir - MEYDAN.TV","og_description":"Bak\u0131 \u015e\u0259h\u0259ri \u00fczr\u0259 T\u0259hsil \u0130dar\u0259sinin m\u0259lumat\u0131nda deyilir ki, s\u0259s yaz\u0131s\u0131 ... Davam\u0131","og_url":"https:\/\/www.meydan.tv\/az\/article\/s%c9%99s-yazisi-yayilan-m%c9%99kt%c9%99b-direktorunun-isd%c9%99n-cixarildigi-bildirilir\/","og_site_name":"MEYDAN.TV","article_published_time":"2025-03-03T17:39:06+00:00","article_modified_time":"2025-03-04T11:11:26+00:00","og_image":[{"width":1500,"height":1125,"url":"https:\/\/www.meydan.tv\/wp-content\/uploads\/142038004254a9478a3fe0a7.82456681.jpg","type":"image\/jpeg"}],"author":"mahmud","twitter_card":"summary_large_image","schema":{"@context":"https:\/\/schema.org","@graph":[{"@type":"Article","@id":"https:\/\/www.meydan.tv\/az\/article\/s%c9%99s-yazisi-yayilan-m%c9%99kt%c9%99b-direktorunun-isd%c9%99n-cixarildigi-bildirilir\/#article","isPartOf":{"@id":"https:\/\/www.meydan.tv\/az\/article\/s%c9%99s-yazisi-yayilan-m%c9%99kt%c9%99b-direktorunun-isd%c9%99n-cixarildigi-bildirilir\/"},"author":{"name":"mahmud","@id":"https:\/\/www.meydan.tv\/az\/#\/schema\/person\/09863e516102a829e72bedcf3f84c6b0"},"headline":"S\u0259s yaz\u0131s\u0131 yay\u0131lan m\u0259kt\u0259b direktorunun i\u015fd\u0259n \u00e7\u0131xar\u0131ld\u0131\u011f\u0131 bildirilir","datePublished":"2025-03-03T17:39:06+00:00","dateModified":"2025-03-04T11:11:26+00:00","mainEntityOfPage":{"@id":"https:\/\/www.meydan.tv\/az\/article\/s%c9%99s-yazisi-yayilan-m%c9%99kt%c9%99b-direktorunun-isd%c9%99n-cixarildigi-bildirilir\/"},"wordCount":336,"publisher":{"@id":"https:\/\/www.meydan.tv\/az\/#organization"},"image":{"@id":"https:\/\/www.meydan.tv\/az\/article\/s%c9%99s-yazisi-yayilan-m%c9%99kt%c9%99b-direktorunun-isd%c9%99n-cixarildigi-bildirilir\/#primaryimage"},"thumbnailUrl":"https:\/\/www.meydan.tv\/wp-content\/uploads\/142038004254a9478a3fe0a7.82456681.jpg","articleSection":["Sosial","X\u0259b\u0259rl\u0259r"],"inLanguage":"az"},{"@type":"WebPage","@id":"https:\/\/www.meydan.tv\/az\/article\/s%c9%99s-yazisi-yayilan-m%c9%99kt%c9%99b-direktorunun-isd%c9%99n-cixarildigi-bildirilir\/","url":"https:\/\/www.meydan.tv\/az\/article\/s%c9%99s-yazisi-yayilan-m%c9%99kt%c9%99b-direktorunun-isd%c9%99n-cixarildigi-bildirilir\/","name":"S\u0259s yaz\u0131s\u0131 yay\u0131lan m\u0259kt\u0259b direktorunun i\u015fd\u0259n \u00e7\u0131xar\u0131ld\u0131\u011f\u0131 bildirilir - MEYDAN.TV","isPartOf":{"@id":"https:\/\/www.meydan.tv\/az\/#website"},"primaryImageOfPage":{"@id":"https:\/\/www.meydan.tv\/az\/article\/s%c9%99s-yazisi-yayilan-m%c9%99kt%c9%99b-direktorunun-isd%c9%99n-cixarildigi-bildirilir\/#primaryimage"},"image":{"@id":"https:\/\/www.meydan.tv\/az\/article\/s%c9%99s-yazisi-yayilan-m%c9%99kt%c9%99b-direktorunun-isd%c9%99n-cixarildigi-bildirilir\/#primaryimage"},"thumbnailUrl":"https:\/\/www.meydan.tv\/wp-content\/uploads\/142038004254a9478a3fe0a7.82456681.jpg","datePublished":"2025-03-03T17:39:06+00:00","dateModified":"2025-03-04T11:11:26+00:00","breadcrumb":{"@id":"https:\/\/www.meydan.tv\/az\/article\/s%c9%99s-yazisi-yayilan-m%c9%99kt%c9%99b-direktorunun-isd%c9%99n-cixarildigi-bildirilir\/#breadcrumb"},"inLanguage":"az","potentialAction":[{"@type":"ReadAction","target":["https:\/\/www.meydan.tv\/az\/article\/s%c9%99s-yazisi-yayilan-m%c9%99kt%c9%99b-direktorunun-isd%c9%99n-cixarildigi-bildirilir\/"]}]},{"@type":"ImageObject","inLanguage":"az","@id":"https:\/\/www.meydan.tv\/az\/article\/s%c9%99s-yazisi-yayilan-m%c9%99kt%c9%99b-direktorunun-isd%c9%99n-cixarildigi-bildirilir\/#primaryimage","url":"https:\/\/www.meydan.tv\/wp-content\/uploads\/142038004254a9478a3fe0a7.82456681.jpg","contentUrl":"https:\/\/www.meydan.tv\/wp-content\/uploads\/142038004254a9478a3fe0a7.82456681.jpg","width":1500,"height":1125,"caption":"231 sayl\u0131 m\u0259kt\u0259b. Foto: bakimektebleri.edu.az"},{"@type":"BreadcrumbList","@id":"https:\/\/www.meydan.tv\/az\/article\/s%c9%99s-yazisi-yayilan-m%c9%99kt%c9%99b-direktorunun-isd%c9%99n-cixarildigi-bildirilir\/#breadcrumb","itemListElement":[{"@type":"ListItem","position":1,"name":"Ana s\u0259hif\u0259","item":"https:\/\/www.meydan.tv\/az\/"},{"@type":"ListItem","position":2,"name":"Sosial","item":"https:\/\/www.meydan.tv\/az\/section\/sosial\/"},{"@type":"ListItem","position":3,"name":"S\u0259s yaz\u0131s\u0131 yay\u0131lan m\u0259kt\u0259b direktorunun i\u015fd\u0259n \u00e7\u0131xar\u0131ld\u0131\u011f\u0131 bildirilir"}]},{"@type":"WebSite","@id":"https:\/\/www.meydan.tv\/az\/#website","url":"https:\/\/www.meydan.tv\/az\/","name":"MEYDAN.TV","description":"Meydan TV Az\u0259rbaycan\u0131n media m\u0259kan\u0131ndak\u0131 alternativ s\u0259sidir","publisher":{"@id":"https:\/\/www.meydan.tv\/az\/#organization"},"potentialAction":[{"@type":"SearchAction","target":{"@type":"EntryPoint","urlTemplate":"https:\/\/www.meydan.tv\/az\/?s={search_term_string}"},"query-input":{"@type":"PropertyValueSpecification","valueRequired":true,"valueName":"search_term_string"}}],"inLanguage":"az"},{"@type":"Organization","@id":"https:\/\/www.meydan.tv\/az\/#organization","name":"Meydan TV","url":"https:\/\/www.meydan.tv\/az\/","logo":{"@type":"ImageObject","inLanguage":"az","@id":"https:\/\/www.meydan.tv\/az\/#\/schema\/logo\/image\/","url":"https:\/\/www.meydan.tv\/wp-content\/uploads\/2021\/07\/meydan-logo.svg","contentUrl":"https:\/\/www.meydan.tv\/wp-content\/uploads\/2021\/07\/meydan-logo.svg","width":195,"height":46,"caption":"Meydan TV"},"image":{"@id":"https:\/\/www.meydan.tv\/az\/#\/schema\/logo\/image\/"}},{"@type":"Person","@id":"https:\/\/www.meydan.tv\/az\/#\/schema\/person\/09863e516102a829e72bedcf3f84c6b0","name":"mahmud"}]}},"_links":{"self":[{"href":"https:\/\/www.meydan.tv\/az\/wp-json\/wp\/v2\/posts\/327178","targetHints":{"allow":["GET"]}}],"collection":[{"href":"https:\/\/www.meydan.tv\/az\/wp-json\/wp\/v2\/posts"}],"about":[{"href":"https:\/\/www.meydan.tv\/az\/wp-json\/wp\/v2\/types\/post"}],"author":[{"embeddable":true,"href":"https:\/\/www.meydan.tv\/az\/wp-json\/wp\/v2\/users\/21"}],"replies":[{"embeddable":true,"href":"https:\/\/www.meydan.tv\/az\/wp-json\/wp\/v2\/comments?post=327178"}],"version-history":[{"count":1,"href":"https:\/\/www.meydan.tv\/az\/wp-json\/wp\/v2\/posts\/327178\/revisions"}],"predecessor-version":[{"id":327185,"href":"https:\/\/www.meydan.tv\/az\/wp-json\/wp\/v2\/posts\/327178\/revisions\/327185"}],"wp:featuredmedia":[{"embeddable":true,"href":"https:\/\/www.meydan.tv\/az\/wp-json\/wp\/v2\/media\/327182"}],"wp:attachment":[{"href":"https:\/\/www.meydan.tv\/az\/wp-json\/wp\/v2\/media?parent=327178"}],"wp:term":[{"taxonomy":"category","embeddable":true,"href":"https:\/\/www.meydan.tv\/az\/wp-json\/wp\/v2\/categories?post=327178"},{"taxonomy":"post_tag","embeddable":true,"href":"https:\/\/www.meydan.tv\/az\/wp-json\/wp\/v2\/tags?post=327178"}],"curies":[{"name":"wp","href":"https:\/\/api.w.org\/{rel}","templated":true}]}}