{"id":327162,"date":"2025-03-03T20:58:56","date_gmt":"2025-03-03T16:58:56","guid":{"rendered":"https:\/\/www.meydan.tv\/?p=327162"},"modified":"2025-03-04T12:52:05","modified_gmt":"2025-03-04T08:52:05","slug":"iki-yuz%c9%99-yaxin-inc%c9%99s%c9%99n%c9%99t-adami-bayirs%c9%99h%c9%99rd%c9%99ki-tarixi-m%c9%99h%c9%99ll%c9%99l%c9%99rin-sokulm%c9%99sind%c9%99n-narahatdir","status":"publish","type":"post","link":"https:\/\/www.meydan.tv\/az\/article\/iki-yuz%c9%99-yaxin-inc%c9%99s%c9%99n%c9%99t-adami-bayirs%c9%99h%c9%99rd%c9%99ki-tarixi-m%c9%99h%c9%99ll%c9%99l%c9%99rin-sokulm%c9%99sind%c9%99n-narahatdir\/","title":{"rendered":"\u0130ki y\u00fcz\u0259 yax\u0131n inc\u0259s\u0259n\u0259t adam\u0131 Prezident Administrasiyas\u0131na m\u00fcraci\u0259t edib"},"content":{"rendered":"\n<p><\/p>\n\n\n\n<p><em><strong>Onlar \u201cBay\u0131r\u015f\u0259h\u0259r\u201dd\u0259ki tarixi m\u0259h\u0259ll\u0259l\u0259rin s\u00f6k\u00fclm\u0259sind\u0259n narahatd\u0131rlar<\/strong><\/em><\/p>\n\n\n\n<p>Bak\u0131n\u0131n tarixi m\u0259h\u0259ll\u0259l\u0259rinin s\u00f6k\u00fclm\u0259k t\u0259hl\u00fck\u0259si il\u0259 \u00fcz-\u00fcz\u0259 oldu\u011fu bildirilir.<\/p>\n\n\n\n<p>Yasamal rayonu \u0259razisind\u0259 yeni park\u0131n sal\u0131nmas\u0131 m\u0259qs\u0259dil\u0259 \u0259traf m\u00fchitin abadla\u015fd\u0131r\u0131lmas\u0131 v\u0259 k\u00f6hn\u0259 tikilil\u0259rin s\u00f6k\u00fclm\u0259si i\u015fl\u0259rin\u0259 ba\u015flan\u0131laca\u011f\u0131 bar\u0259d\u0259 m\u0259lumatlar yay\u0131lmaqdad\u0131r.<\/p>\n\n\n\n<p>N\u00f6vb\u0259ti s\u00f6k\u00fcnt\u00fc i\u015fl\u0259rinin M\u0259rk\u0259zi Park\u0131n davam\u0131 olaraq apar\u0131laca\u011f\u0131, bu layih\u0259nin S\u00fcleyman Ta\u011f\u0131zad\u0259, Abdulla \u015eaiq v\u0259 Nabat A\u015furb\u0259yova k\u00fc\u00e7\u0259l\u0259rini \u0259hat\u0259 ed\u0259c\u0259yi bildirilir.<\/p>\n\n\n\n<p>H\u0259m\u00e7inin s\u00f6k\u00fcnt\u00fc i\u015fl\u0259rin\u0259 ke\u00e7mi\u015f \u201cSovetski\u201dnin (yaxud \u201cBay\u0131r\u015f\u0259h\u0259r\u201d) bir s\u0131ra ba\u015fqa \u0259razil\u0259rinin d\u0259 daxil olunaca\u011f\u0131 bar\u0259d\u0259 m\u0259lumatlar var.<\/p>\n\n\n<div class=\"wp-block-image\">\n<figure class=\"alignleft size-large is-resized\"><img decoding=\"async\" width=\"581\" height=\"821\" data-src=\"https:\/\/www.meydan.tv\/wp-content\/uploads\/480409866_9421383231244133_4046093379348949977_n-581x821.jpg\" alt=\"\" class=\"wp-image-327163 lazyload\" style=\"--smush-placeholder-width: 581px; --smush-placeholder-aspect-ratio: 581\/821;width:501px;height:auto\" src=\"data:image\/svg+xml;base64,PHN2ZyB3aWR0aD0iMSIgaGVpZ2h0PSIxIiB4bWxucz0iaHR0cDovL3d3dy53My5vcmcvMjAwMC9zdmciPjwvc3ZnPg==\" \/><figcaption class=\"wp-element-caption\">Foto: Dilq\u0259m \u0130smay\u0131lovun Facebook s\u0259hif\u0259sind\u0259n<\/figcaption><\/figure>\n<\/div>\n\n\n<p>M\u0259lumata g\u00f6r\u0259, Nizami, S\u00fcleyman Ta\u011f\u0131zad\u0259, Lev Tolstoy, Mirz\u0259 F\u0259t\u0259li Axundzad\u0259, Rza Quliyev, Murtuza Muxtarov, Z\u0259rg\u0259rpalan, \u018fl\u00f6vs\u0259t Quliyev, B\u0259\u015fir S\u0259f\u0259ro\u011flu, Molla V\u0259li Vidadi, \u00c7ingiz Mustafayev, Abdulla \u015eaiq, S\u0259id R\u00fcst\u0259mov v\u0259 Nabat A\u015furb\u0259yova k\u00fc\u00e7\u0259l\u0259rinin \u0259hat\u0259 etdiyi tarixi m\u0259h\u0259ll\u0259l\u0259rin s\u00f6k\u00fclm\u0259si n\u0259z\u0259rd\u0259 tutulur.<\/p>\n\n\n\n<p>Bu is\u0259 \u015f\u0259h\u0259rin tarixi m\u0259rk\u0259zinin ayr\u0131lmaz hiss\u0259si olan b\u0259zi \u0259razil\u0259rin d\u0259 plana d\u00fc\u015fm\u0259si dem\u0259kdir. Ancaq Bak\u0131 \u015f\u0259h\u0259rinin 2040-c\u0131 il\u0259 q\u0259d\u0259r t\u0259sdiq olunmu\u015f Ba\u015f Plan\u0131nda tarixi m\u0259rk\u0259zin qorunaca\u011f\u0131 v\u0259d edilir. Sosial \u015f\u0259b\u0259k\u0259l\u0259rd\u0259 is\u0259 s\u00f6z\u00fcged\u0259n \u0259razil\u0259rd\u0259 art\u0131q \u00f6l\u00e7m\u0259 i\u015fl\u0259rinin ba\u015fland\u0131\u011f\u0131, h\u0259tta b\u0259zi sakinl\u0259rl\u0259 qiym\u0259t s\u00f6vd\u0259l\u0259\u015fm\u0259l\u0259ri apar\u0131ld\u0131\u011f\u0131 bildirilir.<\/p>\n\n\n\n<p>Buradak\u0131 evl\u0259rin kvadrat\u0131na g\u00f6r\u0259 3000 v\u0259 2200 manat kompensasiya t\u0259klif olundu\u011fu iddia edilir.<\/p>\n\n\n\n<p>Memar Dilq\u0259m \u0130smay\u0131lov Meydan TV-y\u0259 deyib ki, h\u0259min \u0259razil\u0259rd\u0259 art\u0131q m\u0259h\u0259ll\u0259l\u0259rin s\u00f6k\u00fclm\u0259sin\u0259 v\u0259 yerli \u0259halinin k\u00f6\u00e7\u00fcr\u00fclm\u0259sin\u0259 ba\u015flan\u0131l\u0131b.<\/p>\n\n\n\n<p>Memar \u0259lav\u0259 edib ki, 2024-c\u00fc ilin avqust-sentyabr aylar\u0131ndan etibar\u0259n bu m\u0259s\u0259l\u0259 il\u0259 \u0259laq\u0259dar D\u00f6vl\u0259t \u015e\u0259h\u0259rsalma v\u0259 Arxitektura Komit\u0259sin\u0259, Bak\u0131 \u015e\u0259h\u0259r \u0130cra Hakimiyy\u0259tin\u0259, M\u0259d\u0259niyy\u0259t Nazirliyin\u0259, UNESCO \u00fczr\u0259 Az\u0259rbaycan Respublikas\u0131n\u0131n Milli Komissiyas\u0131na d\u0259f\u0259l\u0259rl\u0259 m\u0259ktublar \u00fcnvanlay\u0131b.<\/p>\n\n\n<div class=\"wp-block-image\">\n<figure class=\"alignright size-full is-resized\"><img decoding=\"async\" width=\"959\" height=\"640\" data-src=\"https:\/\/www.meydan.tv\/wp-content\/uploads\/407849174_7066370196745460_1145270093851185574_n.jpg\" alt=\"\" class=\"wp-image-327166 lazyload\" style=\"--smush-placeholder-width: 959px; --smush-placeholder-aspect-ratio: 959\/640;width:441px;height:auto\" src=\"data:image\/svg+xml;base64,PHN2ZyB3aWR0aD0iMSIgaGVpZ2h0PSIxIiB4bWxucz0iaHR0cDovL3d3dy53My5vcmcvMjAwMC9zdmciPjwvc3ZnPg==\" \/><figcaption class=\"wp-element-caption\">Dilq\u0259m \u0130smay\u0131lov. Foto: \u015e\u0259xsi Facebook s\u0259hif\u0259si<\/figcaption><\/figure>\n<\/div>\n\n\n<p><em>\u201cBiz\u0259 ya he\u00e7 bir cavab verilm\u0259yib, ya da veril\u0259n cavablar q\u0259na\u0259tb\u0259x\u015f deyil. Cavab g\u0259lir ki, tarixi abid\u0259l\u0259r qorunacaq. Orada c\u0259mi otuza yax\u0131n tarixi abid\u0259 var. Yetmi\u015f\u0259 yax\u0131n tarixi abid\u0259 d\u0259 siyah\u0131dan \u00e7\u0131xar\u0131l\u0131b. Yaln\u0131z M\u0259d\u0259niyy\u0259t Nazirliyinin siyah\u0131s\u0131nda olan tarixi abid\u0259l\u0259ri saxlamaq biz memarlar\u0131, \u015f\u0259h\u0259r ictimaiyy\u0259tini qane etmir. \u00c7\u00fcnki o m\u0259h\u0259ll\u0259l\u0259r Avropa \u015f\u0259h\u0259rsalma strukturunda formala\u015f\u0131b\u201d.<\/em><\/p>\n\n\n\n<p><em>\u201cH\u0259min \u0259razid\u0259 ya\u015fayan sakinl\u0259r deyirl\u0259r ki, fasad v\u0259 divarlar\u0131 spreyl\u0259rl\u0259 n\u00f6mr\u0259l\u0259yirl\u0259r. \u0130ctimaiyy\u0259t\u0259 a\u00e7\u0131qlama verilm\u0259dir niy\u0259, hans\u0131 s\u0259b\u0259bd\u0259n divarlar n\u00f6mr\u0259l\u0259nir? Konkret cavab verilmir. B\u0259zil\u0259ri deyir ki, h\u0259min \u0259razid\u0259 park olacaq. Dig\u0259rl\u0259ri d\u0259 deyir ki, oradak\u0131 binalar hans\u0131sa m\u0259kanlara \u00e7evril\u0259c\u0259k. Bunlar qaneedici cavablar deyil, bizim \u0259sas ist\u0259yimiz, t\u0259l\u0259bimiz Bak\u0131n\u0131n 19-cu \u0259srd\u0259nqalma \u015f\u0259h\u0259rsalma qurulu\u015funun, m\u0259h\u0259ll\u0259 strukturunun saxlan\u0131lmas\u0131d\u0131r\u201d,<\/em> &#8211; Dilq\u0259m \u0130smay\u0131lov deyir.<\/p>\n\n\n\n<p>Memar \u0259lav\u0259 edib ki, iki y\u00fcz\u0259 yax\u0131n inc\u0259s\u0259n\u0259t adam\u0131 &#8211; r\u0259ssam, memar, heyk\u0259ltara\u015f, b\u0259st\u0259kar m\u0259s\u0259l\u0259 il\u0259 ba\u011fl\u0131 Prezident Adminstrasiyas\u0131na m\u0259ktub \u00fcnvanlay\u0131b:<\/p>\n\n\n\n<p><em>\u201cBiz h\u0259min \u0259razil\u0259rd\u0259 yerl\u0259\u015f\u0259n tarixi v\u0259 tarixi-memarl\u0131q \u0259h\u0259miyy\u0259tli binalar\u0131n v\u0259 son iki \u0259srd\u0259 formala\u015fm\u0131\u015f tarixi m\u0259h\u0259ll\u0259l\u0259rin taleyind\u0259n narahat\u0131q. Son ill\u0259rd\u0259 apar\u0131lan \u015f\u0259h\u0259rsalma siyas\u0259ti \u00e7\u0259r\u00e7iv\u0259sind\u0259 in\u015fa edilmi\u015f ticar\u0259t obyektl\u0259ri, parklar yeni yol infrastrukturu ya\u015fay\u0131\u015f m\u0259rk\u0259zl\u0259ri \u015f\u0259h\u0259rin rifah\u0131n\u0131n y\u00fcks\u0259lm\u0259sin\u0259 t\u0259kan vers\u0259 d\u0259, Bak\u0131n\u0131n tarixi \u015f\u0259h\u0259r kimliyinin silir. \u0130st\u0259yimiz Bak\u0131n\u0131n ruhunun itirilm\u0259m\u0259si, tam \u0259skin\u0259, h\u0259min m\u0259h\u0259ll\u0259l\u0259rin, k\u00fc\u00e7\u0259l\u0259rin \u015f\u0259h\u0259r ictimaiyy\u0259tin\u0259 qaytar\u0131lmas\u0131d\u0131r\u201d.<\/em><\/p>\n\n\n\n<p>M\u0259s\u0259l\u0259 il\u0259 \u0259laq\u0259dar aidiyy\u0259ti qurumlardan m\u00f6vqe \u00f6yr\u0259nm\u0259k m\u00fcmk\u00fcn olmay\u0131b.<\/p>\n\n\n\n<p><\/p>\n","protected":false},"excerpt":{"rendered":"<p>Onlar \u201cBay\u0131r\u015f\u0259h\u0259r\u201dd\u0259ki tarixi m\u0259h\u0259ll\u0259l\u0259rin s\u00f6k\u00fclm\u0259sind\u0259n narahatd\u0131rlar Bak\u0131n\u0131n tarixi m\u0259h\u0259ll\u0259l\u0259rinin s\u00f6k\u00fclm\u0259k &#8230; <\/p>\n<p class=\"read-more-container\"><a title=\"\u0130ki y\u00fcz\u0259 yax\u0131n inc\u0259s\u0259n\u0259t adam\u0131 Prezident Administrasiyas\u0131na m\u00fcraci\u0259t edib\" class=\"read-more button\" href=\"https:\/\/www.meydan.tv\/az\/article\/iki-yuz%c9%99-yaxin-inc%c9%99s%c9%99n%c9%99t-adami-bayirs%c9%99h%c9%99rd%c9%99ki-tarixi-m%c9%99h%c9%99ll%c9%99l%c9%99rin-sokulm%c9%99sind%c9%99n-narahatdir\/#more-327162\" aria-label=\"Read more about \u0130ki y\u00fcz\u0259 yax\u0131n inc\u0259s\u0259n\u0259t adam\u0131 Prezident Administrasiyas\u0131na m\u00fcraci\u0259t edib\">Davam\u0131<\/a><\/p>\n","protected":false},"author":21,"featured_media":327191,"comment_status":"closed","ping_status":"closed","sticky":false,"template":"","format":"standard","meta":{"_acf_changed":false,"_sitemap_exclude":false,"_sitemap_priority":"","_sitemap_frequency":"","footnotes":""},"categories":[62,79,56],"tags":[],"class_list":["post-327162","post","type-post","status-publish","format-standard","has-post-thumbnail","hentry","category-sosial","category-featured","category-xeberler","infinite-scroll-item","generate-columns","tablet-grid-50","mobile-grid-100","grid-parent","grid-33","no-featured-image-padding"],"acf":[],"yoast_head":"<!-- This site is optimized with the Yoast SEO plugin v27.4 - https:\/\/yoast.com\/product\/yoast-seo-wordpress\/ -->\n<title>\u0130ki y\u00fcz\u0259 yax\u0131n inc\u0259s\u0259n\u0259t adam\u0131 Prezident Administrasiyas\u0131na m\u00fcraci\u0259t edib - MEYDAN.TV<\/title>\n<meta name=\"robots\" content=\"index, follow, max-snippet:-1, max-image-preview:large, max-video-preview:-1\" \/>\n<link rel=\"canonical\" href=\"https:\/\/www.meydan.tv\/az\/article\/iki-yuz%c9%99-yaxin-inc%c9%99s%c9%99n%c9%99t-adami-bayirs%c9%99h%c9%99rd%c9%99ki-tarixi-m%c9%99h%c9%99ll%c9%99l%c9%99rin-sokulm%c9%99sind%c9%99n-narahatdir\/\" \/>\n<meta property=\"og:locale\" content=\"az_AZ\" \/>\n<meta property=\"og:type\" content=\"article\" \/>\n<meta property=\"og:title\" content=\"\u0130ki y\u00fcz\u0259 yax\u0131n inc\u0259s\u0259n\u0259t adam\u0131 Prezident Administrasiyas\u0131na m\u00fcraci\u0259t edib - MEYDAN.TV\" \/>\n<meta property=\"og:description\" content=\"Onlar \u201cBay\u0131r\u015f\u0259h\u0259r\u201dd\u0259ki tarixi m\u0259h\u0259ll\u0259l\u0259rin s\u00f6k\u00fclm\u0259sind\u0259n narahatd\u0131rlar Bak\u0131n\u0131n tarixi m\u0259h\u0259ll\u0259l\u0259rinin s\u00f6k\u00fclm\u0259k ... Davam\u0131\" \/>\n<meta property=\"og:url\" content=\"https:\/\/www.meydan.tv\/az\/article\/iki-yuz%c9%99-yaxin-inc%c9%99s%c9%99n%c9%99t-adami-bayirs%c9%99h%c9%99rd%c9%99ki-tarixi-m%c9%99h%c9%99ll%c9%99l%c9%99rin-sokulm%c9%99sind%c9%99n-narahatdir\/\" \/>\n<meta property=\"og:site_name\" content=\"MEYDAN.TV\" \/>\n<meta property=\"article:published_time\" content=\"2025-03-03T16:58:56+00:00\" \/>\n<meta property=\"article:modified_time\" content=\"2025-03-04T08:52:05+00:00\" \/>\n<meta property=\"og:image\" content=\"https:\/\/www.meydan.tv\/wp-content\/uploads\/5434.png\" \/>\n\t<meta property=\"og:image:width\" content=\"1179\" \/>\n\t<meta property=\"og:image:height\" content=\"576\" \/>\n\t<meta property=\"og:image:type\" content=\"image\/png\" \/>\n<meta name=\"author\" content=\"mahmud\" \/>\n<meta name=\"twitter:card\" content=\"summary_large_image\" \/>\n<script type=\"application\/ld+json\" class=\"yoast-schema-graph\">{\"@context\":\"https:\\\/\\\/schema.org\",\"@graph\":[{\"@type\":\"Article\",\"@id\":\"https:\\\/\\\/www.meydan.tv\\\/az\\\/article\\\/iki-yuz%c9%99-yaxin-inc%c9%99s%c9%99n%c9%99t-adami-bayirs%c9%99h%c9%99rd%c9%99ki-tarixi-m%c9%99h%c9%99ll%c9%99l%c9%99rin-sokulm%c9%99sind%c9%99n-narahatdir\\\/#article\",\"isPartOf\":{\"@id\":\"https:\\\/\\\/www.meydan.tv\\\/az\\\/article\\\/iki-yuz%c9%99-yaxin-inc%c9%99s%c9%99n%c9%99t-adami-bayirs%c9%99h%c9%99rd%c9%99ki-tarixi-m%c9%99h%c9%99ll%c9%99l%c9%99rin-sokulm%c9%99sind%c9%99n-narahatdir\\\/\"},\"author\":{\"name\":\"mahmud\",\"@id\":\"https:\\\/\\\/www.meydan.tv\\\/az\\\/#\\\/schema\\\/person\\\/09863e516102a829e72bedcf3f84c6b0\"},\"headline\":\"\u0130ki y\u00fcz\u0259 yax\u0131n inc\u0259s\u0259n\u0259t adam\u0131 Prezident Administrasiyas\u0131na m\u00fcraci\u0259t edib\",\"datePublished\":\"2025-03-03T16:58:56+00:00\",\"dateModified\":\"2025-03-04T08:52:05+00:00\",\"mainEntityOfPage\":{\"@id\":\"https:\\\/\\\/www.meydan.tv\\\/az\\\/article\\\/iki-yuz%c9%99-yaxin-inc%c9%99s%c9%99n%c9%99t-adami-bayirs%c9%99h%c9%99rd%c9%99ki-tarixi-m%c9%99h%c9%99ll%c9%99l%c9%99rin-sokulm%c9%99sind%c9%99n-narahatdir\\\/\"},\"wordCount\":804,\"publisher\":{\"@id\":\"https:\\\/\\\/www.meydan.tv\\\/az\\\/#organization\"},\"image\":{\"@id\":\"https:\\\/\\\/www.meydan.tv\\\/az\\\/article\\\/iki-yuz%c9%99-yaxin-inc%c9%99s%c9%99n%c9%99t-adami-bayirs%c9%99h%c9%99rd%c9%99ki-tarixi-m%c9%99h%c9%99ll%c9%99l%c9%99rin-sokulm%c9%99sind%c9%99n-narahatdir\\\/#primaryimage\"},\"thumbnailUrl\":\"https:\\\/\\\/www.meydan.tv\\\/wp-content\\\/uploads\\\/5434.png\",\"articleSection\":[\"Sosial\",\"T\u00f6vsiy\u0259\",\"X\u0259b\u0259rl\u0259r\"],\"inLanguage\":\"az\"},{\"@type\":\"WebPage\",\"@id\":\"https:\\\/\\\/www.meydan.tv\\\/az\\\/article\\\/iki-yuz%c9%99-yaxin-inc%c9%99s%c9%99n%c9%99t-adami-bayirs%c9%99h%c9%99rd%c9%99ki-tarixi-m%c9%99h%c9%99ll%c9%99l%c9%99rin-sokulm%c9%99sind%c9%99n-narahatdir\\\/\",\"url\":\"https:\\\/\\\/www.meydan.tv\\\/az\\\/article\\\/iki-yuz%c9%99-yaxin-inc%c9%99s%c9%99n%c9%99t-adami-bayirs%c9%99h%c9%99rd%c9%99ki-tarixi-m%c9%99h%c9%99ll%c9%99l%c9%99rin-sokulm%c9%99sind%c9%99n-narahatdir\\\/\",\"name\":\"\u0130ki y\u00fcz\u0259 yax\u0131n inc\u0259s\u0259n\u0259t adam\u0131 Prezident Administrasiyas\u0131na m\u00fcraci\u0259t edib - MEYDAN.TV\",\"isPartOf\":{\"@id\":\"https:\\\/\\\/www.meydan.tv\\\/az\\\/#website\"},\"primaryImageOfPage\":{\"@id\":\"https:\\\/\\\/www.meydan.tv\\\/az\\\/article\\\/iki-yuz%c9%99-yaxin-inc%c9%99s%c9%99n%c9%99t-adami-bayirs%c9%99h%c9%99rd%c9%99ki-tarixi-m%c9%99h%c9%99ll%c9%99l%c9%99rin-sokulm%c9%99sind%c9%99n-narahatdir\\\/#primaryimage\"},\"image\":{\"@id\":\"https:\\\/\\\/www.meydan.tv\\\/az\\\/article\\\/iki-yuz%c9%99-yaxin-inc%c9%99s%c9%99n%c9%99t-adami-bayirs%c9%99h%c9%99rd%c9%99ki-tarixi-m%c9%99h%c9%99ll%c9%99l%c9%99rin-sokulm%c9%99sind%c9%99n-narahatdir\\\/#primaryimage\"},\"thumbnailUrl\":\"https:\\\/\\\/www.meydan.tv\\\/wp-content\\\/uploads\\\/5434.png\",\"datePublished\":\"2025-03-03T16:58:56+00:00\",\"dateModified\":\"2025-03-04T08:52:05+00:00\",\"breadcrumb\":{\"@id\":\"https:\\\/\\\/www.meydan.tv\\\/az\\\/article\\\/iki-yuz%c9%99-yaxin-inc%c9%99s%c9%99n%c9%99t-adami-bayirs%c9%99h%c9%99rd%c9%99ki-tarixi-m%c9%99h%c9%99ll%c9%99l%c9%99rin-sokulm%c9%99sind%c9%99n-narahatdir\\\/#breadcrumb\"},\"inLanguage\":\"az\",\"potentialAction\":[{\"@type\":\"ReadAction\",\"target\":[\"https:\\\/\\\/www.meydan.tv\\\/az\\\/article\\\/iki-yuz%c9%99-yaxin-inc%c9%99s%c9%99n%c9%99t-adami-bayirs%c9%99h%c9%99rd%c9%99ki-tarixi-m%c9%99h%c9%99ll%c9%99l%c9%99rin-sokulm%c9%99sind%c9%99n-narahatdir\\\/\"]}]},{\"@type\":\"ImageObject\",\"inLanguage\":\"az\",\"@id\":\"https:\\\/\\\/www.meydan.tv\\\/az\\\/article\\\/iki-yuz%c9%99-yaxin-inc%c9%99s%c9%99n%c9%99t-adami-bayirs%c9%99h%c9%99rd%c9%99ki-tarixi-m%c9%99h%c9%99ll%c9%99l%c9%99rin-sokulm%c9%99sind%c9%99n-narahatdir\\\/#primaryimage\",\"url\":\"https:\\\/\\\/www.meydan.tv\\\/wp-content\\\/uploads\\\/5434.png\",\"contentUrl\":\"https:\\\/\\\/www.meydan.tv\\\/wp-content\\\/uploads\\\/5434.png\",\"width\":1179,\"height\":576,\"caption\":\"Foto: Dilq\u0259m \u0130smay\u0131lovun facebook s\u0259hif\u0259si\"},{\"@type\":\"BreadcrumbList\",\"@id\":\"https:\\\/\\\/www.meydan.tv\\\/az\\\/article\\\/iki-yuz%c9%99-yaxin-inc%c9%99s%c9%99n%c9%99t-adami-bayirs%c9%99h%c9%99rd%c9%99ki-tarixi-m%c9%99h%c9%99ll%c9%99l%c9%99rin-sokulm%c9%99sind%c9%99n-narahatdir\\\/#breadcrumb\",\"itemListElement\":[{\"@type\":\"ListItem\",\"position\":1,\"name\":\"Ana s\u0259hif\u0259\",\"item\":\"https:\\\/\\\/www.meydan.tv\\\/az\\\/\"},{\"@type\":\"ListItem\",\"position\":2,\"name\":\"Sosial\",\"item\":\"https:\\\/\\\/www.meydan.tv\\\/az\\\/section\\\/sosial\\\/\"},{\"@type\":\"ListItem\",\"position\":3,\"name\":\"\u0130ki y\u00fcz\u0259 yax\u0131n inc\u0259s\u0259n\u0259t adam\u0131 Prezident Administrasiyas\u0131na m\u00fcraci\u0259t edib\"}]},{\"@type\":\"WebSite\",\"@id\":\"https:\\\/\\\/www.meydan.tv\\\/az\\\/#website\",\"url\":\"https:\\\/\\\/www.meydan.tv\\\/az\\\/\",\"name\":\"MEYDAN.TV\",\"description\":\"Meydan TV Az\u0259rbaycan\u0131n media m\u0259kan\u0131ndak\u0131 alternativ s\u0259sidir\",\"publisher\":{\"@id\":\"https:\\\/\\\/www.meydan.tv\\\/az\\\/#organization\"},\"potentialAction\":[{\"@type\":\"SearchAction\",\"target\":{\"@type\":\"EntryPoint\",\"urlTemplate\":\"https:\\\/\\\/www.meydan.tv\\\/az\\\/?s={search_term_string}\"},\"query-input\":{\"@type\":\"PropertyValueSpecification\",\"valueRequired\":true,\"valueName\":\"search_term_string\"}}],\"inLanguage\":\"az\"},{\"@type\":\"Organization\",\"@id\":\"https:\\\/\\\/www.meydan.tv\\\/az\\\/#organization\",\"name\":\"Meydan TV\",\"url\":\"https:\\\/\\\/www.meydan.tv\\\/az\\\/\",\"logo\":{\"@type\":\"ImageObject\",\"inLanguage\":\"az\",\"@id\":\"https:\\\/\\\/www.meydan.tv\\\/az\\\/#\\\/schema\\\/logo\\\/image\\\/\",\"url\":\"https:\\\/\\\/www.meydan.tv\\\/wp-content\\\/uploads\\\/2021\\\/07\\\/meydan-logo.svg\",\"contentUrl\":\"https:\\\/\\\/www.meydan.tv\\\/wp-content\\\/uploads\\\/2021\\\/07\\\/meydan-logo.svg\",\"width\":195,\"height\":46,\"caption\":\"Meydan TV\"},\"image\":{\"@id\":\"https:\\\/\\\/www.meydan.tv\\\/az\\\/#\\\/schema\\\/logo\\\/image\\\/\"}},{\"@type\":\"Person\",\"@id\":\"https:\\\/\\\/www.meydan.tv\\\/az\\\/#\\\/schema\\\/person\\\/09863e516102a829e72bedcf3f84c6b0\",\"name\":\"mahmud\"}]}<\/script>\n<!-- \/ Yoast SEO plugin. -->","yoast_head_json":{"title":"\u0130ki y\u00fcz\u0259 yax\u0131n inc\u0259s\u0259n\u0259t adam\u0131 Prezident Administrasiyas\u0131na m\u00fcraci\u0259t edib - MEYDAN.TV","robots":{"index":"index","follow":"follow","max-snippet":"max-snippet:-1","max-image-preview":"max-image-preview:large","max-video-preview":"max-video-preview:-1"},"canonical":"https:\/\/www.meydan.tv\/az\/article\/iki-yuz%c9%99-yaxin-inc%c9%99s%c9%99n%c9%99t-adami-bayirs%c9%99h%c9%99rd%c9%99ki-tarixi-m%c9%99h%c9%99ll%c9%99l%c9%99rin-sokulm%c9%99sind%c9%99n-narahatdir\/","og_locale":"az_AZ","og_type":"article","og_title":"\u0130ki y\u00fcz\u0259 yax\u0131n inc\u0259s\u0259n\u0259t adam\u0131 Prezident Administrasiyas\u0131na m\u00fcraci\u0259t edib - MEYDAN.TV","og_description":"Onlar \u201cBay\u0131r\u015f\u0259h\u0259r\u201dd\u0259ki tarixi m\u0259h\u0259ll\u0259l\u0259rin s\u00f6k\u00fclm\u0259sind\u0259n narahatd\u0131rlar Bak\u0131n\u0131n tarixi m\u0259h\u0259ll\u0259l\u0259rinin s\u00f6k\u00fclm\u0259k ... Davam\u0131","og_url":"https:\/\/www.meydan.tv\/az\/article\/iki-yuz%c9%99-yaxin-inc%c9%99s%c9%99n%c9%99t-adami-bayirs%c9%99h%c9%99rd%c9%99ki-tarixi-m%c9%99h%c9%99ll%c9%99l%c9%99rin-sokulm%c9%99sind%c9%99n-narahatdir\/","og_site_name":"MEYDAN.TV","article_published_time":"2025-03-03T16:58:56+00:00","article_modified_time":"2025-03-04T08:52:05+00:00","og_image":[{"width":1179,"height":576,"url":"https:\/\/www.meydan.tv\/wp-content\/uploads\/5434.png","type":"image\/png"}],"author":"mahmud","twitter_card":"summary_large_image","schema":{"@context":"https:\/\/schema.org","@graph":[{"@type":"Article","@id":"https:\/\/www.meydan.tv\/az\/article\/iki-yuz%c9%99-yaxin-inc%c9%99s%c9%99n%c9%99t-adami-bayirs%c9%99h%c9%99rd%c9%99ki-tarixi-m%c9%99h%c9%99ll%c9%99l%c9%99rin-sokulm%c9%99sind%c9%99n-narahatdir\/#article","isPartOf":{"@id":"https:\/\/www.meydan.tv\/az\/article\/iki-yuz%c9%99-yaxin-inc%c9%99s%c9%99n%c9%99t-adami-bayirs%c9%99h%c9%99rd%c9%99ki-tarixi-m%c9%99h%c9%99ll%c9%99l%c9%99rin-sokulm%c9%99sind%c9%99n-narahatdir\/"},"author":{"name":"mahmud","@id":"https:\/\/www.meydan.tv\/az\/#\/schema\/person\/09863e516102a829e72bedcf3f84c6b0"},"headline":"\u0130ki y\u00fcz\u0259 yax\u0131n inc\u0259s\u0259n\u0259t adam\u0131 Prezident Administrasiyas\u0131na m\u00fcraci\u0259t edib","datePublished":"2025-03-03T16:58:56+00:00","dateModified":"2025-03-04T08:52:05+00:00","mainEntityOfPage":{"@id":"https:\/\/www.meydan.tv\/az\/article\/iki-yuz%c9%99-yaxin-inc%c9%99s%c9%99n%c9%99t-adami-bayirs%c9%99h%c9%99rd%c9%99ki-tarixi-m%c9%99h%c9%99ll%c9%99l%c9%99rin-sokulm%c9%99sind%c9%99n-narahatdir\/"},"wordCount":804,"publisher":{"@id":"https:\/\/www.meydan.tv\/az\/#organization"},"image":{"@id":"https:\/\/www.meydan.tv\/az\/article\/iki-yuz%c9%99-yaxin-inc%c9%99s%c9%99n%c9%99t-adami-bayirs%c9%99h%c9%99rd%c9%99ki-tarixi-m%c9%99h%c9%99ll%c9%99l%c9%99rin-sokulm%c9%99sind%c9%99n-narahatdir\/#primaryimage"},"thumbnailUrl":"https:\/\/www.meydan.tv\/wp-content\/uploads\/5434.png","articleSection":["Sosial","T\u00f6vsiy\u0259","X\u0259b\u0259rl\u0259r"],"inLanguage":"az"},{"@type":"WebPage","@id":"https:\/\/www.meydan.tv\/az\/article\/iki-yuz%c9%99-yaxin-inc%c9%99s%c9%99n%c9%99t-adami-bayirs%c9%99h%c9%99rd%c9%99ki-tarixi-m%c9%99h%c9%99ll%c9%99l%c9%99rin-sokulm%c9%99sind%c9%99n-narahatdir\/","url":"https:\/\/www.meydan.tv\/az\/article\/iki-yuz%c9%99-yaxin-inc%c9%99s%c9%99n%c9%99t-adami-bayirs%c9%99h%c9%99rd%c9%99ki-tarixi-m%c9%99h%c9%99ll%c9%99l%c9%99rin-sokulm%c9%99sind%c9%99n-narahatdir\/","name":"\u0130ki y\u00fcz\u0259 yax\u0131n inc\u0259s\u0259n\u0259t adam\u0131 Prezident Administrasiyas\u0131na m\u00fcraci\u0259t edib - MEYDAN.TV","isPartOf":{"@id":"https:\/\/www.meydan.tv\/az\/#website"},"primaryImageOfPage":{"@id":"https:\/\/www.meydan.tv\/az\/article\/iki-yuz%c9%99-yaxin-inc%c9%99s%c9%99n%c9%99t-adami-bayirs%c9%99h%c9%99rd%c9%99ki-tarixi-m%c9%99h%c9%99ll%c9%99l%c9%99rin-sokulm%c9%99sind%c9%99n-narahatdir\/#primaryimage"},"image":{"@id":"https:\/\/www.meydan.tv\/az\/article\/iki-yuz%c9%99-yaxin-inc%c9%99s%c9%99n%c9%99t-adami-bayirs%c9%99h%c9%99rd%c9%99ki-tarixi-m%c9%99h%c9%99ll%c9%99l%c9%99rin-sokulm%c9%99sind%c9%99n-narahatdir\/#primaryimage"},"thumbnailUrl":"https:\/\/www.meydan.tv\/wp-content\/uploads\/5434.png","datePublished":"2025-03-03T16:58:56+00:00","dateModified":"2025-03-04T08:52:05+00:00","breadcrumb":{"@id":"https:\/\/www.meydan.tv\/az\/article\/iki-yuz%c9%99-yaxin-inc%c9%99s%c9%99n%c9%99t-adami-bayirs%c9%99h%c9%99rd%c9%99ki-tarixi-m%c9%99h%c9%99ll%c9%99l%c9%99rin-sokulm%c9%99sind%c9%99n-narahatdir\/#breadcrumb"},"inLanguage":"az","potentialAction":[{"@type":"ReadAction","target":["https:\/\/www.meydan.tv\/az\/article\/iki-yuz%c9%99-yaxin-inc%c9%99s%c9%99n%c9%99t-adami-bayirs%c9%99h%c9%99rd%c9%99ki-tarixi-m%c9%99h%c9%99ll%c9%99l%c9%99rin-sokulm%c9%99sind%c9%99n-narahatdir\/"]}]},{"@type":"ImageObject","inLanguage":"az","@id":"https:\/\/www.meydan.tv\/az\/article\/iki-yuz%c9%99-yaxin-inc%c9%99s%c9%99n%c9%99t-adami-bayirs%c9%99h%c9%99rd%c9%99ki-tarixi-m%c9%99h%c9%99ll%c9%99l%c9%99rin-sokulm%c9%99sind%c9%99n-narahatdir\/#primaryimage","url":"https:\/\/www.meydan.tv\/wp-content\/uploads\/5434.png","contentUrl":"https:\/\/www.meydan.tv\/wp-content\/uploads\/5434.png","width":1179,"height":576,"caption":"Foto: Dilq\u0259m \u0130smay\u0131lovun facebook s\u0259hif\u0259si"},{"@type":"BreadcrumbList","@id":"https:\/\/www.meydan.tv\/az\/article\/iki-yuz%c9%99-yaxin-inc%c9%99s%c9%99n%c9%99t-adami-bayirs%c9%99h%c9%99rd%c9%99ki-tarixi-m%c9%99h%c9%99ll%c9%99l%c9%99rin-sokulm%c9%99sind%c9%99n-narahatdir\/#breadcrumb","itemListElement":[{"@type":"ListItem","position":1,"name":"Ana s\u0259hif\u0259","item":"https:\/\/www.meydan.tv\/az\/"},{"@type":"ListItem","position":2,"name":"Sosial","item":"https:\/\/www.meydan.tv\/az\/section\/sosial\/"},{"@type":"ListItem","position":3,"name":"\u0130ki y\u00fcz\u0259 yax\u0131n inc\u0259s\u0259n\u0259t adam\u0131 Prezident Administrasiyas\u0131na m\u00fcraci\u0259t edib"}]},{"@type":"WebSite","@id":"https:\/\/www.meydan.tv\/az\/#website","url":"https:\/\/www.meydan.tv\/az\/","name":"MEYDAN.TV","description":"Meydan TV Az\u0259rbaycan\u0131n media m\u0259kan\u0131ndak\u0131 alternativ s\u0259sidir","publisher":{"@id":"https:\/\/www.meydan.tv\/az\/#organization"},"potentialAction":[{"@type":"SearchAction","target":{"@type":"EntryPoint","urlTemplate":"https:\/\/www.meydan.tv\/az\/?s={search_term_string}"},"query-input":{"@type":"PropertyValueSpecification","valueRequired":true,"valueName":"search_term_string"}}],"inLanguage":"az"},{"@type":"Organization","@id":"https:\/\/www.meydan.tv\/az\/#organization","name":"Meydan TV","url":"https:\/\/www.meydan.tv\/az\/","logo":{"@type":"ImageObject","inLanguage":"az","@id":"https:\/\/www.meydan.tv\/az\/#\/schema\/logo\/image\/","url":"https:\/\/www.meydan.tv\/wp-content\/uploads\/2021\/07\/meydan-logo.svg","contentUrl":"https:\/\/www.meydan.tv\/wp-content\/uploads\/2021\/07\/meydan-logo.svg","width":195,"height":46,"caption":"Meydan TV"},"image":{"@id":"https:\/\/www.meydan.tv\/az\/#\/schema\/logo\/image\/"}},{"@type":"Person","@id":"https:\/\/www.meydan.tv\/az\/#\/schema\/person\/09863e516102a829e72bedcf3f84c6b0","name":"mahmud"}]}},"_links":{"self":[{"href":"https:\/\/www.meydan.tv\/az\/wp-json\/wp\/v2\/posts\/327162","targetHints":{"allow":["GET"]}}],"collection":[{"href":"https:\/\/www.meydan.tv\/az\/wp-json\/wp\/v2\/posts"}],"about":[{"href":"https:\/\/www.meydan.tv\/az\/wp-json\/wp\/v2\/types\/post"}],"author":[{"embeddable":true,"href":"https:\/\/www.meydan.tv\/az\/wp-json\/wp\/v2\/users\/21"}],"replies":[{"embeddable":true,"href":"https:\/\/www.meydan.tv\/az\/wp-json\/wp\/v2\/comments?post=327162"}],"version-history":[{"count":3,"href":"https:\/\/www.meydan.tv\/az\/wp-json\/wp\/v2\/posts\/327162\/revisions"}],"predecessor-version":[{"id":327194,"href":"https:\/\/www.meydan.tv\/az\/wp-json\/wp\/v2\/posts\/327162\/revisions\/327194"}],"wp:featuredmedia":[{"embeddable":true,"href":"https:\/\/www.meydan.tv\/az\/wp-json\/wp\/v2\/media\/327191"}],"wp:attachment":[{"href":"https:\/\/www.meydan.tv\/az\/wp-json\/wp\/v2\/media?parent=327162"}],"wp:term":[{"taxonomy":"category","embeddable":true,"href":"https:\/\/www.meydan.tv\/az\/wp-json\/wp\/v2\/categories?post=327162"},{"taxonomy":"post_tag","embeddable":true,"href":"https:\/\/www.meydan.tv\/az\/wp-json\/wp\/v2\/tags?post=327162"}],"curies":[{"name":"wp","href":"https:\/\/api.w.org\/{rel}","templated":true}]}}