{"id":327137,"date":"2025-03-03T16:11:45","date_gmt":"2025-03-03T12:11:45","guid":{"rendered":"https:\/\/www.meydan.tv\/?p=327137"},"modified":"2025-03-03T16:11:47","modified_gmt":"2025-03-03T12:11:47","slug":"perinatal-m%c9%99rk%c9%99zin-kecmis-direktoru-7-usagin-olumu-il%c9%99-n%c9%99tic%c9%99l%c9%99n%c9%99n-yangina-gor%c9%99-ozunu-t%c9%99qsirli-bilm%c9%99yib","status":"publish","type":"post","link":"https:\/\/www.meydan.tv\/az\/article\/perinatal-m%c9%99rk%c9%99zin-kecmis-direktoru-7-usagin-olumu-il%c9%99-n%c9%99tic%c9%99l%c9%99n%c9%99n-yangina-gor%c9%99-ozunu-t%c9%99qsirli-bilm%c9%99yib\/","title":{"rendered":"Perinatal M\u0259rk\u0259zin ke\u00e7mi\u015f direktoru 7 u\u015fa\u011f\u0131n \u00f6l\u00fcm\u00fc il\u0259 n\u0259tic\u0259l\u0259n\u0259n yan\u011f\u0131na g\u00f6r\u0259 \u00f6z\u00fcn\u00fc t\u0259qsirli bilm\u0259yib"},"content":{"rendered":"\n<p><\/p>\n\n\n\n<p><strong><em>O, ba\u015f ver\u0259nl\u0259rd\u0259 T\u018fB\u0130B-i g\u00fcnahland\u0131r\u0131b<\/em><\/strong><\/p>\n\n\n\n<p>Bak\u0131 A\u011f\u0131r Cinay\u0259tl\u0259r M\u0259hk\u0259m\u0259sind\u0259 \u00f6t\u0259n ilin yanvar\u0131nda Respublika Perinatal M\u0259rk\u0259ziind\u0259 7 k\u00f6rp\u0259nin \u00f6l\u00fcm\u00fc il\u0259 n\u0259tic\u0259l\u0259n\u0259n yan\u011f\u0131nla ba\u011fl\u0131 m\u0259hk\u0259m\u0259 i\u015fi davam edir.<\/p>\n\n\n\n<p>M\u0259hk\u0259m\u0259 qar\u015f\u0131s\u0131nda M\u0259rk\u0259zin ke\u00e7mi\u015f direktoru Mehriban Abbasquliyeva v\u0259 \u015f\u00f6b\u0259 m\u00fcdirl\u0259ri dayan\u0131b.<\/p>\n\n\n\n<p>Onlar\u0131n h\u0259r biri ev dustaql\u0131\u011f\u0131ndad\u0131r. Bu i\u015f hakim Leyla \u018fsg\u0259rova-M\u0259mm\u0259dovan\u0131n icraat\u0131ndad\u0131r.<\/p>\n\n\n\n<p>Mart\u0131n 3-d\u0259 ke\u00e7iril\u0259n m\u0259hk\u0259m\u0259 iclas\u0131nda Mehriban Abasquliyevan\u0131n ibtidai istintaqa verdiyi ifad\u0259si elan olunub. \u00c7\u00fcnki o, m\u0259hk\u0259m\u0259d\u0259 ifad\u0259 verm\u0259kd\u0259n imtina edib.<\/p>\n\n\n\n<p>Mehriban Abasquliyeva ibtidai istintaqa verdiyi ifad\u0259sind\u0259 \u00f6z\u00fcn\u00fc t\u0259qsirli bilm\u0259yib, ba\u015f ver\u0259nl\u0259rd\u0259 T\u018fB\u0130B-i g\u00fcnahland\u0131r\u0131b. Onun ifad\u0259sin\u0259 g\u00f6r\u0259, yan\u011f\u0131na s\u0259b\u0259b \u201cT\u018fB\u0130B\u201din \u201cmaliyy\u0259 v\u0259saitimiz yoxdur\u201d deyib, bigan\u0259lik g\u00f6st\u0259rm\u0259si v\u0259 bir ne\u00e7\u0259 x\u0259st\u0259xana i\u015f\u00e7isinin m\u0259suliyy\u0259tsizliyi olub.<\/p>\n\n\n\n<p>O, istintaqa bildirib ki, M\u0259rk\u0259z\u0259 hadis\u0259d\u0259n c\u0259mi 11 ay \u0259vv\u0259l direktor t\u0259yin olunub. M\u0259rk\u0259zd\u0259 i\u015f\u00e7i azl\u0131\u011f\u0131 olub, buna g\u00f6r\u0259 d\u0259 be\u015f tibb bac\u0131s\u0131 v\u0259 iki sanitar qad\u0131n \u015ftat vahidinin a\u00e7\u0131lmas\u0131 \u00fc\u00e7\u00fcn 2023-c\u00fc ilin yanvar, mart v\u0259 aprel aylar\u0131nda M\u0259rk\u0259zin tabe oldu\u011fu T\u018fB\u0130B-\u0259 yaz\u0131l\u0131 m\u00fcraci\u0259tl\u0259r edib. T\u018fB\u0130B maliyy\u0259 v\u0259saiti \u00e7at\u0131\u015fmazl\u0131\u011f\u0131n\u0131 s\u0259b\u0259b g\u0259tir\u0259r\u0259k M\u0259rk\u0259zd\u0259 i\u015f\u00e7i \u015ftatlar\u0131 a\u00e7maqdan imtina edib.<\/p>\n\n\n\n<p>Yan\u011f\u0131na g\u0259linc\u0259, ke\u00e7mi\u015f direktor ifad\u0259sind\u0259 g\u00f6st\u0259rib ki, hadis\u0259d\u0259n bir ne\u00e7\u0259 ay \u0259vv\u0259l Yenido\u011fulmu\u015flar\u0131n intensiv terapiya b\u00f6lm\u0259sinin h\u0259min ota\u011f\u0131 t\u0259mir olunub. T\u0259mir i\u015fl\u0259ri 1 aya yekunla\u015f\u0131b, ancaq M\u0259rk\u0259zin inzibati binas\u0131n\u0131n yan\u011f\u0131n t\u0259hl\u00fck\u0259sizlik sistemi z\u0259ruri qaydalar\u0131n t\u0259l\u0259bl\u0259rin\u0259 cavab verm\u0259diyi \u00fc\u00e7\u00fcn F\u00f6vqalad\u0259 Hallar Nazirliyi t\u0259r\u0259find\u0259n binada f\u0259aliyy\u0259tin davam etdirilm\u0259sin\u0259 icaz\u0259 verilm\u0259yib. Bu bar\u0259d\u0259 T\u018fB\u0130B d\u0259 m\u0259lumatland\u0131r\u0131l\u0131b. T\u018fB\u0130B yen\u0259 maliyy\u0259 \u00e7at\u0131\u015fmazl\u0131\u011f\u0131n\u0131 s\u0259b\u0259b g\u0259tirib v\u0259 bu i\u015fl\u0259ri h\u0259ll etm\u0259yi g\u0259l\u0259c\u0259y\u0259 saxlay\u0131b.&nbsp;<\/p>\n\n\n\n<p><em>\u201c2023-c\u00fc ilin b\u00fcdc\u0259si m\u0259nd\u0259n \u0259vv\u0259lki direktorun vaxt\u0131nda t\u0259sdiql\u0259nmi\u015fdi dey\u0259, m\u0259nim h\u0259min il \u00fc\u00e7\u00fcn \u0259lav\u0259 maliyy\u0259 t\u0259l\u0259b ed\u0259n h\u0259r hans\u0131 t\u0259klif verm\u0259k imkan\u0131m yox idi. Q\u0131sa m\u00fcdd\u0259tlik direktorlu\u011fum d\u00f6vr\u00fcnd\u0259 kifay\u0259t q\u0259d\u0259r m\u00fcst\u0259qil b\u00fcdc\u0259 v\u0259saiti olmayan M\u0259rk\u0259zin yan\u011f\u0131n t\u0259hl\u00fck\u0259sizlik sisitemini t\u0259mir etdirm\u0259k \u00fc\u00e7\u00fcn pul yox idi\u201d,<\/em> &#8211; ke\u00e7mi\u015f direktor ibtidai istintaqa verdiyi ifad\u0259sind\u0259 vur\u011fulay\u0131b.<\/p>\n\n\n\n<p>Sonra i\u015f \u00fczr\u0259 t\u0259qsirl\u0259ndiril\u0259n dig\u0259r \u015f\u0259xs Anesteziologiya, reanimasiya v\u0259 intensiv terapeya \u015f\u00f6b\u0259sinin m\u00fcdiri Hamlet Mustafayev ifad\u0259 verib. O, bildirib ki, 10 il M\u0259rk\u0259zin s\u00f6z\u00fcged\u0259n \u015f\u00f6b\u0259sinin m\u00fcdiri v\u0259zif\u0259sind\u0259 \u00e7al\u0131\u015f\u0131b v\u0259 bel\u0259 bir hadis\u0259nin&nbsp; ba\u015f ver\u0259c\u0259yini a\u011fl\u0131ndan bel\u0259 ke\u00e7irm\u0259yib:<\/p>\n\n\n\n<p><em>\u201cR\u0259hb\u0259rlik etdiyim \u015f\u00f6b\u0259d\u0259 b\u00fct\u00fcn i\u015f\u00e7il\u0259ri tan\u0131y\u0131ram. Bizim \u015f\u00f6b\u0259 5-ci m\u0259rt\u0259b\u0259d\u0259 yerl\u0259\u015fir, 4-c\u00fc m\u0259rt\u0259b\u0259d\u0259 yenido\u011fulmu\u015flar\u0131n terapiyas\u0131 \u015f\u00f6b\u0259sidir. \u015e\u00f6b\u0259 m\u00fcdiri M\u0259ry\u0259m Rzayevad\u0131r. M\u0259nim h\u0259min \u015f\u00f6b\u0259y\u0259 aidiyyat\u0131m yoxdur. Biz \u0130cbari Tibbi S\u0131\u011fortaya ke\u00e7dikd\u0259n sonra yeni i\u015f\u00e7il\u0259r g\u0259ldi v\u0259 b\u0259zi \u015f\u00f6b\u0259l\u0259r birl\u0259\u015fdirildi. Yanl\u0131z bizim v\u0259 yenido\u011fulmu\u015flar terapiyas\u0131 \u015f\u00f6b\u0259si birl\u0259\u015fdirilm\u0259di. Hadis\u0259 d\u0259 4-c\u00fc m\u0259rt\u0259b\u0259d\u0259 ba\u015f verib. H\u0259r m\u0259rt\u0259b\u0259nin t\u0259hl\u00fck\u0259sizliyin\u0259 h\u0259min \u015f\u00f6b\u0259nin r\u0259hb\u0259ri cavabdehdir. FHN-in D\u00f6vl\u0259t Yan\u011f\u0131ndan M\u00fchafiz\u0259 Xidm\u0259ti d\u0259f\u0259l\u0259rl\u0259 yan\u011f\u0131n t\u0259hl\u00fck\u0259sizliyin\u0259 \u0259m\u0259l edilm\u0259m\u0259si il\u0259 ba\u011fl\u0131 akt t\u0259rtib edib. Ancaq m\u0259nim bununla ba\u011fl\u0131 sonradan m\u0259lumat\u0131m olub. \u00dcmumiyy\u0259tl\u0259, bu prosesin m\u0259n\u0259 aidiyyat\u0131 yoxdur. M\u0259n h\u0259kim\u0259m, h\u0259m d\u0259 bu aktlar 4-c\u00fc m\u0259rt\u0259b\u0259 \u00fc\u00e7\u00fcn t\u0259rtib olunub. H\u0259min aktlar t\u0259rtib olunan zaman b\u00f6lm\u0259 r\u0259hb\u0259ri M\u0259ry\u0259m Rzayeva olub. T\u0259s\u0259rr\u00fcfat \u015f\u00f6b\u0259sinin r\u0259hb\u0259ri d\u0259 c\u0259rim\u0259l\u0259nib\u201d,<\/em> &#8211; ke\u00e7mi\u015f \u015f\u00f6b\u0259 m\u00fcdiri m\u0259hk\u0259m\u0259d\u0259 bel\u0259 deyib.<\/p>\n\n\n\n<p>Proses mart\u0131n 17- d\u0259 davam etdiril\u0259c\u0259k.<\/p>\n\n\n\n<p>Respublika Perinatal M\u0259rk\u0259zd\u0259ki yan\u011f\u0131n hadis\u0259si \u00f6t\u0259n il yanvar\u0131n 9-da ba\u015f verib. N\u0259tic\u0259d\u0259 Yenido\u011fulmu\u015flar\u0131n intensiv terapiya \u015f\u00f6b\u0259sind\u0259 k\u00fcv\u0259zd\u0259ki yenido\u011fulmu\u015flar \u00f6l\u00fcb.<\/p>\n\n\n\n<p>\u0130stintaq orqan\u0131 t\u0259r\u0259find\u0259n Mehriban Abasquliyevaya qar\u015f\u0131 Cinay\u0259t M\u0259c\u0259ll\u0259sinin 308.2 (a\u011f\u0131r n\u0259tic\u0259l\u0259r\u0259 s\u0259b\u0259b olan v\u0259zif\u0259 s\u0259lahiyy\u0259tl\u0259rind\u0259n sui-istifad\u0259) v\u0259 225.3-c\u00fc (yan\u011f\u0131n t\u0259hl\u00fck\u0259sizliyi qaydalar\u0131n\u0131 pozma ehtiyats\u0131zl\u0131qdan iki v\u0259 daha \u00e7ox \u015f\u0259xsin \u00f6l\u00fcm\u00fcn\u0259 s\u0259b\u0259b olduqda) madd\u0259l\u0259ri, h\u0259min m\u0259rk\u0259zin Anesteziologiya, reanimasiya v\u0259 intensiv terapiya \u015f\u00f6b\u0259sinin m\u00fcdiri Hamlet Mustafayev v\u0259 D\u0259st\u0259k Xidm\u0259tl\u0259ri \u015f\u00f6b\u0259sinin m\u00fcdiri Elnur \u018fhm\u0259dliy\u0259 qar\u015f\u0131 Cinay\u0259t M\u0259c\u0259ll\u0259sinin 225.3-c\u00fc madd\u0259si il\u0259 cinay\u0259t i\u015fi ba\u015flan\u0131b.<\/p>\n\n\n\n<p>M\u0259rk\u0259zin direktoru Mehriban Abbasquliyeva 1998-2000-ci ill\u0259rd\u0259 3 sayl\u0131 \u015e\u0259h\u0259r Klinik X\u0259st\u0259xanas\u0131nda ba\u015f h\u0259kimin m\u00fcavini olub. O, 2000-ci ild\u0259 Sabun\u00e7u rayonundak\u0131 2 sayl\u0131 Do\u011fum evinin ba\u015f h\u0259kimi t\u0259yin edilib v\u0259 uzun ill\u0259r bu v\u0259zif\u0259d\u0259 i\u015fl\u0259yib. Respublika Perinatal M\u0259rk\u0259zin\u0259 is\u0259 hadis\u0259d\u0259n bir il \u00f6nc\u0259 \u2013&nbsp; 2022-ci ilin dekabr\u0131nda direktor t\u0259yin olunmu\u015fdu.<\/p>\n","protected":false},"excerpt":{"rendered":"<p>O, ba\u015f ver\u0259nl\u0259rd\u0259 T\u018fB\u0130B-i g\u00fcnahland\u0131r\u0131b Bak\u0131 A\u011f\u0131r Cinay\u0259tl\u0259r M\u0259hk\u0259m\u0259sind\u0259 \u00f6t\u0259n &#8230; <\/p>\n<p class=\"read-more-container\"><a title=\"Perinatal M\u0259rk\u0259zin ke\u00e7mi\u015f direktoru 7 u\u015fa\u011f\u0131n \u00f6l\u00fcm\u00fc il\u0259 n\u0259tic\u0259l\u0259n\u0259n yan\u011f\u0131na g\u00f6r\u0259 \u00f6z\u00fcn\u00fc t\u0259qsirli bilm\u0259yib\" class=\"read-more button\" href=\"https:\/\/www.meydan.tv\/az\/article\/perinatal-m%c9%99rk%c9%99zin-kecmis-direktoru-7-usagin-olumu-il%c9%99-n%c9%99tic%c9%99l%c9%99n%c9%99n-yangina-gor%c9%99-ozunu-t%c9%99qsirli-bilm%c9%99yib\/#more-327137\" aria-label=\"Read more about Perinatal M\u0259rk\u0259zin ke\u00e7mi\u015f direktoru 7 u\u015fa\u011f\u0131n \u00f6l\u00fcm\u00fc il\u0259 n\u0259tic\u0259l\u0259n\u0259n yan\u011f\u0131na g\u00f6r\u0259 \u00f6z\u00fcn\u00fc t\u0259qsirli bilm\u0259yib\">Davam\u0131<\/a><\/p>\n","protected":false},"author":21,"featured_media":295011,"comment_status":"closed","ping_status":"closed","sticky":false,"template":"","format":"standard","meta":{"_acf_changed":false,"_sitemap_exclude":false,"_sitemap_priority":"","_sitemap_frequency":"","footnotes":""},"categories":[62,79,56],"tags":[],"class_list":["post-327137","post","type-post","status-publish","format-standard","has-post-thumbnail","hentry","category-sosial","category-featured","category-xeberler","infinite-scroll-item","generate-columns","tablet-grid-50","mobile-grid-100","grid-parent","grid-33","no-featured-image-padding"],"acf":[],"yoast_head":"<!-- This site is optimized with the Yoast SEO plugin v27.4 - https:\/\/yoast.com\/product\/yoast-seo-wordpress\/ -->\n<title>Perinatal M\u0259rk\u0259zin ke\u00e7mi\u015f direktoru 7 u\u015fa\u011f\u0131n \u00f6l\u00fcm\u00fc il\u0259 n\u0259tic\u0259l\u0259n\u0259n yan\u011f\u0131na g\u00f6r\u0259 \u00f6z\u00fcn\u00fc t\u0259qsirli bilm\u0259yib - MEYDAN.TV<\/title>\n<meta name=\"robots\" content=\"index, follow, max-snippet:-1, max-image-preview:large, max-video-preview:-1\" \/>\n<link rel=\"canonical\" href=\"https:\/\/www.meydan.tv\/az\/article\/perinatal-m%c9%99rk%c9%99zin-kecmis-direktoru-7-usagin-olumu-il%c9%99-n%c9%99tic%c9%99l%c9%99n%c9%99n-yangina-gor%c9%99-ozunu-t%c9%99qsirli-bilm%c9%99yib\/\" \/>\n<meta property=\"og:locale\" content=\"az_AZ\" \/>\n<meta property=\"og:type\" content=\"article\" \/>\n<meta property=\"og:title\" content=\"Perinatal M\u0259rk\u0259zin ke\u00e7mi\u015f direktoru 7 u\u015fa\u011f\u0131n \u00f6l\u00fcm\u00fc il\u0259 n\u0259tic\u0259l\u0259n\u0259n yan\u011f\u0131na g\u00f6r\u0259 \u00f6z\u00fcn\u00fc t\u0259qsirli bilm\u0259yib - MEYDAN.TV\" \/>\n<meta property=\"og:description\" content=\"O, ba\u015f ver\u0259nl\u0259rd\u0259 T\u018fB\u0130B-i g\u00fcnahland\u0131r\u0131b Bak\u0131 A\u011f\u0131r Cinay\u0259tl\u0259r M\u0259hk\u0259m\u0259sind\u0259 \u00f6t\u0259n ... Davam\u0131\" \/>\n<meta property=\"og:url\" content=\"https:\/\/www.meydan.tv\/az\/article\/perinatal-m%c9%99rk%c9%99zin-kecmis-direktoru-7-usagin-olumu-il%c9%99-n%c9%99tic%c9%99l%c9%99n%c9%99n-yangina-gor%c9%99-ozunu-t%c9%99qsirli-bilm%c9%99yib\/\" \/>\n<meta property=\"og:site_name\" content=\"MEYDAN.TV\" \/>\n<meta property=\"article:published_time\" content=\"2025-03-03T12:11:45+00:00\" \/>\n<meta property=\"article:modified_time\" content=\"2025-03-03T12:11:47+00:00\" \/>\n<meta property=\"og:image\" content=\"https:\/\/www.meydan.tv\/wp-content\/uploads\/1704893754_olask.jpg\" \/>\n\t<meta property=\"og:image:width\" content=\"1200\" \/>\n\t<meta property=\"og:image:height\" content=\"775\" \/>\n\t<meta property=\"og:image:type\" content=\"image\/jpeg\" \/>\n<meta name=\"author\" content=\"mahmud\" \/>\n<meta name=\"twitter:card\" content=\"summary_large_image\" \/>\n<script type=\"application\/ld+json\" class=\"yoast-schema-graph\">{\"@context\":\"https:\\\/\\\/schema.org\",\"@graph\":[{\"@type\":\"Article\",\"@id\":\"https:\\\/\\\/www.meydan.tv\\\/az\\\/article\\\/perinatal-m%c9%99rk%c9%99zin-kecmis-direktoru-7-usagin-olumu-il%c9%99-n%c9%99tic%c9%99l%c9%99n%c9%99n-yangina-gor%c9%99-ozunu-t%c9%99qsirli-bilm%c9%99yib\\\/#article\",\"isPartOf\":{\"@id\":\"https:\\\/\\\/www.meydan.tv\\\/az\\\/article\\\/perinatal-m%c9%99rk%c9%99zin-kecmis-direktoru-7-usagin-olumu-il%c9%99-n%c9%99tic%c9%99l%c9%99n%c9%99n-yangina-gor%c9%99-ozunu-t%c9%99qsirli-bilm%c9%99yib\\\/\"},\"author\":{\"name\":\"mahmud\",\"@id\":\"https:\\\/\\\/www.meydan.tv\\\/az\\\/#\\\/schema\\\/person\\\/09863e516102a829e72bedcf3f84c6b0\"},\"headline\":\"Perinatal M\u0259rk\u0259zin ke\u00e7mi\u015f direktoru 7 u\u015fa\u011f\u0131n \u00f6l\u00fcm\u00fc il\u0259 n\u0259tic\u0259l\u0259n\u0259n yan\u011f\u0131na g\u00f6r\u0259 \u00f6z\u00fcn\u00fc t\u0259qsirli bilm\u0259yib\",\"datePublished\":\"2025-03-03T12:11:45+00:00\",\"dateModified\":\"2025-03-03T12:11:47+00:00\",\"mainEntityOfPage\":{\"@id\":\"https:\\\/\\\/www.meydan.tv\\\/az\\\/article\\\/perinatal-m%c9%99rk%c9%99zin-kecmis-direktoru-7-usagin-olumu-il%c9%99-n%c9%99tic%c9%99l%c9%99n%c9%99n-yangina-gor%c9%99-ozunu-t%c9%99qsirli-bilm%c9%99yib\\\/\"},\"wordCount\":1055,\"publisher\":{\"@id\":\"https:\\\/\\\/www.meydan.tv\\\/az\\\/#organization\"},\"image\":{\"@id\":\"https:\\\/\\\/www.meydan.tv\\\/az\\\/article\\\/perinatal-m%c9%99rk%c9%99zin-kecmis-direktoru-7-usagin-olumu-il%c9%99-n%c9%99tic%c9%99l%c9%99n%c9%99n-yangina-gor%c9%99-ozunu-t%c9%99qsirli-bilm%c9%99yib\\\/#primaryimage\"},\"thumbnailUrl\":\"https:\\\/\\\/www.meydan.tv\\\/wp-content\\\/uploads\\\/1704893754_olask.jpg\",\"articleSection\":[\"Sosial\",\"T\u00f6vsiy\u0259\",\"X\u0259b\u0259rl\u0259r\"],\"inLanguage\":\"az\"},{\"@type\":\"WebPage\",\"@id\":\"https:\\\/\\\/www.meydan.tv\\\/az\\\/article\\\/perinatal-m%c9%99rk%c9%99zin-kecmis-direktoru-7-usagin-olumu-il%c9%99-n%c9%99tic%c9%99l%c9%99n%c9%99n-yangina-gor%c9%99-ozunu-t%c9%99qsirli-bilm%c9%99yib\\\/\",\"url\":\"https:\\\/\\\/www.meydan.tv\\\/az\\\/article\\\/perinatal-m%c9%99rk%c9%99zin-kecmis-direktoru-7-usagin-olumu-il%c9%99-n%c9%99tic%c9%99l%c9%99n%c9%99n-yangina-gor%c9%99-ozunu-t%c9%99qsirli-bilm%c9%99yib\\\/\",\"name\":\"Perinatal M\u0259rk\u0259zin ke\u00e7mi\u015f direktoru 7 u\u015fa\u011f\u0131n \u00f6l\u00fcm\u00fc il\u0259 n\u0259tic\u0259l\u0259n\u0259n yan\u011f\u0131na g\u00f6r\u0259 \u00f6z\u00fcn\u00fc t\u0259qsirli bilm\u0259yib - MEYDAN.TV\",\"isPartOf\":{\"@id\":\"https:\\\/\\\/www.meydan.tv\\\/az\\\/#website\"},\"primaryImageOfPage\":{\"@id\":\"https:\\\/\\\/www.meydan.tv\\\/az\\\/article\\\/perinatal-m%c9%99rk%c9%99zin-kecmis-direktoru-7-usagin-olumu-il%c9%99-n%c9%99tic%c9%99l%c9%99n%c9%99n-yangina-gor%c9%99-ozunu-t%c9%99qsirli-bilm%c9%99yib\\\/#primaryimage\"},\"image\":{\"@id\":\"https:\\\/\\\/www.meydan.tv\\\/az\\\/article\\\/perinatal-m%c9%99rk%c9%99zin-kecmis-direktoru-7-usagin-olumu-il%c9%99-n%c9%99tic%c9%99l%c9%99n%c9%99n-yangina-gor%c9%99-ozunu-t%c9%99qsirli-bilm%c9%99yib\\\/#primaryimage\"},\"thumbnailUrl\":\"https:\\\/\\\/www.meydan.tv\\\/wp-content\\\/uploads\\\/1704893754_olask.jpg\",\"datePublished\":\"2025-03-03T12:11:45+00:00\",\"dateModified\":\"2025-03-03T12:11:47+00:00\",\"breadcrumb\":{\"@id\":\"https:\\\/\\\/www.meydan.tv\\\/az\\\/article\\\/perinatal-m%c9%99rk%c9%99zin-kecmis-direktoru-7-usagin-olumu-il%c9%99-n%c9%99tic%c9%99l%c9%99n%c9%99n-yangina-gor%c9%99-ozunu-t%c9%99qsirli-bilm%c9%99yib\\\/#breadcrumb\"},\"inLanguage\":\"az\",\"potentialAction\":[{\"@type\":\"ReadAction\",\"target\":[\"https:\\\/\\\/www.meydan.tv\\\/az\\\/article\\\/perinatal-m%c9%99rk%c9%99zin-kecmis-direktoru-7-usagin-olumu-il%c9%99-n%c9%99tic%c9%99l%c9%99n%c9%99n-yangina-gor%c9%99-ozunu-t%c9%99qsirli-bilm%c9%99yib\\\/\"]}]},{\"@type\":\"ImageObject\",\"inLanguage\":\"az\",\"@id\":\"https:\\\/\\\/www.meydan.tv\\\/az\\\/article\\\/perinatal-m%c9%99rk%c9%99zin-kecmis-direktoru-7-usagin-olumu-il%c9%99-n%c9%99tic%c9%99l%c9%99n%c9%99n-yangina-gor%c9%99-ozunu-t%c9%99qsirli-bilm%c9%99yib\\\/#primaryimage\",\"url\":\"https:\\\/\\\/www.meydan.tv\\\/wp-content\\\/uploads\\\/1704893754_olask.jpg\",\"contentUrl\":\"https:\\\/\\\/www.meydan.tv\\\/wp-content\\\/uploads\\\/1704893754_olask.jpg\",\"width\":1200,\"height\":775,\"caption\":\"Respublika Perinatal M\u0259rk\u0259zi. Foto: Meydan TV\"},{\"@type\":\"BreadcrumbList\",\"@id\":\"https:\\\/\\\/www.meydan.tv\\\/az\\\/article\\\/perinatal-m%c9%99rk%c9%99zin-kecmis-direktoru-7-usagin-olumu-il%c9%99-n%c9%99tic%c9%99l%c9%99n%c9%99n-yangina-gor%c9%99-ozunu-t%c9%99qsirli-bilm%c9%99yib\\\/#breadcrumb\",\"itemListElement\":[{\"@type\":\"ListItem\",\"position\":1,\"name\":\"Ana s\u0259hif\u0259\",\"item\":\"https:\\\/\\\/www.meydan.tv\\\/az\\\/\"},{\"@type\":\"ListItem\",\"position\":2,\"name\":\"Sosial\",\"item\":\"https:\\\/\\\/www.meydan.tv\\\/az\\\/section\\\/sosial\\\/\"},{\"@type\":\"ListItem\",\"position\":3,\"name\":\"Perinatal M\u0259rk\u0259zin ke\u00e7mi\u015f direktoru 7 u\u015fa\u011f\u0131n \u00f6l\u00fcm\u00fc il\u0259 n\u0259tic\u0259l\u0259n\u0259n yan\u011f\u0131na g\u00f6r\u0259 \u00f6z\u00fcn\u00fc t\u0259qsirli bilm\u0259yib\"}]},{\"@type\":\"WebSite\",\"@id\":\"https:\\\/\\\/www.meydan.tv\\\/az\\\/#website\",\"url\":\"https:\\\/\\\/www.meydan.tv\\\/az\\\/\",\"name\":\"MEYDAN.TV\",\"description\":\"Meydan TV Az\u0259rbaycan\u0131n media m\u0259kan\u0131ndak\u0131 alternativ s\u0259sidir\",\"publisher\":{\"@id\":\"https:\\\/\\\/www.meydan.tv\\\/az\\\/#organization\"},\"potentialAction\":[{\"@type\":\"SearchAction\",\"target\":{\"@type\":\"EntryPoint\",\"urlTemplate\":\"https:\\\/\\\/www.meydan.tv\\\/az\\\/?s={search_term_string}\"},\"query-input\":{\"@type\":\"PropertyValueSpecification\",\"valueRequired\":true,\"valueName\":\"search_term_string\"}}],\"inLanguage\":\"az\"},{\"@type\":\"Organization\",\"@id\":\"https:\\\/\\\/www.meydan.tv\\\/az\\\/#organization\",\"name\":\"Meydan TV\",\"url\":\"https:\\\/\\\/www.meydan.tv\\\/az\\\/\",\"logo\":{\"@type\":\"ImageObject\",\"inLanguage\":\"az\",\"@id\":\"https:\\\/\\\/www.meydan.tv\\\/az\\\/#\\\/schema\\\/logo\\\/image\\\/\",\"url\":\"https:\\\/\\\/www.meydan.tv\\\/wp-content\\\/uploads\\\/2021\\\/07\\\/meydan-logo.svg\",\"contentUrl\":\"https:\\\/\\\/www.meydan.tv\\\/wp-content\\\/uploads\\\/2021\\\/07\\\/meydan-logo.svg\",\"width\":195,\"height\":46,\"caption\":\"Meydan TV\"},\"image\":{\"@id\":\"https:\\\/\\\/www.meydan.tv\\\/az\\\/#\\\/schema\\\/logo\\\/image\\\/\"}},{\"@type\":\"Person\",\"@id\":\"https:\\\/\\\/www.meydan.tv\\\/az\\\/#\\\/schema\\\/person\\\/09863e516102a829e72bedcf3f84c6b0\",\"name\":\"mahmud\"}]}<\/script>\n<!-- \/ Yoast SEO plugin. -->","yoast_head_json":{"title":"Perinatal M\u0259rk\u0259zin ke\u00e7mi\u015f direktoru 7 u\u015fa\u011f\u0131n \u00f6l\u00fcm\u00fc il\u0259 n\u0259tic\u0259l\u0259n\u0259n yan\u011f\u0131na g\u00f6r\u0259 \u00f6z\u00fcn\u00fc t\u0259qsirli bilm\u0259yib - MEYDAN.TV","robots":{"index":"index","follow":"follow","max-snippet":"max-snippet:-1","max-image-preview":"max-image-preview:large","max-video-preview":"max-video-preview:-1"},"canonical":"https:\/\/www.meydan.tv\/az\/article\/perinatal-m%c9%99rk%c9%99zin-kecmis-direktoru-7-usagin-olumu-il%c9%99-n%c9%99tic%c9%99l%c9%99n%c9%99n-yangina-gor%c9%99-ozunu-t%c9%99qsirli-bilm%c9%99yib\/","og_locale":"az_AZ","og_type":"article","og_title":"Perinatal M\u0259rk\u0259zin ke\u00e7mi\u015f direktoru 7 u\u015fa\u011f\u0131n \u00f6l\u00fcm\u00fc il\u0259 n\u0259tic\u0259l\u0259n\u0259n yan\u011f\u0131na g\u00f6r\u0259 \u00f6z\u00fcn\u00fc t\u0259qsirli bilm\u0259yib - MEYDAN.TV","og_description":"O, ba\u015f ver\u0259nl\u0259rd\u0259 T\u018fB\u0130B-i g\u00fcnahland\u0131r\u0131b Bak\u0131 A\u011f\u0131r Cinay\u0259tl\u0259r M\u0259hk\u0259m\u0259sind\u0259 \u00f6t\u0259n ... Davam\u0131","og_url":"https:\/\/www.meydan.tv\/az\/article\/perinatal-m%c9%99rk%c9%99zin-kecmis-direktoru-7-usagin-olumu-il%c9%99-n%c9%99tic%c9%99l%c9%99n%c9%99n-yangina-gor%c9%99-ozunu-t%c9%99qsirli-bilm%c9%99yib\/","og_site_name":"MEYDAN.TV","article_published_time":"2025-03-03T12:11:45+00:00","article_modified_time":"2025-03-03T12:11:47+00:00","og_image":[{"width":1200,"height":775,"url":"https:\/\/www.meydan.tv\/wp-content\/uploads\/1704893754_olask.jpg","type":"image\/jpeg"}],"author":"mahmud","twitter_card":"summary_large_image","schema":{"@context":"https:\/\/schema.org","@graph":[{"@type":"Article","@id":"https:\/\/www.meydan.tv\/az\/article\/perinatal-m%c9%99rk%c9%99zin-kecmis-direktoru-7-usagin-olumu-il%c9%99-n%c9%99tic%c9%99l%c9%99n%c9%99n-yangina-gor%c9%99-ozunu-t%c9%99qsirli-bilm%c9%99yib\/#article","isPartOf":{"@id":"https:\/\/www.meydan.tv\/az\/article\/perinatal-m%c9%99rk%c9%99zin-kecmis-direktoru-7-usagin-olumu-il%c9%99-n%c9%99tic%c9%99l%c9%99n%c9%99n-yangina-gor%c9%99-ozunu-t%c9%99qsirli-bilm%c9%99yib\/"},"author":{"name":"mahmud","@id":"https:\/\/www.meydan.tv\/az\/#\/schema\/person\/09863e516102a829e72bedcf3f84c6b0"},"headline":"Perinatal M\u0259rk\u0259zin ke\u00e7mi\u015f direktoru 7 u\u015fa\u011f\u0131n \u00f6l\u00fcm\u00fc il\u0259 n\u0259tic\u0259l\u0259n\u0259n yan\u011f\u0131na g\u00f6r\u0259 \u00f6z\u00fcn\u00fc t\u0259qsirli bilm\u0259yib","datePublished":"2025-03-03T12:11:45+00:00","dateModified":"2025-03-03T12:11:47+00:00","mainEntityOfPage":{"@id":"https:\/\/www.meydan.tv\/az\/article\/perinatal-m%c9%99rk%c9%99zin-kecmis-direktoru-7-usagin-olumu-il%c9%99-n%c9%99tic%c9%99l%c9%99n%c9%99n-yangina-gor%c9%99-ozunu-t%c9%99qsirli-bilm%c9%99yib\/"},"wordCount":1055,"publisher":{"@id":"https:\/\/www.meydan.tv\/az\/#organization"},"image":{"@id":"https:\/\/www.meydan.tv\/az\/article\/perinatal-m%c9%99rk%c9%99zin-kecmis-direktoru-7-usagin-olumu-il%c9%99-n%c9%99tic%c9%99l%c9%99n%c9%99n-yangina-gor%c9%99-ozunu-t%c9%99qsirli-bilm%c9%99yib\/#primaryimage"},"thumbnailUrl":"https:\/\/www.meydan.tv\/wp-content\/uploads\/1704893754_olask.jpg","articleSection":["Sosial","T\u00f6vsiy\u0259","X\u0259b\u0259rl\u0259r"],"inLanguage":"az"},{"@type":"WebPage","@id":"https:\/\/www.meydan.tv\/az\/article\/perinatal-m%c9%99rk%c9%99zin-kecmis-direktoru-7-usagin-olumu-il%c9%99-n%c9%99tic%c9%99l%c9%99n%c9%99n-yangina-gor%c9%99-ozunu-t%c9%99qsirli-bilm%c9%99yib\/","url":"https:\/\/www.meydan.tv\/az\/article\/perinatal-m%c9%99rk%c9%99zin-kecmis-direktoru-7-usagin-olumu-il%c9%99-n%c9%99tic%c9%99l%c9%99n%c9%99n-yangina-gor%c9%99-ozunu-t%c9%99qsirli-bilm%c9%99yib\/","name":"Perinatal M\u0259rk\u0259zin ke\u00e7mi\u015f direktoru 7 u\u015fa\u011f\u0131n \u00f6l\u00fcm\u00fc il\u0259 n\u0259tic\u0259l\u0259n\u0259n yan\u011f\u0131na g\u00f6r\u0259 \u00f6z\u00fcn\u00fc t\u0259qsirli bilm\u0259yib - MEYDAN.TV","isPartOf":{"@id":"https:\/\/www.meydan.tv\/az\/#website"},"primaryImageOfPage":{"@id":"https:\/\/www.meydan.tv\/az\/article\/perinatal-m%c9%99rk%c9%99zin-kecmis-direktoru-7-usagin-olumu-il%c9%99-n%c9%99tic%c9%99l%c9%99n%c9%99n-yangina-gor%c9%99-ozunu-t%c9%99qsirli-bilm%c9%99yib\/#primaryimage"},"image":{"@id":"https:\/\/www.meydan.tv\/az\/article\/perinatal-m%c9%99rk%c9%99zin-kecmis-direktoru-7-usagin-olumu-il%c9%99-n%c9%99tic%c9%99l%c9%99n%c9%99n-yangina-gor%c9%99-ozunu-t%c9%99qsirli-bilm%c9%99yib\/#primaryimage"},"thumbnailUrl":"https:\/\/www.meydan.tv\/wp-content\/uploads\/1704893754_olask.jpg","datePublished":"2025-03-03T12:11:45+00:00","dateModified":"2025-03-03T12:11:47+00:00","breadcrumb":{"@id":"https:\/\/www.meydan.tv\/az\/article\/perinatal-m%c9%99rk%c9%99zin-kecmis-direktoru-7-usagin-olumu-il%c9%99-n%c9%99tic%c9%99l%c9%99n%c9%99n-yangina-gor%c9%99-ozunu-t%c9%99qsirli-bilm%c9%99yib\/#breadcrumb"},"inLanguage":"az","potentialAction":[{"@type":"ReadAction","target":["https:\/\/www.meydan.tv\/az\/article\/perinatal-m%c9%99rk%c9%99zin-kecmis-direktoru-7-usagin-olumu-il%c9%99-n%c9%99tic%c9%99l%c9%99n%c9%99n-yangina-gor%c9%99-ozunu-t%c9%99qsirli-bilm%c9%99yib\/"]}]},{"@type":"ImageObject","inLanguage":"az","@id":"https:\/\/www.meydan.tv\/az\/article\/perinatal-m%c9%99rk%c9%99zin-kecmis-direktoru-7-usagin-olumu-il%c9%99-n%c9%99tic%c9%99l%c9%99n%c9%99n-yangina-gor%c9%99-ozunu-t%c9%99qsirli-bilm%c9%99yib\/#primaryimage","url":"https:\/\/www.meydan.tv\/wp-content\/uploads\/1704893754_olask.jpg","contentUrl":"https:\/\/www.meydan.tv\/wp-content\/uploads\/1704893754_olask.jpg","width":1200,"height":775,"caption":"Respublika Perinatal M\u0259rk\u0259zi. Foto: Meydan TV"},{"@type":"BreadcrumbList","@id":"https:\/\/www.meydan.tv\/az\/article\/perinatal-m%c9%99rk%c9%99zin-kecmis-direktoru-7-usagin-olumu-il%c9%99-n%c9%99tic%c9%99l%c9%99n%c9%99n-yangina-gor%c9%99-ozunu-t%c9%99qsirli-bilm%c9%99yib\/#breadcrumb","itemListElement":[{"@type":"ListItem","position":1,"name":"Ana s\u0259hif\u0259","item":"https:\/\/www.meydan.tv\/az\/"},{"@type":"ListItem","position":2,"name":"Sosial","item":"https:\/\/www.meydan.tv\/az\/section\/sosial\/"},{"@type":"ListItem","position":3,"name":"Perinatal M\u0259rk\u0259zin ke\u00e7mi\u015f direktoru 7 u\u015fa\u011f\u0131n \u00f6l\u00fcm\u00fc il\u0259 n\u0259tic\u0259l\u0259n\u0259n yan\u011f\u0131na g\u00f6r\u0259 \u00f6z\u00fcn\u00fc t\u0259qsirli bilm\u0259yib"}]},{"@type":"WebSite","@id":"https:\/\/www.meydan.tv\/az\/#website","url":"https:\/\/www.meydan.tv\/az\/","name":"MEYDAN.TV","description":"Meydan TV Az\u0259rbaycan\u0131n media m\u0259kan\u0131ndak\u0131 alternativ s\u0259sidir","publisher":{"@id":"https:\/\/www.meydan.tv\/az\/#organization"},"potentialAction":[{"@type":"SearchAction","target":{"@type":"EntryPoint","urlTemplate":"https:\/\/www.meydan.tv\/az\/?s={search_term_string}"},"query-input":{"@type":"PropertyValueSpecification","valueRequired":true,"valueName":"search_term_string"}}],"inLanguage":"az"},{"@type":"Organization","@id":"https:\/\/www.meydan.tv\/az\/#organization","name":"Meydan TV","url":"https:\/\/www.meydan.tv\/az\/","logo":{"@type":"ImageObject","inLanguage":"az","@id":"https:\/\/www.meydan.tv\/az\/#\/schema\/logo\/image\/","url":"https:\/\/www.meydan.tv\/wp-content\/uploads\/2021\/07\/meydan-logo.svg","contentUrl":"https:\/\/www.meydan.tv\/wp-content\/uploads\/2021\/07\/meydan-logo.svg","width":195,"height":46,"caption":"Meydan TV"},"image":{"@id":"https:\/\/www.meydan.tv\/az\/#\/schema\/logo\/image\/"}},{"@type":"Person","@id":"https:\/\/www.meydan.tv\/az\/#\/schema\/person\/09863e516102a829e72bedcf3f84c6b0","name":"mahmud"}]}},"_links":{"self":[{"href":"https:\/\/www.meydan.tv\/az\/wp-json\/wp\/v2\/posts\/327137","targetHints":{"allow":["GET"]}}],"collection":[{"href":"https:\/\/www.meydan.tv\/az\/wp-json\/wp\/v2\/posts"}],"about":[{"href":"https:\/\/www.meydan.tv\/az\/wp-json\/wp\/v2\/types\/post"}],"author":[{"embeddable":true,"href":"https:\/\/www.meydan.tv\/az\/wp-json\/wp\/v2\/users\/21"}],"replies":[{"embeddable":true,"href":"https:\/\/www.meydan.tv\/az\/wp-json\/wp\/v2\/comments?post=327137"}],"version-history":[{"count":1,"href":"https:\/\/www.meydan.tv\/az\/wp-json\/wp\/v2\/posts\/327137\/revisions"}],"predecessor-version":[{"id":327138,"href":"https:\/\/www.meydan.tv\/az\/wp-json\/wp\/v2\/posts\/327137\/revisions\/327138"}],"wp:featuredmedia":[{"embeddable":true,"href":"https:\/\/www.meydan.tv\/az\/wp-json\/wp\/v2\/media\/295011"}],"wp:attachment":[{"href":"https:\/\/www.meydan.tv\/az\/wp-json\/wp\/v2\/media?parent=327137"}],"wp:term":[{"taxonomy":"category","embeddable":true,"href":"https:\/\/www.meydan.tv\/az\/wp-json\/wp\/v2\/categories?post=327137"},{"taxonomy":"post_tag","embeddable":true,"href":"https:\/\/www.meydan.tv\/az\/wp-json\/wp\/v2\/tags?post=327137"}],"curies":[{"name":"wp","href":"https:\/\/api.w.org\/{rel}","templated":true}]}}