{"id":327134,"date":"2025-03-03T15:51:38","date_gmt":"2025-03-03T11:51:38","guid":{"rendered":"https:\/\/www.meydan.tv\/?p=327134"},"modified":"2025-03-03T17:36:37","modified_gmt":"2025-03-03T13:36:37","slug":"bloger-7-il-azadliqdan-m%c9%99hrum-edilib","status":"publish","type":"post","link":"https:\/\/www.meydan.tv\/az\/article\/bloger-7-il-azadliqdan-m%c9%99hrum-edilib\/","title":{"rendered":"Bloger 7 il azadl\u0131qdan m\u0259hrum edilib"},"content":{"rendered":"\n<p><\/p>\n\n\n\n<p><strong><em>O, Tovuzda m\u0259d\u0259niyy\u0259t i\u015f\u00e7il\u0259rin\u0259 k\u00fc\u00e7\u0259 t\u0259mizl\u0259tdirilm\u0259si bar\u0259d\u0259 video ictimail\u0259\u015f\u0259nd\u0259n sonra DTX t\u0259r\u0259find\u0259n saxlan\u0131lm\u0131\u015fd\u0131<\/em><\/strong><\/p>\n\n\n\n<p>G\u0259nc\u0259 A\u011f\u0131r Cinay\u0259tl\u0259r M\u0259hk\u0259m\u0259sinin q\u0259rar\u0131 il\u0259 bloger Arzu Sayado\u011fluna (M\u0259mm\u0259dova) 7 il h\u0259bs c\u0259zas\u0131 k\u0259silib.<\/p>\n\n\n\n<p>O, Cinay\u0259t M\u0259c\u0259ll\u0259sinin 182.2.4-c\u00fc (h\u0259d\u0259-qorxu il\u0259 t\u0259l\u0259b etm\u0259, xeyli miqdarda \u0259mlak \u0259ld\u0259 etm\u0259k m\u0259qs\u0259di il\u0259 t\u00f6r\u0259dildikd\u0259) madd\u0259si il\u0259 t\u0259qsirli bilinib.<\/p>\n\n\n\n<p>\u0130ddiaya g\u00f6r\u0259, bloger \u0259lind\u0259ki videonu yaymaqdan \u00f6tr\u00fc Tovuz rayon M\u0259d\u0259niyy\u0259t M\u0259rk\u0259zinin direktoru Asif Qas\u0131movdan 6 min manat ist\u0259yib v\u0259 direktor h\u0259min pulu verm\u0259yinc\u0259 A.Sayado\u011flu bu videog\u00f6r\u00fcnt\u00fcl\u0259ri yay\u0131b.<\/p>\n\n\n\n<p>S\u00f6z\u00fcged\u0259n videoda Tovuz M\u0259d\u0259niyy\u0259t M\u0259rk\u0259zinin tabeliyind\u0259ki qurumlarda \u00e7al\u0131\u015fan \u015f\u0259xsl\u0259rin im\u0259ciliy\u0259 c\u0259lb olunmas\u0131ndan b\u0259hs edilir. H\u0259min g\u00f6r\u00fcnt\u00fcl\u0259rd\u0259 m\u0259d\u0259niyy\u0259t i\u015f\u00e7il\u0259ri Nizami ad\u0131na Abdulb\u0259yli k\u0259nd folklor evinin h\u0259y\u0259tyan\u0131 sah\u0259sini, k\u00fc\u00e7\u0259l\u0259ri t\u0259mizl\u0259yir, ot-alaq y\u0131\u011f\u0131r.<\/p>\n\n\n\n<p>\u0130ddia edilir ki, onlara nazirin g\u0259l\u0259c\u0259yi deyilib, imtina ed\u0259nl\u0259r i\u015fd\u0259n \u00e7\u0131xar\u0131lmaqla h\u0259d\u0259l\u0259nib.<\/p>\n\n\n\n<p>Hadis\u0259 2023-c\u00fc il avqustun 7-d\u0259 ba\u015f verib, g\u00f6r\u00fcnt\u00fcl\u0259rs\u0259 iki h\u0259ft\u0259 sonra yay\u0131l\u0131b.<\/p>\n\n\n\n<p>Z\u0259r\u0259r\u00e7\u0259kmi\u015f qismind\u0259 tan\u0131nan Tovuz rayon M\u0259d\u0259niyy\u0259t M\u0259rk\u0259zinin direktoru &nbsp;Asif Qas\u0131mov be\u015f ay sonra \u2013 \u00f6t\u0259n ilin yanvar\u0131nda D\u00f6vl\u0259t T\u0259hl\u00fck\u0259sizliyi Xidm\u0259tin\u0259 \u0259riz\u0259 yazaraq \u015fikay\u0259t\u00e7i olub. O iddia edir ki, im\u0259cilik olan g\u00fcn\u00fcn ikinci yar\u0131s\u0131nda A.Sayado\u011flu m\u0259d\u0259niyy\u0259t i\u015f\u00e7il\u0259rinin k\u00fc\u00e7\u0259ni t\u0259mizl\u0259diyini \u0259ks etdir\u0259n g\u00f6r\u00fcnt\u00fcl\u0259ri g\u00f6st\u0259rib v\u0259 yaymamaqdan \u00f6tr\u00fc 6 min manat ist\u0259s\u0259 d\u0259, pulu verm\u0259kd\u0259n imtina edib.<\/p>\n\n\n\n<p>T\u0259xmin\u0259n yar\u0131may sonra dost-tan\u0131\u015f\u0131ndan h\u0259min g\u00f6r\u00fcnt\u00fcl\u0259rin internet kanallar\u0131nda yay\u0131ld\u0131\u011f\u0131n\u0131 e\u015fidib, \u00f6z\u00fc d\u0259 bax\u0131b:<\/p>\n\n\n\n<p><em>&#8220;Ondan sonra i\u015f\u00e7il\u0259rin ail\u0259 \u00fczvl\u0259ri d\u0259 z\u0259ng edib m\u0259n\u0259 irad tutublar. Tabe oldu\u011fum m\u0259d\u0259niyy\u0259t idar\u0259si v\u0259 nazirlik s\u0259viyy\u0259sind\u0259 d\u0259 h\u0259min videoya g\u00f6r\u0259 sor\u011fu-sual olundum&#8221;.<\/em><\/p>\n\n\n\n<p>A.Sayado\u011flu bildirib ki, A.Qas\u0131mov yalan dan\u0131\u015f\u0131r, ondan 6 min manat t\u0259l\u0259b etm\u0259yib. Siyasi sifari\u015fl\u0259 h\u0259bs edildiyini vur\u011fulayan boqerin s\u00f6zl\u0259rin\u0259 g\u00f6r\u0259, bu \u015f\u0259xsd\u0259n d\u0259 vasit\u0259si kimi istifad\u0259 olunur. O bildirib ki, s\u00f6z\u00fcged\u0259n video ilk d\u0259f\u0259 &#8220;Kanal 13&#8243;d\u0259 yay\u0131mlan\u0131b.<\/p>\n\n\n\n<p><em>&#8220;M\u0259n d\u0259 oradan g\u00f6t\u00fcr\u00fcb \u00f6z kanal\u0131m \u00fc\u00e7\u00fcn video\u00e7arx haz\u0131rlam\u0131\u015fam. M\u0259n bu adamla g\u00f6r\u00fc\u015fm\u0259mi\u015f\u0259m, harada ondan 6 min manat t\u0259l\u0259b el\u0259dim? Tovuzda m\u0259d\u0259niyy\u0259t i\u015f\u00e7il\u0259rin\u0259 k\u00fc\u00e7\u0259 t\u0259mizl\u0259tdirdiyi g\u00fcn g\u00fcnortadan sonra m\u0259n, \u00fcmumiyy\u0259tl\u0259, Tovuzda yox, Bak\u0131da olmu\u015fam. Bu adam ba\u015fdan-aya\u011fa yalan dan\u0131\u015f\u0131r&#8221;,<\/em> &#8211; A.Sayado\u011flu m\u0259hk\u0259m\u0259d\u0259 bel\u0259 deyib.<\/p>\n\n\n\n<p>Yax\u0131nlar\u0131 m\u0259hk\u0259m\u0259nin q\u0259rar\u0131ndan apelyasiya \u015fikay\u0259ti ver\u0259c\u0259kl\u0259rini bildiribl\u0259r.<\/p>\n\n\n\n<p>\u201cYoutube\u201d kanallar\u0131nda h\u00f6kum\u0259ti t\u0259nqid ed\u0259n bloger Arzu Sayado\u011flunu D\u00f6vl\u0259t T\u0259hl\u00fck\u0259sizliyi Xidm\u0259ti (DTX) \u00f6t\u0259n ilin yanvar\u0131nda saxlam\u0131\u015fd\u0131. Yax\u0131nlar\u0131 onun haqq\u0131nda 3 g\u00fcn m\u0259lumat ala bilm\u0259mi\u015fdil\u0259r.<\/p>\n\n\n\n<p>Onu saxlayanlar DTX \u0259m\u0259kda\u015flar\u0131 oldu\u011fu \u00fc\u00e7\u00fcn h\u0259bs q\u0259timkan t\u0259dbiri \u0259razi aidiyy\u0259ti \u00fczr\u0259 S\u0259bail Rayon M\u0259hk\u0259m\u0259sind\u0259 verilmi\u015fdi. &nbsp;<\/p>\n\n\n\n<p>O, \u201cYoutube\u201ddak\u0131 \u201cArzu Sayado\u011flu\u201d adl\u0131 kanal\u0131n r\u0259hb\u0259ri v\u0259 apar\u0131c\u0131s\u0131 olaraq, \u00f6lk\u0259d\u0259ki siyasi v\u0259ziyy\u0259ti, m\u0259mur \u00f6zba\u015f\u0131nal\u0131\u011f\u0131n\u0131 k\u0259skin t\u0259nqid edirdi.<\/p>\n\n\n\n<p>H\u0259bsind\u0259n \u0259vv\u0259l sonuncu d\u0259f\u0259 Arzu Sayado\u011flu \u00f6z kanal\u0131nda yox, \u201cAzad s\u00f6z\u201d kanal\u0131nda \u00e7\u0131x\u0131\u015f edib, t\u0259nqidi fikirl\u0259rl\u0259 yana\u015f\u0131, h\u0259m d\u0259 insanlar\u0131 susmama\u011fa, dinc etirazlara s\u0259sl\u0259yib. Bundan sonra is\u0259 o, yoxa \u00e7\u0131x\u0131b.<\/p>\n\n\n\n<p>Arzu Sayado\u011flu h\u0259bsind\u0259n \u0259vv\u0259l  \u201cXalqa xidm\u0259t h\u0259r\u0259kat\u0131\u201d yarad\u0131ld\u0131\u011f\u0131n\u0131 v\u0259 bu t\u0259\u015fkilat\u0131n r\u0259hb\u0259ri oldu\u011funu b\u0259yan etmi\u015fdi.<\/p>\n","protected":false},"excerpt":{"rendered":"<p>O, Tovuzda m\u0259d\u0259niyy\u0259t i\u015f\u00e7il\u0259rin\u0259 k\u00fc\u00e7\u0259 t\u0259mizl\u0259tdirilm\u0259si bar\u0259d\u0259 video ictimail\u0259\u015f\u0259nd\u0259n sonra &#8230; <\/p>\n<p class=\"read-more-container\"><a title=\"Bloger 7 il azadl\u0131qdan m\u0259hrum edilib\" class=\"read-more button\" href=\"https:\/\/www.meydan.tv\/az\/article\/bloger-7-il-azadliqdan-m%c9%99hrum-edilib\/#more-327134\" aria-label=\"Read more about Bloger 7 il azadl\u0131qdan m\u0259hrum edilib\">Davam\u0131<\/a><\/p>\n","protected":false},"author":21,"featured_media":327152,"comment_status":"closed","ping_status":"closed","sticky":false,"template":"","format":"standard","meta":{"_acf_changed":false,"_sitemap_exclude":false,"_sitemap_priority":"","_sitemap_frequency":"","footnotes":""},"categories":[59,79,56],"tags":[],"class_list":["post-327134","post","type-post","status-publish","format-standard","has-post-thumbnail","hentry","category-siyaset","category-featured","category-xeberler","infinite-scroll-item","generate-columns","tablet-grid-50","mobile-grid-100","grid-parent","grid-33","no-featured-image-padding"],"acf":[],"yoast_head":"<!-- This site is optimized with the Yoast SEO plugin v27.5 - https:\/\/yoast.com\/product\/yoast-seo-wordpress\/ -->\n<title>Bloger 7 il azadl\u0131qdan m\u0259hrum edilib - MEYDAN.TV<\/title>\n<meta name=\"robots\" content=\"index, follow, max-snippet:-1, max-image-preview:large, max-video-preview:-1\" \/>\n<link rel=\"canonical\" href=\"https:\/\/www.meydan.tv\/az\/article\/bloger-7-il-azadliqdan-m%c9%99hrum-edilib\/\" \/>\n<meta property=\"og:locale\" content=\"az_AZ\" \/>\n<meta property=\"og:type\" content=\"article\" \/>\n<meta property=\"og:title\" content=\"Bloger 7 il azadl\u0131qdan m\u0259hrum edilib - MEYDAN.TV\" \/>\n<meta property=\"og:description\" content=\"O, Tovuzda m\u0259d\u0259niyy\u0259t i\u015f\u00e7il\u0259rin\u0259 k\u00fc\u00e7\u0259 t\u0259mizl\u0259tdirilm\u0259si bar\u0259d\u0259 video ictimail\u0259\u015f\u0259nd\u0259n sonra ... Davam\u0131\" \/>\n<meta property=\"og:url\" content=\"https:\/\/www.meydan.tv\/az\/article\/bloger-7-il-azadliqdan-m%c9%99hrum-edilib\/\" \/>\n<meta property=\"og:site_name\" content=\"MEYDAN.TV\" \/>\n<meta property=\"article:published_time\" content=\"2025-03-03T11:51:38+00:00\" \/>\n<meta property=\"article:modified_time\" content=\"2025-03-03T13:36:37+00:00\" \/>\n<meta property=\"og:image\" content=\"https:\/\/www.meydan.tv\/wp-content\/uploads\/0432.png\" \/>\n\t<meta property=\"og:image:width\" content=\"1179\" \/>\n\t<meta property=\"og:image:height\" content=\"576\" \/>\n\t<meta property=\"og:image:type\" content=\"image\/png\" \/>\n<meta name=\"author\" content=\"mahmud\" \/>\n<meta name=\"twitter:card\" content=\"summary_large_image\" \/>\n<script type=\"application\/ld+json\" class=\"yoast-schema-graph\">{\"@context\":\"https:\\\/\\\/schema.org\",\"@graph\":[{\"@type\":\"Article\",\"@id\":\"https:\\\/\\\/www.meydan.tv\\\/az\\\/article\\\/bloger-7-il-azadliqdan-m%c9%99hrum-edilib\\\/#article\",\"isPartOf\":{\"@id\":\"https:\\\/\\\/www.meydan.tv\\\/az\\\/article\\\/bloger-7-il-azadliqdan-m%c9%99hrum-edilib\\\/\"},\"author\":{\"name\":\"mahmud\",\"@id\":\"https:\\\/\\\/www.meydan.tv\\\/az\\\/#\\\/schema\\\/person\\\/09863e516102a829e72bedcf3f84c6b0\"},\"headline\":\"Bloger 7 il azadl\u0131qdan m\u0259hrum edilib\",\"datePublished\":\"2025-03-03T11:51:38+00:00\",\"dateModified\":\"2025-03-03T13:36:37+00:00\",\"mainEntityOfPage\":{\"@id\":\"https:\\\/\\\/www.meydan.tv\\\/az\\\/article\\\/bloger-7-il-azadliqdan-m%c9%99hrum-edilib\\\/\"},\"wordCount\":755,\"publisher\":{\"@id\":\"https:\\\/\\\/www.meydan.tv\\\/az\\\/#organization\"},\"image\":{\"@id\":\"https:\\\/\\\/www.meydan.tv\\\/az\\\/article\\\/bloger-7-il-azadliqdan-m%c9%99hrum-edilib\\\/#primaryimage\"},\"thumbnailUrl\":\"https:\\\/\\\/www.meydan.tv\\\/wp-content\\\/uploads\\\/0432.png\",\"articleSection\":[\"Siyas\u0259t\",\"T\u00f6vsiy\u0259\",\"X\u0259b\u0259rl\u0259r\"],\"inLanguage\":\"az\"},{\"@type\":\"WebPage\",\"@id\":\"https:\\\/\\\/www.meydan.tv\\\/az\\\/article\\\/bloger-7-il-azadliqdan-m%c9%99hrum-edilib\\\/\",\"url\":\"https:\\\/\\\/www.meydan.tv\\\/az\\\/article\\\/bloger-7-il-azadliqdan-m%c9%99hrum-edilib\\\/\",\"name\":\"Bloger 7 il azadl\u0131qdan m\u0259hrum edilib - MEYDAN.TV\",\"isPartOf\":{\"@id\":\"https:\\\/\\\/www.meydan.tv\\\/az\\\/#website\"},\"primaryImageOfPage\":{\"@id\":\"https:\\\/\\\/www.meydan.tv\\\/az\\\/article\\\/bloger-7-il-azadliqdan-m%c9%99hrum-edilib\\\/#primaryimage\"},\"image\":{\"@id\":\"https:\\\/\\\/www.meydan.tv\\\/az\\\/article\\\/bloger-7-il-azadliqdan-m%c9%99hrum-edilib\\\/#primaryimage\"},\"thumbnailUrl\":\"https:\\\/\\\/www.meydan.tv\\\/wp-content\\\/uploads\\\/0432.png\",\"datePublished\":\"2025-03-03T11:51:38+00:00\",\"dateModified\":\"2025-03-03T13:36:37+00:00\",\"breadcrumb\":{\"@id\":\"https:\\\/\\\/www.meydan.tv\\\/az\\\/article\\\/bloger-7-il-azadliqdan-m%c9%99hrum-edilib\\\/#breadcrumb\"},\"inLanguage\":\"az\",\"potentialAction\":[{\"@type\":\"ReadAction\",\"target\":[\"https:\\\/\\\/www.meydan.tv\\\/az\\\/article\\\/bloger-7-il-azadliqdan-m%c9%99hrum-edilib\\\/\"]}]},{\"@type\":\"ImageObject\",\"inLanguage\":\"az\",\"@id\":\"https:\\\/\\\/www.meydan.tv\\\/az\\\/article\\\/bloger-7-il-azadliqdan-m%c9%99hrum-edilib\\\/#primaryimage\",\"url\":\"https:\\\/\\\/www.meydan.tv\\\/wp-content\\\/uploads\\\/0432.png\",\"contentUrl\":\"https:\\\/\\\/www.meydan.tv\\\/wp-content\\\/uploads\\\/0432.png\",\"width\":1179,\"height\":576,\"caption\":\"Foto: Arzu Sayado\u011flunun \u015f\u0259xsi arxivind\u0259n\"},{\"@type\":\"BreadcrumbList\",\"@id\":\"https:\\\/\\\/www.meydan.tv\\\/az\\\/article\\\/bloger-7-il-azadliqdan-m%c9%99hrum-edilib\\\/#breadcrumb\",\"itemListElement\":[{\"@type\":\"ListItem\",\"position\":1,\"name\":\"Ana s\u0259hif\u0259\",\"item\":\"https:\\\/\\\/www.meydan.tv\\\/az\\\/\"},{\"@type\":\"ListItem\",\"position\":2,\"name\":\"Siyas\u0259t\",\"item\":\"https:\\\/\\\/www.meydan.tv\\\/az\\\/section\\\/siyaset\\\/\"},{\"@type\":\"ListItem\",\"position\":3,\"name\":\"Bloger 7 il azadl\u0131qdan m\u0259hrum edilib\"}]},{\"@type\":\"WebSite\",\"@id\":\"https:\\\/\\\/www.meydan.tv\\\/az\\\/#website\",\"url\":\"https:\\\/\\\/www.meydan.tv\\\/az\\\/\",\"name\":\"MEYDAN.TV\",\"description\":\"Meydan TV Az\u0259rbaycan\u0131n media m\u0259kan\u0131ndak\u0131 alternativ s\u0259sidir\",\"publisher\":{\"@id\":\"https:\\\/\\\/www.meydan.tv\\\/az\\\/#organization\"},\"potentialAction\":[{\"@type\":\"SearchAction\",\"target\":{\"@type\":\"EntryPoint\",\"urlTemplate\":\"https:\\\/\\\/www.meydan.tv\\\/az\\\/?s={search_term_string}\"},\"query-input\":{\"@type\":\"PropertyValueSpecification\",\"valueRequired\":true,\"valueName\":\"search_term_string\"}}],\"inLanguage\":\"az\"},{\"@type\":\"Organization\",\"@id\":\"https:\\\/\\\/www.meydan.tv\\\/az\\\/#organization\",\"name\":\"Meydan TV\",\"url\":\"https:\\\/\\\/www.meydan.tv\\\/az\\\/\",\"logo\":{\"@type\":\"ImageObject\",\"inLanguage\":\"az\",\"@id\":\"https:\\\/\\\/www.meydan.tv\\\/az\\\/#\\\/schema\\\/logo\\\/image\\\/\",\"url\":\"https:\\\/\\\/www.meydan.tv\\\/wp-content\\\/uploads\\\/2021\\\/07\\\/meydan-logo.svg\",\"contentUrl\":\"https:\\\/\\\/www.meydan.tv\\\/wp-content\\\/uploads\\\/2021\\\/07\\\/meydan-logo.svg\",\"width\":195,\"height\":46,\"caption\":\"Meydan TV\"},\"image\":{\"@id\":\"https:\\\/\\\/www.meydan.tv\\\/az\\\/#\\\/schema\\\/logo\\\/image\\\/\"}},{\"@type\":\"Person\",\"@id\":\"https:\\\/\\\/www.meydan.tv\\\/az\\\/#\\\/schema\\\/person\\\/09863e516102a829e72bedcf3f84c6b0\",\"name\":\"mahmud\"}]}<\/script>\n<!-- \/ Yoast SEO plugin. -->","yoast_head_json":{"title":"Bloger 7 il azadl\u0131qdan m\u0259hrum edilib - MEYDAN.TV","robots":{"index":"index","follow":"follow","max-snippet":"max-snippet:-1","max-image-preview":"max-image-preview:large","max-video-preview":"max-video-preview:-1"},"canonical":"https:\/\/www.meydan.tv\/az\/article\/bloger-7-il-azadliqdan-m%c9%99hrum-edilib\/","og_locale":"az_AZ","og_type":"article","og_title":"Bloger 7 il azadl\u0131qdan m\u0259hrum edilib - MEYDAN.TV","og_description":"O, Tovuzda m\u0259d\u0259niyy\u0259t i\u015f\u00e7il\u0259rin\u0259 k\u00fc\u00e7\u0259 t\u0259mizl\u0259tdirilm\u0259si bar\u0259d\u0259 video ictimail\u0259\u015f\u0259nd\u0259n sonra ... Davam\u0131","og_url":"https:\/\/www.meydan.tv\/az\/article\/bloger-7-il-azadliqdan-m%c9%99hrum-edilib\/","og_site_name":"MEYDAN.TV","article_published_time":"2025-03-03T11:51:38+00:00","article_modified_time":"2025-03-03T13:36:37+00:00","og_image":[{"width":1179,"height":576,"url":"https:\/\/www.meydan.tv\/wp-content\/uploads\/0432.png","type":"image\/png"}],"author":"mahmud","twitter_card":"summary_large_image","schema":{"@context":"https:\/\/schema.org","@graph":[{"@type":"Article","@id":"https:\/\/www.meydan.tv\/az\/article\/bloger-7-il-azadliqdan-m%c9%99hrum-edilib\/#article","isPartOf":{"@id":"https:\/\/www.meydan.tv\/az\/article\/bloger-7-il-azadliqdan-m%c9%99hrum-edilib\/"},"author":{"name":"mahmud","@id":"https:\/\/www.meydan.tv\/az\/#\/schema\/person\/09863e516102a829e72bedcf3f84c6b0"},"headline":"Bloger 7 il azadl\u0131qdan m\u0259hrum edilib","datePublished":"2025-03-03T11:51:38+00:00","dateModified":"2025-03-03T13:36:37+00:00","mainEntityOfPage":{"@id":"https:\/\/www.meydan.tv\/az\/article\/bloger-7-il-azadliqdan-m%c9%99hrum-edilib\/"},"wordCount":755,"publisher":{"@id":"https:\/\/www.meydan.tv\/az\/#organization"},"image":{"@id":"https:\/\/www.meydan.tv\/az\/article\/bloger-7-il-azadliqdan-m%c9%99hrum-edilib\/#primaryimage"},"thumbnailUrl":"https:\/\/www.meydan.tv\/wp-content\/uploads\/0432.png","articleSection":["Siyas\u0259t","T\u00f6vsiy\u0259","X\u0259b\u0259rl\u0259r"],"inLanguage":"az"},{"@type":"WebPage","@id":"https:\/\/www.meydan.tv\/az\/article\/bloger-7-il-azadliqdan-m%c9%99hrum-edilib\/","url":"https:\/\/www.meydan.tv\/az\/article\/bloger-7-il-azadliqdan-m%c9%99hrum-edilib\/","name":"Bloger 7 il azadl\u0131qdan m\u0259hrum edilib - MEYDAN.TV","isPartOf":{"@id":"https:\/\/www.meydan.tv\/az\/#website"},"primaryImageOfPage":{"@id":"https:\/\/www.meydan.tv\/az\/article\/bloger-7-il-azadliqdan-m%c9%99hrum-edilib\/#primaryimage"},"image":{"@id":"https:\/\/www.meydan.tv\/az\/article\/bloger-7-il-azadliqdan-m%c9%99hrum-edilib\/#primaryimage"},"thumbnailUrl":"https:\/\/www.meydan.tv\/wp-content\/uploads\/0432.png","datePublished":"2025-03-03T11:51:38+00:00","dateModified":"2025-03-03T13:36:37+00:00","breadcrumb":{"@id":"https:\/\/www.meydan.tv\/az\/article\/bloger-7-il-azadliqdan-m%c9%99hrum-edilib\/#breadcrumb"},"inLanguage":"az","potentialAction":[{"@type":"ReadAction","target":["https:\/\/www.meydan.tv\/az\/article\/bloger-7-il-azadliqdan-m%c9%99hrum-edilib\/"]}]},{"@type":"ImageObject","inLanguage":"az","@id":"https:\/\/www.meydan.tv\/az\/article\/bloger-7-il-azadliqdan-m%c9%99hrum-edilib\/#primaryimage","url":"https:\/\/www.meydan.tv\/wp-content\/uploads\/0432.png","contentUrl":"https:\/\/www.meydan.tv\/wp-content\/uploads\/0432.png","width":1179,"height":576,"caption":"Foto: Arzu Sayado\u011flunun \u015f\u0259xsi arxivind\u0259n"},{"@type":"BreadcrumbList","@id":"https:\/\/www.meydan.tv\/az\/article\/bloger-7-il-azadliqdan-m%c9%99hrum-edilib\/#breadcrumb","itemListElement":[{"@type":"ListItem","position":1,"name":"Ana s\u0259hif\u0259","item":"https:\/\/www.meydan.tv\/az\/"},{"@type":"ListItem","position":2,"name":"Siyas\u0259t","item":"https:\/\/www.meydan.tv\/az\/section\/siyaset\/"},{"@type":"ListItem","position":3,"name":"Bloger 7 il azadl\u0131qdan m\u0259hrum edilib"}]},{"@type":"WebSite","@id":"https:\/\/www.meydan.tv\/az\/#website","url":"https:\/\/www.meydan.tv\/az\/","name":"MEYDAN.TV","description":"Meydan TV Az\u0259rbaycan\u0131n media m\u0259kan\u0131ndak\u0131 alternativ s\u0259sidir","publisher":{"@id":"https:\/\/www.meydan.tv\/az\/#organization"},"potentialAction":[{"@type":"SearchAction","target":{"@type":"EntryPoint","urlTemplate":"https:\/\/www.meydan.tv\/az\/?s={search_term_string}"},"query-input":{"@type":"PropertyValueSpecification","valueRequired":true,"valueName":"search_term_string"}}],"inLanguage":"az"},{"@type":"Organization","@id":"https:\/\/www.meydan.tv\/az\/#organization","name":"Meydan TV","url":"https:\/\/www.meydan.tv\/az\/","logo":{"@type":"ImageObject","inLanguage":"az","@id":"https:\/\/www.meydan.tv\/az\/#\/schema\/logo\/image\/","url":"https:\/\/www.meydan.tv\/wp-content\/uploads\/2021\/07\/meydan-logo.svg","contentUrl":"https:\/\/www.meydan.tv\/wp-content\/uploads\/2021\/07\/meydan-logo.svg","width":195,"height":46,"caption":"Meydan TV"},"image":{"@id":"https:\/\/www.meydan.tv\/az\/#\/schema\/logo\/image\/"}},{"@type":"Person","@id":"https:\/\/www.meydan.tv\/az\/#\/schema\/person\/09863e516102a829e72bedcf3f84c6b0","name":"mahmud"}]}},"_links":{"self":[{"href":"https:\/\/www.meydan.tv\/az\/wp-json\/wp\/v2\/posts\/327134","targetHints":{"allow":["GET"]}}],"collection":[{"href":"https:\/\/www.meydan.tv\/az\/wp-json\/wp\/v2\/posts"}],"about":[{"href":"https:\/\/www.meydan.tv\/az\/wp-json\/wp\/v2\/types\/post"}],"author":[{"embeddable":true,"href":"https:\/\/www.meydan.tv\/az\/wp-json\/wp\/v2\/users\/21"}],"replies":[{"embeddable":true,"href":"https:\/\/www.meydan.tv\/az\/wp-json\/wp\/v2\/comments?post=327134"}],"version-history":[{"count":1,"href":"https:\/\/www.meydan.tv\/az\/wp-json\/wp\/v2\/posts\/327134\/revisions"}],"predecessor-version":[{"id":327135,"href":"https:\/\/www.meydan.tv\/az\/wp-json\/wp\/v2\/posts\/327134\/revisions\/327135"}],"wp:featuredmedia":[{"embeddable":true,"href":"https:\/\/www.meydan.tv\/az\/wp-json\/wp\/v2\/media\/327152"}],"wp:attachment":[{"href":"https:\/\/www.meydan.tv\/az\/wp-json\/wp\/v2\/media?parent=327134"}],"wp:term":[{"taxonomy":"category","embeddable":true,"href":"https:\/\/www.meydan.tv\/az\/wp-json\/wp\/v2\/categories?post=327134"},{"taxonomy":"post_tag","embeddable":true,"href":"https:\/\/www.meydan.tv\/az\/wp-json\/wp\/v2\/tags?post=327134"}],"curies":[{"name":"wp","href":"https:\/\/api.w.org\/{rel}","templated":true}]}}