{"id":327122,"date":"2025-03-03T14:51:36","date_gmt":"2025-03-03T10:51:36","guid":{"rendered":"https:\/\/www.meydan.tv\/?p=327122"},"modified":"2025-03-03T21:09:39","modified_gmt":"2025-03-03T17:09:39","slug":"az%c9%99rbaycanda-siqaretin-qiym%c9%99tinin-bahalasdigi-deyilir","status":"publish","type":"post","link":"https:\/\/www.meydan.tv\/az\/article\/az%c9%99rbaycanda-siqaretin-qiym%c9%99tinin-bahalasdigi-deyilir\/","title":{"rendered":"Az\u0259rbaycanda siqaretin qiym\u0259tinin bahala\u015fd\u0131\u011f\u0131 deyilir"},"content":{"rendered":"\n<p><\/p>\n\n\n\n<p><em><strong>Bildirilib ki, bu bar\u0259d\u0259 siqaret sat\u0131\u015f\u0131 il\u0259 m\u0259\u015f\u011ful olan \u015firk\u0259tl\u0259r m\u0259lumat verib<\/strong><\/em><\/p>\n\n\n\n<p>Bu g\u00fcnd\u0259n Az\u0259rbaycanda b\u0259zi t\u00fct\u00fcn m\u0259mulatlar\u0131n\u0131n <a href=\"https:\/\/az.trend.az\/azerbaijan\/society\/4012490.html\" target=\"_blank\" rel=\"noreferrer noopener\">qiym\u0259tinin <\/a>bahala\u015fd\u0131\u011f\u0131 bildirilir. <\/p>\n\n\n\n<p>Siqaret sat\u0131\u015f\u0131 il\u0259 m\u0259\u015f\u011ful olan \u015f\u0259xsl\u0259rin verdiyi m\u0259lumata g\u00f6r\u0259, &#8220;LD&#8221;, &#8220;Winston&#8221; v\u0259 &#8220;Sobranie&#8221;nin b\u0259zi \u00e7e\u015fidl\u0259rinin qiym\u0259ti 20 q\u0259pik bahala\u015f\u0131b.<\/p>\n\n\n\n<p>Bildirilib ki, bu bar\u0259d\u0259 siqaret sat\u0131\u015f\u0131 il\u0259 m\u0259\u015f\u011ful olan \u015firk\u0259tl\u0259r onlar\u0131 m\u0259lumatland\u0131r\u0131b.<\/p>\n\n\n\n<p>&#8220;Kent&#8221; markal\u0131 siqaretl\u0259rin d\u0259 qiym\u0259tinin artaca\u011f\u0131 g\u00f6zl\u0259nilir.<\/p>\n\n\n\n<p>\u00d6t\u0259n ilin dekabr\u0131n 27-d\u0259 Vergi M\u0259c\u0259ll\u0259sin\u0259 edil\u0259n d\u0259yi\u015fiklikl\u0259r\u0259 \u0259sas\u0259n, t\u00fct\u00fcn v\u0259 bu q\u0259bild\u0259n olan m\u0259hsullara t\u0259tbiq edil\u0259n aksiz d\u0259r\u0259c\u0259l\u0259ri art\u0131r\u0131lm\u0131\u015fd\u0131. <\/p>\n\n\n\n<p>2025-ci ilin yanvar ay\u0131ndan etibar\u0259n aksiz r\u00fcsumlar\u0131n\u0131n art\u0131r\u0131lmas\u0131 q\u00fcvv\u0259y\u0259 mindi.&nbsp;<\/p>\n","protected":false},"excerpt":{"rendered":"<p>Bildirilib ki, bu bar\u0259d\u0259 siqaret sat\u0131\u015f\u0131 il\u0259 m\u0259\u015f\u011ful olan \u015firk\u0259tl\u0259r &#8230; <\/p>\n<p class=\"read-more-container\"><a title=\"Az\u0259rbaycanda siqaretin qiym\u0259tinin bahala\u015fd\u0131\u011f\u0131 deyilir\" class=\"read-more button\" href=\"https:\/\/www.meydan.tv\/az\/article\/az%c9%99rbaycanda-siqaretin-qiym%c9%99tinin-bahalasdigi-deyilir\/#more-327122\" aria-label=\"Read more about Az\u0259rbaycanda siqaretin qiym\u0259tinin bahala\u015fd\u0131\u011f\u0131 deyilir\">Davam\u0131<\/a><\/p>\n","protected":false},"author":21,"featured_media":66866,"comment_status":"closed","ping_status":"closed","sticky":false,"template":"","format":"standard","meta":{"_acf_changed":false,"_sitemap_exclude":false,"_sitemap_priority":"","_sitemap_frequency":"","footnotes":""},"categories":[62,56],"tags":[],"class_list":["post-327122","post","type-post","status-publish","format-standard","has-post-thumbnail","hentry","category-sosial","category-xeberler","infinite-scroll-item","generate-columns","tablet-grid-50","mobile-grid-100","grid-parent","grid-33","no-featured-image-padding"],"acf":[],"yoast_head":"<!-- This site is optimized with the Yoast SEO plugin v27.4 - https:\/\/yoast.com\/product\/yoast-seo-wordpress\/ -->\n<title>Az\u0259rbaycanda siqaretin qiym\u0259tinin bahala\u015fd\u0131\u011f\u0131 deyilir - MEYDAN.TV<\/title>\n<meta name=\"robots\" content=\"index, follow, max-snippet:-1, max-image-preview:large, max-video-preview:-1\" \/>\n<link rel=\"canonical\" href=\"https:\/\/www.meydan.tv\/az\/article\/az%c9%99rbaycanda-siqaretin-qiym%c9%99tinin-bahalasdigi-deyilir\/\" \/>\n<meta property=\"og:locale\" content=\"az_AZ\" \/>\n<meta property=\"og:type\" content=\"article\" \/>\n<meta property=\"og:title\" content=\"Az\u0259rbaycanda siqaretin qiym\u0259tinin bahala\u015fd\u0131\u011f\u0131 deyilir - MEYDAN.TV\" \/>\n<meta property=\"og:description\" content=\"Bildirilib ki, bu bar\u0259d\u0259 siqaret sat\u0131\u015f\u0131 il\u0259 m\u0259\u015f\u011ful olan \u015firk\u0259tl\u0259r ... Davam\u0131\" \/>\n<meta property=\"og:url\" content=\"https:\/\/www.meydan.tv\/az\/article\/az%c9%99rbaycanda-siqaretin-qiym%c9%99tinin-bahalasdigi-deyilir\/\" \/>\n<meta property=\"og:site_name\" content=\"MEYDAN.TV\" \/>\n<meta property=\"article:published_time\" content=\"2025-03-03T10:51:36+00:00\" \/>\n<meta property=\"article:modified_time\" content=\"2025-03-03T17:09:39+00:00\" \/>\n<meta property=\"og:image\" content=\"https:\/\/www.meydan.tv\/wp-content\/uploads\/25602.jpg\" \/>\n\t<meta property=\"og:image:width\" content=\"800\" \/>\n\t<meta property=\"og:image:height\" content=\"600\" \/>\n\t<meta property=\"og:image:type\" content=\"image\/jpeg\" \/>\n<meta name=\"author\" content=\"mahmud\" \/>\n<meta name=\"twitter:card\" content=\"summary_large_image\" \/>\n<script type=\"application\/ld+json\" class=\"yoast-schema-graph\">{\"@context\":\"https:\\\/\\\/schema.org\",\"@graph\":[{\"@type\":\"Article\",\"@id\":\"https:\\\/\\\/www.meydan.tv\\\/az\\\/article\\\/az%c9%99rbaycanda-siqaretin-qiym%c9%99tinin-bahalasdigi-deyilir\\\/#article\",\"isPartOf\":{\"@id\":\"https:\\\/\\\/www.meydan.tv\\\/az\\\/article\\\/az%c9%99rbaycanda-siqaretin-qiym%c9%99tinin-bahalasdigi-deyilir\\\/\"},\"author\":{\"name\":\"mahmud\",\"@id\":\"https:\\\/\\\/www.meydan.tv\\\/az\\\/#\\\/schema\\\/person\\\/09863e516102a829e72bedcf3f84c6b0\"},\"headline\":\"Az\u0259rbaycanda siqaretin qiym\u0259tinin bahala\u015fd\u0131\u011f\u0131 deyilir\",\"datePublished\":\"2025-03-03T10:51:36+00:00\",\"dateModified\":\"2025-03-03T17:09:39+00:00\",\"mainEntityOfPage\":{\"@id\":\"https:\\\/\\\/www.meydan.tv\\\/az\\\/article\\\/az%c9%99rbaycanda-siqaretin-qiym%c9%99tinin-bahalasdigi-deyilir\\\/\"},\"wordCount\":168,\"publisher\":{\"@id\":\"https:\\\/\\\/www.meydan.tv\\\/az\\\/#organization\"},\"image\":{\"@id\":\"https:\\\/\\\/www.meydan.tv\\\/az\\\/article\\\/az%c9%99rbaycanda-siqaretin-qiym%c9%99tinin-bahalasdigi-deyilir\\\/#primaryimage\"},\"thumbnailUrl\":\"https:\\\/\\\/www.meydan.tv\\\/wp-content\\\/uploads\\\/25602.jpg\",\"articleSection\":[\"Sosial\",\"X\u0259b\u0259rl\u0259r\"],\"inLanguage\":\"az\"},{\"@type\":\"WebPage\",\"@id\":\"https:\\\/\\\/www.meydan.tv\\\/az\\\/article\\\/az%c9%99rbaycanda-siqaretin-qiym%c9%99tinin-bahalasdigi-deyilir\\\/\",\"url\":\"https:\\\/\\\/www.meydan.tv\\\/az\\\/article\\\/az%c9%99rbaycanda-siqaretin-qiym%c9%99tinin-bahalasdigi-deyilir\\\/\",\"name\":\"Az\u0259rbaycanda siqaretin qiym\u0259tinin bahala\u015fd\u0131\u011f\u0131 deyilir - MEYDAN.TV\",\"isPartOf\":{\"@id\":\"https:\\\/\\\/www.meydan.tv\\\/az\\\/#website\"},\"primaryImageOfPage\":{\"@id\":\"https:\\\/\\\/www.meydan.tv\\\/az\\\/article\\\/az%c9%99rbaycanda-siqaretin-qiym%c9%99tinin-bahalasdigi-deyilir\\\/#primaryimage\"},\"image\":{\"@id\":\"https:\\\/\\\/www.meydan.tv\\\/az\\\/article\\\/az%c9%99rbaycanda-siqaretin-qiym%c9%99tinin-bahalasdigi-deyilir\\\/#primaryimage\"},\"thumbnailUrl\":\"https:\\\/\\\/www.meydan.tv\\\/wp-content\\\/uploads\\\/25602.jpg\",\"datePublished\":\"2025-03-03T10:51:36+00:00\",\"dateModified\":\"2025-03-03T17:09:39+00:00\",\"breadcrumb\":{\"@id\":\"https:\\\/\\\/www.meydan.tv\\\/az\\\/article\\\/az%c9%99rbaycanda-siqaretin-qiym%c9%99tinin-bahalasdigi-deyilir\\\/#breadcrumb\"},\"inLanguage\":\"az\",\"potentialAction\":[{\"@type\":\"ReadAction\",\"target\":[\"https:\\\/\\\/www.meydan.tv\\\/az\\\/article\\\/az%c9%99rbaycanda-siqaretin-qiym%c9%99tinin-bahalasdigi-deyilir\\\/\"]}]},{\"@type\":\"ImageObject\",\"inLanguage\":\"az\",\"@id\":\"https:\\\/\\\/www.meydan.tv\\\/az\\\/article\\\/az%c9%99rbaycanda-siqaretin-qiym%c9%99tinin-bahalasdigi-deyilir\\\/#primaryimage\",\"url\":\"https:\\\/\\\/www.meydan.tv\\\/wp-content\\\/uploads\\\/25602.jpg\",\"contentUrl\":\"https:\\\/\\\/www.meydan.tv\\\/wp-content\\\/uploads\\\/25602.jpg\",\"width\":800,\"height\":600,\"caption\":\"Source: arxiv\"},{\"@type\":\"BreadcrumbList\",\"@id\":\"https:\\\/\\\/www.meydan.tv\\\/az\\\/article\\\/az%c9%99rbaycanda-siqaretin-qiym%c9%99tinin-bahalasdigi-deyilir\\\/#breadcrumb\",\"itemListElement\":[{\"@type\":\"ListItem\",\"position\":1,\"name\":\"Ana s\u0259hif\u0259\",\"item\":\"https:\\\/\\\/www.meydan.tv\\\/az\\\/\"},{\"@type\":\"ListItem\",\"position\":2,\"name\":\"Sosial\",\"item\":\"https:\\\/\\\/www.meydan.tv\\\/az\\\/section\\\/sosial\\\/\"},{\"@type\":\"ListItem\",\"position\":3,\"name\":\"Az\u0259rbaycanda siqaretin qiym\u0259tinin bahala\u015fd\u0131\u011f\u0131 deyilir\"}]},{\"@type\":\"WebSite\",\"@id\":\"https:\\\/\\\/www.meydan.tv\\\/az\\\/#website\",\"url\":\"https:\\\/\\\/www.meydan.tv\\\/az\\\/\",\"name\":\"MEYDAN.TV\",\"description\":\"Meydan TV Az\u0259rbaycan\u0131n media m\u0259kan\u0131ndak\u0131 alternativ s\u0259sidir\",\"publisher\":{\"@id\":\"https:\\\/\\\/www.meydan.tv\\\/az\\\/#organization\"},\"potentialAction\":[{\"@type\":\"SearchAction\",\"target\":{\"@type\":\"EntryPoint\",\"urlTemplate\":\"https:\\\/\\\/www.meydan.tv\\\/az\\\/?s={search_term_string}\"},\"query-input\":{\"@type\":\"PropertyValueSpecification\",\"valueRequired\":true,\"valueName\":\"search_term_string\"}}],\"inLanguage\":\"az\"},{\"@type\":\"Organization\",\"@id\":\"https:\\\/\\\/www.meydan.tv\\\/az\\\/#organization\",\"name\":\"Meydan TV\",\"url\":\"https:\\\/\\\/www.meydan.tv\\\/az\\\/\",\"logo\":{\"@type\":\"ImageObject\",\"inLanguage\":\"az\",\"@id\":\"https:\\\/\\\/www.meydan.tv\\\/az\\\/#\\\/schema\\\/logo\\\/image\\\/\",\"url\":\"https:\\\/\\\/www.meydan.tv\\\/wp-content\\\/uploads\\\/2021\\\/07\\\/meydan-logo.svg\",\"contentUrl\":\"https:\\\/\\\/www.meydan.tv\\\/wp-content\\\/uploads\\\/2021\\\/07\\\/meydan-logo.svg\",\"width\":195,\"height\":46,\"caption\":\"Meydan TV\"},\"image\":{\"@id\":\"https:\\\/\\\/www.meydan.tv\\\/az\\\/#\\\/schema\\\/logo\\\/image\\\/\"}},{\"@type\":\"Person\",\"@id\":\"https:\\\/\\\/www.meydan.tv\\\/az\\\/#\\\/schema\\\/person\\\/09863e516102a829e72bedcf3f84c6b0\",\"name\":\"mahmud\"}]}<\/script>\n<!-- \/ Yoast SEO plugin. -->","yoast_head_json":{"title":"Az\u0259rbaycanda siqaretin qiym\u0259tinin bahala\u015fd\u0131\u011f\u0131 deyilir - MEYDAN.TV","robots":{"index":"index","follow":"follow","max-snippet":"max-snippet:-1","max-image-preview":"max-image-preview:large","max-video-preview":"max-video-preview:-1"},"canonical":"https:\/\/www.meydan.tv\/az\/article\/az%c9%99rbaycanda-siqaretin-qiym%c9%99tinin-bahalasdigi-deyilir\/","og_locale":"az_AZ","og_type":"article","og_title":"Az\u0259rbaycanda siqaretin qiym\u0259tinin bahala\u015fd\u0131\u011f\u0131 deyilir - MEYDAN.TV","og_description":"Bildirilib ki, bu bar\u0259d\u0259 siqaret sat\u0131\u015f\u0131 il\u0259 m\u0259\u015f\u011ful olan \u015firk\u0259tl\u0259r ... Davam\u0131","og_url":"https:\/\/www.meydan.tv\/az\/article\/az%c9%99rbaycanda-siqaretin-qiym%c9%99tinin-bahalasdigi-deyilir\/","og_site_name":"MEYDAN.TV","article_published_time":"2025-03-03T10:51:36+00:00","article_modified_time":"2025-03-03T17:09:39+00:00","og_image":[{"width":800,"height":600,"url":"https:\/\/www.meydan.tv\/wp-content\/uploads\/25602.jpg","type":"image\/jpeg"}],"author":"mahmud","twitter_card":"summary_large_image","schema":{"@context":"https:\/\/schema.org","@graph":[{"@type":"Article","@id":"https:\/\/www.meydan.tv\/az\/article\/az%c9%99rbaycanda-siqaretin-qiym%c9%99tinin-bahalasdigi-deyilir\/#article","isPartOf":{"@id":"https:\/\/www.meydan.tv\/az\/article\/az%c9%99rbaycanda-siqaretin-qiym%c9%99tinin-bahalasdigi-deyilir\/"},"author":{"name":"mahmud","@id":"https:\/\/www.meydan.tv\/az\/#\/schema\/person\/09863e516102a829e72bedcf3f84c6b0"},"headline":"Az\u0259rbaycanda siqaretin qiym\u0259tinin bahala\u015fd\u0131\u011f\u0131 deyilir","datePublished":"2025-03-03T10:51:36+00:00","dateModified":"2025-03-03T17:09:39+00:00","mainEntityOfPage":{"@id":"https:\/\/www.meydan.tv\/az\/article\/az%c9%99rbaycanda-siqaretin-qiym%c9%99tinin-bahalasdigi-deyilir\/"},"wordCount":168,"publisher":{"@id":"https:\/\/www.meydan.tv\/az\/#organization"},"image":{"@id":"https:\/\/www.meydan.tv\/az\/article\/az%c9%99rbaycanda-siqaretin-qiym%c9%99tinin-bahalasdigi-deyilir\/#primaryimage"},"thumbnailUrl":"https:\/\/www.meydan.tv\/wp-content\/uploads\/25602.jpg","articleSection":["Sosial","X\u0259b\u0259rl\u0259r"],"inLanguage":"az"},{"@type":"WebPage","@id":"https:\/\/www.meydan.tv\/az\/article\/az%c9%99rbaycanda-siqaretin-qiym%c9%99tinin-bahalasdigi-deyilir\/","url":"https:\/\/www.meydan.tv\/az\/article\/az%c9%99rbaycanda-siqaretin-qiym%c9%99tinin-bahalasdigi-deyilir\/","name":"Az\u0259rbaycanda siqaretin qiym\u0259tinin bahala\u015fd\u0131\u011f\u0131 deyilir - MEYDAN.TV","isPartOf":{"@id":"https:\/\/www.meydan.tv\/az\/#website"},"primaryImageOfPage":{"@id":"https:\/\/www.meydan.tv\/az\/article\/az%c9%99rbaycanda-siqaretin-qiym%c9%99tinin-bahalasdigi-deyilir\/#primaryimage"},"image":{"@id":"https:\/\/www.meydan.tv\/az\/article\/az%c9%99rbaycanda-siqaretin-qiym%c9%99tinin-bahalasdigi-deyilir\/#primaryimage"},"thumbnailUrl":"https:\/\/www.meydan.tv\/wp-content\/uploads\/25602.jpg","datePublished":"2025-03-03T10:51:36+00:00","dateModified":"2025-03-03T17:09:39+00:00","breadcrumb":{"@id":"https:\/\/www.meydan.tv\/az\/article\/az%c9%99rbaycanda-siqaretin-qiym%c9%99tinin-bahalasdigi-deyilir\/#breadcrumb"},"inLanguage":"az","potentialAction":[{"@type":"ReadAction","target":["https:\/\/www.meydan.tv\/az\/article\/az%c9%99rbaycanda-siqaretin-qiym%c9%99tinin-bahalasdigi-deyilir\/"]}]},{"@type":"ImageObject","inLanguage":"az","@id":"https:\/\/www.meydan.tv\/az\/article\/az%c9%99rbaycanda-siqaretin-qiym%c9%99tinin-bahalasdigi-deyilir\/#primaryimage","url":"https:\/\/www.meydan.tv\/wp-content\/uploads\/25602.jpg","contentUrl":"https:\/\/www.meydan.tv\/wp-content\/uploads\/25602.jpg","width":800,"height":600,"caption":"Source: arxiv"},{"@type":"BreadcrumbList","@id":"https:\/\/www.meydan.tv\/az\/article\/az%c9%99rbaycanda-siqaretin-qiym%c9%99tinin-bahalasdigi-deyilir\/#breadcrumb","itemListElement":[{"@type":"ListItem","position":1,"name":"Ana s\u0259hif\u0259","item":"https:\/\/www.meydan.tv\/az\/"},{"@type":"ListItem","position":2,"name":"Sosial","item":"https:\/\/www.meydan.tv\/az\/section\/sosial\/"},{"@type":"ListItem","position":3,"name":"Az\u0259rbaycanda siqaretin qiym\u0259tinin bahala\u015fd\u0131\u011f\u0131 deyilir"}]},{"@type":"WebSite","@id":"https:\/\/www.meydan.tv\/az\/#website","url":"https:\/\/www.meydan.tv\/az\/","name":"MEYDAN.TV","description":"Meydan TV Az\u0259rbaycan\u0131n media m\u0259kan\u0131ndak\u0131 alternativ s\u0259sidir","publisher":{"@id":"https:\/\/www.meydan.tv\/az\/#organization"},"potentialAction":[{"@type":"SearchAction","target":{"@type":"EntryPoint","urlTemplate":"https:\/\/www.meydan.tv\/az\/?s={search_term_string}"},"query-input":{"@type":"PropertyValueSpecification","valueRequired":true,"valueName":"search_term_string"}}],"inLanguage":"az"},{"@type":"Organization","@id":"https:\/\/www.meydan.tv\/az\/#organization","name":"Meydan TV","url":"https:\/\/www.meydan.tv\/az\/","logo":{"@type":"ImageObject","inLanguage":"az","@id":"https:\/\/www.meydan.tv\/az\/#\/schema\/logo\/image\/","url":"https:\/\/www.meydan.tv\/wp-content\/uploads\/2021\/07\/meydan-logo.svg","contentUrl":"https:\/\/www.meydan.tv\/wp-content\/uploads\/2021\/07\/meydan-logo.svg","width":195,"height":46,"caption":"Meydan TV"},"image":{"@id":"https:\/\/www.meydan.tv\/az\/#\/schema\/logo\/image\/"}},{"@type":"Person","@id":"https:\/\/www.meydan.tv\/az\/#\/schema\/person\/09863e516102a829e72bedcf3f84c6b0","name":"mahmud"}]}},"_links":{"self":[{"href":"https:\/\/www.meydan.tv\/az\/wp-json\/wp\/v2\/posts\/327122","targetHints":{"allow":["GET"]}}],"collection":[{"href":"https:\/\/www.meydan.tv\/az\/wp-json\/wp\/v2\/posts"}],"about":[{"href":"https:\/\/www.meydan.tv\/az\/wp-json\/wp\/v2\/types\/post"}],"author":[{"embeddable":true,"href":"https:\/\/www.meydan.tv\/az\/wp-json\/wp\/v2\/users\/21"}],"replies":[{"embeddable":true,"href":"https:\/\/www.meydan.tv\/az\/wp-json\/wp\/v2\/comments?post=327122"}],"version-history":[{"count":3,"href":"https:\/\/www.meydan.tv\/az\/wp-json\/wp\/v2\/posts\/327122\/revisions"}],"predecessor-version":[{"id":327176,"href":"https:\/\/www.meydan.tv\/az\/wp-json\/wp\/v2\/posts\/327122\/revisions\/327176"}],"wp:featuredmedia":[{"embeddable":true,"href":"https:\/\/www.meydan.tv\/az\/wp-json\/wp\/v2\/media\/66866"}],"wp:attachment":[{"href":"https:\/\/www.meydan.tv\/az\/wp-json\/wp\/v2\/media?parent=327122"}],"wp:term":[{"taxonomy":"category","embeddable":true,"href":"https:\/\/www.meydan.tv\/az\/wp-json\/wp\/v2\/categories?post=327122"},{"taxonomy":"post_tag","embeddable":true,"href":"https:\/\/www.meydan.tv\/az\/wp-json\/wp\/v2\/tags?post=327122"}],"curies":[{"name":"wp","href":"https:\/\/api.w.org\/{rel}","templated":true}]}}