{"id":327071,"date":"2025-02-28T21:28:05","date_gmt":"2025-02-28T17:28:05","guid":{"rendered":"https:\/\/www.meydan.tv\/?p=327071"},"modified":"2025-02-28T21:28:42","modified_gmt":"2025-02-28T17:28:42","slug":"avropa-m%c9%99hk%c9%99m%c9%99si-gurcustana-efqan-sadiqovun-az%c9%99rbaycana-ekstradisiyasini-qadagan-edib","status":"publish","type":"post","link":"https:\/\/www.meydan.tv\/az\/article\/avropa-m%c9%99hk%c9%99m%c9%99si-gurcustana-efqan-sadiqovun-az%c9%99rbaycana-ekstradisiyasini-qadagan-edib\/","title":{"rendered":"Avropa M\u0259hk\u0259m\u0259si \u018ffqan Sad\u0131qovun Az\u0259rbaycana ekstradisiyas\u0131n\u0131 qada\u011fan edib"},"content":{"rendered":"\n<p><strong><em>Jurnalist \u018ffqan Sad\u0131qov acl\u0131q aksiyas\u0131n\u0131 dayand\u0131rmaq q\u0259rar\u0131na g\u0259lib<\/em><\/strong><\/p>\n\n\n\n<p>Avropa \u0130nsan Haqlar\u0131 M\u0259hk\u0259m\u0259si Sosial \u018fdal\u0259t M\u0259rk\u0259zinin xahi\u015fini tam t\u0259min ed\u0259r\u0259k,  jurnalist \u018ffqan Sad\u0131qovun Az\u0259rbaycana ekstradisiyas\u0131n\u0131 dayand\u0131r\u0131b. <\/p>\n\n\n\n<p>Bu haqda m\u0259rk\u0259zin direktoru Tamta Mikeladze \u00f6z\u00fcn\u00fcn &#8220;Facebook&#8221; s\u0259hif\u0259sind\u0259 <a href=\"https:\/\/sovanews.tv\/2025\/02\/28\/direktor-czentra-soczialnoj-spravedlivosti-espch-zapretil-gruzii-vydavat-azerbajdzhanu-sadygova\/\" target=\"_blank\" rel=\"noreferrer noopener\">yaz\u0131b<\/a>:<\/p>\n\n\n\n<p><em>\u201cDaha do\u011frusu, Avropa M\u0259hk\u0259m\u0259si i\u015fin mahiyy\u0259ti \u00fczr\u0259 q\u0259rar q\u0259bul edil\u0259n\u0259 q\u0259d\u0259r G\u00fcrc\u00fcstana jurnalistin Az\u0259rbaycana ekstradisiyas\u0131n\u0131 qada\u011fan edib. Bildiyiniz kimi, Avropa M\u0259hk\u0259m\u0259sind\u0259 bir i\u015f\u0259 bax\u0131lmas\u0131 b\u0259z\u0259n ill\u0259r \u00e7\u0259k\u0259 bil\u0259r. M\u0259n d\u0259 \u0259min\u0259m ki, ill\u0259r sonra Avropa M\u0259hk\u0259m\u0259sinin yekun q\u0259rar\u0131 da jurnalistin xeyrin\u0259 olacaq&#8221;.<\/em><\/p>\n\n\n\n<p>Mikeladze daha sonra bildirir ki, bu ax\u015fam x\u0259b\u0259ri e\u015fid\u0259n \u018ffqan Sad\u0131qov acl\u0131q aksiyas\u0131n\u0131 dayand\u0131rmaq q\u0259rar\u0131na g\u0259lib. Onun s\u00f6zl\u0259rin\u0259 g\u00f6r\u0259, yax\u0131n g\u00fcnl\u0259rd\u0259 Sosial \u018fdal\u0259t M\u0259rk\u0259zi m\u0259hk\u0259m\u0259d\u0259n \u018ffqan Sad\u0131qovun h\u0259bsd\u0259n azad olunmas\u0131n\u0131 t\u0259l\u0259b ed\u0259c\u0259k:<\/p>\n\n\n\n<p><em>&#8220;\u018fg\u0259r ekstradisiyaya icaz\u0259 verilmirs\u0259, o zaman onun m\u0259hk\u0259m\u0259y\u0259 q\u0259d\u0259r h\u0259bsd\u0259 saxlanmas\u0131 h\u00fcquqi m\u0259nas\u0131n\u0131 itirir v\u0259 qanunsuz olacaq. \u00dcst\u0259lik, \u018ffqan\u0131n ekstradisiya \u00fczr\u0259 h\u0259bs m\u00fcdd\u0259ti (9 ay) may\u0131n 3-d\u0259 ba\u015fa \u00e7at\u0131r&#8221;.<\/em><\/p>\n\n\n\n<p>\u201cAzel. TV\u201d sayt\u0131n\u0131n r\u0259hb\u0259ri \u018ffqan Sad\u0131qov 2023-c\u00fc ilin dekabr\u0131nda ail\u0259sil\u0259 birlikd\u0259 G\u00fcrc\u00fcstana gedib.<\/p>\n\n\n\n<p>2024-c\u00fc ilin iyulunda onu G\u00fcrc\u00fcstandan T\u00fcrkiy\u0259y\u0259 buraxmay\u0131blar v\u0259 deyibl\u0259r ki, ancaq Az\u0259rbaycana qay\u0131da bil\u0259r.<\/p>\n\n\n\n<p>Avqustda Az\u0259rbaycan\u0131n sor\u011fusu \u0259sas\u0131nda \u018ffqan Sad\u0131qov h\u0259bs edilib.<\/p>\n\n\n\n<p>Bak\u0131da onu h\u0259d\u0259 yolu il\u0259 t\u0259l\u0259b etm\u0259kd\u0259 ittiham edirl\u0259r v\u0259 ekstradisiyas\u0131n\u0131 t\u0259l\u0259b edirl\u0259r.<\/p>\n\n\n\n<p>O, h\u0259bsin\u0259 v\u0259 ona s\u0131\u011f\u0131nacaq verilm\u0259m\u0259sin\u0259 etiraz olaraq sentyabr\u0131n 21-d\u0259n acl\u0131q edir.<\/p>\n\n\n\n<p>Oktyabr\u0131n 8-d\u0259 acl\u0131q n\u0259tic\u0259sind\u0259 v\u0259ziyy\u0259ti pisl\u0259\u015fib v\u0259 onu h\u0259bsxana x\u0259st\u0259xanas\u0131na k\u00f6\u00e7\u00fcr\u00fcbl\u0259r.<\/p>\n\n\n\n<p>Yanvar\u0131n 31-d\u0259 Tbilisi m\u0259hk\u0259m\u0259si \u018ffqan Sad\u0131qovun h\u0259bs m\u00fcdd\u0259tini daha \u00fc\u00e7 ay&nbsp;<a href=\"https:\/\/www.meydan.tv\/az\/article\/efqan-sadiqovun-ekstradisiyasi-il%c9%99-bagli-h%c9%99bs-mudd%c9%99ti-daha-3-ay-uzadilib\/\" target=\"_blank\" rel=\"noreferrer noopener\">uzad\u0131b<\/a>.<\/p>\n","protected":false},"excerpt":{"rendered":"<p>Jurnalist \u018ffqan Sad\u0131qov acl\u0131q aksiyas\u0131n\u0131 dayand\u0131rmaq q\u0259rar\u0131na g\u0259lib Avropa \u0130nsan &#8230; <\/p>\n<p class=\"read-more-container\"><a title=\"Avropa M\u0259hk\u0259m\u0259si \u018ffqan Sad\u0131qovun Az\u0259rbaycana ekstradisiyas\u0131n\u0131 qada\u011fan edib\" class=\"read-more button\" href=\"https:\/\/www.meydan.tv\/az\/article\/avropa-m%c9%99hk%c9%99m%c9%99si-gurcustana-efqan-sadiqovun-az%c9%99rbaycana-ekstradisiyasini-qadagan-edib\/#more-327071\" aria-label=\"Read more about Avropa M\u0259hk\u0259m\u0259si \u018ffqan Sad\u0131qovun Az\u0259rbaycana ekstradisiyas\u0131n\u0131 qada\u011fan edib\">Davam\u0131<\/a><\/p>\n","protected":false},"author":16,"featured_media":312163,"comment_status":"closed","ping_status":"closed","sticky":false,"template":"","format":"standard","meta":{"_acf_changed":false,"_sitemap_exclude":false,"_sitemap_priority":"","_sitemap_frequency":"","footnotes":""},"categories":[62,56],"tags":[],"class_list":["post-327071","post","type-post","status-publish","format-standard","has-post-thumbnail","hentry","category-sosial","category-xeberler","infinite-scroll-item","generate-columns","tablet-grid-50","mobile-grid-100","grid-parent","grid-33","no-featured-image-padding"],"acf":[],"yoast_head":"<!-- This site is optimized with the Yoast SEO plugin v27.4 - https:\/\/yoast.com\/product\/yoast-seo-wordpress\/ -->\n<title>Avropa M\u0259hk\u0259m\u0259si \u018ffqan Sad\u0131qovun Az\u0259rbaycana ekstradisiyas\u0131n\u0131 qada\u011fan edib - MEYDAN.TV<\/title>\n<meta name=\"robots\" content=\"index, follow, max-snippet:-1, max-image-preview:large, max-video-preview:-1\" \/>\n<link rel=\"canonical\" href=\"https:\/\/www.meydan.tv\/az\/article\/avropa-m%c9%99hk%c9%99m%c9%99si-gurcustana-efqan-sadiqovun-az%c9%99rbaycana-ekstradisiyasini-qadagan-edib\/\" \/>\n<meta property=\"og:locale\" content=\"az_AZ\" \/>\n<meta property=\"og:type\" content=\"article\" \/>\n<meta property=\"og:title\" content=\"Avropa M\u0259hk\u0259m\u0259si \u018ffqan Sad\u0131qovun Az\u0259rbaycana ekstradisiyas\u0131n\u0131 qada\u011fan edib - MEYDAN.TV\" \/>\n<meta property=\"og:description\" content=\"Jurnalist \u018ffqan Sad\u0131qov acl\u0131q aksiyas\u0131n\u0131 dayand\u0131rmaq q\u0259rar\u0131na g\u0259lib Avropa \u0130nsan ... Davam\u0131\" \/>\n<meta property=\"og:url\" content=\"https:\/\/www.meydan.tv\/az\/article\/avropa-m%c9%99hk%c9%99m%c9%99si-gurcustana-efqan-sadiqovun-az%c9%99rbaycana-ekstradisiyasini-qadagan-edib\/\" \/>\n<meta property=\"og:site_name\" content=\"MEYDAN.TV\" \/>\n<meta property=\"article:published_time\" content=\"2025-02-28T17:28:05+00:00\" \/>\n<meta property=\"article:modified_time\" content=\"2025-02-28T17:28:42+00:00\" \/>\n<meta property=\"og:image\" content=\"https:\/\/www.meydan.tv\/wp-content\/uploads\/img_2150-e1723197633871.jpg\" \/>\n\t<meta property=\"og:image:width\" content=\"1179\" \/>\n\t<meta property=\"og:image:height\" content=\"636\" \/>\n\t<meta property=\"og:image:type\" content=\"image\/jpeg\" \/>\n<meta name=\"author\" content=\"sevda\" \/>\n<meta name=\"twitter:card\" content=\"summary_large_image\" \/>\n<script type=\"application\/ld+json\" class=\"yoast-schema-graph\">{\"@context\":\"https:\\\/\\\/schema.org\",\"@graph\":[{\"@type\":\"Article\",\"@id\":\"https:\\\/\\\/www.meydan.tv\\\/az\\\/article\\\/avropa-m%c9%99hk%c9%99m%c9%99si-gurcustana-efqan-sadiqovun-az%c9%99rbaycana-ekstradisiyasini-qadagan-edib\\\/#article\",\"isPartOf\":{\"@id\":\"https:\\\/\\\/www.meydan.tv\\\/az\\\/article\\\/avropa-m%c9%99hk%c9%99m%c9%99si-gurcustana-efqan-sadiqovun-az%c9%99rbaycana-ekstradisiyasini-qadagan-edib\\\/\"},\"author\":{\"name\":\"sevda\",\"@id\":\"https:\\\/\\\/www.meydan.tv\\\/az\\\/#\\\/schema\\\/person\\\/49b5f2bad5b126bb8ea9320eeb3e4dc9\"},\"headline\":\"Avropa M\u0259hk\u0259m\u0259si \u018ffqan Sad\u0131qovun Az\u0259rbaycana ekstradisiyas\u0131n\u0131 qada\u011fan edib\",\"datePublished\":\"2025-02-28T17:28:05+00:00\",\"dateModified\":\"2025-02-28T17:28:42+00:00\",\"mainEntityOfPage\":{\"@id\":\"https:\\\/\\\/www.meydan.tv\\\/az\\\/article\\\/avropa-m%c9%99hk%c9%99m%c9%99si-gurcustana-efqan-sadiqovun-az%c9%99rbaycana-ekstradisiyasini-qadagan-edib\\\/\"},\"wordCount\":410,\"publisher\":{\"@id\":\"https:\\\/\\\/www.meydan.tv\\\/az\\\/#organization\"},\"image\":{\"@id\":\"https:\\\/\\\/www.meydan.tv\\\/az\\\/article\\\/avropa-m%c9%99hk%c9%99m%c9%99si-gurcustana-efqan-sadiqovun-az%c9%99rbaycana-ekstradisiyasini-qadagan-edib\\\/#primaryimage\"},\"thumbnailUrl\":\"https:\\\/\\\/www.meydan.tv\\\/wp-content\\\/uploads\\\/img_2150-e1723197633871.jpg\",\"articleSection\":[\"Sosial\",\"X\u0259b\u0259rl\u0259r\"],\"inLanguage\":\"az\"},{\"@type\":\"WebPage\",\"@id\":\"https:\\\/\\\/www.meydan.tv\\\/az\\\/article\\\/avropa-m%c9%99hk%c9%99m%c9%99si-gurcustana-efqan-sadiqovun-az%c9%99rbaycana-ekstradisiyasini-qadagan-edib\\\/\",\"url\":\"https:\\\/\\\/www.meydan.tv\\\/az\\\/article\\\/avropa-m%c9%99hk%c9%99m%c9%99si-gurcustana-efqan-sadiqovun-az%c9%99rbaycana-ekstradisiyasini-qadagan-edib\\\/\",\"name\":\"Avropa M\u0259hk\u0259m\u0259si \u018ffqan Sad\u0131qovun Az\u0259rbaycana ekstradisiyas\u0131n\u0131 qada\u011fan edib - MEYDAN.TV\",\"isPartOf\":{\"@id\":\"https:\\\/\\\/www.meydan.tv\\\/az\\\/#website\"},\"primaryImageOfPage\":{\"@id\":\"https:\\\/\\\/www.meydan.tv\\\/az\\\/article\\\/avropa-m%c9%99hk%c9%99m%c9%99si-gurcustana-efqan-sadiqovun-az%c9%99rbaycana-ekstradisiyasini-qadagan-edib\\\/#primaryimage\"},\"image\":{\"@id\":\"https:\\\/\\\/www.meydan.tv\\\/az\\\/article\\\/avropa-m%c9%99hk%c9%99m%c9%99si-gurcustana-efqan-sadiqovun-az%c9%99rbaycana-ekstradisiyasini-qadagan-edib\\\/#primaryimage\"},\"thumbnailUrl\":\"https:\\\/\\\/www.meydan.tv\\\/wp-content\\\/uploads\\\/img_2150-e1723197633871.jpg\",\"datePublished\":\"2025-02-28T17:28:05+00:00\",\"dateModified\":\"2025-02-28T17:28:42+00:00\",\"breadcrumb\":{\"@id\":\"https:\\\/\\\/www.meydan.tv\\\/az\\\/article\\\/avropa-m%c9%99hk%c9%99m%c9%99si-gurcustana-efqan-sadiqovun-az%c9%99rbaycana-ekstradisiyasini-qadagan-edib\\\/#breadcrumb\"},\"inLanguage\":\"az\",\"potentialAction\":[{\"@type\":\"ReadAction\",\"target\":[\"https:\\\/\\\/www.meydan.tv\\\/az\\\/article\\\/avropa-m%c9%99hk%c9%99m%c9%99si-gurcustana-efqan-sadiqovun-az%c9%99rbaycana-ekstradisiyasini-qadagan-edib\\\/\"]}]},{\"@type\":\"ImageObject\",\"inLanguage\":\"az\",\"@id\":\"https:\\\/\\\/www.meydan.tv\\\/az\\\/article\\\/avropa-m%c9%99hk%c9%99m%c9%99si-gurcustana-efqan-sadiqovun-az%c9%99rbaycana-ekstradisiyasini-qadagan-edib\\\/#primaryimage\",\"url\":\"https:\\\/\\\/www.meydan.tv\\\/wp-content\\\/uploads\\\/img_2150-e1723197633871.jpg\",\"contentUrl\":\"https:\\\/\\\/www.meydan.tv\\\/wp-content\\\/uploads\\\/img_2150-e1723197633871.jpg\",\"width\":1179,\"height\":636,\"caption\":\"\u018ffqan Sad\u0131qov G\u00fcrc\u00fcstanda saxlan\u0131lark\u0259n. Foto: Sevinc Sad\u0131qova\"},{\"@type\":\"BreadcrumbList\",\"@id\":\"https:\\\/\\\/www.meydan.tv\\\/az\\\/article\\\/avropa-m%c9%99hk%c9%99m%c9%99si-gurcustana-efqan-sadiqovun-az%c9%99rbaycana-ekstradisiyasini-qadagan-edib\\\/#breadcrumb\",\"itemListElement\":[{\"@type\":\"ListItem\",\"position\":1,\"name\":\"Ana s\u0259hif\u0259\",\"item\":\"https:\\\/\\\/www.meydan.tv\\\/az\\\/\"},{\"@type\":\"ListItem\",\"position\":2,\"name\":\"X\u0259b\u0259rl\u0259r\",\"item\":\"https:\\\/\\\/www.meydan.tv\\\/az\\\/section\\\/xeberler\\\/\"},{\"@type\":\"ListItem\",\"position\":3,\"name\":\"Avropa M\u0259hk\u0259m\u0259si \u018ffqan Sad\u0131qovun Az\u0259rbaycana ekstradisiyas\u0131n\u0131 qada\u011fan edib\"}]},{\"@type\":\"WebSite\",\"@id\":\"https:\\\/\\\/www.meydan.tv\\\/az\\\/#website\",\"url\":\"https:\\\/\\\/www.meydan.tv\\\/az\\\/\",\"name\":\"MEYDAN.TV\",\"description\":\"Meydan TV Az\u0259rbaycan\u0131n media m\u0259kan\u0131ndak\u0131 alternativ s\u0259sidir\",\"publisher\":{\"@id\":\"https:\\\/\\\/www.meydan.tv\\\/az\\\/#organization\"},\"potentialAction\":[{\"@type\":\"SearchAction\",\"target\":{\"@type\":\"EntryPoint\",\"urlTemplate\":\"https:\\\/\\\/www.meydan.tv\\\/az\\\/?s={search_term_string}\"},\"query-input\":{\"@type\":\"PropertyValueSpecification\",\"valueRequired\":true,\"valueName\":\"search_term_string\"}}],\"inLanguage\":\"az\"},{\"@type\":\"Organization\",\"@id\":\"https:\\\/\\\/www.meydan.tv\\\/az\\\/#organization\",\"name\":\"Meydan TV\",\"url\":\"https:\\\/\\\/www.meydan.tv\\\/az\\\/\",\"logo\":{\"@type\":\"ImageObject\",\"inLanguage\":\"az\",\"@id\":\"https:\\\/\\\/www.meydan.tv\\\/az\\\/#\\\/schema\\\/logo\\\/image\\\/\",\"url\":\"https:\\\/\\\/www.meydan.tv\\\/wp-content\\\/uploads\\\/2021\\\/07\\\/meydan-logo.svg\",\"contentUrl\":\"https:\\\/\\\/www.meydan.tv\\\/wp-content\\\/uploads\\\/2021\\\/07\\\/meydan-logo.svg\",\"width\":195,\"height\":46,\"caption\":\"Meydan TV\"},\"image\":{\"@id\":\"https:\\\/\\\/www.meydan.tv\\\/az\\\/#\\\/schema\\\/logo\\\/image\\\/\"}},{\"@type\":\"Person\",\"@id\":\"https:\\\/\\\/www.meydan.tv\\\/az\\\/#\\\/schema\\\/person\\\/49b5f2bad5b126bb8ea9320eeb3e4dc9\",\"name\":\"sevda\"}]}<\/script>\n<!-- \/ Yoast SEO plugin. -->","yoast_head_json":{"title":"Avropa M\u0259hk\u0259m\u0259si \u018ffqan Sad\u0131qovun Az\u0259rbaycana ekstradisiyas\u0131n\u0131 qada\u011fan edib - MEYDAN.TV","robots":{"index":"index","follow":"follow","max-snippet":"max-snippet:-1","max-image-preview":"max-image-preview:large","max-video-preview":"max-video-preview:-1"},"canonical":"https:\/\/www.meydan.tv\/az\/article\/avropa-m%c9%99hk%c9%99m%c9%99si-gurcustana-efqan-sadiqovun-az%c9%99rbaycana-ekstradisiyasini-qadagan-edib\/","og_locale":"az_AZ","og_type":"article","og_title":"Avropa M\u0259hk\u0259m\u0259si \u018ffqan Sad\u0131qovun Az\u0259rbaycana ekstradisiyas\u0131n\u0131 qada\u011fan edib - MEYDAN.TV","og_description":"Jurnalist \u018ffqan Sad\u0131qov acl\u0131q aksiyas\u0131n\u0131 dayand\u0131rmaq q\u0259rar\u0131na g\u0259lib Avropa \u0130nsan ... Davam\u0131","og_url":"https:\/\/www.meydan.tv\/az\/article\/avropa-m%c9%99hk%c9%99m%c9%99si-gurcustana-efqan-sadiqovun-az%c9%99rbaycana-ekstradisiyasini-qadagan-edib\/","og_site_name":"MEYDAN.TV","article_published_time":"2025-02-28T17:28:05+00:00","article_modified_time":"2025-02-28T17:28:42+00:00","og_image":[{"width":1179,"height":636,"url":"https:\/\/www.meydan.tv\/wp-content\/uploads\/img_2150-e1723197633871.jpg","type":"image\/jpeg"}],"author":"sevda","twitter_card":"summary_large_image","schema":{"@context":"https:\/\/schema.org","@graph":[{"@type":"Article","@id":"https:\/\/www.meydan.tv\/az\/article\/avropa-m%c9%99hk%c9%99m%c9%99si-gurcustana-efqan-sadiqovun-az%c9%99rbaycana-ekstradisiyasini-qadagan-edib\/#article","isPartOf":{"@id":"https:\/\/www.meydan.tv\/az\/article\/avropa-m%c9%99hk%c9%99m%c9%99si-gurcustana-efqan-sadiqovun-az%c9%99rbaycana-ekstradisiyasini-qadagan-edib\/"},"author":{"name":"sevda","@id":"https:\/\/www.meydan.tv\/az\/#\/schema\/person\/49b5f2bad5b126bb8ea9320eeb3e4dc9"},"headline":"Avropa M\u0259hk\u0259m\u0259si \u018ffqan Sad\u0131qovun Az\u0259rbaycana ekstradisiyas\u0131n\u0131 qada\u011fan edib","datePublished":"2025-02-28T17:28:05+00:00","dateModified":"2025-02-28T17:28:42+00:00","mainEntityOfPage":{"@id":"https:\/\/www.meydan.tv\/az\/article\/avropa-m%c9%99hk%c9%99m%c9%99si-gurcustana-efqan-sadiqovun-az%c9%99rbaycana-ekstradisiyasini-qadagan-edib\/"},"wordCount":410,"publisher":{"@id":"https:\/\/www.meydan.tv\/az\/#organization"},"image":{"@id":"https:\/\/www.meydan.tv\/az\/article\/avropa-m%c9%99hk%c9%99m%c9%99si-gurcustana-efqan-sadiqovun-az%c9%99rbaycana-ekstradisiyasini-qadagan-edib\/#primaryimage"},"thumbnailUrl":"https:\/\/www.meydan.tv\/wp-content\/uploads\/img_2150-e1723197633871.jpg","articleSection":["Sosial","X\u0259b\u0259rl\u0259r"],"inLanguage":"az"},{"@type":"WebPage","@id":"https:\/\/www.meydan.tv\/az\/article\/avropa-m%c9%99hk%c9%99m%c9%99si-gurcustana-efqan-sadiqovun-az%c9%99rbaycana-ekstradisiyasini-qadagan-edib\/","url":"https:\/\/www.meydan.tv\/az\/article\/avropa-m%c9%99hk%c9%99m%c9%99si-gurcustana-efqan-sadiqovun-az%c9%99rbaycana-ekstradisiyasini-qadagan-edib\/","name":"Avropa M\u0259hk\u0259m\u0259si \u018ffqan Sad\u0131qovun Az\u0259rbaycana ekstradisiyas\u0131n\u0131 qada\u011fan edib - MEYDAN.TV","isPartOf":{"@id":"https:\/\/www.meydan.tv\/az\/#website"},"primaryImageOfPage":{"@id":"https:\/\/www.meydan.tv\/az\/article\/avropa-m%c9%99hk%c9%99m%c9%99si-gurcustana-efqan-sadiqovun-az%c9%99rbaycana-ekstradisiyasini-qadagan-edib\/#primaryimage"},"image":{"@id":"https:\/\/www.meydan.tv\/az\/article\/avropa-m%c9%99hk%c9%99m%c9%99si-gurcustana-efqan-sadiqovun-az%c9%99rbaycana-ekstradisiyasini-qadagan-edib\/#primaryimage"},"thumbnailUrl":"https:\/\/www.meydan.tv\/wp-content\/uploads\/img_2150-e1723197633871.jpg","datePublished":"2025-02-28T17:28:05+00:00","dateModified":"2025-02-28T17:28:42+00:00","breadcrumb":{"@id":"https:\/\/www.meydan.tv\/az\/article\/avropa-m%c9%99hk%c9%99m%c9%99si-gurcustana-efqan-sadiqovun-az%c9%99rbaycana-ekstradisiyasini-qadagan-edib\/#breadcrumb"},"inLanguage":"az","potentialAction":[{"@type":"ReadAction","target":["https:\/\/www.meydan.tv\/az\/article\/avropa-m%c9%99hk%c9%99m%c9%99si-gurcustana-efqan-sadiqovun-az%c9%99rbaycana-ekstradisiyasini-qadagan-edib\/"]}]},{"@type":"ImageObject","inLanguage":"az","@id":"https:\/\/www.meydan.tv\/az\/article\/avropa-m%c9%99hk%c9%99m%c9%99si-gurcustana-efqan-sadiqovun-az%c9%99rbaycana-ekstradisiyasini-qadagan-edib\/#primaryimage","url":"https:\/\/www.meydan.tv\/wp-content\/uploads\/img_2150-e1723197633871.jpg","contentUrl":"https:\/\/www.meydan.tv\/wp-content\/uploads\/img_2150-e1723197633871.jpg","width":1179,"height":636,"caption":"\u018ffqan Sad\u0131qov G\u00fcrc\u00fcstanda saxlan\u0131lark\u0259n. Foto: Sevinc Sad\u0131qova"},{"@type":"BreadcrumbList","@id":"https:\/\/www.meydan.tv\/az\/article\/avropa-m%c9%99hk%c9%99m%c9%99si-gurcustana-efqan-sadiqovun-az%c9%99rbaycana-ekstradisiyasini-qadagan-edib\/#breadcrumb","itemListElement":[{"@type":"ListItem","position":1,"name":"Ana s\u0259hif\u0259","item":"https:\/\/www.meydan.tv\/az\/"},{"@type":"ListItem","position":2,"name":"X\u0259b\u0259rl\u0259r","item":"https:\/\/www.meydan.tv\/az\/section\/xeberler\/"},{"@type":"ListItem","position":3,"name":"Avropa M\u0259hk\u0259m\u0259si \u018ffqan Sad\u0131qovun Az\u0259rbaycana ekstradisiyas\u0131n\u0131 qada\u011fan edib"}]},{"@type":"WebSite","@id":"https:\/\/www.meydan.tv\/az\/#website","url":"https:\/\/www.meydan.tv\/az\/","name":"MEYDAN.TV","description":"Meydan TV Az\u0259rbaycan\u0131n media m\u0259kan\u0131ndak\u0131 alternativ s\u0259sidir","publisher":{"@id":"https:\/\/www.meydan.tv\/az\/#organization"},"potentialAction":[{"@type":"SearchAction","target":{"@type":"EntryPoint","urlTemplate":"https:\/\/www.meydan.tv\/az\/?s={search_term_string}"},"query-input":{"@type":"PropertyValueSpecification","valueRequired":true,"valueName":"search_term_string"}}],"inLanguage":"az"},{"@type":"Organization","@id":"https:\/\/www.meydan.tv\/az\/#organization","name":"Meydan TV","url":"https:\/\/www.meydan.tv\/az\/","logo":{"@type":"ImageObject","inLanguage":"az","@id":"https:\/\/www.meydan.tv\/az\/#\/schema\/logo\/image\/","url":"https:\/\/www.meydan.tv\/wp-content\/uploads\/2021\/07\/meydan-logo.svg","contentUrl":"https:\/\/www.meydan.tv\/wp-content\/uploads\/2021\/07\/meydan-logo.svg","width":195,"height":46,"caption":"Meydan TV"},"image":{"@id":"https:\/\/www.meydan.tv\/az\/#\/schema\/logo\/image\/"}},{"@type":"Person","@id":"https:\/\/www.meydan.tv\/az\/#\/schema\/person\/49b5f2bad5b126bb8ea9320eeb3e4dc9","name":"sevda"}]}},"_links":{"self":[{"href":"https:\/\/www.meydan.tv\/az\/wp-json\/wp\/v2\/posts\/327071","targetHints":{"allow":["GET"]}}],"collection":[{"href":"https:\/\/www.meydan.tv\/az\/wp-json\/wp\/v2\/posts"}],"about":[{"href":"https:\/\/www.meydan.tv\/az\/wp-json\/wp\/v2\/types\/post"}],"author":[{"embeddable":true,"href":"https:\/\/www.meydan.tv\/az\/wp-json\/wp\/v2\/users\/16"}],"replies":[{"embeddable":true,"href":"https:\/\/www.meydan.tv\/az\/wp-json\/wp\/v2\/comments?post=327071"}],"version-history":[{"count":4,"href":"https:\/\/www.meydan.tv\/az\/wp-json\/wp\/v2\/posts\/327071\/revisions"}],"predecessor-version":[{"id":327075,"href":"https:\/\/www.meydan.tv\/az\/wp-json\/wp\/v2\/posts\/327071\/revisions\/327075"}],"wp:featuredmedia":[{"embeddable":true,"href":"https:\/\/www.meydan.tv\/az\/wp-json\/wp\/v2\/media\/312163"}],"wp:attachment":[{"href":"https:\/\/www.meydan.tv\/az\/wp-json\/wp\/v2\/media?parent=327071"}],"wp:term":[{"taxonomy":"category","embeddable":true,"href":"https:\/\/www.meydan.tv\/az\/wp-json\/wp\/v2\/categories?post=327071"},{"taxonomy":"post_tag","embeddable":true,"href":"https:\/\/www.meydan.tv\/az\/wp-json\/wp\/v2\/tags?post=327071"}],"curies":[{"name":"wp","href":"https:\/\/api.w.org\/{rel}","templated":true}]}}