{"id":327003,"date":"2025-02-28T14:51:47","date_gmt":"2025-02-28T10:51:47","guid":{"rendered":"https:\/\/www.meydan.tv\/?p=327003"},"modified":"2025-02-28T14:52:14","modified_gmt":"2025-02-28T10:52:14","slug":"h%c9%99bsd%c9%99-olan-ictimai-f%c9%99allari-gor%c9%99-bilm%c9%99m%c9%99k-ucun-yeni-mane%c9%99-yaradilib","status":"publish","type":"post","link":"https:\/\/www.meydan.tv\/az\/article\/h%c9%99bsd%c9%99-olan-ictimai-f%c9%99allari-gor%c9%99-bilm%c9%99m%c9%99k-ucun-yeni-mane%c9%99-yaradilib\/","title":{"rendered":"H\u0259bsd\u0259 olan ictimai f\u0259allar\u0131 g\u00f6r\u0259 bilm\u0259m\u0259k \u00fc\u00e7\u00fcn yeni mane\u0259 yarad\u0131l\u0131b"},"content":{"rendered":"\n<p><\/p>\n\n\n\n<p><strong><em>M\u0259hk\u0259m\u0259nin \u00f6n\u00fcn\u0259 \u00e7\u0259kil\u0259n hasar prosesi i\u015f\u0131qland\u0131rma\u011fa \u00e7al\u0131\u015fan jurnalistl\u0259rin qar\u015f\u0131s\u0131nda duran yeni mane\u0259dir<\/em><\/strong><\/p>\n\n\n\n<p>Bak\u0131n\u0131n X\u0259tai Rayon M\u0259hk\u0259m\u0259sinin \u0259traf\u0131nda jurnalistl\u0259rin t\u0259qsirl\u0259ndiril\u0259n \u015f\u0259xsl\u0259rin g\u00f6r\u00fcnt\u00fcl\u0259rini \u00e7\u0259km\u0259sin\u0259 mane olan yeni hasarlar \u00e7\u0259kilib. &nbsp;<\/p>\n\n\n\n<p>Sosial medialarda m\u0259hk\u0259m\u0259nin binas\u0131 \u0259traf\u0131nda qura\u015fd\u0131r\u0131lan yeni hasar\u0131n fotosu <a href=\"https:\/\/www.facebook.com\/share\/p\/18m1Gfkkzk\/?\" target=\"_blank\" rel=\"noreferrer noopener\">payla\u015f\u0131l\u0131b.<\/a><\/p>\n\n\n\n<p>2023- c\u00fc ilin noyabr\u0131ndan bu yana h\u0259bs olunan jurnalistl\u0259rin v\u0259 v\u0259t\u0259nda\u015f c\u0259miyy\u0259tinin \u00fczvl\u0259rinin i\u015fin\u0259 X\u0259tai Rayon M\u0259hk\u0259m\u0259sind\u0259 bax\u0131l\u0131r. &nbsp;&nbsp;<\/p>\n\n\n\n<p>H\u0259r m\u0259hk\u0259m\u0259 iclas\u0131 zaman\u0131 ail\u0259 \u00fczvl\u0259ri, f\u0259allar v\u0259 dig\u0259r media i\u015f\u00e7il\u0259ri h\u0259bs olunanlar\u0131 g\u00f6rm\u0259k \u00fc\u00e7\u00fcn m\u0259hk\u0259m\u0259 binas\u0131n\u0131n yan\u0131na topla\u015f\u0131r. H\u0259bsd\u0259 olan jurnalistl\u0259rin v\u0259 v\u0259t\u0259nda\u015f c\u0259miyy\u0259ti \u00fczvl\u0259rinin g\u00f6r\u00fcnt\u00fcl\u0259rini \u00e7\u0259k\u0259 bilm\u0259m\u0259k \u00fc\u00e7\u00fcn h\u0259r d\u0259f\u0259 m\u0259hk\u0259m\u0259nin qar\u015f\u0131s\u0131na polis kordonu qurulurdu.<\/p>\n\n\n\n<p>Hasar, davam ed\u0259n m\u0259hk\u0259m\u0259 prosesl\u0259rini i\u015f\u0131qland\u0131rma\u011fa \u00e7al\u0131\u015fan jurnalistl\u0259rin, el\u0259c\u0259 d\u0259 h\u0259bsd\u0259 olunmu\u015f \u015f\u0259xsl\u0259ri g\u00f6rm\u0259k \u00fc\u00e7\u00fcn g\u0259l\u0259n yax\u0131nlar\u0131n\u0131n qar\u015f\u0131s\u0131nda duran yeni mane\u0259dir.<\/p>\n\n\n\n<p>2023-c\u00fc ilin noyabr\u0131ndan ba\u015flayaraq Az\u0259rbaycanda jurnalist v\u0259 ictimai f\u0259allar qa\u00e7aqmal\u00e7\u0131l\u0131q ittiham\u0131 il\u0259 h\u0259bs edilirl\u0259r.<\/p>\n\n\n\n<p>Onlar\u0131n aras\u0131nda \u201cMeydan TV\u201d, \u201cAbzasMedia\u201d, \u201cToplum TV\u201d, \u201cmeclis.info\u201d kimi t\u0259nqid\u00e7i media orqanlar\u0131n\u0131n r\u0259hb\u0259rl\u0259ri v\u0259 \u00e7oxsayl\u0131 \u0259m\u0259kda\u015flar\u0131 var.<\/p>\n\n\n\n<p>Jurnalistl\u0259r\u0259 qar\u015f\u0131 qa\u00e7aqmal\u00e7\u0131l\u0131q ittiham\u0131 ir\u0259li s\u00fcr\u00fcl\u00fcb. Lakin onlar bu ittiham\u0131 r\u0259dd edir, jurnalist f\u0259aliyy\u0259tl\u0259rin\u0259, korrupsiya ara\u015fd\u0131rmalar\u0131na g\u00f6r\u0259 h\u0259bs olunduqlar\u0131n\u0131 bildirirl\u0259r.<\/p>\n\n\n\n<p>Amma onlar\u0131n he\u00e7 biri ittihamla raz\u0131la\u015fm\u0131r, bunu pe\u015f\u0259 f\u0259aliyy\u0259tl\u0259ri v\u0259 siyasi sifari\u015f il\u0259 izah edirl\u0259r. Sonradan onlardan bir \u00e7oxunun ittiham\u0131 a\u011f\u0131rla\u015fd\u0131r\u0131l\u0131b.<\/p>\n","protected":false},"excerpt":{"rendered":"<p>M\u0259hk\u0259m\u0259nin \u00f6n\u00fcn\u0259 \u00e7\u0259kil\u0259n hasar prosesi i\u015f\u0131qland\u0131rma\u011fa \u00e7al\u0131\u015fan jurnalistl\u0259rin qar\u015f\u0131s\u0131nda duran &#8230; <\/p>\n<p class=\"read-more-container\"><a title=\"H\u0259bsd\u0259 olan ictimai f\u0259allar\u0131 g\u00f6r\u0259 bilm\u0259m\u0259k \u00fc\u00e7\u00fcn yeni mane\u0259 yarad\u0131l\u0131b\" class=\"read-more button\" href=\"https:\/\/www.meydan.tv\/az\/article\/h%c9%99bsd%c9%99-olan-ictimai-f%c9%99allari-gor%c9%99-bilm%c9%99m%c9%99k-ucun-yeni-mane%c9%99-yaradilib\/#more-327003\" aria-label=\"Read more about H\u0259bsd\u0259 olan ictimai f\u0259allar\u0131 g\u00f6r\u0259 bilm\u0259m\u0259k \u00fc\u00e7\u00fcn yeni mane\u0259 yarad\u0131l\u0131b\">Davam\u0131<\/a><\/p>\n","protected":false},"author":21,"featured_media":327004,"comment_status":"closed","ping_status":"closed","sticky":false,"template":"","format":"standard","meta":{"_acf_changed":false,"_sitemap_exclude":false,"_sitemap_priority":"","_sitemap_frequency":"","footnotes":""},"categories":[59,79,56],"tags":[],"class_list":["post-327003","post","type-post","status-publish","format-standard","has-post-thumbnail","hentry","category-siyaset","category-featured","category-xeberler","infinite-scroll-item","generate-columns","tablet-grid-50","mobile-grid-100","grid-parent","grid-33","no-featured-image-padding"],"acf":[],"yoast_head":"<!-- This site is optimized with the Yoast SEO plugin v27.5 - https:\/\/yoast.com\/product\/yoast-seo-wordpress\/ -->\n<title>H\u0259bsd\u0259 olan ictimai f\u0259allar\u0131 g\u00f6r\u0259 bilm\u0259m\u0259k \u00fc\u00e7\u00fcn yeni mane\u0259 yarad\u0131l\u0131b - MEYDAN.TV<\/title>\n<meta name=\"robots\" content=\"index, follow, max-snippet:-1, max-image-preview:large, max-video-preview:-1\" \/>\n<link rel=\"canonical\" href=\"https:\/\/www.meydan.tv\/az\/article\/h%c9%99bsd%c9%99-olan-ictimai-f%c9%99allari-gor%c9%99-bilm%c9%99m%c9%99k-ucun-yeni-mane%c9%99-yaradilib\/\" \/>\n<meta property=\"og:locale\" content=\"az_AZ\" \/>\n<meta property=\"og:type\" content=\"article\" \/>\n<meta property=\"og:title\" content=\"H\u0259bsd\u0259 olan ictimai f\u0259allar\u0131 g\u00f6r\u0259 bilm\u0259m\u0259k \u00fc\u00e7\u00fcn yeni mane\u0259 yarad\u0131l\u0131b - MEYDAN.TV\" \/>\n<meta property=\"og:description\" content=\"M\u0259hk\u0259m\u0259nin \u00f6n\u00fcn\u0259 \u00e7\u0259kil\u0259n hasar prosesi i\u015f\u0131qland\u0131rma\u011fa \u00e7al\u0131\u015fan jurnalistl\u0259rin qar\u015f\u0131s\u0131nda duran ... Davam\u0131\" \/>\n<meta property=\"og:url\" content=\"https:\/\/www.meydan.tv\/az\/article\/h%c9%99bsd%c9%99-olan-ictimai-f%c9%99allari-gor%c9%99-bilm%c9%99m%c9%99k-ucun-yeni-mane%c9%99-yaradilib\/\" \/>\n<meta property=\"og:site_name\" content=\"MEYDAN.TV\" \/>\n<meta property=\"article:published_time\" content=\"2025-02-28T10:51:47+00:00\" \/>\n<meta property=\"article:modified_time\" content=\"2025-02-28T10:52:14+00:00\" \/>\n<meta property=\"og:image\" content=\"https:\/\/www.meydan.tv\/wp-content\/uploads\/covers-5.webp\" \/>\n\t<meta property=\"og:image:width\" content=\"1080\" \/>\n\t<meta property=\"og:image:height\" content=\"720\" \/>\n\t<meta property=\"og:image:type\" content=\"image\/webp\" \/>\n<meta name=\"author\" content=\"mahmud\" \/>\n<meta name=\"twitter:card\" content=\"summary_large_image\" \/>\n<script type=\"application\/ld+json\" class=\"yoast-schema-graph\">{\"@context\":\"https:\\\/\\\/schema.org\",\"@graph\":[{\"@type\":\"Article\",\"@id\":\"https:\\\/\\\/www.meydan.tv\\\/az\\\/article\\\/h%c9%99bsd%c9%99-olan-ictimai-f%c9%99allari-gor%c9%99-bilm%c9%99m%c9%99k-ucun-yeni-mane%c9%99-yaradilib\\\/#article\",\"isPartOf\":{\"@id\":\"https:\\\/\\\/www.meydan.tv\\\/az\\\/article\\\/h%c9%99bsd%c9%99-olan-ictimai-f%c9%99allari-gor%c9%99-bilm%c9%99m%c9%99k-ucun-yeni-mane%c9%99-yaradilib\\\/\"},\"author\":{\"name\":\"mahmud\",\"@id\":\"https:\\\/\\\/www.meydan.tv\\\/az\\\/#\\\/schema\\\/person\\\/09863e516102a829e72bedcf3f84c6b0\"},\"headline\":\"H\u0259bsd\u0259 olan ictimai f\u0259allar\u0131 g\u00f6r\u0259 bilm\u0259m\u0259k \u00fc\u00e7\u00fcn yeni mane\u0259 yarad\u0131l\u0131b\",\"datePublished\":\"2025-02-28T10:51:47+00:00\",\"dateModified\":\"2025-02-28T10:52:14+00:00\",\"mainEntityOfPage\":{\"@id\":\"https:\\\/\\\/www.meydan.tv\\\/az\\\/article\\\/h%c9%99bsd%c9%99-olan-ictimai-f%c9%99allari-gor%c9%99-bilm%c9%99m%c9%99k-ucun-yeni-mane%c9%99-yaradilib\\\/\"},\"wordCount\":372,\"publisher\":{\"@id\":\"https:\\\/\\\/www.meydan.tv\\\/az\\\/#organization\"},\"image\":{\"@id\":\"https:\\\/\\\/www.meydan.tv\\\/az\\\/article\\\/h%c9%99bsd%c9%99-olan-ictimai-f%c9%99allari-gor%c9%99-bilm%c9%99m%c9%99k-ucun-yeni-mane%c9%99-yaradilib\\\/#primaryimage\"},\"thumbnailUrl\":\"https:\\\/\\\/www.meydan.tv\\\/wp-content\\\/uploads\\\/covers-5.webp\",\"articleSection\":[\"Siyas\u0259t\",\"T\u00f6vsiy\u0259\",\"X\u0259b\u0259rl\u0259r\"],\"inLanguage\":\"az\"},{\"@type\":\"WebPage\",\"@id\":\"https:\\\/\\\/www.meydan.tv\\\/az\\\/article\\\/h%c9%99bsd%c9%99-olan-ictimai-f%c9%99allari-gor%c9%99-bilm%c9%99m%c9%99k-ucun-yeni-mane%c9%99-yaradilib\\\/\",\"url\":\"https:\\\/\\\/www.meydan.tv\\\/az\\\/article\\\/h%c9%99bsd%c9%99-olan-ictimai-f%c9%99allari-gor%c9%99-bilm%c9%99m%c9%99k-ucun-yeni-mane%c9%99-yaradilib\\\/\",\"name\":\"H\u0259bsd\u0259 olan ictimai f\u0259allar\u0131 g\u00f6r\u0259 bilm\u0259m\u0259k \u00fc\u00e7\u00fcn yeni mane\u0259 yarad\u0131l\u0131b - MEYDAN.TV\",\"isPartOf\":{\"@id\":\"https:\\\/\\\/www.meydan.tv\\\/az\\\/#website\"},\"primaryImageOfPage\":{\"@id\":\"https:\\\/\\\/www.meydan.tv\\\/az\\\/article\\\/h%c9%99bsd%c9%99-olan-ictimai-f%c9%99allari-gor%c9%99-bilm%c9%99m%c9%99k-ucun-yeni-mane%c9%99-yaradilib\\\/#primaryimage\"},\"image\":{\"@id\":\"https:\\\/\\\/www.meydan.tv\\\/az\\\/article\\\/h%c9%99bsd%c9%99-olan-ictimai-f%c9%99allari-gor%c9%99-bilm%c9%99m%c9%99k-ucun-yeni-mane%c9%99-yaradilib\\\/#primaryimage\"},\"thumbnailUrl\":\"https:\\\/\\\/www.meydan.tv\\\/wp-content\\\/uploads\\\/covers-5.webp\",\"datePublished\":\"2025-02-28T10:51:47+00:00\",\"dateModified\":\"2025-02-28T10:52:14+00:00\",\"breadcrumb\":{\"@id\":\"https:\\\/\\\/www.meydan.tv\\\/az\\\/article\\\/h%c9%99bsd%c9%99-olan-ictimai-f%c9%99allari-gor%c9%99-bilm%c9%99m%c9%99k-ucun-yeni-mane%c9%99-yaradilib\\\/#breadcrumb\"},\"inLanguage\":\"az\",\"potentialAction\":[{\"@type\":\"ReadAction\",\"target\":[\"https:\\\/\\\/www.meydan.tv\\\/az\\\/article\\\/h%c9%99bsd%c9%99-olan-ictimai-f%c9%99allari-gor%c9%99-bilm%c9%99m%c9%99k-ucun-yeni-mane%c9%99-yaradilib\\\/\"]}]},{\"@type\":\"ImageObject\",\"inLanguage\":\"az\",\"@id\":\"https:\\\/\\\/www.meydan.tv\\\/az\\\/article\\\/h%c9%99bsd%c9%99-olan-ictimai-f%c9%99allari-gor%c9%99-bilm%c9%99m%c9%99k-ucun-yeni-mane%c9%99-yaradilib\\\/#primaryimage\",\"url\":\"https:\\\/\\\/www.meydan.tv\\\/wp-content\\\/uploads\\\/covers-5.webp\",\"contentUrl\":\"https:\\\/\\\/www.meydan.tv\\\/wp-content\\\/uploads\\\/covers-5.webp\",\"width\":1080,\"height\":720,\"caption\":\"Foto: OC Media\"},{\"@type\":\"BreadcrumbList\",\"@id\":\"https:\\\/\\\/www.meydan.tv\\\/az\\\/article\\\/h%c9%99bsd%c9%99-olan-ictimai-f%c9%99allari-gor%c9%99-bilm%c9%99m%c9%99k-ucun-yeni-mane%c9%99-yaradilib\\\/#breadcrumb\",\"itemListElement\":[{\"@type\":\"ListItem\",\"position\":1,\"name\":\"Ana s\u0259hif\u0259\",\"item\":\"https:\\\/\\\/www.meydan.tv\\\/az\\\/\"},{\"@type\":\"ListItem\",\"position\":2,\"name\":\"Siyas\u0259t\",\"item\":\"https:\\\/\\\/www.meydan.tv\\\/az\\\/section\\\/siyaset\\\/\"},{\"@type\":\"ListItem\",\"position\":3,\"name\":\"H\u0259bsd\u0259 olan ictimai f\u0259allar\u0131 g\u00f6r\u0259 bilm\u0259m\u0259k \u00fc\u00e7\u00fcn yeni mane\u0259 yarad\u0131l\u0131b\"}]},{\"@type\":\"WebSite\",\"@id\":\"https:\\\/\\\/www.meydan.tv\\\/az\\\/#website\",\"url\":\"https:\\\/\\\/www.meydan.tv\\\/az\\\/\",\"name\":\"MEYDAN.TV\",\"description\":\"Meydan TV Az\u0259rbaycan\u0131n media m\u0259kan\u0131ndak\u0131 alternativ s\u0259sidir\",\"publisher\":{\"@id\":\"https:\\\/\\\/www.meydan.tv\\\/az\\\/#organization\"},\"potentialAction\":[{\"@type\":\"SearchAction\",\"target\":{\"@type\":\"EntryPoint\",\"urlTemplate\":\"https:\\\/\\\/www.meydan.tv\\\/az\\\/?s={search_term_string}\"},\"query-input\":{\"@type\":\"PropertyValueSpecification\",\"valueRequired\":true,\"valueName\":\"search_term_string\"}}],\"inLanguage\":\"az\"},{\"@type\":\"Organization\",\"@id\":\"https:\\\/\\\/www.meydan.tv\\\/az\\\/#organization\",\"name\":\"Meydan TV\",\"url\":\"https:\\\/\\\/www.meydan.tv\\\/az\\\/\",\"logo\":{\"@type\":\"ImageObject\",\"inLanguage\":\"az\",\"@id\":\"https:\\\/\\\/www.meydan.tv\\\/az\\\/#\\\/schema\\\/logo\\\/image\\\/\",\"url\":\"https:\\\/\\\/www.meydan.tv\\\/wp-content\\\/uploads\\\/2021\\\/07\\\/meydan-logo.svg\",\"contentUrl\":\"https:\\\/\\\/www.meydan.tv\\\/wp-content\\\/uploads\\\/2021\\\/07\\\/meydan-logo.svg\",\"width\":195,\"height\":46,\"caption\":\"Meydan TV\"},\"image\":{\"@id\":\"https:\\\/\\\/www.meydan.tv\\\/az\\\/#\\\/schema\\\/logo\\\/image\\\/\"}},{\"@type\":\"Person\",\"@id\":\"https:\\\/\\\/www.meydan.tv\\\/az\\\/#\\\/schema\\\/person\\\/09863e516102a829e72bedcf3f84c6b0\",\"name\":\"mahmud\"}]}<\/script>\n<!-- \/ Yoast SEO plugin. -->","yoast_head_json":{"title":"H\u0259bsd\u0259 olan ictimai f\u0259allar\u0131 g\u00f6r\u0259 bilm\u0259m\u0259k \u00fc\u00e7\u00fcn yeni mane\u0259 yarad\u0131l\u0131b - MEYDAN.TV","robots":{"index":"index","follow":"follow","max-snippet":"max-snippet:-1","max-image-preview":"max-image-preview:large","max-video-preview":"max-video-preview:-1"},"canonical":"https:\/\/www.meydan.tv\/az\/article\/h%c9%99bsd%c9%99-olan-ictimai-f%c9%99allari-gor%c9%99-bilm%c9%99m%c9%99k-ucun-yeni-mane%c9%99-yaradilib\/","og_locale":"az_AZ","og_type":"article","og_title":"H\u0259bsd\u0259 olan ictimai f\u0259allar\u0131 g\u00f6r\u0259 bilm\u0259m\u0259k \u00fc\u00e7\u00fcn yeni mane\u0259 yarad\u0131l\u0131b - MEYDAN.TV","og_description":"M\u0259hk\u0259m\u0259nin \u00f6n\u00fcn\u0259 \u00e7\u0259kil\u0259n hasar prosesi i\u015f\u0131qland\u0131rma\u011fa \u00e7al\u0131\u015fan jurnalistl\u0259rin qar\u015f\u0131s\u0131nda duran ... Davam\u0131","og_url":"https:\/\/www.meydan.tv\/az\/article\/h%c9%99bsd%c9%99-olan-ictimai-f%c9%99allari-gor%c9%99-bilm%c9%99m%c9%99k-ucun-yeni-mane%c9%99-yaradilib\/","og_site_name":"MEYDAN.TV","article_published_time":"2025-02-28T10:51:47+00:00","article_modified_time":"2025-02-28T10:52:14+00:00","og_image":[{"width":1080,"height":720,"url":"https:\/\/www.meydan.tv\/wp-content\/uploads\/covers-5.webp","type":"image\/webp"}],"author":"mahmud","twitter_card":"summary_large_image","schema":{"@context":"https:\/\/schema.org","@graph":[{"@type":"Article","@id":"https:\/\/www.meydan.tv\/az\/article\/h%c9%99bsd%c9%99-olan-ictimai-f%c9%99allari-gor%c9%99-bilm%c9%99m%c9%99k-ucun-yeni-mane%c9%99-yaradilib\/#article","isPartOf":{"@id":"https:\/\/www.meydan.tv\/az\/article\/h%c9%99bsd%c9%99-olan-ictimai-f%c9%99allari-gor%c9%99-bilm%c9%99m%c9%99k-ucun-yeni-mane%c9%99-yaradilib\/"},"author":{"name":"mahmud","@id":"https:\/\/www.meydan.tv\/az\/#\/schema\/person\/09863e516102a829e72bedcf3f84c6b0"},"headline":"H\u0259bsd\u0259 olan ictimai f\u0259allar\u0131 g\u00f6r\u0259 bilm\u0259m\u0259k \u00fc\u00e7\u00fcn yeni mane\u0259 yarad\u0131l\u0131b","datePublished":"2025-02-28T10:51:47+00:00","dateModified":"2025-02-28T10:52:14+00:00","mainEntityOfPage":{"@id":"https:\/\/www.meydan.tv\/az\/article\/h%c9%99bsd%c9%99-olan-ictimai-f%c9%99allari-gor%c9%99-bilm%c9%99m%c9%99k-ucun-yeni-mane%c9%99-yaradilib\/"},"wordCount":372,"publisher":{"@id":"https:\/\/www.meydan.tv\/az\/#organization"},"image":{"@id":"https:\/\/www.meydan.tv\/az\/article\/h%c9%99bsd%c9%99-olan-ictimai-f%c9%99allari-gor%c9%99-bilm%c9%99m%c9%99k-ucun-yeni-mane%c9%99-yaradilib\/#primaryimage"},"thumbnailUrl":"https:\/\/www.meydan.tv\/wp-content\/uploads\/covers-5.webp","articleSection":["Siyas\u0259t","T\u00f6vsiy\u0259","X\u0259b\u0259rl\u0259r"],"inLanguage":"az"},{"@type":"WebPage","@id":"https:\/\/www.meydan.tv\/az\/article\/h%c9%99bsd%c9%99-olan-ictimai-f%c9%99allari-gor%c9%99-bilm%c9%99m%c9%99k-ucun-yeni-mane%c9%99-yaradilib\/","url":"https:\/\/www.meydan.tv\/az\/article\/h%c9%99bsd%c9%99-olan-ictimai-f%c9%99allari-gor%c9%99-bilm%c9%99m%c9%99k-ucun-yeni-mane%c9%99-yaradilib\/","name":"H\u0259bsd\u0259 olan ictimai f\u0259allar\u0131 g\u00f6r\u0259 bilm\u0259m\u0259k \u00fc\u00e7\u00fcn yeni mane\u0259 yarad\u0131l\u0131b - MEYDAN.TV","isPartOf":{"@id":"https:\/\/www.meydan.tv\/az\/#website"},"primaryImageOfPage":{"@id":"https:\/\/www.meydan.tv\/az\/article\/h%c9%99bsd%c9%99-olan-ictimai-f%c9%99allari-gor%c9%99-bilm%c9%99m%c9%99k-ucun-yeni-mane%c9%99-yaradilib\/#primaryimage"},"image":{"@id":"https:\/\/www.meydan.tv\/az\/article\/h%c9%99bsd%c9%99-olan-ictimai-f%c9%99allari-gor%c9%99-bilm%c9%99m%c9%99k-ucun-yeni-mane%c9%99-yaradilib\/#primaryimage"},"thumbnailUrl":"https:\/\/www.meydan.tv\/wp-content\/uploads\/covers-5.webp","datePublished":"2025-02-28T10:51:47+00:00","dateModified":"2025-02-28T10:52:14+00:00","breadcrumb":{"@id":"https:\/\/www.meydan.tv\/az\/article\/h%c9%99bsd%c9%99-olan-ictimai-f%c9%99allari-gor%c9%99-bilm%c9%99m%c9%99k-ucun-yeni-mane%c9%99-yaradilib\/#breadcrumb"},"inLanguage":"az","potentialAction":[{"@type":"ReadAction","target":["https:\/\/www.meydan.tv\/az\/article\/h%c9%99bsd%c9%99-olan-ictimai-f%c9%99allari-gor%c9%99-bilm%c9%99m%c9%99k-ucun-yeni-mane%c9%99-yaradilib\/"]}]},{"@type":"ImageObject","inLanguage":"az","@id":"https:\/\/www.meydan.tv\/az\/article\/h%c9%99bsd%c9%99-olan-ictimai-f%c9%99allari-gor%c9%99-bilm%c9%99m%c9%99k-ucun-yeni-mane%c9%99-yaradilib\/#primaryimage","url":"https:\/\/www.meydan.tv\/wp-content\/uploads\/covers-5.webp","contentUrl":"https:\/\/www.meydan.tv\/wp-content\/uploads\/covers-5.webp","width":1080,"height":720,"caption":"Foto: OC Media"},{"@type":"BreadcrumbList","@id":"https:\/\/www.meydan.tv\/az\/article\/h%c9%99bsd%c9%99-olan-ictimai-f%c9%99allari-gor%c9%99-bilm%c9%99m%c9%99k-ucun-yeni-mane%c9%99-yaradilib\/#breadcrumb","itemListElement":[{"@type":"ListItem","position":1,"name":"Ana s\u0259hif\u0259","item":"https:\/\/www.meydan.tv\/az\/"},{"@type":"ListItem","position":2,"name":"Siyas\u0259t","item":"https:\/\/www.meydan.tv\/az\/section\/siyaset\/"},{"@type":"ListItem","position":3,"name":"H\u0259bsd\u0259 olan ictimai f\u0259allar\u0131 g\u00f6r\u0259 bilm\u0259m\u0259k \u00fc\u00e7\u00fcn yeni mane\u0259 yarad\u0131l\u0131b"}]},{"@type":"WebSite","@id":"https:\/\/www.meydan.tv\/az\/#website","url":"https:\/\/www.meydan.tv\/az\/","name":"MEYDAN.TV","description":"Meydan TV Az\u0259rbaycan\u0131n media m\u0259kan\u0131ndak\u0131 alternativ s\u0259sidir","publisher":{"@id":"https:\/\/www.meydan.tv\/az\/#organization"},"potentialAction":[{"@type":"SearchAction","target":{"@type":"EntryPoint","urlTemplate":"https:\/\/www.meydan.tv\/az\/?s={search_term_string}"},"query-input":{"@type":"PropertyValueSpecification","valueRequired":true,"valueName":"search_term_string"}}],"inLanguage":"az"},{"@type":"Organization","@id":"https:\/\/www.meydan.tv\/az\/#organization","name":"Meydan TV","url":"https:\/\/www.meydan.tv\/az\/","logo":{"@type":"ImageObject","inLanguage":"az","@id":"https:\/\/www.meydan.tv\/az\/#\/schema\/logo\/image\/","url":"https:\/\/www.meydan.tv\/wp-content\/uploads\/2021\/07\/meydan-logo.svg","contentUrl":"https:\/\/www.meydan.tv\/wp-content\/uploads\/2021\/07\/meydan-logo.svg","width":195,"height":46,"caption":"Meydan TV"},"image":{"@id":"https:\/\/www.meydan.tv\/az\/#\/schema\/logo\/image\/"}},{"@type":"Person","@id":"https:\/\/www.meydan.tv\/az\/#\/schema\/person\/09863e516102a829e72bedcf3f84c6b0","name":"mahmud"}]}},"_links":{"self":[{"href":"https:\/\/www.meydan.tv\/az\/wp-json\/wp\/v2\/posts\/327003","targetHints":{"allow":["GET"]}}],"collection":[{"href":"https:\/\/www.meydan.tv\/az\/wp-json\/wp\/v2\/posts"}],"about":[{"href":"https:\/\/www.meydan.tv\/az\/wp-json\/wp\/v2\/types\/post"}],"author":[{"embeddable":true,"href":"https:\/\/www.meydan.tv\/az\/wp-json\/wp\/v2\/users\/21"}],"replies":[{"embeddable":true,"href":"https:\/\/www.meydan.tv\/az\/wp-json\/wp\/v2\/comments?post=327003"}],"version-history":[{"count":2,"href":"https:\/\/www.meydan.tv\/az\/wp-json\/wp\/v2\/posts\/327003\/revisions"}],"predecessor-version":[{"id":327009,"href":"https:\/\/www.meydan.tv\/az\/wp-json\/wp\/v2\/posts\/327003\/revisions\/327009"}],"wp:featuredmedia":[{"embeddable":true,"href":"https:\/\/www.meydan.tv\/az\/wp-json\/wp\/v2\/media\/327004"}],"wp:attachment":[{"href":"https:\/\/www.meydan.tv\/az\/wp-json\/wp\/v2\/media?parent=327003"}],"wp:term":[{"taxonomy":"category","embeddable":true,"href":"https:\/\/www.meydan.tv\/az\/wp-json\/wp\/v2\/categories?post=327003"},{"taxonomy":"post_tag","embeddable":true,"href":"https:\/\/www.meydan.tv\/az\/wp-json\/wp\/v2\/tags?post=327003"}],"curies":[{"name":"wp","href":"https:\/\/api.w.org\/{rel}","templated":true}]}}