{"id":326998,"date":"2025-02-28T14:03:49","date_gmt":"2025-02-28T10:03:49","guid":{"rendered":"https:\/\/www.meydan.tv\/?p=326998"},"modified":"2025-02-28T14:03:52","modified_gmt":"2025-02-28T10:03:52","slug":"filosof-niyazi-mehdi-v%c9%99fat-edib","status":"publish","type":"post","link":"https:\/\/www.meydan.tv\/az\/article\/filosof-niyazi-mehdi-v%c9%99fat-edib\/","title":{"rendered":"Filosof Niyazi Mehdi v\u0259fat edib"},"content":{"rendered":"\n<p><\/p>\n\n\n\n<p><strong><em>\u00d6t\u0259n g\u00fcn \u0259m\u0259liyyat olunan alim bu g\u00fcn s\u0259h\u0259r\u0259 yax\u0131n h\u0259yat\u0131n\u0131 itirib<\/em><\/strong><\/p>\n\n\n\n<p>F\u0259ls\u0259f\u0259 elml\u0259ri doktoru Niyazi Mehdi bu g\u00fcn M\u0259rk\u0259zi G\u00f6mr\u00fck X\u0259st\u0259xanas\u0131n\u0131n reanimasiya \u015f\u00f6b\u0259sind\u0259 v\u0259fat edib.<\/p>\n\n\n\n<p>Qarda\u015f\u0131&nbsp;Mehdi Mehdiyev bildirib ki, bu g\u00fcn qarda\u015f\u0131n\u0131n aya\u011f\u0131 amputasiya olunmal\u0131 idi, amma ax\u015fam v\u0259ziyy\u0259ti \u00e7ox a\u011f\u0131rla\u015fd\u0131\u011f\u0131 \u00fc\u00e7\u00fcn h\u0259kiml\u0259r m\u0259cburiyy\u0259t qar\u015f\u0131s\u0131nda \u00fcr\u0259yini \u0259m\u0259liyyat etm\u0259li olublar.<\/p>\n\n\n\n<p><em>&#8220;Niyazi invaziv a\u00e7\u0131q \u00fcr\u0259k \u0259m\u0259liyyat\u0131 &#8211; TAVI (Transcatheter Aortic Valve Implantation &#8211; red.) edilib, klapan d\u0259yi\u015film\u0259kl\u0259. Biz ba\u015fa d\u00fc\u015f\u00fcrd\u00fck ki, \u0259m\u0259liyyat risklidir, amma etdirm\u0259li olduq. \u018fm\u0259liyyat\u0131n \u00f6z\u00fc yax\u015f\u0131 ke\u00e7ib, amma sonras\u0131na tab g\u0259tirm\u0259yib. Y\u0259ni bu hadis\u0259 \u0259m\u0259liyyat vaxt\u0131 da ba\u015f ver\u0259 bil\u0259rdi, sad\u0259c\u0259, sonra ba\u015f verdi v\u0259 bu g\u00fcn s\u0259h\u0259r\u0259 yax\u0131n h\u0259yat\u0131n\u0131 itirdi&#8221;,<\/em> &#8211; dey\u0259 M.Mehdiyev vur\u011fulay\u0131b.<\/p>\n\n\n\n<p>Niyazi Mehdi 1951-ci il fevral\u0131n 26-da Bak\u0131 \u015f\u0259h\u0259rind\u0259 anadan olub. 1968\u20131973 -c\u00fc ill\u0259rd\u0259 Az\u0259rbaycan D\u00f6vl\u0259t Universitetinin filologiya fak\u00fclt\u0259sind\u0259, 1973\u20131976-c\u0131 ill\u0259rd\u0259 is\u0259 M. V. Lomonosov ad\u0131na Moskva D\u00f6vl\u0259t Universitetinin f\u0259ls\u0259f\u0259 fak\u00fclt\u0259sind\u0259 estetika \u00fczr\u0259 t\u0259hsil al\u0131b.<\/p>\n\n\n\n<p>M. A. \u018fliyev ad\u0131na Az\u0259rbaycan D\u00f6vl\u0259t \u0130nc\u0259s\u0259n\u0259t \u0130nstitutunun f\u0259ls\u0259f\u0259 kafedras\u0131nda \u00e7al\u0131\u015f\u0131rd\u0131.<\/p>\n\n\n\n<p>\u018fd\u0259bi f\u0259aliyy\u0259t\u0259 1970-ci ill\u0259rd\u0259n ba\u015flay\u0131b. 1989-cu ild\u0259n Az\u0259rbaycan Yaz\u0131\u00e7\u0131lar Birliyinin \u00fczv\u00fcd\u00fcr.<\/p>\n\n\n\n<p>Niyazi Mehdi 1992-ci ild\u0259n 2003-c\u00fc il\u0259 kimi M\u00fcsavat Partiyas\u0131n\u0131n konseptual m\u0259s\u0259l\u0259l\u0259r \u00fczr\u0259 ba\u015fqan m\u00fcavini v\u0259 divan \u00fczv\u00fc olub.<\/p>\n","protected":false},"excerpt":{"rendered":"<p>\u00d6t\u0259n g\u00fcn \u0259m\u0259liyyat olunan alim bu g\u00fcn s\u0259h\u0259r\u0259 yax\u0131n h\u0259yat\u0131n\u0131 &#8230; <\/p>\n<p class=\"read-more-container\"><a title=\"Filosof Niyazi Mehdi v\u0259fat edib\" class=\"read-more button\" href=\"https:\/\/www.meydan.tv\/az\/article\/filosof-niyazi-mehdi-v%c9%99fat-edib\/#more-326998\" aria-label=\"Read more about Filosof Niyazi Mehdi v\u0259fat edib\">Davam\u0131<\/a><\/p>\n","protected":false},"author":21,"featured_media":326999,"comment_status":"closed","ping_status":"closed","sticky":false,"template":"","format":"standard","meta":{"_acf_changed":false,"_sitemap_exclude":false,"_sitemap_priority":"","_sitemap_frequency":"","footnotes":""},"categories":[62,56],"tags":[],"class_list":["post-326998","post","type-post","status-publish","format-standard","has-post-thumbnail","hentry","category-sosial","category-xeberler","infinite-scroll-item","generate-columns","tablet-grid-50","mobile-grid-100","grid-parent","grid-33","no-featured-image-padding"],"acf":[],"yoast_head":"<!-- This site is optimized with the Yoast SEO plugin v27.4 - https:\/\/yoast.com\/product\/yoast-seo-wordpress\/ -->\n<title>Filosof Niyazi Mehdi v\u0259fat edib - MEYDAN.TV<\/title>\n<meta name=\"robots\" content=\"index, follow, max-snippet:-1, max-image-preview:large, max-video-preview:-1\" \/>\n<link rel=\"canonical\" href=\"https:\/\/www.meydan.tv\/az\/article\/filosof-niyazi-mehdi-v%c9%99fat-edib\/\" \/>\n<meta property=\"og:locale\" content=\"az_AZ\" \/>\n<meta property=\"og:type\" content=\"article\" \/>\n<meta property=\"og:title\" content=\"Filosof Niyazi Mehdi v\u0259fat edib - MEYDAN.TV\" \/>\n<meta property=\"og:description\" content=\"\u00d6t\u0259n g\u00fcn \u0259m\u0259liyyat olunan alim bu g\u00fcn s\u0259h\u0259r\u0259 yax\u0131n h\u0259yat\u0131n\u0131 ... Davam\u0131\" \/>\n<meta property=\"og:url\" content=\"https:\/\/www.meydan.tv\/az\/article\/filosof-niyazi-mehdi-v%c9%99fat-edib\/\" \/>\n<meta property=\"og:site_name\" content=\"MEYDAN.TV\" \/>\n<meta property=\"article:published_time\" content=\"2025-02-28T10:03:49+00:00\" \/>\n<meta property=\"article:modified_time\" content=\"2025-02-28T10:03:52+00:00\" \/>\n<meta property=\"og:image\" content=\"https:\/\/www.meydan.tv\/wp-content\/uploads\/462146127_9113289048699938_1996657034194122443_n-e1740736997386.jpg\" \/>\n\t<meta property=\"og:image:width\" content=\"960\" \/>\n\t<meta property=\"og:image:height\" content=\"432\" \/>\n\t<meta property=\"og:image:type\" content=\"image\/jpeg\" \/>\n<meta name=\"author\" content=\"mahmud\" \/>\n<meta name=\"twitter:card\" content=\"summary_large_image\" \/>\n<script type=\"application\/ld+json\" class=\"yoast-schema-graph\">{\"@context\":\"https:\\\/\\\/schema.org\",\"@graph\":[{\"@type\":\"Article\",\"@id\":\"https:\\\/\\\/www.meydan.tv\\\/az\\\/article\\\/filosof-niyazi-mehdi-v%c9%99fat-edib\\\/#article\",\"isPartOf\":{\"@id\":\"https:\\\/\\\/www.meydan.tv\\\/az\\\/article\\\/filosof-niyazi-mehdi-v%c9%99fat-edib\\\/\"},\"author\":{\"name\":\"mahmud\",\"@id\":\"https:\\\/\\\/www.meydan.tv\\\/az\\\/#\\\/schema\\\/person\\\/09863e516102a829e72bedcf3f84c6b0\"},\"headline\":\"Filosof Niyazi Mehdi v\u0259fat edib\",\"datePublished\":\"2025-02-28T10:03:49+00:00\",\"dateModified\":\"2025-02-28T10:03:52+00:00\",\"mainEntityOfPage\":{\"@id\":\"https:\\\/\\\/www.meydan.tv\\\/az\\\/article\\\/filosof-niyazi-mehdi-v%c9%99fat-edib\\\/\"},\"wordCount\":308,\"publisher\":{\"@id\":\"https:\\\/\\\/www.meydan.tv\\\/az\\\/#organization\"},\"image\":{\"@id\":\"https:\\\/\\\/www.meydan.tv\\\/az\\\/article\\\/filosof-niyazi-mehdi-v%c9%99fat-edib\\\/#primaryimage\"},\"thumbnailUrl\":\"https:\\\/\\\/www.meydan.tv\\\/wp-content\\\/uploads\\\/462146127_9113289048699938_1996657034194122443_n-e1740736997386.jpg\",\"articleSection\":[\"Sosial\",\"X\u0259b\u0259rl\u0259r\"],\"inLanguage\":\"az\"},{\"@type\":\"WebPage\",\"@id\":\"https:\\\/\\\/www.meydan.tv\\\/az\\\/article\\\/filosof-niyazi-mehdi-v%c9%99fat-edib\\\/\",\"url\":\"https:\\\/\\\/www.meydan.tv\\\/az\\\/article\\\/filosof-niyazi-mehdi-v%c9%99fat-edib\\\/\",\"name\":\"Filosof Niyazi Mehdi v\u0259fat edib - MEYDAN.TV\",\"isPartOf\":{\"@id\":\"https:\\\/\\\/www.meydan.tv\\\/az\\\/#website\"},\"primaryImageOfPage\":{\"@id\":\"https:\\\/\\\/www.meydan.tv\\\/az\\\/article\\\/filosof-niyazi-mehdi-v%c9%99fat-edib\\\/#primaryimage\"},\"image\":{\"@id\":\"https:\\\/\\\/www.meydan.tv\\\/az\\\/article\\\/filosof-niyazi-mehdi-v%c9%99fat-edib\\\/#primaryimage\"},\"thumbnailUrl\":\"https:\\\/\\\/www.meydan.tv\\\/wp-content\\\/uploads\\\/462146127_9113289048699938_1996657034194122443_n-e1740736997386.jpg\",\"datePublished\":\"2025-02-28T10:03:49+00:00\",\"dateModified\":\"2025-02-28T10:03:52+00:00\",\"breadcrumb\":{\"@id\":\"https:\\\/\\\/www.meydan.tv\\\/az\\\/article\\\/filosof-niyazi-mehdi-v%c9%99fat-edib\\\/#breadcrumb\"},\"inLanguage\":\"az\",\"potentialAction\":[{\"@type\":\"ReadAction\",\"target\":[\"https:\\\/\\\/www.meydan.tv\\\/az\\\/article\\\/filosof-niyazi-mehdi-v%c9%99fat-edib\\\/\"]}]},{\"@type\":\"ImageObject\",\"inLanguage\":\"az\",\"@id\":\"https:\\\/\\\/www.meydan.tv\\\/az\\\/article\\\/filosof-niyazi-mehdi-v%c9%99fat-edib\\\/#primaryimage\",\"url\":\"https:\\\/\\\/www.meydan.tv\\\/wp-content\\\/uploads\\\/462146127_9113289048699938_1996657034194122443_n-e1740736997386.jpg\",\"contentUrl\":\"https:\\\/\\\/www.meydan.tv\\\/wp-content\\\/uploads\\\/462146127_9113289048699938_1996657034194122443_n-e1740736997386.jpg\",\"width\":960,\"height\":432,\"caption\":\"Foto: \u015e\u0259xsi Facebook s\u0259hif\u0259sind\u0259n\"},{\"@type\":\"BreadcrumbList\",\"@id\":\"https:\\\/\\\/www.meydan.tv\\\/az\\\/article\\\/filosof-niyazi-mehdi-v%c9%99fat-edib\\\/#breadcrumb\",\"itemListElement\":[{\"@type\":\"ListItem\",\"position\":1,\"name\":\"Ana s\u0259hif\u0259\",\"item\":\"https:\\\/\\\/www.meydan.tv\\\/az\\\/\"},{\"@type\":\"ListItem\",\"position\":2,\"name\":\"Sosial\",\"item\":\"https:\\\/\\\/www.meydan.tv\\\/az\\\/section\\\/sosial\\\/\"},{\"@type\":\"ListItem\",\"position\":3,\"name\":\"Filosof Niyazi Mehdi v\u0259fat edib\"}]},{\"@type\":\"WebSite\",\"@id\":\"https:\\\/\\\/www.meydan.tv\\\/az\\\/#website\",\"url\":\"https:\\\/\\\/www.meydan.tv\\\/az\\\/\",\"name\":\"MEYDAN.TV\",\"description\":\"Meydan TV Az\u0259rbaycan\u0131n media m\u0259kan\u0131ndak\u0131 alternativ s\u0259sidir\",\"publisher\":{\"@id\":\"https:\\\/\\\/www.meydan.tv\\\/az\\\/#organization\"},\"potentialAction\":[{\"@type\":\"SearchAction\",\"target\":{\"@type\":\"EntryPoint\",\"urlTemplate\":\"https:\\\/\\\/www.meydan.tv\\\/az\\\/?s={search_term_string}\"},\"query-input\":{\"@type\":\"PropertyValueSpecification\",\"valueRequired\":true,\"valueName\":\"search_term_string\"}}],\"inLanguage\":\"az\"},{\"@type\":\"Organization\",\"@id\":\"https:\\\/\\\/www.meydan.tv\\\/az\\\/#organization\",\"name\":\"Meydan TV\",\"url\":\"https:\\\/\\\/www.meydan.tv\\\/az\\\/\",\"logo\":{\"@type\":\"ImageObject\",\"inLanguage\":\"az\",\"@id\":\"https:\\\/\\\/www.meydan.tv\\\/az\\\/#\\\/schema\\\/logo\\\/image\\\/\",\"url\":\"https:\\\/\\\/www.meydan.tv\\\/wp-content\\\/uploads\\\/2021\\\/07\\\/meydan-logo.svg\",\"contentUrl\":\"https:\\\/\\\/www.meydan.tv\\\/wp-content\\\/uploads\\\/2021\\\/07\\\/meydan-logo.svg\",\"width\":195,\"height\":46,\"caption\":\"Meydan TV\"},\"image\":{\"@id\":\"https:\\\/\\\/www.meydan.tv\\\/az\\\/#\\\/schema\\\/logo\\\/image\\\/\"}},{\"@type\":\"Person\",\"@id\":\"https:\\\/\\\/www.meydan.tv\\\/az\\\/#\\\/schema\\\/person\\\/09863e516102a829e72bedcf3f84c6b0\",\"name\":\"mahmud\"}]}<\/script>\n<!-- \/ Yoast SEO plugin. -->","yoast_head_json":{"title":"Filosof Niyazi Mehdi v\u0259fat edib - MEYDAN.TV","robots":{"index":"index","follow":"follow","max-snippet":"max-snippet:-1","max-image-preview":"max-image-preview:large","max-video-preview":"max-video-preview:-1"},"canonical":"https:\/\/www.meydan.tv\/az\/article\/filosof-niyazi-mehdi-v%c9%99fat-edib\/","og_locale":"az_AZ","og_type":"article","og_title":"Filosof Niyazi Mehdi v\u0259fat edib - MEYDAN.TV","og_description":"\u00d6t\u0259n g\u00fcn \u0259m\u0259liyyat olunan alim bu g\u00fcn s\u0259h\u0259r\u0259 yax\u0131n h\u0259yat\u0131n\u0131 ... Davam\u0131","og_url":"https:\/\/www.meydan.tv\/az\/article\/filosof-niyazi-mehdi-v%c9%99fat-edib\/","og_site_name":"MEYDAN.TV","article_published_time":"2025-02-28T10:03:49+00:00","article_modified_time":"2025-02-28T10:03:52+00:00","og_image":[{"width":960,"height":432,"url":"https:\/\/www.meydan.tv\/wp-content\/uploads\/462146127_9113289048699938_1996657034194122443_n-e1740736997386.jpg","type":"image\/jpeg"}],"author":"mahmud","twitter_card":"summary_large_image","schema":{"@context":"https:\/\/schema.org","@graph":[{"@type":"Article","@id":"https:\/\/www.meydan.tv\/az\/article\/filosof-niyazi-mehdi-v%c9%99fat-edib\/#article","isPartOf":{"@id":"https:\/\/www.meydan.tv\/az\/article\/filosof-niyazi-mehdi-v%c9%99fat-edib\/"},"author":{"name":"mahmud","@id":"https:\/\/www.meydan.tv\/az\/#\/schema\/person\/09863e516102a829e72bedcf3f84c6b0"},"headline":"Filosof Niyazi Mehdi v\u0259fat edib","datePublished":"2025-02-28T10:03:49+00:00","dateModified":"2025-02-28T10:03:52+00:00","mainEntityOfPage":{"@id":"https:\/\/www.meydan.tv\/az\/article\/filosof-niyazi-mehdi-v%c9%99fat-edib\/"},"wordCount":308,"publisher":{"@id":"https:\/\/www.meydan.tv\/az\/#organization"},"image":{"@id":"https:\/\/www.meydan.tv\/az\/article\/filosof-niyazi-mehdi-v%c9%99fat-edib\/#primaryimage"},"thumbnailUrl":"https:\/\/www.meydan.tv\/wp-content\/uploads\/462146127_9113289048699938_1996657034194122443_n-e1740736997386.jpg","articleSection":["Sosial","X\u0259b\u0259rl\u0259r"],"inLanguage":"az"},{"@type":"WebPage","@id":"https:\/\/www.meydan.tv\/az\/article\/filosof-niyazi-mehdi-v%c9%99fat-edib\/","url":"https:\/\/www.meydan.tv\/az\/article\/filosof-niyazi-mehdi-v%c9%99fat-edib\/","name":"Filosof Niyazi Mehdi v\u0259fat edib - MEYDAN.TV","isPartOf":{"@id":"https:\/\/www.meydan.tv\/az\/#website"},"primaryImageOfPage":{"@id":"https:\/\/www.meydan.tv\/az\/article\/filosof-niyazi-mehdi-v%c9%99fat-edib\/#primaryimage"},"image":{"@id":"https:\/\/www.meydan.tv\/az\/article\/filosof-niyazi-mehdi-v%c9%99fat-edib\/#primaryimage"},"thumbnailUrl":"https:\/\/www.meydan.tv\/wp-content\/uploads\/462146127_9113289048699938_1996657034194122443_n-e1740736997386.jpg","datePublished":"2025-02-28T10:03:49+00:00","dateModified":"2025-02-28T10:03:52+00:00","breadcrumb":{"@id":"https:\/\/www.meydan.tv\/az\/article\/filosof-niyazi-mehdi-v%c9%99fat-edib\/#breadcrumb"},"inLanguage":"az","potentialAction":[{"@type":"ReadAction","target":["https:\/\/www.meydan.tv\/az\/article\/filosof-niyazi-mehdi-v%c9%99fat-edib\/"]}]},{"@type":"ImageObject","inLanguage":"az","@id":"https:\/\/www.meydan.tv\/az\/article\/filosof-niyazi-mehdi-v%c9%99fat-edib\/#primaryimage","url":"https:\/\/www.meydan.tv\/wp-content\/uploads\/462146127_9113289048699938_1996657034194122443_n-e1740736997386.jpg","contentUrl":"https:\/\/www.meydan.tv\/wp-content\/uploads\/462146127_9113289048699938_1996657034194122443_n-e1740736997386.jpg","width":960,"height":432,"caption":"Foto: \u015e\u0259xsi Facebook s\u0259hif\u0259sind\u0259n"},{"@type":"BreadcrumbList","@id":"https:\/\/www.meydan.tv\/az\/article\/filosof-niyazi-mehdi-v%c9%99fat-edib\/#breadcrumb","itemListElement":[{"@type":"ListItem","position":1,"name":"Ana s\u0259hif\u0259","item":"https:\/\/www.meydan.tv\/az\/"},{"@type":"ListItem","position":2,"name":"Sosial","item":"https:\/\/www.meydan.tv\/az\/section\/sosial\/"},{"@type":"ListItem","position":3,"name":"Filosof Niyazi Mehdi v\u0259fat edib"}]},{"@type":"WebSite","@id":"https:\/\/www.meydan.tv\/az\/#website","url":"https:\/\/www.meydan.tv\/az\/","name":"MEYDAN.TV","description":"Meydan TV Az\u0259rbaycan\u0131n media m\u0259kan\u0131ndak\u0131 alternativ s\u0259sidir","publisher":{"@id":"https:\/\/www.meydan.tv\/az\/#organization"},"potentialAction":[{"@type":"SearchAction","target":{"@type":"EntryPoint","urlTemplate":"https:\/\/www.meydan.tv\/az\/?s={search_term_string}"},"query-input":{"@type":"PropertyValueSpecification","valueRequired":true,"valueName":"search_term_string"}}],"inLanguage":"az"},{"@type":"Organization","@id":"https:\/\/www.meydan.tv\/az\/#organization","name":"Meydan TV","url":"https:\/\/www.meydan.tv\/az\/","logo":{"@type":"ImageObject","inLanguage":"az","@id":"https:\/\/www.meydan.tv\/az\/#\/schema\/logo\/image\/","url":"https:\/\/www.meydan.tv\/wp-content\/uploads\/2021\/07\/meydan-logo.svg","contentUrl":"https:\/\/www.meydan.tv\/wp-content\/uploads\/2021\/07\/meydan-logo.svg","width":195,"height":46,"caption":"Meydan TV"},"image":{"@id":"https:\/\/www.meydan.tv\/az\/#\/schema\/logo\/image\/"}},{"@type":"Person","@id":"https:\/\/www.meydan.tv\/az\/#\/schema\/person\/09863e516102a829e72bedcf3f84c6b0","name":"mahmud"}]}},"_links":{"self":[{"href":"https:\/\/www.meydan.tv\/az\/wp-json\/wp\/v2\/posts\/326998","targetHints":{"allow":["GET"]}}],"collection":[{"href":"https:\/\/www.meydan.tv\/az\/wp-json\/wp\/v2\/posts"}],"about":[{"href":"https:\/\/www.meydan.tv\/az\/wp-json\/wp\/v2\/types\/post"}],"author":[{"embeddable":true,"href":"https:\/\/www.meydan.tv\/az\/wp-json\/wp\/v2\/users\/21"}],"replies":[{"embeddable":true,"href":"https:\/\/www.meydan.tv\/az\/wp-json\/wp\/v2\/comments?post=326998"}],"version-history":[{"count":1,"href":"https:\/\/www.meydan.tv\/az\/wp-json\/wp\/v2\/posts\/326998\/revisions"}],"predecessor-version":[{"id":327002,"href":"https:\/\/www.meydan.tv\/az\/wp-json\/wp\/v2\/posts\/326998\/revisions\/327002"}],"wp:featuredmedia":[{"embeddable":true,"href":"https:\/\/www.meydan.tv\/az\/wp-json\/wp\/v2\/media\/326999"}],"wp:attachment":[{"href":"https:\/\/www.meydan.tv\/az\/wp-json\/wp\/v2\/media?parent=326998"}],"wp:term":[{"taxonomy":"category","embeddable":true,"href":"https:\/\/www.meydan.tv\/az\/wp-json\/wp\/v2\/categories?post=326998"},{"taxonomy":"post_tag","embeddable":true,"href":"https:\/\/www.meydan.tv\/az\/wp-json\/wp\/v2\/tags?post=326998"}],"curies":[{"name":"wp","href":"https:\/\/api.w.org\/{rel}","templated":true}]}}