{"id":326985,"date":"2025-02-27T19:54:57","date_gmt":"2025-02-27T15:54:57","guid":{"rendered":"https:\/\/www.meydan.tv\/?p=326985"},"modified":"2025-02-27T19:54:59","modified_gmt":"2025-02-27T15:54:59","slug":"bloombergin-d%c9%99-az%c9%99rbaycanda-muxbir-akkreditasiyasinin-l%c9%99gv-edildiyi-bildirilir","status":"publish","type":"post","link":"https:\/\/www.meydan.tv\/az\/article\/bloombergin-d%c9%99-az%c9%99rbaycanda-muxbir-akkreditasiyasinin-l%c9%99gv-edildiyi-bildirilir\/","title":{"rendered":"\u201cBloomberg\u201din d\u0259 Az\u0259rbaycanda m\u00fcxbir akkreditasiyas\u0131n\u0131n l\u0259\u011fv edildiyi bildirilir"},"content":{"rendered":"\n<p><\/p>\n\n\n\n<p><strong><em>Bundan \u00f6nc\u0259 \u201cBBC News\u201d v\u0259 \u201cSputnik\u201din Az\u0259rbaycandak\u0131 n\u00fcmay\u0259nd\u0259likl\u0259ri, o c\u00fcml\u0259d\u0259n \u201cAmerikan\u0131n s\u0259si\u201d radiosunun m\u00fcxbir akkreditasiyas\u0131 l\u0259\u011fv edilmi\u015fdi<\/em><\/strong><\/p>\n\n\n\n<p>\u201cBloomberg\u201d agentliyinin Az\u0259rbaycanda m\u00fcxbir akkreditasiyas\u0131n\u0131n l\u0259\u011fv edildiyi bildirilir.<\/p>\n\n\n\n<p>Bu bar\u0259d\u0259 \u201cReport\u201d m\u0259nb\u0259sin\u0259 istinad\u0259n <a href=\"https:\/\/report.az\/xarici-siyaset\/bloomberg-in-azerbaycanda-akkreditasiyasi-legv-edilib-ekskluziv\/\" target=\"_blank\" rel=\"noreferrer noopener\">m\u0259lumat verib.<\/a><\/p>\n\n\n\n<p>Daha \u00f6nc\u0259 \u201cBBC News\u201d v\u0259 \u201cSputnik\u201din Az\u0259rbaycandak\u0131 n\u00fcmay\u0259nd\u0259likl\u0259ri, o c\u00fcml\u0259d\u0259n \u201cAmerikan\u0131n s\u0259si\u201d radiosunun m\u00fcxbir akkreditasiyas\u0131 l\u0259\u011fv edilib.<\/p>\n\n\n\n<p>2024-c\u00fc il dekabr\u0131n 18-d\u0259 Az\u0259rbaycan Prezidenti \u0130lham \u018fliyev Rusiyan\u0131n bir ne\u00e7\u0259 m\u0259tbu v\u0259 media orqan\u0131na m\u00fcsahib\u0259sind\u0259 demi\u015fdi ki, Az\u0259rbaycan medias\u0131 xaricd\u0259n h\u0259tta 1 faiz bel\u0259 maliyy\u0259l\u0259\u015f\u0259 bilm\u0259z.<\/p>\n\n\n\n<p><em>\u201cBiz AB\u015e-d\u0259 media maliyy\u0259l\u0259\u015fdirmirik. Niy\u0259 onlar bizim median\u0131 maliyy\u0259l\u0259\u015fdirm\u0259lidirl\u0259r?! Laz\u0131m deyil. Onlar \u201cAmerikan\u0131n s\u0259si\u201d v\u0259 \u201cAzadl\u0131q\u201d radiosu kimi \u0259lalt\u0131 resurslar\u0131 vasit\u0259sil\u0259 gec\u0259-g\u00fcnd\u00fcz xalq\u0131m\u0131za, \u00f6lk\u0259miz\u0259 qara yax\u0131rlar, Erm\u0259nistan \u00fcz\u0259rind\u0259 q\u0259l\u0259b\u0259miz\u0259 k\u00f6lg\u0259 sal\u0131rlar\u201d,<\/em> \u2013 \u0130lham \u018fliyev bildirmi\u015fdi.<\/p>\n","protected":false},"excerpt":{"rendered":"<p>Bundan \u00f6nc\u0259 \u201cBBC News\u201d v\u0259 \u201cSputnik\u201din Az\u0259rbaycandak\u0131 n\u00fcmay\u0259nd\u0259likl\u0259ri, o c\u00fcml\u0259d\u0259n &#8230; <\/p>\n<p class=\"read-more-container\"><a title=\"\u201cBloomberg\u201din d\u0259 Az\u0259rbaycanda m\u00fcxbir akkreditasiyas\u0131n\u0131n l\u0259\u011fv edildiyi bildirilir\" class=\"read-more button\" href=\"https:\/\/www.meydan.tv\/az\/article\/bloombergin-d%c9%99-az%c9%99rbaycanda-muxbir-akkreditasiyasinin-l%c9%99gv-edildiyi-bildirilir\/#more-326985\" aria-label=\"Read more about \u201cBloomberg\u201din d\u0259 Az\u0259rbaycanda m\u00fcxbir akkreditasiyas\u0131n\u0131n l\u0259\u011fv edildiyi bildirilir\">Davam\u0131<\/a><\/p>\n","protected":false},"author":21,"featured_media":326986,"comment_status":"closed","ping_status":"closed","sticky":false,"template":"","format":"standard","meta":{"_acf_changed":false,"_sitemap_exclude":false,"_sitemap_priority":"","_sitemap_frequency":"","footnotes":""},"categories":[59,79,56],"tags":[],"class_list":["post-326985","post","type-post","status-publish","format-standard","has-post-thumbnail","hentry","category-siyaset","category-featured","category-xeberler","infinite-scroll-item","generate-columns","tablet-grid-50","mobile-grid-100","grid-parent","grid-33","no-featured-image-padding"],"acf":[],"yoast_head":"<!-- This site is optimized with the Yoast SEO plugin v27.5 - https:\/\/yoast.com\/product\/yoast-seo-wordpress\/ -->\n<title>\u201cBloomberg\u201din d\u0259 Az\u0259rbaycanda m\u00fcxbir akkreditasiyas\u0131n\u0131n l\u0259\u011fv edildiyi bildirilir - MEYDAN.TV<\/title>\n<meta name=\"robots\" content=\"index, follow, max-snippet:-1, max-image-preview:large, max-video-preview:-1\" \/>\n<link rel=\"canonical\" href=\"https:\/\/www.meydan.tv\/az\/article\/bloombergin-d%c9%99-az%c9%99rbaycanda-muxbir-akkreditasiyasinin-l%c9%99gv-edildiyi-bildirilir\/\" \/>\n<meta property=\"og:locale\" content=\"az_AZ\" \/>\n<meta property=\"og:type\" content=\"article\" \/>\n<meta property=\"og:title\" content=\"\u201cBloomberg\u201din d\u0259 Az\u0259rbaycanda m\u00fcxbir akkreditasiyas\u0131n\u0131n l\u0259\u011fv edildiyi bildirilir - MEYDAN.TV\" \/>\n<meta property=\"og:description\" content=\"Bundan \u00f6nc\u0259 \u201cBBC News\u201d v\u0259 \u201cSputnik\u201din Az\u0259rbaycandak\u0131 n\u00fcmay\u0259nd\u0259likl\u0259ri, o c\u00fcml\u0259d\u0259n ... Davam\u0131\" \/>\n<meta property=\"og:url\" content=\"https:\/\/www.meydan.tv\/az\/article\/bloombergin-d%c9%99-az%c9%99rbaycanda-muxbir-akkreditasiyasinin-l%c9%99gv-edildiyi-bildirilir\/\" \/>\n<meta property=\"og:site_name\" content=\"MEYDAN.TV\" \/>\n<meta property=\"article:published_time\" content=\"2025-02-27T15:54:57+00:00\" \/>\n<meta property=\"article:modified_time\" content=\"2025-02-27T15:54:59+00:00\" \/>\n<meta property=\"og:image\" content=\"https:\/\/www.meydan.tv\/wp-content\/uploads\/bloomberg_default-a4f15fa7ee.jpg\" \/>\n\t<meta property=\"og:image:width\" content=\"1200\" \/>\n\t<meta property=\"og:image:height\" content=\"630\" \/>\n\t<meta property=\"og:image:type\" content=\"image\/jpeg\" \/>\n<meta name=\"author\" content=\"mahmud\" \/>\n<meta name=\"twitter:card\" content=\"summary_large_image\" \/>\n<script type=\"application\/ld+json\" class=\"yoast-schema-graph\">{\"@context\":\"https:\\\/\\\/schema.org\",\"@graph\":[{\"@type\":\"Article\",\"@id\":\"https:\\\/\\\/www.meydan.tv\\\/az\\\/article\\\/bloombergin-d%c9%99-az%c9%99rbaycanda-muxbir-akkreditasiyasinin-l%c9%99gv-edildiyi-bildirilir\\\/#article\",\"isPartOf\":{\"@id\":\"https:\\\/\\\/www.meydan.tv\\\/az\\\/article\\\/bloombergin-d%c9%99-az%c9%99rbaycanda-muxbir-akkreditasiyasinin-l%c9%99gv-edildiyi-bildirilir\\\/\"},\"author\":{\"name\":\"mahmud\",\"@id\":\"https:\\\/\\\/www.meydan.tv\\\/az\\\/#\\\/schema\\\/person\\\/09863e516102a829e72bedcf3f84c6b0\"},\"headline\":\"\u201cBloomberg\u201din d\u0259 Az\u0259rbaycanda m\u00fcxbir akkreditasiyas\u0131n\u0131n l\u0259\u011fv edildiyi bildirilir\",\"datePublished\":\"2025-02-27T15:54:57+00:00\",\"dateModified\":\"2025-02-27T15:54:59+00:00\",\"mainEntityOfPage\":{\"@id\":\"https:\\\/\\\/www.meydan.tv\\\/az\\\/article\\\/bloombergin-d%c9%99-az%c9%99rbaycanda-muxbir-akkreditasiyasinin-l%c9%99gv-edildiyi-bildirilir\\\/\"},\"wordCount\":200,\"publisher\":{\"@id\":\"https:\\\/\\\/www.meydan.tv\\\/az\\\/#organization\"},\"image\":{\"@id\":\"https:\\\/\\\/www.meydan.tv\\\/az\\\/article\\\/bloombergin-d%c9%99-az%c9%99rbaycanda-muxbir-akkreditasiyasinin-l%c9%99gv-edildiyi-bildirilir\\\/#primaryimage\"},\"thumbnailUrl\":\"https:\\\/\\\/www.meydan.tv\\\/wp-content\\\/uploads\\\/bloomberg_default-a4f15fa7ee.jpg\",\"articleSection\":[\"Siyas\u0259t\",\"T\u00f6vsiy\u0259\",\"X\u0259b\u0259rl\u0259r\"],\"inLanguage\":\"az\"},{\"@type\":\"WebPage\",\"@id\":\"https:\\\/\\\/www.meydan.tv\\\/az\\\/article\\\/bloombergin-d%c9%99-az%c9%99rbaycanda-muxbir-akkreditasiyasinin-l%c9%99gv-edildiyi-bildirilir\\\/\",\"url\":\"https:\\\/\\\/www.meydan.tv\\\/az\\\/article\\\/bloombergin-d%c9%99-az%c9%99rbaycanda-muxbir-akkreditasiyasinin-l%c9%99gv-edildiyi-bildirilir\\\/\",\"name\":\"\u201cBloomberg\u201din d\u0259 Az\u0259rbaycanda m\u00fcxbir akkreditasiyas\u0131n\u0131n l\u0259\u011fv edildiyi bildirilir - MEYDAN.TV\",\"isPartOf\":{\"@id\":\"https:\\\/\\\/www.meydan.tv\\\/az\\\/#website\"},\"primaryImageOfPage\":{\"@id\":\"https:\\\/\\\/www.meydan.tv\\\/az\\\/article\\\/bloombergin-d%c9%99-az%c9%99rbaycanda-muxbir-akkreditasiyasinin-l%c9%99gv-edildiyi-bildirilir\\\/#primaryimage\"},\"image\":{\"@id\":\"https:\\\/\\\/www.meydan.tv\\\/az\\\/article\\\/bloombergin-d%c9%99-az%c9%99rbaycanda-muxbir-akkreditasiyasinin-l%c9%99gv-edildiyi-bildirilir\\\/#primaryimage\"},\"thumbnailUrl\":\"https:\\\/\\\/www.meydan.tv\\\/wp-content\\\/uploads\\\/bloomberg_default-a4f15fa7ee.jpg\",\"datePublished\":\"2025-02-27T15:54:57+00:00\",\"dateModified\":\"2025-02-27T15:54:59+00:00\",\"breadcrumb\":{\"@id\":\"https:\\\/\\\/www.meydan.tv\\\/az\\\/article\\\/bloombergin-d%c9%99-az%c9%99rbaycanda-muxbir-akkreditasiyasinin-l%c9%99gv-edildiyi-bildirilir\\\/#breadcrumb\"},\"inLanguage\":\"az\",\"potentialAction\":[{\"@type\":\"ReadAction\",\"target\":[\"https:\\\/\\\/www.meydan.tv\\\/az\\\/article\\\/bloombergin-d%c9%99-az%c9%99rbaycanda-muxbir-akkreditasiyasinin-l%c9%99gv-edildiyi-bildirilir\\\/\"]}]},{\"@type\":\"ImageObject\",\"inLanguage\":\"az\",\"@id\":\"https:\\\/\\\/www.meydan.tv\\\/az\\\/article\\\/bloombergin-d%c9%99-az%c9%99rbaycanda-muxbir-akkreditasiyasinin-l%c9%99gv-edildiyi-bildirilir\\\/#primaryimage\",\"url\":\"https:\\\/\\\/www.meydan.tv\\\/wp-content\\\/uploads\\\/bloomberg_default-a4f15fa7ee.jpg\",\"contentUrl\":\"https:\\\/\\\/www.meydan.tv\\\/wp-content\\\/uploads\\\/bloomberg_default-a4f15fa7ee.jpg\",\"width\":1200,\"height\":630,\"caption\":\"Foto: Bloomberg\"},{\"@type\":\"BreadcrumbList\",\"@id\":\"https:\\\/\\\/www.meydan.tv\\\/az\\\/article\\\/bloombergin-d%c9%99-az%c9%99rbaycanda-muxbir-akkreditasiyasinin-l%c9%99gv-edildiyi-bildirilir\\\/#breadcrumb\",\"itemListElement\":[{\"@type\":\"ListItem\",\"position\":1,\"name\":\"Ana s\u0259hif\u0259\",\"item\":\"https:\\\/\\\/www.meydan.tv\\\/az\\\/\"},{\"@type\":\"ListItem\",\"position\":2,\"name\":\"Siyas\u0259t\",\"item\":\"https:\\\/\\\/www.meydan.tv\\\/az\\\/section\\\/siyaset\\\/\"},{\"@type\":\"ListItem\",\"position\":3,\"name\":\"\u201cBloomberg\u201din d\u0259 Az\u0259rbaycanda m\u00fcxbir akkreditasiyas\u0131n\u0131n l\u0259\u011fv edildiyi bildirilir\"}]},{\"@type\":\"WebSite\",\"@id\":\"https:\\\/\\\/www.meydan.tv\\\/az\\\/#website\",\"url\":\"https:\\\/\\\/www.meydan.tv\\\/az\\\/\",\"name\":\"MEYDAN.TV\",\"description\":\"Meydan TV Az\u0259rbaycan\u0131n media m\u0259kan\u0131ndak\u0131 alternativ s\u0259sidir\",\"publisher\":{\"@id\":\"https:\\\/\\\/www.meydan.tv\\\/az\\\/#organization\"},\"potentialAction\":[{\"@type\":\"SearchAction\",\"target\":{\"@type\":\"EntryPoint\",\"urlTemplate\":\"https:\\\/\\\/www.meydan.tv\\\/az\\\/?s={search_term_string}\"},\"query-input\":{\"@type\":\"PropertyValueSpecification\",\"valueRequired\":true,\"valueName\":\"search_term_string\"}}],\"inLanguage\":\"az\"},{\"@type\":\"Organization\",\"@id\":\"https:\\\/\\\/www.meydan.tv\\\/az\\\/#organization\",\"name\":\"Meydan TV\",\"url\":\"https:\\\/\\\/www.meydan.tv\\\/az\\\/\",\"logo\":{\"@type\":\"ImageObject\",\"inLanguage\":\"az\",\"@id\":\"https:\\\/\\\/www.meydan.tv\\\/az\\\/#\\\/schema\\\/logo\\\/image\\\/\",\"url\":\"https:\\\/\\\/www.meydan.tv\\\/wp-content\\\/uploads\\\/2021\\\/07\\\/meydan-logo.svg\",\"contentUrl\":\"https:\\\/\\\/www.meydan.tv\\\/wp-content\\\/uploads\\\/2021\\\/07\\\/meydan-logo.svg\",\"width\":195,\"height\":46,\"caption\":\"Meydan TV\"},\"image\":{\"@id\":\"https:\\\/\\\/www.meydan.tv\\\/az\\\/#\\\/schema\\\/logo\\\/image\\\/\"}},{\"@type\":\"Person\",\"@id\":\"https:\\\/\\\/www.meydan.tv\\\/az\\\/#\\\/schema\\\/person\\\/09863e516102a829e72bedcf3f84c6b0\",\"name\":\"mahmud\"}]}<\/script>\n<!-- \/ Yoast SEO plugin. -->","yoast_head_json":{"title":"\u201cBloomberg\u201din d\u0259 Az\u0259rbaycanda m\u00fcxbir akkreditasiyas\u0131n\u0131n l\u0259\u011fv edildiyi bildirilir - MEYDAN.TV","robots":{"index":"index","follow":"follow","max-snippet":"max-snippet:-1","max-image-preview":"max-image-preview:large","max-video-preview":"max-video-preview:-1"},"canonical":"https:\/\/www.meydan.tv\/az\/article\/bloombergin-d%c9%99-az%c9%99rbaycanda-muxbir-akkreditasiyasinin-l%c9%99gv-edildiyi-bildirilir\/","og_locale":"az_AZ","og_type":"article","og_title":"\u201cBloomberg\u201din d\u0259 Az\u0259rbaycanda m\u00fcxbir akkreditasiyas\u0131n\u0131n l\u0259\u011fv edildiyi bildirilir - MEYDAN.TV","og_description":"Bundan \u00f6nc\u0259 \u201cBBC News\u201d v\u0259 \u201cSputnik\u201din Az\u0259rbaycandak\u0131 n\u00fcmay\u0259nd\u0259likl\u0259ri, o c\u00fcml\u0259d\u0259n ... Davam\u0131","og_url":"https:\/\/www.meydan.tv\/az\/article\/bloombergin-d%c9%99-az%c9%99rbaycanda-muxbir-akkreditasiyasinin-l%c9%99gv-edildiyi-bildirilir\/","og_site_name":"MEYDAN.TV","article_published_time":"2025-02-27T15:54:57+00:00","article_modified_time":"2025-02-27T15:54:59+00:00","og_image":[{"width":1200,"height":630,"url":"https:\/\/www.meydan.tv\/wp-content\/uploads\/bloomberg_default-a4f15fa7ee.jpg","type":"image\/jpeg"}],"author":"mahmud","twitter_card":"summary_large_image","schema":{"@context":"https:\/\/schema.org","@graph":[{"@type":"Article","@id":"https:\/\/www.meydan.tv\/az\/article\/bloombergin-d%c9%99-az%c9%99rbaycanda-muxbir-akkreditasiyasinin-l%c9%99gv-edildiyi-bildirilir\/#article","isPartOf":{"@id":"https:\/\/www.meydan.tv\/az\/article\/bloombergin-d%c9%99-az%c9%99rbaycanda-muxbir-akkreditasiyasinin-l%c9%99gv-edildiyi-bildirilir\/"},"author":{"name":"mahmud","@id":"https:\/\/www.meydan.tv\/az\/#\/schema\/person\/09863e516102a829e72bedcf3f84c6b0"},"headline":"\u201cBloomberg\u201din d\u0259 Az\u0259rbaycanda m\u00fcxbir akkreditasiyas\u0131n\u0131n l\u0259\u011fv edildiyi bildirilir","datePublished":"2025-02-27T15:54:57+00:00","dateModified":"2025-02-27T15:54:59+00:00","mainEntityOfPage":{"@id":"https:\/\/www.meydan.tv\/az\/article\/bloombergin-d%c9%99-az%c9%99rbaycanda-muxbir-akkreditasiyasinin-l%c9%99gv-edildiyi-bildirilir\/"},"wordCount":200,"publisher":{"@id":"https:\/\/www.meydan.tv\/az\/#organization"},"image":{"@id":"https:\/\/www.meydan.tv\/az\/article\/bloombergin-d%c9%99-az%c9%99rbaycanda-muxbir-akkreditasiyasinin-l%c9%99gv-edildiyi-bildirilir\/#primaryimage"},"thumbnailUrl":"https:\/\/www.meydan.tv\/wp-content\/uploads\/bloomberg_default-a4f15fa7ee.jpg","articleSection":["Siyas\u0259t","T\u00f6vsiy\u0259","X\u0259b\u0259rl\u0259r"],"inLanguage":"az"},{"@type":"WebPage","@id":"https:\/\/www.meydan.tv\/az\/article\/bloombergin-d%c9%99-az%c9%99rbaycanda-muxbir-akkreditasiyasinin-l%c9%99gv-edildiyi-bildirilir\/","url":"https:\/\/www.meydan.tv\/az\/article\/bloombergin-d%c9%99-az%c9%99rbaycanda-muxbir-akkreditasiyasinin-l%c9%99gv-edildiyi-bildirilir\/","name":"\u201cBloomberg\u201din d\u0259 Az\u0259rbaycanda m\u00fcxbir akkreditasiyas\u0131n\u0131n l\u0259\u011fv edildiyi bildirilir - MEYDAN.TV","isPartOf":{"@id":"https:\/\/www.meydan.tv\/az\/#website"},"primaryImageOfPage":{"@id":"https:\/\/www.meydan.tv\/az\/article\/bloombergin-d%c9%99-az%c9%99rbaycanda-muxbir-akkreditasiyasinin-l%c9%99gv-edildiyi-bildirilir\/#primaryimage"},"image":{"@id":"https:\/\/www.meydan.tv\/az\/article\/bloombergin-d%c9%99-az%c9%99rbaycanda-muxbir-akkreditasiyasinin-l%c9%99gv-edildiyi-bildirilir\/#primaryimage"},"thumbnailUrl":"https:\/\/www.meydan.tv\/wp-content\/uploads\/bloomberg_default-a4f15fa7ee.jpg","datePublished":"2025-02-27T15:54:57+00:00","dateModified":"2025-02-27T15:54:59+00:00","breadcrumb":{"@id":"https:\/\/www.meydan.tv\/az\/article\/bloombergin-d%c9%99-az%c9%99rbaycanda-muxbir-akkreditasiyasinin-l%c9%99gv-edildiyi-bildirilir\/#breadcrumb"},"inLanguage":"az","potentialAction":[{"@type":"ReadAction","target":["https:\/\/www.meydan.tv\/az\/article\/bloombergin-d%c9%99-az%c9%99rbaycanda-muxbir-akkreditasiyasinin-l%c9%99gv-edildiyi-bildirilir\/"]}]},{"@type":"ImageObject","inLanguage":"az","@id":"https:\/\/www.meydan.tv\/az\/article\/bloombergin-d%c9%99-az%c9%99rbaycanda-muxbir-akkreditasiyasinin-l%c9%99gv-edildiyi-bildirilir\/#primaryimage","url":"https:\/\/www.meydan.tv\/wp-content\/uploads\/bloomberg_default-a4f15fa7ee.jpg","contentUrl":"https:\/\/www.meydan.tv\/wp-content\/uploads\/bloomberg_default-a4f15fa7ee.jpg","width":1200,"height":630,"caption":"Foto: Bloomberg"},{"@type":"BreadcrumbList","@id":"https:\/\/www.meydan.tv\/az\/article\/bloombergin-d%c9%99-az%c9%99rbaycanda-muxbir-akkreditasiyasinin-l%c9%99gv-edildiyi-bildirilir\/#breadcrumb","itemListElement":[{"@type":"ListItem","position":1,"name":"Ana s\u0259hif\u0259","item":"https:\/\/www.meydan.tv\/az\/"},{"@type":"ListItem","position":2,"name":"Siyas\u0259t","item":"https:\/\/www.meydan.tv\/az\/section\/siyaset\/"},{"@type":"ListItem","position":3,"name":"\u201cBloomberg\u201din d\u0259 Az\u0259rbaycanda m\u00fcxbir akkreditasiyas\u0131n\u0131n l\u0259\u011fv edildiyi bildirilir"}]},{"@type":"WebSite","@id":"https:\/\/www.meydan.tv\/az\/#website","url":"https:\/\/www.meydan.tv\/az\/","name":"MEYDAN.TV","description":"Meydan TV Az\u0259rbaycan\u0131n media m\u0259kan\u0131ndak\u0131 alternativ s\u0259sidir","publisher":{"@id":"https:\/\/www.meydan.tv\/az\/#organization"},"potentialAction":[{"@type":"SearchAction","target":{"@type":"EntryPoint","urlTemplate":"https:\/\/www.meydan.tv\/az\/?s={search_term_string}"},"query-input":{"@type":"PropertyValueSpecification","valueRequired":true,"valueName":"search_term_string"}}],"inLanguage":"az"},{"@type":"Organization","@id":"https:\/\/www.meydan.tv\/az\/#organization","name":"Meydan TV","url":"https:\/\/www.meydan.tv\/az\/","logo":{"@type":"ImageObject","inLanguage":"az","@id":"https:\/\/www.meydan.tv\/az\/#\/schema\/logo\/image\/","url":"https:\/\/www.meydan.tv\/wp-content\/uploads\/2021\/07\/meydan-logo.svg","contentUrl":"https:\/\/www.meydan.tv\/wp-content\/uploads\/2021\/07\/meydan-logo.svg","width":195,"height":46,"caption":"Meydan TV"},"image":{"@id":"https:\/\/www.meydan.tv\/az\/#\/schema\/logo\/image\/"}},{"@type":"Person","@id":"https:\/\/www.meydan.tv\/az\/#\/schema\/person\/09863e516102a829e72bedcf3f84c6b0","name":"mahmud"}]}},"_links":{"self":[{"href":"https:\/\/www.meydan.tv\/az\/wp-json\/wp\/v2\/posts\/326985","targetHints":{"allow":["GET"]}}],"collection":[{"href":"https:\/\/www.meydan.tv\/az\/wp-json\/wp\/v2\/posts"}],"about":[{"href":"https:\/\/www.meydan.tv\/az\/wp-json\/wp\/v2\/types\/post"}],"author":[{"embeddable":true,"href":"https:\/\/www.meydan.tv\/az\/wp-json\/wp\/v2\/users\/21"}],"replies":[{"embeddable":true,"href":"https:\/\/www.meydan.tv\/az\/wp-json\/wp\/v2\/comments?post=326985"}],"version-history":[{"count":2,"href":"https:\/\/www.meydan.tv\/az\/wp-json\/wp\/v2\/posts\/326985\/revisions"}],"predecessor-version":[{"id":326990,"href":"https:\/\/www.meydan.tv\/az\/wp-json\/wp\/v2\/posts\/326985\/revisions\/326990"}],"wp:featuredmedia":[{"embeddable":true,"href":"https:\/\/www.meydan.tv\/az\/wp-json\/wp\/v2\/media\/326986"}],"wp:attachment":[{"href":"https:\/\/www.meydan.tv\/az\/wp-json\/wp\/v2\/media?parent=326985"}],"wp:term":[{"taxonomy":"category","embeddable":true,"href":"https:\/\/www.meydan.tv\/az\/wp-json\/wp\/v2\/categories?post=326985"},{"taxonomy":"post_tag","embeddable":true,"href":"https:\/\/www.meydan.tv\/az\/wp-json\/wp\/v2\/tags?post=326985"}],"curies":[{"name":"wp","href":"https:\/\/api.w.org\/{rel}","templated":true}]}}