{"id":326974,"date":"2025-02-27T18:05:05","date_gmt":"2025-02-27T14:05:05","guid":{"rendered":"https:\/\/www.meydan.tv\/?p=326974"},"modified":"2025-02-27T18:37:11","modified_gmt":"2025-02-27T14:37:11","slug":"prokuror-agadadas-agayev%c9%99-2-il-c%c9%99za-ist%c9%99yib","status":"publish","type":"post","link":"https:\/\/www.meydan.tv\/az\/article\/prokuror-agadadas-agayev%c9%99-2-il-c%c9%99za-ist%c9%99yib\/","title":{"rendered":"Prokuror A\u011fadada\u015f A\u011fayev\u0259 2 il \u015f\u0259rti c\u0259za ist\u0259yib"},"content":{"rendered":"\n<p><\/p>\n\n\n\n<p><strong><em>Xalq artisti il\u0259 m\u00fcbahis\u0259 ed\u0259n &#8220;MedEra&#8221; hospital\u0131n m\u00fchafiz\u0259\u00e7isin\u0259 is\u0259 2 il 6 ay c\u0259za ist\u0259nilib<\/em><\/strong><\/p>\n\n\n\n<p>Xuliqanl\u0131qda ittiham olunan Xalq artisti, m\u00fc\u011f\u0259nni A\u011fadada\u015f A\u011fayevin i\u015fi \u00fczr\u0259 istintaq yekunla\u015f\u0131b. Fevral\u0131n 27-d\u0259 Bin\u0259q\u0259di Rayon M\u0259hk\u0259m\u0259sind\u0259 prokuror ona 2 il \u015f\u0259rti c\u0259za verilm\u0259sini t\u0259klif edib.<\/p>\n\n\n\n<p>Prokuror \u00e7\u0131x\u0131\u015f\u0131nda A\u011fadada\u015f A\u011fayev\u0259 xuliqanl\u0131qda t\u0259qsirli bilin\u0259r\u0259k 2 il azadl\u0131qdan m\u0259hrumetm\u0259 c\u0259zas\u0131n\u0131n t\u0259yin edilm\u0259sini, Cinay\u0259t M\u0259c\u0259ll\u0259sinin 70-ci (\u015f\u0259rti m\u0259hkum etm\u0259) madd\u0259si t\u0259tbiq edilm\u0259kl\u0259 h\u0259min c\u0259zan\u0131n \u015f\u0259rti hesab olunmas\u0131n\u0131 ist\u0259yib.<\/p>\n\n\n\n<p>Prokuror Bab\u0259k Zakirzad\u0259 bildirib ki, A\u011fadada\u015f A\u011fayev\u0259 qar\u015f\u0131 Cinay\u0259t M\u0259c\u0259ll\u0259sinin 221.3 (silah v\u0259 ya silah qismind\u0259 \u0259\u015fyadan istifad\u0259 etm\u0259kl\u0259 xuliqanl\u0131q) madd\u0259sil\u0259 ir\u0259li s\u00fcr\u00fcl\u0259n ittiham m\u0259hk\u0259m\u0259d\u0259 s\u00fcbut olunub. Xalq artistin\u0259 bu madd\u0259d\u0259 n\u0259z\u0259rd\u0259 tutulan c\u0259zan\u0131n minimum h\u0259ddini ist\u0259yib. <\/p>\n\n\n\n<p>Lakin A\u011fadada\u015f A\u011fayevin ya\u015f\u0131, xidm\u0259tl\u0259ri, onunla balta atd\u0131\u011f\u0131 iddia edil\u0259n z\u0259r\u0259r\u00e7\u0259kmi\u015fl\u0259r aras\u0131nda bar\u0131\u015f\u0131q \u0259ld\u0259 edilm\u0259si n\u0259z\u0259r\u0259 al\u0131naraq, prokuror onun h\u0259bs olunmamas\u0131n\u0131, c\u0259zas\u0131n\u0131n \u015f\u0259rti hesab olunmas\u0131n\u0131 m\u0259qs\u0259d\u0259uy\u011fun say\u0131b.<\/p>\n\n\n\n<p>\u0130ttihama \u0259sas\u0259n, A\u011fadada\u015f A\u011fayev \u201cMedEra Hospital\u201d\u0131n m\u00fchafiz\u0259\u00e7isi Nur\u0259ddin C\u0259lilovu kobud formada \u00e7a\u011f\u0131r\u0131b. M\u00fchafiz\u0259\u00e7i \u00e7a\u011f\u0131r\u0131\u015f\u0131na cavab verm\u0259diyi \u00fc\u00e7\u00fcn uca s\u0259sl\u0259 onun \u00fcnvan\u0131na nalayiq ifad\u0259l\u0259r i\u015fl\u0259dib. Daha sonra is\u0259 m\u00fc\u011f\u0259nni \u0259s\u0259bil\u0259\u015f\u0259r\u0259k \u0259lind\u0259ki baltan\u0131 ona t\u0259r\u0259f at\u0131b. N\u0259tic\u0259d\u0259 balta h\u0259d\u0259fd\u0259n yay\u0131n\u0131b, hospitalda xadim\u0259 i\u015fl\u0259y\u0259n N\u0259zak\u0259t Pa\u015fayevan\u0131n aya\u011f\u0131na d\u0259yib.<\/p>\n\n\n\n<p>A\u011fadada\u015f A\u011fayev ittihama m\u00fcnasib\u0259t bildir\u0259rk\u0259n \u00f6z\u00fcn\u00fc t\u0259qsirli bilm\u0259diyini deyib.<\/p>\n\n\n\n<p>A\u011fadada\u015f A\u011fayevin v\u0259kili Asim Abbasov m\u00fcdafi\u0259 \u00e7\u0131x\u0131\u015f\u0131 \u00fc\u00e7\u00fcn vaxt ist\u0259yib.<\/p>\n\n\n\n<p>Z\u0259r\u0259r\u00e7\u0259kmi\u015f qismind\u0259 tan\u0131nan N\u0259zak\u0259t Pa\u015fayeva v\u0259 Nur\u0259ddin C\u0259lilov m\u0259hk\u0259m\u0259y\u0259 \u015fikay\u0259t\u00e7i olmad\u0131qlar\u0131 haqda \u0259riz\u0259 t\u0259qdim edib.<\/p>\n\n\n\n<p>Hadis\u0259 vaxt\u0131 m\u00fc\u011f\u0259nniy\u0259 qar\u015f\u0131 xuliqanl\u0131\u011fa g\u00f6r\u0259 Nur\u0259ddin C\u0259lilov haqq\u0131nda da ayr\u0131ca cinay\u0259t i\u015fi ba\u015flan\u0131b. Bin\u0259q\u0259di Rayon M\u0259hk\u0259m\u0259sind\u0259 onun da m\u00fchakim\u0259si davam edir.  A\u011fadada\u015f A\u011fayev d\u0259 ondan \u015fikay\u0259t\u00e7i olmay\u0131b.<\/p>\n\n\n\n<p>Hakim El\u00e7in A\u011fayevin s\u0259drliyi il\u0259 ke\u00e7iril\u0259n prosesd\u0259 d\u00f6vl\u0259t ittiham\u00e7\u0131s\u0131 xalq artisti il\u0259 m\u00fcbahis\u0259 ed\u0259n &#8220;MedEra&#8221; hospiatl\u0131n m\u00fchafiz\u0259\u00e7isi Nur\u0259ddin C\u0259lilovun is\u0259 2 il 6 ay azadl\u0131qdan m\u0259hrum edilm\u0259sini, onun bar\u0259sind\u0259 d\u0259 Cinay\u0259t M\u0259c\u0259ll\u0259sinin 70-ci (\u015f\u0259rti m\u0259hkum etm\u0259) madd\u0259si t\u0259tbiq edilm\u0259kl\u0259 c\u0259zas\u0131n\u0131n \u015f\u0259rti hesab olunmas\u0131n\u0131 ist\u0259yib.<br><br>M\u00fcdafi\u0259 t\u0259r\u0259fi \u00e7\u0131x\u0131\u015f \u00fc\u00e7\u00fcn vaxt ist\u0259yib.<br><br>M\u0259hk\u0259m\u0259nin n\u00f6vb\u0259ti tarixi 6 marta t\u0259yin olunub.<\/p>\n\n\n\n<p>Hadis\u0259 2024-c\u00fc il iyulunda olub.<br><br><\/p>\n","protected":false},"excerpt":{"rendered":"<p>Xalq artisti il\u0259 m\u00fcbahis\u0259 ed\u0259n &#8220;MedEra&#8221; hospital\u0131n m\u00fchafiz\u0259\u00e7isin\u0259 is\u0259 2 &#8230; <\/p>\n<p class=\"read-more-container\"><a title=\"Prokuror A\u011fadada\u015f A\u011fayev\u0259 2 il \u015f\u0259rti c\u0259za ist\u0259yib\" class=\"read-more button\" href=\"https:\/\/www.meydan.tv\/az\/article\/prokuror-agadadas-agayev%c9%99-2-il-c%c9%99za-ist%c9%99yib\/#more-326974\" aria-label=\"Read more about Prokuror A\u011fadada\u015f A\u011fayev\u0259 2 il \u015f\u0259rti c\u0259za ist\u0259yib\">Davam\u0131<\/a><\/p>\n","protected":false},"author":16,"featured_media":320579,"comment_status":"closed","ping_status":"closed","sticky":false,"template":"","format":"standard","meta":{"_acf_changed":false,"_sitemap_exclude":false,"_sitemap_priority":"","_sitemap_frequency":"","footnotes":""},"categories":[62,56],"tags":[],"class_list":["post-326974","post","type-post","status-publish","format-standard","has-post-thumbnail","hentry","category-sosial","category-xeberler","infinite-scroll-item","generate-columns","tablet-grid-50","mobile-grid-100","grid-parent","grid-33","no-featured-image-padding"],"acf":[],"yoast_head":"<!-- This site is optimized with the Yoast SEO plugin v27.4 - https:\/\/yoast.com\/product\/yoast-seo-wordpress\/ -->\n<title>Prokuror A\u011fadada\u015f A\u011fayev\u0259 2 il \u015f\u0259rti c\u0259za ist\u0259yib - MEYDAN.TV<\/title>\n<meta name=\"robots\" content=\"index, follow, max-snippet:-1, max-image-preview:large, max-video-preview:-1\" \/>\n<link rel=\"canonical\" href=\"https:\/\/www.meydan.tv\/az\/article\/prokuror-agadadas-agayev%c9%99-2-il-c%c9%99za-ist%c9%99yib\/\" \/>\n<meta property=\"og:locale\" content=\"az_AZ\" \/>\n<meta property=\"og:type\" content=\"article\" \/>\n<meta property=\"og:title\" content=\"Prokuror A\u011fadada\u015f A\u011fayev\u0259 2 il \u015f\u0259rti c\u0259za ist\u0259yib - MEYDAN.TV\" \/>\n<meta property=\"og:description\" content=\"Xalq artisti il\u0259 m\u00fcbahis\u0259 ed\u0259n &#8220;MedEra&#8221; hospital\u0131n m\u00fchafiz\u0259\u00e7isin\u0259 is\u0259 2 ... Davam\u0131\" \/>\n<meta property=\"og:url\" content=\"https:\/\/www.meydan.tv\/az\/article\/prokuror-agadadas-agayev%c9%99-2-il-c%c9%99za-ist%c9%99yib\/\" \/>\n<meta property=\"og:site_name\" content=\"MEYDAN.TV\" \/>\n<meta property=\"article:published_time\" content=\"2025-02-27T14:05:05+00:00\" \/>\n<meta property=\"article:modified_time\" content=\"2025-02-27T14:37:11+00:00\" \/>\n<meta property=\"og:image\" content=\"https:\/\/www.meydan.tv\/wp-content\/uploads\/photo-2024-11-14-18-11-18-e1731597840984.jpg\" \/>\n\t<meta property=\"og:image:width\" content=\"807\" \/>\n\t<meta property=\"og:image:height\" content=\"485\" \/>\n\t<meta property=\"og:image:type\" content=\"image\/jpeg\" \/>\n<meta name=\"author\" content=\"sevda\" \/>\n<meta name=\"twitter:card\" content=\"summary_large_image\" \/>\n<script type=\"application\/ld+json\" class=\"yoast-schema-graph\">{\"@context\":\"https:\\\/\\\/schema.org\",\"@graph\":[{\"@type\":\"Article\",\"@id\":\"https:\\\/\\\/www.meydan.tv\\\/az\\\/article\\\/prokuror-agadadas-agayev%c9%99-2-il-c%c9%99za-ist%c9%99yib\\\/#article\",\"isPartOf\":{\"@id\":\"https:\\\/\\\/www.meydan.tv\\\/az\\\/article\\\/prokuror-agadadas-agayev%c9%99-2-il-c%c9%99za-ist%c9%99yib\\\/\"},\"author\":{\"name\":\"sevda\",\"@id\":\"https:\\\/\\\/www.meydan.tv\\\/az\\\/#\\\/schema\\\/person\\\/49b5f2bad5b126bb8ea9320eeb3e4dc9\"},\"headline\":\"Prokuror A\u011fadada\u015f A\u011fayev\u0259 2 il \u015f\u0259rti c\u0259za ist\u0259yib\",\"datePublished\":\"2025-02-27T14:05:05+00:00\",\"dateModified\":\"2025-02-27T14:37:11+00:00\",\"mainEntityOfPage\":{\"@id\":\"https:\\\/\\\/www.meydan.tv\\\/az\\\/article\\\/prokuror-agadadas-agayev%c9%99-2-il-c%c9%99za-ist%c9%99yib\\\/\"},\"wordCount\":547,\"publisher\":{\"@id\":\"https:\\\/\\\/www.meydan.tv\\\/az\\\/#organization\"},\"image\":{\"@id\":\"https:\\\/\\\/www.meydan.tv\\\/az\\\/article\\\/prokuror-agadadas-agayev%c9%99-2-il-c%c9%99za-ist%c9%99yib\\\/#primaryimage\"},\"thumbnailUrl\":\"https:\\\/\\\/www.meydan.tv\\\/wp-content\\\/uploads\\\/photo-2024-11-14-18-11-18-e1731597840984.jpg\",\"articleSection\":[\"Sosial\",\"X\u0259b\u0259rl\u0259r\"],\"inLanguage\":\"az\"},{\"@type\":\"WebPage\",\"@id\":\"https:\\\/\\\/www.meydan.tv\\\/az\\\/article\\\/prokuror-agadadas-agayev%c9%99-2-il-c%c9%99za-ist%c9%99yib\\\/\",\"url\":\"https:\\\/\\\/www.meydan.tv\\\/az\\\/article\\\/prokuror-agadadas-agayev%c9%99-2-il-c%c9%99za-ist%c9%99yib\\\/\",\"name\":\"Prokuror A\u011fadada\u015f A\u011fayev\u0259 2 il \u015f\u0259rti c\u0259za ist\u0259yib - MEYDAN.TV\",\"isPartOf\":{\"@id\":\"https:\\\/\\\/www.meydan.tv\\\/az\\\/#website\"},\"primaryImageOfPage\":{\"@id\":\"https:\\\/\\\/www.meydan.tv\\\/az\\\/article\\\/prokuror-agadadas-agayev%c9%99-2-il-c%c9%99za-ist%c9%99yib\\\/#primaryimage\"},\"image\":{\"@id\":\"https:\\\/\\\/www.meydan.tv\\\/az\\\/article\\\/prokuror-agadadas-agayev%c9%99-2-il-c%c9%99za-ist%c9%99yib\\\/#primaryimage\"},\"thumbnailUrl\":\"https:\\\/\\\/www.meydan.tv\\\/wp-content\\\/uploads\\\/photo-2024-11-14-18-11-18-e1731597840984.jpg\",\"datePublished\":\"2025-02-27T14:05:05+00:00\",\"dateModified\":\"2025-02-27T14:37:11+00:00\",\"breadcrumb\":{\"@id\":\"https:\\\/\\\/www.meydan.tv\\\/az\\\/article\\\/prokuror-agadadas-agayev%c9%99-2-il-c%c9%99za-ist%c9%99yib\\\/#breadcrumb\"},\"inLanguage\":\"az\",\"potentialAction\":[{\"@type\":\"ReadAction\",\"target\":[\"https:\\\/\\\/www.meydan.tv\\\/az\\\/article\\\/prokuror-agadadas-agayev%c9%99-2-il-c%c9%99za-ist%c9%99yib\\\/\"]}]},{\"@type\":\"ImageObject\",\"inLanguage\":\"az\",\"@id\":\"https:\\\/\\\/www.meydan.tv\\\/az\\\/article\\\/prokuror-agadadas-agayev%c9%99-2-il-c%c9%99za-ist%c9%99yib\\\/#primaryimage\",\"url\":\"https:\\\/\\\/www.meydan.tv\\\/wp-content\\\/uploads\\\/photo-2024-11-14-18-11-18-e1731597840984.jpg\",\"contentUrl\":\"https:\\\/\\\/www.meydan.tv\\\/wp-content\\\/uploads\\\/photo-2024-11-14-18-11-18-e1731597840984.jpg\",\"width\":807,\"height\":485,\"caption\":\"A\u011fadada\u015f A\u011fayev m\u0259hk\u0259m\u0259d\u0259. Foto: Meydan TV\"},{\"@type\":\"BreadcrumbList\",\"@id\":\"https:\\\/\\\/www.meydan.tv\\\/az\\\/article\\\/prokuror-agadadas-agayev%c9%99-2-il-c%c9%99za-ist%c9%99yib\\\/#breadcrumb\",\"itemListElement\":[{\"@type\":\"ListItem\",\"position\":1,\"name\":\"Ana s\u0259hif\u0259\",\"item\":\"https:\\\/\\\/www.meydan.tv\\\/az\\\/\"},{\"@type\":\"ListItem\",\"position\":2,\"name\":\"Sosial\",\"item\":\"https:\\\/\\\/www.meydan.tv\\\/az\\\/section\\\/sosial\\\/\"},{\"@type\":\"ListItem\",\"position\":3,\"name\":\"Prokuror A\u011fadada\u015f A\u011fayev\u0259 2 il \u015f\u0259rti c\u0259za ist\u0259yib\"}]},{\"@type\":\"WebSite\",\"@id\":\"https:\\\/\\\/www.meydan.tv\\\/az\\\/#website\",\"url\":\"https:\\\/\\\/www.meydan.tv\\\/az\\\/\",\"name\":\"MEYDAN.TV\",\"description\":\"Meydan TV Az\u0259rbaycan\u0131n media m\u0259kan\u0131ndak\u0131 alternativ s\u0259sidir\",\"publisher\":{\"@id\":\"https:\\\/\\\/www.meydan.tv\\\/az\\\/#organization\"},\"potentialAction\":[{\"@type\":\"SearchAction\",\"target\":{\"@type\":\"EntryPoint\",\"urlTemplate\":\"https:\\\/\\\/www.meydan.tv\\\/az\\\/?s={search_term_string}\"},\"query-input\":{\"@type\":\"PropertyValueSpecification\",\"valueRequired\":true,\"valueName\":\"search_term_string\"}}],\"inLanguage\":\"az\"},{\"@type\":\"Organization\",\"@id\":\"https:\\\/\\\/www.meydan.tv\\\/az\\\/#organization\",\"name\":\"Meydan TV\",\"url\":\"https:\\\/\\\/www.meydan.tv\\\/az\\\/\",\"logo\":{\"@type\":\"ImageObject\",\"inLanguage\":\"az\",\"@id\":\"https:\\\/\\\/www.meydan.tv\\\/az\\\/#\\\/schema\\\/logo\\\/image\\\/\",\"url\":\"https:\\\/\\\/www.meydan.tv\\\/wp-content\\\/uploads\\\/2021\\\/07\\\/meydan-logo.svg\",\"contentUrl\":\"https:\\\/\\\/www.meydan.tv\\\/wp-content\\\/uploads\\\/2021\\\/07\\\/meydan-logo.svg\",\"width\":195,\"height\":46,\"caption\":\"Meydan TV\"},\"image\":{\"@id\":\"https:\\\/\\\/www.meydan.tv\\\/az\\\/#\\\/schema\\\/logo\\\/image\\\/\"}},{\"@type\":\"Person\",\"@id\":\"https:\\\/\\\/www.meydan.tv\\\/az\\\/#\\\/schema\\\/person\\\/49b5f2bad5b126bb8ea9320eeb3e4dc9\",\"name\":\"sevda\"}]}<\/script>\n<!-- \/ Yoast SEO plugin. -->","yoast_head_json":{"title":"Prokuror A\u011fadada\u015f A\u011fayev\u0259 2 il \u015f\u0259rti c\u0259za ist\u0259yib - MEYDAN.TV","robots":{"index":"index","follow":"follow","max-snippet":"max-snippet:-1","max-image-preview":"max-image-preview:large","max-video-preview":"max-video-preview:-1"},"canonical":"https:\/\/www.meydan.tv\/az\/article\/prokuror-agadadas-agayev%c9%99-2-il-c%c9%99za-ist%c9%99yib\/","og_locale":"az_AZ","og_type":"article","og_title":"Prokuror A\u011fadada\u015f A\u011fayev\u0259 2 il \u015f\u0259rti c\u0259za ist\u0259yib - MEYDAN.TV","og_description":"Xalq artisti il\u0259 m\u00fcbahis\u0259 ed\u0259n &#8220;MedEra&#8221; hospital\u0131n m\u00fchafiz\u0259\u00e7isin\u0259 is\u0259 2 ... Davam\u0131","og_url":"https:\/\/www.meydan.tv\/az\/article\/prokuror-agadadas-agayev%c9%99-2-il-c%c9%99za-ist%c9%99yib\/","og_site_name":"MEYDAN.TV","article_published_time":"2025-02-27T14:05:05+00:00","article_modified_time":"2025-02-27T14:37:11+00:00","og_image":[{"width":807,"height":485,"url":"https:\/\/www.meydan.tv\/wp-content\/uploads\/photo-2024-11-14-18-11-18-e1731597840984.jpg","type":"image\/jpeg"}],"author":"sevda","twitter_card":"summary_large_image","schema":{"@context":"https:\/\/schema.org","@graph":[{"@type":"Article","@id":"https:\/\/www.meydan.tv\/az\/article\/prokuror-agadadas-agayev%c9%99-2-il-c%c9%99za-ist%c9%99yib\/#article","isPartOf":{"@id":"https:\/\/www.meydan.tv\/az\/article\/prokuror-agadadas-agayev%c9%99-2-il-c%c9%99za-ist%c9%99yib\/"},"author":{"name":"sevda","@id":"https:\/\/www.meydan.tv\/az\/#\/schema\/person\/49b5f2bad5b126bb8ea9320eeb3e4dc9"},"headline":"Prokuror A\u011fadada\u015f A\u011fayev\u0259 2 il \u015f\u0259rti c\u0259za ist\u0259yib","datePublished":"2025-02-27T14:05:05+00:00","dateModified":"2025-02-27T14:37:11+00:00","mainEntityOfPage":{"@id":"https:\/\/www.meydan.tv\/az\/article\/prokuror-agadadas-agayev%c9%99-2-il-c%c9%99za-ist%c9%99yib\/"},"wordCount":547,"publisher":{"@id":"https:\/\/www.meydan.tv\/az\/#organization"},"image":{"@id":"https:\/\/www.meydan.tv\/az\/article\/prokuror-agadadas-agayev%c9%99-2-il-c%c9%99za-ist%c9%99yib\/#primaryimage"},"thumbnailUrl":"https:\/\/www.meydan.tv\/wp-content\/uploads\/photo-2024-11-14-18-11-18-e1731597840984.jpg","articleSection":["Sosial","X\u0259b\u0259rl\u0259r"],"inLanguage":"az"},{"@type":"WebPage","@id":"https:\/\/www.meydan.tv\/az\/article\/prokuror-agadadas-agayev%c9%99-2-il-c%c9%99za-ist%c9%99yib\/","url":"https:\/\/www.meydan.tv\/az\/article\/prokuror-agadadas-agayev%c9%99-2-il-c%c9%99za-ist%c9%99yib\/","name":"Prokuror A\u011fadada\u015f A\u011fayev\u0259 2 il \u015f\u0259rti c\u0259za ist\u0259yib - MEYDAN.TV","isPartOf":{"@id":"https:\/\/www.meydan.tv\/az\/#website"},"primaryImageOfPage":{"@id":"https:\/\/www.meydan.tv\/az\/article\/prokuror-agadadas-agayev%c9%99-2-il-c%c9%99za-ist%c9%99yib\/#primaryimage"},"image":{"@id":"https:\/\/www.meydan.tv\/az\/article\/prokuror-agadadas-agayev%c9%99-2-il-c%c9%99za-ist%c9%99yib\/#primaryimage"},"thumbnailUrl":"https:\/\/www.meydan.tv\/wp-content\/uploads\/photo-2024-11-14-18-11-18-e1731597840984.jpg","datePublished":"2025-02-27T14:05:05+00:00","dateModified":"2025-02-27T14:37:11+00:00","breadcrumb":{"@id":"https:\/\/www.meydan.tv\/az\/article\/prokuror-agadadas-agayev%c9%99-2-il-c%c9%99za-ist%c9%99yib\/#breadcrumb"},"inLanguage":"az","potentialAction":[{"@type":"ReadAction","target":["https:\/\/www.meydan.tv\/az\/article\/prokuror-agadadas-agayev%c9%99-2-il-c%c9%99za-ist%c9%99yib\/"]}]},{"@type":"ImageObject","inLanguage":"az","@id":"https:\/\/www.meydan.tv\/az\/article\/prokuror-agadadas-agayev%c9%99-2-il-c%c9%99za-ist%c9%99yib\/#primaryimage","url":"https:\/\/www.meydan.tv\/wp-content\/uploads\/photo-2024-11-14-18-11-18-e1731597840984.jpg","contentUrl":"https:\/\/www.meydan.tv\/wp-content\/uploads\/photo-2024-11-14-18-11-18-e1731597840984.jpg","width":807,"height":485,"caption":"A\u011fadada\u015f A\u011fayev m\u0259hk\u0259m\u0259d\u0259. Foto: Meydan TV"},{"@type":"BreadcrumbList","@id":"https:\/\/www.meydan.tv\/az\/article\/prokuror-agadadas-agayev%c9%99-2-il-c%c9%99za-ist%c9%99yib\/#breadcrumb","itemListElement":[{"@type":"ListItem","position":1,"name":"Ana s\u0259hif\u0259","item":"https:\/\/www.meydan.tv\/az\/"},{"@type":"ListItem","position":2,"name":"Sosial","item":"https:\/\/www.meydan.tv\/az\/section\/sosial\/"},{"@type":"ListItem","position":3,"name":"Prokuror A\u011fadada\u015f A\u011fayev\u0259 2 il \u015f\u0259rti c\u0259za ist\u0259yib"}]},{"@type":"WebSite","@id":"https:\/\/www.meydan.tv\/az\/#website","url":"https:\/\/www.meydan.tv\/az\/","name":"MEYDAN.TV","description":"Meydan TV Az\u0259rbaycan\u0131n media m\u0259kan\u0131ndak\u0131 alternativ s\u0259sidir","publisher":{"@id":"https:\/\/www.meydan.tv\/az\/#organization"},"potentialAction":[{"@type":"SearchAction","target":{"@type":"EntryPoint","urlTemplate":"https:\/\/www.meydan.tv\/az\/?s={search_term_string}"},"query-input":{"@type":"PropertyValueSpecification","valueRequired":true,"valueName":"search_term_string"}}],"inLanguage":"az"},{"@type":"Organization","@id":"https:\/\/www.meydan.tv\/az\/#organization","name":"Meydan TV","url":"https:\/\/www.meydan.tv\/az\/","logo":{"@type":"ImageObject","inLanguage":"az","@id":"https:\/\/www.meydan.tv\/az\/#\/schema\/logo\/image\/","url":"https:\/\/www.meydan.tv\/wp-content\/uploads\/2021\/07\/meydan-logo.svg","contentUrl":"https:\/\/www.meydan.tv\/wp-content\/uploads\/2021\/07\/meydan-logo.svg","width":195,"height":46,"caption":"Meydan TV"},"image":{"@id":"https:\/\/www.meydan.tv\/az\/#\/schema\/logo\/image\/"}},{"@type":"Person","@id":"https:\/\/www.meydan.tv\/az\/#\/schema\/person\/49b5f2bad5b126bb8ea9320eeb3e4dc9","name":"sevda"}]}},"_links":{"self":[{"href":"https:\/\/www.meydan.tv\/az\/wp-json\/wp\/v2\/posts\/326974","targetHints":{"allow":["GET"]}}],"collection":[{"href":"https:\/\/www.meydan.tv\/az\/wp-json\/wp\/v2\/posts"}],"about":[{"href":"https:\/\/www.meydan.tv\/az\/wp-json\/wp\/v2\/types\/post"}],"author":[{"embeddable":true,"href":"https:\/\/www.meydan.tv\/az\/wp-json\/wp\/v2\/users\/16"}],"replies":[{"embeddable":true,"href":"https:\/\/www.meydan.tv\/az\/wp-json\/wp\/v2\/comments?post=326974"}],"version-history":[{"count":3,"href":"https:\/\/www.meydan.tv\/az\/wp-json\/wp\/v2\/posts\/326974\/revisions"}],"predecessor-version":[{"id":326979,"href":"https:\/\/www.meydan.tv\/az\/wp-json\/wp\/v2\/posts\/326974\/revisions\/326979"}],"wp:featuredmedia":[{"embeddable":true,"href":"https:\/\/www.meydan.tv\/az\/wp-json\/wp\/v2\/media\/320579"}],"wp:attachment":[{"href":"https:\/\/www.meydan.tv\/az\/wp-json\/wp\/v2\/media?parent=326974"}],"wp:term":[{"taxonomy":"category","embeddable":true,"href":"https:\/\/www.meydan.tv\/az\/wp-json\/wp\/v2\/categories?post=326974"},{"taxonomy":"post_tag","embeddable":true,"href":"https:\/\/www.meydan.tv\/az\/wp-json\/wp\/v2\/tags?post=326974"}],"curies":[{"name":"wp","href":"https:\/\/api.w.org\/{rel}","templated":true}]}}