{"id":326966,"date":"2025-02-27T13:00:19","date_gmt":"2025-02-27T09:00:19","guid":{"rendered":"https:\/\/www.meydan.tv\/?p=326966"},"modified":"2025-02-27T13:00:21","modified_gmt":"2025-02-27T09:00:21","slug":"huseyn-abdullayev-9-il-azadliqdan-m%c9%99hrum-ediib","status":"publish","type":"post","link":"https:\/\/www.meydan.tv\/az\/article\/huseyn-abdullayev-9-il-azadliqdan-m%c9%99hrum-ediib\/","title":{"rendered":"H\u00fcseyn Abdullayev 9 il azadl\u0131qdan m\u0259hrum ediib"},"content":{"rendered":"\n<p><\/p>\n\n\n\n<p><strong><em>Sabiq deputat ittihamlar\u0131n saxta v\u0259 \u0259sass\u0131z oldu\u011funu deyib<\/em><\/strong><\/p>\n\n\n\n<p>Ke\u00e7mi\u015f deputat, 2018-ci ilin aprelind\u0259n h\u0259bsd\u0259 olan H\u00fcseyn Abdullayev 9 il azadl\u0131qdan m\u0259hrum ediib.<\/p>\n\n\n\n<p>Fevral\u0131n 27-d\u0259 Bak\u0131 A\u011f\u0131r Cinay\u0259tl\u0259r M\u0259hk\u0259m\u0259sind\u0259 hakim Az\u0259r Ta\u011f\u0131yevin s\u0259drliyil\u0259 onun haqq\u0131nda h\u00f6km \u00e7\u0131xar\u0131l\u0131b.<\/p>\n\n\n\n<p>H\u00fcseyn Abdullayev Cinay\u0259t M\u0259c\u0259ll\u0259sinin 193-1.3.2 (cinay\u0259t yolu il\u0259 \u0259ld\u0259 edilmi\u015f xeyli miqdarda \u0259mlak\u0131 leqalla\u015fd\u0131rma) madd\u0259si il\u0259 t\u0259qsirli bilinib. \u0130ddia olunur ki, sabiq deputat \u00f6z\u00fc v\u0259 ail\u0259 \u00fczvl\u0259rinin adlar\u0131na Az\u0259rbaycandak\u0131 banklarda a\u00e7\u0131lm\u0131\u015f 7 hesab vasit\u0259sil\u0259 \u00fcmumilikd\u0259 5.5 milyon manatdan \u00e7ox pulu h\u0259m yerli, h\u0259m d\u0259 xarici banklardak\u0131 hesablara k\u00f6\u00e7\u00fcr\u00fcb, yax\u0131n qohumunun ad\u0131na Az\u0259rbaycanda da\u015f\u0131nmaz \u0259mlaklar al\u0131b.<\/p>\n\n\n\n<p>\u0130ttihama m\u00fcnasib\u0259t bildir\u0259n sabiq deputat onun saxta v\u0259 \u0259sass\u0131z oldu\u011funu deyib, \u00f6z\u00fcn\u00fc t\u0259qsirli bilm\u0259diyini vur\u011fulay\u0131b.<\/p>\n\n\n\n<p><em>\u201cQ\u0259tiyy\u0259n \u00f6z\u00fcm\u00fc t\u0259qsirli bilmir\u0259m. Ham\u0131s\u0131 \u015f\u0259r-b\u00f6htand\u0131r\u201d,<\/em> &#8211; H\u00fcseyn Abdullayev bildirib.<\/p>\n\n\n\n<p>H\u00fcseyn Abdullayev 2018-ci ilin aprelind\u0259 \u0130stanbulda saxlan\u0131laraq Az\u0259rbaycan h\u00fcquq-m\u00fchafiz\u0259 orqanlar\u0131na t\u0259hvil verilib. Ke\u00e7mi\u015f deputat Bak\u0131 H\u0259rbi M\u0259hk\u0259m\u0259sinin 2019-cu ilin oktyabr\u0131nda \u00e7\u0131xard\u0131\u011f\u0131 h\u00f6km\u0259 \u0259sas\u0259n, d\u0259l\u0259duzluq, vergid\u0259n yay\u0131nma, cinay\u0259t yolu il\u0259 \u0259ld\u0259 olunmu\u015f v\u0259saitl\u0259rin leqalla\u015fd\u0131r\u0131lmas\u0131 kimi ittihamlarla 6 il azadl\u0131qdan m\u0259hrum edilmi\u015fdi.<\/p>\n\n\n\n<p>C\u0259zas\u0131n\u0131n ba\u015fa \u00e7atmas\u0131na ay yar\u0131m qalm\u0131\u015f \u2013 bu ilin mart\u0131nda onun bar\u0259sind\u0259 yenid\u0259n cinay\u0259t i\u015fi ba\u015flan\u0131b. Ona bu d\u0259f\u0259 Cinay\u0259t M\u0259c\u0259ll\u0259sinin 193-1.3.2-ci madd\u0259sil\u0259 ittiham verilib.<\/p>\n\n\n\n<p>Lakin sabiq deputat hesab edir ki, onu h\u0259bsd\u0259 saxlamaq \u00fc\u00e7\u00fcn saxta i\u015f haz\u0131rlay\u0131blar.<\/p>\n\n\n\n<p>Bu, H\u00fcseyn Abdullayev haqq\u0131nda \u00fc\u00e7\u00fcnc\u00fc cinay\u0259t i\u015fidir. \u0130lk d\u0259f\u0259 o, 2007-ci ild\u0259 parlamentin iclas\u0131nda dig\u0259r deputat F\u0259zail A\u011famal\u0131 il\u0259 davaya g\u00f6r\u0259 h\u0259bs olunmu\u015f, bir m\u00fcdd\u0259t sonra \u015f\u0259rti c\u0259za il\u0259 azadl\u0131\u011fa burax\u0131lm\u0131\u015fd\u0131.<\/p>\n","protected":false},"excerpt":{"rendered":"<p>Sabiq deputat ittihamlar\u0131n saxta v\u0259 \u0259sass\u0131z oldu\u011funu deyib Ke\u00e7mi\u015f deputat, &#8230; <\/p>\n<p class=\"read-more-container\"><a title=\"H\u00fcseyn Abdullayev 9 il azadl\u0131qdan m\u0259hrum ediib\" class=\"read-more button\" href=\"https:\/\/www.meydan.tv\/az\/article\/huseyn-abdullayev-9-il-azadliqdan-m%c9%99hrum-ediib\/#more-326966\" aria-label=\"Read more about H\u00fcseyn Abdullayev 9 il azadl\u0131qdan m\u0259hrum ediib\">Davam\u0131<\/a><\/p>\n","protected":false},"author":21,"featured_media":160434,"comment_status":"closed","ping_status":"closed","sticky":false,"template":"","format":"standard","meta":{"_acf_changed":false,"_sitemap_exclude":false,"_sitemap_priority":"","_sitemap_frequency":"","footnotes":""},"categories":[59,79,56],"tags":[],"class_list":["post-326966","post","type-post","status-publish","format-standard","has-post-thumbnail","hentry","category-siyaset","category-featured","category-xeberler","infinite-scroll-item","generate-columns","tablet-grid-50","mobile-grid-100","grid-parent","grid-33","no-featured-image-padding"],"acf":[],"yoast_head":"<!-- This site is optimized with the Yoast SEO plugin v27.5 - https:\/\/yoast.com\/product\/yoast-seo-wordpress\/ -->\n<title>H\u00fcseyn Abdullayev 9 il azadl\u0131qdan m\u0259hrum ediib - MEYDAN.TV<\/title>\n<meta name=\"robots\" content=\"index, follow, max-snippet:-1, max-image-preview:large, max-video-preview:-1\" \/>\n<link rel=\"canonical\" href=\"https:\/\/www.meydan.tv\/az\/article\/huseyn-abdullayev-9-il-azadliqdan-m%c9%99hrum-ediib\/\" \/>\n<meta property=\"og:locale\" content=\"az_AZ\" \/>\n<meta property=\"og:type\" content=\"article\" \/>\n<meta property=\"og:title\" content=\"H\u00fcseyn Abdullayev 9 il azadl\u0131qdan m\u0259hrum ediib - MEYDAN.TV\" \/>\n<meta property=\"og:description\" content=\"Sabiq deputat ittihamlar\u0131n saxta v\u0259 \u0259sass\u0131z oldu\u011funu deyib Ke\u00e7mi\u015f deputat, ... Davam\u0131\" \/>\n<meta property=\"og:url\" content=\"https:\/\/www.meydan.tv\/az\/article\/huseyn-abdullayev-9-il-azadliqdan-m%c9%99hrum-ediib\/\" \/>\n<meta property=\"og:site_name\" content=\"MEYDAN.TV\" \/>\n<meta property=\"article:published_time\" content=\"2025-02-27T09:00:19+00:00\" \/>\n<meta property=\"article:modified_time\" content=\"2025-02-27T09:00:21+00:00\" \/>\n<meta property=\"og:image\" content=\"https:\/\/www.meydan.tv\/wp-content\/uploads\/img_6329-scaled-e1715588046548.jpg\" \/>\n\t<meta property=\"og:image:width\" content=\"2560\" \/>\n\t<meta property=\"og:image:height\" content=\"1147\" \/>\n\t<meta property=\"og:image:type\" content=\"image\/jpeg\" \/>\n<meta name=\"author\" content=\"mahmud\" \/>\n<meta name=\"twitter:card\" content=\"summary_large_image\" \/>\n<script type=\"application\/ld+json\" class=\"yoast-schema-graph\">{\"@context\":\"https:\\\/\\\/schema.org\",\"@graph\":[{\"@type\":\"Article\",\"@id\":\"https:\\\/\\\/www.meydan.tv\\\/az\\\/article\\\/huseyn-abdullayev-9-il-azadliqdan-m%c9%99hrum-ediib\\\/#article\",\"isPartOf\":{\"@id\":\"https:\\\/\\\/www.meydan.tv\\\/az\\\/article\\\/huseyn-abdullayev-9-il-azadliqdan-m%c9%99hrum-ediib\\\/\"},\"author\":{\"name\":\"mahmud\",\"@id\":\"https:\\\/\\\/www.meydan.tv\\\/az\\\/#\\\/schema\\\/person\\\/09863e516102a829e72bedcf3f84c6b0\"},\"headline\":\"H\u00fcseyn Abdullayev 9 il azadl\u0131qdan m\u0259hrum ediib\",\"datePublished\":\"2025-02-27T09:00:19+00:00\",\"dateModified\":\"2025-02-27T09:00:21+00:00\",\"mainEntityOfPage\":{\"@id\":\"https:\\\/\\\/www.meydan.tv\\\/az\\\/article\\\/huseyn-abdullayev-9-il-azadliqdan-m%c9%99hrum-ediib\\\/\"},\"wordCount\":363,\"publisher\":{\"@id\":\"https:\\\/\\\/www.meydan.tv\\\/az\\\/#organization\"},\"image\":{\"@id\":\"https:\\\/\\\/www.meydan.tv\\\/az\\\/article\\\/huseyn-abdullayev-9-il-azadliqdan-m%c9%99hrum-ediib\\\/#primaryimage\"},\"thumbnailUrl\":\"https:\\\/\\\/www.meydan.tv\\\/wp-content\\\/uploads\\\/img_6329-scaled-e1715588046548.jpg\",\"articleSection\":[\"Siyas\u0259t\",\"T\u00f6vsiy\u0259\",\"X\u0259b\u0259rl\u0259r\"],\"inLanguage\":\"az\"},{\"@type\":\"WebPage\",\"@id\":\"https:\\\/\\\/www.meydan.tv\\\/az\\\/article\\\/huseyn-abdullayev-9-il-azadliqdan-m%c9%99hrum-ediib\\\/\",\"url\":\"https:\\\/\\\/www.meydan.tv\\\/az\\\/article\\\/huseyn-abdullayev-9-il-azadliqdan-m%c9%99hrum-ediib\\\/\",\"name\":\"H\u00fcseyn Abdullayev 9 il azadl\u0131qdan m\u0259hrum ediib - MEYDAN.TV\",\"isPartOf\":{\"@id\":\"https:\\\/\\\/www.meydan.tv\\\/az\\\/#website\"},\"primaryImageOfPage\":{\"@id\":\"https:\\\/\\\/www.meydan.tv\\\/az\\\/article\\\/huseyn-abdullayev-9-il-azadliqdan-m%c9%99hrum-ediib\\\/#primaryimage\"},\"image\":{\"@id\":\"https:\\\/\\\/www.meydan.tv\\\/az\\\/article\\\/huseyn-abdullayev-9-il-azadliqdan-m%c9%99hrum-ediib\\\/#primaryimage\"},\"thumbnailUrl\":\"https:\\\/\\\/www.meydan.tv\\\/wp-content\\\/uploads\\\/img_6329-scaled-e1715588046548.jpg\",\"datePublished\":\"2025-02-27T09:00:19+00:00\",\"dateModified\":\"2025-02-27T09:00:21+00:00\",\"breadcrumb\":{\"@id\":\"https:\\\/\\\/www.meydan.tv\\\/az\\\/article\\\/huseyn-abdullayev-9-il-azadliqdan-m%c9%99hrum-ediib\\\/#breadcrumb\"},\"inLanguage\":\"az\",\"potentialAction\":[{\"@type\":\"ReadAction\",\"target\":[\"https:\\\/\\\/www.meydan.tv\\\/az\\\/article\\\/huseyn-abdullayev-9-il-azadliqdan-m%c9%99hrum-ediib\\\/\"]}]},{\"@type\":\"ImageObject\",\"inLanguage\":\"az\",\"@id\":\"https:\\\/\\\/www.meydan.tv\\\/az\\\/article\\\/huseyn-abdullayev-9-il-azadliqdan-m%c9%99hrum-ediib\\\/#primaryimage\",\"url\":\"https:\\\/\\\/www.meydan.tv\\\/wp-content\\\/uploads\\\/img_6329-scaled-e1715588046548.jpg\",\"contentUrl\":\"https:\\\/\\\/www.meydan.tv\\\/wp-content\\\/uploads\\\/img_6329-scaled-e1715588046548.jpg\",\"width\":2560,\"height\":1147,\"caption\":\"H\u00fcseyn Abdullayev. Foto: Meydan TV\"},{\"@type\":\"BreadcrumbList\",\"@id\":\"https:\\\/\\\/www.meydan.tv\\\/az\\\/article\\\/huseyn-abdullayev-9-il-azadliqdan-m%c9%99hrum-ediib\\\/#breadcrumb\",\"itemListElement\":[{\"@type\":\"ListItem\",\"position\":1,\"name\":\"Ana s\u0259hif\u0259\",\"item\":\"https:\\\/\\\/www.meydan.tv\\\/az\\\/\"},{\"@type\":\"ListItem\",\"position\":2,\"name\":\"Siyas\u0259t\",\"item\":\"https:\\\/\\\/www.meydan.tv\\\/az\\\/section\\\/siyaset\\\/\"},{\"@type\":\"ListItem\",\"position\":3,\"name\":\"H\u00fcseyn Abdullayev 9 il azadl\u0131qdan m\u0259hrum ediib\"}]},{\"@type\":\"WebSite\",\"@id\":\"https:\\\/\\\/www.meydan.tv\\\/az\\\/#website\",\"url\":\"https:\\\/\\\/www.meydan.tv\\\/az\\\/\",\"name\":\"MEYDAN.TV\",\"description\":\"Meydan TV Az\u0259rbaycan\u0131n media m\u0259kan\u0131ndak\u0131 alternativ s\u0259sidir\",\"publisher\":{\"@id\":\"https:\\\/\\\/www.meydan.tv\\\/az\\\/#organization\"},\"potentialAction\":[{\"@type\":\"SearchAction\",\"target\":{\"@type\":\"EntryPoint\",\"urlTemplate\":\"https:\\\/\\\/www.meydan.tv\\\/az\\\/?s={search_term_string}\"},\"query-input\":{\"@type\":\"PropertyValueSpecification\",\"valueRequired\":true,\"valueName\":\"search_term_string\"}}],\"inLanguage\":\"az\"},{\"@type\":\"Organization\",\"@id\":\"https:\\\/\\\/www.meydan.tv\\\/az\\\/#organization\",\"name\":\"Meydan TV\",\"url\":\"https:\\\/\\\/www.meydan.tv\\\/az\\\/\",\"logo\":{\"@type\":\"ImageObject\",\"inLanguage\":\"az\",\"@id\":\"https:\\\/\\\/www.meydan.tv\\\/az\\\/#\\\/schema\\\/logo\\\/image\\\/\",\"url\":\"https:\\\/\\\/www.meydan.tv\\\/wp-content\\\/uploads\\\/2021\\\/07\\\/meydan-logo.svg\",\"contentUrl\":\"https:\\\/\\\/www.meydan.tv\\\/wp-content\\\/uploads\\\/2021\\\/07\\\/meydan-logo.svg\",\"width\":195,\"height\":46,\"caption\":\"Meydan TV\"},\"image\":{\"@id\":\"https:\\\/\\\/www.meydan.tv\\\/az\\\/#\\\/schema\\\/logo\\\/image\\\/\"}},{\"@type\":\"Person\",\"@id\":\"https:\\\/\\\/www.meydan.tv\\\/az\\\/#\\\/schema\\\/person\\\/09863e516102a829e72bedcf3f84c6b0\",\"name\":\"mahmud\"}]}<\/script>\n<!-- \/ Yoast SEO plugin. -->","yoast_head_json":{"title":"H\u00fcseyn Abdullayev 9 il azadl\u0131qdan m\u0259hrum ediib - MEYDAN.TV","robots":{"index":"index","follow":"follow","max-snippet":"max-snippet:-1","max-image-preview":"max-image-preview:large","max-video-preview":"max-video-preview:-1"},"canonical":"https:\/\/www.meydan.tv\/az\/article\/huseyn-abdullayev-9-il-azadliqdan-m%c9%99hrum-ediib\/","og_locale":"az_AZ","og_type":"article","og_title":"H\u00fcseyn Abdullayev 9 il azadl\u0131qdan m\u0259hrum ediib - MEYDAN.TV","og_description":"Sabiq deputat ittihamlar\u0131n saxta v\u0259 \u0259sass\u0131z oldu\u011funu deyib Ke\u00e7mi\u015f deputat, ... Davam\u0131","og_url":"https:\/\/www.meydan.tv\/az\/article\/huseyn-abdullayev-9-il-azadliqdan-m%c9%99hrum-ediib\/","og_site_name":"MEYDAN.TV","article_published_time":"2025-02-27T09:00:19+00:00","article_modified_time":"2025-02-27T09:00:21+00:00","og_image":[{"width":2560,"height":1147,"url":"https:\/\/www.meydan.tv\/wp-content\/uploads\/img_6329-scaled-e1715588046548.jpg","type":"image\/jpeg"}],"author":"mahmud","twitter_card":"summary_large_image","schema":{"@context":"https:\/\/schema.org","@graph":[{"@type":"Article","@id":"https:\/\/www.meydan.tv\/az\/article\/huseyn-abdullayev-9-il-azadliqdan-m%c9%99hrum-ediib\/#article","isPartOf":{"@id":"https:\/\/www.meydan.tv\/az\/article\/huseyn-abdullayev-9-il-azadliqdan-m%c9%99hrum-ediib\/"},"author":{"name":"mahmud","@id":"https:\/\/www.meydan.tv\/az\/#\/schema\/person\/09863e516102a829e72bedcf3f84c6b0"},"headline":"H\u00fcseyn Abdullayev 9 il azadl\u0131qdan m\u0259hrum ediib","datePublished":"2025-02-27T09:00:19+00:00","dateModified":"2025-02-27T09:00:21+00:00","mainEntityOfPage":{"@id":"https:\/\/www.meydan.tv\/az\/article\/huseyn-abdullayev-9-il-azadliqdan-m%c9%99hrum-ediib\/"},"wordCount":363,"publisher":{"@id":"https:\/\/www.meydan.tv\/az\/#organization"},"image":{"@id":"https:\/\/www.meydan.tv\/az\/article\/huseyn-abdullayev-9-il-azadliqdan-m%c9%99hrum-ediib\/#primaryimage"},"thumbnailUrl":"https:\/\/www.meydan.tv\/wp-content\/uploads\/img_6329-scaled-e1715588046548.jpg","articleSection":["Siyas\u0259t","T\u00f6vsiy\u0259","X\u0259b\u0259rl\u0259r"],"inLanguage":"az"},{"@type":"WebPage","@id":"https:\/\/www.meydan.tv\/az\/article\/huseyn-abdullayev-9-il-azadliqdan-m%c9%99hrum-ediib\/","url":"https:\/\/www.meydan.tv\/az\/article\/huseyn-abdullayev-9-il-azadliqdan-m%c9%99hrum-ediib\/","name":"H\u00fcseyn Abdullayev 9 il azadl\u0131qdan m\u0259hrum ediib - MEYDAN.TV","isPartOf":{"@id":"https:\/\/www.meydan.tv\/az\/#website"},"primaryImageOfPage":{"@id":"https:\/\/www.meydan.tv\/az\/article\/huseyn-abdullayev-9-il-azadliqdan-m%c9%99hrum-ediib\/#primaryimage"},"image":{"@id":"https:\/\/www.meydan.tv\/az\/article\/huseyn-abdullayev-9-il-azadliqdan-m%c9%99hrum-ediib\/#primaryimage"},"thumbnailUrl":"https:\/\/www.meydan.tv\/wp-content\/uploads\/img_6329-scaled-e1715588046548.jpg","datePublished":"2025-02-27T09:00:19+00:00","dateModified":"2025-02-27T09:00:21+00:00","breadcrumb":{"@id":"https:\/\/www.meydan.tv\/az\/article\/huseyn-abdullayev-9-il-azadliqdan-m%c9%99hrum-ediib\/#breadcrumb"},"inLanguage":"az","potentialAction":[{"@type":"ReadAction","target":["https:\/\/www.meydan.tv\/az\/article\/huseyn-abdullayev-9-il-azadliqdan-m%c9%99hrum-ediib\/"]}]},{"@type":"ImageObject","inLanguage":"az","@id":"https:\/\/www.meydan.tv\/az\/article\/huseyn-abdullayev-9-il-azadliqdan-m%c9%99hrum-ediib\/#primaryimage","url":"https:\/\/www.meydan.tv\/wp-content\/uploads\/img_6329-scaled-e1715588046548.jpg","contentUrl":"https:\/\/www.meydan.tv\/wp-content\/uploads\/img_6329-scaled-e1715588046548.jpg","width":2560,"height":1147,"caption":"H\u00fcseyn Abdullayev. Foto: Meydan TV"},{"@type":"BreadcrumbList","@id":"https:\/\/www.meydan.tv\/az\/article\/huseyn-abdullayev-9-il-azadliqdan-m%c9%99hrum-ediib\/#breadcrumb","itemListElement":[{"@type":"ListItem","position":1,"name":"Ana s\u0259hif\u0259","item":"https:\/\/www.meydan.tv\/az\/"},{"@type":"ListItem","position":2,"name":"Siyas\u0259t","item":"https:\/\/www.meydan.tv\/az\/section\/siyaset\/"},{"@type":"ListItem","position":3,"name":"H\u00fcseyn Abdullayev 9 il azadl\u0131qdan m\u0259hrum ediib"}]},{"@type":"WebSite","@id":"https:\/\/www.meydan.tv\/az\/#website","url":"https:\/\/www.meydan.tv\/az\/","name":"MEYDAN.TV","description":"Meydan TV Az\u0259rbaycan\u0131n media m\u0259kan\u0131ndak\u0131 alternativ s\u0259sidir","publisher":{"@id":"https:\/\/www.meydan.tv\/az\/#organization"},"potentialAction":[{"@type":"SearchAction","target":{"@type":"EntryPoint","urlTemplate":"https:\/\/www.meydan.tv\/az\/?s={search_term_string}"},"query-input":{"@type":"PropertyValueSpecification","valueRequired":true,"valueName":"search_term_string"}}],"inLanguage":"az"},{"@type":"Organization","@id":"https:\/\/www.meydan.tv\/az\/#organization","name":"Meydan TV","url":"https:\/\/www.meydan.tv\/az\/","logo":{"@type":"ImageObject","inLanguage":"az","@id":"https:\/\/www.meydan.tv\/az\/#\/schema\/logo\/image\/","url":"https:\/\/www.meydan.tv\/wp-content\/uploads\/2021\/07\/meydan-logo.svg","contentUrl":"https:\/\/www.meydan.tv\/wp-content\/uploads\/2021\/07\/meydan-logo.svg","width":195,"height":46,"caption":"Meydan TV"},"image":{"@id":"https:\/\/www.meydan.tv\/az\/#\/schema\/logo\/image\/"}},{"@type":"Person","@id":"https:\/\/www.meydan.tv\/az\/#\/schema\/person\/09863e516102a829e72bedcf3f84c6b0","name":"mahmud"}]}},"_links":{"self":[{"href":"https:\/\/www.meydan.tv\/az\/wp-json\/wp\/v2\/posts\/326966","targetHints":{"allow":["GET"]}}],"collection":[{"href":"https:\/\/www.meydan.tv\/az\/wp-json\/wp\/v2\/posts"}],"about":[{"href":"https:\/\/www.meydan.tv\/az\/wp-json\/wp\/v2\/types\/post"}],"author":[{"embeddable":true,"href":"https:\/\/www.meydan.tv\/az\/wp-json\/wp\/v2\/users\/21"}],"replies":[{"embeddable":true,"href":"https:\/\/www.meydan.tv\/az\/wp-json\/wp\/v2\/comments?post=326966"}],"version-history":[{"count":1,"href":"https:\/\/www.meydan.tv\/az\/wp-json\/wp\/v2\/posts\/326966\/revisions"}],"predecessor-version":[{"id":326967,"href":"https:\/\/www.meydan.tv\/az\/wp-json\/wp\/v2\/posts\/326966\/revisions\/326967"}],"wp:featuredmedia":[{"embeddable":true,"href":"https:\/\/www.meydan.tv\/az\/wp-json\/wp\/v2\/media\/160434"}],"wp:attachment":[{"href":"https:\/\/www.meydan.tv\/az\/wp-json\/wp\/v2\/media?parent=326966"}],"wp:term":[{"taxonomy":"category","embeddable":true,"href":"https:\/\/www.meydan.tv\/az\/wp-json\/wp\/v2\/categories?post=326966"},{"taxonomy":"post_tag","embeddable":true,"href":"https:\/\/www.meydan.tv\/az\/wp-json\/wp\/v2\/tags?post=326966"}],"curies":[{"name":"wp","href":"https:\/\/api.w.org\/{rel}","templated":true}]}}