{"id":326912,"date":"2025-02-26T17:24:17","date_gmt":"2025-02-26T13:24:17","guid":{"rendered":"https:\/\/www.meydan.tv\/?p=326912"},"modified":"2025-02-26T17:24:20","modified_gmt":"2025-02-26T13:24:20","slug":"dovl%c9%99t-informasiya-ehtiyatlarina-kutl%c9%99vi-hucumlarin-oldugu-bildirilir","status":"publish","type":"post","link":"https:\/\/www.meydan.tv\/az\/article\/dovl%c9%99t-informasiya-ehtiyatlarina-kutl%c9%99vi-hucumlarin-oldugu-bildirilir\/","title":{"rendered":"D\u00f6vl\u0259t informasiya ehtiyatlar\u0131na k\u00fctl\u0259vi h\u00fccumlar\u0131n oldu\u011fu bildirilir"},"content":{"rendered":"\n<p><\/p>\n\n\n\n<p><strong><em>Az\u0259rbaycanda d\u00f6vl\u0259t qurumlar\u0131n\u0131n r\u0259smi saytlar\u0131na da giri\u015f m\u00fcmk\u00fcn deyil<\/em><\/strong><\/p>\n\n\n\n<p>Az\u0259rbaycanda art\u0131q bir ne\u00e7\u0259 g\u00fcnd\u00fcr d\u00f6vl\u0259t informasiya ehtiyatlar\u0131na k\u00fctl\u0259vi DDoS (xidm\u0259td\u0259n imtina h\u00fccumu-red.) h\u00fccumlar\u0131 edildiyi bildirilir.<\/p>\n\n\n\n<p>X\u00fcsusi Rabit\u0259 v\u0259 \u0130nformasiya T\u0259hl\u00fck\u0259sizliyi D\u00f6vl\u0259t Xidm\u0259tinin m\u0259lumat\u0131na g\u00f6r\u0259, kiberh\u00fccumlar\u0131n qar\u015f\u0131s\u0131n\u0131n al\u0131nmas\u0131 istiqam\u0259tind\u0259 i\u015fl\u0259r <a href=\"https:\/\/www.facebook.com\/photo\/?fbid=610213591925543&amp;set=a.152363547710552\" target=\"_blank\" rel=\"noreferrer noopener\">apar\u0131l\u0131r.<\/a><\/p>\n\n\n\n<p>Az\u0259rbaycanda d\u00f6vl\u0259t qurumlar\u0131n\u0131n r\u0259smi saytlar\u0131na da giri\u015f m\u00fcmk\u00fcn deyil.<\/p>\n\n\n\n<p>X\u00fcsusi Rabit\u0259 v\u0259 \u0130nformasiya T\u0259hl\u00fck\u0259sizliyi D\u00f6vl\u0259t Xidm\u0259tinin m\u0259lumat\u0131nda qeyd olunur ki, h\u00fccumla ba\u011fl\u0131 b\u0259z\u0259n real \u0130P (\u0130nternet protokolu) \u00fcnvanlar da anomal trafik kimi blok siyah\u0131s\u0131na d\u00fc\u015f\u0259 bilir.<\/p>\n\n\n\n<p><em>\u201cAnomal trafikin t\u0259mizl\u0259nm\u0259si zaman\u0131 d\u00f6vl\u0259t informasiya ehtiyatlar\u0131ndan istifad\u0259 ed\u0259n v\u0259t\u0259nda\u015flardan onlara m\u0259xsus \u0130P \u00fcnvanlarda yarana bil\u0259c\u0259k q\u0131sa m\u00fcdd\u0259tli m\u00fcv\u0259qq\u0259ti bloklamalar\u0131 n\u0259z\u0259r\u0259 almalar\u0131 xahi\u015f olunur\u201d,<\/em> &#8211; m\u0259lumatda deyilir.<\/p>\n\n\n\n<p>Fevral\u0131n 20-d\u0259 Az\u0259rbaycanda bir s\u0131ra x\u0259b\u0259r saytlar\u0131na k\u00fctl\u0259vi haker h\u00fccumlar\u0131 olub.<\/p>\n\n\n\n<p>H\u00fccuma m\u0259ruz qalan K\u0130V-l\u0259r \u201cGlobal Media Group\u201d MMC-nin t\u0259rkibin\u0259 daxil olan \u201cReport\u201d \u0130nformasiya Agentliyi, \u201cOxu.az, \u201cMedia.az\u201d, \u201cBaku.ws\u201d, \u201cCaliber.az\u201d x\u0259b\u0259r saytlar\u0131, \u201cBaku TV\u201d internet televiziyas\u0131, el\u0259c\u0259 d\u0259 \u201cAzpolitika.info\u201d sayt\u0131 idi.<\/p>\n\n\n\n<p>Hakerl\u0259r h\u00fccum etdikl\u0259ri saytlar\u0131n \u0259sas s\u0259hif\u0259l\u0259rini d\u0259yi\u015f\u0259r\u0259k \u00f6z\u00fcn\u00fc \u201cAz\u0259rbaycan \u0130slam M\u00fcqavim\u0259t H\u0259r\u0259kat\u0131\u201d kimi ifad\u0259 ed\u0259n \u201cH\u00fcseyn\u00e7il\u0259r\u201d adland\u0131ran qrupun loqosunu yerl\u0259\u015fdirmi\u015fdil\u0259r.<\/p>\n\n\n\n<p>T\u0259\u015fkilat \u0130ran t\u0259r\u0259find\u0259n maliyy\u0259l\u0259\u015fdirilir v\u0259 d\u0259st\u0259kl\u0259nir. H\u00fccumun \u0130ran hakerl\u0259ri t\u0259r\u0259find\u0259n edildiyi <a href=\"https:\/\/storage.googleapis.com\/qurium\/www.meydan.tv\/az-article-az%c9%99rbaycanin-bir-sira-x%c9%99b%c9%99r-saytlarina-haker-hucumu-olub.html\" target=\"_blank\" rel=\"noreferrer noopener\">bildirilir.<\/a><\/p>\n","protected":false},"excerpt":{"rendered":"<p>Az\u0259rbaycanda d\u00f6vl\u0259t qurumlar\u0131n\u0131n r\u0259smi saytlar\u0131na da giri\u015f m\u00fcmk\u00fcn deyil Az\u0259rbaycanda &#8230; <\/p>\n<p class=\"read-more-container\"><a title=\"D\u00f6vl\u0259t informasiya ehtiyatlar\u0131na k\u00fctl\u0259vi h\u00fccumlar\u0131n oldu\u011fu bildirilir\" class=\"read-more button\" href=\"https:\/\/www.meydan.tv\/az\/article\/dovl%c9%99t-informasiya-ehtiyatlarina-kutl%c9%99vi-hucumlarin-oldugu-bildirilir\/#more-326912\" aria-label=\"Read more about D\u00f6vl\u0259t informasiya ehtiyatlar\u0131na k\u00fctl\u0259vi h\u00fccumlar\u0131n oldu\u011fu bildirilir\">Davam\u0131<\/a><\/p>\n","protected":false},"author":21,"featured_media":293540,"comment_status":"closed","ping_status":"closed","sticky":false,"template":"","format":"standard","meta":{"_acf_changed":false,"_sitemap_exclude":false,"_sitemap_priority":"","_sitemap_frequency":"","footnotes":""},"categories":[59,56],"tags":[],"class_list":["post-326912","post","type-post","status-publish","format-standard","has-post-thumbnail","hentry","category-siyaset","category-xeberler","infinite-scroll-item","generate-columns","tablet-grid-50","mobile-grid-100","grid-parent","grid-33","no-featured-image-padding"],"acf":[],"yoast_head":"<!-- This site is optimized with the Yoast SEO plugin v27.5 - https:\/\/yoast.com\/product\/yoast-seo-wordpress\/ -->\n<title>D\u00f6vl\u0259t informasiya ehtiyatlar\u0131na k\u00fctl\u0259vi h\u00fccumlar\u0131n oldu\u011fu bildirilir - MEYDAN.TV<\/title>\n<meta name=\"robots\" content=\"index, follow, max-snippet:-1, max-image-preview:large, max-video-preview:-1\" \/>\n<link rel=\"canonical\" href=\"https:\/\/www.meydan.tv\/az\/article\/dovl%c9%99t-informasiya-ehtiyatlarina-kutl%c9%99vi-hucumlarin-oldugu-bildirilir\/\" \/>\n<meta property=\"og:locale\" content=\"az_AZ\" \/>\n<meta property=\"og:type\" content=\"article\" \/>\n<meta property=\"og:title\" content=\"D\u00f6vl\u0259t informasiya ehtiyatlar\u0131na k\u00fctl\u0259vi h\u00fccumlar\u0131n oldu\u011fu bildirilir - MEYDAN.TV\" \/>\n<meta property=\"og:description\" content=\"Az\u0259rbaycanda d\u00f6vl\u0259t qurumlar\u0131n\u0131n r\u0259smi saytlar\u0131na da giri\u015f m\u00fcmk\u00fcn deyil Az\u0259rbaycanda ... Davam\u0131\" \/>\n<meta property=\"og:url\" content=\"https:\/\/www.meydan.tv\/az\/article\/dovl%c9%99t-informasiya-ehtiyatlarina-kutl%c9%99vi-hucumlarin-oldugu-bildirilir\/\" \/>\n<meta property=\"og:site_name\" content=\"MEYDAN.TV\" \/>\n<meta property=\"article:published_time\" content=\"2025-02-26T13:24:17+00:00\" \/>\n<meta property=\"article:modified_time\" content=\"2025-02-26T13:24:20+00:00\" \/>\n<meta property=\"og:image\" content=\"https:\/\/www.meydan.tv\/wp-content\/uploads\/screenshot-2023-12-20-at-16.08.12.png\" \/>\n\t<meta property=\"og:image:width\" content=\"1776\" \/>\n\t<meta property=\"og:image:height\" content=\"882\" \/>\n\t<meta property=\"og:image:type\" content=\"image\/png\" \/>\n<meta name=\"author\" content=\"mahmud\" \/>\n<meta name=\"twitter:card\" content=\"summary_large_image\" \/>\n<script type=\"application\/ld+json\" class=\"yoast-schema-graph\">{\"@context\":\"https:\\\/\\\/schema.org\",\"@graph\":[{\"@type\":\"Article\",\"@id\":\"https:\\\/\\\/www.meydan.tv\\\/az\\\/article\\\/dovl%c9%99t-informasiya-ehtiyatlarina-kutl%c9%99vi-hucumlarin-oldugu-bildirilir\\\/#article\",\"isPartOf\":{\"@id\":\"https:\\\/\\\/www.meydan.tv\\\/az\\\/article\\\/dovl%c9%99t-informasiya-ehtiyatlarina-kutl%c9%99vi-hucumlarin-oldugu-bildirilir\\\/\"},\"author\":{\"name\":\"mahmud\",\"@id\":\"https:\\\/\\\/www.meydan.tv\\\/az\\\/#\\\/schema\\\/person\\\/09863e516102a829e72bedcf3f84c6b0\"},\"headline\":\"D\u00f6vl\u0259t informasiya ehtiyatlar\u0131na k\u00fctl\u0259vi h\u00fccumlar\u0131n oldu\u011fu bildirilir\",\"datePublished\":\"2025-02-26T13:24:17+00:00\",\"dateModified\":\"2025-02-26T13:24:20+00:00\",\"mainEntityOfPage\":{\"@id\":\"https:\\\/\\\/www.meydan.tv\\\/az\\\/article\\\/dovl%c9%99t-informasiya-ehtiyatlarina-kutl%c9%99vi-hucumlarin-oldugu-bildirilir\\\/\"},\"wordCount\":339,\"publisher\":{\"@id\":\"https:\\\/\\\/www.meydan.tv\\\/az\\\/#organization\"},\"image\":{\"@id\":\"https:\\\/\\\/www.meydan.tv\\\/az\\\/article\\\/dovl%c9%99t-informasiya-ehtiyatlarina-kutl%c9%99vi-hucumlarin-oldugu-bildirilir\\\/#primaryimage\"},\"thumbnailUrl\":\"https:\\\/\\\/www.meydan.tv\\\/wp-content\\\/uploads\\\/screenshot-2023-12-20-at-16.08.12.png\",\"articleSection\":[\"Siyas\u0259t\",\"X\u0259b\u0259rl\u0259r\"],\"inLanguage\":\"az\"},{\"@type\":\"WebPage\",\"@id\":\"https:\\\/\\\/www.meydan.tv\\\/az\\\/article\\\/dovl%c9%99t-informasiya-ehtiyatlarina-kutl%c9%99vi-hucumlarin-oldugu-bildirilir\\\/\",\"url\":\"https:\\\/\\\/www.meydan.tv\\\/az\\\/article\\\/dovl%c9%99t-informasiya-ehtiyatlarina-kutl%c9%99vi-hucumlarin-oldugu-bildirilir\\\/\",\"name\":\"D\u00f6vl\u0259t informasiya ehtiyatlar\u0131na k\u00fctl\u0259vi h\u00fccumlar\u0131n oldu\u011fu bildirilir - MEYDAN.TV\",\"isPartOf\":{\"@id\":\"https:\\\/\\\/www.meydan.tv\\\/az\\\/#website\"},\"primaryImageOfPage\":{\"@id\":\"https:\\\/\\\/www.meydan.tv\\\/az\\\/article\\\/dovl%c9%99t-informasiya-ehtiyatlarina-kutl%c9%99vi-hucumlarin-oldugu-bildirilir\\\/#primaryimage\"},\"image\":{\"@id\":\"https:\\\/\\\/www.meydan.tv\\\/az\\\/article\\\/dovl%c9%99t-informasiya-ehtiyatlarina-kutl%c9%99vi-hucumlarin-oldugu-bildirilir\\\/#primaryimage\"},\"thumbnailUrl\":\"https:\\\/\\\/www.meydan.tv\\\/wp-content\\\/uploads\\\/screenshot-2023-12-20-at-16.08.12.png\",\"datePublished\":\"2025-02-26T13:24:17+00:00\",\"dateModified\":\"2025-02-26T13:24:20+00:00\",\"breadcrumb\":{\"@id\":\"https:\\\/\\\/www.meydan.tv\\\/az\\\/article\\\/dovl%c9%99t-informasiya-ehtiyatlarina-kutl%c9%99vi-hucumlarin-oldugu-bildirilir\\\/#breadcrumb\"},\"inLanguage\":\"az\",\"potentialAction\":[{\"@type\":\"ReadAction\",\"target\":[\"https:\\\/\\\/www.meydan.tv\\\/az\\\/article\\\/dovl%c9%99t-informasiya-ehtiyatlarina-kutl%c9%99vi-hucumlarin-oldugu-bildirilir\\\/\"]}]},{\"@type\":\"ImageObject\",\"inLanguage\":\"az\",\"@id\":\"https:\\\/\\\/www.meydan.tv\\\/az\\\/article\\\/dovl%c9%99t-informasiya-ehtiyatlarina-kutl%c9%99vi-hucumlarin-oldugu-bildirilir\\\/#primaryimage\",\"url\":\"https:\\\/\\\/www.meydan.tv\\\/wp-content\\\/uploads\\\/screenshot-2023-12-20-at-16.08.12.png\",\"contentUrl\":\"https:\\\/\\\/www.meydan.tv\\\/wp-content\\\/uploads\\\/screenshot-2023-12-20-at-16.08.12.png\",\"width\":1776,\"height\":882,\"caption\":\"Kibercinay\u0259tkarl\u0131q. Foto: Reuters\"},{\"@type\":\"BreadcrumbList\",\"@id\":\"https:\\\/\\\/www.meydan.tv\\\/az\\\/article\\\/dovl%c9%99t-informasiya-ehtiyatlarina-kutl%c9%99vi-hucumlarin-oldugu-bildirilir\\\/#breadcrumb\",\"itemListElement\":[{\"@type\":\"ListItem\",\"position\":1,\"name\":\"Ana s\u0259hif\u0259\",\"item\":\"https:\\\/\\\/www.meydan.tv\\\/az\\\/\"},{\"@type\":\"ListItem\",\"position\":2,\"name\":\"Siyas\u0259t\",\"item\":\"https:\\\/\\\/www.meydan.tv\\\/az\\\/section\\\/siyaset\\\/\"},{\"@type\":\"ListItem\",\"position\":3,\"name\":\"D\u00f6vl\u0259t informasiya ehtiyatlar\u0131na k\u00fctl\u0259vi h\u00fccumlar\u0131n oldu\u011fu bildirilir\"}]},{\"@type\":\"WebSite\",\"@id\":\"https:\\\/\\\/www.meydan.tv\\\/az\\\/#website\",\"url\":\"https:\\\/\\\/www.meydan.tv\\\/az\\\/\",\"name\":\"MEYDAN.TV\",\"description\":\"Meydan TV Az\u0259rbaycan\u0131n media m\u0259kan\u0131ndak\u0131 alternativ s\u0259sidir\",\"publisher\":{\"@id\":\"https:\\\/\\\/www.meydan.tv\\\/az\\\/#organization\"},\"potentialAction\":[{\"@type\":\"SearchAction\",\"target\":{\"@type\":\"EntryPoint\",\"urlTemplate\":\"https:\\\/\\\/www.meydan.tv\\\/az\\\/?s={search_term_string}\"},\"query-input\":{\"@type\":\"PropertyValueSpecification\",\"valueRequired\":true,\"valueName\":\"search_term_string\"}}],\"inLanguage\":\"az\"},{\"@type\":\"Organization\",\"@id\":\"https:\\\/\\\/www.meydan.tv\\\/az\\\/#organization\",\"name\":\"Meydan TV\",\"url\":\"https:\\\/\\\/www.meydan.tv\\\/az\\\/\",\"logo\":{\"@type\":\"ImageObject\",\"inLanguage\":\"az\",\"@id\":\"https:\\\/\\\/www.meydan.tv\\\/az\\\/#\\\/schema\\\/logo\\\/image\\\/\",\"url\":\"https:\\\/\\\/www.meydan.tv\\\/wp-content\\\/uploads\\\/2021\\\/07\\\/meydan-logo.svg\",\"contentUrl\":\"https:\\\/\\\/www.meydan.tv\\\/wp-content\\\/uploads\\\/2021\\\/07\\\/meydan-logo.svg\",\"width\":195,\"height\":46,\"caption\":\"Meydan TV\"},\"image\":{\"@id\":\"https:\\\/\\\/www.meydan.tv\\\/az\\\/#\\\/schema\\\/logo\\\/image\\\/\"}},{\"@type\":\"Person\",\"@id\":\"https:\\\/\\\/www.meydan.tv\\\/az\\\/#\\\/schema\\\/person\\\/09863e516102a829e72bedcf3f84c6b0\",\"name\":\"mahmud\"}]}<\/script>\n<!-- \/ Yoast SEO plugin. -->","yoast_head_json":{"title":"D\u00f6vl\u0259t informasiya ehtiyatlar\u0131na k\u00fctl\u0259vi h\u00fccumlar\u0131n oldu\u011fu bildirilir - MEYDAN.TV","robots":{"index":"index","follow":"follow","max-snippet":"max-snippet:-1","max-image-preview":"max-image-preview:large","max-video-preview":"max-video-preview:-1"},"canonical":"https:\/\/www.meydan.tv\/az\/article\/dovl%c9%99t-informasiya-ehtiyatlarina-kutl%c9%99vi-hucumlarin-oldugu-bildirilir\/","og_locale":"az_AZ","og_type":"article","og_title":"D\u00f6vl\u0259t informasiya ehtiyatlar\u0131na k\u00fctl\u0259vi h\u00fccumlar\u0131n oldu\u011fu bildirilir - MEYDAN.TV","og_description":"Az\u0259rbaycanda d\u00f6vl\u0259t qurumlar\u0131n\u0131n r\u0259smi saytlar\u0131na da giri\u015f m\u00fcmk\u00fcn deyil Az\u0259rbaycanda ... Davam\u0131","og_url":"https:\/\/www.meydan.tv\/az\/article\/dovl%c9%99t-informasiya-ehtiyatlarina-kutl%c9%99vi-hucumlarin-oldugu-bildirilir\/","og_site_name":"MEYDAN.TV","article_published_time":"2025-02-26T13:24:17+00:00","article_modified_time":"2025-02-26T13:24:20+00:00","og_image":[{"width":1776,"height":882,"url":"https:\/\/www.meydan.tv\/wp-content\/uploads\/screenshot-2023-12-20-at-16.08.12.png","type":"image\/png"}],"author":"mahmud","twitter_card":"summary_large_image","schema":{"@context":"https:\/\/schema.org","@graph":[{"@type":"Article","@id":"https:\/\/www.meydan.tv\/az\/article\/dovl%c9%99t-informasiya-ehtiyatlarina-kutl%c9%99vi-hucumlarin-oldugu-bildirilir\/#article","isPartOf":{"@id":"https:\/\/www.meydan.tv\/az\/article\/dovl%c9%99t-informasiya-ehtiyatlarina-kutl%c9%99vi-hucumlarin-oldugu-bildirilir\/"},"author":{"name":"mahmud","@id":"https:\/\/www.meydan.tv\/az\/#\/schema\/person\/09863e516102a829e72bedcf3f84c6b0"},"headline":"D\u00f6vl\u0259t informasiya ehtiyatlar\u0131na k\u00fctl\u0259vi h\u00fccumlar\u0131n oldu\u011fu bildirilir","datePublished":"2025-02-26T13:24:17+00:00","dateModified":"2025-02-26T13:24:20+00:00","mainEntityOfPage":{"@id":"https:\/\/www.meydan.tv\/az\/article\/dovl%c9%99t-informasiya-ehtiyatlarina-kutl%c9%99vi-hucumlarin-oldugu-bildirilir\/"},"wordCount":339,"publisher":{"@id":"https:\/\/www.meydan.tv\/az\/#organization"},"image":{"@id":"https:\/\/www.meydan.tv\/az\/article\/dovl%c9%99t-informasiya-ehtiyatlarina-kutl%c9%99vi-hucumlarin-oldugu-bildirilir\/#primaryimage"},"thumbnailUrl":"https:\/\/www.meydan.tv\/wp-content\/uploads\/screenshot-2023-12-20-at-16.08.12.png","articleSection":["Siyas\u0259t","X\u0259b\u0259rl\u0259r"],"inLanguage":"az"},{"@type":"WebPage","@id":"https:\/\/www.meydan.tv\/az\/article\/dovl%c9%99t-informasiya-ehtiyatlarina-kutl%c9%99vi-hucumlarin-oldugu-bildirilir\/","url":"https:\/\/www.meydan.tv\/az\/article\/dovl%c9%99t-informasiya-ehtiyatlarina-kutl%c9%99vi-hucumlarin-oldugu-bildirilir\/","name":"D\u00f6vl\u0259t informasiya ehtiyatlar\u0131na k\u00fctl\u0259vi h\u00fccumlar\u0131n oldu\u011fu bildirilir - MEYDAN.TV","isPartOf":{"@id":"https:\/\/www.meydan.tv\/az\/#website"},"primaryImageOfPage":{"@id":"https:\/\/www.meydan.tv\/az\/article\/dovl%c9%99t-informasiya-ehtiyatlarina-kutl%c9%99vi-hucumlarin-oldugu-bildirilir\/#primaryimage"},"image":{"@id":"https:\/\/www.meydan.tv\/az\/article\/dovl%c9%99t-informasiya-ehtiyatlarina-kutl%c9%99vi-hucumlarin-oldugu-bildirilir\/#primaryimage"},"thumbnailUrl":"https:\/\/www.meydan.tv\/wp-content\/uploads\/screenshot-2023-12-20-at-16.08.12.png","datePublished":"2025-02-26T13:24:17+00:00","dateModified":"2025-02-26T13:24:20+00:00","breadcrumb":{"@id":"https:\/\/www.meydan.tv\/az\/article\/dovl%c9%99t-informasiya-ehtiyatlarina-kutl%c9%99vi-hucumlarin-oldugu-bildirilir\/#breadcrumb"},"inLanguage":"az","potentialAction":[{"@type":"ReadAction","target":["https:\/\/www.meydan.tv\/az\/article\/dovl%c9%99t-informasiya-ehtiyatlarina-kutl%c9%99vi-hucumlarin-oldugu-bildirilir\/"]}]},{"@type":"ImageObject","inLanguage":"az","@id":"https:\/\/www.meydan.tv\/az\/article\/dovl%c9%99t-informasiya-ehtiyatlarina-kutl%c9%99vi-hucumlarin-oldugu-bildirilir\/#primaryimage","url":"https:\/\/www.meydan.tv\/wp-content\/uploads\/screenshot-2023-12-20-at-16.08.12.png","contentUrl":"https:\/\/www.meydan.tv\/wp-content\/uploads\/screenshot-2023-12-20-at-16.08.12.png","width":1776,"height":882,"caption":"Kibercinay\u0259tkarl\u0131q. Foto: Reuters"},{"@type":"BreadcrumbList","@id":"https:\/\/www.meydan.tv\/az\/article\/dovl%c9%99t-informasiya-ehtiyatlarina-kutl%c9%99vi-hucumlarin-oldugu-bildirilir\/#breadcrumb","itemListElement":[{"@type":"ListItem","position":1,"name":"Ana s\u0259hif\u0259","item":"https:\/\/www.meydan.tv\/az\/"},{"@type":"ListItem","position":2,"name":"Siyas\u0259t","item":"https:\/\/www.meydan.tv\/az\/section\/siyaset\/"},{"@type":"ListItem","position":3,"name":"D\u00f6vl\u0259t informasiya ehtiyatlar\u0131na k\u00fctl\u0259vi h\u00fccumlar\u0131n oldu\u011fu bildirilir"}]},{"@type":"WebSite","@id":"https:\/\/www.meydan.tv\/az\/#website","url":"https:\/\/www.meydan.tv\/az\/","name":"MEYDAN.TV","description":"Meydan TV Az\u0259rbaycan\u0131n media m\u0259kan\u0131ndak\u0131 alternativ s\u0259sidir","publisher":{"@id":"https:\/\/www.meydan.tv\/az\/#organization"},"potentialAction":[{"@type":"SearchAction","target":{"@type":"EntryPoint","urlTemplate":"https:\/\/www.meydan.tv\/az\/?s={search_term_string}"},"query-input":{"@type":"PropertyValueSpecification","valueRequired":true,"valueName":"search_term_string"}}],"inLanguage":"az"},{"@type":"Organization","@id":"https:\/\/www.meydan.tv\/az\/#organization","name":"Meydan TV","url":"https:\/\/www.meydan.tv\/az\/","logo":{"@type":"ImageObject","inLanguage":"az","@id":"https:\/\/www.meydan.tv\/az\/#\/schema\/logo\/image\/","url":"https:\/\/www.meydan.tv\/wp-content\/uploads\/2021\/07\/meydan-logo.svg","contentUrl":"https:\/\/www.meydan.tv\/wp-content\/uploads\/2021\/07\/meydan-logo.svg","width":195,"height":46,"caption":"Meydan TV"},"image":{"@id":"https:\/\/www.meydan.tv\/az\/#\/schema\/logo\/image\/"}},{"@type":"Person","@id":"https:\/\/www.meydan.tv\/az\/#\/schema\/person\/09863e516102a829e72bedcf3f84c6b0","name":"mahmud"}]}},"_links":{"self":[{"href":"https:\/\/www.meydan.tv\/az\/wp-json\/wp\/v2\/posts\/326912","targetHints":{"allow":["GET"]}}],"collection":[{"href":"https:\/\/www.meydan.tv\/az\/wp-json\/wp\/v2\/posts"}],"about":[{"href":"https:\/\/www.meydan.tv\/az\/wp-json\/wp\/v2\/types\/post"}],"author":[{"embeddable":true,"href":"https:\/\/www.meydan.tv\/az\/wp-json\/wp\/v2\/users\/21"}],"replies":[{"embeddable":true,"href":"https:\/\/www.meydan.tv\/az\/wp-json\/wp\/v2\/comments?post=326912"}],"version-history":[{"count":2,"href":"https:\/\/www.meydan.tv\/az\/wp-json\/wp\/v2\/posts\/326912\/revisions"}],"predecessor-version":[{"id":326918,"href":"https:\/\/www.meydan.tv\/az\/wp-json\/wp\/v2\/posts\/326912\/revisions\/326918"}],"wp:featuredmedia":[{"embeddable":true,"href":"https:\/\/www.meydan.tv\/az\/wp-json\/wp\/v2\/media\/293540"}],"wp:attachment":[{"href":"https:\/\/www.meydan.tv\/az\/wp-json\/wp\/v2\/media?parent=326912"}],"wp:term":[{"taxonomy":"category","embeddable":true,"href":"https:\/\/www.meydan.tv\/az\/wp-json\/wp\/v2\/categories?post=326912"},{"taxonomy":"post_tag","embeddable":true,"href":"https:\/\/www.meydan.tv\/az\/wp-json\/wp\/v2\/tags?post=326912"}],"curies":[{"name":"wp","href":"https:\/\/api.w.org\/{rel}","templated":true}]}}