{"id":326895,"date":"2025-02-26T13:42:31","date_gmt":"2025-02-26T09:42:31","guid":{"rendered":"https:\/\/www.meydan.tv\/?p=326895"},"modified":"2025-02-26T13:42:33","modified_gmt":"2025-02-26T09:42:33","slug":"sahnaz-b%c9%99yl%c9%99rqizi-ev-dustaqligina-buraxildi","status":"publish","type":"post","link":"https:\/\/www.meydan.tv\/az\/article\/sahnaz-b%c9%99yl%c9%99rqizi-ev-dustaqligina-buraxildi\/","title":{"rendered":"\u015eahnaz B\u0259yl\u0259rq\u0131z\u0131 ev dustaql\u0131\u011f\u0131na burax\u0131ld\u0131"},"content":{"rendered":"\n<p><\/p>\n\n\n\n<p><strong><em>X\u0259tai Rayon M\u0259hk\u0259m\u0259sinin q\u0259rar\u0131 il\u0259 jurnalistin h\u0259bsi ev dustaql\u0131\u011f\u0131 il\u0259 \u0259v\u0259z edilib<\/em><\/strong><\/p>\n\n\n\n<p>\u201cToplum TV\u201dnin \u0259m\u0259kda\u015f\u0131, h\u0259bsd\u0259 olan jurnalist \u015eahnaz B\u0259yl\u0259rq\u0131z\u0131 (H\u00fcseynova) ev dustaql\u0131\u011f\u0131na burax\u0131l\u0131b.<\/p>\n\n\n\n<p>X\u0259tai Rayon M\u0259hk\u0259m\u0259sinin q\u0259rar\u0131 il\u0259 jurnalistin h\u0259bsi ev dustaql\u0131\u011f\u0131 il\u0259 \u0259v\u0259z edilib.<\/p>\n\n\n\n<p>2025-ci il fevral\u0131n 5-d\u0259 jurnalist \u015eahnaz B\u0259yl\u0259rq\u0131z\u0131 (H\u00fcseynova) \u201cToplum TV i\u015fi\u201dnd\u0259ki ittihamlar \u00fczr\u0259 \u015f\u00fcbh\u0259li \u015f\u0259xs qismind\u0259 saxlan\u0131l\u0131b. Fevral\u0131n 6-da X\u0259tai Rayon M\u0259hk\u0259m\u0259sinin q\u0259rar\u0131 il\u0259 jurnalist bar\u0259sind\u0259 3 ay 15 g\u00fcn m\u00fcdd\u0259tin\u0259 h\u0259bs q\u0259timkan t\u0259dbiri se\u00e7ilib.<\/p>\n\n\n\n<p>Fevral\u0131n 7-d\u0259 v\u0259kili B\u0259xtiyar Hac\u0131yev bildirib ki, ciddi sa\u011flaml\u0131q probleml\u0259ril\u0259 \u0259laq\u0259dar B\u0259yl\u0259rq\u0131z\u0131 tibbi m\u00fc\u015fahid\u0259y\u0259 g\u00f6t\u00fcr\u00fcl\u00fcb.<\/p>\n\n\n\n<p>Fevral\u0131n 8-d\u0259 H\u00fcquq M\u00fcdafi\u0259 T\u0259\u015fkilatlar\u0131 Monitorinq Qrupunun \u00fczvl\u0259ri Novella C\u0259f\u0259ro\u011flu, S\u0259id\u0259 Qocamanl\u0131 v\u0259 S\u0259ad\u0259t B\u0259nanyarl\u0131 \u0130lham \u018fliyev v\u0259 Mehriban \u018fliyevaya m\u00fcraci\u0259t edibl\u0259r.<\/p>\n\n\n\n<p>Onlar \u015eahnaz B\u0259yl\u0259rq\u0131z\u0131n\u0131n ev dustaql\u0131\u011f\u0131na burax\u0131lmas\u0131 \u00fc\u00e7\u00fcn t\u0259klif ir\u0259li s\u00fcr\u00fcbl\u0259r v\u0259 jurnalistin s\u0259hh\u0259tind\u0259 m\u00f6vcud olan probleml\u0259rl\u0259 ba\u011fl\u0131 narahatl\u0131qlar\u0131n\u0131 bildiribl\u0259r.<\/p>\n\n\n\n<p>Fevral\u0131n 11-d\u0259 H\u00fcquq m\u00fcdafi\u0259 T\u0259\u015fkilatlari Monitorinq Qrupunun \u00fczvl\u0259ri jurnalist \u015eahnaz B\u0259yl\u0259rq\u0131z\u0131 il\u0259 \u0259laq\u0259dar Az\u0259rbaycan Daxili \u0130\u015fl\u0259r Nazirliyind\u0259 olublar.<\/p>\n\n\n\n<p>\u015eahnaz B\u0259yl\u0259rq\u0131z\u0131 \u201cToplum TV\u201dnin apar\u0131c\u0131s\u0131 olub. \u201cToplum TV\u201dy\u0259 a\u00e7\u0131lan cinay\u0259t i\u015find\u0259n sonra is\u0259 verili\u015fin yay\u0131m\u0131 dayand\u0131r\u0131l\u0131b.<\/p>\n\n\n\n<p>2024-c\u00fc il mart\u0131n 6-da h\u00fcquq-m\u00fchafiz\u0259 orqanlar\u0131 \u201cToplum TV\u201d, \u201cDemokratik T\u0259\u015f\u0259bb\u00fcsl\u0259r \u0130nstitutu\u201d, h\u0259m\u00e7inin \u201cIII Respublika Platformas\u0131\u201cn\u0131n ofisl\u0259rind\u0259, bir ne\u00e7\u0259 \u0259m\u0259kda\u015f\u0131n evind\u0259 axtar\u0131\u015f apar\u0131b.<\/p>\n\n\n\n<p>M\u0259lumata g\u00f6r\u0259, iyirmid\u0259n \u00e7ox \u0259m\u0259kda\u015f polis t\u0259r\u0259find\u0259n saxlan\u0131l\u0131b, bir ne\u00e7\u0259 saat sonra \u0259m\u0259kda\u015flar\u0131n \u0259ks\u0259riyy\u0259ti s\u0259rb\u0259st burax\u0131l\u0131b, lakin \u201cToplum TV\u201dnin ofisinin qap\u0131s\u0131 m\u00f6h\u00fcrl\u0259nib.<\/p>\n\n\n\n<p>\u201cToplum TV\u201dnin jurnalistl\u0259ri F\u0259rid \u0130smay\u0131lova (polis n\u0259zar\u0259ti alt\u0131na verm\u0259 bar\u0259d\u0259 q\u0259timkan t\u0259dbiri, 2025-ci il yanvar\u0131n 17-d\u0259n bar\u0259sind\u0259 h\u0259bs q\u0259timkan t\u0259dbiri se\u00e7ilib), M\u00fc\u015ffiq Cabbara, Elmir Abbasova (polis n\u0259zar\u0259ti alt\u0131na verm\u0259 bar\u0259d\u0259 q\u0259timkan t\u0259dbiri) v\u0259 \u201cDemokratik T\u0259\u015f\u0259bb\u00fcsl\u0259r \u0130nstitutu\u201dnun r\u0259hb\u0259ri, h\u0259m\u00e7inin \u201cIII Respublika Platformas\u0131\u201cn\u0131n spikeri Akif Qurbanova, el\u0259c\u0259 d\u0259 \u018fli Zeynala, Ramil Babayev\u0259, \u0130lkin \u018fmrahova qa\u00e7aqmal\u00e7\u0131l\u0131q ittiham\u0131 il\u0259 cinay\u0259t i\u015fi a\u00e7\u0131l\u0131b v\u0259 bar\u0259l\u0259rind\u0259 h\u0259bs q\u0259timkan t\u0259dbiri se\u00e7ilib.<\/p>\n\n\n\n<p>2024-c\u00fc ilin mart\u0131n 8-d\u0259 \u201cIII Respublika Platformas\u0131\u201cn\u0131n qurucu hey\u0259t \u00fczv\u00fc Ruslan \u0130zz\u0259tli v\u0259 \u201cToplum TV\u201dnin h\u0259mt\u0259sis\u00e7isi \u018fl\u0259sg\u0259r M\u0259mm\u0259dli d\u0259 h\u0259min ittiham \u00fczr\u0259 h\u0259bs olunublar.<\/p>\n\n\n\n<p>2025-ci il yanvar\u0131n 17-d\u0259 \u201cToplum TV i\u015fi \u00fczr\u0259\u201d t\u0259qsirl\u0259ndiril\u0259n \u015f\u0259xsl\u0259rin ittiham\u0131 a\u011f\u0131rla\u015fd\u0131r\u0131l\u0131b.<\/p>\n\n\n\n<p>Onlara qar\u015f\u0131 Cinay\u0259t M\u0259c\u0259ll\u0259sinin 162-1.1-ci (\u018fm\u0259k m\u00fcqavil\u0259si h\u00fcquqi q\u00fcvv\u0259y\u0259 minm\u0259d\u0259n i\u015f\u00e7il\u0259rin h\u0259r hans\u0131 i\u015fl\u0259rin yerin\u0259 yetirilm\u0259sin\u0259 c\u0259lb edilm\u0259si), 192.3.2-ci (x\u00fcsusil\u0259 k\u00fclli miqdarda g\u0259lir \u0259ld\u0259 etm\u0259kl\u0259 qanunsuz sahibkarl\u0131q), 193-1.3.1-ci (Cinay\u0259t yolu il\u0259 \u0259ld\u0259 edilmi\u015f \u0259mlak\u0131 leqalla\u015fd\u0131rma), 193-1.3.2-ci (\u2026xeyli miqdarda t\u00f6r\u0259dildikd\u0259), 206.4-ci (m\u00fct\u0259\u015f\u0259kkil d\u0259st\u0259 t\u0259r\u0259find\u0259n qa\u00e7aqmal\u00e7\u0131l\u0131q) v\u0259 213.2.1-ci (vergil\u0259ri \u00f6d\u0259m\u0259kd\u0259n yay\u0131nma \u2013 m\u00fct\u0259\u015f\u0259kkil d\u0259st\u0259 t\u0259r\u0259find\u0259n t\u00f6r\u0259dildikd\u0259) madd\u0259l\u0259ri il\u0259 yeni ittihamlar ir\u0259li s\u00fcr\u00fcl\u00fcb.<\/p>\n\n\n\n<p>\u201cToplum TV i\u015fi\u201d il\u0259 ba\u011fl\u0131 m\u0259hk\u0259m\u0259nin q\u0259rar\u0131 il\u0259 polis n\u0259zar\u0259tin\u0259 verilmi\u015f jurnalist F\u0259rid \u0130smay\u0131lov yanvar\u0131n 17-d\u0259 h\u0259bs edilib.<\/p>\n\n\n\n<p>2023-c\u00fc ilin noyabr\u0131ndan ba\u015flayaraq Az\u0259rbaycanda jurnalist v\u0259 ictimai f\u0259allar qa\u00e7aqmal\u00e7\u0131l\u0131q ittiham\u0131 il\u0259 h\u0259bs edilirl\u0259r. Amma onlar\u0131n ham\u0131s\u0131 ittihamla raz\u0131la\u015fm\u0131r, bunu pe\u015f\u0259 f\u0259aliyy\u0259tl\u0259ri v\u0259 siyasi sifari\u015f il\u0259 izah edirl\u0259r. Sonradan onlardan bir \u00e7oxunun ittiham\u0131 a\u011f\u0131rla\u015fd\u0131r\u0131l\u0131b.<\/p>\n\n\n\n<p>Yerli h\u00fcquq-m\u00fcdafi\u0259 t\u0259\u015fkilatlar\u0131n\u0131n haz\u0131rlad\u0131qlar\u0131 son siyah\u0131ya g\u00f6r\u0259, haz\u0131rda Az\u0259rbaycan h\u0259bsxanalar\u0131nda 357 siyasi m\u0259hbus var.<\/p>\n\n\n\n<p>R\u0259smil\u0259r is\u0259 \u00f6lk\u0259d\u0259 he\u00e7 kim s\u0131rf pe\u015f\u0259 f\u0259aliyy\u0259ti il\u0259 ba\u011fl\u0131, siyasi \u0259saslar il\u0259 h\u0259bs edilm\u0259diyini bildirirl\u0259r. Onlar\u0131n dediyin\u0259 g\u00f6r\u0259, h\u0259min siyah\u0131larda yer alanlar s\u0131rf t\u00f6r\u0259tdikl\u0259ri \u0259m\u0259l\u0259 g\u00f6r\u0259 m\u0259suliyy\u0259t\u0259 c\u0259lb edilibl\u0259r.<\/p>\n","protected":false},"excerpt":{"rendered":"<p>X\u0259tai Rayon M\u0259hk\u0259m\u0259sinin q\u0259rar\u0131 il\u0259 jurnalistin h\u0259bsi ev dustaql\u0131\u011f\u0131 il\u0259 &#8230; <\/p>\n<p class=\"read-more-container\"><a title=\"\u015eahnaz B\u0259yl\u0259rq\u0131z\u0131 ev dustaql\u0131\u011f\u0131na burax\u0131ld\u0131\" class=\"read-more button\" href=\"https:\/\/www.meydan.tv\/az\/article\/sahnaz-b%c9%99yl%c9%99rqizi-ev-dustaqligina-buraxildi\/#more-326895\" aria-label=\"Read more about \u015eahnaz B\u0259yl\u0259rq\u0131z\u0131 ev dustaql\u0131\u011f\u0131na burax\u0131ld\u0131\">Davam\u0131<\/a><\/p>\n","protected":false},"author":21,"featured_media":325962,"comment_status":"closed","ping_status":"closed","sticky":false,"template":"","format":"standard","meta":{"_acf_changed":false,"_sitemap_exclude":false,"_sitemap_priority":"","_sitemap_frequency":"","footnotes":""},"categories":[59,79,56],"tags":[],"class_list":["post-326895","post","type-post","status-publish","format-standard","has-post-thumbnail","hentry","category-siyaset","category-featured","category-xeberler","infinite-scroll-item","generate-columns","tablet-grid-50","mobile-grid-100","grid-parent","grid-33","no-featured-image-padding"],"acf":[],"yoast_head":"<!-- This site is optimized with the Yoast SEO plugin v27.5 - https:\/\/yoast.com\/product\/yoast-seo-wordpress\/ -->\n<title>\u015eahnaz B\u0259yl\u0259rq\u0131z\u0131 ev dustaql\u0131\u011f\u0131na burax\u0131ld\u0131 - MEYDAN.TV<\/title>\n<meta name=\"robots\" content=\"index, follow, max-snippet:-1, max-image-preview:large, max-video-preview:-1\" \/>\n<link rel=\"canonical\" href=\"https:\/\/www.meydan.tv\/az\/article\/sahnaz-b%c9%99yl%c9%99rqizi-ev-dustaqligina-buraxildi\/\" \/>\n<meta property=\"og:locale\" content=\"az_AZ\" \/>\n<meta property=\"og:type\" content=\"article\" \/>\n<meta property=\"og:title\" content=\"\u015eahnaz B\u0259yl\u0259rq\u0131z\u0131 ev dustaql\u0131\u011f\u0131na burax\u0131ld\u0131 - MEYDAN.TV\" \/>\n<meta property=\"og:description\" content=\"X\u0259tai Rayon M\u0259hk\u0259m\u0259sinin q\u0259rar\u0131 il\u0259 jurnalistin h\u0259bsi ev dustaql\u0131\u011f\u0131 il\u0259 ... Davam\u0131\" \/>\n<meta property=\"og:url\" content=\"https:\/\/www.meydan.tv\/az\/article\/sahnaz-b%c9%99yl%c9%99rqizi-ev-dustaqligina-buraxildi\/\" \/>\n<meta property=\"og:site_name\" content=\"MEYDAN.TV\" \/>\n<meta property=\"article:published_time\" content=\"2025-02-26T09:42:31+00:00\" \/>\n<meta property=\"article:modified_time\" content=\"2025-02-26T09:42:33+00:00\" \/>\n<meta property=\"og:image\" content=\"https:\/\/www.meydan.tv\/wp-content\/uploads\/shahnaz.png\" \/>\n\t<meta property=\"og:image:width\" content=\"1179\" \/>\n\t<meta property=\"og:image:height\" content=\"576\" \/>\n\t<meta property=\"og:image:type\" content=\"image\/png\" \/>\n<meta name=\"author\" content=\"mahmud\" \/>\n<meta name=\"twitter:card\" content=\"summary_large_image\" \/>\n<script type=\"application\/ld+json\" class=\"yoast-schema-graph\">{\"@context\":\"https:\\\/\\\/schema.org\",\"@graph\":[{\"@type\":\"Article\",\"@id\":\"https:\\\/\\\/www.meydan.tv\\\/az\\\/article\\\/sahnaz-b%c9%99yl%c9%99rqizi-ev-dustaqligina-buraxildi\\\/#article\",\"isPartOf\":{\"@id\":\"https:\\\/\\\/www.meydan.tv\\\/az\\\/article\\\/sahnaz-b%c9%99yl%c9%99rqizi-ev-dustaqligina-buraxildi\\\/\"},\"author\":{\"name\":\"mahmud\",\"@id\":\"https:\\\/\\\/www.meydan.tv\\\/az\\\/#\\\/schema\\\/person\\\/09863e516102a829e72bedcf3f84c6b0\"},\"headline\":\"\u015eahnaz B\u0259yl\u0259rq\u0131z\u0131 ev dustaql\u0131\u011f\u0131na burax\u0131ld\u0131\",\"datePublished\":\"2025-02-26T09:42:31+00:00\",\"dateModified\":\"2025-02-26T09:42:33+00:00\",\"mainEntityOfPage\":{\"@id\":\"https:\\\/\\\/www.meydan.tv\\\/az\\\/article\\\/sahnaz-b%c9%99yl%c9%99rqizi-ev-dustaqligina-buraxildi\\\/\"},\"wordCount\":840,\"publisher\":{\"@id\":\"https:\\\/\\\/www.meydan.tv\\\/az\\\/#organization\"},\"image\":{\"@id\":\"https:\\\/\\\/www.meydan.tv\\\/az\\\/article\\\/sahnaz-b%c9%99yl%c9%99rqizi-ev-dustaqligina-buraxildi\\\/#primaryimage\"},\"thumbnailUrl\":\"https:\\\/\\\/www.meydan.tv\\\/wp-content\\\/uploads\\\/shahnaz.png\",\"articleSection\":[\"Siyas\u0259t\",\"T\u00f6vsiy\u0259\",\"X\u0259b\u0259rl\u0259r\"],\"inLanguage\":\"az\"},{\"@type\":\"WebPage\",\"@id\":\"https:\\\/\\\/www.meydan.tv\\\/az\\\/article\\\/sahnaz-b%c9%99yl%c9%99rqizi-ev-dustaqligina-buraxildi\\\/\",\"url\":\"https:\\\/\\\/www.meydan.tv\\\/az\\\/article\\\/sahnaz-b%c9%99yl%c9%99rqizi-ev-dustaqligina-buraxildi\\\/\",\"name\":\"\u015eahnaz B\u0259yl\u0259rq\u0131z\u0131 ev dustaql\u0131\u011f\u0131na burax\u0131ld\u0131 - MEYDAN.TV\",\"isPartOf\":{\"@id\":\"https:\\\/\\\/www.meydan.tv\\\/az\\\/#website\"},\"primaryImageOfPage\":{\"@id\":\"https:\\\/\\\/www.meydan.tv\\\/az\\\/article\\\/sahnaz-b%c9%99yl%c9%99rqizi-ev-dustaqligina-buraxildi\\\/#primaryimage\"},\"image\":{\"@id\":\"https:\\\/\\\/www.meydan.tv\\\/az\\\/article\\\/sahnaz-b%c9%99yl%c9%99rqizi-ev-dustaqligina-buraxildi\\\/#primaryimage\"},\"thumbnailUrl\":\"https:\\\/\\\/www.meydan.tv\\\/wp-content\\\/uploads\\\/shahnaz.png\",\"datePublished\":\"2025-02-26T09:42:31+00:00\",\"dateModified\":\"2025-02-26T09:42:33+00:00\",\"breadcrumb\":{\"@id\":\"https:\\\/\\\/www.meydan.tv\\\/az\\\/article\\\/sahnaz-b%c9%99yl%c9%99rqizi-ev-dustaqligina-buraxildi\\\/#breadcrumb\"},\"inLanguage\":\"az\",\"potentialAction\":[{\"@type\":\"ReadAction\",\"target\":[\"https:\\\/\\\/www.meydan.tv\\\/az\\\/article\\\/sahnaz-b%c9%99yl%c9%99rqizi-ev-dustaqligina-buraxildi\\\/\"]}]},{\"@type\":\"ImageObject\",\"inLanguage\":\"az\",\"@id\":\"https:\\\/\\\/www.meydan.tv\\\/az\\\/article\\\/sahnaz-b%c9%99yl%c9%99rqizi-ev-dustaqligina-buraxildi\\\/#primaryimage\",\"url\":\"https:\\\/\\\/www.meydan.tv\\\/wp-content\\\/uploads\\\/shahnaz.png\",\"contentUrl\":\"https:\\\/\\\/www.meydan.tv\\\/wp-content\\\/uploads\\\/shahnaz.png\",\"width\":1179,\"height\":576,\"caption\":\"\u015eahnaz B\u0259yl\u0259rq\u0131z\u0131. Foto: Meydan TV\"},{\"@type\":\"BreadcrumbList\",\"@id\":\"https:\\\/\\\/www.meydan.tv\\\/az\\\/article\\\/sahnaz-b%c9%99yl%c9%99rqizi-ev-dustaqligina-buraxildi\\\/#breadcrumb\",\"itemListElement\":[{\"@type\":\"ListItem\",\"position\":1,\"name\":\"Ana s\u0259hif\u0259\",\"item\":\"https:\\\/\\\/www.meydan.tv\\\/az\\\/\"},{\"@type\":\"ListItem\",\"position\":2,\"name\":\"Siyas\u0259t\",\"item\":\"https:\\\/\\\/www.meydan.tv\\\/az\\\/section\\\/siyaset\\\/\"},{\"@type\":\"ListItem\",\"position\":3,\"name\":\"\u015eahnaz B\u0259yl\u0259rq\u0131z\u0131 ev dustaql\u0131\u011f\u0131na burax\u0131ld\u0131\"}]},{\"@type\":\"WebSite\",\"@id\":\"https:\\\/\\\/www.meydan.tv\\\/az\\\/#website\",\"url\":\"https:\\\/\\\/www.meydan.tv\\\/az\\\/\",\"name\":\"MEYDAN.TV\",\"description\":\"Meydan TV Az\u0259rbaycan\u0131n media m\u0259kan\u0131ndak\u0131 alternativ s\u0259sidir\",\"publisher\":{\"@id\":\"https:\\\/\\\/www.meydan.tv\\\/az\\\/#organization\"},\"potentialAction\":[{\"@type\":\"SearchAction\",\"target\":{\"@type\":\"EntryPoint\",\"urlTemplate\":\"https:\\\/\\\/www.meydan.tv\\\/az\\\/?s={search_term_string}\"},\"query-input\":{\"@type\":\"PropertyValueSpecification\",\"valueRequired\":true,\"valueName\":\"search_term_string\"}}],\"inLanguage\":\"az\"},{\"@type\":\"Organization\",\"@id\":\"https:\\\/\\\/www.meydan.tv\\\/az\\\/#organization\",\"name\":\"Meydan TV\",\"url\":\"https:\\\/\\\/www.meydan.tv\\\/az\\\/\",\"logo\":{\"@type\":\"ImageObject\",\"inLanguage\":\"az\",\"@id\":\"https:\\\/\\\/www.meydan.tv\\\/az\\\/#\\\/schema\\\/logo\\\/image\\\/\",\"url\":\"https:\\\/\\\/www.meydan.tv\\\/wp-content\\\/uploads\\\/2021\\\/07\\\/meydan-logo.svg\",\"contentUrl\":\"https:\\\/\\\/www.meydan.tv\\\/wp-content\\\/uploads\\\/2021\\\/07\\\/meydan-logo.svg\",\"width\":195,\"height\":46,\"caption\":\"Meydan TV\"},\"image\":{\"@id\":\"https:\\\/\\\/www.meydan.tv\\\/az\\\/#\\\/schema\\\/logo\\\/image\\\/\"}},{\"@type\":\"Person\",\"@id\":\"https:\\\/\\\/www.meydan.tv\\\/az\\\/#\\\/schema\\\/person\\\/09863e516102a829e72bedcf3f84c6b0\",\"name\":\"mahmud\"}]}<\/script>\n<!-- \/ Yoast SEO plugin. -->","yoast_head_json":{"title":"\u015eahnaz B\u0259yl\u0259rq\u0131z\u0131 ev dustaql\u0131\u011f\u0131na burax\u0131ld\u0131 - MEYDAN.TV","robots":{"index":"index","follow":"follow","max-snippet":"max-snippet:-1","max-image-preview":"max-image-preview:large","max-video-preview":"max-video-preview:-1"},"canonical":"https:\/\/www.meydan.tv\/az\/article\/sahnaz-b%c9%99yl%c9%99rqizi-ev-dustaqligina-buraxildi\/","og_locale":"az_AZ","og_type":"article","og_title":"\u015eahnaz B\u0259yl\u0259rq\u0131z\u0131 ev dustaql\u0131\u011f\u0131na burax\u0131ld\u0131 - MEYDAN.TV","og_description":"X\u0259tai Rayon M\u0259hk\u0259m\u0259sinin q\u0259rar\u0131 il\u0259 jurnalistin h\u0259bsi ev dustaql\u0131\u011f\u0131 il\u0259 ... Davam\u0131","og_url":"https:\/\/www.meydan.tv\/az\/article\/sahnaz-b%c9%99yl%c9%99rqizi-ev-dustaqligina-buraxildi\/","og_site_name":"MEYDAN.TV","article_published_time":"2025-02-26T09:42:31+00:00","article_modified_time":"2025-02-26T09:42:33+00:00","og_image":[{"width":1179,"height":576,"url":"https:\/\/www.meydan.tv\/wp-content\/uploads\/shahnaz.png","type":"image\/png"}],"author":"mahmud","twitter_card":"summary_large_image","schema":{"@context":"https:\/\/schema.org","@graph":[{"@type":"Article","@id":"https:\/\/www.meydan.tv\/az\/article\/sahnaz-b%c9%99yl%c9%99rqizi-ev-dustaqligina-buraxildi\/#article","isPartOf":{"@id":"https:\/\/www.meydan.tv\/az\/article\/sahnaz-b%c9%99yl%c9%99rqizi-ev-dustaqligina-buraxildi\/"},"author":{"name":"mahmud","@id":"https:\/\/www.meydan.tv\/az\/#\/schema\/person\/09863e516102a829e72bedcf3f84c6b0"},"headline":"\u015eahnaz B\u0259yl\u0259rq\u0131z\u0131 ev dustaql\u0131\u011f\u0131na burax\u0131ld\u0131","datePublished":"2025-02-26T09:42:31+00:00","dateModified":"2025-02-26T09:42:33+00:00","mainEntityOfPage":{"@id":"https:\/\/www.meydan.tv\/az\/article\/sahnaz-b%c9%99yl%c9%99rqizi-ev-dustaqligina-buraxildi\/"},"wordCount":840,"publisher":{"@id":"https:\/\/www.meydan.tv\/az\/#organization"},"image":{"@id":"https:\/\/www.meydan.tv\/az\/article\/sahnaz-b%c9%99yl%c9%99rqizi-ev-dustaqligina-buraxildi\/#primaryimage"},"thumbnailUrl":"https:\/\/www.meydan.tv\/wp-content\/uploads\/shahnaz.png","articleSection":["Siyas\u0259t","T\u00f6vsiy\u0259","X\u0259b\u0259rl\u0259r"],"inLanguage":"az"},{"@type":"WebPage","@id":"https:\/\/www.meydan.tv\/az\/article\/sahnaz-b%c9%99yl%c9%99rqizi-ev-dustaqligina-buraxildi\/","url":"https:\/\/www.meydan.tv\/az\/article\/sahnaz-b%c9%99yl%c9%99rqizi-ev-dustaqligina-buraxildi\/","name":"\u015eahnaz B\u0259yl\u0259rq\u0131z\u0131 ev dustaql\u0131\u011f\u0131na burax\u0131ld\u0131 - MEYDAN.TV","isPartOf":{"@id":"https:\/\/www.meydan.tv\/az\/#website"},"primaryImageOfPage":{"@id":"https:\/\/www.meydan.tv\/az\/article\/sahnaz-b%c9%99yl%c9%99rqizi-ev-dustaqligina-buraxildi\/#primaryimage"},"image":{"@id":"https:\/\/www.meydan.tv\/az\/article\/sahnaz-b%c9%99yl%c9%99rqizi-ev-dustaqligina-buraxildi\/#primaryimage"},"thumbnailUrl":"https:\/\/www.meydan.tv\/wp-content\/uploads\/shahnaz.png","datePublished":"2025-02-26T09:42:31+00:00","dateModified":"2025-02-26T09:42:33+00:00","breadcrumb":{"@id":"https:\/\/www.meydan.tv\/az\/article\/sahnaz-b%c9%99yl%c9%99rqizi-ev-dustaqligina-buraxildi\/#breadcrumb"},"inLanguage":"az","potentialAction":[{"@type":"ReadAction","target":["https:\/\/www.meydan.tv\/az\/article\/sahnaz-b%c9%99yl%c9%99rqizi-ev-dustaqligina-buraxildi\/"]}]},{"@type":"ImageObject","inLanguage":"az","@id":"https:\/\/www.meydan.tv\/az\/article\/sahnaz-b%c9%99yl%c9%99rqizi-ev-dustaqligina-buraxildi\/#primaryimage","url":"https:\/\/www.meydan.tv\/wp-content\/uploads\/shahnaz.png","contentUrl":"https:\/\/www.meydan.tv\/wp-content\/uploads\/shahnaz.png","width":1179,"height":576,"caption":"\u015eahnaz B\u0259yl\u0259rq\u0131z\u0131. Foto: Meydan TV"},{"@type":"BreadcrumbList","@id":"https:\/\/www.meydan.tv\/az\/article\/sahnaz-b%c9%99yl%c9%99rqizi-ev-dustaqligina-buraxildi\/#breadcrumb","itemListElement":[{"@type":"ListItem","position":1,"name":"Ana s\u0259hif\u0259","item":"https:\/\/www.meydan.tv\/az\/"},{"@type":"ListItem","position":2,"name":"Siyas\u0259t","item":"https:\/\/www.meydan.tv\/az\/section\/siyaset\/"},{"@type":"ListItem","position":3,"name":"\u015eahnaz B\u0259yl\u0259rq\u0131z\u0131 ev dustaql\u0131\u011f\u0131na burax\u0131ld\u0131"}]},{"@type":"WebSite","@id":"https:\/\/www.meydan.tv\/az\/#website","url":"https:\/\/www.meydan.tv\/az\/","name":"MEYDAN.TV","description":"Meydan TV Az\u0259rbaycan\u0131n media m\u0259kan\u0131ndak\u0131 alternativ s\u0259sidir","publisher":{"@id":"https:\/\/www.meydan.tv\/az\/#organization"},"potentialAction":[{"@type":"SearchAction","target":{"@type":"EntryPoint","urlTemplate":"https:\/\/www.meydan.tv\/az\/?s={search_term_string}"},"query-input":{"@type":"PropertyValueSpecification","valueRequired":true,"valueName":"search_term_string"}}],"inLanguage":"az"},{"@type":"Organization","@id":"https:\/\/www.meydan.tv\/az\/#organization","name":"Meydan TV","url":"https:\/\/www.meydan.tv\/az\/","logo":{"@type":"ImageObject","inLanguage":"az","@id":"https:\/\/www.meydan.tv\/az\/#\/schema\/logo\/image\/","url":"https:\/\/www.meydan.tv\/wp-content\/uploads\/2021\/07\/meydan-logo.svg","contentUrl":"https:\/\/www.meydan.tv\/wp-content\/uploads\/2021\/07\/meydan-logo.svg","width":195,"height":46,"caption":"Meydan TV"},"image":{"@id":"https:\/\/www.meydan.tv\/az\/#\/schema\/logo\/image\/"}},{"@type":"Person","@id":"https:\/\/www.meydan.tv\/az\/#\/schema\/person\/09863e516102a829e72bedcf3f84c6b0","name":"mahmud"}]}},"_links":{"self":[{"href":"https:\/\/www.meydan.tv\/az\/wp-json\/wp\/v2\/posts\/326895","targetHints":{"allow":["GET"]}}],"collection":[{"href":"https:\/\/www.meydan.tv\/az\/wp-json\/wp\/v2\/posts"}],"about":[{"href":"https:\/\/www.meydan.tv\/az\/wp-json\/wp\/v2\/types\/post"}],"author":[{"embeddable":true,"href":"https:\/\/www.meydan.tv\/az\/wp-json\/wp\/v2\/users\/21"}],"replies":[{"embeddable":true,"href":"https:\/\/www.meydan.tv\/az\/wp-json\/wp\/v2\/comments?post=326895"}],"version-history":[{"count":1,"href":"https:\/\/www.meydan.tv\/az\/wp-json\/wp\/v2\/posts\/326895\/revisions"}],"predecessor-version":[{"id":326896,"href":"https:\/\/www.meydan.tv\/az\/wp-json\/wp\/v2\/posts\/326895\/revisions\/326896"}],"wp:featuredmedia":[{"embeddable":true,"href":"https:\/\/www.meydan.tv\/az\/wp-json\/wp\/v2\/media\/325962"}],"wp:attachment":[{"href":"https:\/\/www.meydan.tv\/az\/wp-json\/wp\/v2\/media?parent=326895"}],"wp:term":[{"taxonomy":"category","embeddable":true,"href":"https:\/\/www.meydan.tv\/az\/wp-json\/wp\/v2\/categories?post=326895"},{"taxonomy":"post_tag","embeddable":true,"href":"https:\/\/www.meydan.tv\/az\/wp-json\/wp\/v2\/tags?post=326895"}],"curies":[{"name":"wp","href":"https:\/\/api.w.org\/{rel}","templated":true}]}}