{"id":326893,"date":"2025-02-26T13:34:56","date_gmt":"2025-02-26T09:34:56","guid":{"rendered":"https:\/\/www.meydan.tv\/?p=326893"},"modified":"2025-03-01T21:49:55","modified_gmt":"2025-03-01T17:49:55","slug":"daha-bir-%c9%99sg%c9%99rin-v%c9%99fat-etdiyi-bildirilir","status":"publish","type":"post","link":"https:\/\/www.meydan.tv\/az\/article\/daha-bir-%c9%99sg%c9%99rin-v%c9%99fat-etdiyi-bildirilir\/","title":{"rendered":"Daha bir \u0259sg\u0259rin x\u0259st\u0259likd\u0259n v\u0259fat etdiyi bildirilir"},"content":{"rendered":"\n<p><strong><em>Bu, son 3 g\u00fcnd\u0259 Az\u0259rbaycan ordusunda ikinci \u00f6l\u00fcm fakt\u0131d\u0131r<\/em><\/strong><\/p>\n\n\n\n<p>Az\u0259rbaycan ordusunun \u0259sg\u0259rinin v\u0259fat etdiyi bildirilir.<\/p>\n\n\n\n<p>H\u0259rbi Prokurorlu\u011fun m\u0259tbuat xidm\u0259tinin r\u0259hb\u0259ri Firad \u018fliyevin m\u0259lumat\u0131na g\u00f6r\u0259, \u015eirxan S\u00f6hrab o\u011flu Quliyevin \u00f6l\u00fcm fakt\u0131&nbsp; \u0259sas\u0131nda \u015e\u0259mkir H\u0259rbi Prokurorlu\u011funun v\u0259 Az\u0259rbaycan Respublikas\u0131 H\u0259rbi Prokurorlu\u011funun Kriminalistika v\u0259 \u0130nformasiya Texnologiyalar\u0131 idar\u0259sinin \u0259m\u0259kda\u015flar\u0131 t\u0259r\u0259find\u0259n m\u00fcvafiq bax\u0131\u015flar apar\u0131l\u0131b.<\/p>\n\n\n\n<p>H\u0259rbi Prokurorlu\u011fun m\u0259tbuat xidm\u0259tinin m\u0259lumat\u0131na g\u00f6r\u0259, m\u0259hk\u0259m\u0259 tibbi ekspertin i\u015ftirak\u0131 il\u0259 meyitin xarici v\u0259 daxili m\u00fcayin\u0259si ke\u00e7irilib, el\u0259c\u0259 d\u0259 dig\u0259r h\u0259r\u0259k\u0259tl\u0259r icra edilib.<\/p>\n\n\n\n<p>Fakt \u00fczr\u0259 \u015e\u0259mkir H\u0259rbi Prokurorlu\u011funda cinay\u0259t i\u015fi a\u00e7\u0131l\u0131b.<\/p>\n\n\n\n<p><em>\u201c\u015eahidl\u0259r dindirilib, m\u00fcxt\u0259lif ekspertizalar t\u0259yin edil\u0259r\u0259k, icraya y\u00f6n\u0259ldilib v\u0259 dig\u0259r istintaq h\u0259r\u0259k\u0259tl\u0259ri h\u0259yata ke\u00e7irilib. Haz\u0131rda istintaq davam etdirilir v\u0259 qanunvericiliyin t\u0259l\u0259bl\u0259rin\u0259 uy\u011fun olaraq b\u00fct\u00fcn t\u0259dbirl\u0259rin g\u00f6r\u00fclm\u0259si, o c\u00fcml\u0259d\u0259n h\u0259r bir fakta v\u0259 \u0259m\u0259l\u0259 h\u00fcquqi qiym\u0259t verilm\u0259si t\u0259min olunacaq\u201d,<\/em> &#8211; H\u0259rbi Prokurorlu\u011fun m\u0259lumat\u0131nda deyilir.<\/p>\n\n\n\n<p>H\u0259rb\u00e7i \u0259sl\u0259n Qubadl\u0131dan olsa da, Sumqay\u0131t \u015f\u0259h\u0259r sakini idi. Yax\u0131nlar\u0131 x\u0259st\u0259likd\u0259n v\u0259fat etdiyini iddia edirl\u0259r. Hadis\u0259 Tovuz rayonunun, A\u011fdam k\u0259ndind\u0259ki N sayl\u0131 h\u0259rbi hiss\u0259d\u0259 ba\u015f verib.<\/p>\n\n\n\n<p>Bir ne\u00e7\u0259 g\u00fcn \u00f6nc\u0259, fevral\u0131n 24-d\u0259 daha bir \u0259sg\u0259r <a href=\"https:\/\/storage.googleapis.com\/qurium\/www.meydan.tv\/az-article-bir-ayin-%c9%99sg%c9%99ri-v%c9%99fat-edib.html\" target=\"_blank\" rel=\"noreferrer noopener\">v\u0259fat etmi\u015fdi<\/a>.<\/p>\n\n\n\n<p>M\u00fcdafi\u0259 Nazirliyind\u0259n bildirilirdi ki, Maqbet X\u0259tai o\u011flu M\u0259cidova vaskulit (damar divar\u0131n\u0131n iltihab\u0131-red.) diaqnozu qoyulub v\u0259 o, bu x\u0259st\u0259likd\u0259n h\u0259yat\u0131n\u0131 itirib.<\/p>\n","protected":false},"excerpt":{"rendered":"<p>Bu, son 3 g\u00fcnd\u0259 Az\u0259rbaycan ordusunda ikinci \u00f6l\u00fcm fakt\u0131d\u0131r Az\u0259rbaycan &#8230; <\/p>\n<p class=\"read-more-container\"><a title=\"Daha bir \u0259sg\u0259rin x\u0259st\u0259likd\u0259n v\u0259fat etdiyi bildirilir\" class=\"read-more button\" href=\"https:\/\/www.meydan.tv\/az\/article\/daha-bir-%c9%99sg%c9%99rin-v%c9%99fat-etdiyi-bildirilir\/#more-326893\" aria-label=\"Read more about Daha bir \u0259sg\u0259rin x\u0259st\u0259likd\u0259n v\u0259fat etdiyi bildirilir\">Davam\u0131<\/a><\/p>\n","protected":false},"author":21,"featured_media":326900,"comment_status":"closed","ping_status":"closed","sticky":false,"template":"","format":"standard","meta":{"_acf_changed":false,"_sitemap_exclude":false,"_sitemap_priority":"","_sitemap_frequency":"","footnotes":""},"categories":[62,79,56],"tags":[],"class_list":["post-326893","post","type-post","status-publish","format-standard","has-post-thumbnail","hentry","category-sosial","category-featured","category-xeberler","infinite-scroll-item","generate-columns","tablet-grid-50","mobile-grid-100","grid-parent","grid-33","no-featured-image-padding"],"acf":[],"yoast_head":"<!-- This site is optimized with the Yoast SEO plugin v27.4 - https:\/\/yoast.com\/product\/yoast-seo-wordpress\/ -->\n<title>Daha bir \u0259sg\u0259rin x\u0259st\u0259likd\u0259n v\u0259fat etdiyi bildirilir - MEYDAN.TV<\/title>\n<meta name=\"robots\" content=\"index, follow, max-snippet:-1, max-image-preview:large, max-video-preview:-1\" \/>\n<link rel=\"canonical\" href=\"https:\/\/www.meydan.tv\/az\/article\/daha-bir-%c9%99sg%c9%99rin-v%c9%99fat-etdiyi-bildirilir\/\" \/>\n<meta property=\"og:locale\" content=\"az_AZ\" \/>\n<meta property=\"og:type\" content=\"article\" \/>\n<meta property=\"og:title\" content=\"Daha bir \u0259sg\u0259rin x\u0259st\u0259likd\u0259n v\u0259fat etdiyi bildirilir - MEYDAN.TV\" \/>\n<meta property=\"og:description\" content=\"Bu, son 3 g\u00fcnd\u0259 Az\u0259rbaycan ordusunda ikinci \u00f6l\u00fcm fakt\u0131d\u0131r Az\u0259rbaycan ... Davam\u0131\" \/>\n<meta property=\"og:url\" content=\"https:\/\/www.meydan.tv\/az\/article\/daha-bir-%c9%99sg%c9%99rin-v%c9%99fat-etdiyi-bildirilir\/\" \/>\n<meta property=\"og:site_name\" content=\"MEYDAN.TV\" \/>\n<meta property=\"article:published_time\" content=\"2025-02-26T09:34:56+00:00\" \/>\n<meta property=\"article:modified_time\" content=\"2025-03-01T17:49:55+00:00\" \/>\n<meta property=\"og:image\" content=\"https:\/\/www.meydan.tv\/wp-content\/uploads\/5665.png\" \/>\n\t<meta property=\"og:image:width\" content=\"1179\" \/>\n\t<meta property=\"og:image:height\" content=\"576\" \/>\n\t<meta property=\"og:image:type\" content=\"image\/png\" \/>\n<meta name=\"author\" content=\"mahmud\" \/>\n<meta name=\"twitter:card\" content=\"summary_large_image\" \/>\n<script type=\"application\/ld+json\" class=\"yoast-schema-graph\">{\"@context\":\"https:\\\/\\\/schema.org\",\"@graph\":[{\"@type\":\"Article\",\"@id\":\"https:\\\/\\\/www.meydan.tv\\\/az\\\/article\\\/daha-bir-%c9%99sg%c9%99rin-v%c9%99fat-etdiyi-bildirilir\\\/#article\",\"isPartOf\":{\"@id\":\"https:\\\/\\\/www.meydan.tv\\\/az\\\/article\\\/daha-bir-%c9%99sg%c9%99rin-v%c9%99fat-etdiyi-bildirilir\\\/\"},\"author\":{\"name\":\"mahmud\",\"@id\":\"https:\\\/\\\/www.meydan.tv\\\/az\\\/#\\\/schema\\\/person\\\/09863e516102a829e72bedcf3f84c6b0\"},\"headline\":\"Daha bir \u0259sg\u0259rin x\u0259st\u0259likd\u0259n v\u0259fat etdiyi bildirilir\",\"datePublished\":\"2025-02-26T09:34:56+00:00\",\"dateModified\":\"2025-03-01T17:49:55+00:00\",\"mainEntityOfPage\":{\"@id\":\"https:\\\/\\\/www.meydan.tv\\\/az\\\/article\\\/daha-bir-%c9%99sg%c9%99rin-v%c9%99fat-etdiyi-bildirilir\\\/\"},\"wordCount\":328,\"publisher\":{\"@id\":\"https:\\\/\\\/www.meydan.tv\\\/az\\\/#organization\"},\"image\":{\"@id\":\"https:\\\/\\\/www.meydan.tv\\\/az\\\/article\\\/daha-bir-%c9%99sg%c9%99rin-v%c9%99fat-etdiyi-bildirilir\\\/#primaryimage\"},\"thumbnailUrl\":\"https:\\\/\\\/www.meydan.tv\\\/wp-content\\\/uploads\\\/5665.png\",\"articleSection\":[\"Sosial\",\"T\u00f6vsiy\u0259\",\"X\u0259b\u0259rl\u0259r\"],\"inLanguage\":\"az\"},{\"@type\":\"WebPage\",\"@id\":\"https:\\\/\\\/www.meydan.tv\\\/az\\\/article\\\/daha-bir-%c9%99sg%c9%99rin-v%c9%99fat-etdiyi-bildirilir\\\/\",\"url\":\"https:\\\/\\\/www.meydan.tv\\\/az\\\/article\\\/daha-bir-%c9%99sg%c9%99rin-v%c9%99fat-etdiyi-bildirilir\\\/\",\"name\":\"Daha bir \u0259sg\u0259rin x\u0259st\u0259likd\u0259n v\u0259fat etdiyi bildirilir - MEYDAN.TV\",\"isPartOf\":{\"@id\":\"https:\\\/\\\/www.meydan.tv\\\/az\\\/#website\"},\"primaryImageOfPage\":{\"@id\":\"https:\\\/\\\/www.meydan.tv\\\/az\\\/article\\\/daha-bir-%c9%99sg%c9%99rin-v%c9%99fat-etdiyi-bildirilir\\\/#primaryimage\"},\"image\":{\"@id\":\"https:\\\/\\\/www.meydan.tv\\\/az\\\/article\\\/daha-bir-%c9%99sg%c9%99rin-v%c9%99fat-etdiyi-bildirilir\\\/#primaryimage\"},\"thumbnailUrl\":\"https:\\\/\\\/www.meydan.tv\\\/wp-content\\\/uploads\\\/5665.png\",\"datePublished\":\"2025-02-26T09:34:56+00:00\",\"dateModified\":\"2025-03-01T17:49:55+00:00\",\"breadcrumb\":{\"@id\":\"https:\\\/\\\/www.meydan.tv\\\/az\\\/article\\\/daha-bir-%c9%99sg%c9%99rin-v%c9%99fat-etdiyi-bildirilir\\\/#breadcrumb\"},\"inLanguage\":\"az\",\"potentialAction\":[{\"@type\":\"ReadAction\",\"target\":[\"https:\\\/\\\/www.meydan.tv\\\/az\\\/article\\\/daha-bir-%c9%99sg%c9%99rin-v%c9%99fat-etdiyi-bildirilir\\\/\"]}]},{\"@type\":\"ImageObject\",\"inLanguage\":\"az\",\"@id\":\"https:\\\/\\\/www.meydan.tv\\\/az\\\/article\\\/daha-bir-%c9%99sg%c9%99rin-v%c9%99fat-etdiyi-bildirilir\\\/#primaryimage\",\"url\":\"https:\\\/\\\/www.meydan.tv\\\/wp-content\\\/uploads\\\/5665.png\",\"contentUrl\":\"https:\\\/\\\/www.meydan.tv\\\/wp-content\\\/uploads\\\/5665.png\",\"width\":1179,\"height\":576,\"caption\":\"\u015eirxan Quliyev - Foto: Ail\u0259 arxivind\u0259n\"},{\"@type\":\"BreadcrumbList\",\"@id\":\"https:\\\/\\\/www.meydan.tv\\\/az\\\/article\\\/daha-bir-%c9%99sg%c9%99rin-v%c9%99fat-etdiyi-bildirilir\\\/#breadcrumb\",\"itemListElement\":[{\"@type\":\"ListItem\",\"position\":1,\"name\":\"Ana s\u0259hif\u0259\",\"item\":\"https:\\\/\\\/www.meydan.tv\\\/az\\\/\"},{\"@type\":\"ListItem\",\"position\":2,\"name\":\"Sosial\",\"item\":\"https:\\\/\\\/www.meydan.tv\\\/az\\\/section\\\/sosial\\\/\"},{\"@type\":\"ListItem\",\"position\":3,\"name\":\"Daha bir \u0259sg\u0259rin x\u0259st\u0259likd\u0259n v\u0259fat etdiyi bildirilir\"}]},{\"@type\":\"WebSite\",\"@id\":\"https:\\\/\\\/www.meydan.tv\\\/az\\\/#website\",\"url\":\"https:\\\/\\\/www.meydan.tv\\\/az\\\/\",\"name\":\"MEYDAN.TV\",\"description\":\"Meydan TV Az\u0259rbaycan\u0131n media m\u0259kan\u0131ndak\u0131 alternativ s\u0259sidir\",\"publisher\":{\"@id\":\"https:\\\/\\\/www.meydan.tv\\\/az\\\/#organization\"},\"potentialAction\":[{\"@type\":\"SearchAction\",\"target\":{\"@type\":\"EntryPoint\",\"urlTemplate\":\"https:\\\/\\\/www.meydan.tv\\\/az\\\/?s={search_term_string}\"},\"query-input\":{\"@type\":\"PropertyValueSpecification\",\"valueRequired\":true,\"valueName\":\"search_term_string\"}}],\"inLanguage\":\"az\"},{\"@type\":\"Organization\",\"@id\":\"https:\\\/\\\/www.meydan.tv\\\/az\\\/#organization\",\"name\":\"Meydan TV\",\"url\":\"https:\\\/\\\/www.meydan.tv\\\/az\\\/\",\"logo\":{\"@type\":\"ImageObject\",\"inLanguage\":\"az\",\"@id\":\"https:\\\/\\\/www.meydan.tv\\\/az\\\/#\\\/schema\\\/logo\\\/image\\\/\",\"url\":\"https:\\\/\\\/www.meydan.tv\\\/wp-content\\\/uploads\\\/2021\\\/07\\\/meydan-logo.svg\",\"contentUrl\":\"https:\\\/\\\/www.meydan.tv\\\/wp-content\\\/uploads\\\/2021\\\/07\\\/meydan-logo.svg\",\"width\":195,\"height\":46,\"caption\":\"Meydan TV\"},\"image\":{\"@id\":\"https:\\\/\\\/www.meydan.tv\\\/az\\\/#\\\/schema\\\/logo\\\/image\\\/\"}},{\"@type\":\"Person\",\"@id\":\"https:\\\/\\\/www.meydan.tv\\\/az\\\/#\\\/schema\\\/person\\\/09863e516102a829e72bedcf3f84c6b0\",\"name\":\"mahmud\"}]}<\/script>\n<!-- \/ Yoast SEO plugin. -->","yoast_head_json":{"title":"Daha bir \u0259sg\u0259rin x\u0259st\u0259likd\u0259n v\u0259fat etdiyi bildirilir - MEYDAN.TV","robots":{"index":"index","follow":"follow","max-snippet":"max-snippet:-1","max-image-preview":"max-image-preview:large","max-video-preview":"max-video-preview:-1"},"canonical":"https:\/\/www.meydan.tv\/az\/article\/daha-bir-%c9%99sg%c9%99rin-v%c9%99fat-etdiyi-bildirilir\/","og_locale":"az_AZ","og_type":"article","og_title":"Daha bir \u0259sg\u0259rin x\u0259st\u0259likd\u0259n v\u0259fat etdiyi bildirilir - MEYDAN.TV","og_description":"Bu, son 3 g\u00fcnd\u0259 Az\u0259rbaycan ordusunda ikinci \u00f6l\u00fcm fakt\u0131d\u0131r Az\u0259rbaycan ... Davam\u0131","og_url":"https:\/\/www.meydan.tv\/az\/article\/daha-bir-%c9%99sg%c9%99rin-v%c9%99fat-etdiyi-bildirilir\/","og_site_name":"MEYDAN.TV","article_published_time":"2025-02-26T09:34:56+00:00","article_modified_time":"2025-03-01T17:49:55+00:00","og_image":[{"width":1179,"height":576,"url":"https:\/\/www.meydan.tv\/wp-content\/uploads\/5665.png","type":"image\/png"}],"author":"mahmud","twitter_card":"summary_large_image","schema":{"@context":"https:\/\/schema.org","@graph":[{"@type":"Article","@id":"https:\/\/www.meydan.tv\/az\/article\/daha-bir-%c9%99sg%c9%99rin-v%c9%99fat-etdiyi-bildirilir\/#article","isPartOf":{"@id":"https:\/\/www.meydan.tv\/az\/article\/daha-bir-%c9%99sg%c9%99rin-v%c9%99fat-etdiyi-bildirilir\/"},"author":{"name":"mahmud","@id":"https:\/\/www.meydan.tv\/az\/#\/schema\/person\/09863e516102a829e72bedcf3f84c6b0"},"headline":"Daha bir \u0259sg\u0259rin x\u0259st\u0259likd\u0259n v\u0259fat etdiyi bildirilir","datePublished":"2025-02-26T09:34:56+00:00","dateModified":"2025-03-01T17:49:55+00:00","mainEntityOfPage":{"@id":"https:\/\/www.meydan.tv\/az\/article\/daha-bir-%c9%99sg%c9%99rin-v%c9%99fat-etdiyi-bildirilir\/"},"wordCount":328,"publisher":{"@id":"https:\/\/www.meydan.tv\/az\/#organization"},"image":{"@id":"https:\/\/www.meydan.tv\/az\/article\/daha-bir-%c9%99sg%c9%99rin-v%c9%99fat-etdiyi-bildirilir\/#primaryimage"},"thumbnailUrl":"https:\/\/www.meydan.tv\/wp-content\/uploads\/5665.png","articleSection":["Sosial","T\u00f6vsiy\u0259","X\u0259b\u0259rl\u0259r"],"inLanguage":"az"},{"@type":"WebPage","@id":"https:\/\/www.meydan.tv\/az\/article\/daha-bir-%c9%99sg%c9%99rin-v%c9%99fat-etdiyi-bildirilir\/","url":"https:\/\/www.meydan.tv\/az\/article\/daha-bir-%c9%99sg%c9%99rin-v%c9%99fat-etdiyi-bildirilir\/","name":"Daha bir \u0259sg\u0259rin x\u0259st\u0259likd\u0259n v\u0259fat etdiyi bildirilir - MEYDAN.TV","isPartOf":{"@id":"https:\/\/www.meydan.tv\/az\/#website"},"primaryImageOfPage":{"@id":"https:\/\/www.meydan.tv\/az\/article\/daha-bir-%c9%99sg%c9%99rin-v%c9%99fat-etdiyi-bildirilir\/#primaryimage"},"image":{"@id":"https:\/\/www.meydan.tv\/az\/article\/daha-bir-%c9%99sg%c9%99rin-v%c9%99fat-etdiyi-bildirilir\/#primaryimage"},"thumbnailUrl":"https:\/\/www.meydan.tv\/wp-content\/uploads\/5665.png","datePublished":"2025-02-26T09:34:56+00:00","dateModified":"2025-03-01T17:49:55+00:00","breadcrumb":{"@id":"https:\/\/www.meydan.tv\/az\/article\/daha-bir-%c9%99sg%c9%99rin-v%c9%99fat-etdiyi-bildirilir\/#breadcrumb"},"inLanguage":"az","potentialAction":[{"@type":"ReadAction","target":["https:\/\/www.meydan.tv\/az\/article\/daha-bir-%c9%99sg%c9%99rin-v%c9%99fat-etdiyi-bildirilir\/"]}]},{"@type":"ImageObject","inLanguage":"az","@id":"https:\/\/www.meydan.tv\/az\/article\/daha-bir-%c9%99sg%c9%99rin-v%c9%99fat-etdiyi-bildirilir\/#primaryimage","url":"https:\/\/www.meydan.tv\/wp-content\/uploads\/5665.png","contentUrl":"https:\/\/www.meydan.tv\/wp-content\/uploads\/5665.png","width":1179,"height":576,"caption":"\u015eirxan Quliyev - Foto: Ail\u0259 arxivind\u0259n"},{"@type":"BreadcrumbList","@id":"https:\/\/www.meydan.tv\/az\/article\/daha-bir-%c9%99sg%c9%99rin-v%c9%99fat-etdiyi-bildirilir\/#breadcrumb","itemListElement":[{"@type":"ListItem","position":1,"name":"Ana s\u0259hif\u0259","item":"https:\/\/www.meydan.tv\/az\/"},{"@type":"ListItem","position":2,"name":"Sosial","item":"https:\/\/www.meydan.tv\/az\/section\/sosial\/"},{"@type":"ListItem","position":3,"name":"Daha bir \u0259sg\u0259rin x\u0259st\u0259likd\u0259n v\u0259fat etdiyi bildirilir"}]},{"@type":"WebSite","@id":"https:\/\/www.meydan.tv\/az\/#website","url":"https:\/\/www.meydan.tv\/az\/","name":"MEYDAN.TV","description":"Meydan TV Az\u0259rbaycan\u0131n media m\u0259kan\u0131ndak\u0131 alternativ s\u0259sidir","publisher":{"@id":"https:\/\/www.meydan.tv\/az\/#organization"},"potentialAction":[{"@type":"SearchAction","target":{"@type":"EntryPoint","urlTemplate":"https:\/\/www.meydan.tv\/az\/?s={search_term_string}"},"query-input":{"@type":"PropertyValueSpecification","valueRequired":true,"valueName":"search_term_string"}}],"inLanguage":"az"},{"@type":"Organization","@id":"https:\/\/www.meydan.tv\/az\/#organization","name":"Meydan TV","url":"https:\/\/www.meydan.tv\/az\/","logo":{"@type":"ImageObject","inLanguage":"az","@id":"https:\/\/www.meydan.tv\/az\/#\/schema\/logo\/image\/","url":"https:\/\/www.meydan.tv\/wp-content\/uploads\/2021\/07\/meydan-logo.svg","contentUrl":"https:\/\/www.meydan.tv\/wp-content\/uploads\/2021\/07\/meydan-logo.svg","width":195,"height":46,"caption":"Meydan TV"},"image":{"@id":"https:\/\/www.meydan.tv\/az\/#\/schema\/logo\/image\/"}},{"@type":"Person","@id":"https:\/\/www.meydan.tv\/az\/#\/schema\/person\/09863e516102a829e72bedcf3f84c6b0","name":"mahmud"}]}},"_links":{"self":[{"href":"https:\/\/www.meydan.tv\/az\/wp-json\/wp\/v2\/posts\/326893","targetHints":{"allow":["GET"]}}],"collection":[{"href":"https:\/\/www.meydan.tv\/az\/wp-json\/wp\/v2\/posts"}],"about":[{"href":"https:\/\/www.meydan.tv\/az\/wp-json\/wp\/v2\/types\/post"}],"author":[{"embeddable":true,"href":"https:\/\/www.meydan.tv\/az\/wp-json\/wp\/v2\/users\/21"}],"replies":[{"embeddable":true,"href":"https:\/\/www.meydan.tv\/az\/wp-json\/wp\/v2\/comments?post=326893"}],"version-history":[{"count":6,"href":"https:\/\/www.meydan.tv\/az\/wp-json\/wp\/v2\/posts\/326893\/revisions"}],"predecessor-version":[{"id":327111,"href":"https:\/\/www.meydan.tv\/az\/wp-json\/wp\/v2\/posts\/326893\/revisions\/327111"}],"wp:featuredmedia":[{"embeddable":true,"href":"https:\/\/www.meydan.tv\/az\/wp-json\/wp\/v2\/media\/326900"}],"wp:attachment":[{"href":"https:\/\/www.meydan.tv\/az\/wp-json\/wp\/v2\/media?parent=326893"}],"wp:term":[{"taxonomy":"category","embeddable":true,"href":"https:\/\/www.meydan.tv\/az\/wp-json\/wp\/v2\/categories?post=326893"},{"taxonomy":"post_tag","embeddable":true,"href":"https:\/\/www.meydan.tv\/az\/wp-json\/wp\/v2\/tags?post=326893"}],"curies":[{"name":"wp","href":"https:\/\/api.w.org\/{rel}","templated":true}]}}