{"id":326880,"date":"2025-02-25T23:41:44","date_gmt":"2025-02-25T19:41:44","guid":{"rendered":"https:\/\/www.meydan.tv\/?p=326880"},"modified":"2025-02-26T13:18:29","modified_gmt":"2025-02-26T09:18:29","slug":"ifrat-sagcilar-almaniya-parlament-seckil%c9%99rind%c9%99-%c9%99n-yaxsi-n%c9%99tic%c9%99sini-%c9%99ld%c9%99-edib","status":"publish","type":"post","link":"https:\/\/www.meydan.tv\/az\/article\/ifrat-sagcilar-almaniya-parlament-seckil%c9%99rind%c9%99-%c9%99n-yaxsi-n%c9%99tic%c9%99sini-%c9%99ld%c9%99-edib\/","title":{"rendered":"\u0130frat sa\u011f\u00e7\u0131lar Almaniya parlament se\u00e7kil\u0259rind\u0259 \u0259n yax\u015f\u0131 n\u0259tic\u0259sini \u0259ld\u0259 edib"},"content":{"rendered":"\n<figure class=\"wp-block-embed is-type-video is-provider-youtube wp-block-embed-youtube wp-embed-aspect-16-9 wp-has-aspect-ratio\"><div class=\"wp-block-embed__wrapper\">\n<iframe title=\"\u0130frat sa\u011f\u00e7\u0131lar Almaniya parlament se\u00e7kil\u0259rind\u0259 \u0259n yax\u015f\u0131 n\u0259tic\u0259sini \u0259ld\u0259 edib\" width=\"1200\" height=\"675\" data-src=\"https:\/\/www.youtube.com\/embed\/Lj27tF8x7TE?feature=oembed\" frameborder=\"0\" allow=\"accelerometer; autoplay; clipboard-write; encrypted-media; gyroscope; picture-in-picture; web-share\" referrerpolicy=\"strict-origin-when-cross-origin\" allowfullscreen src=\"data:image\/svg+xml;base64,PHN2ZyB3aWR0aD0iMSIgaGVpZ2h0PSIxIiB4bWxucz0iaHR0cDovL3d3dy53My5vcmcvMjAwMC9zdmciPjwvc3ZnPg==\" class=\"lazyload\" data-load-mode=\"1\"><\/iframe>\n<\/div><\/figure>\n\n\n\n<p><\/p>\n\n\n\n<p>\u0130frat sa\u011f\u00e7\u0131 &#8220;Almaniya \u00fc\u00e7\u00fcn Alternativ&#8221; Partiyas\u0131 (AfD) fevral\u0131n 23-d\u0259 ke\u00e7iril\u0259n Almaniya parlament se\u00e7kil\u0259rind\u0259 \u0259n yax\u015f\u0131 n\u0259tic\u0259sini \u0259ld\u0259 edib v\u0259 t\u0259xmin\u0259n 20 faiz s\u0259sl\u0259 ikinci olub. Bu is\u0259 d\u00f6rd il \u0259vv\u0259l \u0259ld\u0259 etdiyi n\u0259tic\u0259d\u0259n t\u0259xmin\u0259n iki d\u0259f\u0259 art\u0131qd\u0131r. <\/p>\n\n\n\n<p>Azadl\u0131qRadiosunun Avropa \u00fczr\u0259 redaktoru Rikard Yozvyak m\u0259qal\u0259sind\u0259 yaz\u0131r ki, m\u0259rk\u0259z\u00e7il\u0259rin iqtidarda oldu\u011fu bir \u00e7ox Avropa paytaxtlar\u0131nda, el\u0259c\u0259 d\u0259 Almaniyan\u0131n \u00f6z\u00fcnd\u0259 rahat n\u0259f\u0259s alacaqlar &#8211; s\u0259sverm\u0259nin n\u0259tic\u0259l\u0259ri r\u0259y sor\u011fular\u0131n\u0131n \u00e7oxdan proqnozla\u015fd\u0131rd\u0131\u011f\u0131 il\u0259 \u00fcst-\u00fcst\u0259 d\u00fc\u015f\u00fcb. <\/p>\n\n\n\n<p>D\u00fcnyan\u0131n \u0259n varl\u0131 adam\u0131 \u0130lon Mask\u0131n, el\u0259c\u0259 d\u0259 h\u0259m AB\u015e, h\u0259m d\u0259 Avropadan olan ifrat sa\u011f\u00e7\u0131 populist liderl\u0259rin a\u00e7\u0131q d\u0259st\u0259kl\u0259rin\u0259 baxmayaraq, AfD sa\u011f m\u0259rk\u0259z\u00e7i Xristian Demokratlar \u0130ttifaq\u0131\/Xristian Sosialistl\u0259r \u0130ttifaq\u0131 (CDU\/CSU) blokundan gerid\u0259 qal\u0131b. CDU\/CSU 28.5 faiz s\u0259s toplayaraq birinci yerd\u0259 q\u0259rarla\u015f\u0131b. <\/p>\n\n\n\n<p>CDU lideri Fridrix Merts bildirib ki, o, yaln\u0131z bir koalisiya t\u0259r\u0259fda\u015f\u0131 olmas\u0131n\u0131 \u00fcst\u00fcn tutur. Bununla o, \u0259vv\u0259lki Almaniya h\u00f6kum\u0259tini erk\u0259n se\u00e7kil\u0259r\u0259 g\u0259tirib \u00e7\u0131xaran \u00e7\u0259tin \u00fc\u00e7partiyal\u0131 koalisiya qurulu\u015fundan qa\u00e7maq ist\u0259yir. G\u00f6zl\u0259nildiyi kimi, h\u00f6kum\u0259ti formala\u015fd\u0131rmaq v\u0259zif\u0259si F.Mertsin \u00fcz\u0259rin\u0259 d\u00fc\u015f\u0259c\u0259k. D\u0259qiq olan\u0131 odur ki AfD \u2014 20.8 faiz s\u0259s toplayan partiya \u2014 bu dan\u0131\u015f\u0131qlarda i\u015ftirak etm\u0259y\u0259c\u0259k, \u00e7\u00fcnki Almaniyan\u0131n dig\u0259r \u0259sas siyasi partiyalar\u0131 bunu r\u0259dd edir.<\/p>\n","protected":false},"excerpt":{"rendered":"<p>\u0130frat sa\u011f\u00e7\u0131 &#8220;Almaniya \u00fc\u00e7\u00fcn Alternativ&#8221; Partiyas\u0131 (AfD) fevral\u0131n 23-d\u0259 ke\u00e7iril\u0259n &#8230; <\/p>\n<p class=\"read-more-container\"><a title=\"\u0130frat sa\u011f\u00e7\u0131lar Almaniya parlament se\u00e7kil\u0259rind\u0259 \u0259n yax\u015f\u0131 n\u0259tic\u0259sini \u0259ld\u0259 edib\" class=\"read-more button\" href=\"https:\/\/www.meydan.tv\/az\/article\/ifrat-sagcilar-almaniya-parlament-seckil%c9%99rind%c9%99-%c9%99n-yaxsi-n%c9%99tic%c9%99sini-%c9%99ld%c9%99-edib\/#more-326880\" aria-label=\"Read more about \u0130frat sa\u011f\u00e7\u0131lar Almaniya parlament se\u00e7kil\u0259rind\u0259 \u0259n yax\u015f\u0131 n\u0259tic\u0259sini \u0259ld\u0259 edib\">Davam\u0131<\/a><\/p>\n","protected":false},"author":12,"featured_media":326882,"comment_status":"closed","ping_status":"closed","sticky":false,"template":"","format":"standard","meta":{"_acf_changed":false,"_sitemap_exclude":false,"_sitemap_priority":"","_sitemap_frequency":"","footnotes":""},"categories":[64,63],"tags":[],"class_list":["post-326880","post","type-post","status-publish","format-standard","has-post-thumbnail","hentry","category-dunya","category-video-2","infinite-scroll-item","generate-columns","tablet-grid-50","mobile-grid-100","grid-parent","grid-33","no-featured-image-padding"],"acf":[],"yoast_head":"<!-- This site is optimized with the Yoast SEO plugin v27.4 - https:\/\/yoast.com\/product\/yoast-seo-wordpress\/ -->\n<title>\u0130frat sa\u011f\u00e7\u0131lar Almaniya parlament se\u00e7kil\u0259rind\u0259 \u0259n yax\u015f\u0131 n\u0259tic\u0259sini \u0259ld\u0259 edib - MEYDAN.TV<\/title>\n<meta name=\"robots\" content=\"index, follow, max-snippet:-1, max-image-preview:large, max-video-preview:-1\" \/>\n<link rel=\"canonical\" href=\"https:\/\/www.meydan.tv\/az\/article\/ifrat-sagcilar-almaniya-parlament-seckil%c9%99rind%c9%99-%c9%99n-yaxsi-n%c9%99tic%c9%99sini-%c9%99ld%c9%99-edib\/\" \/>\n<meta property=\"og:locale\" content=\"az_AZ\" \/>\n<meta property=\"og:type\" content=\"article\" \/>\n<meta property=\"og:title\" content=\"\u0130frat sa\u011f\u00e7\u0131lar Almaniya parlament se\u00e7kil\u0259rind\u0259 \u0259n yax\u015f\u0131 n\u0259tic\u0259sini \u0259ld\u0259 edib - MEYDAN.TV\" \/>\n<meta property=\"og:description\" content=\"\u0130frat sa\u011f\u00e7\u0131 &#8220;Almaniya \u00fc\u00e7\u00fcn Alternativ&#8221; Partiyas\u0131 (AfD) fevral\u0131n 23-d\u0259 ke\u00e7iril\u0259n ... Davam\u0131\" \/>\n<meta property=\"og:url\" content=\"https:\/\/www.meydan.tv\/az\/article\/ifrat-sagcilar-almaniya-parlament-seckil%c9%99rind%c9%99-%c9%99n-yaxsi-n%c9%99tic%c9%99sini-%c9%99ld%c9%99-edib\/\" \/>\n<meta property=\"og:site_name\" content=\"MEYDAN.TV\" \/>\n<meta property=\"article:published_time\" content=\"2025-02-25T19:41:44+00:00\" \/>\n<meta property=\"article:modified_time\" content=\"2025-02-26T09:18:29+00:00\" \/>\n<meta property=\"og:image\" content=\"https:\/\/www.meydan.tv\/wp-content\/uploads\/screenshot-2025-02-25-at-20.40.00.png\" \/>\n\t<meta property=\"og:image:width\" content=\"2250\" \/>\n\t<meta property=\"og:image:height\" content=\"1224\" \/>\n\t<meta property=\"og:image:type\" content=\"image\/png\" \/>\n<meta name=\"author\" content=\"aleks\" \/>\n<meta name=\"twitter:card\" content=\"summary_large_image\" \/>\n<script type=\"application\/ld+json\" class=\"yoast-schema-graph\">{\"@context\":\"https:\\\/\\\/schema.org\",\"@graph\":[{\"@type\":\"Article\",\"@id\":\"https:\\\/\\\/www.meydan.tv\\\/az\\\/article\\\/ifrat-sagcilar-almaniya-parlament-seckil%c9%99rind%c9%99-%c9%99n-yaxsi-n%c9%99tic%c9%99sini-%c9%99ld%c9%99-edib\\\/#article\",\"isPartOf\":{\"@id\":\"https:\\\/\\\/www.meydan.tv\\\/az\\\/article\\\/ifrat-sagcilar-almaniya-parlament-seckil%c9%99rind%c9%99-%c9%99n-yaxsi-n%c9%99tic%c9%99sini-%c9%99ld%c9%99-edib\\\/\"},\"author\":{\"name\":\"aleks\",\"@id\":\"https:\\\/\\\/www.meydan.tv\\\/az\\\/#\\\/schema\\\/person\\\/476e9360e593fa131d5d71d51866f8da\"},\"headline\":\"\u0130frat sa\u011f\u00e7\u0131lar Almaniya parlament se\u00e7kil\u0259rind\u0259 \u0259n yax\u015f\u0131 n\u0259tic\u0259sini \u0259ld\u0259 edib\",\"datePublished\":\"2025-02-25T19:41:44+00:00\",\"dateModified\":\"2025-02-26T09:18:29+00:00\",\"mainEntityOfPage\":{\"@id\":\"https:\\\/\\\/www.meydan.tv\\\/az\\\/article\\\/ifrat-sagcilar-almaniya-parlament-seckil%c9%99rind%c9%99-%c9%99n-yaxsi-n%c9%99tic%c9%99sini-%c9%99ld%c9%99-edib\\\/\"},\"wordCount\":297,\"publisher\":{\"@id\":\"https:\\\/\\\/www.meydan.tv\\\/az\\\/#organization\"},\"image\":{\"@id\":\"https:\\\/\\\/www.meydan.tv\\\/az\\\/article\\\/ifrat-sagcilar-almaniya-parlament-seckil%c9%99rind%c9%99-%c9%99n-yaxsi-n%c9%99tic%c9%99sini-%c9%99ld%c9%99-edib\\\/#primaryimage\"},\"thumbnailUrl\":\"https:\\\/\\\/www.meydan.tv\\\/wp-content\\\/uploads\\\/screenshot-2025-02-25-at-20.40.00.png\",\"articleSection\":[\"D\u00fcnya\",\"Video\"],\"inLanguage\":\"az\"},{\"@type\":\"WebPage\",\"@id\":\"https:\\\/\\\/www.meydan.tv\\\/az\\\/article\\\/ifrat-sagcilar-almaniya-parlament-seckil%c9%99rind%c9%99-%c9%99n-yaxsi-n%c9%99tic%c9%99sini-%c9%99ld%c9%99-edib\\\/\",\"url\":\"https:\\\/\\\/www.meydan.tv\\\/az\\\/article\\\/ifrat-sagcilar-almaniya-parlament-seckil%c9%99rind%c9%99-%c9%99n-yaxsi-n%c9%99tic%c9%99sini-%c9%99ld%c9%99-edib\\\/\",\"name\":\"\u0130frat sa\u011f\u00e7\u0131lar Almaniya parlament se\u00e7kil\u0259rind\u0259 \u0259n yax\u015f\u0131 n\u0259tic\u0259sini \u0259ld\u0259 edib - MEYDAN.TV\",\"isPartOf\":{\"@id\":\"https:\\\/\\\/www.meydan.tv\\\/az\\\/#website\"},\"primaryImageOfPage\":{\"@id\":\"https:\\\/\\\/www.meydan.tv\\\/az\\\/article\\\/ifrat-sagcilar-almaniya-parlament-seckil%c9%99rind%c9%99-%c9%99n-yaxsi-n%c9%99tic%c9%99sini-%c9%99ld%c9%99-edib\\\/#primaryimage\"},\"image\":{\"@id\":\"https:\\\/\\\/www.meydan.tv\\\/az\\\/article\\\/ifrat-sagcilar-almaniya-parlament-seckil%c9%99rind%c9%99-%c9%99n-yaxsi-n%c9%99tic%c9%99sini-%c9%99ld%c9%99-edib\\\/#primaryimage\"},\"thumbnailUrl\":\"https:\\\/\\\/www.meydan.tv\\\/wp-content\\\/uploads\\\/screenshot-2025-02-25-at-20.40.00.png\",\"datePublished\":\"2025-02-25T19:41:44+00:00\",\"dateModified\":\"2025-02-26T09:18:29+00:00\",\"breadcrumb\":{\"@id\":\"https:\\\/\\\/www.meydan.tv\\\/az\\\/article\\\/ifrat-sagcilar-almaniya-parlament-seckil%c9%99rind%c9%99-%c9%99n-yaxsi-n%c9%99tic%c9%99sini-%c9%99ld%c9%99-edib\\\/#breadcrumb\"},\"inLanguage\":\"az\",\"potentialAction\":[{\"@type\":\"ReadAction\",\"target\":[\"https:\\\/\\\/www.meydan.tv\\\/az\\\/article\\\/ifrat-sagcilar-almaniya-parlament-seckil%c9%99rind%c9%99-%c9%99n-yaxsi-n%c9%99tic%c9%99sini-%c9%99ld%c9%99-edib\\\/\"]}]},{\"@type\":\"ImageObject\",\"inLanguage\":\"az\",\"@id\":\"https:\\\/\\\/www.meydan.tv\\\/az\\\/article\\\/ifrat-sagcilar-almaniya-parlament-seckil%c9%99rind%c9%99-%c9%99n-yaxsi-n%c9%99tic%c9%99sini-%c9%99ld%c9%99-edib\\\/#primaryimage\",\"url\":\"https:\\\/\\\/www.meydan.tv\\\/wp-content\\\/uploads\\\/screenshot-2025-02-25-at-20.40.00.png\",\"contentUrl\":\"https:\\\/\\\/www.meydan.tv\\\/wp-content\\\/uploads\\\/screenshot-2025-02-25-at-20.40.00.png\",\"width\":2250,\"height\":1224},{\"@type\":\"BreadcrumbList\",\"@id\":\"https:\\\/\\\/www.meydan.tv\\\/az\\\/article\\\/ifrat-sagcilar-almaniya-parlament-seckil%c9%99rind%c9%99-%c9%99n-yaxsi-n%c9%99tic%c9%99sini-%c9%99ld%c9%99-edib\\\/#breadcrumb\",\"itemListElement\":[{\"@type\":\"ListItem\",\"position\":1,\"name\":\"Ana s\u0259hif\u0259\",\"item\":\"https:\\\/\\\/www.meydan.tv\\\/az\\\/\"},{\"@type\":\"ListItem\",\"position\":2,\"name\":\"D\u00fcnya\",\"item\":\"https:\\\/\\\/www.meydan.tv\\\/az\\\/section\\\/dunya\\\/\"},{\"@type\":\"ListItem\",\"position\":3,\"name\":\"\u0130frat sa\u011f\u00e7\u0131lar Almaniya parlament se\u00e7kil\u0259rind\u0259 \u0259n yax\u015f\u0131 n\u0259tic\u0259sini \u0259ld\u0259 edib\"}]},{\"@type\":\"WebSite\",\"@id\":\"https:\\\/\\\/www.meydan.tv\\\/az\\\/#website\",\"url\":\"https:\\\/\\\/www.meydan.tv\\\/az\\\/\",\"name\":\"MEYDAN.TV\",\"description\":\"Meydan TV Az\u0259rbaycan\u0131n media m\u0259kan\u0131ndak\u0131 alternativ s\u0259sidir\",\"publisher\":{\"@id\":\"https:\\\/\\\/www.meydan.tv\\\/az\\\/#organization\"},\"potentialAction\":[{\"@type\":\"SearchAction\",\"target\":{\"@type\":\"EntryPoint\",\"urlTemplate\":\"https:\\\/\\\/www.meydan.tv\\\/az\\\/?s={search_term_string}\"},\"query-input\":{\"@type\":\"PropertyValueSpecification\",\"valueRequired\":true,\"valueName\":\"search_term_string\"}}],\"inLanguage\":\"az\"},{\"@type\":\"Organization\",\"@id\":\"https:\\\/\\\/www.meydan.tv\\\/az\\\/#organization\",\"name\":\"Meydan TV\",\"url\":\"https:\\\/\\\/www.meydan.tv\\\/az\\\/\",\"logo\":{\"@type\":\"ImageObject\",\"inLanguage\":\"az\",\"@id\":\"https:\\\/\\\/www.meydan.tv\\\/az\\\/#\\\/schema\\\/logo\\\/image\\\/\",\"url\":\"https:\\\/\\\/www.meydan.tv\\\/wp-content\\\/uploads\\\/2021\\\/07\\\/meydan-logo.svg\",\"contentUrl\":\"https:\\\/\\\/www.meydan.tv\\\/wp-content\\\/uploads\\\/2021\\\/07\\\/meydan-logo.svg\",\"width\":195,\"height\":46,\"caption\":\"Meydan TV\"},\"image\":{\"@id\":\"https:\\\/\\\/www.meydan.tv\\\/az\\\/#\\\/schema\\\/logo\\\/image\\\/\"}},{\"@type\":\"Person\",\"@id\":\"https:\\\/\\\/www.meydan.tv\\\/az\\\/#\\\/schema\\\/person\\\/476e9360e593fa131d5d71d51866f8da\",\"name\":\"aleks\"}]}<\/script>\n<!-- \/ Yoast SEO plugin. -->","yoast_head_json":{"title":"\u0130frat sa\u011f\u00e7\u0131lar Almaniya parlament se\u00e7kil\u0259rind\u0259 \u0259n yax\u015f\u0131 n\u0259tic\u0259sini \u0259ld\u0259 edib - MEYDAN.TV","robots":{"index":"index","follow":"follow","max-snippet":"max-snippet:-1","max-image-preview":"max-image-preview:large","max-video-preview":"max-video-preview:-1"},"canonical":"https:\/\/www.meydan.tv\/az\/article\/ifrat-sagcilar-almaniya-parlament-seckil%c9%99rind%c9%99-%c9%99n-yaxsi-n%c9%99tic%c9%99sini-%c9%99ld%c9%99-edib\/","og_locale":"az_AZ","og_type":"article","og_title":"\u0130frat sa\u011f\u00e7\u0131lar Almaniya parlament se\u00e7kil\u0259rind\u0259 \u0259n yax\u015f\u0131 n\u0259tic\u0259sini \u0259ld\u0259 edib - MEYDAN.TV","og_description":"\u0130frat sa\u011f\u00e7\u0131 &#8220;Almaniya \u00fc\u00e7\u00fcn Alternativ&#8221; Partiyas\u0131 (AfD) fevral\u0131n 23-d\u0259 ke\u00e7iril\u0259n ... Davam\u0131","og_url":"https:\/\/www.meydan.tv\/az\/article\/ifrat-sagcilar-almaniya-parlament-seckil%c9%99rind%c9%99-%c9%99n-yaxsi-n%c9%99tic%c9%99sini-%c9%99ld%c9%99-edib\/","og_site_name":"MEYDAN.TV","article_published_time":"2025-02-25T19:41:44+00:00","article_modified_time":"2025-02-26T09:18:29+00:00","og_image":[{"width":2250,"height":1224,"url":"https:\/\/www.meydan.tv\/wp-content\/uploads\/screenshot-2025-02-25-at-20.40.00.png","type":"image\/png"}],"author":"aleks","twitter_card":"summary_large_image","schema":{"@context":"https:\/\/schema.org","@graph":[{"@type":"Article","@id":"https:\/\/www.meydan.tv\/az\/article\/ifrat-sagcilar-almaniya-parlament-seckil%c9%99rind%c9%99-%c9%99n-yaxsi-n%c9%99tic%c9%99sini-%c9%99ld%c9%99-edib\/#article","isPartOf":{"@id":"https:\/\/www.meydan.tv\/az\/article\/ifrat-sagcilar-almaniya-parlament-seckil%c9%99rind%c9%99-%c9%99n-yaxsi-n%c9%99tic%c9%99sini-%c9%99ld%c9%99-edib\/"},"author":{"name":"aleks","@id":"https:\/\/www.meydan.tv\/az\/#\/schema\/person\/476e9360e593fa131d5d71d51866f8da"},"headline":"\u0130frat sa\u011f\u00e7\u0131lar Almaniya parlament se\u00e7kil\u0259rind\u0259 \u0259n yax\u015f\u0131 n\u0259tic\u0259sini \u0259ld\u0259 edib","datePublished":"2025-02-25T19:41:44+00:00","dateModified":"2025-02-26T09:18:29+00:00","mainEntityOfPage":{"@id":"https:\/\/www.meydan.tv\/az\/article\/ifrat-sagcilar-almaniya-parlament-seckil%c9%99rind%c9%99-%c9%99n-yaxsi-n%c9%99tic%c9%99sini-%c9%99ld%c9%99-edib\/"},"wordCount":297,"publisher":{"@id":"https:\/\/www.meydan.tv\/az\/#organization"},"image":{"@id":"https:\/\/www.meydan.tv\/az\/article\/ifrat-sagcilar-almaniya-parlament-seckil%c9%99rind%c9%99-%c9%99n-yaxsi-n%c9%99tic%c9%99sini-%c9%99ld%c9%99-edib\/#primaryimage"},"thumbnailUrl":"https:\/\/www.meydan.tv\/wp-content\/uploads\/screenshot-2025-02-25-at-20.40.00.png","articleSection":["D\u00fcnya","Video"],"inLanguage":"az"},{"@type":"WebPage","@id":"https:\/\/www.meydan.tv\/az\/article\/ifrat-sagcilar-almaniya-parlament-seckil%c9%99rind%c9%99-%c9%99n-yaxsi-n%c9%99tic%c9%99sini-%c9%99ld%c9%99-edib\/","url":"https:\/\/www.meydan.tv\/az\/article\/ifrat-sagcilar-almaniya-parlament-seckil%c9%99rind%c9%99-%c9%99n-yaxsi-n%c9%99tic%c9%99sini-%c9%99ld%c9%99-edib\/","name":"\u0130frat sa\u011f\u00e7\u0131lar Almaniya parlament se\u00e7kil\u0259rind\u0259 \u0259n yax\u015f\u0131 n\u0259tic\u0259sini \u0259ld\u0259 edib - MEYDAN.TV","isPartOf":{"@id":"https:\/\/www.meydan.tv\/az\/#website"},"primaryImageOfPage":{"@id":"https:\/\/www.meydan.tv\/az\/article\/ifrat-sagcilar-almaniya-parlament-seckil%c9%99rind%c9%99-%c9%99n-yaxsi-n%c9%99tic%c9%99sini-%c9%99ld%c9%99-edib\/#primaryimage"},"image":{"@id":"https:\/\/www.meydan.tv\/az\/article\/ifrat-sagcilar-almaniya-parlament-seckil%c9%99rind%c9%99-%c9%99n-yaxsi-n%c9%99tic%c9%99sini-%c9%99ld%c9%99-edib\/#primaryimage"},"thumbnailUrl":"https:\/\/www.meydan.tv\/wp-content\/uploads\/screenshot-2025-02-25-at-20.40.00.png","datePublished":"2025-02-25T19:41:44+00:00","dateModified":"2025-02-26T09:18:29+00:00","breadcrumb":{"@id":"https:\/\/www.meydan.tv\/az\/article\/ifrat-sagcilar-almaniya-parlament-seckil%c9%99rind%c9%99-%c9%99n-yaxsi-n%c9%99tic%c9%99sini-%c9%99ld%c9%99-edib\/#breadcrumb"},"inLanguage":"az","potentialAction":[{"@type":"ReadAction","target":["https:\/\/www.meydan.tv\/az\/article\/ifrat-sagcilar-almaniya-parlament-seckil%c9%99rind%c9%99-%c9%99n-yaxsi-n%c9%99tic%c9%99sini-%c9%99ld%c9%99-edib\/"]}]},{"@type":"ImageObject","inLanguage":"az","@id":"https:\/\/www.meydan.tv\/az\/article\/ifrat-sagcilar-almaniya-parlament-seckil%c9%99rind%c9%99-%c9%99n-yaxsi-n%c9%99tic%c9%99sini-%c9%99ld%c9%99-edib\/#primaryimage","url":"https:\/\/www.meydan.tv\/wp-content\/uploads\/screenshot-2025-02-25-at-20.40.00.png","contentUrl":"https:\/\/www.meydan.tv\/wp-content\/uploads\/screenshot-2025-02-25-at-20.40.00.png","width":2250,"height":1224},{"@type":"BreadcrumbList","@id":"https:\/\/www.meydan.tv\/az\/article\/ifrat-sagcilar-almaniya-parlament-seckil%c9%99rind%c9%99-%c9%99n-yaxsi-n%c9%99tic%c9%99sini-%c9%99ld%c9%99-edib\/#breadcrumb","itemListElement":[{"@type":"ListItem","position":1,"name":"Ana s\u0259hif\u0259","item":"https:\/\/www.meydan.tv\/az\/"},{"@type":"ListItem","position":2,"name":"D\u00fcnya","item":"https:\/\/www.meydan.tv\/az\/section\/dunya\/"},{"@type":"ListItem","position":3,"name":"\u0130frat sa\u011f\u00e7\u0131lar Almaniya parlament se\u00e7kil\u0259rind\u0259 \u0259n yax\u015f\u0131 n\u0259tic\u0259sini \u0259ld\u0259 edib"}]},{"@type":"WebSite","@id":"https:\/\/www.meydan.tv\/az\/#website","url":"https:\/\/www.meydan.tv\/az\/","name":"MEYDAN.TV","description":"Meydan TV Az\u0259rbaycan\u0131n media m\u0259kan\u0131ndak\u0131 alternativ s\u0259sidir","publisher":{"@id":"https:\/\/www.meydan.tv\/az\/#organization"},"potentialAction":[{"@type":"SearchAction","target":{"@type":"EntryPoint","urlTemplate":"https:\/\/www.meydan.tv\/az\/?s={search_term_string}"},"query-input":{"@type":"PropertyValueSpecification","valueRequired":true,"valueName":"search_term_string"}}],"inLanguage":"az"},{"@type":"Organization","@id":"https:\/\/www.meydan.tv\/az\/#organization","name":"Meydan TV","url":"https:\/\/www.meydan.tv\/az\/","logo":{"@type":"ImageObject","inLanguage":"az","@id":"https:\/\/www.meydan.tv\/az\/#\/schema\/logo\/image\/","url":"https:\/\/www.meydan.tv\/wp-content\/uploads\/2021\/07\/meydan-logo.svg","contentUrl":"https:\/\/www.meydan.tv\/wp-content\/uploads\/2021\/07\/meydan-logo.svg","width":195,"height":46,"caption":"Meydan TV"},"image":{"@id":"https:\/\/www.meydan.tv\/az\/#\/schema\/logo\/image\/"}},{"@type":"Person","@id":"https:\/\/www.meydan.tv\/az\/#\/schema\/person\/476e9360e593fa131d5d71d51866f8da","name":"aleks"}]}},"_links":{"self":[{"href":"https:\/\/www.meydan.tv\/az\/wp-json\/wp\/v2\/posts\/326880","targetHints":{"allow":["GET"]}}],"collection":[{"href":"https:\/\/www.meydan.tv\/az\/wp-json\/wp\/v2\/posts"}],"about":[{"href":"https:\/\/www.meydan.tv\/az\/wp-json\/wp\/v2\/types\/post"}],"author":[{"embeddable":true,"href":"https:\/\/www.meydan.tv\/az\/wp-json\/wp\/v2\/users\/12"}],"replies":[{"embeddable":true,"href":"https:\/\/www.meydan.tv\/az\/wp-json\/wp\/v2\/comments?post=326880"}],"version-history":[{"count":3,"href":"https:\/\/www.meydan.tv\/az\/wp-json\/wp\/v2\/posts\/326880\/revisions"}],"predecessor-version":[{"id":326889,"href":"https:\/\/www.meydan.tv\/az\/wp-json\/wp\/v2\/posts\/326880\/revisions\/326889"}],"wp:featuredmedia":[{"embeddable":true,"href":"https:\/\/www.meydan.tv\/az\/wp-json\/wp\/v2\/media\/326882"}],"wp:attachment":[{"href":"https:\/\/www.meydan.tv\/az\/wp-json\/wp\/v2\/media?parent=326880"}],"wp:term":[{"taxonomy":"category","embeddable":true,"href":"https:\/\/www.meydan.tv\/az\/wp-json\/wp\/v2\/categories?post=326880"},{"taxonomy":"post_tag","embeddable":true,"href":"https:\/\/www.meydan.tv\/az\/wp-json\/wp\/v2\/tags?post=326880"}],"curies":[{"name":"wp","href":"https:\/\/api.w.org\/{rel}","templated":true}]}}