{"id":326853,"date":"2025-02-25T16:51:53","date_gmt":"2025-02-25T12:51:53","guid":{"rendered":"https:\/\/www.meydan.tv\/?p=326853"},"modified":"2025-02-25T16:51:55","modified_gmt":"2025-02-25T12:51:55","slug":"az%c9%99rbaycanda-suyun-qiym%c9%99ti-bahalasa-bil%c9%99r","status":"publish","type":"post","link":"https:\/\/www.meydan.tv\/az\/article\/az%c9%99rbaycanda-suyun-qiym%c9%99ti-bahalasa-bil%c9%99r\/","title":{"rendered":"Az\u0259rbaycanda suyun qiym\u0259ti bahala\u015fa bil\u0259r"},"content":{"rendered":"\n<p><\/p>\n\n\n\n<p><strong><em>ADSEA r\u0259smisi: &#8220;1 kubmetr suyun istehlak\u00e7\u0131ya \u00e7atd\u0131r\u0131lmas\u0131 1 manat 91 q\u0259piy\u0259 ba\u015fa g\u0259ls\u0259 d\u0259, m\u00f6vcud tarif 70 q\u0259pik t\u0259\u015fkil edir\u201d<\/em><\/strong><\/p>\n\n\n\n<p>Az\u0259rbaycanda suyun qiym\u0259ti bahala\u015fa bil\u0259r.<\/p>\n\n\n\n<p>Az\u0259rbaycan D\u00f6vl\u0259t Su Ehtiyatlar\u0131 Agentliyinin (ADSEA) \u0130ri \u015e\u0259h\u0259rl\u0259rin Birl\u0259\u015fmi\u015f Su T\u0259chizat\u0131 Xidm\u0259tinin \u0130dar\u0259 Hey\u0259ti s\u0259drinin m\u00fc\u015faviri Ayd\u0131n Abbasov bu g\u00fcn jurnalistl\u0259r\u0259 bildirib ki, Az\u0259rbaycanda su tarifl\u0259ri \u0130ri \u015e\u0259h\u0259rl\u0259rin Birl\u0259\u015fmi\u015f Su T\u0259chizat\u0131 Xidm\u0259tinin faktiki x\u0259rcl\u0259rini tam qar\u015f\u0131lam\u0131r:<\/p>\n\n\n\n<p><em>&#8220;1 kubmetr suyun istehlak\u00e7\u0131ya \u00e7atd\u0131r\u0131lmas\u0131 1 manat 91 q\u0259piy\u0259 ba\u015fa g\u0259ls\u0259 d\u0259, m\u00f6vcud tarif 70 q\u0259pik t\u0259\u015fkil edir\u201d.<\/em><\/p>\n\n\n\n<p>Onun s\u00f6zl\u0259rin\u0259 g\u00f6r\u0259, bu tarif sisteminin yenid\u0259n t\u0259nziml\u0259nm\u0259sin\u0259 g\u0259tirib \u00e7\u0131xara bil\u0259r.<\/p>\n\n\n\n<p><em>&#8220;Bu da su t\u0259chizat\u0131 sah\u0259sind\u0259 s\u00fcr\u0259tli inki\u015faf\u0131 \u00e7\u0259tinl\u0259\u015fdirir. Bu s\u0259b\u0259bd\u0259n tarif sisteminin diferensialla\u015fd\u0131r\u0131lmas\u0131 m\u0259s\u0259l\u0259si g\u00fcnd\u0259m\u0259 g\u0259l\u0259 bil\u0259r&#8221;<\/em>, &#8211; A.Abbasov deyib.<\/p>\n\n\n\n<p>Bu a\u00e7\u0131qlamadan sonra sosial mediada suyun qiym\u0259tinin yenid\u0259n artaca\u011f\u0131 il\u0259 ba\u011fl\u0131 m\u00fczakir\u0259l\u0259r art\u0131b.<\/p>\n\n\n\n<p>Az\u0259rbaycanda suyun qiym\u0259ti sonuncu d\u0259f\u0259 2021-ci il fevral\u0131n 1-d\u0259n art\u0131r\u0131l\u0131b. Onda art\u0131m 100 faiz olmu\u015fdu. Suyun 1 kubmetr qiym\u0259ti kanalizasiya sular\u0131 il\u0259 birlikd\u0259 1 manata qald\u0131r\u0131lm\u0131\u015fd\u0131.<\/p>\n\n\n\n<p>Bu il Az\u0259rbaycanda elektrik v\u0259 qaz daxil bir s\u0131ra kommunal xidm\u0259tl\u0259rd\u0259 bahala\u015fma ba\u015f verib.<\/p>\n","protected":false},"excerpt":{"rendered":"<p>ADSEA r\u0259smisi: &#8220;1 kubmetr suyun istehlak\u00e7\u0131ya \u00e7atd\u0131r\u0131lmas\u0131 1 manat 91 &#8230; <\/p>\n<p class=\"read-more-container\"><a title=\"Az\u0259rbaycanda suyun qiym\u0259ti bahala\u015fa bil\u0259r\" class=\"read-more button\" href=\"https:\/\/www.meydan.tv\/az\/article\/az%c9%99rbaycanda-suyun-qiym%c9%99ti-bahalasa-bil%c9%99r\/#more-326853\" aria-label=\"Read more about Az\u0259rbaycanda suyun qiym\u0259ti bahala\u015fa bil\u0259r\">Davam\u0131<\/a><\/p>\n","protected":false},"author":21,"featured_media":313711,"comment_status":"closed","ping_status":"closed","sticky":false,"template":"","format":"standard","meta":{"_acf_changed":false,"_sitemap_exclude":false,"_sitemap_priority":"","_sitemap_frequency":"","footnotes":""},"categories":[62,79,56],"tags":[],"class_list":["post-326853","post","type-post","status-publish","format-standard","has-post-thumbnail","hentry","category-sosial","category-featured","category-xeberler","infinite-scroll-item","generate-columns","tablet-grid-50","mobile-grid-100","grid-parent","grid-33","no-featured-image-padding"],"acf":[],"yoast_head":"<!-- This site is optimized with the Yoast SEO plugin v27.4 - https:\/\/yoast.com\/product\/yoast-seo-wordpress\/ -->\n<title>Az\u0259rbaycanda suyun qiym\u0259ti bahala\u015fa bil\u0259r - MEYDAN.TV<\/title>\n<meta name=\"robots\" content=\"index, follow, max-snippet:-1, max-image-preview:large, max-video-preview:-1\" \/>\n<link rel=\"canonical\" href=\"https:\/\/www.meydan.tv\/az\/article\/az%c9%99rbaycanda-suyun-qiym%c9%99ti-bahalasa-bil%c9%99r\/\" \/>\n<meta property=\"og:locale\" content=\"az_AZ\" \/>\n<meta property=\"og:type\" content=\"article\" \/>\n<meta property=\"og:title\" content=\"Az\u0259rbaycanda suyun qiym\u0259ti bahala\u015fa bil\u0259r - MEYDAN.TV\" \/>\n<meta property=\"og:description\" content=\"ADSEA r\u0259smisi: &#8220;1 kubmetr suyun istehlak\u00e7\u0131ya \u00e7atd\u0131r\u0131lmas\u0131 1 manat 91 ... Davam\u0131\" \/>\n<meta property=\"og:url\" content=\"https:\/\/www.meydan.tv\/az\/article\/az%c9%99rbaycanda-suyun-qiym%c9%99ti-bahalasa-bil%c9%99r\/\" \/>\n<meta property=\"og:site_name\" content=\"MEYDAN.TV\" \/>\n<meta property=\"article:published_time\" content=\"2025-02-25T12:51:53+00:00\" \/>\n<meta property=\"article:modified_time\" content=\"2025-02-25T12:51:55+00:00\" \/>\n<meta property=\"og:image\" content=\"https:\/\/www.meydan.tv\/wp-content\/uploads\/59380294_2483186348382213_6490035535212445696_n.jpg\" \/>\n\t<meta property=\"og:image:width\" content=\"1200\" \/>\n\t<meta property=\"og:image:height\" content=\"798\" \/>\n\t<meta property=\"og:image:type\" content=\"image\/jpeg\" \/>\n<meta name=\"author\" content=\"mahmud\" \/>\n<meta name=\"twitter:card\" content=\"summary_large_image\" \/>\n<script type=\"application\/ld+json\" class=\"yoast-schema-graph\">{\"@context\":\"https:\\\/\\\/schema.org\",\"@graph\":[{\"@type\":\"Article\",\"@id\":\"https:\\\/\\\/www.meydan.tv\\\/az\\\/article\\\/az%c9%99rbaycanda-suyun-qiym%c9%99ti-bahalasa-bil%c9%99r\\\/#article\",\"isPartOf\":{\"@id\":\"https:\\\/\\\/www.meydan.tv\\\/az\\\/article\\\/az%c9%99rbaycanda-suyun-qiym%c9%99ti-bahalasa-bil%c9%99r\\\/\"},\"author\":{\"name\":\"mahmud\",\"@id\":\"https:\\\/\\\/www.meydan.tv\\\/az\\\/#\\\/schema\\\/person\\\/09863e516102a829e72bedcf3f84c6b0\"},\"headline\":\"Az\u0259rbaycanda suyun qiym\u0259ti bahala\u015fa bil\u0259r\",\"datePublished\":\"2025-02-25T12:51:53+00:00\",\"dateModified\":\"2025-02-25T12:51:55+00:00\",\"mainEntityOfPage\":{\"@id\":\"https:\\\/\\\/www.meydan.tv\\\/az\\\/article\\\/az%c9%99rbaycanda-suyun-qiym%c9%99ti-bahalasa-bil%c9%99r\\\/\"},\"wordCount\":265,\"publisher\":{\"@id\":\"https:\\\/\\\/www.meydan.tv\\\/az\\\/#organization\"},\"image\":{\"@id\":\"https:\\\/\\\/www.meydan.tv\\\/az\\\/article\\\/az%c9%99rbaycanda-suyun-qiym%c9%99ti-bahalasa-bil%c9%99r\\\/#primaryimage\"},\"thumbnailUrl\":\"https:\\\/\\\/www.meydan.tv\\\/wp-content\\\/uploads\\\/59380294_2483186348382213_6490035535212445696_n.jpg\",\"articleSection\":[\"Sosial\",\"T\u00f6vsiy\u0259\",\"X\u0259b\u0259rl\u0259r\"],\"inLanguage\":\"az\"},{\"@type\":\"WebPage\",\"@id\":\"https:\\\/\\\/www.meydan.tv\\\/az\\\/article\\\/az%c9%99rbaycanda-suyun-qiym%c9%99ti-bahalasa-bil%c9%99r\\\/\",\"url\":\"https:\\\/\\\/www.meydan.tv\\\/az\\\/article\\\/az%c9%99rbaycanda-suyun-qiym%c9%99ti-bahalasa-bil%c9%99r\\\/\",\"name\":\"Az\u0259rbaycanda suyun qiym\u0259ti bahala\u015fa bil\u0259r - MEYDAN.TV\",\"isPartOf\":{\"@id\":\"https:\\\/\\\/www.meydan.tv\\\/az\\\/#website\"},\"primaryImageOfPage\":{\"@id\":\"https:\\\/\\\/www.meydan.tv\\\/az\\\/article\\\/az%c9%99rbaycanda-suyun-qiym%c9%99ti-bahalasa-bil%c9%99r\\\/#primaryimage\"},\"image\":{\"@id\":\"https:\\\/\\\/www.meydan.tv\\\/az\\\/article\\\/az%c9%99rbaycanda-suyun-qiym%c9%99ti-bahalasa-bil%c9%99r\\\/#primaryimage\"},\"thumbnailUrl\":\"https:\\\/\\\/www.meydan.tv\\\/wp-content\\\/uploads\\\/59380294_2483186348382213_6490035535212445696_n.jpg\",\"datePublished\":\"2025-02-25T12:51:53+00:00\",\"dateModified\":\"2025-02-25T12:51:55+00:00\",\"breadcrumb\":{\"@id\":\"https:\\\/\\\/www.meydan.tv\\\/az\\\/article\\\/az%c9%99rbaycanda-suyun-qiym%c9%99ti-bahalasa-bil%c9%99r\\\/#breadcrumb\"},\"inLanguage\":\"az\",\"potentialAction\":[{\"@type\":\"ReadAction\",\"target\":[\"https:\\\/\\\/www.meydan.tv\\\/az\\\/article\\\/az%c9%99rbaycanda-suyun-qiym%c9%99ti-bahalasa-bil%c9%99r\\\/\"]}]},{\"@type\":\"ImageObject\",\"inLanguage\":\"az\",\"@id\":\"https:\\\/\\\/www.meydan.tv\\\/az\\\/article\\\/az%c9%99rbaycanda-suyun-qiym%c9%99ti-bahalasa-bil%c9%99r\\\/#primaryimage\",\"url\":\"https:\\\/\\\/www.meydan.tv\\\/wp-content\\\/uploads\\\/59380294_2483186348382213_6490035535212445696_n.jpg\",\"contentUrl\":\"https:\\\/\\\/www.meydan.tv\\\/wp-content\\\/uploads\\\/59380294_2483186348382213_6490035535212445696_n.jpg\",\"width\":1200,\"height\":798,\"caption\":\"Su. Foto: arxiv\"},{\"@type\":\"BreadcrumbList\",\"@id\":\"https:\\\/\\\/www.meydan.tv\\\/az\\\/article\\\/az%c9%99rbaycanda-suyun-qiym%c9%99ti-bahalasa-bil%c9%99r\\\/#breadcrumb\",\"itemListElement\":[{\"@type\":\"ListItem\",\"position\":1,\"name\":\"Ana s\u0259hif\u0259\",\"item\":\"https:\\\/\\\/www.meydan.tv\\\/az\\\/\"},{\"@type\":\"ListItem\",\"position\":2,\"name\":\"Sosial\",\"item\":\"https:\\\/\\\/www.meydan.tv\\\/az\\\/section\\\/sosial\\\/\"},{\"@type\":\"ListItem\",\"position\":3,\"name\":\"Az\u0259rbaycanda suyun qiym\u0259ti bahala\u015fa bil\u0259r\"}]},{\"@type\":\"WebSite\",\"@id\":\"https:\\\/\\\/www.meydan.tv\\\/az\\\/#website\",\"url\":\"https:\\\/\\\/www.meydan.tv\\\/az\\\/\",\"name\":\"MEYDAN.TV\",\"description\":\"Meydan TV Az\u0259rbaycan\u0131n media m\u0259kan\u0131ndak\u0131 alternativ s\u0259sidir\",\"publisher\":{\"@id\":\"https:\\\/\\\/www.meydan.tv\\\/az\\\/#organization\"},\"potentialAction\":[{\"@type\":\"SearchAction\",\"target\":{\"@type\":\"EntryPoint\",\"urlTemplate\":\"https:\\\/\\\/www.meydan.tv\\\/az\\\/?s={search_term_string}\"},\"query-input\":{\"@type\":\"PropertyValueSpecification\",\"valueRequired\":true,\"valueName\":\"search_term_string\"}}],\"inLanguage\":\"az\"},{\"@type\":\"Organization\",\"@id\":\"https:\\\/\\\/www.meydan.tv\\\/az\\\/#organization\",\"name\":\"Meydan TV\",\"url\":\"https:\\\/\\\/www.meydan.tv\\\/az\\\/\",\"logo\":{\"@type\":\"ImageObject\",\"inLanguage\":\"az\",\"@id\":\"https:\\\/\\\/www.meydan.tv\\\/az\\\/#\\\/schema\\\/logo\\\/image\\\/\",\"url\":\"https:\\\/\\\/www.meydan.tv\\\/wp-content\\\/uploads\\\/2021\\\/07\\\/meydan-logo.svg\",\"contentUrl\":\"https:\\\/\\\/www.meydan.tv\\\/wp-content\\\/uploads\\\/2021\\\/07\\\/meydan-logo.svg\",\"width\":195,\"height\":46,\"caption\":\"Meydan TV\"},\"image\":{\"@id\":\"https:\\\/\\\/www.meydan.tv\\\/az\\\/#\\\/schema\\\/logo\\\/image\\\/\"}},{\"@type\":\"Person\",\"@id\":\"https:\\\/\\\/www.meydan.tv\\\/az\\\/#\\\/schema\\\/person\\\/09863e516102a829e72bedcf3f84c6b0\",\"name\":\"mahmud\"}]}<\/script>\n<!-- \/ Yoast SEO plugin. -->","yoast_head_json":{"title":"Az\u0259rbaycanda suyun qiym\u0259ti bahala\u015fa bil\u0259r - MEYDAN.TV","robots":{"index":"index","follow":"follow","max-snippet":"max-snippet:-1","max-image-preview":"max-image-preview:large","max-video-preview":"max-video-preview:-1"},"canonical":"https:\/\/www.meydan.tv\/az\/article\/az%c9%99rbaycanda-suyun-qiym%c9%99ti-bahalasa-bil%c9%99r\/","og_locale":"az_AZ","og_type":"article","og_title":"Az\u0259rbaycanda suyun qiym\u0259ti bahala\u015fa bil\u0259r - MEYDAN.TV","og_description":"ADSEA r\u0259smisi: &#8220;1 kubmetr suyun istehlak\u00e7\u0131ya \u00e7atd\u0131r\u0131lmas\u0131 1 manat 91 ... Davam\u0131","og_url":"https:\/\/www.meydan.tv\/az\/article\/az%c9%99rbaycanda-suyun-qiym%c9%99ti-bahalasa-bil%c9%99r\/","og_site_name":"MEYDAN.TV","article_published_time":"2025-02-25T12:51:53+00:00","article_modified_time":"2025-02-25T12:51:55+00:00","og_image":[{"width":1200,"height":798,"url":"https:\/\/www.meydan.tv\/wp-content\/uploads\/59380294_2483186348382213_6490035535212445696_n.jpg","type":"image\/jpeg"}],"author":"mahmud","twitter_card":"summary_large_image","schema":{"@context":"https:\/\/schema.org","@graph":[{"@type":"Article","@id":"https:\/\/www.meydan.tv\/az\/article\/az%c9%99rbaycanda-suyun-qiym%c9%99ti-bahalasa-bil%c9%99r\/#article","isPartOf":{"@id":"https:\/\/www.meydan.tv\/az\/article\/az%c9%99rbaycanda-suyun-qiym%c9%99ti-bahalasa-bil%c9%99r\/"},"author":{"name":"mahmud","@id":"https:\/\/www.meydan.tv\/az\/#\/schema\/person\/09863e516102a829e72bedcf3f84c6b0"},"headline":"Az\u0259rbaycanda suyun qiym\u0259ti bahala\u015fa bil\u0259r","datePublished":"2025-02-25T12:51:53+00:00","dateModified":"2025-02-25T12:51:55+00:00","mainEntityOfPage":{"@id":"https:\/\/www.meydan.tv\/az\/article\/az%c9%99rbaycanda-suyun-qiym%c9%99ti-bahalasa-bil%c9%99r\/"},"wordCount":265,"publisher":{"@id":"https:\/\/www.meydan.tv\/az\/#organization"},"image":{"@id":"https:\/\/www.meydan.tv\/az\/article\/az%c9%99rbaycanda-suyun-qiym%c9%99ti-bahalasa-bil%c9%99r\/#primaryimage"},"thumbnailUrl":"https:\/\/www.meydan.tv\/wp-content\/uploads\/59380294_2483186348382213_6490035535212445696_n.jpg","articleSection":["Sosial","T\u00f6vsiy\u0259","X\u0259b\u0259rl\u0259r"],"inLanguage":"az"},{"@type":"WebPage","@id":"https:\/\/www.meydan.tv\/az\/article\/az%c9%99rbaycanda-suyun-qiym%c9%99ti-bahalasa-bil%c9%99r\/","url":"https:\/\/www.meydan.tv\/az\/article\/az%c9%99rbaycanda-suyun-qiym%c9%99ti-bahalasa-bil%c9%99r\/","name":"Az\u0259rbaycanda suyun qiym\u0259ti bahala\u015fa bil\u0259r - MEYDAN.TV","isPartOf":{"@id":"https:\/\/www.meydan.tv\/az\/#website"},"primaryImageOfPage":{"@id":"https:\/\/www.meydan.tv\/az\/article\/az%c9%99rbaycanda-suyun-qiym%c9%99ti-bahalasa-bil%c9%99r\/#primaryimage"},"image":{"@id":"https:\/\/www.meydan.tv\/az\/article\/az%c9%99rbaycanda-suyun-qiym%c9%99ti-bahalasa-bil%c9%99r\/#primaryimage"},"thumbnailUrl":"https:\/\/www.meydan.tv\/wp-content\/uploads\/59380294_2483186348382213_6490035535212445696_n.jpg","datePublished":"2025-02-25T12:51:53+00:00","dateModified":"2025-02-25T12:51:55+00:00","breadcrumb":{"@id":"https:\/\/www.meydan.tv\/az\/article\/az%c9%99rbaycanda-suyun-qiym%c9%99ti-bahalasa-bil%c9%99r\/#breadcrumb"},"inLanguage":"az","potentialAction":[{"@type":"ReadAction","target":["https:\/\/www.meydan.tv\/az\/article\/az%c9%99rbaycanda-suyun-qiym%c9%99ti-bahalasa-bil%c9%99r\/"]}]},{"@type":"ImageObject","inLanguage":"az","@id":"https:\/\/www.meydan.tv\/az\/article\/az%c9%99rbaycanda-suyun-qiym%c9%99ti-bahalasa-bil%c9%99r\/#primaryimage","url":"https:\/\/www.meydan.tv\/wp-content\/uploads\/59380294_2483186348382213_6490035535212445696_n.jpg","contentUrl":"https:\/\/www.meydan.tv\/wp-content\/uploads\/59380294_2483186348382213_6490035535212445696_n.jpg","width":1200,"height":798,"caption":"Su. Foto: arxiv"},{"@type":"BreadcrumbList","@id":"https:\/\/www.meydan.tv\/az\/article\/az%c9%99rbaycanda-suyun-qiym%c9%99ti-bahalasa-bil%c9%99r\/#breadcrumb","itemListElement":[{"@type":"ListItem","position":1,"name":"Ana s\u0259hif\u0259","item":"https:\/\/www.meydan.tv\/az\/"},{"@type":"ListItem","position":2,"name":"Sosial","item":"https:\/\/www.meydan.tv\/az\/section\/sosial\/"},{"@type":"ListItem","position":3,"name":"Az\u0259rbaycanda suyun qiym\u0259ti bahala\u015fa bil\u0259r"}]},{"@type":"WebSite","@id":"https:\/\/www.meydan.tv\/az\/#website","url":"https:\/\/www.meydan.tv\/az\/","name":"MEYDAN.TV","description":"Meydan TV Az\u0259rbaycan\u0131n media m\u0259kan\u0131ndak\u0131 alternativ s\u0259sidir","publisher":{"@id":"https:\/\/www.meydan.tv\/az\/#organization"},"potentialAction":[{"@type":"SearchAction","target":{"@type":"EntryPoint","urlTemplate":"https:\/\/www.meydan.tv\/az\/?s={search_term_string}"},"query-input":{"@type":"PropertyValueSpecification","valueRequired":true,"valueName":"search_term_string"}}],"inLanguage":"az"},{"@type":"Organization","@id":"https:\/\/www.meydan.tv\/az\/#organization","name":"Meydan TV","url":"https:\/\/www.meydan.tv\/az\/","logo":{"@type":"ImageObject","inLanguage":"az","@id":"https:\/\/www.meydan.tv\/az\/#\/schema\/logo\/image\/","url":"https:\/\/www.meydan.tv\/wp-content\/uploads\/2021\/07\/meydan-logo.svg","contentUrl":"https:\/\/www.meydan.tv\/wp-content\/uploads\/2021\/07\/meydan-logo.svg","width":195,"height":46,"caption":"Meydan TV"},"image":{"@id":"https:\/\/www.meydan.tv\/az\/#\/schema\/logo\/image\/"}},{"@type":"Person","@id":"https:\/\/www.meydan.tv\/az\/#\/schema\/person\/09863e516102a829e72bedcf3f84c6b0","name":"mahmud"}]}},"_links":{"self":[{"href":"https:\/\/www.meydan.tv\/az\/wp-json\/wp\/v2\/posts\/326853","targetHints":{"allow":["GET"]}}],"collection":[{"href":"https:\/\/www.meydan.tv\/az\/wp-json\/wp\/v2\/posts"}],"about":[{"href":"https:\/\/www.meydan.tv\/az\/wp-json\/wp\/v2\/types\/post"}],"author":[{"embeddable":true,"href":"https:\/\/www.meydan.tv\/az\/wp-json\/wp\/v2\/users\/21"}],"replies":[{"embeddable":true,"href":"https:\/\/www.meydan.tv\/az\/wp-json\/wp\/v2\/comments?post=326853"}],"version-history":[{"count":1,"href":"https:\/\/www.meydan.tv\/az\/wp-json\/wp\/v2\/posts\/326853\/revisions"}],"predecessor-version":[{"id":326854,"href":"https:\/\/www.meydan.tv\/az\/wp-json\/wp\/v2\/posts\/326853\/revisions\/326854"}],"wp:featuredmedia":[{"embeddable":true,"href":"https:\/\/www.meydan.tv\/az\/wp-json\/wp\/v2\/media\/313711"}],"wp:attachment":[{"href":"https:\/\/www.meydan.tv\/az\/wp-json\/wp\/v2\/media?parent=326853"}],"wp:term":[{"taxonomy":"category","embeddable":true,"href":"https:\/\/www.meydan.tv\/az\/wp-json\/wp\/v2\/categories?post=326853"},{"taxonomy":"post_tag","embeddable":true,"href":"https:\/\/www.meydan.tv\/az\/wp-json\/wp\/v2\/tags?post=326853"}],"curies":[{"name":"wp","href":"https:\/\/api.w.org\/{rel}","templated":true}]}}