{"id":326850,"date":"2025-02-25T16:09:30","date_gmt":"2025-02-25T12:09:30","guid":{"rendered":"https:\/\/www.meydan.tv\/?p=326850"},"modified":"2025-02-25T16:09:32","modified_gmt":"2025-02-25T12:09:32","slug":"m%c9%99hk%c9%99m%c9%99-natiq-cavadlini-h%c9%99bsd%c9%99-saxlayib","status":"publish","type":"post","link":"https:\/\/www.meydan.tv\/az\/article\/m%c9%99hk%c9%99m%c9%99-natiq-cavadlini-h%c9%99bsd%c9%99-saxlayib\/","title":{"rendered":"M\u0259hk\u0259m\u0259 Natiq Cavadl\u0131n\u0131 h\u0259bsd\u0259 saxlay\u0131b"},"content":{"rendered":"\n<p><\/p>\n\n\n\n<p><strong><em>V\u0259kil bildirib ki, Natiq Cavadl\u0131 dekabr\u0131n 6-da h\u0259bs olunsa da, haz\u0131rda onunla ba\u011fl\u0131 he\u00e7 bir istintaq h\u0259r\u0259k\u0259ti apar\u0131lm\u0131r<\/em><\/strong><\/p>\n\n\n\n<p>Fevral\u0131n 25-d\u0259 X\u0259tai rayon M\u0259hk\u0259m\u0259sind\u0259 \u201cMeydanTV i\u015fi\u201d \u00fczr\u0259 h\u0259bs edil\u0259n jurnalist Natiq Cavadl\u0131n\u0131n ev dustaql\u0131\u011f\u0131na burax\u0131lmas\u0131 il\u0259 ba\u011fl\u0131 m\u00fcdafi\u0259 t\u0259r\u0259finin v\u0259sat\u0259tin\u0259 bax\u0131l\u0131b.<\/p>\n\n\n\n<p>M\u0259hk\u0259m\u0259 v\u0259sat\u0259ti t\u0259min etm\u0259y\u0259r\u0259k jurnalist haqq\u0131nda h\u0259bs q\u0259timkan t\u0259dbirini d\u0259yi\u015fm\u0259yib.<\/p>\n\n\n\n<p>V\u0259kil Zibeyd\u0259 Sad\u0131qovan\u0131n verdiyi m\u0259lumata g\u00f6r\u0259, v\u0259sat\u0259t jurnalist bar\u0259sind\u0259 istintaq h\u0259r\u0259k\u0259tl\u0259rinin apar\u0131lmamas\u0131, himay\u0259sind\u0259 azya\u015fl\u0131 \u00f6vladlar\u0131n\u0131n v\u0259 s\u0259hh\u0259tind\u0259 probleml\u0259r olan anas\u0131n\u0131n olmas\u0131na \u0259saslan\u0131b.<\/p>\n\n\n\n<p>V\u0259kil bildirib ki, Natiq Cavadl\u0131 dekabr\u0131n 6-da h\u0259bs olunsa da, haz\u0131rda onunla ba\u011fl\u0131 he\u00e7 bir istintaq h\u0259r\u0259k\u0259ti apar\u0131lm\u0131r.<\/p>\n\n\n\n<p><em>\u201cH\u0259bs-q\u0259timkan t\u0259dbirin \u00f6z\u00fc d\u0259 he\u00e7 bir s\u00fcbut, d\u0259lil olmadan se\u00e7ilib. Natiq Cavadl\u0131 dekabr\u0131n 6-da h\u0259bs olunsa da, haz\u0131rda onunla ba\u011fl\u0131 he\u00e7 bir istintaq h\u0259r\u0259k\u0259ti apar\u0131lm\u0131r.&nbsp; Onun h\u0259bsi ail\u0259sin\u0259 h\u0259m m\u0259n\u0259vi h\u0259m d\u0259 fiziki z\u0259r\u0259r verir. \u00c7\u00fcnki onun \u00f6vladlar\u0131 yetkinlik \u0259r\u0259f\u0259sind\u0259dirl\u0259r v\u0259 atalar\u0131n\u0131n onlar\u0131n yan\u0131nda olmas\u0131na, onlar\u0131n t\u0259lim-t\u0259rbiy\u0259si il\u0259 m\u0259\u015f\u011ful olmas\u0131na daha \u00e7ox ehtiyacar\u0131 var. Bel\u0259 ki, N.Cavadl\u0131 azadl\u0131qda olanda \u00f6vladlar\u0131n\u0131n d\u0259rs prosesi il\u0259 \u00f6z\u00fc m\u0259\u015f\u011ful olurdu. M\u0259hk\u0259m\u0259y\u0259 m\u00fcraci\u0259t etdik ki, bu \u015f\u0259rait n\u0259z\u0259r\u0259 al\u0131ns\u0131n v\u0259 onun h\u0259bsi ev dustaql\u0131\u011f\u0131 il\u0259 \u0259v\u0259z olunsun. T\u0259\u0259ss\u00fcf ki, m\u0259hk\u0259m\u0259 v\u0259sat\u0259timizi t\u0259min etm\u0259yib\u201d, <\/em>\u2013 v\u0259kil Zibeyd\u0259 Sad\u0131qova vur\u011fulay\u0131b<\/p>\n\n\n\n<p>V\u0259kilin s\u00f6zl\u0259rin\u0259 g\u00f6r\u0259, m\u0259hk\u0259m\u0259d\u0259 Natiq Cavadl\u0131 h\u0259bsini jurnalist f\u0259aliyy\u0259ti il\u0259 \u0259laq\u0259l\u0259ndirib v\u0259 \u015fikay\u0259ti m\u00fcdafi\u0259 edib.<\/p>\n\n\n\n<p>M\u00fcdafi\u0259 t\u0259r\u0259fi apellyasiya \u015fikay\u0259ti ver\u0259c\u0259k.<\/p>\n\n\n\n<p>V\u0259kil onu da bildirib ki, Natiq Cavadl\u0131 \u201cBBC\u201d-nin, \u201cAmerikan\u0131n S\u0259si\u201d-nin v\u0259 \u201cTuran\u201d \u0130nformasiya Agentliyinin f\u0259aliyy\u0259tinin dayand\u0131r\u0131lmas\u0131n\u0131 televiziya vasit\u0259sil\u0259 e\u015fidib v\u0259 \u00e7ox m\u0259yus olub.<\/p>\n\n\n\n<p>2024-c\u00fc il dekabr\u0131n 6-da Meydan TV-nin \u0259m\u0259kda\u015flar\u0131 Ramin Deko (C\u0259bray\u0131lzad\u0259), Aynur Q\u0259nb\u0259rova (Elg\u00fcn\u0259\u015f), Aysel Umudova, Aytac \u018fhm\u0259dova (Tapd\u0131q), X\u0259yal\u0259 A\u011fayeva, Natiq Cavadl\u0131 saxlan\u0131l\u0131blar. Onlara qar\u015f\u0131 Cinay\u0259t M\u0259c\u0259ll\u0259sinin 206.3.2-ci (qa\u00e7aqmal\u00e7\u0131l\u0131q, \u0259vv\u0259lc\u0259d\u0259n \u0259lbir olan bir qrup \u015f\u0259xs t\u0259r\u0259find\u0259n t\u00f6r\u0259dildikd\u0259) madd\u0259si il\u0259 ittiham ir\u0259li s\u00fcr\u00fcl\u00fcb. Bu madd\u0259 il\u0259 onlar\u0131n bar\u0259sind\u0259 istintaq d\u00f6vr\u00fc \u00fc\u00e7\u00fcn 4 ayl\u0131q h\u0259bs q\u0259timkan t\u0259dbiri se\u00e7ilib.<\/p>\n\n\n\n<p>Meydan TV \u0259m\u0259kda\u015flar\u0131 il\u0259 yana\u015f\u0131, eyni g\u00fcnd\u0259 v\u0259t\u0259nda\u015f c\u0259miyy\u0259tinin \u00fczv\u00fc \u00dclvi Tahirov da saxlan\u0131l\u0131b. Eyni ittihamla onun da bar\u0259sind\u0259 4 ayl\u0131q h\u0259bs q\u0259timkan t\u0259dbiri se\u00e7ilib. \u00dclvi Tahirovun Meydan TV-y\u0259 aidiyy\u0259ti yoxdur.<\/p>\n\n\n\n<p>Fevral\u0131n 5-i \u201carqument.az\u201d sayt\u0131n\u0131n ba\u015f redaktoru, Meydan TV il\u0259 \u0259m\u0259kda\u015fl\u0131q ed\u0259n jurnalist \u015e\u0259m\u015fad A\u011fayev (A\u011fa) d\u0259 saxlan\u0131l\u0131b. Onun bar\u0259sind\u0259 2 ay 1 g\u00fcn m\u00fcdd\u0259tin\u0259 h\u0259bs q\u0259timkan t\u0259dbiri se\u00e7ilib.<\/p>\n\n\n\n<p>Fevral\u0131n 20-d\u0259 is\u0259 jurnalist Nurlan Libre (Q\u0259hr\u0259manl\u0131) \u201cMeydan TV\u201d il\u0259 \u0259laq\u0259li cinay\u0259t i\u015fin\u0259 g\u00f6r\u0259 saxlan\u0131l\u0131b. M\u0259hk\u0259m\u0259nin q\u0259rar\u0131 il\u0259 onun bar\u0259sind\u0259 1 ay 17 g\u00fcn m\u00fcdd\u0259tin\u0259 h\u0259bs q\u0259timkan t\u0259dbiri se\u00e7ilib.<\/p>\n\n\n\n<p>Saxlan\u0131lan jurnalistl\u0259rin evind\u0259 axtar\u0131\u015f apar\u0131l\u0131b, telefonlar\u0131, komp\u00fcterl\u0259ri v\u0259 dig\u0259r \u015f\u0259xsi \u0259\u015fyalar\u0131 g\u00f6t\u00fcr\u00fcl\u00fcb.<\/p>\n\n\n\n<p>H\u0259bs olunan jurnalistl\u0259r \u00f6zl\u0259rini t\u0259qsirli bilmir, Meydan TV \u0259m\u0259kda\u015flar\u0131n\u0131n t\u0259nqid\u00e7i f\u0259aliyy\u0259tl\u0259rin\u0259 g\u00f6r\u0259 c\u0259zaland\u0131r\u0131ld\u0131qlar\u0131n\u0131 b\u0259yan edib.<\/p>\n\n\n\n<p>Haz\u0131rda ox\u015far ittihamlarla 30-d\u0259k jurnalist, ictimai f\u0259al h\u0259bsd\u0259dir. Onlar ittiham\u0131 q\u0259bul etmir, h\u0259bsl\u0259rini pe\u015f\u0259 f\u0259aliyy\u0259tl\u0259ri il\u0259 \u0259laq\u0259l\u0259ndirirl\u0259r. Hakimiyy\u0259t t\u0259msil\u00e7il\u0259ri \u00f6lk\u0259d\u0259 siyasi motivli h\u0259bsl\u0259rin olmad\u0131\u011f\u0131n\u0131 deyirl\u0259r.<\/p>\n\n\n\n<p>Beyn\u0259lxalq insan haqlar\u0131 qurumlar\u0131, Q\u0259rb r\u0259smil\u0259ri d\u0259 h\u00f6kum\u0259ti haqs\u0131z tutulanlar\u0131 azad etm\u0259y\u0259 \u00e7a\u011f\u0131r\u0131b.<\/p>\n","protected":false},"excerpt":{"rendered":"<p>V\u0259kil bildirib ki, Natiq Cavadl\u0131 dekabr\u0131n 6-da h\u0259bs olunsa da, &#8230; <\/p>\n<p class=\"read-more-container\"><a title=\"M\u0259hk\u0259m\u0259 Natiq Cavadl\u0131n\u0131 h\u0259bsd\u0259 saxlay\u0131b\" class=\"read-more button\" href=\"https:\/\/www.meydan.tv\/az\/article\/m%c9%99hk%c9%99m%c9%99-natiq-cavadlini-h%c9%99bsd%c9%99-saxlayib\/#more-326850\" aria-label=\"Read more about M\u0259hk\u0259m\u0259 Natiq Cavadl\u0131n\u0131 h\u0259bsd\u0259 saxlay\u0131b\">Davam\u0131<\/a><\/p>\n","protected":false},"author":21,"featured_media":322677,"comment_status":"closed","ping_status":"closed","sticky":false,"template":"","format":"standard","meta":{"_acf_changed":false,"_sitemap_exclude":false,"_sitemap_priority":"","_sitemap_frequency":"","footnotes":""},"categories":[139,59,79,56],"tags":[],"class_list":["post-326850","post","type-post","status-publish","format-standard","has-post-thumbnail","hentry","category-meydan-tv-isi","category-siyaset","category-featured","category-xeberler","infinite-scroll-item","generate-columns","tablet-grid-50","mobile-grid-100","grid-parent","grid-33","no-featured-image-padding"],"acf":[],"yoast_head":"<!-- This site is optimized with the Yoast SEO plugin v27.5 - https:\/\/yoast.com\/product\/yoast-seo-wordpress\/ -->\n<title>M\u0259hk\u0259m\u0259 Natiq Cavadl\u0131n\u0131 h\u0259bsd\u0259 saxlay\u0131b - MEYDAN.TV<\/title>\n<meta name=\"robots\" content=\"index, follow, max-snippet:-1, max-image-preview:large, max-video-preview:-1\" \/>\n<link rel=\"canonical\" href=\"https:\/\/www.meydan.tv\/az\/article\/m%c9%99hk%c9%99m%c9%99-natiq-cavadlini-h%c9%99bsd%c9%99-saxlayib\/\" \/>\n<meta property=\"og:locale\" content=\"az_AZ\" \/>\n<meta property=\"og:type\" content=\"article\" \/>\n<meta property=\"og:title\" content=\"M\u0259hk\u0259m\u0259 Natiq Cavadl\u0131n\u0131 h\u0259bsd\u0259 saxlay\u0131b - MEYDAN.TV\" \/>\n<meta property=\"og:description\" content=\"V\u0259kil bildirib ki, Natiq Cavadl\u0131 dekabr\u0131n 6-da h\u0259bs olunsa da, ... Davam\u0131\" \/>\n<meta property=\"og:url\" content=\"https:\/\/www.meydan.tv\/az\/article\/m%c9%99hk%c9%99m%c9%99-natiq-cavadlini-h%c9%99bsd%c9%99-saxlayib\/\" \/>\n<meta property=\"og:site_name\" content=\"MEYDAN.TV\" \/>\n<meta property=\"article:published_time\" content=\"2025-02-25T12:09:30+00:00\" \/>\n<meta property=\"article:modified_time\" content=\"2025-02-25T12:09:32+00:00\" \/>\n<meta property=\"og:image\" content=\"https:\/\/www.meydan.tv\/wp-content\/uploads\/img_1633-scaled-e1736079980807.jpg\" \/>\n\t<meta property=\"og:image:width\" content=\"2560\" \/>\n\t<meta property=\"og:image:height\" content=\"1173\" \/>\n\t<meta property=\"og:image:type\" content=\"image\/jpeg\" \/>\n<meta name=\"author\" content=\"mahmud\" \/>\n<meta name=\"twitter:card\" content=\"summary_large_image\" \/>\n<script type=\"application\/ld+json\" class=\"yoast-schema-graph\">{\"@context\":\"https:\\\/\\\/schema.org\",\"@graph\":[{\"@type\":\"Article\",\"@id\":\"https:\\\/\\\/www.meydan.tv\\\/az\\\/article\\\/m%c9%99hk%c9%99m%c9%99-natiq-cavadlini-h%c9%99bsd%c9%99-saxlayib\\\/#article\",\"isPartOf\":{\"@id\":\"https:\\\/\\\/www.meydan.tv\\\/az\\\/article\\\/m%c9%99hk%c9%99m%c9%99-natiq-cavadlini-h%c9%99bsd%c9%99-saxlayib\\\/\"},\"author\":{\"name\":\"mahmud\",\"@id\":\"https:\\\/\\\/www.meydan.tv\\\/az\\\/#\\\/schema\\\/person\\\/09863e516102a829e72bedcf3f84c6b0\"},\"headline\":\"M\u0259hk\u0259m\u0259 Natiq Cavadl\u0131n\u0131 h\u0259bsd\u0259 saxlay\u0131b\",\"datePublished\":\"2025-02-25T12:09:30+00:00\",\"dateModified\":\"2025-02-25T12:09:32+00:00\",\"mainEntityOfPage\":{\"@id\":\"https:\\\/\\\/www.meydan.tv\\\/az\\\/article\\\/m%c9%99hk%c9%99m%c9%99-natiq-cavadlini-h%c9%99bsd%c9%99-saxlayib\\\/\"},\"wordCount\":783,\"publisher\":{\"@id\":\"https:\\\/\\\/www.meydan.tv\\\/az\\\/#organization\"},\"image\":{\"@id\":\"https:\\\/\\\/www.meydan.tv\\\/az\\\/article\\\/m%c9%99hk%c9%99m%c9%99-natiq-cavadlini-h%c9%99bsd%c9%99-saxlayib\\\/#primaryimage\"},\"thumbnailUrl\":\"https:\\\/\\\/www.meydan.tv\\\/wp-content\\\/uploads\\\/img_1633-scaled-e1736079980807.jpg\",\"articleSection\":[\"Meydan TV i\u015fi\",\"Siyas\u0259t\",\"T\u00f6vsiy\u0259\",\"X\u0259b\u0259rl\u0259r\"],\"inLanguage\":\"az\"},{\"@type\":\"WebPage\",\"@id\":\"https:\\\/\\\/www.meydan.tv\\\/az\\\/article\\\/m%c9%99hk%c9%99m%c9%99-natiq-cavadlini-h%c9%99bsd%c9%99-saxlayib\\\/\",\"url\":\"https:\\\/\\\/www.meydan.tv\\\/az\\\/article\\\/m%c9%99hk%c9%99m%c9%99-natiq-cavadlini-h%c9%99bsd%c9%99-saxlayib\\\/\",\"name\":\"M\u0259hk\u0259m\u0259 Natiq Cavadl\u0131n\u0131 h\u0259bsd\u0259 saxlay\u0131b - MEYDAN.TV\",\"isPartOf\":{\"@id\":\"https:\\\/\\\/www.meydan.tv\\\/az\\\/#website\"},\"primaryImageOfPage\":{\"@id\":\"https:\\\/\\\/www.meydan.tv\\\/az\\\/article\\\/m%c9%99hk%c9%99m%c9%99-natiq-cavadlini-h%c9%99bsd%c9%99-saxlayib\\\/#primaryimage\"},\"image\":{\"@id\":\"https:\\\/\\\/www.meydan.tv\\\/az\\\/article\\\/m%c9%99hk%c9%99m%c9%99-natiq-cavadlini-h%c9%99bsd%c9%99-saxlayib\\\/#primaryimage\"},\"thumbnailUrl\":\"https:\\\/\\\/www.meydan.tv\\\/wp-content\\\/uploads\\\/img_1633-scaled-e1736079980807.jpg\",\"datePublished\":\"2025-02-25T12:09:30+00:00\",\"dateModified\":\"2025-02-25T12:09:32+00:00\",\"breadcrumb\":{\"@id\":\"https:\\\/\\\/www.meydan.tv\\\/az\\\/article\\\/m%c9%99hk%c9%99m%c9%99-natiq-cavadlini-h%c9%99bsd%c9%99-saxlayib\\\/#breadcrumb\"},\"inLanguage\":\"az\",\"potentialAction\":[{\"@type\":\"ReadAction\",\"target\":[\"https:\\\/\\\/www.meydan.tv\\\/az\\\/article\\\/m%c9%99hk%c9%99m%c9%99-natiq-cavadlini-h%c9%99bsd%c9%99-saxlayib\\\/\"]}]},{\"@type\":\"ImageObject\",\"inLanguage\":\"az\",\"@id\":\"https:\\\/\\\/www.meydan.tv\\\/az\\\/article\\\/m%c9%99hk%c9%99m%c9%99-natiq-cavadlini-h%c9%99bsd%c9%99-saxlayib\\\/#primaryimage\",\"url\":\"https:\\\/\\\/www.meydan.tv\\\/wp-content\\\/uploads\\\/img_1633-scaled-e1736079980807.jpg\",\"contentUrl\":\"https:\\\/\\\/www.meydan.tv\\\/wp-content\\\/uploads\\\/img_1633-scaled-e1736079980807.jpg\",\"width\":2560,\"height\":1173,\"caption\":\"Natiq Cavadl\u0131. Foto: Meydan TV\"},{\"@type\":\"BreadcrumbList\",\"@id\":\"https:\\\/\\\/www.meydan.tv\\\/az\\\/article\\\/m%c9%99hk%c9%99m%c9%99-natiq-cavadlini-h%c9%99bsd%c9%99-saxlayib\\\/#breadcrumb\",\"itemListElement\":[{\"@type\":\"ListItem\",\"position\":1,\"name\":\"Ana s\u0259hif\u0259\",\"item\":\"https:\\\/\\\/www.meydan.tv\\\/az\\\/\"},{\"@type\":\"ListItem\",\"position\":2,\"name\":\"Meydan TV i\u015fi\",\"item\":\"https:\\\/\\\/www.meydan.tv\\\/az\\\/section\\\/meydan-tv-isi\\\/\"},{\"@type\":\"ListItem\",\"position\":3,\"name\":\"M\u0259hk\u0259m\u0259 Natiq Cavadl\u0131n\u0131 h\u0259bsd\u0259 saxlay\u0131b\"}]},{\"@type\":\"WebSite\",\"@id\":\"https:\\\/\\\/www.meydan.tv\\\/az\\\/#website\",\"url\":\"https:\\\/\\\/www.meydan.tv\\\/az\\\/\",\"name\":\"MEYDAN.TV\",\"description\":\"Meydan TV Az\u0259rbaycan\u0131n media m\u0259kan\u0131ndak\u0131 alternativ s\u0259sidir\",\"publisher\":{\"@id\":\"https:\\\/\\\/www.meydan.tv\\\/az\\\/#organization\"},\"potentialAction\":[{\"@type\":\"SearchAction\",\"target\":{\"@type\":\"EntryPoint\",\"urlTemplate\":\"https:\\\/\\\/www.meydan.tv\\\/az\\\/?s={search_term_string}\"},\"query-input\":{\"@type\":\"PropertyValueSpecification\",\"valueRequired\":true,\"valueName\":\"search_term_string\"}}],\"inLanguage\":\"az\"},{\"@type\":\"Organization\",\"@id\":\"https:\\\/\\\/www.meydan.tv\\\/az\\\/#organization\",\"name\":\"Meydan TV\",\"url\":\"https:\\\/\\\/www.meydan.tv\\\/az\\\/\",\"logo\":{\"@type\":\"ImageObject\",\"inLanguage\":\"az\",\"@id\":\"https:\\\/\\\/www.meydan.tv\\\/az\\\/#\\\/schema\\\/logo\\\/image\\\/\",\"url\":\"https:\\\/\\\/www.meydan.tv\\\/wp-content\\\/uploads\\\/2021\\\/07\\\/meydan-logo.svg\",\"contentUrl\":\"https:\\\/\\\/www.meydan.tv\\\/wp-content\\\/uploads\\\/2021\\\/07\\\/meydan-logo.svg\",\"width\":195,\"height\":46,\"caption\":\"Meydan TV\"},\"image\":{\"@id\":\"https:\\\/\\\/www.meydan.tv\\\/az\\\/#\\\/schema\\\/logo\\\/image\\\/\"}},{\"@type\":\"Person\",\"@id\":\"https:\\\/\\\/www.meydan.tv\\\/az\\\/#\\\/schema\\\/person\\\/09863e516102a829e72bedcf3f84c6b0\",\"name\":\"mahmud\"}]}<\/script>\n<!-- \/ Yoast SEO plugin. -->","yoast_head_json":{"title":"M\u0259hk\u0259m\u0259 Natiq Cavadl\u0131n\u0131 h\u0259bsd\u0259 saxlay\u0131b - MEYDAN.TV","robots":{"index":"index","follow":"follow","max-snippet":"max-snippet:-1","max-image-preview":"max-image-preview:large","max-video-preview":"max-video-preview:-1"},"canonical":"https:\/\/www.meydan.tv\/az\/article\/m%c9%99hk%c9%99m%c9%99-natiq-cavadlini-h%c9%99bsd%c9%99-saxlayib\/","og_locale":"az_AZ","og_type":"article","og_title":"M\u0259hk\u0259m\u0259 Natiq Cavadl\u0131n\u0131 h\u0259bsd\u0259 saxlay\u0131b - MEYDAN.TV","og_description":"V\u0259kil bildirib ki, Natiq Cavadl\u0131 dekabr\u0131n 6-da h\u0259bs olunsa da, ... Davam\u0131","og_url":"https:\/\/www.meydan.tv\/az\/article\/m%c9%99hk%c9%99m%c9%99-natiq-cavadlini-h%c9%99bsd%c9%99-saxlayib\/","og_site_name":"MEYDAN.TV","article_published_time":"2025-02-25T12:09:30+00:00","article_modified_time":"2025-02-25T12:09:32+00:00","og_image":[{"width":2560,"height":1173,"url":"https:\/\/www.meydan.tv\/wp-content\/uploads\/img_1633-scaled-e1736079980807.jpg","type":"image\/jpeg"}],"author":"mahmud","twitter_card":"summary_large_image","schema":{"@context":"https:\/\/schema.org","@graph":[{"@type":"Article","@id":"https:\/\/www.meydan.tv\/az\/article\/m%c9%99hk%c9%99m%c9%99-natiq-cavadlini-h%c9%99bsd%c9%99-saxlayib\/#article","isPartOf":{"@id":"https:\/\/www.meydan.tv\/az\/article\/m%c9%99hk%c9%99m%c9%99-natiq-cavadlini-h%c9%99bsd%c9%99-saxlayib\/"},"author":{"name":"mahmud","@id":"https:\/\/www.meydan.tv\/az\/#\/schema\/person\/09863e516102a829e72bedcf3f84c6b0"},"headline":"M\u0259hk\u0259m\u0259 Natiq Cavadl\u0131n\u0131 h\u0259bsd\u0259 saxlay\u0131b","datePublished":"2025-02-25T12:09:30+00:00","dateModified":"2025-02-25T12:09:32+00:00","mainEntityOfPage":{"@id":"https:\/\/www.meydan.tv\/az\/article\/m%c9%99hk%c9%99m%c9%99-natiq-cavadlini-h%c9%99bsd%c9%99-saxlayib\/"},"wordCount":783,"publisher":{"@id":"https:\/\/www.meydan.tv\/az\/#organization"},"image":{"@id":"https:\/\/www.meydan.tv\/az\/article\/m%c9%99hk%c9%99m%c9%99-natiq-cavadlini-h%c9%99bsd%c9%99-saxlayib\/#primaryimage"},"thumbnailUrl":"https:\/\/www.meydan.tv\/wp-content\/uploads\/img_1633-scaled-e1736079980807.jpg","articleSection":["Meydan TV i\u015fi","Siyas\u0259t","T\u00f6vsiy\u0259","X\u0259b\u0259rl\u0259r"],"inLanguage":"az"},{"@type":"WebPage","@id":"https:\/\/www.meydan.tv\/az\/article\/m%c9%99hk%c9%99m%c9%99-natiq-cavadlini-h%c9%99bsd%c9%99-saxlayib\/","url":"https:\/\/www.meydan.tv\/az\/article\/m%c9%99hk%c9%99m%c9%99-natiq-cavadlini-h%c9%99bsd%c9%99-saxlayib\/","name":"M\u0259hk\u0259m\u0259 Natiq Cavadl\u0131n\u0131 h\u0259bsd\u0259 saxlay\u0131b - MEYDAN.TV","isPartOf":{"@id":"https:\/\/www.meydan.tv\/az\/#website"},"primaryImageOfPage":{"@id":"https:\/\/www.meydan.tv\/az\/article\/m%c9%99hk%c9%99m%c9%99-natiq-cavadlini-h%c9%99bsd%c9%99-saxlayib\/#primaryimage"},"image":{"@id":"https:\/\/www.meydan.tv\/az\/article\/m%c9%99hk%c9%99m%c9%99-natiq-cavadlini-h%c9%99bsd%c9%99-saxlayib\/#primaryimage"},"thumbnailUrl":"https:\/\/www.meydan.tv\/wp-content\/uploads\/img_1633-scaled-e1736079980807.jpg","datePublished":"2025-02-25T12:09:30+00:00","dateModified":"2025-02-25T12:09:32+00:00","breadcrumb":{"@id":"https:\/\/www.meydan.tv\/az\/article\/m%c9%99hk%c9%99m%c9%99-natiq-cavadlini-h%c9%99bsd%c9%99-saxlayib\/#breadcrumb"},"inLanguage":"az","potentialAction":[{"@type":"ReadAction","target":["https:\/\/www.meydan.tv\/az\/article\/m%c9%99hk%c9%99m%c9%99-natiq-cavadlini-h%c9%99bsd%c9%99-saxlayib\/"]}]},{"@type":"ImageObject","inLanguage":"az","@id":"https:\/\/www.meydan.tv\/az\/article\/m%c9%99hk%c9%99m%c9%99-natiq-cavadlini-h%c9%99bsd%c9%99-saxlayib\/#primaryimage","url":"https:\/\/www.meydan.tv\/wp-content\/uploads\/img_1633-scaled-e1736079980807.jpg","contentUrl":"https:\/\/www.meydan.tv\/wp-content\/uploads\/img_1633-scaled-e1736079980807.jpg","width":2560,"height":1173,"caption":"Natiq Cavadl\u0131. Foto: Meydan TV"},{"@type":"BreadcrumbList","@id":"https:\/\/www.meydan.tv\/az\/article\/m%c9%99hk%c9%99m%c9%99-natiq-cavadlini-h%c9%99bsd%c9%99-saxlayib\/#breadcrumb","itemListElement":[{"@type":"ListItem","position":1,"name":"Ana s\u0259hif\u0259","item":"https:\/\/www.meydan.tv\/az\/"},{"@type":"ListItem","position":2,"name":"Meydan TV i\u015fi","item":"https:\/\/www.meydan.tv\/az\/section\/meydan-tv-isi\/"},{"@type":"ListItem","position":3,"name":"M\u0259hk\u0259m\u0259 Natiq Cavadl\u0131n\u0131 h\u0259bsd\u0259 saxlay\u0131b"}]},{"@type":"WebSite","@id":"https:\/\/www.meydan.tv\/az\/#website","url":"https:\/\/www.meydan.tv\/az\/","name":"MEYDAN.TV","description":"Meydan TV Az\u0259rbaycan\u0131n media m\u0259kan\u0131ndak\u0131 alternativ s\u0259sidir","publisher":{"@id":"https:\/\/www.meydan.tv\/az\/#organization"},"potentialAction":[{"@type":"SearchAction","target":{"@type":"EntryPoint","urlTemplate":"https:\/\/www.meydan.tv\/az\/?s={search_term_string}"},"query-input":{"@type":"PropertyValueSpecification","valueRequired":true,"valueName":"search_term_string"}}],"inLanguage":"az"},{"@type":"Organization","@id":"https:\/\/www.meydan.tv\/az\/#organization","name":"Meydan TV","url":"https:\/\/www.meydan.tv\/az\/","logo":{"@type":"ImageObject","inLanguage":"az","@id":"https:\/\/www.meydan.tv\/az\/#\/schema\/logo\/image\/","url":"https:\/\/www.meydan.tv\/wp-content\/uploads\/2021\/07\/meydan-logo.svg","contentUrl":"https:\/\/www.meydan.tv\/wp-content\/uploads\/2021\/07\/meydan-logo.svg","width":195,"height":46,"caption":"Meydan TV"},"image":{"@id":"https:\/\/www.meydan.tv\/az\/#\/schema\/logo\/image\/"}},{"@type":"Person","@id":"https:\/\/www.meydan.tv\/az\/#\/schema\/person\/09863e516102a829e72bedcf3f84c6b0","name":"mahmud"}]}},"_links":{"self":[{"href":"https:\/\/www.meydan.tv\/az\/wp-json\/wp\/v2\/posts\/326850","targetHints":{"allow":["GET"]}}],"collection":[{"href":"https:\/\/www.meydan.tv\/az\/wp-json\/wp\/v2\/posts"}],"about":[{"href":"https:\/\/www.meydan.tv\/az\/wp-json\/wp\/v2\/types\/post"}],"author":[{"embeddable":true,"href":"https:\/\/www.meydan.tv\/az\/wp-json\/wp\/v2\/users\/21"}],"replies":[{"embeddable":true,"href":"https:\/\/www.meydan.tv\/az\/wp-json\/wp\/v2\/comments?post=326850"}],"version-history":[{"count":1,"href":"https:\/\/www.meydan.tv\/az\/wp-json\/wp\/v2\/posts\/326850\/revisions"}],"predecessor-version":[{"id":326851,"href":"https:\/\/www.meydan.tv\/az\/wp-json\/wp\/v2\/posts\/326850\/revisions\/326851"}],"wp:featuredmedia":[{"embeddable":true,"href":"https:\/\/www.meydan.tv\/az\/wp-json\/wp\/v2\/media\/322677"}],"wp:attachment":[{"href":"https:\/\/www.meydan.tv\/az\/wp-json\/wp\/v2\/media?parent=326850"}],"wp:term":[{"taxonomy":"category","embeddable":true,"href":"https:\/\/www.meydan.tv\/az\/wp-json\/wp\/v2\/categories?post=326850"},{"taxonomy":"post_tag","embeddable":true,"href":"https:\/\/www.meydan.tv\/az\/wp-json\/wp\/v2\/tags?post=326850"}],"curies":[{"name":"wp","href":"https:\/\/api.w.org\/{rel}","templated":true}]}}