{"id":326848,"date":"2025-02-25T15:47:57","date_gmt":"2025-02-25T11:47:57","guid":{"rendered":"https:\/\/www.meydan.tv\/?p=326848"},"modified":"2025-02-25T15:47:59","modified_gmt":"2025-02-25T11:47:59","slug":"m%c9%99hk%c9%99m%c9%99-jurnalistin-v%c9%99sat%c9%99tini-t%c9%99min-etm%c9%99yib","status":"publish","type":"post","link":"https:\/\/www.meydan.tv\/az\/article\/m%c9%99hk%c9%99m%c9%99-jurnalistin-v%c9%99sat%c9%99tini-t%c9%99min-etm%c9%99yib\/","title":{"rendered":"M\u0259hk\u0259m\u0259 jurnalistin v\u0259sat\u0259tini t\u0259min etm\u0259yib"},"content":{"rendered":"\n<p><\/p>\n\n\n\n<p><strong><em>V\u0259kil m\u0259hk\u0259m\u0259nin diqq\u0259tin\u0259 \u00e7atd\u0131r\u0131b ki, jurnalistin s\u0259hh\u0259tind\u0259 probleml\u0259r var v\u0259 o, yeddi d\u0259f\u0259 \u0259m\u0259liyyat olunub<\/em><\/strong><\/p>\n\n\n\n<p>Fevral\u0131n 25-d\u0259 X\u0259tai rayon M\u0259hk\u0259m\u0259si \u201cToplum TV\u201d-nin jurnalisti F\u0259rid \u0130smay\u0131lovun ev dustaql\u0131\u011f\u0131na burax\u0131lmas\u0131 il\u0259 ba\u011fl\u0131 v\u0259sat\u0259tini t\u0259min etm\u0259yib.<\/p>\n\n\n\n<p>M\u00fcdafi\u0259 t\u0259r\u0259fi F\u0259rid \u0130smay\u0131lovun h\u0259bsd\u0259 saxlan\u0131lmas\u0131n\u0131n \u0259sass\u0131z oldu\u011funu, s\u0259hh\u0259tind\u0259 probleml\u0259r oldu\u011funu, h\u0259m\u00e7inin istintaq\u0131n yekunla\u015fd\u0131\u011f\u0131n\u0131 \u0259sas g\u0259tir\u0259r\u0259k jurnalistin ev dustaql\u0131\u011f\u0131na burax\u0131lmas\u0131n\u0131 ist\u0259yib.<\/p>\n\n\n\n<p>V\u0259kil Zibeyd\u0259 Sad\u0131qova m\u0259hk\u0259m\u0259nin diqq\u0259tin\u0259 \u00e7atd\u0131r\u0131b ki, jurnalistin s\u0259hh\u0259tind\u0259 probleml\u0259r var v\u0259 o, yeddi d\u0259f\u0259 \u0259m\u0259liyyat olunub.<\/p>\n\n\n\n<p>Zibeyd\u0259 Sad\u0131qova bildirib ki, F.\u0130smay\u0131lov h\u0259bs olundu\u011fu g\u00fcnd\u0259n iki d\u0259f\u0259 x\u0259st\u0259l\u0259nib, lakin h\u0259kiml\u0259r onu m\u00fcalic\u0259 v\u0259 m\u00fcayin\u0259 etm\u0259yibl\u0259r:<\/p>\n\n\n\n<p><em>\u201cF\u0259rid \u0130smay\u0131lov h\u0259kim n\u0259zar\u0259tind\u0259n k\u0259nar qal\u0131b v\u0259 bu, onun h\u0259m fiziki h\u0259m d\u0259 psixoloji v\u0259ziyy\u0259tin\u0259 t\u0259sir edib. Bir aydan \u00e7oxdur ki, bununla ba\u011fl\u0131 \u018fdliyy\u0259 Nazirliyi tibb ba\u015f idar\u0259sin\u0259 m\u00fcraci\u0259t ets\u0259m d\u0259, ancaq h\u0259kiml\u0259r onu m\u00fcayin\u0259 etmirl\u0259r\u201d.<\/em><\/p>\n\n\n\n<p>Jurnalist \u00f6z\u00fc d\u0259 m\u0259hk\u0259m\u0259d\u0259 bildirib ki, o, pe\u015f\u0259 f\u0259aliyy\u0259tin\u0259 g\u00f6r\u0259 h\u0259bs olunub v\u0259 h\u0259bsi \u0259sass\u0131zd\u0131r.<\/p>\n\n\n\n<p>2024-c\u00fc il mart\u0131n 6-da \u201cToplum\u201d internet televiziyas\u0131n\u0131n redaksiyas\u0131nda v\u0259 Demokratik T\u0259\u015f\u0259bb\u00fcsl\u0259r \u0130nstitutunun ofisind\u0259 polisin axtar\u0131\u015f\u0131 olub v\u0259 qap\u0131s\u0131 m\u00f6h\u00fcrl\u0259nib.<\/p>\n\n\n\n<p>Bu cinay\u0259t i\u015fi \u00fczr\u0259 \u00fcmumilikd\u0259 9 n\u0259f\u0259r cinay\u0259t m\u0259suliyy\u0259tin\u0259 c\u0259lb olunub.<\/p>\n\n\n\n<p>Onlardan 7 n\u0259f\u0259r haqq\u0131nda h\u0259bs q\u0259timkan t\u0259dbiri se\u00e7ilib, ikisinin is\u0259 (F\u0259rid \u0130smay\u0131lov v\u0259 Elmir Abbasov)&nbsp; istintaq d\u00f6vr\u00fcnd\u0259 azadl\u0131qda qalmas\u0131na q\u0259rar verilib.<\/p>\n\n\n\n<p>H\u0259bs olunanlar \u201cToplum TV\u201d-nin t\u0259sis\u00e7isi, media h\u00fcququ \u00fczr\u0259 ekspert \u018fl\u0259sg\u0259r M\u0259mm\u0259dli, Demokratik T\u0259\u015f\u0259bb\u00fcsl\u0259r \u0130nstitutunun r\u0259hb\u0259ri v\u0259 III Respublika Platformas\u0131n\u0131n spikeri Akif Qurbanov, Qurucu Hey\u0259t \u00fczv\u00fc Ruslan \u0130zz\u0259tli, \u201cToplum TV\u201d-nin video redaktoru M\u00fc\u015ffiq Cabbar, Demokratik T\u0259\u015f\u0259bb\u00fcsl\u0259r \u0130nstitutunun \u0259m\u0259kda\u015flar\u0131 \u018fli Zeynal, Ramil Babayev v\u0259 \u0130lkin \u018fmrahovdur.<\/p>\n\n\n\n<p>Onlara qar\u015f\u0131 Cinay\u0259t M\u0259c\u0259ll\u0259sinin 206.3.2 (qa\u00e7aqmal\u00e7\u0131l\u0131q \u2013 qabaqcadan \u0259lbir olan bir qrup \u015f\u0259xs t\u0259r\u0259find\u0259n t\u00f6r\u0259dildikd\u0259) madd\u0259sil\u0259 ittiham ir\u0259li s\u00fcr\u00fcl\u00fcb.<\/p>\n\n\n\n<p>\u0130ddia olunur ki, axtar\u0131\u015f zaman\u0131 ofisd\u0259n v\u0259 t\u0259qsirl\u0259ndiril\u0259n \u015f\u0259xsl\u0259rin evl\u0259rind\u0259n k\u00fclli miqdarda xarici valyuta tap\u0131l\u0131b. Lakin t\u0259qsirl\u0259ndiril\u0259n \u015f\u0259xsl\u0259r bu ittiham\u0131n saxta oldu\u011funu, pullar\u0131n da axtar\u0131\u015f apar\u0131lan m\u0259kanlara polisl\u0259rin \u00f6zl\u0259ri t\u0259r\u0259find\u0259n qoyuldu\u011funu, daha sonra g\u00f6t\u00fcr\u00fcld\u00fcy\u00fcn\u00fc bildirirl\u0259r.<\/p>\n\n\n\n<p>Onlar hesab edir ki, siyasi sifari\u015fl\u0259 h\u0259bs olunublar, m\u0259qs\u0259d d\u0259 \u00f6lk\u0259d\u0259 m\u00fcst\u0259qil median\u0131, azad s\u0259sl\u0259ri susdurmaqd\u0131r.<\/p>\n\n\n\n<p>2025-ci il yanvar\u0131n 17-d\u0259&nbsp; \u201cToplum TV i\u015fi\u201d \u00fczr\u0259 istintaq yekunla\u015f\u0131b.<\/p>\n\n\n\n<p>Bu i\u015f \u00fczr\u0259 ittiham a\u011f\u0131rla\u015fd\u0131r\u0131l\u0131b, t\u0259qsirl\u0259ndiril\u0259n \u015f\u0259xsl\u0259r\u0259 qar\u015f\u0131 Cinay\u0259t M\u0259c\u0259ll\u0259sinin 162-1.1 (\u018fm\u0259k m\u00fcqavil\u0259si olmadan i\u015f\u0259 c\u0259lb etm\u0259), 192.3.2 (Qanunsuz sahibkarl\u0131q, x\u00fcsusil\u0259 k\u00fclli miqdarda g\u0259lir \u0259ld\u0259 etm\u0259kl\u0259 t\u00f6r\u0259dildikd\u0259), 193-1.3.1 (Cinay\u0259t yolu il\u0259 \u0259ld\u0259 edilmi\u015f pul v\u0259saitini leqalla\u015fd\u0131rma, m\u00fct\u0259\u015f\u0259kkil d\u0259st\u0259 v\u0259 ya cinay\u0259tkar birlik (cinay\u0259tkar t\u0259\u015fkilat) t\u0259r\u0259find\u0259n t\u00f6r\u0259dildikd\u0259), 193-1.3.2 (Eyni \u0259m\u0259ll\u0259r, xeyli miqdarda t\u00f6r\u0259dildikd\u0259), 206.4 (Qa\u00e7aqmal\u00e7\u0131l\u0131q, m\u00fct\u0259\u015f\u0259kkil qrup t\u0259r\u0259find\u0259n t\u00f6r\u0259dildikd\u0259), 213.2.1 (Vergil\u0259ri \u00f6d\u0259m\u0259kd\u0259n yay\u0131nma, m\u00fct\u0259\u015f\u0259kkil qrup t\u0259r\u0259find\u0259n t\u00f6r\u0259dildikd\u0259) madd\u0259l\u0259ri il\u0259 yeni ittihamlar ir\u0259li s\u00fcr\u00fcl\u00fcb.<\/p>\n\n\n\n<p>\u201cToplum TV i\u015fi\u201d il\u0259 ba\u011fl\u0131 m\u0259hk\u0259m\u0259nin q\u0259rar\u0131 il\u0259 polis n\u0259zar\u0259tin\u0259 verilmi\u015f jurnalist F\u0259rid \u0130smay\u0131lov yanvar\u0131n 17-d\u0259 h\u0259bs edilib.<\/p>\n\n\n\n<p>2025-ci il fevral\u0131n 5-d\u0259 jurnalist \u015eahnaz B\u0259yl\u0259rq\u0131z\u0131 (H\u00fcseynova) \u201cToplum TV i\u015fi\u201dnd\u0259ki ittihamlar \u00fczr\u0259 \u015f\u00fcbh\u0259li \u015f\u0259xs qismind\u0259 saxlan\u0131l\u0131b. Fevral\u0131n 6-da X\u0259tai Rayon M\u0259hk\u0259m\u0259sinin q\u0259rar\u0131 il\u0259 jurnalist bar\u0259sind\u0259 3 ay 15 g\u00fcn m\u00fcdd\u0259tin\u0259 h\u0259bs q\u0259timkan t\u0259dbiri se\u00e7ilib.&nbsp; O, \u201cToplum TV\u201d i\u015find\u0259n ayr\u0131ca icraata ayr\u0131lm\u0131\u015f yeni i\u015f \u00fczr\u0259 h\u0259bs edilib.<\/p>\n\n\n\n<p>2023-c\u00fc ilin noyabr\u0131ndan bu yana \u00f6lk\u0259d\u0259 30-dan art\u0131q jurnalist v\u0259 bloger h\u0259bs olunub.<\/p>\n\n\n\n<p>Onlar\u0131n \u0259ks\u0259riyy\u0259tin\u0259 qar\u015f\u0131 qa\u00e7aqmal\u00e7\u0131l\u0131q ittiham\u0131 ir\u0259li s\u00fcr\u00fcl\u00fcb.<\/p>\n\n\n\n<p>H\u0259bs olunanlar\u0131n \u0259ks\u0259riyy\u0259ti \u201cMeydan TV\u201d, \u201cAbzasMedia\u201d, \u201cToplum TV\u201d, \u201cKanal13\u201d, \u201cmeclis.info\u201d \u0259m\u0259kda\u015flar\u0131d\u0131r.<\/p>\n\n\n\n<p>Jurnalistl\u0259r \u00f6zl\u0259rini t\u0259qsirli bilmir, d\u00f6vl\u0259t ba\u015f\u00e7\u0131s\u0131 v\u0259 dig\u0259r m\u0259murlar\u0131n korrupsiya \u0259m\u0259ll\u0259ri, dig\u0259r qanunsuzluqlar haqda ara\u015fd\u0131rmalar\u0131na g\u00f6r\u0259 c\u0259zaland\u0131r\u0131ld\u0131qlar\u0131n\u0131 bildirirl\u0259r.<\/p>\n","protected":false},"excerpt":{"rendered":"<p>V\u0259kil m\u0259hk\u0259m\u0259nin diqq\u0259tin\u0259 \u00e7atd\u0131r\u0131b ki, jurnalistin s\u0259hh\u0259tind\u0259 probleml\u0259r var v\u0259 &#8230; <\/p>\n<p class=\"read-more-container\"><a title=\"M\u0259hk\u0259m\u0259 jurnalistin v\u0259sat\u0259tini t\u0259min etm\u0259yib\" class=\"read-more button\" href=\"https:\/\/www.meydan.tv\/az\/article\/m%c9%99hk%c9%99m%c9%99-jurnalistin-v%c9%99sat%c9%99tini-t%c9%99min-etm%c9%99yib\/#more-326848\" aria-label=\"Read more about M\u0259hk\u0259m\u0259 jurnalistin v\u0259sat\u0259tini t\u0259min etm\u0259yib\">Davam\u0131<\/a><\/p>\n","protected":false},"author":21,"featured_media":324712,"comment_status":"closed","ping_status":"closed","sticky":false,"template":"","format":"standard","meta":{"_acf_changed":false,"_sitemap_exclude":false,"_sitemap_priority":"","_sitemap_frequency":"","footnotes":""},"categories":[59,79,56],"tags":[],"class_list":["post-326848","post","type-post","status-publish","format-standard","has-post-thumbnail","hentry","category-siyaset","category-featured","category-xeberler","infinite-scroll-item","generate-columns","tablet-grid-50","mobile-grid-100","grid-parent","grid-33","no-featured-image-padding"],"acf":[],"yoast_head":"<!-- This site is optimized with the Yoast SEO plugin v27.5 - https:\/\/yoast.com\/product\/yoast-seo-wordpress\/ -->\n<title>M\u0259hk\u0259m\u0259 jurnalistin v\u0259sat\u0259tini t\u0259min etm\u0259yib - MEYDAN.TV<\/title>\n<meta name=\"robots\" content=\"index, follow, max-snippet:-1, max-image-preview:large, max-video-preview:-1\" \/>\n<link rel=\"canonical\" href=\"https:\/\/www.meydan.tv\/az\/article\/m%c9%99hk%c9%99m%c9%99-jurnalistin-v%c9%99sat%c9%99tini-t%c9%99min-etm%c9%99yib\/\" \/>\n<meta property=\"og:locale\" content=\"az_AZ\" \/>\n<meta property=\"og:type\" content=\"article\" \/>\n<meta property=\"og:title\" content=\"M\u0259hk\u0259m\u0259 jurnalistin v\u0259sat\u0259tini t\u0259min etm\u0259yib - MEYDAN.TV\" \/>\n<meta property=\"og:description\" content=\"V\u0259kil m\u0259hk\u0259m\u0259nin diqq\u0259tin\u0259 \u00e7atd\u0131r\u0131b ki, jurnalistin s\u0259hh\u0259tind\u0259 probleml\u0259r var v\u0259 ... Davam\u0131\" \/>\n<meta property=\"og:url\" content=\"https:\/\/www.meydan.tv\/az\/article\/m%c9%99hk%c9%99m%c9%99-jurnalistin-v%c9%99sat%c9%99tini-t%c9%99min-etm%c9%99yib\/\" \/>\n<meta property=\"og:site_name\" content=\"MEYDAN.TV\" \/>\n<meta property=\"article:published_time\" content=\"2025-02-25T11:47:57+00:00\" \/>\n<meta property=\"article:modified_time\" content=\"2025-02-25T11:47:59+00:00\" \/>\n<meta property=\"og:image\" content=\"https:\/\/www.meydan.tv\/wp-content\/uploads\/img_5393.jpeg\" \/>\n\t<meta property=\"og:image:width\" content=\"1179\" \/>\n\t<meta property=\"og:image:height\" content=\"680\" \/>\n\t<meta property=\"og:image:type\" content=\"image\/jpeg\" \/>\n<meta name=\"author\" content=\"mahmud\" \/>\n<meta name=\"twitter:card\" content=\"summary_large_image\" \/>\n<script type=\"application\/ld+json\" class=\"yoast-schema-graph\">{\"@context\":\"https:\\\/\\\/schema.org\",\"@graph\":[{\"@type\":\"Article\",\"@id\":\"https:\\\/\\\/www.meydan.tv\\\/az\\\/article\\\/m%c9%99hk%c9%99m%c9%99-jurnalistin-v%c9%99sat%c9%99tini-t%c9%99min-etm%c9%99yib\\\/#article\",\"isPartOf\":{\"@id\":\"https:\\\/\\\/www.meydan.tv\\\/az\\\/article\\\/m%c9%99hk%c9%99m%c9%99-jurnalistin-v%c9%99sat%c9%99tini-t%c9%99min-etm%c9%99yib\\\/\"},\"author\":{\"name\":\"mahmud\",\"@id\":\"https:\\\/\\\/www.meydan.tv\\\/az\\\/#\\\/schema\\\/person\\\/09863e516102a829e72bedcf3f84c6b0\"},\"headline\":\"M\u0259hk\u0259m\u0259 jurnalistin v\u0259sat\u0259tini t\u0259min etm\u0259yib\",\"datePublished\":\"2025-02-25T11:47:57+00:00\",\"dateModified\":\"2025-02-25T11:47:59+00:00\",\"mainEntityOfPage\":{\"@id\":\"https:\\\/\\\/www.meydan.tv\\\/az\\\/article\\\/m%c9%99hk%c9%99m%c9%99-jurnalistin-v%c9%99sat%c9%99tini-t%c9%99min-etm%c9%99yib\\\/\"},\"wordCount\":899,\"publisher\":{\"@id\":\"https:\\\/\\\/www.meydan.tv\\\/az\\\/#organization\"},\"image\":{\"@id\":\"https:\\\/\\\/www.meydan.tv\\\/az\\\/article\\\/m%c9%99hk%c9%99m%c9%99-jurnalistin-v%c9%99sat%c9%99tini-t%c9%99min-etm%c9%99yib\\\/#primaryimage\"},\"thumbnailUrl\":\"https:\\\/\\\/www.meydan.tv\\\/wp-content\\\/uploads\\\/img_5393.jpeg\",\"articleSection\":[\"Siyas\u0259t\",\"T\u00f6vsiy\u0259\",\"X\u0259b\u0259rl\u0259r\"],\"inLanguage\":\"az\"},{\"@type\":\"WebPage\",\"@id\":\"https:\\\/\\\/www.meydan.tv\\\/az\\\/article\\\/m%c9%99hk%c9%99m%c9%99-jurnalistin-v%c9%99sat%c9%99tini-t%c9%99min-etm%c9%99yib\\\/\",\"url\":\"https:\\\/\\\/www.meydan.tv\\\/az\\\/article\\\/m%c9%99hk%c9%99m%c9%99-jurnalistin-v%c9%99sat%c9%99tini-t%c9%99min-etm%c9%99yib\\\/\",\"name\":\"M\u0259hk\u0259m\u0259 jurnalistin v\u0259sat\u0259tini t\u0259min etm\u0259yib - MEYDAN.TV\",\"isPartOf\":{\"@id\":\"https:\\\/\\\/www.meydan.tv\\\/az\\\/#website\"},\"primaryImageOfPage\":{\"@id\":\"https:\\\/\\\/www.meydan.tv\\\/az\\\/article\\\/m%c9%99hk%c9%99m%c9%99-jurnalistin-v%c9%99sat%c9%99tini-t%c9%99min-etm%c9%99yib\\\/#primaryimage\"},\"image\":{\"@id\":\"https:\\\/\\\/www.meydan.tv\\\/az\\\/article\\\/m%c9%99hk%c9%99m%c9%99-jurnalistin-v%c9%99sat%c9%99tini-t%c9%99min-etm%c9%99yib\\\/#primaryimage\"},\"thumbnailUrl\":\"https:\\\/\\\/www.meydan.tv\\\/wp-content\\\/uploads\\\/img_5393.jpeg\",\"datePublished\":\"2025-02-25T11:47:57+00:00\",\"dateModified\":\"2025-02-25T11:47:59+00:00\",\"breadcrumb\":{\"@id\":\"https:\\\/\\\/www.meydan.tv\\\/az\\\/article\\\/m%c9%99hk%c9%99m%c9%99-jurnalistin-v%c9%99sat%c9%99tini-t%c9%99min-etm%c9%99yib\\\/#breadcrumb\"},\"inLanguage\":\"az\",\"potentialAction\":[{\"@type\":\"ReadAction\",\"target\":[\"https:\\\/\\\/www.meydan.tv\\\/az\\\/article\\\/m%c9%99hk%c9%99m%c9%99-jurnalistin-v%c9%99sat%c9%99tini-t%c9%99min-etm%c9%99yib\\\/\"]}]},{\"@type\":\"ImageObject\",\"inLanguage\":\"az\",\"@id\":\"https:\\\/\\\/www.meydan.tv\\\/az\\\/article\\\/m%c9%99hk%c9%99m%c9%99-jurnalistin-v%c9%99sat%c9%99tini-t%c9%99min-etm%c9%99yib\\\/#primaryimage\",\"url\":\"https:\\\/\\\/www.meydan.tv\\\/wp-content\\\/uploads\\\/img_5393.jpeg\",\"contentUrl\":\"https:\\\/\\\/www.meydan.tv\\\/wp-content\\\/uploads\\\/img_5393.jpeg\",\"width\":1179,\"height\":680,\"caption\":\"Foto: F\u0259rid \u0130smay\u0131lovun \u015f\u0259xsi arxivind\u0259n\"},{\"@type\":\"BreadcrumbList\",\"@id\":\"https:\\\/\\\/www.meydan.tv\\\/az\\\/article\\\/m%c9%99hk%c9%99m%c9%99-jurnalistin-v%c9%99sat%c9%99tini-t%c9%99min-etm%c9%99yib\\\/#breadcrumb\",\"itemListElement\":[{\"@type\":\"ListItem\",\"position\":1,\"name\":\"Ana s\u0259hif\u0259\",\"item\":\"https:\\\/\\\/www.meydan.tv\\\/az\\\/\"},{\"@type\":\"ListItem\",\"position\":2,\"name\":\"Siyas\u0259t\",\"item\":\"https:\\\/\\\/www.meydan.tv\\\/az\\\/section\\\/siyaset\\\/\"},{\"@type\":\"ListItem\",\"position\":3,\"name\":\"M\u0259hk\u0259m\u0259 jurnalistin v\u0259sat\u0259tini t\u0259min etm\u0259yib\"}]},{\"@type\":\"WebSite\",\"@id\":\"https:\\\/\\\/www.meydan.tv\\\/az\\\/#website\",\"url\":\"https:\\\/\\\/www.meydan.tv\\\/az\\\/\",\"name\":\"MEYDAN.TV\",\"description\":\"Meydan TV Az\u0259rbaycan\u0131n media m\u0259kan\u0131ndak\u0131 alternativ s\u0259sidir\",\"publisher\":{\"@id\":\"https:\\\/\\\/www.meydan.tv\\\/az\\\/#organization\"},\"potentialAction\":[{\"@type\":\"SearchAction\",\"target\":{\"@type\":\"EntryPoint\",\"urlTemplate\":\"https:\\\/\\\/www.meydan.tv\\\/az\\\/?s={search_term_string}\"},\"query-input\":{\"@type\":\"PropertyValueSpecification\",\"valueRequired\":true,\"valueName\":\"search_term_string\"}}],\"inLanguage\":\"az\"},{\"@type\":\"Organization\",\"@id\":\"https:\\\/\\\/www.meydan.tv\\\/az\\\/#organization\",\"name\":\"Meydan TV\",\"url\":\"https:\\\/\\\/www.meydan.tv\\\/az\\\/\",\"logo\":{\"@type\":\"ImageObject\",\"inLanguage\":\"az\",\"@id\":\"https:\\\/\\\/www.meydan.tv\\\/az\\\/#\\\/schema\\\/logo\\\/image\\\/\",\"url\":\"https:\\\/\\\/www.meydan.tv\\\/wp-content\\\/uploads\\\/2021\\\/07\\\/meydan-logo.svg\",\"contentUrl\":\"https:\\\/\\\/www.meydan.tv\\\/wp-content\\\/uploads\\\/2021\\\/07\\\/meydan-logo.svg\",\"width\":195,\"height\":46,\"caption\":\"Meydan TV\"},\"image\":{\"@id\":\"https:\\\/\\\/www.meydan.tv\\\/az\\\/#\\\/schema\\\/logo\\\/image\\\/\"}},{\"@type\":\"Person\",\"@id\":\"https:\\\/\\\/www.meydan.tv\\\/az\\\/#\\\/schema\\\/person\\\/09863e516102a829e72bedcf3f84c6b0\",\"name\":\"mahmud\"}]}<\/script>\n<!-- \/ Yoast SEO plugin. -->","yoast_head_json":{"title":"M\u0259hk\u0259m\u0259 jurnalistin v\u0259sat\u0259tini t\u0259min etm\u0259yib - MEYDAN.TV","robots":{"index":"index","follow":"follow","max-snippet":"max-snippet:-1","max-image-preview":"max-image-preview:large","max-video-preview":"max-video-preview:-1"},"canonical":"https:\/\/www.meydan.tv\/az\/article\/m%c9%99hk%c9%99m%c9%99-jurnalistin-v%c9%99sat%c9%99tini-t%c9%99min-etm%c9%99yib\/","og_locale":"az_AZ","og_type":"article","og_title":"M\u0259hk\u0259m\u0259 jurnalistin v\u0259sat\u0259tini t\u0259min etm\u0259yib - MEYDAN.TV","og_description":"V\u0259kil m\u0259hk\u0259m\u0259nin diqq\u0259tin\u0259 \u00e7atd\u0131r\u0131b ki, jurnalistin s\u0259hh\u0259tind\u0259 probleml\u0259r var v\u0259 ... Davam\u0131","og_url":"https:\/\/www.meydan.tv\/az\/article\/m%c9%99hk%c9%99m%c9%99-jurnalistin-v%c9%99sat%c9%99tini-t%c9%99min-etm%c9%99yib\/","og_site_name":"MEYDAN.TV","article_published_time":"2025-02-25T11:47:57+00:00","article_modified_time":"2025-02-25T11:47:59+00:00","og_image":[{"width":1179,"height":680,"url":"https:\/\/www.meydan.tv\/wp-content\/uploads\/img_5393.jpeg","type":"image\/jpeg"}],"author":"mahmud","twitter_card":"summary_large_image","schema":{"@context":"https:\/\/schema.org","@graph":[{"@type":"Article","@id":"https:\/\/www.meydan.tv\/az\/article\/m%c9%99hk%c9%99m%c9%99-jurnalistin-v%c9%99sat%c9%99tini-t%c9%99min-etm%c9%99yib\/#article","isPartOf":{"@id":"https:\/\/www.meydan.tv\/az\/article\/m%c9%99hk%c9%99m%c9%99-jurnalistin-v%c9%99sat%c9%99tini-t%c9%99min-etm%c9%99yib\/"},"author":{"name":"mahmud","@id":"https:\/\/www.meydan.tv\/az\/#\/schema\/person\/09863e516102a829e72bedcf3f84c6b0"},"headline":"M\u0259hk\u0259m\u0259 jurnalistin v\u0259sat\u0259tini t\u0259min etm\u0259yib","datePublished":"2025-02-25T11:47:57+00:00","dateModified":"2025-02-25T11:47:59+00:00","mainEntityOfPage":{"@id":"https:\/\/www.meydan.tv\/az\/article\/m%c9%99hk%c9%99m%c9%99-jurnalistin-v%c9%99sat%c9%99tini-t%c9%99min-etm%c9%99yib\/"},"wordCount":899,"publisher":{"@id":"https:\/\/www.meydan.tv\/az\/#organization"},"image":{"@id":"https:\/\/www.meydan.tv\/az\/article\/m%c9%99hk%c9%99m%c9%99-jurnalistin-v%c9%99sat%c9%99tini-t%c9%99min-etm%c9%99yib\/#primaryimage"},"thumbnailUrl":"https:\/\/www.meydan.tv\/wp-content\/uploads\/img_5393.jpeg","articleSection":["Siyas\u0259t","T\u00f6vsiy\u0259","X\u0259b\u0259rl\u0259r"],"inLanguage":"az"},{"@type":"WebPage","@id":"https:\/\/www.meydan.tv\/az\/article\/m%c9%99hk%c9%99m%c9%99-jurnalistin-v%c9%99sat%c9%99tini-t%c9%99min-etm%c9%99yib\/","url":"https:\/\/www.meydan.tv\/az\/article\/m%c9%99hk%c9%99m%c9%99-jurnalistin-v%c9%99sat%c9%99tini-t%c9%99min-etm%c9%99yib\/","name":"M\u0259hk\u0259m\u0259 jurnalistin v\u0259sat\u0259tini t\u0259min etm\u0259yib - MEYDAN.TV","isPartOf":{"@id":"https:\/\/www.meydan.tv\/az\/#website"},"primaryImageOfPage":{"@id":"https:\/\/www.meydan.tv\/az\/article\/m%c9%99hk%c9%99m%c9%99-jurnalistin-v%c9%99sat%c9%99tini-t%c9%99min-etm%c9%99yib\/#primaryimage"},"image":{"@id":"https:\/\/www.meydan.tv\/az\/article\/m%c9%99hk%c9%99m%c9%99-jurnalistin-v%c9%99sat%c9%99tini-t%c9%99min-etm%c9%99yib\/#primaryimage"},"thumbnailUrl":"https:\/\/www.meydan.tv\/wp-content\/uploads\/img_5393.jpeg","datePublished":"2025-02-25T11:47:57+00:00","dateModified":"2025-02-25T11:47:59+00:00","breadcrumb":{"@id":"https:\/\/www.meydan.tv\/az\/article\/m%c9%99hk%c9%99m%c9%99-jurnalistin-v%c9%99sat%c9%99tini-t%c9%99min-etm%c9%99yib\/#breadcrumb"},"inLanguage":"az","potentialAction":[{"@type":"ReadAction","target":["https:\/\/www.meydan.tv\/az\/article\/m%c9%99hk%c9%99m%c9%99-jurnalistin-v%c9%99sat%c9%99tini-t%c9%99min-etm%c9%99yib\/"]}]},{"@type":"ImageObject","inLanguage":"az","@id":"https:\/\/www.meydan.tv\/az\/article\/m%c9%99hk%c9%99m%c9%99-jurnalistin-v%c9%99sat%c9%99tini-t%c9%99min-etm%c9%99yib\/#primaryimage","url":"https:\/\/www.meydan.tv\/wp-content\/uploads\/img_5393.jpeg","contentUrl":"https:\/\/www.meydan.tv\/wp-content\/uploads\/img_5393.jpeg","width":1179,"height":680,"caption":"Foto: F\u0259rid \u0130smay\u0131lovun \u015f\u0259xsi arxivind\u0259n"},{"@type":"BreadcrumbList","@id":"https:\/\/www.meydan.tv\/az\/article\/m%c9%99hk%c9%99m%c9%99-jurnalistin-v%c9%99sat%c9%99tini-t%c9%99min-etm%c9%99yib\/#breadcrumb","itemListElement":[{"@type":"ListItem","position":1,"name":"Ana s\u0259hif\u0259","item":"https:\/\/www.meydan.tv\/az\/"},{"@type":"ListItem","position":2,"name":"Siyas\u0259t","item":"https:\/\/www.meydan.tv\/az\/section\/siyaset\/"},{"@type":"ListItem","position":3,"name":"M\u0259hk\u0259m\u0259 jurnalistin v\u0259sat\u0259tini t\u0259min etm\u0259yib"}]},{"@type":"WebSite","@id":"https:\/\/www.meydan.tv\/az\/#website","url":"https:\/\/www.meydan.tv\/az\/","name":"MEYDAN.TV","description":"Meydan TV Az\u0259rbaycan\u0131n media m\u0259kan\u0131ndak\u0131 alternativ s\u0259sidir","publisher":{"@id":"https:\/\/www.meydan.tv\/az\/#organization"},"potentialAction":[{"@type":"SearchAction","target":{"@type":"EntryPoint","urlTemplate":"https:\/\/www.meydan.tv\/az\/?s={search_term_string}"},"query-input":{"@type":"PropertyValueSpecification","valueRequired":true,"valueName":"search_term_string"}}],"inLanguage":"az"},{"@type":"Organization","@id":"https:\/\/www.meydan.tv\/az\/#organization","name":"Meydan TV","url":"https:\/\/www.meydan.tv\/az\/","logo":{"@type":"ImageObject","inLanguage":"az","@id":"https:\/\/www.meydan.tv\/az\/#\/schema\/logo\/image\/","url":"https:\/\/www.meydan.tv\/wp-content\/uploads\/2021\/07\/meydan-logo.svg","contentUrl":"https:\/\/www.meydan.tv\/wp-content\/uploads\/2021\/07\/meydan-logo.svg","width":195,"height":46,"caption":"Meydan TV"},"image":{"@id":"https:\/\/www.meydan.tv\/az\/#\/schema\/logo\/image\/"}},{"@type":"Person","@id":"https:\/\/www.meydan.tv\/az\/#\/schema\/person\/09863e516102a829e72bedcf3f84c6b0","name":"mahmud"}]}},"_links":{"self":[{"href":"https:\/\/www.meydan.tv\/az\/wp-json\/wp\/v2\/posts\/326848","targetHints":{"allow":["GET"]}}],"collection":[{"href":"https:\/\/www.meydan.tv\/az\/wp-json\/wp\/v2\/posts"}],"about":[{"href":"https:\/\/www.meydan.tv\/az\/wp-json\/wp\/v2\/types\/post"}],"author":[{"embeddable":true,"href":"https:\/\/www.meydan.tv\/az\/wp-json\/wp\/v2\/users\/21"}],"replies":[{"embeddable":true,"href":"https:\/\/www.meydan.tv\/az\/wp-json\/wp\/v2\/comments?post=326848"}],"version-history":[{"count":1,"href":"https:\/\/www.meydan.tv\/az\/wp-json\/wp\/v2\/posts\/326848\/revisions"}],"predecessor-version":[{"id":326849,"href":"https:\/\/www.meydan.tv\/az\/wp-json\/wp\/v2\/posts\/326848\/revisions\/326849"}],"wp:featuredmedia":[{"embeddable":true,"href":"https:\/\/www.meydan.tv\/az\/wp-json\/wp\/v2\/media\/324712"}],"wp:attachment":[{"href":"https:\/\/www.meydan.tv\/az\/wp-json\/wp\/v2\/media?parent=326848"}],"wp:term":[{"taxonomy":"category","embeddable":true,"href":"https:\/\/www.meydan.tv\/az\/wp-json\/wp\/v2\/categories?post=326848"},{"taxonomy":"post_tag","embeddable":true,"href":"https:\/\/www.meydan.tv\/az\/wp-json\/wp\/v2\/tags?post=326848"}],"curies":[{"name":"wp","href":"https:\/\/api.w.org\/{rel}","templated":true}]}}