{"id":326833,"date":"2025-02-25T13:48:43","date_gmt":"2025-02-25T09:48:43","guid":{"rendered":"https:\/\/www.meydan.tv\/?p=326833"},"modified":"2025-02-25T14:17:40","modified_gmt":"2025-02-25T10:17:40","slug":"mohy%c9%99ddin-orucova-hokm-oxundu","status":"publish","type":"post","link":"https:\/\/www.meydan.tv\/az\/article\/mohy%c9%99ddin-orucova-hokm-oxundu\/","title":{"rendered":"M\u00f6hy\u0259ddin Orucova h\u00f6km oxundu"},"content":{"rendered":"\n<p><\/p>\n\n\n\n<p><strong><em>O, 3 il m\u00fcdd\u0259tin\u0259 azadl\u0131qdan m\u0259hrum edilib<\/em><\/strong><\/p>\n\n\n\n<p>&#8220;\u0130\u015f\u00e7i Masas\u0131&#8221; H\u0259mkarlar \u0130ttifaqlar\u0131 Konfederasiyas\u0131n\u0131n \u00fczv\u00fc M\u00f6hy\u0259ddin Orucovun cinay\u0259t i\u015fi \u00fczr\u0259 m\u0259hk\u0259m\u0259nin yekun prosesi ke\u00e7irilib.<\/p>\n\n\n\n<p>Bu g\u00fcn Bak\u0131 A\u011f\u0131r Cinay\u0259tl\u0259r M\u0259hk\u0259m\u0259sind\u0259 hakim Rasim Sad\u0131xovun s\u0259drliyi il\u0259 ke\u00e7iril\u0259n prosesd\u0259 ona h\u00f6km oxunub.<\/p>\n\n\n\n<p>H\u00f6km\u0259 \u0259sas\u0259n, M\u00f6hy\u0259ddin Orucov 3 il m\u00fcdd\u0259tin\u0259 azadl\u0131qdan m\u0259hrum edilib.<\/p>\n\n\n\n<p>D\u00f6vl\u0259t ittiham\u00e7\u0131s\u0131 onun 7 il m\u00fcdd\u0259tin\u0259 azadl\u0131qdan m\u0259hrum edilm\u0259sini ist\u0259mi\u015fdi.<\/p>\n\n\n\n<p>\u0130ttihama \u0259sas\u0259n, M\u00f6hy\u0259ddin Orucov 2023-c\u00fc il dekabr\u0131n 13-d\u0259 saxlan\u0131lark\u0259n cibind\u0259n 3.2 qram narkotik tap\u0131l\u0131b. M\u0259hk\u0259m\u0259 onu narkotik ittiham\u0131 il\u0259 t\u0259qsirli bils\u0259 d\u0259, onun \u00fcz\u0259rind\u0259n sat\u0131\u015fla ba\u011fl\u0131 ittiham\u0131 g\u00f6t\u00fcr\u00fcb. Ona istintaq zaman\u0131 veril\u0259n ittiham madd\u0259si Cinay\u0259t M\u0259c\u0259ll\u0259sinin 234.4.3 (k\u00fclli miqdarda narkotik saxlama, da\u015f\u0131ma \u2013 sat\u0131\u015f m\u0259qs\u0259dil\u0259 t\u00f6r\u0259dildikd\u0259) madd\u0259sind\u0259n 234.1.-1 (sat\u0131\u015f m\u0259qs\u0259di olmadan k\u00fclli miqdarda narkotik \u0259ld\u0259 etm\u0259, saxlama, da\u015f\u0131ma)\u00a0 madd\u0259sin\u0259 t\u00f6vsif edilib.<\/p>\n\n\n\n<p>M\u00f6hy\u0259ddin Orucov is\u0259 i\u015fl\u0259diyi Transformator zavodunda i\u015f\u00e7il\u0259rin \u0259m\u0259k h\u00fcquqlar\u0131n\u0131n pozulmas\u0131 il\u0259 \u0259laq\u0259dar d\u00f6vl\u0259t qurumlar\u0131na etdiyi m\u00fcraci\u0259tl\u0259r\u0259 g\u00f6r\u0259 r\u0259hb\u0259rliyin sifari\u015fi il\u0259 polis t\u0259r\u0259find\u0259n \u015f\u0259rl\u0259ndiyini bildirib.<\/p>\n\n\n\n<p>\u0130\u015f\u00e7i Masas\u0131 H\u0259mkarlar \u0130ttifaq\u0131n\u0131n \u00fcmumilikd\u0259 4 \u00fczv\u00fc h\u0259bsd\u0259dir. Onlardan Afi\u0259ddin M\u0259mm\u0259dov 8 il, Ayxan \u0130srafilov v\u0259 Elvin Mustafayevin h\u0259r biri 3 il azadl\u0131qdan m\u0259hrum edilib.<\/p>\n\n\n\n<p>G\u0259nc f\u0259allar\u0131n he\u00e7 biri \u00f6z\u00fcn\u00fc t\u0259qsirli bilmir, onlar i\u015f\u00e7il\u0259rin h\u00fcquqlar\u0131n\u0131 m\u00fcdafi\u0259 etdikl\u0259rin\u0259 g\u00f6r\u0259 c\u0259zaland\u0131r\u0131ld\u0131qlar\u0131n\u0131 deyirl\u0259r.<\/p>\n","protected":false},"excerpt":{"rendered":"<p>O, 3 il m\u00fcdd\u0259tin\u0259 azadl\u0131qdan m\u0259hrum edilib &#8220;\u0130\u015f\u00e7i Masas\u0131&#8221; H\u0259mkarlar &#8230; <\/p>\n<p class=\"read-more-container\"><a title=\"M\u00f6hy\u0259ddin Orucova h\u00f6km oxundu\" class=\"read-more button\" href=\"https:\/\/www.meydan.tv\/az\/article\/mohy%c9%99ddin-orucova-hokm-oxundu\/#more-326833\" aria-label=\"Read more about M\u00f6hy\u0259ddin Orucova h\u00f6km oxundu\">Davam\u0131<\/a><\/p>\n","protected":false},"author":21,"featured_media":292820,"comment_status":"closed","ping_status":"closed","sticky":false,"template":"","format":"standard","meta":{"_acf_changed":false,"_sitemap_exclude":false,"_sitemap_priority":"","_sitemap_frequency":"","footnotes":""},"categories":[59,79,56],"tags":[],"class_list":["post-326833","post","type-post","status-publish","format-standard","has-post-thumbnail","hentry","category-siyaset","category-featured","category-xeberler","infinite-scroll-item","generate-columns","tablet-grid-50","mobile-grid-100","grid-parent","grid-33","no-featured-image-padding"],"acf":[],"yoast_head":"<!-- This site is optimized with the Yoast SEO plugin v27.5 - https:\/\/yoast.com\/product\/yoast-seo-wordpress\/ -->\n<title>M\u00f6hy\u0259ddin Orucova h\u00f6km oxundu - MEYDAN.TV<\/title>\n<meta name=\"robots\" content=\"index, follow, max-snippet:-1, max-image-preview:large, max-video-preview:-1\" \/>\n<link rel=\"canonical\" href=\"https:\/\/www.meydan.tv\/az\/article\/mohy%c9%99ddin-orucova-hokm-oxundu\/\" \/>\n<meta property=\"og:locale\" content=\"az_AZ\" \/>\n<meta property=\"og:type\" content=\"article\" \/>\n<meta property=\"og:title\" content=\"M\u00f6hy\u0259ddin Orucova h\u00f6km oxundu - MEYDAN.TV\" \/>\n<meta property=\"og:description\" content=\"O, 3 il m\u00fcdd\u0259tin\u0259 azadl\u0131qdan m\u0259hrum edilib &#8220;\u0130\u015f\u00e7i Masas\u0131&#8221; H\u0259mkarlar ... Davam\u0131\" \/>\n<meta property=\"og:url\" content=\"https:\/\/www.meydan.tv\/az\/article\/mohy%c9%99ddin-orucova-hokm-oxundu\/\" \/>\n<meta property=\"og:site_name\" content=\"MEYDAN.TV\" \/>\n<meta property=\"article:published_time\" content=\"2025-02-25T09:48:43+00:00\" \/>\n<meta property=\"article:modified_time\" content=\"2025-02-25T10:17:40+00:00\" \/>\n<meta property=\"og:image\" content=\"https:\/\/www.meydan.tv\/wp-content\/uploads\/screenshot-2023-12-13-at-16.52.30.png\" \/>\n\t<meta property=\"og:image:width\" content=\"1872\" \/>\n\t<meta property=\"og:image:height\" content=\"964\" \/>\n\t<meta property=\"og:image:type\" content=\"image\/png\" \/>\n<meta name=\"author\" content=\"mahmud\" \/>\n<meta name=\"twitter:card\" content=\"summary_large_image\" \/>\n<script type=\"application\/ld+json\" class=\"yoast-schema-graph\">{\"@context\":\"https:\\\/\\\/schema.org\",\"@graph\":[{\"@type\":\"Article\",\"@id\":\"https:\\\/\\\/www.meydan.tv\\\/az\\\/article\\\/mohy%c9%99ddin-orucova-hokm-oxundu\\\/#article\",\"isPartOf\":{\"@id\":\"https:\\\/\\\/www.meydan.tv\\\/az\\\/article\\\/mohy%c9%99ddin-orucova-hokm-oxundu\\\/\"},\"author\":{\"name\":\"mahmud\",\"@id\":\"https:\\\/\\\/www.meydan.tv\\\/az\\\/#\\\/schema\\\/person\\\/09863e516102a829e72bedcf3f84c6b0\"},\"headline\":\"M\u00f6hy\u0259ddin Orucova h\u00f6km oxundu\",\"datePublished\":\"2025-02-25T09:48:43+00:00\",\"dateModified\":\"2025-02-25T10:17:40+00:00\",\"mainEntityOfPage\":{\"@id\":\"https:\\\/\\\/www.meydan.tv\\\/az\\\/article\\\/mohy%c9%99ddin-orucova-hokm-oxundu\\\/\"},\"wordCount\":319,\"publisher\":{\"@id\":\"https:\\\/\\\/www.meydan.tv\\\/az\\\/#organization\"},\"image\":{\"@id\":\"https:\\\/\\\/www.meydan.tv\\\/az\\\/article\\\/mohy%c9%99ddin-orucova-hokm-oxundu\\\/#primaryimage\"},\"thumbnailUrl\":\"https:\\\/\\\/www.meydan.tv\\\/wp-content\\\/uploads\\\/screenshot-2023-12-13-at-16.52.30.png\",\"articleSection\":[\"Siyas\u0259t\",\"T\u00f6vsiy\u0259\",\"X\u0259b\u0259rl\u0259r\"],\"inLanguage\":\"az\"},{\"@type\":\"WebPage\",\"@id\":\"https:\\\/\\\/www.meydan.tv\\\/az\\\/article\\\/mohy%c9%99ddin-orucova-hokm-oxundu\\\/\",\"url\":\"https:\\\/\\\/www.meydan.tv\\\/az\\\/article\\\/mohy%c9%99ddin-orucova-hokm-oxundu\\\/\",\"name\":\"M\u00f6hy\u0259ddin Orucova h\u00f6km oxundu - MEYDAN.TV\",\"isPartOf\":{\"@id\":\"https:\\\/\\\/www.meydan.tv\\\/az\\\/#website\"},\"primaryImageOfPage\":{\"@id\":\"https:\\\/\\\/www.meydan.tv\\\/az\\\/article\\\/mohy%c9%99ddin-orucova-hokm-oxundu\\\/#primaryimage\"},\"image\":{\"@id\":\"https:\\\/\\\/www.meydan.tv\\\/az\\\/article\\\/mohy%c9%99ddin-orucova-hokm-oxundu\\\/#primaryimage\"},\"thumbnailUrl\":\"https:\\\/\\\/www.meydan.tv\\\/wp-content\\\/uploads\\\/screenshot-2023-12-13-at-16.52.30.png\",\"datePublished\":\"2025-02-25T09:48:43+00:00\",\"dateModified\":\"2025-02-25T10:17:40+00:00\",\"breadcrumb\":{\"@id\":\"https:\\\/\\\/www.meydan.tv\\\/az\\\/article\\\/mohy%c9%99ddin-orucova-hokm-oxundu\\\/#breadcrumb\"},\"inLanguage\":\"az\",\"potentialAction\":[{\"@type\":\"ReadAction\",\"target\":[\"https:\\\/\\\/www.meydan.tv\\\/az\\\/article\\\/mohy%c9%99ddin-orucova-hokm-oxundu\\\/\"]}]},{\"@type\":\"ImageObject\",\"inLanguage\":\"az\",\"@id\":\"https:\\\/\\\/www.meydan.tv\\\/az\\\/article\\\/mohy%c9%99ddin-orucova-hokm-oxundu\\\/#primaryimage\",\"url\":\"https:\\\/\\\/www.meydan.tv\\\/wp-content\\\/uploads\\\/screenshot-2023-12-13-at-16.52.30.png\",\"contentUrl\":\"https:\\\/\\\/www.meydan.tv\\\/wp-content\\\/uploads\\\/screenshot-2023-12-13-at-16.52.30.png\",\"width\":1872,\"height\":964,\"caption\":\"M\u00f6hy\u0259ddin Orucov, Foto: \u015f\u0259xsi facebook s\u0259hif\u0259si\"},{\"@type\":\"BreadcrumbList\",\"@id\":\"https:\\\/\\\/www.meydan.tv\\\/az\\\/article\\\/mohy%c9%99ddin-orucova-hokm-oxundu\\\/#breadcrumb\",\"itemListElement\":[{\"@type\":\"ListItem\",\"position\":1,\"name\":\"Ana s\u0259hif\u0259\",\"item\":\"https:\\\/\\\/www.meydan.tv\\\/az\\\/\"},{\"@type\":\"ListItem\",\"position\":2,\"name\":\"Siyas\u0259t\",\"item\":\"https:\\\/\\\/www.meydan.tv\\\/az\\\/section\\\/siyaset\\\/\"},{\"@type\":\"ListItem\",\"position\":3,\"name\":\"M\u00f6hy\u0259ddin Orucova h\u00f6km oxundu\"}]},{\"@type\":\"WebSite\",\"@id\":\"https:\\\/\\\/www.meydan.tv\\\/az\\\/#website\",\"url\":\"https:\\\/\\\/www.meydan.tv\\\/az\\\/\",\"name\":\"MEYDAN.TV\",\"description\":\"Meydan TV Az\u0259rbaycan\u0131n media m\u0259kan\u0131ndak\u0131 alternativ s\u0259sidir\",\"publisher\":{\"@id\":\"https:\\\/\\\/www.meydan.tv\\\/az\\\/#organization\"},\"potentialAction\":[{\"@type\":\"SearchAction\",\"target\":{\"@type\":\"EntryPoint\",\"urlTemplate\":\"https:\\\/\\\/www.meydan.tv\\\/az\\\/?s={search_term_string}\"},\"query-input\":{\"@type\":\"PropertyValueSpecification\",\"valueRequired\":true,\"valueName\":\"search_term_string\"}}],\"inLanguage\":\"az\"},{\"@type\":\"Organization\",\"@id\":\"https:\\\/\\\/www.meydan.tv\\\/az\\\/#organization\",\"name\":\"Meydan TV\",\"url\":\"https:\\\/\\\/www.meydan.tv\\\/az\\\/\",\"logo\":{\"@type\":\"ImageObject\",\"inLanguage\":\"az\",\"@id\":\"https:\\\/\\\/www.meydan.tv\\\/az\\\/#\\\/schema\\\/logo\\\/image\\\/\",\"url\":\"https:\\\/\\\/www.meydan.tv\\\/wp-content\\\/uploads\\\/2021\\\/07\\\/meydan-logo.svg\",\"contentUrl\":\"https:\\\/\\\/www.meydan.tv\\\/wp-content\\\/uploads\\\/2021\\\/07\\\/meydan-logo.svg\",\"width\":195,\"height\":46,\"caption\":\"Meydan TV\"},\"image\":{\"@id\":\"https:\\\/\\\/www.meydan.tv\\\/az\\\/#\\\/schema\\\/logo\\\/image\\\/\"}},{\"@type\":\"Person\",\"@id\":\"https:\\\/\\\/www.meydan.tv\\\/az\\\/#\\\/schema\\\/person\\\/09863e516102a829e72bedcf3f84c6b0\",\"name\":\"mahmud\"}]}<\/script>\n<!-- \/ Yoast SEO plugin. -->","yoast_head_json":{"title":"M\u00f6hy\u0259ddin Orucova h\u00f6km oxundu - MEYDAN.TV","robots":{"index":"index","follow":"follow","max-snippet":"max-snippet:-1","max-image-preview":"max-image-preview:large","max-video-preview":"max-video-preview:-1"},"canonical":"https:\/\/www.meydan.tv\/az\/article\/mohy%c9%99ddin-orucova-hokm-oxundu\/","og_locale":"az_AZ","og_type":"article","og_title":"M\u00f6hy\u0259ddin Orucova h\u00f6km oxundu - MEYDAN.TV","og_description":"O, 3 il m\u00fcdd\u0259tin\u0259 azadl\u0131qdan m\u0259hrum edilib &#8220;\u0130\u015f\u00e7i Masas\u0131&#8221; H\u0259mkarlar ... Davam\u0131","og_url":"https:\/\/www.meydan.tv\/az\/article\/mohy%c9%99ddin-orucova-hokm-oxundu\/","og_site_name":"MEYDAN.TV","article_published_time":"2025-02-25T09:48:43+00:00","article_modified_time":"2025-02-25T10:17:40+00:00","og_image":[{"width":1872,"height":964,"url":"https:\/\/www.meydan.tv\/wp-content\/uploads\/screenshot-2023-12-13-at-16.52.30.png","type":"image\/png"}],"author":"mahmud","twitter_card":"summary_large_image","schema":{"@context":"https:\/\/schema.org","@graph":[{"@type":"Article","@id":"https:\/\/www.meydan.tv\/az\/article\/mohy%c9%99ddin-orucova-hokm-oxundu\/#article","isPartOf":{"@id":"https:\/\/www.meydan.tv\/az\/article\/mohy%c9%99ddin-orucova-hokm-oxundu\/"},"author":{"name":"mahmud","@id":"https:\/\/www.meydan.tv\/az\/#\/schema\/person\/09863e516102a829e72bedcf3f84c6b0"},"headline":"M\u00f6hy\u0259ddin Orucova h\u00f6km oxundu","datePublished":"2025-02-25T09:48:43+00:00","dateModified":"2025-02-25T10:17:40+00:00","mainEntityOfPage":{"@id":"https:\/\/www.meydan.tv\/az\/article\/mohy%c9%99ddin-orucova-hokm-oxundu\/"},"wordCount":319,"publisher":{"@id":"https:\/\/www.meydan.tv\/az\/#organization"},"image":{"@id":"https:\/\/www.meydan.tv\/az\/article\/mohy%c9%99ddin-orucova-hokm-oxundu\/#primaryimage"},"thumbnailUrl":"https:\/\/www.meydan.tv\/wp-content\/uploads\/screenshot-2023-12-13-at-16.52.30.png","articleSection":["Siyas\u0259t","T\u00f6vsiy\u0259","X\u0259b\u0259rl\u0259r"],"inLanguage":"az"},{"@type":"WebPage","@id":"https:\/\/www.meydan.tv\/az\/article\/mohy%c9%99ddin-orucova-hokm-oxundu\/","url":"https:\/\/www.meydan.tv\/az\/article\/mohy%c9%99ddin-orucova-hokm-oxundu\/","name":"M\u00f6hy\u0259ddin Orucova h\u00f6km oxundu - MEYDAN.TV","isPartOf":{"@id":"https:\/\/www.meydan.tv\/az\/#website"},"primaryImageOfPage":{"@id":"https:\/\/www.meydan.tv\/az\/article\/mohy%c9%99ddin-orucova-hokm-oxundu\/#primaryimage"},"image":{"@id":"https:\/\/www.meydan.tv\/az\/article\/mohy%c9%99ddin-orucova-hokm-oxundu\/#primaryimage"},"thumbnailUrl":"https:\/\/www.meydan.tv\/wp-content\/uploads\/screenshot-2023-12-13-at-16.52.30.png","datePublished":"2025-02-25T09:48:43+00:00","dateModified":"2025-02-25T10:17:40+00:00","breadcrumb":{"@id":"https:\/\/www.meydan.tv\/az\/article\/mohy%c9%99ddin-orucova-hokm-oxundu\/#breadcrumb"},"inLanguage":"az","potentialAction":[{"@type":"ReadAction","target":["https:\/\/www.meydan.tv\/az\/article\/mohy%c9%99ddin-orucova-hokm-oxundu\/"]}]},{"@type":"ImageObject","inLanguage":"az","@id":"https:\/\/www.meydan.tv\/az\/article\/mohy%c9%99ddin-orucova-hokm-oxundu\/#primaryimage","url":"https:\/\/www.meydan.tv\/wp-content\/uploads\/screenshot-2023-12-13-at-16.52.30.png","contentUrl":"https:\/\/www.meydan.tv\/wp-content\/uploads\/screenshot-2023-12-13-at-16.52.30.png","width":1872,"height":964,"caption":"M\u00f6hy\u0259ddin Orucov, Foto: \u015f\u0259xsi facebook s\u0259hif\u0259si"},{"@type":"BreadcrumbList","@id":"https:\/\/www.meydan.tv\/az\/article\/mohy%c9%99ddin-orucova-hokm-oxundu\/#breadcrumb","itemListElement":[{"@type":"ListItem","position":1,"name":"Ana s\u0259hif\u0259","item":"https:\/\/www.meydan.tv\/az\/"},{"@type":"ListItem","position":2,"name":"Siyas\u0259t","item":"https:\/\/www.meydan.tv\/az\/section\/siyaset\/"},{"@type":"ListItem","position":3,"name":"M\u00f6hy\u0259ddin Orucova h\u00f6km oxundu"}]},{"@type":"WebSite","@id":"https:\/\/www.meydan.tv\/az\/#website","url":"https:\/\/www.meydan.tv\/az\/","name":"MEYDAN.TV","description":"Meydan TV Az\u0259rbaycan\u0131n media m\u0259kan\u0131ndak\u0131 alternativ s\u0259sidir","publisher":{"@id":"https:\/\/www.meydan.tv\/az\/#organization"},"potentialAction":[{"@type":"SearchAction","target":{"@type":"EntryPoint","urlTemplate":"https:\/\/www.meydan.tv\/az\/?s={search_term_string}"},"query-input":{"@type":"PropertyValueSpecification","valueRequired":true,"valueName":"search_term_string"}}],"inLanguage":"az"},{"@type":"Organization","@id":"https:\/\/www.meydan.tv\/az\/#organization","name":"Meydan TV","url":"https:\/\/www.meydan.tv\/az\/","logo":{"@type":"ImageObject","inLanguage":"az","@id":"https:\/\/www.meydan.tv\/az\/#\/schema\/logo\/image\/","url":"https:\/\/www.meydan.tv\/wp-content\/uploads\/2021\/07\/meydan-logo.svg","contentUrl":"https:\/\/www.meydan.tv\/wp-content\/uploads\/2021\/07\/meydan-logo.svg","width":195,"height":46,"caption":"Meydan TV"},"image":{"@id":"https:\/\/www.meydan.tv\/az\/#\/schema\/logo\/image\/"}},{"@type":"Person","@id":"https:\/\/www.meydan.tv\/az\/#\/schema\/person\/09863e516102a829e72bedcf3f84c6b0","name":"mahmud"}]}},"_links":{"self":[{"href":"https:\/\/www.meydan.tv\/az\/wp-json\/wp\/v2\/posts\/326833","targetHints":{"allow":["GET"]}}],"collection":[{"href":"https:\/\/www.meydan.tv\/az\/wp-json\/wp\/v2\/posts"}],"about":[{"href":"https:\/\/www.meydan.tv\/az\/wp-json\/wp\/v2\/types\/post"}],"author":[{"embeddable":true,"href":"https:\/\/www.meydan.tv\/az\/wp-json\/wp\/v2\/users\/21"}],"replies":[{"embeddable":true,"href":"https:\/\/www.meydan.tv\/az\/wp-json\/wp\/v2\/comments?post=326833"}],"version-history":[{"count":4,"href":"https:\/\/www.meydan.tv\/az\/wp-json\/wp\/v2\/posts\/326833\/revisions"}],"predecessor-version":[{"id":326845,"href":"https:\/\/www.meydan.tv\/az\/wp-json\/wp\/v2\/posts\/326833\/revisions\/326845"}],"wp:featuredmedia":[{"embeddable":true,"href":"https:\/\/www.meydan.tv\/az\/wp-json\/wp\/v2\/media\/292820"}],"wp:attachment":[{"href":"https:\/\/www.meydan.tv\/az\/wp-json\/wp\/v2\/media?parent=326833"}],"wp:term":[{"taxonomy":"category","embeddable":true,"href":"https:\/\/www.meydan.tv\/az\/wp-json\/wp\/v2\/categories?post=326833"},{"taxonomy":"post_tag","embeddable":true,"href":"https:\/\/www.meydan.tv\/az\/wp-json\/wp\/v2\/tags?post=326833"}],"curies":[{"name":"wp","href":"https:\/\/api.w.org\/{rel}","templated":true}]}}