{"id":326804,"date":"2025-02-24T17:05:47","date_gmt":"2025-02-24T13:05:47","guid":{"rendered":"https:\/\/www.meydan.tv\/?p=326804"},"modified":"2025-02-24T17:05:50","modified_gmt":"2025-02-24T13:05:50","slug":"abs-v%c9%99-ukrayna-t%c9%99bii-ehtiyatlar-uzr%c9%99-razilasmani-muzakir%c9%99-edirl%c9%99r","status":"publish","type":"post","link":"https:\/\/www.meydan.tv\/az\/article\/abs-v%c9%99-ukrayna-t%c9%99bii-ehtiyatlar-uzr%c9%99-razilasmani-muzakir%c9%99-edirl%c9%99r\/","title":{"rendered":"AB\u015e v\u0259 Ukrayna t\u0259bii ehtiyatlar \u00fczr\u0259 raz\u0131la\u015fman\u0131 m\u00fczakir\u0259 edirl\u0259r"},"content":{"rendered":"\n<p><strong><em>Zelenski  t\u0259bii s\u0259rv\u0259tl\u0259rin istifad\u0259si il\u0259 ba\u011fl\u0131 memorandumun Trampla Putinin g\u00f6r\u00fc\u015f\u00fcnd\u0259n \u0259vv\u0259l imzalanm<\/em><\/strong><em><strong>al<\/strong>\u0131 oldu\u011funu d\u00fc\u015f\u00fcn\u00fcr<\/em><\/p>\n\n\n\n<p>Ukrayna il\u0259 AB\u015e aras\u0131nda yard\u0131m v\u0259 t\u0259bii s\u0259rv\u0259tl\u0259rin istifad\u0259si il\u0259 ba\u011fl\u0131 memorandum \u00fczr\u0259 dan\u0131\u015f\u0131qlar davam etdirilir.<\/p>\n\n\n\n<p>Kiyev s\u0259n\u0259d\u0259 t\u0259hl\u00fck\u0259sizlik z\u0259man\u0259tl\u0259rinin daxil edilm\u0259sini t\u0259l\u0259b edir, Va\u015finqton is\u0259 \u00f6lk\u0259ni yeni borclarla y\u00fckl\u0259m\u0259d\u0259n s\u0259rmay\u0259 qoyma\u011fa haz\u0131r oldu\u011funu bildirir. Sazi\u015fin haz\u0131rlanmas\u0131 \u00e7\u0259r\u00e7iv\u0259sind\u0259 Ukrayna \u00f6z yeralt\u0131 s\u0259rv\u0259tl\u0259rinin auditin\u0259 ba\u015flay\u0131b v\u0259 hasilat sektorunda qanuni biznesi m\u00fcdafi\u0259 etm\u0259yi planla\u015fd\u0131r\u0131r.&nbsp;<\/p>\n\n\n\n<p>Ukrayna Prezidenti Volodimir Zelenski dondurulmu\u015f Rusiya aktivl\u0259ri d\u0259 daxil olmaqla 50\/50 ortaq fond yaratma\u011f\u0131 t\u0259klif edir, AB\u015e is\u0259 s\u0259n\u0259din bu h\u0259ft\u0259 imzalanaca\u011f\u0131n\u0131 g\u00f6zl\u0259yir.<\/p>\n\n\n\n<p><a href=\"https:\/\/novosti.dn.ua\/ru\/news\/391657-ssha-i-ukraina-dogovarivayutsya-o-pravah-na-poleznye-iskopaemye-chego-zhdat-ot-soglasheniya\" target=\"_blank\" rel=\"noreferrer noopener\">\u201cDonbass News\u201d sayt\u0131 <\/a>\u201cUkrayna: 2025\u201d forumunun ilk g\u00fcn\u00fcnd\u0259n sonra AB\u015e v\u0259 Ukrayna aras\u0131nda raz\u0131la\u015fma il\u0259 ba\u011fl\u0131 \u0259ld\u0259 edilmi\u015f \u0259sas m\u0259qamlara diqq\u0259t \u00e7\u0259kir.<\/p>\n\n\n\n<p>Ukrayna prezidenti Volodimir Zelenski bildirib ki, AB\u015e t\u0259r\u0259fd\u0259n dan\u0131\u015f\u0131qlar\u0131 milli t\u0259hl\u00fck\u0259sizlik m\u00fc\u015faviri Maykl Volzun komandas\u0131 apar\u0131r.<\/p>\n\n\n\n<p>O h\u0259m d\u0259 s\u0259n\u0259d\u0259 AB\u015e-\u0131n t\u0259hl\u00fck\u0259sizlik z\u0259man\u0259tl\u0259rinin d\u0259 daxil edilm\u0259sinin vacibliyini vur\u011fulay\u0131b v\u0259 haz\u0131rda bu b\u0259ndin olmad\u0131\u011f\u0131n\u0131 qeyd edib.<\/p>\n\n\n\n<p>Zelenski bildirib ki, Ukrayna AB\u015e il\u0259 raz\u0131la\u015fman\u0131n \u015f\u0259rtl\u0259rin\u0259 uy\u011fun olaraq, t\u0259bii ehtiyatlar\u0131n\u0131n auditin\u0259 ba\u015flay\u0131b.&nbsp;<\/p>\n\n\n\n<p>AB\u015e-\u0131n Maliyy\u0259 Naziri Skott Bessent \u201cFinancial Times\u201d d\u0259rcin\u0259 bildirib ki,&nbsp; AB\u015e Ukraynan\u0131n aktivl\u0259rin\u0259 sahib \u00e7\u0131xmadan v\u0259 borc y\u00fck\u00fc yaratmadan s\u0259rmay\u0259 qoyma\u011f\u0131 planla\u015fd\u0131r\u0131r.<\/p>\n\n\n\n<p>O qeyd edib ki, memorandumun m\u00fczakir\u0259si il\u0259 ba\u011fl\u0131 \u00e7oxlu dezinformasiya olub.<\/p>\n\n\n\n<p>Nazirin s\u00f6zl\u0259rin\u0259 g\u00f6r\u0259, AB\u015e prezidenti Donald Tramp\u0131n innovativ yana\u015fmas\u0131 beyn\u0259lxalq \u0259m\u0259kda\u015fl\u0131\u011f\u0131n yeni modelini n\u0259z\u0259rd\u0259 tutur.<\/p>\n\n\n\n<p>AB\u015e Ukrayna xalq\u0131 il\u0259 birlikd\u0259 s\u0259rmay\u0259 qoymal\u0131d\u0131r. Bu, h\u0259r iki t\u0259r\u0259f\u0259 maksimum fayda \u0259ld\u0259 etm\u0259y\u0259 imkan ver\u0259c\u0259k, Bessent \u0259lav\u0259 edib.<\/p>\n\n\n\n<p>O bildirib ki, Ukraynan\u0131n t\u0259bii ehtiyatlardan v\u0259 infrastruktur layih\u0259l\u0259rind\u0259n \u0259ld\u0259 etdiyi g\u0259lirl\u0259r \u00f6lk\u0259nin uzunm\u00fcdd\u0259tli b\u0259rpas\u0131 \u00fc\u00e7\u00fcn x\u00fcsusi fonda y\u00f6n\u0259ldil\u0259c\u0259k. Birl\u0259\u015fmi\u015f \u015etatlar g\u0259l\u0259c\u0259k investisiyalarda iqtisadi v\u0259 idar\u0259etm\u0259 h\u00fcquqlar\u0131n\u0131 qoruyacaq.<\/p>\n\n\n\n<p>Nazir onu da qeyd edib ki, Kiyev\u0259 s\u0259f\u0259ri zaman\u0131 Ukraynada f\u0259aliyy\u0259t g\u00f6st\u0259r\u0259n Amerika \u015firk\u0259tl\u0259rinin n\u00fcmay\u0259nd\u0259l\u0259ri, el\u0259c\u0259 d\u0259 iqtisadiyyat\u0131n b\u0259rpas\u0131nda i\u015ftirak etm\u0259y\u0259 haz\u0131r olan insanlarla g\u00f6r\u00fc\u015f\u00fcb.<\/p>\n\n\n\n<p>Zelenski 50\/50 ortaq fond yaratma\u011f\u0131 v\u0259 dondurulmu\u015f Rusiya aktivl\u0259rinin istifad\u0259sini t\u0259klif edib<\/p>\n\n\n\n<p>Bu t\u0259klif\u0259 \u0259sas\u0259n, AB\u015e v\u0259 Ukrayna fonda 50% t\u00f6hf\u0259 verm\u0259li, dondurulmu\u015f Rusiya aktivl\u0259ri is\u0259 Ukraynan\u0131n t\u00f6hf\u0259sinin bir hiss\u0259si olmal\u0131d\u0131r.<\/p>\n\n\n\n<p><em>\u201cBunun \u0259dal\u0259tli oldu\u011funu d\u00fc\u015f\u00fcn\u00fcr\u0259m. T\u0259bii ki, biz dondurulmu\u015f Rusiya aktivl\u0259rind\u0259n pul yat\u0131rma\u011fa davam ed\u0259 bil\u0259rik. Bu, bizim pulumuzdur. Ancaq bizim. T\u0259r\u0259fda\u015flarla birlikd\u0259 deyil. Bu, s\u0131rf Ukraynan\u0131n puludur&#8221;, <\/em>&#8211; Zelenski qeyd edib.<\/p>\n\n\n\n<p>Ukrayna prezidentinin fikrinc\u0259, bu c\u00fcr investisiyalar fondun s\u00fcr\u0259tl\u0259 f\u0259aliyy\u0259t\u0259 ba\u015flamas\u0131na imkan ver\u0259c\u0259k.<\/p>\n\n\n\n<p>Zelenski vur\u011fulay\u0131b ki, sazi\u015f Donald Trampla Vladimir Putinin g\u00f6r\u00fc\u015f\u00fcnd\u0259n \u0259vv\u0259l imzalanmal\u0131d\u0131r.<\/p>\n\n\n\n<p><em>\u201cH\u0259r \u015feyi, AB\u015e-\u0131n plan\u0131n\u0131 v\u0259 bu raz\u0131la\u015fman\u0131n AB\u015e t\u0259r\u0259find\u0259n nec\u0259 t\u0259hl\u00fck\u0259sizlik t\u0259minat\u0131 ola bil\u0259c\u0259yini bilm\u0259k \u00fc\u00e7\u00fcn g\u00f6r\u00fc\u015fm\u0259k v\u0259 bu bar\u0259d\u0259 dan\u0131\u015fmaq laz\u0131md\u0131r. Bu g\u00f6r\u00fc\u015f \u0259dal\u0259tli olmal\u0131d\u0131r. V\u0259 dem\u0259li o, Tramp\u0131n Putinl\u0259 g\u00f6r\u00fc\u015f\u00fcnd\u0259n \u0259vv\u0259l ba\u015f tutmal\u0131d\u0131r\u201d, <\/em>\u2013 Zelenski deyib.<\/p>\n\n\n\n<p>AB\u015e-\u0131n x\u00fcsusi el\u00e7isi Stiv Uitkoff bildirib ki, memorandum art\u0131q bu h\u0259ft\u0259 imzalana bil\u0259r.<\/p>\n\n\n\n<p><em>\u201cBu raz\u0131la\u015fma h\u0259r \u015feyd\u0259n \u0259vv\u0259l Ukrayna xalq\u0131 \u00fc\u00e7\u00fcn etdiyimiz h\u0259r \u015fey\u0259 g\u00f6r\u0259 kompensasiya dem\u0259kdir. Prezident bunu bel\u0259 g\u00f6r\u00fcr\u201d, <\/em>&#8211; dey\u0259 o, CNN telekanal\u0131na m\u00fcsahib\u0259sind\u0259 bildirib.<\/p>\n\n\n\n<p>Uitkoffun s\u00f6zl\u0259rin\u0259 g\u00f6r\u0259, Zelenski \u0259vv\u0259ll\u0259r q\u0259rar verm\u0259kd\u0259 t\u0259r\u0259dd\u00fcd edirdi, amma indi Tramp\u0131n birba\u015fa mesaj\u0131ndan sonra sazi\u015f imzalanacaq.<\/p>\n\n\n\n<p>Ukrayna prezidenti vur\u011fulay\u0131b ki, s\u0259n\u0259dd\u0259 h\u0259r iki t\u0259r\u0259fin maraqlar\u0131 n\u0259z\u0259r\u0259 al\u0131nmal\u0131d\u0131r:<\/p>\n\n\n\n<p><em>\u201cStrateji t\u0259r\u0259fda\u015flar m\u00fcqavil\u0259ni imzalamaqda maraql\u0131 olmal\u0131d\u0131r. Raz\u0131la\u015fma olmal\u0131d\u0131r ki, h\u0259m Amerika Birl\u0259\u015fmi\u015f \u015etatlar\u0131 Ukraynaya sad\u0259c\u0259 pul verm\u0259dikl\u0259rini, bu pulu geri ala v\u0259 iqtisadiyyatlar\u0131n\u0131 g\u00fccl\u0259ndir\u0259 bil\u0259c\u0259kl\u0259rini g\u00f6rs\u00fcn, h\u0259m d\u0259 bu, t\u0259hl\u00fck\u0259sizliyin t\u0259minat\u0131 ola bil\u0259r\u201d<\/em>.&nbsp;<\/p>\n\n\n\n<p>Zelenski memorandumun h\u0259r iki \u00f6lk\u0259 \u00fc\u00e7\u00fcn qar\u015f\u0131l\u0131ql\u0131 faydal\u0131 olaca\u011f\u0131na \u00fcmid etdiyini bildirib:<\/p>\n\n\n\n<p><em>\u201cM\u0259n ist\u0259yir\u0259m ki, biziml\u0259 t\u0259r\u0259fda\u015flar\u0131m\u0131z aras\u0131ndak\u0131 raz\u0131la\u015fma qalmaqals\u0131z, \u0259ksin\u0259, xalqlar\u0131m\u0131z \u00fc\u00e7\u00fcn faydal\u0131 olsun. Bax, bu c\u00fcr bir m\u00fcqavil\u0259 imzalanmal\u0131d\u0131r\u201d.<\/em><\/p>\n","protected":false},"excerpt":{"rendered":"<p>Zelenski t\u0259bii s\u0259rv\u0259tl\u0259rin istifad\u0259si il\u0259 ba\u011fl\u0131 memorandumun Trampla Putinin g\u00f6r\u00fc\u015f\u00fcnd\u0259n &#8230; <\/p>\n<p class=\"read-more-container\"><a title=\"AB\u015e v\u0259 Ukrayna t\u0259bii ehtiyatlar \u00fczr\u0259 raz\u0131la\u015fman\u0131 m\u00fczakir\u0259 edirl\u0259r\" class=\"read-more button\" href=\"https:\/\/www.meydan.tv\/az\/article\/abs-v%c9%99-ukrayna-t%c9%99bii-ehtiyatlar-uzr%c9%99-razilasmani-muzakir%c9%99-edirl%c9%99r\/#more-326804\" aria-label=\"Read more about AB\u015e v\u0259 Ukrayna t\u0259bii ehtiyatlar \u00fczr\u0259 raz\u0131la\u015fman\u0131 m\u00fczakir\u0259 edirl\u0259r\">Davam\u0131<\/a><\/p>\n","protected":false},"author":16,"featured_media":326802,"comment_status":"closed","ping_status":"closed","sticky":false,"template":"","format":"standard","meta":{"_acf_changed":false,"_sitemap_exclude":false,"_sitemap_priority":"","_sitemap_frequency":"","footnotes":""},"categories":[64,59,56],"tags":[],"class_list":["post-326804","post","type-post","status-publish","format-standard","has-post-thumbnail","hentry","category-dunya","category-siyaset","category-xeberler","infinite-scroll-item","generate-columns","tablet-grid-50","mobile-grid-100","grid-parent","grid-33","no-featured-image-padding"],"acf":[],"yoast_head":"<!-- This site is optimized with the Yoast SEO plugin v27.5 - https:\/\/yoast.com\/product\/yoast-seo-wordpress\/ -->\n<title>AB\u015e v\u0259 Ukrayna t\u0259bii ehtiyatlar \u00fczr\u0259 raz\u0131la\u015fman\u0131 m\u00fczakir\u0259 edirl\u0259r - MEYDAN.TV<\/title>\n<meta name=\"robots\" content=\"index, follow, max-snippet:-1, max-image-preview:large, max-video-preview:-1\" \/>\n<link rel=\"canonical\" href=\"https:\/\/www.meydan.tv\/az\/article\/abs-v%c9%99-ukrayna-t%c9%99bii-ehtiyatlar-uzr%c9%99-razilasmani-muzakir%c9%99-edirl%c9%99r\/\" \/>\n<meta property=\"og:locale\" content=\"az_AZ\" \/>\n<meta property=\"og:type\" content=\"article\" \/>\n<meta property=\"og:title\" content=\"AB\u015e v\u0259 Ukrayna t\u0259bii ehtiyatlar \u00fczr\u0259 raz\u0131la\u015fman\u0131 m\u00fczakir\u0259 edirl\u0259r - MEYDAN.TV\" \/>\n<meta property=\"og:description\" content=\"Zelenski t\u0259bii s\u0259rv\u0259tl\u0259rin istifad\u0259si il\u0259 ba\u011fl\u0131 memorandumun Trampla Putinin g\u00f6r\u00fc\u015f\u00fcnd\u0259n ... Davam\u0131\" \/>\n<meta property=\"og:url\" content=\"https:\/\/www.meydan.tv\/az\/article\/abs-v%c9%99-ukrayna-t%c9%99bii-ehtiyatlar-uzr%c9%99-razilasmani-muzakir%c9%99-edirl%c9%99r\/\" \/>\n<meta property=\"og:site_name\" content=\"MEYDAN.TV\" \/>\n<meta property=\"article:published_time\" content=\"2025-02-24T13:05:47+00:00\" \/>\n<meta property=\"article:modified_time\" content=\"2025-02-24T13:05:50+00:00\" \/>\n<meta property=\"og:image\" content=\"https:\/\/www.meydan.tv\/wp-content\/uploads\/5323700792361871218.jpg\" \/>\n\t<meta property=\"og:image:width\" content=\"1280\" \/>\n\t<meta property=\"og:image:height\" content=\"720\" \/>\n\t<meta property=\"og:image:type\" content=\"image\/jpeg\" \/>\n<meta name=\"author\" content=\"sevda\" \/>\n<meta name=\"twitter:card\" content=\"summary_large_image\" \/>\n<script type=\"application\/ld+json\" class=\"yoast-schema-graph\">{\"@context\":\"https:\\\/\\\/schema.org\",\"@graph\":[{\"@type\":\"Article\",\"@id\":\"https:\\\/\\\/www.meydan.tv\\\/az\\\/article\\\/abs-v%c9%99-ukrayna-t%c9%99bii-ehtiyatlar-uzr%c9%99-razilasmani-muzakir%c9%99-edirl%c9%99r\\\/#article\",\"isPartOf\":{\"@id\":\"https:\\\/\\\/www.meydan.tv\\\/az\\\/article\\\/abs-v%c9%99-ukrayna-t%c9%99bii-ehtiyatlar-uzr%c9%99-razilasmani-muzakir%c9%99-edirl%c9%99r\\\/\"},\"author\":{\"name\":\"sevda\",\"@id\":\"https:\\\/\\\/www.meydan.tv\\\/az\\\/#\\\/schema\\\/person\\\/49b5f2bad5b126bb8ea9320eeb3e4dc9\"},\"headline\":\"AB\u015e v\u0259 Ukrayna t\u0259bii ehtiyatlar \u00fczr\u0259 raz\u0131la\u015fman\u0131 m\u00fczakir\u0259 edirl\u0259r\",\"datePublished\":\"2025-02-24T13:05:47+00:00\",\"dateModified\":\"2025-02-24T13:05:50+00:00\",\"mainEntityOfPage\":{\"@id\":\"https:\\\/\\\/www.meydan.tv\\\/az\\\/article\\\/abs-v%c9%99-ukrayna-t%c9%99bii-ehtiyatlar-uzr%c9%99-razilasmani-muzakir%c9%99-edirl%c9%99r\\\/\"},\"wordCount\":916,\"publisher\":{\"@id\":\"https:\\\/\\\/www.meydan.tv\\\/az\\\/#organization\"},\"image\":{\"@id\":\"https:\\\/\\\/www.meydan.tv\\\/az\\\/article\\\/abs-v%c9%99-ukrayna-t%c9%99bii-ehtiyatlar-uzr%c9%99-razilasmani-muzakir%c9%99-edirl%c9%99r\\\/#primaryimage\"},\"thumbnailUrl\":\"https:\\\/\\\/www.meydan.tv\\\/wp-content\\\/uploads\\\/5323700792361871218.jpg\",\"articleSection\":[\"D\u00fcnya\",\"Siyas\u0259t\",\"X\u0259b\u0259rl\u0259r\"],\"inLanguage\":\"az\"},{\"@type\":\"WebPage\",\"@id\":\"https:\\\/\\\/www.meydan.tv\\\/az\\\/article\\\/abs-v%c9%99-ukrayna-t%c9%99bii-ehtiyatlar-uzr%c9%99-razilasmani-muzakir%c9%99-edirl%c9%99r\\\/\",\"url\":\"https:\\\/\\\/www.meydan.tv\\\/az\\\/article\\\/abs-v%c9%99-ukrayna-t%c9%99bii-ehtiyatlar-uzr%c9%99-razilasmani-muzakir%c9%99-edirl%c9%99r\\\/\",\"name\":\"AB\u015e v\u0259 Ukrayna t\u0259bii ehtiyatlar \u00fczr\u0259 raz\u0131la\u015fman\u0131 m\u00fczakir\u0259 edirl\u0259r - MEYDAN.TV\",\"isPartOf\":{\"@id\":\"https:\\\/\\\/www.meydan.tv\\\/az\\\/#website\"},\"primaryImageOfPage\":{\"@id\":\"https:\\\/\\\/www.meydan.tv\\\/az\\\/article\\\/abs-v%c9%99-ukrayna-t%c9%99bii-ehtiyatlar-uzr%c9%99-razilasmani-muzakir%c9%99-edirl%c9%99r\\\/#primaryimage\"},\"image\":{\"@id\":\"https:\\\/\\\/www.meydan.tv\\\/az\\\/article\\\/abs-v%c9%99-ukrayna-t%c9%99bii-ehtiyatlar-uzr%c9%99-razilasmani-muzakir%c9%99-edirl%c9%99r\\\/#primaryimage\"},\"thumbnailUrl\":\"https:\\\/\\\/www.meydan.tv\\\/wp-content\\\/uploads\\\/5323700792361871218.jpg\",\"datePublished\":\"2025-02-24T13:05:47+00:00\",\"dateModified\":\"2025-02-24T13:05:50+00:00\",\"breadcrumb\":{\"@id\":\"https:\\\/\\\/www.meydan.tv\\\/az\\\/article\\\/abs-v%c9%99-ukrayna-t%c9%99bii-ehtiyatlar-uzr%c9%99-razilasmani-muzakir%c9%99-edirl%c9%99r\\\/#breadcrumb\"},\"inLanguage\":\"az\",\"potentialAction\":[{\"@type\":\"ReadAction\",\"target\":[\"https:\\\/\\\/www.meydan.tv\\\/az\\\/article\\\/abs-v%c9%99-ukrayna-t%c9%99bii-ehtiyatlar-uzr%c9%99-razilasmani-muzakir%c9%99-edirl%c9%99r\\\/\"]}]},{\"@type\":\"ImageObject\",\"inLanguage\":\"az\",\"@id\":\"https:\\\/\\\/www.meydan.tv\\\/az\\\/article\\\/abs-v%c9%99-ukrayna-t%c9%99bii-ehtiyatlar-uzr%c9%99-razilasmani-muzakir%c9%99-edirl%c9%99r\\\/#primaryimage\",\"url\":\"https:\\\/\\\/www.meydan.tv\\\/wp-content\\\/uploads\\\/5323700792361871218.jpg\",\"contentUrl\":\"https:\\\/\\\/www.meydan.tv\\\/wp-content\\\/uploads\\\/5323700792361871218.jpg\",\"width\":1280,\"height\":720,\"caption\":\"Foto: Marian Weyo\\\\shutterstock\"},{\"@type\":\"BreadcrumbList\",\"@id\":\"https:\\\/\\\/www.meydan.tv\\\/az\\\/article\\\/abs-v%c9%99-ukrayna-t%c9%99bii-ehtiyatlar-uzr%c9%99-razilasmani-muzakir%c9%99-edirl%c9%99r\\\/#breadcrumb\",\"itemListElement\":[{\"@type\":\"ListItem\",\"position\":1,\"name\":\"Ana s\u0259hif\u0259\",\"item\":\"https:\\\/\\\/www.meydan.tv\\\/az\\\/\"},{\"@type\":\"ListItem\",\"position\":2,\"name\":\"X\u0259b\u0259rl\u0259r\",\"item\":\"https:\\\/\\\/www.meydan.tv\\\/az\\\/section\\\/xeberler\\\/\"},{\"@type\":\"ListItem\",\"position\":3,\"name\":\"AB\u015e v\u0259 Ukrayna t\u0259bii ehtiyatlar \u00fczr\u0259 raz\u0131la\u015fman\u0131 m\u00fczakir\u0259 edirl\u0259r\"}]},{\"@type\":\"WebSite\",\"@id\":\"https:\\\/\\\/www.meydan.tv\\\/az\\\/#website\",\"url\":\"https:\\\/\\\/www.meydan.tv\\\/az\\\/\",\"name\":\"MEYDAN.TV\",\"description\":\"Meydan TV Az\u0259rbaycan\u0131n media m\u0259kan\u0131ndak\u0131 alternativ s\u0259sidir\",\"publisher\":{\"@id\":\"https:\\\/\\\/www.meydan.tv\\\/az\\\/#organization\"},\"potentialAction\":[{\"@type\":\"SearchAction\",\"target\":{\"@type\":\"EntryPoint\",\"urlTemplate\":\"https:\\\/\\\/www.meydan.tv\\\/az\\\/?s={search_term_string}\"},\"query-input\":{\"@type\":\"PropertyValueSpecification\",\"valueRequired\":true,\"valueName\":\"search_term_string\"}}],\"inLanguage\":\"az\"},{\"@type\":\"Organization\",\"@id\":\"https:\\\/\\\/www.meydan.tv\\\/az\\\/#organization\",\"name\":\"Meydan TV\",\"url\":\"https:\\\/\\\/www.meydan.tv\\\/az\\\/\",\"logo\":{\"@type\":\"ImageObject\",\"inLanguage\":\"az\",\"@id\":\"https:\\\/\\\/www.meydan.tv\\\/az\\\/#\\\/schema\\\/logo\\\/image\\\/\",\"url\":\"https:\\\/\\\/www.meydan.tv\\\/wp-content\\\/uploads\\\/2021\\\/07\\\/meydan-logo.svg\",\"contentUrl\":\"https:\\\/\\\/www.meydan.tv\\\/wp-content\\\/uploads\\\/2021\\\/07\\\/meydan-logo.svg\",\"width\":195,\"height\":46,\"caption\":\"Meydan TV\"},\"image\":{\"@id\":\"https:\\\/\\\/www.meydan.tv\\\/az\\\/#\\\/schema\\\/logo\\\/image\\\/\"}},{\"@type\":\"Person\",\"@id\":\"https:\\\/\\\/www.meydan.tv\\\/az\\\/#\\\/schema\\\/person\\\/49b5f2bad5b126bb8ea9320eeb3e4dc9\",\"name\":\"sevda\"}]}<\/script>\n<!-- \/ Yoast SEO plugin. -->","yoast_head_json":{"title":"AB\u015e v\u0259 Ukrayna t\u0259bii ehtiyatlar \u00fczr\u0259 raz\u0131la\u015fman\u0131 m\u00fczakir\u0259 edirl\u0259r - MEYDAN.TV","robots":{"index":"index","follow":"follow","max-snippet":"max-snippet:-1","max-image-preview":"max-image-preview:large","max-video-preview":"max-video-preview:-1"},"canonical":"https:\/\/www.meydan.tv\/az\/article\/abs-v%c9%99-ukrayna-t%c9%99bii-ehtiyatlar-uzr%c9%99-razilasmani-muzakir%c9%99-edirl%c9%99r\/","og_locale":"az_AZ","og_type":"article","og_title":"AB\u015e v\u0259 Ukrayna t\u0259bii ehtiyatlar \u00fczr\u0259 raz\u0131la\u015fman\u0131 m\u00fczakir\u0259 edirl\u0259r - MEYDAN.TV","og_description":"Zelenski t\u0259bii s\u0259rv\u0259tl\u0259rin istifad\u0259si il\u0259 ba\u011fl\u0131 memorandumun Trampla Putinin g\u00f6r\u00fc\u015f\u00fcnd\u0259n ... Davam\u0131","og_url":"https:\/\/www.meydan.tv\/az\/article\/abs-v%c9%99-ukrayna-t%c9%99bii-ehtiyatlar-uzr%c9%99-razilasmani-muzakir%c9%99-edirl%c9%99r\/","og_site_name":"MEYDAN.TV","article_published_time":"2025-02-24T13:05:47+00:00","article_modified_time":"2025-02-24T13:05:50+00:00","og_image":[{"width":1280,"height":720,"url":"https:\/\/www.meydan.tv\/wp-content\/uploads\/5323700792361871218.jpg","type":"image\/jpeg"}],"author":"sevda","twitter_card":"summary_large_image","schema":{"@context":"https:\/\/schema.org","@graph":[{"@type":"Article","@id":"https:\/\/www.meydan.tv\/az\/article\/abs-v%c9%99-ukrayna-t%c9%99bii-ehtiyatlar-uzr%c9%99-razilasmani-muzakir%c9%99-edirl%c9%99r\/#article","isPartOf":{"@id":"https:\/\/www.meydan.tv\/az\/article\/abs-v%c9%99-ukrayna-t%c9%99bii-ehtiyatlar-uzr%c9%99-razilasmani-muzakir%c9%99-edirl%c9%99r\/"},"author":{"name":"sevda","@id":"https:\/\/www.meydan.tv\/az\/#\/schema\/person\/49b5f2bad5b126bb8ea9320eeb3e4dc9"},"headline":"AB\u015e v\u0259 Ukrayna t\u0259bii ehtiyatlar \u00fczr\u0259 raz\u0131la\u015fman\u0131 m\u00fczakir\u0259 edirl\u0259r","datePublished":"2025-02-24T13:05:47+00:00","dateModified":"2025-02-24T13:05:50+00:00","mainEntityOfPage":{"@id":"https:\/\/www.meydan.tv\/az\/article\/abs-v%c9%99-ukrayna-t%c9%99bii-ehtiyatlar-uzr%c9%99-razilasmani-muzakir%c9%99-edirl%c9%99r\/"},"wordCount":916,"publisher":{"@id":"https:\/\/www.meydan.tv\/az\/#organization"},"image":{"@id":"https:\/\/www.meydan.tv\/az\/article\/abs-v%c9%99-ukrayna-t%c9%99bii-ehtiyatlar-uzr%c9%99-razilasmani-muzakir%c9%99-edirl%c9%99r\/#primaryimage"},"thumbnailUrl":"https:\/\/www.meydan.tv\/wp-content\/uploads\/5323700792361871218.jpg","articleSection":["D\u00fcnya","Siyas\u0259t","X\u0259b\u0259rl\u0259r"],"inLanguage":"az"},{"@type":"WebPage","@id":"https:\/\/www.meydan.tv\/az\/article\/abs-v%c9%99-ukrayna-t%c9%99bii-ehtiyatlar-uzr%c9%99-razilasmani-muzakir%c9%99-edirl%c9%99r\/","url":"https:\/\/www.meydan.tv\/az\/article\/abs-v%c9%99-ukrayna-t%c9%99bii-ehtiyatlar-uzr%c9%99-razilasmani-muzakir%c9%99-edirl%c9%99r\/","name":"AB\u015e v\u0259 Ukrayna t\u0259bii ehtiyatlar \u00fczr\u0259 raz\u0131la\u015fman\u0131 m\u00fczakir\u0259 edirl\u0259r - MEYDAN.TV","isPartOf":{"@id":"https:\/\/www.meydan.tv\/az\/#website"},"primaryImageOfPage":{"@id":"https:\/\/www.meydan.tv\/az\/article\/abs-v%c9%99-ukrayna-t%c9%99bii-ehtiyatlar-uzr%c9%99-razilasmani-muzakir%c9%99-edirl%c9%99r\/#primaryimage"},"image":{"@id":"https:\/\/www.meydan.tv\/az\/article\/abs-v%c9%99-ukrayna-t%c9%99bii-ehtiyatlar-uzr%c9%99-razilasmani-muzakir%c9%99-edirl%c9%99r\/#primaryimage"},"thumbnailUrl":"https:\/\/www.meydan.tv\/wp-content\/uploads\/5323700792361871218.jpg","datePublished":"2025-02-24T13:05:47+00:00","dateModified":"2025-02-24T13:05:50+00:00","breadcrumb":{"@id":"https:\/\/www.meydan.tv\/az\/article\/abs-v%c9%99-ukrayna-t%c9%99bii-ehtiyatlar-uzr%c9%99-razilasmani-muzakir%c9%99-edirl%c9%99r\/#breadcrumb"},"inLanguage":"az","potentialAction":[{"@type":"ReadAction","target":["https:\/\/www.meydan.tv\/az\/article\/abs-v%c9%99-ukrayna-t%c9%99bii-ehtiyatlar-uzr%c9%99-razilasmani-muzakir%c9%99-edirl%c9%99r\/"]}]},{"@type":"ImageObject","inLanguage":"az","@id":"https:\/\/www.meydan.tv\/az\/article\/abs-v%c9%99-ukrayna-t%c9%99bii-ehtiyatlar-uzr%c9%99-razilasmani-muzakir%c9%99-edirl%c9%99r\/#primaryimage","url":"https:\/\/www.meydan.tv\/wp-content\/uploads\/5323700792361871218.jpg","contentUrl":"https:\/\/www.meydan.tv\/wp-content\/uploads\/5323700792361871218.jpg","width":1280,"height":720,"caption":"Foto: Marian Weyo\\shutterstock"},{"@type":"BreadcrumbList","@id":"https:\/\/www.meydan.tv\/az\/article\/abs-v%c9%99-ukrayna-t%c9%99bii-ehtiyatlar-uzr%c9%99-razilasmani-muzakir%c9%99-edirl%c9%99r\/#breadcrumb","itemListElement":[{"@type":"ListItem","position":1,"name":"Ana s\u0259hif\u0259","item":"https:\/\/www.meydan.tv\/az\/"},{"@type":"ListItem","position":2,"name":"X\u0259b\u0259rl\u0259r","item":"https:\/\/www.meydan.tv\/az\/section\/xeberler\/"},{"@type":"ListItem","position":3,"name":"AB\u015e v\u0259 Ukrayna t\u0259bii ehtiyatlar \u00fczr\u0259 raz\u0131la\u015fman\u0131 m\u00fczakir\u0259 edirl\u0259r"}]},{"@type":"WebSite","@id":"https:\/\/www.meydan.tv\/az\/#website","url":"https:\/\/www.meydan.tv\/az\/","name":"MEYDAN.TV","description":"Meydan TV Az\u0259rbaycan\u0131n media m\u0259kan\u0131ndak\u0131 alternativ s\u0259sidir","publisher":{"@id":"https:\/\/www.meydan.tv\/az\/#organization"},"potentialAction":[{"@type":"SearchAction","target":{"@type":"EntryPoint","urlTemplate":"https:\/\/www.meydan.tv\/az\/?s={search_term_string}"},"query-input":{"@type":"PropertyValueSpecification","valueRequired":true,"valueName":"search_term_string"}}],"inLanguage":"az"},{"@type":"Organization","@id":"https:\/\/www.meydan.tv\/az\/#organization","name":"Meydan TV","url":"https:\/\/www.meydan.tv\/az\/","logo":{"@type":"ImageObject","inLanguage":"az","@id":"https:\/\/www.meydan.tv\/az\/#\/schema\/logo\/image\/","url":"https:\/\/www.meydan.tv\/wp-content\/uploads\/2021\/07\/meydan-logo.svg","contentUrl":"https:\/\/www.meydan.tv\/wp-content\/uploads\/2021\/07\/meydan-logo.svg","width":195,"height":46,"caption":"Meydan TV"},"image":{"@id":"https:\/\/www.meydan.tv\/az\/#\/schema\/logo\/image\/"}},{"@type":"Person","@id":"https:\/\/www.meydan.tv\/az\/#\/schema\/person\/49b5f2bad5b126bb8ea9320eeb3e4dc9","name":"sevda"}]}},"_links":{"self":[{"href":"https:\/\/www.meydan.tv\/az\/wp-json\/wp\/v2\/posts\/326804","targetHints":{"allow":["GET"]}}],"collection":[{"href":"https:\/\/www.meydan.tv\/az\/wp-json\/wp\/v2\/posts"}],"about":[{"href":"https:\/\/www.meydan.tv\/az\/wp-json\/wp\/v2\/types\/post"}],"author":[{"embeddable":true,"href":"https:\/\/www.meydan.tv\/az\/wp-json\/wp\/v2\/users\/16"}],"replies":[{"embeddable":true,"href":"https:\/\/www.meydan.tv\/az\/wp-json\/wp\/v2\/comments?post=326804"}],"version-history":[{"count":2,"href":"https:\/\/www.meydan.tv\/az\/wp-json\/wp\/v2\/posts\/326804\/revisions"}],"predecessor-version":[{"id":326806,"href":"https:\/\/www.meydan.tv\/az\/wp-json\/wp\/v2\/posts\/326804\/revisions\/326806"}],"wp:featuredmedia":[{"embeddable":true,"href":"https:\/\/www.meydan.tv\/az\/wp-json\/wp\/v2\/media\/326802"}],"wp:attachment":[{"href":"https:\/\/www.meydan.tv\/az\/wp-json\/wp\/v2\/media?parent=326804"}],"wp:term":[{"taxonomy":"category","embeddable":true,"href":"https:\/\/www.meydan.tv\/az\/wp-json\/wp\/v2\/categories?post=326804"},{"taxonomy":"post_tag","embeddable":true,"href":"https:\/\/www.meydan.tv\/az\/wp-json\/wp\/v2\/tags?post=326804"}],"curies":[{"name":"wp","href":"https:\/\/api.w.org\/{rel}","templated":true}]}}