{"id":326793,"date":"2025-02-24T15:49:51","date_gmt":"2025-02-24T11:49:51","guid":{"rendered":"https:\/\/www.meydan.tv\/?p=326793"},"modified":"2025-02-24T17:11:46","modified_gmt":"2025-02-24T13:11:46","slug":"bir-ayin-%c9%99sg%c9%99ri-v%c9%99fat-edib","status":"publish","type":"post","link":"https:\/\/www.meydan.tv\/az\/article\/bir-ayin-%c9%99sg%c9%99ri-v%c9%99fat-edib\/","title":{"rendered":"Bir ay\u0131n \u0259sg\u0259rinin x\u0259st\u0259likd\u0259n v\u0259fat etdiyi deyilir"},"content":{"rendered":"\n<p><\/p>\n\n\n\n<p><strong><em>Onun damar divar\u0131n\u0131n iltihab\u0131ndan \u00f6ld\u00fcy\u00fc deyilir<\/em><\/strong><\/p>\n\n\n\n<p>Az\u0259rbaycan ordusunun \u0259sg\u0259rinin v\u0259fat etdiyi bildirilir.<\/p>\n\n\n\n<p>M\u00fcdafi\u0259 Nazirliyinin m\u0259lumat\u0131na g\u00f6r\u0259, Maqbet X\u0259tai o\u011flu M\u0259cidova vaskulit (damar divar\u0131n\u0131n iltihab\u0131-red.) diaqnozu qolulub v\u0259 o, bu x\u0259st\u0259likd\u0259n h\u0259yat\u0131n\u0131 itirib.<\/p>\n\n\n\n<p>H\u0259rbi Prokurorlu\u011fun m\u0259tbuat xidm\u0259tinin r\u0259hb\u0259ri Firad \u018fliyevin m\u0259lumat\u0131na g\u00f6r\u0259, \u00f6l\u00fcm fakt\u0131 \u0259sas\u0131nda Nax\u00e7\u0131van H\u0259rbi Prokurorlu\u011funun v\u0259 Az\u0259rbaycan H\u0259rbi Prokurorlu\u011funun Kriminalistika v\u0259 \u0130nformasiya Texnologiyalar\u0131 idar\u0259si t\u0259r\u0259find\u0259n m\u00fcvafiq bax\u0131\u015f ke\u00e7irilib.<\/p>\n\n\n\n<p><em>\u201cM\u0259hk\u0259m\u0259 tibbi ekspertin i\u015ftirak\u0131 il\u0259 meyitin xarici v\u0259 daxili m\u00fcayin\u0259si ke\u00e7irilib, el\u0259c\u0259 d\u0259 dig\u0259r h\u0259r\u0259k\u0259tl\u0259r icra edilib\u201d,<\/em> &#8211; H\u0259rbi Prokurlu\u011fun m\u0259lumat\u0131nda deyilir.<\/p>\n\n\n\n<p>Qeyd edilir ki, faktla \u0259laq\u0259dar Nax\u00e7\u0131van H\u0259rbi Prokurorlu\u011funda Cinay\u0259t M\u0259c\u0259ll\u0259sinin m\u00fcvafiq madd\u0259si il\u0259 cinay\u0259t i\u015fi ba\u015flan\u0131l\u0131b:<\/p>\n\n\n\n<p><em>\u201c\u015eahidl\u0259r dindirilib, m\u00fcxt\u0259lif ekspertizalar t\u0259yin edil\u0259r\u0259k, icraya y\u00f6n\u0259ldilib v\u0259 dig\u0259r istintaq h\u0259r\u0259k\u0259tl\u0259ri h\u0259yata ke\u00e7irilib\u201d.<\/em><\/p>\n\n\n\n<p>Haz\u0131rda istintaq davam etdirilir.<\/p>\n\n\n\n<p>2003-c\u00fc il t\u0259v\u0259ll\u00fcdl\u00fc N\u0259simi rayon sakini Maqbet M\u0259cidov 2020-ci ild\u0259 Az\u0259rbaycan Milli Konservatoriyas\u0131n\u0131n n\u0259zdind\u0259 \u0130nc\u0259s\u0259n\u0259t Gimnaziyas\u0131n\u0131, 2024-c\u00fc ild\u0259 is\u0259 M\u0259d\u0259niyy\u0259t v\u0259 \u0130nc\u0259s\u0259n\u0259t Universitetini bitirib.<\/p>\n\n\n\n<p>Onun 2025-ci ilin yanvar\u0131nda h\u0259rbi xidm\u0259t\u0259 yolland\u0131\u011f\u0131 deyilir.<\/p>\n\n\n\n<p>\u018fsg\u0259rin \u00f6l\u00fcm\u00fc il\u0259 ba\u011fl\u0131 yax\u0131nlar\u0131 il\u0259 \u0259laq\u0259 saxlamaq m\u00fcmk\u00fcn olmay\u0131b. <\/p>\n","protected":false},"excerpt":{"rendered":"<p>Onun damar divar\u0131n\u0131n iltihab\u0131ndan \u00f6ld\u00fcy\u00fc deyilir Az\u0259rbaycan ordusunun \u0259sg\u0259rinin v\u0259fat &#8230; <\/p>\n<p class=\"read-more-container\"><a title=\"Bir ay\u0131n \u0259sg\u0259rinin x\u0259st\u0259likd\u0259n v\u0259fat etdiyi deyilir\" class=\"read-more button\" href=\"https:\/\/www.meydan.tv\/az\/article\/bir-ayin-%c9%99sg%c9%99ri-v%c9%99fat-edib\/#more-326793\" aria-label=\"Read more about Bir ay\u0131n \u0259sg\u0259rinin x\u0259st\u0259likd\u0259n v\u0259fat etdiyi deyilir\">Davam\u0131<\/a><\/p>\n","protected":false},"author":21,"featured_media":326807,"comment_status":"closed","ping_status":"closed","sticky":false,"template":"","format":"standard","meta":{"_acf_changed":false,"_sitemap_exclude":false,"_sitemap_priority":"","_sitemap_frequency":"","footnotes":""},"categories":[62,79,56],"tags":[],"class_list":["post-326793","post","type-post","status-publish","format-standard","has-post-thumbnail","hentry","category-sosial","category-featured","category-xeberler","infinite-scroll-item","generate-columns","tablet-grid-50","mobile-grid-100","grid-parent","grid-33","no-featured-image-padding"],"acf":[],"yoast_head":"<!-- This site is optimized with the Yoast SEO plugin v27.4 - https:\/\/yoast.com\/product\/yoast-seo-wordpress\/ -->\n<title>Bir ay\u0131n \u0259sg\u0259rinin x\u0259st\u0259likd\u0259n v\u0259fat etdiyi deyilir - MEYDAN.TV<\/title>\n<meta name=\"robots\" content=\"index, follow, max-snippet:-1, max-image-preview:large, max-video-preview:-1\" \/>\n<link rel=\"canonical\" href=\"https:\/\/www.meydan.tv\/az\/article\/bir-ayin-%c9%99sg%c9%99ri-v%c9%99fat-edib\/\" \/>\n<meta property=\"og:locale\" content=\"az_AZ\" \/>\n<meta property=\"og:type\" content=\"article\" \/>\n<meta property=\"og:title\" content=\"Bir ay\u0131n \u0259sg\u0259rinin x\u0259st\u0259likd\u0259n v\u0259fat etdiyi deyilir - MEYDAN.TV\" \/>\n<meta property=\"og:description\" content=\"Onun damar divar\u0131n\u0131n iltihab\u0131ndan \u00f6ld\u00fcy\u00fc deyilir Az\u0259rbaycan ordusunun \u0259sg\u0259rinin v\u0259fat ... Davam\u0131\" \/>\n<meta property=\"og:url\" content=\"https:\/\/www.meydan.tv\/az\/article\/bir-ayin-%c9%99sg%c9%99ri-v%c9%99fat-edib\/\" \/>\n<meta property=\"og:site_name\" content=\"MEYDAN.TV\" \/>\n<meta property=\"article:published_time\" content=\"2025-02-24T11:49:51+00:00\" \/>\n<meta property=\"article:modified_time\" content=\"2025-02-24T13:11:46+00:00\" \/>\n<meta property=\"og:image\" content=\"https:\/\/www.meydan.tv\/wp-content\/uploads\/0334.png\" \/>\n\t<meta property=\"og:image:width\" content=\"1179\" \/>\n\t<meta property=\"og:image:height\" content=\"576\" \/>\n\t<meta property=\"og:image:type\" content=\"image\/png\" \/>\n<meta name=\"author\" content=\"mahmud\" \/>\n<meta name=\"twitter:card\" content=\"summary_large_image\" \/>\n<script type=\"application\/ld+json\" class=\"yoast-schema-graph\">{\"@context\":\"https:\\\/\\\/schema.org\",\"@graph\":[{\"@type\":\"Article\",\"@id\":\"https:\\\/\\\/www.meydan.tv\\\/az\\\/article\\\/bir-ayin-%c9%99sg%c9%99ri-v%c9%99fat-edib\\\/#article\",\"isPartOf\":{\"@id\":\"https:\\\/\\\/www.meydan.tv\\\/az\\\/article\\\/bir-ayin-%c9%99sg%c9%99ri-v%c9%99fat-edib\\\/\"},\"author\":{\"name\":\"mahmud\",\"@id\":\"https:\\\/\\\/www.meydan.tv\\\/az\\\/#\\\/schema\\\/person\\\/09863e516102a829e72bedcf3f84c6b0\"},\"headline\":\"Bir ay\u0131n \u0259sg\u0259rinin x\u0259st\u0259likd\u0259n v\u0259fat etdiyi deyilir\",\"datePublished\":\"2025-02-24T11:49:51+00:00\",\"dateModified\":\"2025-02-24T13:11:46+00:00\",\"mainEntityOfPage\":{\"@id\":\"https:\\\/\\\/www.meydan.tv\\\/az\\\/article\\\/bir-ayin-%c9%99sg%c9%99ri-v%c9%99fat-edib\\\/\"},\"wordCount\":292,\"publisher\":{\"@id\":\"https:\\\/\\\/www.meydan.tv\\\/az\\\/#organization\"},\"image\":{\"@id\":\"https:\\\/\\\/www.meydan.tv\\\/az\\\/article\\\/bir-ayin-%c9%99sg%c9%99ri-v%c9%99fat-edib\\\/#primaryimage\"},\"thumbnailUrl\":\"https:\\\/\\\/www.meydan.tv\\\/wp-content\\\/uploads\\\/0334.png\",\"articleSection\":[\"Sosial\",\"T\u00f6vsiy\u0259\",\"X\u0259b\u0259rl\u0259r\"],\"inLanguage\":\"az\"},{\"@type\":\"WebPage\",\"@id\":\"https:\\\/\\\/www.meydan.tv\\\/az\\\/article\\\/bir-ayin-%c9%99sg%c9%99ri-v%c9%99fat-edib\\\/\",\"url\":\"https:\\\/\\\/www.meydan.tv\\\/az\\\/article\\\/bir-ayin-%c9%99sg%c9%99ri-v%c9%99fat-edib\\\/\",\"name\":\"Bir ay\u0131n \u0259sg\u0259rinin x\u0259st\u0259likd\u0259n v\u0259fat etdiyi deyilir - MEYDAN.TV\",\"isPartOf\":{\"@id\":\"https:\\\/\\\/www.meydan.tv\\\/az\\\/#website\"},\"primaryImageOfPage\":{\"@id\":\"https:\\\/\\\/www.meydan.tv\\\/az\\\/article\\\/bir-ayin-%c9%99sg%c9%99ri-v%c9%99fat-edib\\\/#primaryimage\"},\"image\":{\"@id\":\"https:\\\/\\\/www.meydan.tv\\\/az\\\/article\\\/bir-ayin-%c9%99sg%c9%99ri-v%c9%99fat-edib\\\/#primaryimage\"},\"thumbnailUrl\":\"https:\\\/\\\/www.meydan.tv\\\/wp-content\\\/uploads\\\/0334.png\",\"datePublished\":\"2025-02-24T11:49:51+00:00\",\"dateModified\":\"2025-02-24T13:11:46+00:00\",\"breadcrumb\":{\"@id\":\"https:\\\/\\\/www.meydan.tv\\\/az\\\/article\\\/bir-ayin-%c9%99sg%c9%99ri-v%c9%99fat-edib\\\/#breadcrumb\"},\"inLanguage\":\"az\",\"potentialAction\":[{\"@type\":\"ReadAction\",\"target\":[\"https:\\\/\\\/www.meydan.tv\\\/az\\\/article\\\/bir-ayin-%c9%99sg%c9%99ri-v%c9%99fat-edib\\\/\"]}]},{\"@type\":\"ImageObject\",\"inLanguage\":\"az\",\"@id\":\"https:\\\/\\\/www.meydan.tv\\\/az\\\/article\\\/bir-ayin-%c9%99sg%c9%99ri-v%c9%99fat-edib\\\/#primaryimage\",\"url\":\"https:\\\/\\\/www.meydan.tv\\\/wp-content\\\/uploads\\\/0334.png\",\"contentUrl\":\"https:\\\/\\\/www.meydan.tv\\\/wp-content\\\/uploads\\\/0334.png\",\"width\":1179,\"height\":576,\"caption\":\"Maqbet M\u0259cidov - Foto: \u015e\u0259xsi arxivind\u0259n\"},{\"@type\":\"BreadcrumbList\",\"@id\":\"https:\\\/\\\/www.meydan.tv\\\/az\\\/article\\\/bir-ayin-%c9%99sg%c9%99ri-v%c9%99fat-edib\\\/#breadcrumb\",\"itemListElement\":[{\"@type\":\"ListItem\",\"position\":1,\"name\":\"Ana s\u0259hif\u0259\",\"item\":\"https:\\\/\\\/www.meydan.tv\\\/az\\\/\"},{\"@type\":\"ListItem\",\"position\":2,\"name\":\"X\u0259b\u0259rl\u0259r\",\"item\":\"https:\\\/\\\/www.meydan.tv\\\/az\\\/section\\\/xeberler\\\/\"},{\"@type\":\"ListItem\",\"position\":3,\"name\":\"Bir ay\u0131n \u0259sg\u0259rinin x\u0259st\u0259likd\u0259n v\u0259fat etdiyi deyilir\"}]},{\"@type\":\"WebSite\",\"@id\":\"https:\\\/\\\/www.meydan.tv\\\/az\\\/#website\",\"url\":\"https:\\\/\\\/www.meydan.tv\\\/az\\\/\",\"name\":\"MEYDAN.TV\",\"description\":\"Meydan TV Az\u0259rbaycan\u0131n media m\u0259kan\u0131ndak\u0131 alternativ s\u0259sidir\",\"publisher\":{\"@id\":\"https:\\\/\\\/www.meydan.tv\\\/az\\\/#organization\"},\"potentialAction\":[{\"@type\":\"SearchAction\",\"target\":{\"@type\":\"EntryPoint\",\"urlTemplate\":\"https:\\\/\\\/www.meydan.tv\\\/az\\\/?s={search_term_string}\"},\"query-input\":{\"@type\":\"PropertyValueSpecification\",\"valueRequired\":true,\"valueName\":\"search_term_string\"}}],\"inLanguage\":\"az\"},{\"@type\":\"Organization\",\"@id\":\"https:\\\/\\\/www.meydan.tv\\\/az\\\/#organization\",\"name\":\"Meydan TV\",\"url\":\"https:\\\/\\\/www.meydan.tv\\\/az\\\/\",\"logo\":{\"@type\":\"ImageObject\",\"inLanguage\":\"az\",\"@id\":\"https:\\\/\\\/www.meydan.tv\\\/az\\\/#\\\/schema\\\/logo\\\/image\\\/\",\"url\":\"https:\\\/\\\/www.meydan.tv\\\/wp-content\\\/uploads\\\/2021\\\/07\\\/meydan-logo.svg\",\"contentUrl\":\"https:\\\/\\\/www.meydan.tv\\\/wp-content\\\/uploads\\\/2021\\\/07\\\/meydan-logo.svg\",\"width\":195,\"height\":46,\"caption\":\"Meydan TV\"},\"image\":{\"@id\":\"https:\\\/\\\/www.meydan.tv\\\/az\\\/#\\\/schema\\\/logo\\\/image\\\/\"}},{\"@type\":\"Person\",\"@id\":\"https:\\\/\\\/www.meydan.tv\\\/az\\\/#\\\/schema\\\/person\\\/09863e516102a829e72bedcf3f84c6b0\",\"name\":\"mahmud\"}]}<\/script>\n<!-- \/ Yoast SEO plugin. -->","yoast_head_json":{"title":"Bir ay\u0131n \u0259sg\u0259rinin x\u0259st\u0259likd\u0259n v\u0259fat etdiyi deyilir - MEYDAN.TV","robots":{"index":"index","follow":"follow","max-snippet":"max-snippet:-1","max-image-preview":"max-image-preview:large","max-video-preview":"max-video-preview:-1"},"canonical":"https:\/\/www.meydan.tv\/az\/article\/bir-ayin-%c9%99sg%c9%99ri-v%c9%99fat-edib\/","og_locale":"az_AZ","og_type":"article","og_title":"Bir ay\u0131n \u0259sg\u0259rinin x\u0259st\u0259likd\u0259n v\u0259fat etdiyi deyilir - MEYDAN.TV","og_description":"Onun damar divar\u0131n\u0131n iltihab\u0131ndan \u00f6ld\u00fcy\u00fc deyilir Az\u0259rbaycan ordusunun \u0259sg\u0259rinin v\u0259fat ... Davam\u0131","og_url":"https:\/\/www.meydan.tv\/az\/article\/bir-ayin-%c9%99sg%c9%99ri-v%c9%99fat-edib\/","og_site_name":"MEYDAN.TV","article_published_time":"2025-02-24T11:49:51+00:00","article_modified_time":"2025-02-24T13:11:46+00:00","og_image":[{"width":1179,"height":576,"url":"https:\/\/www.meydan.tv\/wp-content\/uploads\/0334.png","type":"image\/png"}],"author":"mahmud","twitter_card":"summary_large_image","schema":{"@context":"https:\/\/schema.org","@graph":[{"@type":"Article","@id":"https:\/\/www.meydan.tv\/az\/article\/bir-ayin-%c9%99sg%c9%99ri-v%c9%99fat-edib\/#article","isPartOf":{"@id":"https:\/\/www.meydan.tv\/az\/article\/bir-ayin-%c9%99sg%c9%99ri-v%c9%99fat-edib\/"},"author":{"name":"mahmud","@id":"https:\/\/www.meydan.tv\/az\/#\/schema\/person\/09863e516102a829e72bedcf3f84c6b0"},"headline":"Bir ay\u0131n \u0259sg\u0259rinin x\u0259st\u0259likd\u0259n v\u0259fat etdiyi deyilir","datePublished":"2025-02-24T11:49:51+00:00","dateModified":"2025-02-24T13:11:46+00:00","mainEntityOfPage":{"@id":"https:\/\/www.meydan.tv\/az\/article\/bir-ayin-%c9%99sg%c9%99ri-v%c9%99fat-edib\/"},"wordCount":292,"publisher":{"@id":"https:\/\/www.meydan.tv\/az\/#organization"},"image":{"@id":"https:\/\/www.meydan.tv\/az\/article\/bir-ayin-%c9%99sg%c9%99ri-v%c9%99fat-edib\/#primaryimage"},"thumbnailUrl":"https:\/\/www.meydan.tv\/wp-content\/uploads\/0334.png","articleSection":["Sosial","T\u00f6vsiy\u0259","X\u0259b\u0259rl\u0259r"],"inLanguage":"az"},{"@type":"WebPage","@id":"https:\/\/www.meydan.tv\/az\/article\/bir-ayin-%c9%99sg%c9%99ri-v%c9%99fat-edib\/","url":"https:\/\/www.meydan.tv\/az\/article\/bir-ayin-%c9%99sg%c9%99ri-v%c9%99fat-edib\/","name":"Bir ay\u0131n \u0259sg\u0259rinin x\u0259st\u0259likd\u0259n v\u0259fat etdiyi deyilir - MEYDAN.TV","isPartOf":{"@id":"https:\/\/www.meydan.tv\/az\/#website"},"primaryImageOfPage":{"@id":"https:\/\/www.meydan.tv\/az\/article\/bir-ayin-%c9%99sg%c9%99ri-v%c9%99fat-edib\/#primaryimage"},"image":{"@id":"https:\/\/www.meydan.tv\/az\/article\/bir-ayin-%c9%99sg%c9%99ri-v%c9%99fat-edib\/#primaryimage"},"thumbnailUrl":"https:\/\/www.meydan.tv\/wp-content\/uploads\/0334.png","datePublished":"2025-02-24T11:49:51+00:00","dateModified":"2025-02-24T13:11:46+00:00","breadcrumb":{"@id":"https:\/\/www.meydan.tv\/az\/article\/bir-ayin-%c9%99sg%c9%99ri-v%c9%99fat-edib\/#breadcrumb"},"inLanguage":"az","potentialAction":[{"@type":"ReadAction","target":["https:\/\/www.meydan.tv\/az\/article\/bir-ayin-%c9%99sg%c9%99ri-v%c9%99fat-edib\/"]}]},{"@type":"ImageObject","inLanguage":"az","@id":"https:\/\/www.meydan.tv\/az\/article\/bir-ayin-%c9%99sg%c9%99ri-v%c9%99fat-edib\/#primaryimage","url":"https:\/\/www.meydan.tv\/wp-content\/uploads\/0334.png","contentUrl":"https:\/\/www.meydan.tv\/wp-content\/uploads\/0334.png","width":1179,"height":576,"caption":"Maqbet M\u0259cidov - Foto: \u015e\u0259xsi arxivind\u0259n"},{"@type":"BreadcrumbList","@id":"https:\/\/www.meydan.tv\/az\/article\/bir-ayin-%c9%99sg%c9%99ri-v%c9%99fat-edib\/#breadcrumb","itemListElement":[{"@type":"ListItem","position":1,"name":"Ana s\u0259hif\u0259","item":"https:\/\/www.meydan.tv\/az\/"},{"@type":"ListItem","position":2,"name":"X\u0259b\u0259rl\u0259r","item":"https:\/\/www.meydan.tv\/az\/section\/xeberler\/"},{"@type":"ListItem","position":3,"name":"Bir ay\u0131n \u0259sg\u0259rinin x\u0259st\u0259likd\u0259n v\u0259fat etdiyi deyilir"}]},{"@type":"WebSite","@id":"https:\/\/www.meydan.tv\/az\/#website","url":"https:\/\/www.meydan.tv\/az\/","name":"MEYDAN.TV","description":"Meydan TV Az\u0259rbaycan\u0131n media m\u0259kan\u0131ndak\u0131 alternativ s\u0259sidir","publisher":{"@id":"https:\/\/www.meydan.tv\/az\/#organization"},"potentialAction":[{"@type":"SearchAction","target":{"@type":"EntryPoint","urlTemplate":"https:\/\/www.meydan.tv\/az\/?s={search_term_string}"},"query-input":{"@type":"PropertyValueSpecification","valueRequired":true,"valueName":"search_term_string"}}],"inLanguage":"az"},{"@type":"Organization","@id":"https:\/\/www.meydan.tv\/az\/#organization","name":"Meydan TV","url":"https:\/\/www.meydan.tv\/az\/","logo":{"@type":"ImageObject","inLanguage":"az","@id":"https:\/\/www.meydan.tv\/az\/#\/schema\/logo\/image\/","url":"https:\/\/www.meydan.tv\/wp-content\/uploads\/2021\/07\/meydan-logo.svg","contentUrl":"https:\/\/www.meydan.tv\/wp-content\/uploads\/2021\/07\/meydan-logo.svg","width":195,"height":46,"caption":"Meydan TV"},"image":{"@id":"https:\/\/www.meydan.tv\/az\/#\/schema\/logo\/image\/"}},{"@type":"Person","@id":"https:\/\/www.meydan.tv\/az\/#\/schema\/person\/09863e516102a829e72bedcf3f84c6b0","name":"mahmud"}]}},"_links":{"self":[{"href":"https:\/\/www.meydan.tv\/az\/wp-json\/wp\/v2\/posts\/326793","targetHints":{"allow":["GET"]}}],"collection":[{"href":"https:\/\/www.meydan.tv\/az\/wp-json\/wp\/v2\/posts"}],"about":[{"href":"https:\/\/www.meydan.tv\/az\/wp-json\/wp\/v2\/types\/post"}],"author":[{"embeddable":true,"href":"https:\/\/www.meydan.tv\/az\/wp-json\/wp\/v2\/users\/21"}],"replies":[{"embeddable":true,"href":"https:\/\/www.meydan.tv\/az\/wp-json\/wp\/v2\/comments?post=326793"}],"version-history":[{"count":4,"href":"https:\/\/www.meydan.tv\/az\/wp-json\/wp\/v2\/posts\/326793\/revisions"}],"predecessor-version":[{"id":326811,"href":"https:\/\/www.meydan.tv\/az\/wp-json\/wp\/v2\/posts\/326793\/revisions\/326811"}],"wp:featuredmedia":[{"embeddable":true,"href":"https:\/\/www.meydan.tv\/az\/wp-json\/wp\/v2\/media\/326807"}],"wp:attachment":[{"href":"https:\/\/www.meydan.tv\/az\/wp-json\/wp\/v2\/media?parent=326793"}],"wp:term":[{"taxonomy":"category","embeddable":true,"href":"https:\/\/www.meydan.tv\/az\/wp-json\/wp\/v2\/categories?post=326793"},{"taxonomy":"post_tag","embeddable":true,"href":"https:\/\/www.meydan.tv\/az\/wp-json\/wp\/v2\/tags?post=326793"}],"curies":[{"name":"wp","href":"https:\/\/api.w.org\/{rel}","templated":true}]}}