{"id":326729,"date":"2025-02-21T13:38:02","date_gmt":"2025-02-21T09:38:02","guid":{"rendered":"https:\/\/www.meydan.tv\/?p=326729"},"modified":"2025-02-21T13:38:04","modified_gmt":"2025-02-21T09:38:04","slug":"qubad-ibadoglunun-nobel-sulh-mukafatina-namiz%c9%99dliyi-ir%c9%99li-surulub","status":"publish","type":"post","link":"https:\/\/www.meydan.tv\/az\/article\/qubad-ibadoglunun-nobel-sulh-mukafatina-namiz%c9%99dliyi-ir%c9%99li-surulub\/","title":{"rendered":"Qubad \u0130bado\u011flunun Nobel S\u00fclh M\u00fckafat\u0131na namiz\u0259dliyi ir\u0259li s\u00fcr\u00fcl\u00fcb"},"content":{"rendered":"\n<p><\/p>\n\n\n\n<p><strong><em>Norve\u00e7 Nobel Komit\u0259sinin onun namiz\u0259dliyini art\u0131q qeyd\u0259 ald\u0131\u011f\u0131 bildirilir<\/em><\/strong><\/p>\n\n\n\n<p>\u0130qtisad\u00e7\u0131, haz\u0131rda ev dustaql\u0131\u011f\u0131nda olan Qubad \u0130bado\u011flunun Nobel S\u00fclh M\u00fckafat\u0131na namiz\u0259dliyi ir\u0259li s\u00fcr\u00fcl\u00fcb.<\/p>\n\n\n\n<p>Bu bar\u0259d\u0259 m\u0259lumat\u0131 Qubad \u0130bado\u011flunun qarda\u015f\u0131 Qalib Bayramov \u00f6z\u00fcn\u00fcn \u201cFacebook\u201d hesab\u0131nda <a href=\"https:\/\/www.facebook.com\/permalink.php?story_fbid=pfbid0RCyXb4G9VMrRKhT8YUf8hx6Ur7CZ5qXHmt1xNHuKhdW3MczKD1iA9rnhSviGRz9El&amp;id=100095161188314\" target=\"_blank\" rel=\"noreferrer noopener\">payla\u015f\u0131b<\/a>. <\/p>\n\n\n\n<p>Onun s\u00f6zl\u0259rin\u0259 g\u00f6r\u0259, bu t\u0259\u015f\u0259bb\u00fcsl\u0259 Avropa T\u0259dqiqatlar\u0131 M\u0259rk\u0259zinin direktoru, AB\u015e-nin Rutgers Universitetinin professoru Belinda Davis \u00e7\u0131x\u0131\u015f edib.<\/p>\n\n\n\n<p>Norve\u00e7 Nobel Komit\u0259si Qubad \u0130bado\u011flunun 2025-ci il \u00fczr\u0259 Nobel S\u00fclh M\u00fckafat\u0131na namiz\u0259dliyini qeyd\u0259 al\u0131b.<\/p>\n\n\n\n<p>Qubad \u0130bado\u011flu Nobel S\u00fclh M\u00fckafat\u0131na namiz\u0259dliyi ir\u0259li s\u00fcr\u00fcl\u0259n ilk az\u0259rbaycanl\u0131 say\u0131l\u0131r.<\/p>\n\n\n\n<p>2024-c\u00fc ild\u0259 Avropa Parlamentind\u0259 Ya\u015f\u0131llar Qrupu\/ Qrupunun Avropa Azad Alyans\u0131 Qubad \u0130bado\u011flunun Andrey Saxarov ad\u0131na \u201cD\u00fc\u015f\u00fcnc\u0259 azadl\u0131\u011f\u0131\u201d m\u00fckafat\u0131na namiz\u0259dliyini ir\u0259li s\u00fcrm\u00fc\u015fd\u00fc.<\/p>\n\n\n\n<p>\u00dc\u00e7 g\u00fcn \u00f6nc\u0259 \u0130ndoneziyan\u0131n paytaxt\u0131 Cakartada ke\u00e7iril\u0259n beyn\u0259lxalq konfransda Qubad \u0130bado\u011flunun h\u0259mkarlar\u0131 onunla h\u0259mr\u0259y olduqlar\u0131n\u0131 bir daha n\u00fcmayi\u015f etdiribl\u0259r: \u201c\u00d6d\u0259diyini a\u00e7\u0131qla\u201d (PWYP \u2013 Publish What You Pay) beyn\u0259lxalq v\u0259t\u0259nda\u015f c\u0259miyy\u0259ti koalisiyas\u0131n\u0131n \u00fcmumi y\u0131\u011f\u0131nca\u011f\u0131nda professor Qubad \u0130bado\u011flunun qanunsuz h\u0259bsin\u0259 etiraz m\u0259qs\u0259dil\u0259 onun prezidiumdak\u0131 yeri bo\u015f saxlan\u0131l\u0131b.<\/p>\n\n\n\n<p>Qubad \u0130bado\u011flu London \u0130qtisadiyyat M\u0259kt\u0259binin ke\u00e7mi\u015f t\u0259dqiqat\u00e7\u0131s\u0131, iqtisad\u00e7\u0131d\u0131r.<\/p>\n\n\n\n<p>Az\u0259rbaycanda d\u00f6vl\u0259t x\u0259rcl\u0259ri, d\u00f6vl\u0259t m\u00fc\u0259ssis\u0259l\u0259rind\u0259ki korrupsiya mexanizmini if\u015fa etm\u0259kd\u0259 tan\u0131n\u0131r.<\/p>\n\n\n\n<p>O, 2023-c\u00fc il iyulun 23-d\u0259 saxlan\u0131l\u0131b, ona qar\u015f\u0131 Cinay\u0259t M\u0259c\u0259ll\u0259sinin 204.3.1 madd\u0259si il\u0259 ittiham ir\u0259li s\u00fcr\u00fcl\u00fcb.<\/p>\n\n\n\n<p>H\u0259min g\u00fcn onun ofisind\u0259 ke\u00e7iril\u0259n axtar\u0131\u015fda 40 min dollar pul tap\u0131ld\u0131\u011f\u0131, onun bir hiss\u0259sinin saxta oldu\u011fu iddia edilib.<\/p>\n\n\n\n<p>T\u0259qsirl\u0259ndiril\u0259n iqtisad\u00e7\u0131 bildirib ki, h\u0259min pulun ona he\u00e7 bir aidiyy\u0259ti yoxdur v\u0259 ora polisl\u0259rin \u00f6zl\u0259ri yerl\u0259\u015fdirib, sonra da g\u00f6t\u00fcr\u00fcbl\u0259r.<\/p>\n\n\n\n<p>\u0130qtisad\u00e7\u0131 h\u0259m\u00e7inin FET\u00d6 (Fetullah G\u00fclen Terror \u00d6rg\u00fct\u00fc) il\u0259 \u0259laq\u0259d\u0259 ittiham olunur. Lakin o, ittiham\u0131 r\u0259dd edir, siyasi sifari\u015fl\u0259 h\u0259bs olunduqlar\u0131n\u0131 deyir.<\/p>\n\n\n\n<p>Qubad \u0130bado\u011flu h\u0259bs olundu\u011fu g\u00fcn axtar\u0131\u015fdan sonra binadan \u00e7\u0131xar\u0131l\u0131b apar\u0131lark\u0259n Prezident \u0130lham \u018fliyevin sifari\u015fil\u0259 h\u0259bs olundu\u011funu bildirib.<\/p>\n\n\n\n<p>O, 2024-c\u00fc il aprelin 22-d\u0259 ev dustaql\u0131\u011f\u0131na burax\u0131l\u0131b.<\/p>\n\n\n\n<p>2024-c\u00fc il may\u0131n 14-d\u0259 is\u0259 s\u0259dri oldu\u011fu Az\u0259rbaycan Demokratiya v\u0259 Rifah Partiyas\u0131n\u0131n (ADR) f\u0259aliyy\u0259tinin dayand\u0131r\u0131lmas\u0131 bar\u0259d\u0259 q\u0259rar q\u0259bul edilib.<\/p>\n\n\n\n<p>ADR \u0130dar\u0259 Hey\u0259ti partiyan\u0131n f\u0259aliyy\u0259tini dayand\u0131rmas\u0131n\u0131 qeydiyyata al\u0131nmamas\u0131yla izah edib.<\/p>\n\n\n\n<p>Qubad \u0130bado\u011flu ev dustaql\u0131\u011f\u0131na burax\u0131lsa da, sonradan bu q\u0259timkan t\u0259dbiri \u201cpolis n\u0259zar\u0259tin\u0259 verm\u0259\u201d il\u0259 \u0259v\u0259z olunub.<\/p>\n\n\n\n<p>Nobel S\u00fclh M\u00fckafat\u0131n\u0131 alanlar\u0131n adlar\u0131 oktyabr\u0131n 6-dan 13-d\u0259k a\u00e7\u0131qlanacaq.<\/p>\n\n\n\n<p>Nobel S\u00fclh M\u00fckafat\u0131 1895-ci ild\u0259 isve\u00e7li ixtira\u00e7\u0131-alim Alfred Nobelin v\u0259siyy\u0259ti \u0259sas\u0131nda t\u0259sis edilib.<\/p>\n\n\n\n<p>\u0130lk d\u0259f\u0259 sahibin\u0259 1901-ci ild\u0259 t\u0259qdim olunub.<\/p>\n\n\n\n<p>M\u00fckafat q\u0131z\u0131l medal v\u0259 puldan ibar\u0259tdir.<\/p>\n","protected":false},"excerpt":{"rendered":"<p>Norve\u00e7 Nobel Komit\u0259sinin onun namiz\u0259dliyini art\u0131q qeyd\u0259 ald\u0131\u011f\u0131 bildirilir \u0130qtisad\u00e7\u0131, &#8230; <\/p>\n<p class=\"read-more-container\"><a title=\"Qubad \u0130bado\u011flunun Nobel S\u00fclh M\u00fckafat\u0131na namiz\u0259dliyi ir\u0259li s\u00fcr\u00fcl\u00fcb\" class=\"read-more button\" href=\"https:\/\/www.meydan.tv\/az\/article\/qubad-ibadoglunun-nobel-sulh-mukafatina-namiz%c9%99dliyi-ir%c9%99li-surulub\/#more-326729\" aria-label=\"Read more about Qubad \u0130bado\u011flunun Nobel S\u00fclh M\u00fckafat\u0131na namiz\u0259dliyi ir\u0259li s\u00fcr\u00fcl\u00fcb\">Davam\u0131<\/a><\/p>\n","protected":false},"author":21,"featured_media":224886,"comment_status":"closed","ping_status":"closed","sticky":false,"template":"","format":"standard","meta":{"_acf_changed":false,"_sitemap_exclude":false,"_sitemap_priority":"","_sitemap_frequency":"","footnotes":""},"categories":[59,79,56],"tags":[],"class_list":["post-326729","post","type-post","status-publish","format-standard","has-post-thumbnail","hentry","category-siyaset","category-featured","category-xeberler","infinite-scroll-item","generate-columns","tablet-grid-50","mobile-grid-100","grid-parent","grid-33","no-featured-image-padding"],"acf":[],"yoast_head":"<!-- This site is optimized with the Yoast SEO plugin v27.5 - https:\/\/yoast.com\/product\/yoast-seo-wordpress\/ -->\n<title>Qubad \u0130bado\u011flunun Nobel S\u00fclh M\u00fckafat\u0131na namiz\u0259dliyi ir\u0259li s\u00fcr\u00fcl\u00fcb - MEYDAN.TV<\/title>\n<meta name=\"robots\" content=\"index, follow, max-snippet:-1, max-image-preview:large, max-video-preview:-1\" \/>\n<link rel=\"canonical\" href=\"https:\/\/www.meydan.tv\/az\/article\/qubad-ibadoglunun-nobel-sulh-mukafatina-namiz%c9%99dliyi-ir%c9%99li-surulub\/\" \/>\n<meta property=\"og:locale\" content=\"az_AZ\" \/>\n<meta property=\"og:type\" content=\"article\" \/>\n<meta property=\"og:title\" content=\"Qubad \u0130bado\u011flunun Nobel S\u00fclh M\u00fckafat\u0131na namiz\u0259dliyi ir\u0259li s\u00fcr\u00fcl\u00fcb - MEYDAN.TV\" \/>\n<meta property=\"og:description\" content=\"Norve\u00e7 Nobel Komit\u0259sinin onun namiz\u0259dliyini art\u0131q qeyd\u0259 ald\u0131\u011f\u0131 bildirilir \u0130qtisad\u00e7\u0131, ... Davam\u0131\" \/>\n<meta property=\"og:url\" content=\"https:\/\/www.meydan.tv\/az\/article\/qubad-ibadoglunun-nobel-sulh-mukafatina-namiz%c9%99dliyi-ir%c9%99li-surulub\/\" \/>\n<meta property=\"og:site_name\" content=\"MEYDAN.TV\" \/>\n<meta property=\"article:published_time\" content=\"2025-02-21T09:38:02+00:00\" \/>\n<meta property=\"article:modified_time\" content=\"2025-02-21T09:38:04+00:00\" \/>\n<meta property=\"og:image\" content=\"https:\/\/www.meydan.tv\/wp-content\/uploads\/qubad-1-scaled-e1690123865255.jpg\" \/>\n\t<meta property=\"og:image:width\" content=\"2560\" \/>\n\t<meta property=\"og:image:height\" content=\"1260\" \/>\n\t<meta property=\"og:image:type\" content=\"image\/jpeg\" \/>\n<meta name=\"author\" content=\"mahmud\" \/>\n<meta name=\"twitter:card\" content=\"summary_large_image\" \/>\n<script type=\"application\/ld+json\" class=\"yoast-schema-graph\">{\"@context\":\"https:\\\/\\\/schema.org\",\"@graph\":[{\"@type\":\"Article\",\"@id\":\"https:\\\/\\\/www.meydan.tv\\\/az\\\/article\\\/qubad-ibadoglunun-nobel-sulh-mukafatina-namiz%c9%99dliyi-ir%c9%99li-surulub\\\/#article\",\"isPartOf\":{\"@id\":\"https:\\\/\\\/www.meydan.tv\\\/az\\\/article\\\/qubad-ibadoglunun-nobel-sulh-mukafatina-namiz%c9%99dliyi-ir%c9%99li-surulub\\\/\"},\"author\":{\"name\":\"mahmud\",\"@id\":\"https:\\\/\\\/www.meydan.tv\\\/az\\\/#\\\/schema\\\/person\\\/09863e516102a829e72bedcf3f84c6b0\"},\"headline\":\"Qubad \u0130bado\u011flunun Nobel S\u00fclh M\u00fckafat\u0131na namiz\u0259dliyi ir\u0259li s\u00fcr\u00fcl\u00fcb\",\"datePublished\":\"2025-02-21T09:38:02+00:00\",\"dateModified\":\"2025-02-21T09:38:04+00:00\",\"mainEntityOfPage\":{\"@id\":\"https:\\\/\\\/www.meydan.tv\\\/az\\\/article\\\/qubad-ibadoglunun-nobel-sulh-mukafatina-namiz%c9%99dliyi-ir%c9%99li-surulub\\\/\"},\"wordCount\":568,\"publisher\":{\"@id\":\"https:\\\/\\\/www.meydan.tv\\\/az\\\/#organization\"},\"image\":{\"@id\":\"https:\\\/\\\/www.meydan.tv\\\/az\\\/article\\\/qubad-ibadoglunun-nobel-sulh-mukafatina-namiz%c9%99dliyi-ir%c9%99li-surulub\\\/#primaryimage\"},\"thumbnailUrl\":\"https:\\\/\\\/www.meydan.tv\\\/wp-content\\\/uploads\\\/qubad-1-scaled-e1690123865255.jpg\",\"articleSection\":[\"Siyas\u0259t\",\"T\u00f6vsiy\u0259\",\"X\u0259b\u0259rl\u0259r\"],\"inLanguage\":\"az\"},{\"@type\":\"WebPage\",\"@id\":\"https:\\\/\\\/www.meydan.tv\\\/az\\\/article\\\/qubad-ibadoglunun-nobel-sulh-mukafatina-namiz%c9%99dliyi-ir%c9%99li-surulub\\\/\",\"url\":\"https:\\\/\\\/www.meydan.tv\\\/az\\\/article\\\/qubad-ibadoglunun-nobel-sulh-mukafatina-namiz%c9%99dliyi-ir%c9%99li-surulub\\\/\",\"name\":\"Qubad \u0130bado\u011flunun Nobel S\u00fclh M\u00fckafat\u0131na namiz\u0259dliyi ir\u0259li s\u00fcr\u00fcl\u00fcb - MEYDAN.TV\",\"isPartOf\":{\"@id\":\"https:\\\/\\\/www.meydan.tv\\\/az\\\/#website\"},\"primaryImageOfPage\":{\"@id\":\"https:\\\/\\\/www.meydan.tv\\\/az\\\/article\\\/qubad-ibadoglunun-nobel-sulh-mukafatina-namiz%c9%99dliyi-ir%c9%99li-surulub\\\/#primaryimage\"},\"image\":{\"@id\":\"https:\\\/\\\/www.meydan.tv\\\/az\\\/article\\\/qubad-ibadoglunun-nobel-sulh-mukafatina-namiz%c9%99dliyi-ir%c9%99li-surulub\\\/#primaryimage\"},\"thumbnailUrl\":\"https:\\\/\\\/www.meydan.tv\\\/wp-content\\\/uploads\\\/qubad-1-scaled-e1690123865255.jpg\",\"datePublished\":\"2025-02-21T09:38:02+00:00\",\"dateModified\":\"2025-02-21T09:38:04+00:00\",\"breadcrumb\":{\"@id\":\"https:\\\/\\\/www.meydan.tv\\\/az\\\/article\\\/qubad-ibadoglunun-nobel-sulh-mukafatina-namiz%c9%99dliyi-ir%c9%99li-surulub\\\/#breadcrumb\"},\"inLanguage\":\"az\",\"potentialAction\":[{\"@type\":\"ReadAction\",\"target\":[\"https:\\\/\\\/www.meydan.tv\\\/az\\\/article\\\/qubad-ibadoglunun-nobel-sulh-mukafatina-namiz%c9%99dliyi-ir%c9%99li-surulub\\\/\"]}]},{\"@type\":\"ImageObject\",\"inLanguage\":\"az\",\"@id\":\"https:\\\/\\\/www.meydan.tv\\\/az\\\/article\\\/qubad-ibadoglunun-nobel-sulh-mukafatina-namiz%c9%99dliyi-ir%c9%99li-surulub\\\/#primaryimage\",\"url\":\"https:\\\/\\\/www.meydan.tv\\\/wp-content\\\/uploads\\\/qubad-1-scaled-e1690123865255.jpg\",\"contentUrl\":\"https:\\\/\\\/www.meydan.tv\\\/wp-content\\\/uploads\\\/qubad-1-scaled-e1690123865255.jpg\",\"width\":2560,\"height\":1260,\"caption\":\"Qubad \u0130bado\u011flu: Foto: Meydan TV\"},{\"@type\":\"BreadcrumbList\",\"@id\":\"https:\\\/\\\/www.meydan.tv\\\/az\\\/article\\\/qubad-ibadoglunun-nobel-sulh-mukafatina-namiz%c9%99dliyi-ir%c9%99li-surulub\\\/#breadcrumb\",\"itemListElement\":[{\"@type\":\"ListItem\",\"position\":1,\"name\":\"Ana s\u0259hif\u0259\",\"item\":\"https:\\\/\\\/www.meydan.tv\\\/az\\\/\"},{\"@type\":\"ListItem\",\"position\":2,\"name\":\"Siyas\u0259t\",\"item\":\"https:\\\/\\\/www.meydan.tv\\\/az\\\/section\\\/siyaset\\\/\"},{\"@type\":\"ListItem\",\"position\":3,\"name\":\"Qubad \u0130bado\u011flunun Nobel S\u00fclh M\u00fckafat\u0131na namiz\u0259dliyi ir\u0259li s\u00fcr\u00fcl\u00fcb\"}]},{\"@type\":\"WebSite\",\"@id\":\"https:\\\/\\\/www.meydan.tv\\\/az\\\/#website\",\"url\":\"https:\\\/\\\/www.meydan.tv\\\/az\\\/\",\"name\":\"MEYDAN.TV\",\"description\":\"Meydan TV Az\u0259rbaycan\u0131n media m\u0259kan\u0131ndak\u0131 alternativ s\u0259sidir\",\"publisher\":{\"@id\":\"https:\\\/\\\/www.meydan.tv\\\/az\\\/#organization\"},\"potentialAction\":[{\"@type\":\"SearchAction\",\"target\":{\"@type\":\"EntryPoint\",\"urlTemplate\":\"https:\\\/\\\/www.meydan.tv\\\/az\\\/?s={search_term_string}\"},\"query-input\":{\"@type\":\"PropertyValueSpecification\",\"valueRequired\":true,\"valueName\":\"search_term_string\"}}],\"inLanguage\":\"az\"},{\"@type\":\"Organization\",\"@id\":\"https:\\\/\\\/www.meydan.tv\\\/az\\\/#organization\",\"name\":\"Meydan TV\",\"url\":\"https:\\\/\\\/www.meydan.tv\\\/az\\\/\",\"logo\":{\"@type\":\"ImageObject\",\"inLanguage\":\"az\",\"@id\":\"https:\\\/\\\/www.meydan.tv\\\/az\\\/#\\\/schema\\\/logo\\\/image\\\/\",\"url\":\"https:\\\/\\\/www.meydan.tv\\\/wp-content\\\/uploads\\\/2021\\\/07\\\/meydan-logo.svg\",\"contentUrl\":\"https:\\\/\\\/www.meydan.tv\\\/wp-content\\\/uploads\\\/2021\\\/07\\\/meydan-logo.svg\",\"width\":195,\"height\":46,\"caption\":\"Meydan TV\"},\"image\":{\"@id\":\"https:\\\/\\\/www.meydan.tv\\\/az\\\/#\\\/schema\\\/logo\\\/image\\\/\"}},{\"@type\":\"Person\",\"@id\":\"https:\\\/\\\/www.meydan.tv\\\/az\\\/#\\\/schema\\\/person\\\/09863e516102a829e72bedcf3f84c6b0\",\"name\":\"mahmud\"}]}<\/script>\n<!-- \/ Yoast SEO plugin. -->","yoast_head_json":{"title":"Qubad \u0130bado\u011flunun Nobel S\u00fclh M\u00fckafat\u0131na namiz\u0259dliyi ir\u0259li s\u00fcr\u00fcl\u00fcb - MEYDAN.TV","robots":{"index":"index","follow":"follow","max-snippet":"max-snippet:-1","max-image-preview":"max-image-preview:large","max-video-preview":"max-video-preview:-1"},"canonical":"https:\/\/www.meydan.tv\/az\/article\/qubad-ibadoglunun-nobel-sulh-mukafatina-namiz%c9%99dliyi-ir%c9%99li-surulub\/","og_locale":"az_AZ","og_type":"article","og_title":"Qubad \u0130bado\u011flunun Nobel S\u00fclh M\u00fckafat\u0131na namiz\u0259dliyi ir\u0259li s\u00fcr\u00fcl\u00fcb - MEYDAN.TV","og_description":"Norve\u00e7 Nobel Komit\u0259sinin onun namiz\u0259dliyini art\u0131q qeyd\u0259 ald\u0131\u011f\u0131 bildirilir \u0130qtisad\u00e7\u0131, ... Davam\u0131","og_url":"https:\/\/www.meydan.tv\/az\/article\/qubad-ibadoglunun-nobel-sulh-mukafatina-namiz%c9%99dliyi-ir%c9%99li-surulub\/","og_site_name":"MEYDAN.TV","article_published_time":"2025-02-21T09:38:02+00:00","article_modified_time":"2025-02-21T09:38:04+00:00","og_image":[{"width":2560,"height":1260,"url":"https:\/\/www.meydan.tv\/wp-content\/uploads\/qubad-1-scaled-e1690123865255.jpg","type":"image\/jpeg"}],"author":"mahmud","twitter_card":"summary_large_image","schema":{"@context":"https:\/\/schema.org","@graph":[{"@type":"Article","@id":"https:\/\/www.meydan.tv\/az\/article\/qubad-ibadoglunun-nobel-sulh-mukafatina-namiz%c9%99dliyi-ir%c9%99li-surulub\/#article","isPartOf":{"@id":"https:\/\/www.meydan.tv\/az\/article\/qubad-ibadoglunun-nobel-sulh-mukafatina-namiz%c9%99dliyi-ir%c9%99li-surulub\/"},"author":{"name":"mahmud","@id":"https:\/\/www.meydan.tv\/az\/#\/schema\/person\/09863e516102a829e72bedcf3f84c6b0"},"headline":"Qubad \u0130bado\u011flunun Nobel S\u00fclh M\u00fckafat\u0131na namiz\u0259dliyi ir\u0259li s\u00fcr\u00fcl\u00fcb","datePublished":"2025-02-21T09:38:02+00:00","dateModified":"2025-02-21T09:38:04+00:00","mainEntityOfPage":{"@id":"https:\/\/www.meydan.tv\/az\/article\/qubad-ibadoglunun-nobel-sulh-mukafatina-namiz%c9%99dliyi-ir%c9%99li-surulub\/"},"wordCount":568,"publisher":{"@id":"https:\/\/www.meydan.tv\/az\/#organization"},"image":{"@id":"https:\/\/www.meydan.tv\/az\/article\/qubad-ibadoglunun-nobel-sulh-mukafatina-namiz%c9%99dliyi-ir%c9%99li-surulub\/#primaryimage"},"thumbnailUrl":"https:\/\/www.meydan.tv\/wp-content\/uploads\/qubad-1-scaled-e1690123865255.jpg","articleSection":["Siyas\u0259t","T\u00f6vsiy\u0259","X\u0259b\u0259rl\u0259r"],"inLanguage":"az"},{"@type":"WebPage","@id":"https:\/\/www.meydan.tv\/az\/article\/qubad-ibadoglunun-nobel-sulh-mukafatina-namiz%c9%99dliyi-ir%c9%99li-surulub\/","url":"https:\/\/www.meydan.tv\/az\/article\/qubad-ibadoglunun-nobel-sulh-mukafatina-namiz%c9%99dliyi-ir%c9%99li-surulub\/","name":"Qubad \u0130bado\u011flunun Nobel S\u00fclh M\u00fckafat\u0131na namiz\u0259dliyi ir\u0259li s\u00fcr\u00fcl\u00fcb - MEYDAN.TV","isPartOf":{"@id":"https:\/\/www.meydan.tv\/az\/#website"},"primaryImageOfPage":{"@id":"https:\/\/www.meydan.tv\/az\/article\/qubad-ibadoglunun-nobel-sulh-mukafatina-namiz%c9%99dliyi-ir%c9%99li-surulub\/#primaryimage"},"image":{"@id":"https:\/\/www.meydan.tv\/az\/article\/qubad-ibadoglunun-nobel-sulh-mukafatina-namiz%c9%99dliyi-ir%c9%99li-surulub\/#primaryimage"},"thumbnailUrl":"https:\/\/www.meydan.tv\/wp-content\/uploads\/qubad-1-scaled-e1690123865255.jpg","datePublished":"2025-02-21T09:38:02+00:00","dateModified":"2025-02-21T09:38:04+00:00","breadcrumb":{"@id":"https:\/\/www.meydan.tv\/az\/article\/qubad-ibadoglunun-nobel-sulh-mukafatina-namiz%c9%99dliyi-ir%c9%99li-surulub\/#breadcrumb"},"inLanguage":"az","potentialAction":[{"@type":"ReadAction","target":["https:\/\/www.meydan.tv\/az\/article\/qubad-ibadoglunun-nobel-sulh-mukafatina-namiz%c9%99dliyi-ir%c9%99li-surulub\/"]}]},{"@type":"ImageObject","inLanguage":"az","@id":"https:\/\/www.meydan.tv\/az\/article\/qubad-ibadoglunun-nobel-sulh-mukafatina-namiz%c9%99dliyi-ir%c9%99li-surulub\/#primaryimage","url":"https:\/\/www.meydan.tv\/wp-content\/uploads\/qubad-1-scaled-e1690123865255.jpg","contentUrl":"https:\/\/www.meydan.tv\/wp-content\/uploads\/qubad-1-scaled-e1690123865255.jpg","width":2560,"height":1260,"caption":"Qubad \u0130bado\u011flu: Foto: Meydan TV"},{"@type":"BreadcrumbList","@id":"https:\/\/www.meydan.tv\/az\/article\/qubad-ibadoglunun-nobel-sulh-mukafatina-namiz%c9%99dliyi-ir%c9%99li-surulub\/#breadcrumb","itemListElement":[{"@type":"ListItem","position":1,"name":"Ana s\u0259hif\u0259","item":"https:\/\/www.meydan.tv\/az\/"},{"@type":"ListItem","position":2,"name":"Siyas\u0259t","item":"https:\/\/www.meydan.tv\/az\/section\/siyaset\/"},{"@type":"ListItem","position":3,"name":"Qubad \u0130bado\u011flunun Nobel S\u00fclh M\u00fckafat\u0131na namiz\u0259dliyi ir\u0259li s\u00fcr\u00fcl\u00fcb"}]},{"@type":"WebSite","@id":"https:\/\/www.meydan.tv\/az\/#website","url":"https:\/\/www.meydan.tv\/az\/","name":"MEYDAN.TV","description":"Meydan TV Az\u0259rbaycan\u0131n media m\u0259kan\u0131ndak\u0131 alternativ s\u0259sidir","publisher":{"@id":"https:\/\/www.meydan.tv\/az\/#organization"},"potentialAction":[{"@type":"SearchAction","target":{"@type":"EntryPoint","urlTemplate":"https:\/\/www.meydan.tv\/az\/?s={search_term_string}"},"query-input":{"@type":"PropertyValueSpecification","valueRequired":true,"valueName":"search_term_string"}}],"inLanguage":"az"},{"@type":"Organization","@id":"https:\/\/www.meydan.tv\/az\/#organization","name":"Meydan TV","url":"https:\/\/www.meydan.tv\/az\/","logo":{"@type":"ImageObject","inLanguage":"az","@id":"https:\/\/www.meydan.tv\/az\/#\/schema\/logo\/image\/","url":"https:\/\/www.meydan.tv\/wp-content\/uploads\/2021\/07\/meydan-logo.svg","contentUrl":"https:\/\/www.meydan.tv\/wp-content\/uploads\/2021\/07\/meydan-logo.svg","width":195,"height":46,"caption":"Meydan TV"},"image":{"@id":"https:\/\/www.meydan.tv\/az\/#\/schema\/logo\/image\/"}},{"@type":"Person","@id":"https:\/\/www.meydan.tv\/az\/#\/schema\/person\/09863e516102a829e72bedcf3f84c6b0","name":"mahmud"}]}},"_links":{"self":[{"href":"https:\/\/www.meydan.tv\/az\/wp-json\/wp\/v2\/posts\/326729","targetHints":{"allow":["GET"]}}],"collection":[{"href":"https:\/\/www.meydan.tv\/az\/wp-json\/wp\/v2\/posts"}],"about":[{"href":"https:\/\/www.meydan.tv\/az\/wp-json\/wp\/v2\/types\/post"}],"author":[{"embeddable":true,"href":"https:\/\/www.meydan.tv\/az\/wp-json\/wp\/v2\/users\/21"}],"replies":[{"embeddable":true,"href":"https:\/\/www.meydan.tv\/az\/wp-json\/wp\/v2\/comments?post=326729"}],"version-history":[{"count":1,"href":"https:\/\/www.meydan.tv\/az\/wp-json\/wp\/v2\/posts\/326729\/revisions"}],"predecessor-version":[{"id":326730,"href":"https:\/\/www.meydan.tv\/az\/wp-json\/wp\/v2\/posts\/326729\/revisions\/326730"}],"wp:featuredmedia":[{"embeddable":true,"href":"https:\/\/www.meydan.tv\/az\/wp-json\/wp\/v2\/media\/224886"}],"wp:attachment":[{"href":"https:\/\/www.meydan.tv\/az\/wp-json\/wp\/v2\/media?parent=326729"}],"wp:term":[{"taxonomy":"category","embeddable":true,"href":"https:\/\/www.meydan.tv\/az\/wp-json\/wp\/v2\/categories?post=326729"},{"taxonomy":"post_tag","embeddable":true,"href":"https:\/\/www.meydan.tv\/az\/wp-json\/wp\/v2\/tags?post=326729"}],"curies":[{"name":"wp","href":"https:\/\/api.w.org\/{rel}","templated":true}]}}