{"id":326727,"date":"2025-02-21T13:26:23","date_gmt":"2025-02-21T09:26:23","guid":{"rendered":"https:\/\/www.meydan.tv\/?p=326727"},"modified":"2025-02-21T13:26:25","modified_gmt":"2025-02-21T09:26:25","slug":"apelyasiya-m%c9%99hk%c9%99m%c9%99si-anar-m%c9%99mm%c9%99dlini-h%c9%99bsd%c9%99-saxladi","status":"publish","type":"post","link":"https:\/\/www.meydan.tv\/az\/article\/apelyasiya-m%c9%99hk%c9%99m%c9%99si-anar-m%c9%99mm%c9%99dlini-h%c9%99bsd%c9%99-saxladi\/","title":{"rendered":"Apelyasiya m\u0259hk\u0259m\u0259si Anar M\u0259mm\u0259dlini h\u0259bsd\u0259 saxlad\u0131"},"content":{"rendered":"\n<p><\/p>\n\n\n\n<p><strong><em>Anar M\u0259mm\u0259dli s\u0259hh\u0259tind\u0259 yaranm\u0131\u015f probleml\u0259r\u0259 g\u00f6r\u0259 m\u0259hk\u0259m\u0259d\u0259 i\u015ftirakdan imtina edib<\/em><\/strong><\/p>\n\n\n\n<p>Fevral\u0131n 21-d\u0259 Bak\u0131 Apelyasiya M\u0259hk\u0259m\u0259sind\u0259 X\u0259tai rayon M\u0259hk\u0259m\u0259sinin Se\u00e7kil\u0259rin Monitorinqi v\u0259 Demokratiyan\u0131n T\u0259drisi M\u0259rk\u0259zinin direktoru&nbsp; Anar M\u0259mm\u0259dlinin h\u0259bs q\u0259timkan m\u00fcdd\u0259tinin uzad\u0131lmas\u0131 il\u0259 ba\u011fl\u0131 qarar\u0131ndan verilmi\u015f \u015fikay\u0259t\u0259 bax\u0131l\u0131b.<\/p>\n\n\n\n<p>Hakim Habil M\u0259mm\u0259dovun s\u0259drliyi il\u0259 ke\u00e7iril\u0259n iclasda \u015fikay\u0259t t\u0259min edilm\u0259yib v\u0259 Anar M\u0259mm\u0259dli h\u0259bsd\u0259 qal\u0131b.<\/p>\n\n\n\n<p>V\u0259kil Cavad Cavadovun verdiyi m\u0259lumata g\u00f6r\u0259 Anar M\u0259mm\u0259dli s\u0259hh\u0259tind\u0259 yaranm\u0131\u015f probleml\u0259r\u0259 g\u00f6r\u0259 m\u0259hk\u0259m\u0259d\u0259 i\u015ftirakdan imtina edib:<\/p>\n\n\n\n<p><em>&#8220;Bir ne\u00e7\u0259 g\u00fcn \u00f6nc\u0259 Anarla istintaq t\u0259cridxanas\u0131nda g\u00f6r\u00fc\u015fd\u00fcm. Anar bildirdi ki, s\u0259hh\u0259tind\u0259 a\u011f\u0131rla\u015fma var v\u0259 Apellyasiya M\u0259hk\u0259m\u0259sind\u0259 i\u015ftirak etm\u0259k ist\u0259mir v\u0259 bununla ba\u011fl\u0131 \u0259riz\u0259 il\u0259 m\u00fcraci\u0259t edib. Anar vertigo x\u0259st\u0259liyind\u0259n \u0259ziyy\u0259t \u00e7\u0259kir v\u0259 m\u00fctamadi ba\u015f d\u00f6nm\u0259si (gic\u0259ll\u0259nm\u0259) hallar\u0131 olur. D\u0259f\u0259l\u0259rl\u0259 m\u00fcraci\u0259tl\u0259r\u0259 baxmayaraq, adekvat m\u00fcalic\u0259 ala bilmir&#8221;.<\/em><em><\/em><\/p>\n\n\n\n<p>Anar M\u0259mm\u0259dli 2024-c\u00fc il aprelin 29-da saxlan\u0131l\u0131b.<\/p>\n\n\n\n<p>Aprelin 30-da ona qar\u015f\u0131 Cinay\u0259t M\u0259c\u0259ll\u0259sinin 206.3.2-ci (qa\u00e7aqmal\u00e7\u0131l\u0131q \u2013 qabaqcadan \u0259lbir olan bir qrup \u015f\u0259xs t\u0259r\u0259find\u0259n t\u00f6r\u0259dildikd\u0259) madd\u0259si il\u0259 ittiham ir\u0259li s\u00fcr\u00fcl\u00fcb.<\/p>\n\n\n\n<p>Anar M\u0259mm\u0259dli se\u00e7ki h\u00fcquqlar\u0131 il\u0259 m\u0259\u015f\u011ful olan Se\u00e7kil\u0259rin Monitorinqi v\u0259 Demokratiyan\u0131n T\u0259drisi M\u0259rk\u0259zinin r\u0259hb\u0259ridir. O, Az\u0259rbaycanda se\u00e7kil\u0259r\u0259 dair t\u0259nqidi hesabatlar\u0131n m\u00fc\u0259llifidir.<\/p>\n\n\n\n<p>Bir s\u0131ra beyn\u0259lxalq t\u0259\u015fkilatlar, h\u0259m\u00e7inin AB\u015e D\u00f6vl\u0259t Departamenti, AB\u015e-nin Bak\u0131dak\u0131 s\u0259firliyi Az\u0259rbaycan h\u00f6kum\u0259tini Anar M\u0259mm\u0259dli v\u0259 dig\u0259r haqs\u0131z h\u0259bs edil\u0259n \u015f\u0259xsl\u0259ri d\u0259rhal azad etm\u0259y\u0259 \u00e7a\u011f\u0131r\u0131b.<\/p>\n\n\n\n<p>Yerli v\u0259 beyn\u0259lxalq t\u0259\u015fkilatlar Anar M\u0259mm\u0259dli d\u0259 daxil olmaqla Az\u0259rbaycanda 300-d\u0259n art\u0131q siyasi m\u0259hbusun oldu\u011funu deyirl\u0259r.<\/p>\n","protected":false},"excerpt":{"rendered":"<p>Anar M\u0259mm\u0259dli s\u0259hh\u0259tind\u0259 yaranm\u0131\u015f probleml\u0259r\u0259 g\u00f6r\u0259 m\u0259hk\u0259m\u0259d\u0259 i\u015ftirakdan imtina edib &#8230; <\/p>\n<p class=\"read-more-container\"><a title=\"Apelyasiya m\u0259hk\u0259m\u0259si Anar M\u0259mm\u0259dlini h\u0259bsd\u0259 saxlad\u0131\" class=\"read-more button\" href=\"https:\/\/www.meydan.tv\/az\/article\/apelyasiya-m%c9%99hk%c9%99m%c9%99si-anar-m%c9%99mm%c9%99dlini-h%c9%99bsd%c9%99-saxladi\/#more-326727\" aria-label=\"Read more about Apelyasiya m\u0259hk\u0259m\u0259si Anar M\u0259mm\u0259dlini h\u0259bsd\u0259 saxlad\u0131\">Davam\u0131<\/a><\/p>\n","protected":false},"author":21,"featured_media":210070,"comment_status":"closed","ping_status":"closed","sticky":false,"template":"","format":"standard","meta":{"_acf_changed":false,"_sitemap_exclude":false,"_sitemap_priority":"","_sitemap_frequency":"","footnotes":""},"categories":[59,79,56],"tags":[],"class_list":["post-326727","post","type-post","status-publish","format-standard","has-post-thumbnail","hentry","category-siyaset","category-featured","category-xeberler","infinite-scroll-item","generate-columns","tablet-grid-50","mobile-grid-100","grid-parent","grid-33","no-featured-image-padding"],"acf":[],"yoast_head":"<!-- This site is optimized with the Yoast SEO plugin v27.5 - https:\/\/yoast.com\/product\/yoast-seo-wordpress\/ -->\n<title>Apelyasiya m\u0259hk\u0259m\u0259si Anar M\u0259mm\u0259dlini h\u0259bsd\u0259 saxlad\u0131 - MEYDAN.TV<\/title>\n<meta name=\"robots\" content=\"index, follow, max-snippet:-1, max-image-preview:large, max-video-preview:-1\" \/>\n<link rel=\"canonical\" href=\"https:\/\/www.meydan.tv\/az\/article\/apelyasiya-m%c9%99hk%c9%99m%c9%99si-anar-m%c9%99mm%c9%99dlini-h%c9%99bsd%c9%99-saxladi\/\" \/>\n<meta property=\"og:locale\" content=\"az_AZ\" \/>\n<meta property=\"og:type\" content=\"article\" \/>\n<meta property=\"og:title\" content=\"Apelyasiya m\u0259hk\u0259m\u0259si Anar M\u0259mm\u0259dlini h\u0259bsd\u0259 saxlad\u0131 - MEYDAN.TV\" \/>\n<meta property=\"og:description\" content=\"Anar M\u0259mm\u0259dli s\u0259hh\u0259tind\u0259 yaranm\u0131\u015f probleml\u0259r\u0259 g\u00f6r\u0259 m\u0259hk\u0259m\u0259d\u0259 i\u015ftirakdan imtina edib ... Davam\u0131\" \/>\n<meta property=\"og:url\" content=\"https:\/\/www.meydan.tv\/az\/article\/apelyasiya-m%c9%99hk%c9%99m%c9%99si-anar-m%c9%99mm%c9%99dlini-h%c9%99bsd%c9%99-saxladi\/\" \/>\n<meta property=\"og:site_name\" content=\"MEYDAN.TV\" \/>\n<meta property=\"article:published_time\" content=\"2025-02-21T09:26:23+00:00\" \/>\n<meta property=\"article:modified_time\" content=\"2025-02-21T09:26:25+00:00\" \/>\n<meta property=\"og:image\" content=\"https:\/\/www.meydan.tv\/wp-content\/uploads\/anar_memmedli-scaled-e1714391983460.jpg\" \/>\n\t<meta property=\"og:image:width\" content=\"2560\" \/>\n\t<meta property=\"og:image:height\" content=\"1314\" \/>\n\t<meta property=\"og:image:type\" content=\"image\/jpeg\" \/>\n<meta name=\"author\" content=\"mahmud\" \/>\n<meta name=\"twitter:card\" content=\"summary_large_image\" \/>\n<script type=\"application\/ld+json\" class=\"yoast-schema-graph\">{\"@context\":\"https:\\\/\\\/schema.org\",\"@graph\":[{\"@type\":\"Article\",\"@id\":\"https:\\\/\\\/www.meydan.tv\\\/az\\\/article\\\/apelyasiya-m%c9%99hk%c9%99m%c9%99si-anar-m%c9%99mm%c9%99dlini-h%c9%99bsd%c9%99-saxladi\\\/#article\",\"isPartOf\":{\"@id\":\"https:\\\/\\\/www.meydan.tv\\\/az\\\/article\\\/apelyasiya-m%c9%99hk%c9%99m%c9%99si-anar-m%c9%99mm%c9%99dlini-h%c9%99bsd%c9%99-saxladi\\\/\"},\"author\":{\"name\":\"mahmud\",\"@id\":\"https:\\\/\\\/www.meydan.tv\\\/az\\\/#\\\/schema\\\/person\\\/09863e516102a829e72bedcf3f84c6b0\"},\"headline\":\"Apelyasiya m\u0259hk\u0259m\u0259si Anar M\u0259mm\u0259dlini h\u0259bsd\u0259 saxlad\u0131\",\"datePublished\":\"2025-02-21T09:26:23+00:00\",\"dateModified\":\"2025-02-21T09:26:25+00:00\",\"mainEntityOfPage\":{\"@id\":\"https:\\\/\\\/www.meydan.tv\\\/az\\\/article\\\/apelyasiya-m%c9%99hk%c9%99m%c9%99si-anar-m%c9%99mm%c9%99dlini-h%c9%99bsd%c9%99-saxladi\\\/\"},\"wordCount\":387,\"publisher\":{\"@id\":\"https:\\\/\\\/www.meydan.tv\\\/az\\\/#organization\"},\"image\":{\"@id\":\"https:\\\/\\\/www.meydan.tv\\\/az\\\/article\\\/apelyasiya-m%c9%99hk%c9%99m%c9%99si-anar-m%c9%99mm%c9%99dlini-h%c9%99bsd%c9%99-saxladi\\\/#primaryimage\"},\"thumbnailUrl\":\"https:\\\/\\\/www.meydan.tv\\\/wp-content\\\/uploads\\\/anar_memmedli-scaled-e1714391983460.jpg\",\"articleSection\":[\"Siyas\u0259t\",\"T\u00f6vsiy\u0259\",\"X\u0259b\u0259rl\u0259r\"],\"inLanguage\":\"az\"},{\"@type\":\"WebPage\",\"@id\":\"https:\\\/\\\/www.meydan.tv\\\/az\\\/article\\\/apelyasiya-m%c9%99hk%c9%99m%c9%99si-anar-m%c9%99mm%c9%99dlini-h%c9%99bsd%c9%99-saxladi\\\/\",\"url\":\"https:\\\/\\\/www.meydan.tv\\\/az\\\/article\\\/apelyasiya-m%c9%99hk%c9%99m%c9%99si-anar-m%c9%99mm%c9%99dlini-h%c9%99bsd%c9%99-saxladi\\\/\",\"name\":\"Apelyasiya m\u0259hk\u0259m\u0259si Anar M\u0259mm\u0259dlini h\u0259bsd\u0259 saxlad\u0131 - MEYDAN.TV\",\"isPartOf\":{\"@id\":\"https:\\\/\\\/www.meydan.tv\\\/az\\\/#website\"},\"primaryImageOfPage\":{\"@id\":\"https:\\\/\\\/www.meydan.tv\\\/az\\\/article\\\/apelyasiya-m%c9%99hk%c9%99m%c9%99si-anar-m%c9%99mm%c9%99dlini-h%c9%99bsd%c9%99-saxladi\\\/#primaryimage\"},\"image\":{\"@id\":\"https:\\\/\\\/www.meydan.tv\\\/az\\\/article\\\/apelyasiya-m%c9%99hk%c9%99m%c9%99si-anar-m%c9%99mm%c9%99dlini-h%c9%99bsd%c9%99-saxladi\\\/#primaryimage\"},\"thumbnailUrl\":\"https:\\\/\\\/www.meydan.tv\\\/wp-content\\\/uploads\\\/anar_memmedli-scaled-e1714391983460.jpg\",\"datePublished\":\"2025-02-21T09:26:23+00:00\",\"dateModified\":\"2025-02-21T09:26:25+00:00\",\"breadcrumb\":{\"@id\":\"https:\\\/\\\/www.meydan.tv\\\/az\\\/article\\\/apelyasiya-m%c9%99hk%c9%99m%c9%99si-anar-m%c9%99mm%c9%99dlini-h%c9%99bsd%c9%99-saxladi\\\/#breadcrumb\"},\"inLanguage\":\"az\",\"potentialAction\":[{\"@type\":\"ReadAction\",\"target\":[\"https:\\\/\\\/www.meydan.tv\\\/az\\\/article\\\/apelyasiya-m%c9%99hk%c9%99m%c9%99si-anar-m%c9%99mm%c9%99dlini-h%c9%99bsd%c9%99-saxladi\\\/\"]}]},{\"@type\":\"ImageObject\",\"inLanguage\":\"az\",\"@id\":\"https:\\\/\\\/www.meydan.tv\\\/az\\\/article\\\/apelyasiya-m%c9%99hk%c9%99m%c9%99si-anar-m%c9%99mm%c9%99dlini-h%c9%99bsd%c9%99-saxladi\\\/#primaryimage\",\"url\":\"https:\\\/\\\/www.meydan.tv\\\/wp-content\\\/uploads\\\/anar_memmedli-scaled-e1714391983460.jpg\",\"contentUrl\":\"https:\\\/\\\/www.meydan.tv\\\/wp-content\\\/uploads\\\/anar_memmedli-scaled-e1714391983460.jpg\",\"width\":2560,\"height\":1314,\"caption\":\"Anar M\u0259mm\u0259dli. \u0130ll\u00fcstrasiya: Meydan TV\"},{\"@type\":\"BreadcrumbList\",\"@id\":\"https:\\\/\\\/www.meydan.tv\\\/az\\\/article\\\/apelyasiya-m%c9%99hk%c9%99m%c9%99si-anar-m%c9%99mm%c9%99dlini-h%c9%99bsd%c9%99-saxladi\\\/#breadcrumb\",\"itemListElement\":[{\"@type\":\"ListItem\",\"position\":1,\"name\":\"Ana s\u0259hif\u0259\",\"item\":\"https:\\\/\\\/www.meydan.tv\\\/az\\\/\"},{\"@type\":\"ListItem\",\"position\":2,\"name\":\"Siyas\u0259t\",\"item\":\"https:\\\/\\\/www.meydan.tv\\\/az\\\/section\\\/siyaset\\\/\"},{\"@type\":\"ListItem\",\"position\":3,\"name\":\"Apelyasiya m\u0259hk\u0259m\u0259si Anar M\u0259mm\u0259dlini h\u0259bsd\u0259 saxlad\u0131\"}]},{\"@type\":\"WebSite\",\"@id\":\"https:\\\/\\\/www.meydan.tv\\\/az\\\/#website\",\"url\":\"https:\\\/\\\/www.meydan.tv\\\/az\\\/\",\"name\":\"MEYDAN.TV\",\"description\":\"Meydan TV Az\u0259rbaycan\u0131n media m\u0259kan\u0131ndak\u0131 alternativ s\u0259sidir\",\"publisher\":{\"@id\":\"https:\\\/\\\/www.meydan.tv\\\/az\\\/#organization\"},\"potentialAction\":[{\"@type\":\"SearchAction\",\"target\":{\"@type\":\"EntryPoint\",\"urlTemplate\":\"https:\\\/\\\/www.meydan.tv\\\/az\\\/?s={search_term_string}\"},\"query-input\":{\"@type\":\"PropertyValueSpecification\",\"valueRequired\":true,\"valueName\":\"search_term_string\"}}],\"inLanguage\":\"az\"},{\"@type\":\"Organization\",\"@id\":\"https:\\\/\\\/www.meydan.tv\\\/az\\\/#organization\",\"name\":\"Meydan TV\",\"url\":\"https:\\\/\\\/www.meydan.tv\\\/az\\\/\",\"logo\":{\"@type\":\"ImageObject\",\"inLanguage\":\"az\",\"@id\":\"https:\\\/\\\/www.meydan.tv\\\/az\\\/#\\\/schema\\\/logo\\\/image\\\/\",\"url\":\"https:\\\/\\\/www.meydan.tv\\\/wp-content\\\/uploads\\\/2021\\\/07\\\/meydan-logo.svg\",\"contentUrl\":\"https:\\\/\\\/www.meydan.tv\\\/wp-content\\\/uploads\\\/2021\\\/07\\\/meydan-logo.svg\",\"width\":195,\"height\":46,\"caption\":\"Meydan TV\"},\"image\":{\"@id\":\"https:\\\/\\\/www.meydan.tv\\\/az\\\/#\\\/schema\\\/logo\\\/image\\\/\"}},{\"@type\":\"Person\",\"@id\":\"https:\\\/\\\/www.meydan.tv\\\/az\\\/#\\\/schema\\\/person\\\/09863e516102a829e72bedcf3f84c6b0\",\"name\":\"mahmud\"}]}<\/script>\n<!-- \/ Yoast SEO plugin. -->","yoast_head_json":{"title":"Apelyasiya m\u0259hk\u0259m\u0259si Anar M\u0259mm\u0259dlini h\u0259bsd\u0259 saxlad\u0131 - MEYDAN.TV","robots":{"index":"index","follow":"follow","max-snippet":"max-snippet:-1","max-image-preview":"max-image-preview:large","max-video-preview":"max-video-preview:-1"},"canonical":"https:\/\/www.meydan.tv\/az\/article\/apelyasiya-m%c9%99hk%c9%99m%c9%99si-anar-m%c9%99mm%c9%99dlini-h%c9%99bsd%c9%99-saxladi\/","og_locale":"az_AZ","og_type":"article","og_title":"Apelyasiya m\u0259hk\u0259m\u0259si Anar M\u0259mm\u0259dlini h\u0259bsd\u0259 saxlad\u0131 - MEYDAN.TV","og_description":"Anar M\u0259mm\u0259dli s\u0259hh\u0259tind\u0259 yaranm\u0131\u015f probleml\u0259r\u0259 g\u00f6r\u0259 m\u0259hk\u0259m\u0259d\u0259 i\u015ftirakdan imtina edib ... Davam\u0131","og_url":"https:\/\/www.meydan.tv\/az\/article\/apelyasiya-m%c9%99hk%c9%99m%c9%99si-anar-m%c9%99mm%c9%99dlini-h%c9%99bsd%c9%99-saxladi\/","og_site_name":"MEYDAN.TV","article_published_time":"2025-02-21T09:26:23+00:00","article_modified_time":"2025-02-21T09:26:25+00:00","og_image":[{"width":2560,"height":1314,"url":"https:\/\/www.meydan.tv\/wp-content\/uploads\/anar_memmedli-scaled-e1714391983460.jpg","type":"image\/jpeg"}],"author":"mahmud","twitter_card":"summary_large_image","schema":{"@context":"https:\/\/schema.org","@graph":[{"@type":"Article","@id":"https:\/\/www.meydan.tv\/az\/article\/apelyasiya-m%c9%99hk%c9%99m%c9%99si-anar-m%c9%99mm%c9%99dlini-h%c9%99bsd%c9%99-saxladi\/#article","isPartOf":{"@id":"https:\/\/www.meydan.tv\/az\/article\/apelyasiya-m%c9%99hk%c9%99m%c9%99si-anar-m%c9%99mm%c9%99dlini-h%c9%99bsd%c9%99-saxladi\/"},"author":{"name":"mahmud","@id":"https:\/\/www.meydan.tv\/az\/#\/schema\/person\/09863e516102a829e72bedcf3f84c6b0"},"headline":"Apelyasiya m\u0259hk\u0259m\u0259si Anar M\u0259mm\u0259dlini h\u0259bsd\u0259 saxlad\u0131","datePublished":"2025-02-21T09:26:23+00:00","dateModified":"2025-02-21T09:26:25+00:00","mainEntityOfPage":{"@id":"https:\/\/www.meydan.tv\/az\/article\/apelyasiya-m%c9%99hk%c9%99m%c9%99si-anar-m%c9%99mm%c9%99dlini-h%c9%99bsd%c9%99-saxladi\/"},"wordCount":387,"publisher":{"@id":"https:\/\/www.meydan.tv\/az\/#organization"},"image":{"@id":"https:\/\/www.meydan.tv\/az\/article\/apelyasiya-m%c9%99hk%c9%99m%c9%99si-anar-m%c9%99mm%c9%99dlini-h%c9%99bsd%c9%99-saxladi\/#primaryimage"},"thumbnailUrl":"https:\/\/www.meydan.tv\/wp-content\/uploads\/anar_memmedli-scaled-e1714391983460.jpg","articleSection":["Siyas\u0259t","T\u00f6vsiy\u0259","X\u0259b\u0259rl\u0259r"],"inLanguage":"az"},{"@type":"WebPage","@id":"https:\/\/www.meydan.tv\/az\/article\/apelyasiya-m%c9%99hk%c9%99m%c9%99si-anar-m%c9%99mm%c9%99dlini-h%c9%99bsd%c9%99-saxladi\/","url":"https:\/\/www.meydan.tv\/az\/article\/apelyasiya-m%c9%99hk%c9%99m%c9%99si-anar-m%c9%99mm%c9%99dlini-h%c9%99bsd%c9%99-saxladi\/","name":"Apelyasiya m\u0259hk\u0259m\u0259si Anar M\u0259mm\u0259dlini h\u0259bsd\u0259 saxlad\u0131 - MEYDAN.TV","isPartOf":{"@id":"https:\/\/www.meydan.tv\/az\/#website"},"primaryImageOfPage":{"@id":"https:\/\/www.meydan.tv\/az\/article\/apelyasiya-m%c9%99hk%c9%99m%c9%99si-anar-m%c9%99mm%c9%99dlini-h%c9%99bsd%c9%99-saxladi\/#primaryimage"},"image":{"@id":"https:\/\/www.meydan.tv\/az\/article\/apelyasiya-m%c9%99hk%c9%99m%c9%99si-anar-m%c9%99mm%c9%99dlini-h%c9%99bsd%c9%99-saxladi\/#primaryimage"},"thumbnailUrl":"https:\/\/www.meydan.tv\/wp-content\/uploads\/anar_memmedli-scaled-e1714391983460.jpg","datePublished":"2025-02-21T09:26:23+00:00","dateModified":"2025-02-21T09:26:25+00:00","breadcrumb":{"@id":"https:\/\/www.meydan.tv\/az\/article\/apelyasiya-m%c9%99hk%c9%99m%c9%99si-anar-m%c9%99mm%c9%99dlini-h%c9%99bsd%c9%99-saxladi\/#breadcrumb"},"inLanguage":"az","potentialAction":[{"@type":"ReadAction","target":["https:\/\/www.meydan.tv\/az\/article\/apelyasiya-m%c9%99hk%c9%99m%c9%99si-anar-m%c9%99mm%c9%99dlini-h%c9%99bsd%c9%99-saxladi\/"]}]},{"@type":"ImageObject","inLanguage":"az","@id":"https:\/\/www.meydan.tv\/az\/article\/apelyasiya-m%c9%99hk%c9%99m%c9%99si-anar-m%c9%99mm%c9%99dlini-h%c9%99bsd%c9%99-saxladi\/#primaryimage","url":"https:\/\/www.meydan.tv\/wp-content\/uploads\/anar_memmedli-scaled-e1714391983460.jpg","contentUrl":"https:\/\/www.meydan.tv\/wp-content\/uploads\/anar_memmedli-scaled-e1714391983460.jpg","width":2560,"height":1314,"caption":"Anar M\u0259mm\u0259dli. \u0130ll\u00fcstrasiya: Meydan TV"},{"@type":"BreadcrumbList","@id":"https:\/\/www.meydan.tv\/az\/article\/apelyasiya-m%c9%99hk%c9%99m%c9%99si-anar-m%c9%99mm%c9%99dlini-h%c9%99bsd%c9%99-saxladi\/#breadcrumb","itemListElement":[{"@type":"ListItem","position":1,"name":"Ana s\u0259hif\u0259","item":"https:\/\/www.meydan.tv\/az\/"},{"@type":"ListItem","position":2,"name":"Siyas\u0259t","item":"https:\/\/www.meydan.tv\/az\/section\/siyaset\/"},{"@type":"ListItem","position":3,"name":"Apelyasiya m\u0259hk\u0259m\u0259si Anar M\u0259mm\u0259dlini h\u0259bsd\u0259 saxlad\u0131"}]},{"@type":"WebSite","@id":"https:\/\/www.meydan.tv\/az\/#website","url":"https:\/\/www.meydan.tv\/az\/","name":"MEYDAN.TV","description":"Meydan TV Az\u0259rbaycan\u0131n media m\u0259kan\u0131ndak\u0131 alternativ s\u0259sidir","publisher":{"@id":"https:\/\/www.meydan.tv\/az\/#organization"},"potentialAction":[{"@type":"SearchAction","target":{"@type":"EntryPoint","urlTemplate":"https:\/\/www.meydan.tv\/az\/?s={search_term_string}"},"query-input":{"@type":"PropertyValueSpecification","valueRequired":true,"valueName":"search_term_string"}}],"inLanguage":"az"},{"@type":"Organization","@id":"https:\/\/www.meydan.tv\/az\/#organization","name":"Meydan TV","url":"https:\/\/www.meydan.tv\/az\/","logo":{"@type":"ImageObject","inLanguage":"az","@id":"https:\/\/www.meydan.tv\/az\/#\/schema\/logo\/image\/","url":"https:\/\/www.meydan.tv\/wp-content\/uploads\/2021\/07\/meydan-logo.svg","contentUrl":"https:\/\/www.meydan.tv\/wp-content\/uploads\/2021\/07\/meydan-logo.svg","width":195,"height":46,"caption":"Meydan TV"},"image":{"@id":"https:\/\/www.meydan.tv\/az\/#\/schema\/logo\/image\/"}},{"@type":"Person","@id":"https:\/\/www.meydan.tv\/az\/#\/schema\/person\/09863e516102a829e72bedcf3f84c6b0","name":"mahmud"}]}},"_links":{"self":[{"href":"https:\/\/www.meydan.tv\/az\/wp-json\/wp\/v2\/posts\/326727","targetHints":{"allow":["GET"]}}],"collection":[{"href":"https:\/\/www.meydan.tv\/az\/wp-json\/wp\/v2\/posts"}],"about":[{"href":"https:\/\/www.meydan.tv\/az\/wp-json\/wp\/v2\/types\/post"}],"author":[{"embeddable":true,"href":"https:\/\/www.meydan.tv\/az\/wp-json\/wp\/v2\/users\/21"}],"replies":[{"embeddable":true,"href":"https:\/\/www.meydan.tv\/az\/wp-json\/wp\/v2\/comments?post=326727"}],"version-history":[{"count":1,"href":"https:\/\/www.meydan.tv\/az\/wp-json\/wp\/v2\/posts\/326727\/revisions"}],"predecessor-version":[{"id":326728,"href":"https:\/\/www.meydan.tv\/az\/wp-json\/wp\/v2\/posts\/326727\/revisions\/326728"}],"wp:featuredmedia":[{"embeddable":true,"href":"https:\/\/www.meydan.tv\/az\/wp-json\/wp\/v2\/media\/210070"}],"wp:attachment":[{"href":"https:\/\/www.meydan.tv\/az\/wp-json\/wp\/v2\/media?parent=326727"}],"wp:term":[{"taxonomy":"category","embeddable":true,"href":"https:\/\/www.meydan.tv\/az\/wp-json\/wp\/v2\/categories?post=326727"},{"taxonomy":"post_tag","embeddable":true,"href":"https:\/\/www.meydan.tv\/az\/wp-json\/wp\/v2\/tags?post=326727"}],"curies":[{"name":"wp","href":"https:\/\/api.w.org\/{rel}","templated":true}]}}