{"id":326725,"date":"2025-02-20T21:28:09","date_gmt":"2025-02-20T17:28:09","guid":{"rendered":"https:\/\/www.meydan.tv\/?p=326725"},"modified":"2025-02-21T16:17:39","modified_gmt":"2025-02-21T12:17:39","slug":"mug%c9%99nni-nura-suri-naraziliq-edir","status":"publish","type":"post","link":"https:\/\/www.meydan.tv\/az\/article\/mug%c9%99nni-nura-suri-naraziliq-edir\/","title":{"rendered":"M\u00fc\u011f\u0259nni Nura Suri naraz\u0131l\u0131q edir"},"content":{"rendered":"\n<p><\/p>\n\n\n\n<p><strong><em>\u201c\u0130ll\u0259rdir probleml\u0259rl\u0259 \u00fczl\u0259\u015firik\u201d<\/em><\/strong><\/p>\n\n\n\n<p>M\u00fc\u011f\u0259nni Nura Suri ya\u015fad\u0131\u011f\u0131 binan\u0131n M\u0259nzil-Tikinti Kooperativind\u0259n (\u201cYap\u0131 \u0130n\u015faat\u201d MTK) naraz\u0131d\u0131r.<\/p>\n\n\n\n<p>Nura Suri Meydan TV-y\u0259 deyir ki, MTK kommunal x\u0259rcl\u0259ri \u00f6d\u0259m\u0259y\u0259n bir ne\u00e7\u0259 qon\u015fuya g\u00f6r\u0259 dig\u0259r bina sakinl\u0259rini d\u0259 kommunal xidm\u0259tl\u0259rd\u0259n m\u0259hrum edir.<\/p>\n\n\n\n<p><em>\u201cKommunal xidm\u0259tl\u0259ri \u00f6d\u0259m\u0259y\u0259nl\u0259r\u0259 g\u00f6r\u0259 biz, \u00f6d\u0259y\u0259n sakinl\u0259r \u0259ziyy\u0259t \u00e7\u0259kirik. Tez-tez suyu k\u0259sirl\u0259r. Art\u0131q bir h\u0259ft\u0259dir ki, lift ba\u011fl\u0131d\u0131r. Komendant da deyir ki, liftin platas\u0131 yan\u0131b, t\u0259mir \u00fc\u00e7\u00fcn 900 manat laz\u0131md\u0131r\u201d,<\/em> &#8211; Nura Suri deyir.<\/p>\n\n\n\n<p>Onun s\u00f6zl\u0259rin\u0259 g\u00f6r\u0259, kommunal x\u0259rcl\u0259r, liftd\u0259n istifad\u0259 v\u0259 bu kimi m\u0259s\u0259l\u0259l\u0259r\u0259 daha sonra biri d\u0259 \u0259lav\u0259 olunub:<\/p>\n\n\n\n<p><em>\u201cBir g\u00fcn x\u0259b\u0259r tutduq ki, binam\u0131z\u0131n qaraj\u0131n\u0131 sat\u0131blar. Halbuki qaraja g\u00f6r\u0259 h\u0259r ay pul \u00f6d\u0259yirdik. MTK u\u015faq meydan\u00e7as\u0131 \u00fc\u00e7\u00fcn n\u0259z\u0259rd\u0259 tutulan \u0259razini \u00f6d\u0259ni\u015fli dayanacaq etdi. Art\u0131q 16 ildir ki, bu binada ya\u015fay\u0131ram. \u0130ll\u0259rdir bu kimi probleml\u0259rl\u0259 \u00fczl\u0259\u015firik\u201d.<\/em><\/p>\n\n\n\n<p>Binan\u0131n probleml\u0259rdind\u0259n dan\u0131\u015fan Nura Suri d\u0259rdl\u0259rini kim\u0259 dan\u0131\u015facaqlar\u0131n\u0131 bilm\u0259diyini deyir:<\/p>\n\n\n\n<p><em>\u201cSadalad\u0131\u011f\u0131m probleml\u0259rl\u0259 \u0259laq\u0259dar MTK-ya z\u0259ng edir\u0259m, m\u0259ni komendanta y\u00f6n\u0259ldirl\u0259r. Firdovsi adl\u0131 komendant da deyir ki, s\u0259n\u0259dl\u0259 binan\u0131 t\u0259hvil almam\u0131\u015fam. Bizi axmaq yerin\u0259 qoyurlar. Davaml\u0131 olaraq pul al\u0131rlar. Lakin binan\u0131n istismar\u0131, h\u0259y\u0259tin abadla\u015fd\u0131r\u0131lmas\u0131 v\u0259 s. kimi i\u015fl\u0259ri g\u00f6rm\u00fcrl\u0259r. Kommunal \u00f6d\u0259ni\u015fl\u0259rd\u0259n \u0259lav\u0259 bizd\u0259n m\u00fcxt\u0259lif b\u0259han\u0259l\u0259rl\u0259 pul y\u0131\u011f\u0131rlar. Kommunal\u0131 \u00f6d\u0259m\u0259y\u0259n qon\u015fulara g\u00f6r\u0259 gah suyu k\u0259sirl\u0259r, ya da lifti ba\u011flay\u0131rlar. Ba\u015f\u0131m\u0131za oyun a\u00e7\u0131rlar. MTK i\u015f adam\u0131 \u015eahmar V\u0259liyevindir. He\u00e7 kim ona n\u0259s\u0259 dey\u0259 bilmir. Ham\u0131 qorxur ki, ba\u015f\u0131na bir i\u015f g\u0259l\u0259r, ya da n\u0259s\u0259 olar\u201d.<\/em><\/p>\n\n\n\n<p>M\u00fc\u011f\u0259nni daha bir m\u0259s\u0259l\u0259y\u0259 toxunub, bildirib ki, m\u0259nzili MTK-dan m\u00fcqavil\u0259 \u0259sas\u0131nda al\u0131b. Sonradan \u0259mlak \u00e7\u0131xar\u0131\u015f\u0131 alark\u0259n g\u00f6r\u00fcb ki, s\u0259n\u0259dd\u0259 m\u0259nzilin kvadrat\u0131 az g\u00f6st\u0259rilib:<\/p>\n\n\n\n<p><em>\u201cB\u00fct\u00fcn \u00e7\u0131xar\u0131\u015flarda evl\u0259rin kvadratlar\u0131 t\u0259xmin\u0259n 20-25 kvadratmetr az yaz\u0131l\u0131b. \u018flimd\u0259 bunu s\u00fcbut ed\u0259c\u0259k s\u0259n\u0259d- m\u00fcqavil\u0259 d\u0259 var. Bel\u0259 \u00e7\u0131x\u0131r ki, m\u0259n evimi satanda, 20-25 kvadratmetr\u0259 g\u00f6r\u0259 pul itir\u0259c\u0259y\u0259m. H\u00fcquq\u015f\u00fcnaslarla dan\u0131\u015fd\u0131m, dedil\u0259r ki, bu hal m\u0259hk\u0259m\u0259 predmetidir\u201d.<\/em><\/p>\n\n\n\n<p>Nura Suri deyir ki, bina sakinl\u0259ri m\u00f6vcud probleml\u0259rl\u0259 \u0259laq\u0259dar m\u0259hk\u0259m\u0259y\u0259 m\u00fcraci\u0259t ed\u0259c\u0259kl\u0259r:<\/p>\n\n\n\n<p><em>\u201cB\u0259zi qon\u015fularla dan\u0131\u015f\u0131b, m\u0259hk\u0259m\u0259y\u0259 m\u00fcraci\u0259t etm\u0259yi t\u0259klif etdim. Onlar da raz\u0131d\u0131rlar. Sad\u0259c\u0259, biz\u0259 yax\u015f\u0131 h\u00fcquq\u015f\u00fcnas laz\u0131md\u0131r. El\u0259 bir h\u00fcquq\u015f\u00fcnas olsun ki, sabah kims\u0259 ona z\u0259ng edib, qorxudanda geri \u00e7\u0259kilm\u0259sin, i\u015fi yax\u015f\u0131 apars\u0131n, \u00f6rt-basd\u0131r etm\u0259sin\u201d.<\/em><\/p>\n\n\n\n<p>\u201cYap\u0131 \u0130n\u015faat\u201d MTK-dan Meydan TV-y\u0259 bildirilib ki, binan\u0131n m\u00fclkiyy\u0259t\u00e7iliyi art\u0131q onlarda deyil.<\/p>\n\n\n\n<p><em>\u201cBina sakinl\u0259ri \u00f6zl\u0259rinin M\u0259nzil M\u00fclkiyy\u0259t\u00e7il\u0259rinin M\u00fc\u015ft\u0259r\u0259k C\u0259miyy\u0259tini yarad\u0131blar. M\u0259nzill\u0259rin \u00e7\u0131xar\u0131\u015flar\u0131nda sah\u0259nin az g\u00f6st\u0259rilm\u0259sin\u0259 g\u0259linc\u0259, bununla \u0259laq\u0259dar \u018fmlak M\u0259s\u0259l\u0259l\u0259ri D\u00f6vl\u0259t Xidm\u0259tin\u0259 m\u00fcraci\u0259t etsinl\u0259r\u201d,<\/em> &#8211; MTK-dan bildirilib.<\/p>\n\n\n\n<p>Binan\u0131n komendant\u0131 Firdovsi adl\u0131 \u015f\u0259xs Meydan TV-y\u0259 deyib ki, bina art\u0131q tikinti \u015firk\u0259ti t\u0259r\u0259find\u0259n t\u0259hvil verilib. Bunu t\u0259sdiq ed\u0259c\u0259k s\u0259n\u0259di is\u0259 t\u0259qdim etm\u0259k ist\u0259m\u0259yib.:<\/p>\n\n\n\n<p><em>\u201cBunu \u0259ks etdir\u0259n s\u0259n\u0259di g\u00f6rm\u0259k \u00fc\u00e7\u00fcn buyurub bura g\u0259lin. Bina sakinl\u0259rinin problemin\u0259 g\u0259linc\u0259, bu, b\u00fct\u00fcn Bak\u0131 \u015f\u0259h\u0259rind\u0259 bel\u0259dir. G\u0259r\u0259k pul ver\u0259s\u0259n ki, problemin d\u0259 h\u0259ll olunsun. \u015eikay\u0259t ed\u0259n adam aylarla-ill\u0259rl\u0259 pul verm\u0259yib. G\u0259lin, borcuna bax\u0131n. \u015eikay\u0259t etm\u0259yin yeri yoxdur\u201d.<\/em><\/p>\n","protected":false},"excerpt":{"rendered":"<p>\u201c\u0130ll\u0259rdir probleml\u0259rl\u0259 \u00fczl\u0259\u015firik\u201d M\u00fc\u011f\u0259nni Nura Suri ya\u015fad\u0131\u011f\u0131 binan\u0131n M\u0259nzil-Tikinti Kooperativind\u0259n &#8230; <\/p>\n<p class=\"read-more-container\"><a title=\"M\u00fc\u011f\u0259nni Nura Suri naraz\u0131l\u0131q edir\" class=\"read-more button\" href=\"https:\/\/www.meydan.tv\/az\/article\/mug%c9%99nni-nura-suri-naraziliq-edir\/#more-326725\" aria-label=\"Read more about M\u00fc\u011f\u0259nni Nura Suri naraz\u0131l\u0131q edir\">Davam\u0131<\/a><\/p>\n","protected":false},"author":21,"featured_media":231525,"comment_status":"closed","ping_status":"closed","sticky":false,"template":"","format":"standard","meta":{"_acf_changed":false,"_sitemap_exclude":false,"_sitemap_priority":"","_sitemap_frequency":"","footnotes":""},"categories":[62,56],"tags":[],"class_list":["post-326725","post","type-post","status-publish","format-standard","has-post-thumbnail","hentry","category-sosial","category-xeberler","infinite-scroll-item","generate-columns","tablet-grid-50","mobile-grid-100","grid-parent","grid-33","no-featured-image-padding"],"acf":[],"yoast_head":"<!-- This site is optimized with the Yoast SEO plugin v27.4 - https:\/\/yoast.com\/product\/yoast-seo-wordpress\/ -->\n<title>M\u00fc\u011f\u0259nni Nura Suri naraz\u0131l\u0131q edir - MEYDAN.TV<\/title>\n<meta name=\"robots\" content=\"index, follow, max-snippet:-1, max-image-preview:large, max-video-preview:-1\" \/>\n<link rel=\"canonical\" href=\"https:\/\/www.meydan.tv\/az\/article\/mug%c9%99nni-nura-suri-naraziliq-edir\/\" \/>\n<meta property=\"og:locale\" content=\"az_AZ\" \/>\n<meta property=\"og:type\" content=\"article\" \/>\n<meta property=\"og:title\" content=\"M\u00fc\u011f\u0259nni Nura Suri naraz\u0131l\u0131q edir - MEYDAN.TV\" \/>\n<meta property=\"og:description\" content=\"\u201c\u0130ll\u0259rdir probleml\u0259rl\u0259 \u00fczl\u0259\u015firik\u201d M\u00fc\u011f\u0259nni Nura Suri ya\u015fad\u0131\u011f\u0131 binan\u0131n M\u0259nzil-Tikinti Kooperativind\u0259n ... Davam\u0131\" \/>\n<meta property=\"og:url\" content=\"https:\/\/www.meydan.tv\/az\/article\/mug%c9%99nni-nura-suri-naraziliq-edir\/\" \/>\n<meta property=\"og:site_name\" content=\"MEYDAN.TV\" \/>\n<meta property=\"article:published_time\" content=\"2025-02-20T17:28:09+00:00\" \/>\n<meta property=\"article:modified_time\" content=\"2025-02-21T12:17:39+00:00\" \/>\n<meta property=\"og:image\" content=\"https:\/\/www.meydan.tv\/wp-content\/uploads\/untitled-design-4-2-e1674119586707.jpg\" \/>\n\t<meta property=\"og:image:width\" content=\"1200\" \/>\n\t<meta property=\"og:image:height\" content=\"510\" \/>\n\t<meta property=\"og:image:type\" content=\"image\/jpeg\" \/>\n<meta name=\"author\" content=\"mahmud\" \/>\n<meta name=\"twitter:card\" content=\"summary_large_image\" \/>\n<script type=\"application\/ld+json\" class=\"yoast-schema-graph\">{\"@context\":\"https:\\\/\\\/schema.org\",\"@graph\":[{\"@type\":\"Article\",\"@id\":\"https:\\\/\\\/www.meydan.tv\\\/az\\\/article\\\/mug%c9%99nni-nura-suri-naraziliq-edir\\\/#article\",\"isPartOf\":{\"@id\":\"https:\\\/\\\/www.meydan.tv\\\/az\\\/article\\\/mug%c9%99nni-nura-suri-naraziliq-edir\\\/\"},\"author\":{\"name\":\"mahmud\",\"@id\":\"https:\\\/\\\/www.meydan.tv\\\/az\\\/#\\\/schema\\\/person\\\/09863e516102a829e72bedcf3f84c6b0\"},\"headline\":\"M\u00fc\u011f\u0259nni Nura Suri naraz\u0131l\u0131q edir\",\"datePublished\":\"2025-02-20T17:28:09+00:00\",\"dateModified\":\"2025-02-21T12:17:39+00:00\",\"mainEntityOfPage\":{\"@id\":\"https:\\\/\\\/www.meydan.tv\\\/az\\\/article\\\/mug%c9%99nni-nura-suri-naraziliq-edir\\\/\"},\"wordCount\":728,\"publisher\":{\"@id\":\"https:\\\/\\\/www.meydan.tv\\\/az\\\/#organization\"},\"image\":{\"@id\":\"https:\\\/\\\/www.meydan.tv\\\/az\\\/article\\\/mug%c9%99nni-nura-suri-naraziliq-edir\\\/#primaryimage\"},\"thumbnailUrl\":\"https:\\\/\\\/www.meydan.tv\\\/wp-content\\\/uploads\\\/untitled-design-4-2-e1674119586707.jpg\",\"articleSection\":[\"Sosial\",\"X\u0259b\u0259rl\u0259r\"],\"inLanguage\":\"az\"},{\"@type\":\"WebPage\",\"@id\":\"https:\\\/\\\/www.meydan.tv\\\/az\\\/article\\\/mug%c9%99nni-nura-suri-naraziliq-edir\\\/\",\"url\":\"https:\\\/\\\/www.meydan.tv\\\/az\\\/article\\\/mug%c9%99nni-nura-suri-naraziliq-edir\\\/\",\"name\":\"M\u00fc\u011f\u0259nni Nura Suri naraz\u0131l\u0131q edir - MEYDAN.TV\",\"isPartOf\":{\"@id\":\"https:\\\/\\\/www.meydan.tv\\\/az\\\/#website\"},\"primaryImageOfPage\":{\"@id\":\"https:\\\/\\\/www.meydan.tv\\\/az\\\/article\\\/mug%c9%99nni-nura-suri-naraziliq-edir\\\/#primaryimage\"},\"image\":{\"@id\":\"https:\\\/\\\/www.meydan.tv\\\/az\\\/article\\\/mug%c9%99nni-nura-suri-naraziliq-edir\\\/#primaryimage\"},\"thumbnailUrl\":\"https:\\\/\\\/www.meydan.tv\\\/wp-content\\\/uploads\\\/untitled-design-4-2-e1674119586707.jpg\",\"datePublished\":\"2025-02-20T17:28:09+00:00\",\"dateModified\":\"2025-02-21T12:17:39+00:00\",\"breadcrumb\":{\"@id\":\"https:\\\/\\\/www.meydan.tv\\\/az\\\/article\\\/mug%c9%99nni-nura-suri-naraziliq-edir\\\/#breadcrumb\"},\"inLanguage\":\"az\",\"potentialAction\":[{\"@type\":\"ReadAction\",\"target\":[\"https:\\\/\\\/www.meydan.tv\\\/az\\\/article\\\/mug%c9%99nni-nura-suri-naraziliq-edir\\\/\"]}]},{\"@type\":\"ImageObject\",\"inLanguage\":\"az\",\"@id\":\"https:\\\/\\\/www.meydan.tv\\\/az\\\/article\\\/mug%c9%99nni-nura-suri-naraziliq-edir\\\/#primaryimage\",\"url\":\"https:\\\/\\\/www.meydan.tv\\\/wp-content\\\/uploads\\\/untitled-design-4-2-e1674119586707.jpg\",\"contentUrl\":\"https:\\\/\\\/www.meydan.tv\\\/wp-content\\\/uploads\\\/untitled-design-4-2-e1674119586707.jpg\",\"width\":1200,\"height\":510,\"caption\":\"Nura Suri, Foto: \u015e\u0259xsi s\u0259hif\u0259sind\u0259n\"},{\"@type\":\"BreadcrumbList\",\"@id\":\"https:\\\/\\\/www.meydan.tv\\\/az\\\/article\\\/mug%c9%99nni-nura-suri-naraziliq-edir\\\/#breadcrumb\",\"itemListElement\":[{\"@type\":\"ListItem\",\"position\":1,\"name\":\"Ana s\u0259hif\u0259\",\"item\":\"https:\\\/\\\/www.meydan.tv\\\/az\\\/\"},{\"@type\":\"ListItem\",\"position\":2,\"name\":\"Sosial\",\"item\":\"https:\\\/\\\/www.meydan.tv\\\/az\\\/section\\\/sosial\\\/\"},{\"@type\":\"ListItem\",\"position\":3,\"name\":\"M\u00fc\u011f\u0259nni Nura Suri naraz\u0131l\u0131q edir\"}]},{\"@type\":\"WebSite\",\"@id\":\"https:\\\/\\\/www.meydan.tv\\\/az\\\/#website\",\"url\":\"https:\\\/\\\/www.meydan.tv\\\/az\\\/\",\"name\":\"MEYDAN.TV\",\"description\":\"Meydan TV Az\u0259rbaycan\u0131n media m\u0259kan\u0131ndak\u0131 alternativ s\u0259sidir\",\"publisher\":{\"@id\":\"https:\\\/\\\/www.meydan.tv\\\/az\\\/#organization\"},\"potentialAction\":[{\"@type\":\"SearchAction\",\"target\":{\"@type\":\"EntryPoint\",\"urlTemplate\":\"https:\\\/\\\/www.meydan.tv\\\/az\\\/?s={search_term_string}\"},\"query-input\":{\"@type\":\"PropertyValueSpecification\",\"valueRequired\":true,\"valueName\":\"search_term_string\"}}],\"inLanguage\":\"az\"},{\"@type\":\"Organization\",\"@id\":\"https:\\\/\\\/www.meydan.tv\\\/az\\\/#organization\",\"name\":\"Meydan TV\",\"url\":\"https:\\\/\\\/www.meydan.tv\\\/az\\\/\",\"logo\":{\"@type\":\"ImageObject\",\"inLanguage\":\"az\",\"@id\":\"https:\\\/\\\/www.meydan.tv\\\/az\\\/#\\\/schema\\\/logo\\\/image\\\/\",\"url\":\"https:\\\/\\\/www.meydan.tv\\\/wp-content\\\/uploads\\\/2021\\\/07\\\/meydan-logo.svg\",\"contentUrl\":\"https:\\\/\\\/www.meydan.tv\\\/wp-content\\\/uploads\\\/2021\\\/07\\\/meydan-logo.svg\",\"width\":195,\"height\":46,\"caption\":\"Meydan TV\"},\"image\":{\"@id\":\"https:\\\/\\\/www.meydan.tv\\\/az\\\/#\\\/schema\\\/logo\\\/image\\\/\"}},{\"@type\":\"Person\",\"@id\":\"https:\\\/\\\/www.meydan.tv\\\/az\\\/#\\\/schema\\\/person\\\/09863e516102a829e72bedcf3f84c6b0\",\"name\":\"mahmud\"}]}<\/script>\n<!-- \/ Yoast SEO plugin. -->","yoast_head_json":{"title":"M\u00fc\u011f\u0259nni Nura Suri naraz\u0131l\u0131q edir - MEYDAN.TV","robots":{"index":"index","follow":"follow","max-snippet":"max-snippet:-1","max-image-preview":"max-image-preview:large","max-video-preview":"max-video-preview:-1"},"canonical":"https:\/\/www.meydan.tv\/az\/article\/mug%c9%99nni-nura-suri-naraziliq-edir\/","og_locale":"az_AZ","og_type":"article","og_title":"M\u00fc\u011f\u0259nni Nura Suri naraz\u0131l\u0131q edir - MEYDAN.TV","og_description":"\u201c\u0130ll\u0259rdir probleml\u0259rl\u0259 \u00fczl\u0259\u015firik\u201d M\u00fc\u011f\u0259nni Nura Suri ya\u015fad\u0131\u011f\u0131 binan\u0131n M\u0259nzil-Tikinti Kooperativind\u0259n ... Davam\u0131","og_url":"https:\/\/www.meydan.tv\/az\/article\/mug%c9%99nni-nura-suri-naraziliq-edir\/","og_site_name":"MEYDAN.TV","article_published_time":"2025-02-20T17:28:09+00:00","article_modified_time":"2025-02-21T12:17:39+00:00","og_image":[{"width":1200,"height":510,"url":"https:\/\/www.meydan.tv\/wp-content\/uploads\/untitled-design-4-2-e1674119586707.jpg","type":"image\/jpeg"}],"author":"mahmud","twitter_card":"summary_large_image","schema":{"@context":"https:\/\/schema.org","@graph":[{"@type":"Article","@id":"https:\/\/www.meydan.tv\/az\/article\/mug%c9%99nni-nura-suri-naraziliq-edir\/#article","isPartOf":{"@id":"https:\/\/www.meydan.tv\/az\/article\/mug%c9%99nni-nura-suri-naraziliq-edir\/"},"author":{"name":"mahmud","@id":"https:\/\/www.meydan.tv\/az\/#\/schema\/person\/09863e516102a829e72bedcf3f84c6b0"},"headline":"M\u00fc\u011f\u0259nni Nura Suri naraz\u0131l\u0131q edir","datePublished":"2025-02-20T17:28:09+00:00","dateModified":"2025-02-21T12:17:39+00:00","mainEntityOfPage":{"@id":"https:\/\/www.meydan.tv\/az\/article\/mug%c9%99nni-nura-suri-naraziliq-edir\/"},"wordCount":728,"publisher":{"@id":"https:\/\/www.meydan.tv\/az\/#organization"},"image":{"@id":"https:\/\/www.meydan.tv\/az\/article\/mug%c9%99nni-nura-suri-naraziliq-edir\/#primaryimage"},"thumbnailUrl":"https:\/\/www.meydan.tv\/wp-content\/uploads\/untitled-design-4-2-e1674119586707.jpg","articleSection":["Sosial","X\u0259b\u0259rl\u0259r"],"inLanguage":"az"},{"@type":"WebPage","@id":"https:\/\/www.meydan.tv\/az\/article\/mug%c9%99nni-nura-suri-naraziliq-edir\/","url":"https:\/\/www.meydan.tv\/az\/article\/mug%c9%99nni-nura-suri-naraziliq-edir\/","name":"M\u00fc\u011f\u0259nni Nura Suri naraz\u0131l\u0131q edir - MEYDAN.TV","isPartOf":{"@id":"https:\/\/www.meydan.tv\/az\/#website"},"primaryImageOfPage":{"@id":"https:\/\/www.meydan.tv\/az\/article\/mug%c9%99nni-nura-suri-naraziliq-edir\/#primaryimage"},"image":{"@id":"https:\/\/www.meydan.tv\/az\/article\/mug%c9%99nni-nura-suri-naraziliq-edir\/#primaryimage"},"thumbnailUrl":"https:\/\/www.meydan.tv\/wp-content\/uploads\/untitled-design-4-2-e1674119586707.jpg","datePublished":"2025-02-20T17:28:09+00:00","dateModified":"2025-02-21T12:17:39+00:00","breadcrumb":{"@id":"https:\/\/www.meydan.tv\/az\/article\/mug%c9%99nni-nura-suri-naraziliq-edir\/#breadcrumb"},"inLanguage":"az","potentialAction":[{"@type":"ReadAction","target":["https:\/\/www.meydan.tv\/az\/article\/mug%c9%99nni-nura-suri-naraziliq-edir\/"]}]},{"@type":"ImageObject","inLanguage":"az","@id":"https:\/\/www.meydan.tv\/az\/article\/mug%c9%99nni-nura-suri-naraziliq-edir\/#primaryimage","url":"https:\/\/www.meydan.tv\/wp-content\/uploads\/untitled-design-4-2-e1674119586707.jpg","contentUrl":"https:\/\/www.meydan.tv\/wp-content\/uploads\/untitled-design-4-2-e1674119586707.jpg","width":1200,"height":510,"caption":"Nura Suri, Foto: \u015e\u0259xsi s\u0259hif\u0259sind\u0259n"},{"@type":"BreadcrumbList","@id":"https:\/\/www.meydan.tv\/az\/article\/mug%c9%99nni-nura-suri-naraziliq-edir\/#breadcrumb","itemListElement":[{"@type":"ListItem","position":1,"name":"Ana s\u0259hif\u0259","item":"https:\/\/www.meydan.tv\/az\/"},{"@type":"ListItem","position":2,"name":"Sosial","item":"https:\/\/www.meydan.tv\/az\/section\/sosial\/"},{"@type":"ListItem","position":3,"name":"M\u00fc\u011f\u0259nni Nura Suri naraz\u0131l\u0131q edir"}]},{"@type":"WebSite","@id":"https:\/\/www.meydan.tv\/az\/#website","url":"https:\/\/www.meydan.tv\/az\/","name":"MEYDAN.TV","description":"Meydan TV Az\u0259rbaycan\u0131n media m\u0259kan\u0131ndak\u0131 alternativ s\u0259sidir","publisher":{"@id":"https:\/\/www.meydan.tv\/az\/#organization"},"potentialAction":[{"@type":"SearchAction","target":{"@type":"EntryPoint","urlTemplate":"https:\/\/www.meydan.tv\/az\/?s={search_term_string}"},"query-input":{"@type":"PropertyValueSpecification","valueRequired":true,"valueName":"search_term_string"}}],"inLanguage":"az"},{"@type":"Organization","@id":"https:\/\/www.meydan.tv\/az\/#organization","name":"Meydan TV","url":"https:\/\/www.meydan.tv\/az\/","logo":{"@type":"ImageObject","inLanguage":"az","@id":"https:\/\/www.meydan.tv\/az\/#\/schema\/logo\/image\/","url":"https:\/\/www.meydan.tv\/wp-content\/uploads\/2021\/07\/meydan-logo.svg","contentUrl":"https:\/\/www.meydan.tv\/wp-content\/uploads\/2021\/07\/meydan-logo.svg","width":195,"height":46,"caption":"Meydan TV"},"image":{"@id":"https:\/\/www.meydan.tv\/az\/#\/schema\/logo\/image\/"}},{"@type":"Person","@id":"https:\/\/www.meydan.tv\/az\/#\/schema\/person\/09863e516102a829e72bedcf3f84c6b0","name":"mahmud"}]}},"_links":{"self":[{"href":"https:\/\/www.meydan.tv\/az\/wp-json\/wp\/v2\/posts\/326725","targetHints":{"allow":["GET"]}}],"collection":[{"href":"https:\/\/www.meydan.tv\/az\/wp-json\/wp\/v2\/posts"}],"about":[{"href":"https:\/\/www.meydan.tv\/az\/wp-json\/wp\/v2\/types\/post"}],"author":[{"embeddable":true,"href":"https:\/\/www.meydan.tv\/az\/wp-json\/wp\/v2\/users\/21"}],"replies":[{"embeddable":true,"href":"https:\/\/www.meydan.tv\/az\/wp-json\/wp\/v2\/comments?post=326725"}],"version-history":[{"count":3,"href":"https:\/\/www.meydan.tv\/az\/wp-json\/wp\/v2\/posts\/326725\/revisions"}],"predecessor-version":[{"id":326739,"href":"https:\/\/www.meydan.tv\/az\/wp-json\/wp\/v2\/posts\/326725\/revisions\/326739"}],"wp:featuredmedia":[{"embeddable":true,"href":"https:\/\/www.meydan.tv\/az\/wp-json\/wp\/v2\/media\/231525"}],"wp:attachment":[{"href":"https:\/\/www.meydan.tv\/az\/wp-json\/wp\/v2\/media?parent=326725"}],"wp:term":[{"taxonomy":"category","embeddable":true,"href":"https:\/\/www.meydan.tv\/az\/wp-json\/wp\/v2\/categories?post=326725"},{"taxonomy":"post_tag","embeddable":true,"href":"https:\/\/www.meydan.tv\/az\/wp-json\/wp\/v2\/tags?post=326725"}],"curies":[{"name":"wp","href":"https:\/\/api.w.org\/{rel}","templated":true}]}}