{"id":326682,"date":"2025-02-20T17:57:49","date_gmt":"2025-02-20T13:57:49","guid":{"rendered":"https:\/\/www.meydan.tv\/?p=326682"},"modified":"2025-02-20T19:59:03","modified_gmt":"2025-02-20T15:59:03","slug":"bbc-news-az%c9%99rbaycanca-bakidaki-ofisini-baglayib","status":"publish","type":"post","link":"https:\/\/www.meydan.tv\/az\/article\/bbc-news-az%c9%99rbaycanca-bakidaki-ofisini-baglayib\/","title":{"rendered":"\u201cBBC News\u201d Az\u0259rbaycanca Bak\u0131dak\u0131 ofisini ba\u011flay\u0131b (Yenil\u0259nib)"},"content":{"rendered":"\n<p><\/p>\n\n\n\n<p>Az\u0259rbaycan Xarici \u0130\u015fl\u0259r Nazirliyinin m\u0259tbuat xidm\u0259tinin r\u0259hb\u0259ri Ayxan Hac\u0131zad\u0259 bildirib ki, BBC-nin f\u0259aliyy\u0259tin\u0259 xitam verilm\u0259si \u201cMedia haqq\u0131nda\u201d qanunun 11.2 madd\u0259sin\u0259 \u0259sas\u0259n sonland\u0131r\u0131l\u0131b.<\/p>\n\n\n\n<p>11.2-ci madd\u0259d\u0259 deyilir ki, \u00f6lk\u0259 \u0259razisind\u0259 xarici media subyektl\u0259rinin filial v\u0259 n\u00fcmay\u0259nd\u0259likl\u0259ri Az\u0259rbaycan\u0131n t\u0259r\u0259fdar \u00e7\u0131xd\u0131\u011f\u0131 beyn\u0259lxalq m\u00fcqavil\u0259l\u0259rd\u0259 n\u0259z\u0259rd\u0259 tutulmu\u015f hallarda a\u00e7\u0131l\u0131r.<\/p>\n\n\n\n<p><em>\u201cN\u00fcmay\u0259nd\u0259liyin ba\u011flanmas\u0131 q\u0259rar\u0131n\u0131n \u201cBBC\u201c yay\u0131m \u015firk\u0259tinin \u00f6lk\u0259mizd\u0259 m\u00fcxbir f\u0259aliyy\u0259tin\u0259 aidiyy\u0259ti yoxdur v\u0259 1 n\u0259f\u0259r m\u00fcxbir \u00fc\u00e7\u00fcn akkreditasiya verilm\u0259si n\u0259z\u0259rd\u0259 tutulub. Ox\u015far q\u0259rarlar b\u0259zi dig\u0259r xarici media qurumlar\u0131 il\u0259 ba\u011fl\u0131 da verilib\u201d, <\/em>&#8211; Ayxan Hac\u0131zad\u0259 bildirib.<\/p>\n\n\n\n<hr class=\"wp-block-separator has-alpha-channel-opacity\"\/>\n\n\n\n<p><\/p>\n\n\n\n<p><strong><em>Media qurumu Xarici \u0130\u015fl\u0259r Nazirliyind\u0259n \u015fifahi bildiri\u015f ald\u0131qdan sonra \u00f6lk\u0259d\u0259ki ofisini ba\u011flamaq bar\u0259d\u0259 \u201cm\u0259cburi q\u0259rar\u201d verib<\/em><\/strong><\/p>\n\n\n\n<p>\u201cBBC News\u201d Az\u0259rbaycandak\u0131 ofisini ba\u011flay\u0131b.<\/p>\n\n\n\n<p>Bu bar\u0259d\u0259 \u201cBBC\u201d Az\u0259rbaycanca <a href=\"https:\/\/www.bbc.com\/azeri\/articles\/cm2dn37pdnjo\" target=\"_blank\" rel=\"noreferrer noopener\">m\u0259lumat <\/a>yay\u0131b.<\/p>\n\n\n\n<p>B\u0259yanatda deyilir ki, \u201cBBC News\u201d Az\u0259rbaycanca Xarici \u0130\u015fl\u0259r Nazirliyind\u0259n \u015fifahi bildiri\u015f ald\u0131qdan sonra \u00f6lk\u0259d\u0259ki ofisini ba\u011flamaq bar\u0259d\u0259 \u201cm\u0259cburi q\u0259rar\u201d verib.<\/p>\n\n\n\n<p><em>\u201cBiz m\u0259tbuat azadl\u0131\u011f\u0131na qar\u015f\u0131 bu m\u0259hdudla\u015fd\u0131r\u0131c\u0131 add\u0131mdan d\u0259rin t\u0259\u0259ss\u00fcf hissi ke\u00e7iririk. Bu q\u0259rar Az\u0259rbaycana v\u0259 bu \u00f6lk\u0259d\u0259n x\u0259b\u0259r verilm\u0259si f\u0259aliyy\u0259tin\u0259 \u0259ng\u0259l yaradacaq. \u201cBBC\u201d-y\u0259 bu t\u0259l\u0259b yaln\u0131z \u015fifahi \u015f\u0259kild\u0259 \u00e7atd\u0131r\u0131l\u0131b, \u015firk\u0259t Az\u0259rbaycan h\u00f6kum\u0259tind\u0259n yaz\u0131l\u0131 he\u00e7 n\u0259 almay\u0131b v\u0259 bir s\u0131ra kanallar vasit\u0259sil\u0259 m\u0259s\u0259l\u0259y\u0259 ayd\u0131nl\u0131q g\u0259tirm\u0259y\u0259 \u00e7al\u0131\u015f\u0131b. Bak\u0131dak\u0131 jurnalist komandas\u0131 i\u015fini dayand\u0131r\u0131b v\u0259 \u015firk\u0259t bu g\u00f6st\u0259ri\u015fl\u0259 ba\u011fl\u0131 ayd\u0131nla\u015fd\u0131rma aparmaqdad\u0131r. Az\u0259rbaycan dilind\u0259 x\u0259b\u0259r verm\u0259y\u0259 davam ed\u0259c\u0259yik\u201d<\/em>, &#8211; b\u0259yanatda deyilir.<\/p>\n\n\n\n<p>2025-ci il fevral\u0131n 13-d\u0259 h\u00f6kum\u0259ty\u00f6nl\u00fc K\u0130V-d\u0259 Az\u0259rbaycanda \u201cSputnik-Az\u0259rbaycan\u201d v\u0259 \u201cBBC News Az\u0259rbaycanca\u201dn\u0131n redaksiyalar\u0131n\u0131n ba\u011flanaca\u011f\u0131na dair <a href=\"https:\/\/anspress.com\/sputnik-azerbaycan-ve-bbc-news-azerbaycanca-baglanir\" target=\"_blank\" rel=\"noreferrer noopener\">m\u0259lumatlar<\/a> yay\u0131l\u0131b.<\/p>\n\n\n\n<p>Bildirilib ki, h\u0259r iki redaksiyas\u0131n\u0131n i\u015find\u0259 Az\u0259rbaycan t\u0259r\u0259find\u0259n t\u0259nziml\u0259m\u0259l\u0259r edil\u0259c\u0259k.<\/p>\n\n\n\n<p>\u201cSputnik-Az\u0259rbaycan\u201d Rusiyan\u0131n \u201cRossiya Seqodnya\u201d Beyn\u0259lxalq \u0130nformasiya Agentliyinin filial\u0131 kimi f\u0259aliyy\u0259t g\u00f6st\u0259rir. Bildirilib ki, \u201cAZ\u018fRTAC\u201d\u0131n Rusiyada c\u0259mi bir m\u00fcxbiri oldu\u011fu halda, \u201cSpitnik Az\u0259rbaycan\u201d\u0131n Bak\u0131da 40 n\u0259f\u0259rd\u0259n ibar\u0259t b\u00fct\u00f6v redaksiyas\u0131 var.<\/p>\n\n\n\n<p><em>\u201cHaz\u0131rda bu paritet ciddi \u015f\u0259kild\u0259 pozulub. Eyni yana\u015fma \u201cBBC Az\u0259rbaycanca\u201dya da t\u0259tbiq edil\u0259c\u0259k\u201d<\/em>, &#8211; x\u0259b\u0259rd\u0259 deyilib.<\/p>\n\n\n\n<p>\u201cBBC\u201d Az\u0259rbaycanda 1994-c\u00fc ild\u0259n f\u0259aliyy\u0259t g\u00f6st\u0259rir.<\/p>\n\n\n\n<p>Az\u0259rbaycan h\u00f6kum\u0259tinin FM dal\u011falar\u0131nda xarici radiolar\u0131n yay\u0131m\u0131n\u0131 dayand\u0131rmaq q\u0259rar\u0131ndan sonra 2011-ci ild\u0259n etibar\u0259n &#8220;BBC Az\u0259rbaycanca&#8221; radio yay\u0131mlar\u0131n\u0131 durdurub.<\/p>\n\n\n\n<p>Bundan sonra &#8220;BBC Az\u0259rbaycanca&#8221; onlayn f\u0259aliyy\u0259tini geni\u015fl\u0259ndirmi\u015fdi.<\/p>\n\n\n\n<p><\/p>\n","protected":false},"excerpt":{"rendered":"<p>Az\u0259rbaycan Xarici \u0130\u015fl\u0259r Nazirliyinin m\u0259tbuat xidm\u0259tinin r\u0259hb\u0259ri Ayxan Hac\u0131zad\u0259 bildirib &#8230; <\/p>\n<p class=\"read-more-container\"><a title=\"\u201cBBC News\u201d Az\u0259rbaycanca Bak\u0131dak\u0131 ofisini ba\u011flay\u0131b (Yenil\u0259nib)\" class=\"read-more button\" href=\"https:\/\/www.meydan.tv\/az\/article\/bbc-news-az%c9%99rbaycanca-bakidaki-ofisini-baglayib\/#more-326682\" aria-label=\"Read more about \u201cBBC News\u201d Az\u0259rbaycanca Bak\u0131dak\u0131 ofisini ba\u011flay\u0131b (Yenil\u0259nib)\">Davam\u0131<\/a><\/p>\n","protected":false},"author":21,"featured_media":326713,"comment_status":"closed","ping_status":"closed","sticky":false,"template":"","format":"standard","meta":{"_acf_changed":false,"_sitemap_exclude":false,"_sitemap_priority":"","_sitemap_frequency":"","footnotes":""},"categories":[59,79,56],"tags":[],"class_list":["post-326682","post","type-post","status-publish","format-standard","has-post-thumbnail","hentry","category-siyaset","category-featured","category-xeberler","infinite-scroll-item","generate-columns","tablet-grid-50","mobile-grid-100","grid-parent","grid-33","no-featured-image-padding"],"acf":[],"yoast_head":"<!-- This site is optimized with the Yoast SEO plugin v27.5 - https:\/\/yoast.com\/product\/yoast-seo-wordpress\/ -->\n<title>\u201cBBC News\u201d Az\u0259rbaycanca Bak\u0131dak\u0131 ofisini ba\u011flay\u0131b (Yenil\u0259nib) - MEYDAN.TV<\/title>\n<meta name=\"robots\" content=\"index, follow, max-snippet:-1, max-image-preview:large, max-video-preview:-1\" \/>\n<link rel=\"canonical\" href=\"https:\/\/www.meydan.tv\/az\/article\/bbc-news-az%c9%99rbaycanca-bakidaki-ofisini-baglayib\/\" \/>\n<meta property=\"og:locale\" content=\"az_AZ\" \/>\n<meta property=\"og:type\" content=\"article\" \/>\n<meta property=\"og:title\" content=\"\u201cBBC News\u201d Az\u0259rbaycanca Bak\u0131dak\u0131 ofisini ba\u011flay\u0131b (Yenil\u0259nib) - MEYDAN.TV\" \/>\n<meta property=\"og:description\" content=\"Az\u0259rbaycan Xarici \u0130\u015fl\u0259r Nazirliyinin m\u0259tbuat xidm\u0259tinin r\u0259hb\u0259ri Ayxan Hac\u0131zad\u0259 bildirib ... Davam\u0131\" \/>\n<meta property=\"og:url\" content=\"https:\/\/www.meydan.tv\/az\/article\/bbc-news-az%c9%99rbaycanca-bakidaki-ofisini-baglayib\/\" \/>\n<meta property=\"og:site_name\" content=\"MEYDAN.TV\" \/>\n<meta property=\"article:published_time\" content=\"2025-02-20T13:57:49+00:00\" \/>\n<meta property=\"article:modified_time\" content=\"2025-02-20T15:59:03+00:00\" \/>\n<meta property=\"og:image\" content=\"https:\/\/www.meydan.tv\/wp-content\/uploads\/0334555.png\" \/>\n\t<meta property=\"og:image:width\" content=\"1179\" \/>\n\t<meta property=\"og:image:height\" content=\"576\" \/>\n\t<meta property=\"og:image:type\" content=\"image\/png\" \/>\n<meta name=\"author\" content=\"mahmud\" \/>\n<meta name=\"twitter:card\" content=\"summary_large_image\" \/>\n<script type=\"application\/ld+json\" class=\"yoast-schema-graph\">{\"@context\":\"https:\\\/\\\/schema.org\",\"@graph\":[{\"@type\":\"Article\",\"@id\":\"https:\\\/\\\/www.meydan.tv\\\/az\\\/article\\\/bbc-news-az%c9%99rbaycanca-bakidaki-ofisini-baglayib\\\/#article\",\"isPartOf\":{\"@id\":\"https:\\\/\\\/www.meydan.tv\\\/az\\\/article\\\/bbc-news-az%c9%99rbaycanca-bakidaki-ofisini-baglayib\\\/\"},\"author\":{\"name\":\"mahmud\",\"@id\":\"https:\\\/\\\/www.meydan.tv\\\/az\\\/#\\\/schema\\\/person\\\/09863e516102a829e72bedcf3f84c6b0\"},\"headline\":\"\u201cBBC News\u201d Az\u0259rbaycanca Bak\u0131dak\u0131 ofisini ba\u011flay\u0131b (Yenil\u0259nib)\",\"datePublished\":\"2025-02-20T13:57:49+00:00\",\"dateModified\":\"2025-02-20T15:59:03+00:00\",\"mainEntityOfPage\":{\"@id\":\"https:\\\/\\\/www.meydan.tv\\\/az\\\/article\\\/bbc-news-az%c9%99rbaycanca-bakidaki-ofisini-baglayib\\\/\"},\"wordCount\":544,\"publisher\":{\"@id\":\"https:\\\/\\\/www.meydan.tv\\\/az\\\/#organization\"},\"image\":{\"@id\":\"https:\\\/\\\/www.meydan.tv\\\/az\\\/article\\\/bbc-news-az%c9%99rbaycanca-bakidaki-ofisini-baglayib\\\/#primaryimage\"},\"thumbnailUrl\":\"https:\\\/\\\/www.meydan.tv\\\/wp-content\\\/uploads\\\/0334555.png\",\"articleSection\":[\"Siyas\u0259t\",\"T\u00f6vsiy\u0259\",\"X\u0259b\u0259rl\u0259r\"],\"inLanguage\":\"az\"},{\"@type\":\"WebPage\",\"@id\":\"https:\\\/\\\/www.meydan.tv\\\/az\\\/article\\\/bbc-news-az%c9%99rbaycanca-bakidaki-ofisini-baglayib\\\/\",\"url\":\"https:\\\/\\\/www.meydan.tv\\\/az\\\/article\\\/bbc-news-az%c9%99rbaycanca-bakidaki-ofisini-baglayib\\\/\",\"name\":\"\u201cBBC News\u201d Az\u0259rbaycanca Bak\u0131dak\u0131 ofisini ba\u011flay\u0131b (Yenil\u0259nib) - MEYDAN.TV\",\"isPartOf\":{\"@id\":\"https:\\\/\\\/www.meydan.tv\\\/az\\\/#website\"},\"primaryImageOfPage\":{\"@id\":\"https:\\\/\\\/www.meydan.tv\\\/az\\\/article\\\/bbc-news-az%c9%99rbaycanca-bakidaki-ofisini-baglayib\\\/#primaryimage\"},\"image\":{\"@id\":\"https:\\\/\\\/www.meydan.tv\\\/az\\\/article\\\/bbc-news-az%c9%99rbaycanca-bakidaki-ofisini-baglayib\\\/#primaryimage\"},\"thumbnailUrl\":\"https:\\\/\\\/www.meydan.tv\\\/wp-content\\\/uploads\\\/0334555.png\",\"datePublished\":\"2025-02-20T13:57:49+00:00\",\"dateModified\":\"2025-02-20T15:59:03+00:00\",\"breadcrumb\":{\"@id\":\"https:\\\/\\\/www.meydan.tv\\\/az\\\/article\\\/bbc-news-az%c9%99rbaycanca-bakidaki-ofisini-baglayib\\\/#breadcrumb\"},\"inLanguage\":\"az\",\"potentialAction\":[{\"@type\":\"ReadAction\",\"target\":[\"https:\\\/\\\/www.meydan.tv\\\/az\\\/article\\\/bbc-news-az%c9%99rbaycanca-bakidaki-ofisini-baglayib\\\/\"]}]},{\"@type\":\"ImageObject\",\"inLanguage\":\"az\",\"@id\":\"https:\\\/\\\/www.meydan.tv\\\/az\\\/article\\\/bbc-news-az%c9%99rbaycanca-bakidaki-ofisini-baglayib\\\/#primaryimage\",\"url\":\"https:\\\/\\\/www.meydan.tv\\\/wp-content\\\/uploads\\\/0334555.png\",\"contentUrl\":\"https:\\\/\\\/www.meydan.tv\\\/wp-content\\\/uploads\\\/0334555.png\",\"width\":1179,\"height\":576,\"caption\":\"Foto: BBC News az\u0259rbaycanca\"},{\"@type\":\"BreadcrumbList\",\"@id\":\"https:\\\/\\\/www.meydan.tv\\\/az\\\/article\\\/bbc-news-az%c9%99rbaycanca-bakidaki-ofisini-baglayib\\\/#breadcrumb\",\"itemListElement\":[{\"@type\":\"ListItem\",\"position\":1,\"name\":\"Ana s\u0259hif\u0259\",\"item\":\"https:\\\/\\\/www.meydan.tv\\\/az\\\/\"},{\"@type\":\"ListItem\",\"position\":2,\"name\":\"Siyas\u0259t\",\"item\":\"https:\\\/\\\/www.meydan.tv\\\/az\\\/section\\\/siyaset\\\/\"},{\"@type\":\"ListItem\",\"position\":3,\"name\":\"\u201cBBC News\u201d Az\u0259rbaycanca Bak\u0131dak\u0131 ofisini ba\u011flay\u0131b (Yenil\u0259nib)\"}]},{\"@type\":\"WebSite\",\"@id\":\"https:\\\/\\\/www.meydan.tv\\\/az\\\/#website\",\"url\":\"https:\\\/\\\/www.meydan.tv\\\/az\\\/\",\"name\":\"MEYDAN.TV\",\"description\":\"Meydan TV Az\u0259rbaycan\u0131n media m\u0259kan\u0131ndak\u0131 alternativ s\u0259sidir\",\"publisher\":{\"@id\":\"https:\\\/\\\/www.meydan.tv\\\/az\\\/#organization\"},\"potentialAction\":[{\"@type\":\"SearchAction\",\"target\":{\"@type\":\"EntryPoint\",\"urlTemplate\":\"https:\\\/\\\/www.meydan.tv\\\/az\\\/?s={search_term_string}\"},\"query-input\":{\"@type\":\"PropertyValueSpecification\",\"valueRequired\":true,\"valueName\":\"search_term_string\"}}],\"inLanguage\":\"az\"},{\"@type\":\"Organization\",\"@id\":\"https:\\\/\\\/www.meydan.tv\\\/az\\\/#organization\",\"name\":\"Meydan TV\",\"url\":\"https:\\\/\\\/www.meydan.tv\\\/az\\\/\",\"logo\":{\"@type\":\"ImageObject\",\"inLanguage\":\"az\",\"@id\":\"https:\\\/\\\/www.meydan.tv\\\/az\\\/#\\\/schema\\\/logo\\\/image\\\/\",\"url\":\"https:\\\/\\\/www.meydan.tv\\\/wp-content\\\/uploads\\\/2021\\\/07\\\/meydan-logo.svg\",\"contentUrl\":\"https:\\\/\\\/www.meydan.tv\\\/wp-content\\\/uploads\\\/2021\\\/07\\\/meydan-logo.svg\",\"width\":195,\"height\":46,\"caption\":\"Meydan TV\"},\"image\":{\"@id\":\"https:\\\/\\\/www.meydan.tv\\\/az\\\/#\\\/schema\\\/logo\\\/image\\\/\"}},{\"@type\":\"Person\",\"@id\":\"https:\\\/\\\/www.meydan.tv\\\/az\\\/#\\\/schema\\\/person\\\/09863e516102a829e72bedcf3f84c6b0\",\"name\":\"mahmud\"}]}<\/script>\n<!-- \/ Yoast SEO plugin. -->","yoast_head_json":{"title":"\u201cBBC News\u201d Az\u0259rbaycanca Bak\u0131dak\u0131 ofisini ba\u011flay\u0131b (Yenil\u0259nib) - MEYDAN.TV","robots":{"index":"index","follow":"follow","max-snippet":"max-snippet:-1","max-image-preview":"max-image-preview:large","max-video-preview":"max-video-preview:-1"},"canonical":"https:\/\/www.meydan.tv\/az\/article\/bbc-news-az%c9%99rbaycanca-bakidaki-ofisini-baglayib\/","og_locale":"az_AZ","og_type":"article","og_title":"\u201cBBC News\u201d Az\u0259rbaycanca Bak\u0131dak\u0131 ofisini ba\u011flay\u0131b (Yenil\u0259nib) - MEYDAN.TV","og_description":"Az\u0259rbaycan Xarici \u0130\u015fl\u0259r Nazirliyinin m\u0259tbuat xidm\u0259tinin r\u0259hb\u0259ri Ayxan Hac\u0131zad\u0259 bildirib ... Davam\u0131","og_url":"https:\/\/www.meydan.tv\/az\/article\/bbc-news-az%c9%99rbaycanca-bakidaki-ofisini-baglayib\/","og_site_name":"MEYDAN.TV","article_published_time":"2025-02-20T13:57:49+00:00","article_modified_time":"2025-02-20T15:59:03+00:00","og_image":[{"width":1179,"height":576,"url":"https:\/\/www.meydan.tv\/wp-content\/uploads\/0334555.png","type":"image\/png"}],"author":"mahmud","twitter_card":"summary_large_image","schema":{"@context":"https:\/\/schema.org","@graph":[{"@type":"Article","@id":"https:\/\/www.meydan.tv\/az\/article\/bbc-news-az%c9%99rbaycanca-bakidaki-ofisini-baglayib\/#article","isPartOf":{"@id":"https:\/\/www.meydan.tv\/az\/article\/bbc-news-az%c9%99rbaycanca-bakidaki-ofisini-baglayib\/"},"author":{"name":"mahmud","@id":"https:\/\/www.meydan.tv\/az\/#\/schema\/person\/09863e516102a829e72bedcf3f84c6b0"},"headline":"\u201cBBC News\u201d Az\u0259rbaycanca Bak\u0131dak\u0131 ofisini ba\u011flay\u0131b (Yenil\u0259nib)","datePublished":"2025-02-20T13:57:49+00:00","dateModified":"2025-02-20T15:59:03+00:00","mainEntityOfPage":{"@id":"https:\/\/www.meydan.tv\/az\/article\/bbc-news-az%c9%99rbaycanca-bakidaki-ofisini-baglayib\/"},"wordCount":544,"publisher":{"@id":"https:\/\/www.meydan.tv\/az\/#organization"},"image":{"@id":"https:\/\/www.meydan.tv\/az\/article\/bbc-news-az%c9%99rbaycanca-bakidaki-ofisini-baglayib\/#primaryimage"},"thumbnailUrl":"https:\/\/www.meydan.tv\/wp-content\/uploads\/0334555.png","articleSection":["Siyas\u0259t","T\u00f6vsiy\u0259","X\u0259b\u0259rl\u0259r"],"inLanguage":"az"},{"@type":"WebPage","@id":"https:\/\/www.meydan.tv\/az\/article\/bbc-news-az%c9%99rbaycanca-bakidaki-ofisini-baglayib\/","url":"https:\/\/www.meydan.tv\/az\/article\/bbc-news-az%c9%99rbaycanca-bakidaki-ofisini-baglayib\/","name":"\u201cBBC News\u201d Az\u0259rbaycanca Bak\u0131dak\u0131 ofisini ba\u011flay\u0131b (Yenil\u0259nib) - MEYDAN.TV","isPartOf":{"@id":"https:\/\/www.meydan.tv\/az\/#website"},"primaryImageOfPage":{"@id":"https:\/\/www.meydan.tv\/az\/article\/bbc-news-az%c9%99rbaycanca-bakidaki-ofisini-baglayib\/#primaryimage"},"image":{"@id":"https:\/\/www.meydan.tv\/az\/article\/bbc-news-az%c9%99rbaycanca-bakidaki-ofisini-baglayib\/#primaryimage"},"thumbnailUrl":"https:\/\/www.meydan.tv\/wp-content\/uploads\/0334555.png","datePublished":"2025-02-20T13:57:49+00:00","dateModified":"2025-02-20T15:59:03+00:00","breadcrumb":{"@id":"https:\/\/www.meydan.tv\/az\/article\/bbc-news-az%c9%99rbaycanca-bakidaki-ofisini-baglayib\/#breadcrumb"},"inLanguage":"az","potentialAction":[{"@type":"ReadAction","target":["https:\/\/www.meydan.tv\/az\/article\/bbc-news-az%c9%99rbaycanca-bakidaki-ofisini-baglayib\/"]}]},{"@type":"ImageObject","inLanguage":"az","@id":"https:\/\/www.meydan.tv\/az\/article\/bbc-news-az%c9%99rbaycanca-bakidaki-ofisini-baglayib\/#primaryimage","url":"https:\/\/www.meydan.tv\/wp-content\/uploads\/0334555.png","contentUrl":"https:\/\/www.meydan.tv\/wp-content\/uploads\/0334555.png","width":1179,"height":576,"caption":"Foto: BBC News az\u0259rbaycanca"},{"@type":"BreadcrumbList","@id":"https:\/\/www.meydan.tv\/az\/article\/bbc-news-az%c9%99rbaycanca-bakidaki-ofisini-baglayib\/#breadcrumb","itemListElement":[{"@type":"ListItem","position":1,"name":"Ana s\u0259hif\u0259","item":"https:\/\/www.meydan.tv\/az\/"},{"@type":"ListItem","position":2,"name":"Siyas\u0259t","item":"https:\/\/www.meydan.tv\/az\/section\/siyaset\/"},{"@type":"ListItem","position":3,"name":"\u201cBBC News\u201d Az\u0259rbaycanca Bak\u0131dak\u0131 ofisini ba\u011flay\u0131b (Yenil\u0259nib)"}]},{"@type":"WebSite","@id":"https:\/\/www.meydan.tv\/az\/#website","url":"https:\/\/www.meydan.tv\/az\/","name":"MEYDAN.TV","description":"Meydan TV Az\u0259rbaycan\u0131n media m\u0259kan\u0131ndak\u0131 alternativ s\u0259sidir","publisher":{"@id":"https:\/\/www.meydan.tv\/az\/#organization"},"potentialAction":[{"@type":"SearchAction","target":{"@type":"EntryPoint","urlTemplate":"https:\/\/www.meydan.tv\/az\/?s={search_term_string}"},"query-input":{"@type":"PropertyValueSpecification","valueRequired":true,"valueName":"search_term_string"}}],"inLanguage":"az"},{"@type":"Organization","@id":"https:\/\/www.meydan.tv\/az\/#organization","name":"Meydan TV","url":"https:\/\/www.meydan.tv\/az\/","logo":{"@type":"ImageObject","inLanguage":"az","@id":"https:\/\/www.meydan.tv\/az\/#\/schema\/logo\/image\/","url":"https:\/\/www.meydan.tv\/wp-content\/uploads\/2021\/07\/meydan-logo.svg","contentUrl":"https:\/\/www.meydan.tv\/wp-content\/uploads\/2021\/07\/meydan-logo.svg","width":195,"height":46,"caption":"Meydan TV"},"image":{"@id":"https:\/\/www.meydan.tv\/az\/#\/schema\/logo\/image\/"}},{"@type":"Person","@id":"https:\/\/www.meydan.tv\/az\/#\/schema\/person\/09863e516102a829e72bedcf3f84c6b0","name":"mahmud"}]}},"_links":{"self":[{"href":"https:\/\/www.meydan.tv\/az\/wp-json\/wp\/v2\/posts\/326682","targetHints":{"allow":["GET"]}}],"collection":[{"href":"https:\/\/www.meydan.tv\/az\/wp-json\/wp\/v2\/posts"}],"about":[{"href":"https:\/\/www.meydan.tv\/az\/wp-json\/wp\/v2\/types\/post"}],"author":[{"embeddable":true,"href":"https:\/\/www.meydan.tv\/az\/wp-json\/wp\/v2\/users\/21"}],"replies":[{"embeddable":true,"href":"https:\/\/www.meydan.tv\/az\/wp-json\/wp\/v2\/comments?post=326682"}],"version-history":[{"count":7,"href":"https:\/\/www.meydan.tv\/az\/wp-json\/wp\/v2\/posts\/326682\/revisions"}],"predecessor-version":[{"id":326722,"href":"https:\/\/www.meydan.tv\/az\/wp-json\/wp\/v2\/posts\/326682\/revisions\/326722"}],"wp:featuredmedia":[{"embeddable":true,"href":"https:\/\/www.meydan.tv\/az\/wp-json\/wp\/v2\/media\/326713"}],"wp:attachment":[{"href":"https:\/\/www.meydan.tv\/az\/wp-json\/wp\/v2\/media?parent=326682"}],"wp:term":[{"taxonomy":"category","embeddable":true,"href":"https:\/\/www.meydan.tv\/az\/wp-json\/wp\/v2\/categories?post=326682"},{"taxonomy":"post_tag","embeddable":true,"href":"https:\/\/www.meydan.tv\/az\/wp-json\/wp\/v2\/tags?post=326682"}],"curies":[{"name":"wp","href":"https:\/\/api.w.org\/{rel}","templated":true}]}}