{"id":326645,"date":"2025-02-20T13:38:47","date_gmt":"2025-02-20T09:38:47","guid":{"rendered":"https:\/\/www.meydan.tv\/?p=326645"},"modified":"2025-02-20T15:34:48","modified_gmt":"2025-02-20T11:34:48","slug":"az%c9%99rbaycanin-bir-sira-x%c9%99b%c9%99r-saytlarina-haker-hucumu-olub","status":"publish","type":"post","link":"https:\/\/www.meydan.tv\/az\/article\/az%c9%99rbaycanin-bir-sira-x%c9%99b%c9%99r-saytlarina-haker-hucumu-olub\/","title":{"rendered":"Az\u0259rbaycan\u0131n bir s\u0131ra x\u0259b\u0259r saytlar\u0131na kiberh\u00fccum olub"},"content":{"rendered":"\n<p><\/p>\n\n\n\n<p><strong><em>Saytlar\u0131n \u00f6z\u00fcn\u00fc &#8220;h\u00fcseyn\u00e7il\u0259r&#8221; adland\u0131ran qrupun haker h\u00fccumuna m\u0259ruz qald\u0131\u011f\u0131 bildirilir<\/em><\/strong><\/p>\n\n\n\n<p>Az\u0259rbaycanda bir s\u0131ra x\u0259b\u0259r saytlar\u0131n\u0131n k\u00fctl\u0259vi haker h\u00fccumuna m\u0259ruz qald\u0131\u011f\u0131 bildirilir.<\/p>\n\n\n\n<p>Haz\u0131rda h\u0259min saytlar\u0131n f\u0259aliyy\u0259tind\u0259 probleml\u0259r yaran\u0131b, giri\u015f m\u0259hdudla\u015f\u0131b.<\/p>\n\n\n\n<p>H\u00fccuma m\u0259ruz qalan K\u0130V-l\u0259r &#8220;Global Media Group&#8221; MMC-nin t\u0259rkibin\u0259 daxil olan &#8220;Report&#8221; \u0130nformasiya Agentliyi, &#8220;Oxu.az&#8221;, \u201cMedia.az\u201d, &#8220;Baku.ws&#8221;, &#8220;Caliber.az&#8221; x\u0259b\u0259r saytlar\u0131, &#8220;Baku TV&#8221; internet televiziyas\u0131, el\u0259c\u0259 d\u0259 &#8220;Azpolitika.info&#8221; sayt\u0131d\u0131r.<\/p>\n\n\n\n<p>&#8220;Global Media Group&#8221; MMC-nin t\u0259rkibin\u0259 daxil olan x\u0259b\u0259r saytlar\u0131n\u0131n Az\u0259rbaycan Respublikas\u0131n\u0131n D\u00f6vl\u0259t Neft \u015eirk\u0259ti (SOCAR) t\u0259r\u0259find\u0259n maliyy\u0259l\u0259\u015fdirildiyin\u0259 dair m\u0259lumatlar m\u00f6vcuddur. Ad\u0131\u00e7\u0259kil\u0259n x\u0259b\u0259r saytlar\u0131 hakimiyy\u0259tin t\u0259bli\u011fat\u0131n\u0131 aparan t\u0259r\u0259fli media resurslar\u0131 hesab olunur.<\/p>\n\n\n\n<p>Hakerl\u0259r h\u00fccum etdikl\u0259ri saytlar\u0131n \u0259sas s\u0259hif\u0259l\u0259rini d\u0259yi\u015f\u0259r\u0259k (deface) \u00f6z\u00fcn\u00fc \u201cAz\u0259rbaycan \u0130slam M\u00fcqavim\u0259t H\u0259r\u0259kat\u0131\u201d kimi ifad\u0259 ed\u0259n \u201cH\u00fcseyn\u00e7il\u0259r\u201d adland\u0131ran qrupun loqosunu yerl\u0259\u015fdiribl\u0259r.<\/p>\n\n\n\n<p>T\u0259\u015fkilat \u0130ran t\u0259r\u0259find\u0259n maliyy\u0259l\u0259\u015fdirilir v\u0259 d\u0259st\u0259kl\u0259nir. H\u00fccumun \u0130ran hakerl\u0259ri t\u0259r\u0259find\u0259n edildiyi bildirilir.<\/p>\n\n\n\n<p>Loqonun alt\u0131nda is\u0259 \u201cQuran\u201d\u0131n \u201cH\u0259cc\u201d sur\u0259si, 39-cu ay\u0259si mesaj kimi yerl\u0259\u015fdirilib:<\/p>\n\n\n\n<p><em>\u201cM\u00fcharib\u0259 edil\u0259nl\u0259r\u0259 z\u00fclm\u0259 m\u0259ruz qald\u0131qlar\u0131 \u00fc\u00e7\u00fcn d\u00f6y\u00fc\u015f icaz\u0259si verilmi\u015fdir. H\u0259qiq\u0259t\u0259n, Allah onlara q\u0259l\u0259b\u0259 \u00e7alma\u011fa qadirdir\u201d.<\/em><\/p>\n\n\n\n<figure class=\"wp-block-image size-large is-resized\"><img decoding=\"async\" width=\"1200\" height=\"605\" data-src=\"https:\/\/www.meydan.tv\/wp-content\/uploads\/screenshot-2025-02-20-121515-1200x605.png\" alt=\"\" class=\"wp-image-326651 lazyload\" style=\"--smush-placeholder-width: 1200px; --smush-placeholder-aspect-ratio: 1200\/605;width:700px;height:auto\" src=\"data:image\/svg+xml;base64,PHN2ZyB3aWR0aD0iMSIgaGVpZ2h0PSIxIiB4bWxucz0iaHR0cDovL3d3dy53My5vcmcvMjAwMC9zdmciPjwvc3ZnPg==\" \/><\/figure>\n\n\n\n<p>M\u0259s\u0259l\u0259 il\u0259 ba\u011fl\u0131 \u201cGlobal Media Group\u201d a\u00e7\u0131qlama yay\u0131b. A\u00e7\u0131qlamada deyilir ki, k\u00fctl\u0259vi kiberh\u00fccumlar\u0131n qar\u015f\u0131s\u0131n\u0131n al\u0131nmas\u0131 \u00fc\u00e7\u00fcn t\u0259xir\u0259sal\u0131nmaz t\u0259dbirl\u0259r h\u0259yata ke\u00e7irilir. <\/p>\n\n\n\n<p><em>\u201cX\u00fcsusi qeyd etm\u0259k ist\u0259rdik ki, bu adi DDoS h\u00fccumu yox, pe\u015f\u0259kar, h\u0259rt\u0259r\u0259fli kiberh\u00fccumdur\u201d.<\/em><\/p>\n\n\n\n<p><em>\u201cEyni zamanda, b\u00fct\u00fcn bu h\u00fccumlarla ba\u011fl\u0131 s\u0259lahiyy\u0259tli qurumlara m\u0259lumat verilib. Problemin aradan qald\u0131r\u0131lmas\u0131 istiqam\u0259tind\u0259 i\u015fl\u0259r apar\u0131l\u0131r\u201d<\/em>, &#8211; a\u00e7\u0131qlamada deyilir.<\/p>\n","protected":false},"excerpt":{"rendered":"<p>Saytlar\u0131n \u00f6z\u00fcn\u00fc &#8220;h\u00fcseyn\u00e7il\u0259r&#8221; adland\u0131ran qrupun haker h\u00fccumuna m\u0259ruz qald\u0131\u011f\u0131 bildirilir &#8230; <\/p>\n<p class=\"read-more-container\"><a title=\"Az\u0259rbaycan\u0131n bir s\u0131ra x\u0259b\u0259r saytlar\u0131na kiberh\u00fccum olub\" class=\"read-more button\" href=\"https:\/\/www.meydan.tv\/az\/article\/az%c9%99rbaycanin-bir-sira-x%c9%99b%c9%99r-saytlarina-haker-hucumu-olub\/#more-326645\" aria-label=\"Read more about Az\u0259rbaycan\u0131n bir s\u0131ra x\u0259b\u0259r saytlar\u0131na kiberh\u00fccum olub\">Davam\u0131<\/a><\/p>\n","protected":false},"author":21,"featured_media":326646,"comment_status":"closed","ping_status":"closed","sticky":false,"template":"","format":"standard","meta":{"_acf_changed":false,"_sitemap_exclude":false,"_sitemap_priority":"","_sitemap_frequency":"","footnotes":""},"categories":[59,79,56],"tags":[],"class_list":["post-326645","post","type-post","status-publish","format-standard","has-post-thumbnail","hentry","category-siyaset","category-featured","category-xeberler","infinite-scroll-item","generate-columns","tablet-grid-50","mobile-grid-100","grid-parent","grid-33","no-featured-image-padding"],"acf":[],"yoast_head":"<!-- This site is optimized with the Yoast SEO plugin v27.5 - https:\/\/yoast.com\/product\/yoast-seo-wordpress\/ -->\n<title>Az\u0259rbaycan\u0131n bir s\u0131ra x\u0259b\u0259r saytlar\u0131na kiberh\u00fccum olub - MEYDAN.TV<\/title>\n<meta name=\"robots\" content=\"index, follow, max-snippet:-1, max-image-preview:large, max-video-preview:-1\" \/>\n<link rel=\"canonical\" href=\"https:\/\/www.meydan.tv\/az\/article\/az%c9%99rbaycanin-bir-sira-x%c9%99b%c9%99r-saytlarina-haker-hucumu-olub\/\" \/>\n<meta property=\"og:locale\" content=\"az_AZ\" \/>\n<meta property=\"og:type\" content=\"article\" \/>\n<meta property=\"og:title\" content=\"Az\u0259rbaycan\u0131n bir s\u0131ra x\u0259b\u0259r saytlar\u0131na kiberh\u00fccum olub - MEYDAN.TV\" \/>\n<meta property=\"og:description\" content=\"Saytlar\u0131n \u00f6z\u00fcn\u00fc &#8220;h\u00fcseyn\u00e7il\u0259r&#8221; adland\u0131ran qrupun haker h\u00fccumuna m\u0259ruz qald\u0131\u011f\u0131 bildirilir ... Davam\u0131\" \/>\n<meta property=\"og:url\" content=\"https:\/\/www.meydan.tv\/az\/article\/az%c9%99rbaycanin-bir-sira-x%c9%99b%c9%99r-saytlarina-haker-hucumu-olub\/\" \/>\n<meta property=\"og:site_name\" content=\"MEYDAN.TV\" \/>\n<meta property=\"article:published_time\" content=\"2025-02-20T09:38:47+00:00\" \/>\n<meta property=\"article:modified_time\" content=\"2025-02-20T11:34:48+00:00\" \/>\n<meta property=\"og:image\" content=\"https:\/\/www.meydan.tv\/wp-content\/uploads\/090854.png\" \/>\n\t<meta property=\"og:image:width\" content=\"1179\" \/>\n\t<meta property=\"og:image:height\" content=\"576\" \/>\n\t<meta property=\"og:image:type\" content=\"image\/png\" \/>\n<meta name=\"author\" content=\"mahmud\" \/>\n<meta name=\"twitter:card\" content=\"summary_large_image\" \/>\n<script type=\"application\/ld+json\" class=\"yoast-schema-graph\">{\"@context\":\"https:\\\/\\\/schema.org\",\"@graph\":[{\"@type\":\"Article\",\"@id\":\"https:\\\/\\\/www.meydan.tv\\\/az\\\/article\\\/az%c9%99rbaycanin-bir-sira-x%c9%99b%c9%99r-saytlarina-haker-hucumu-olub\\\/#article\",\"isPartOf\":{\"@id\":\"https:\\\/\\\/www.meydan.tv\\\/az\\\/article\\\/az%c9%99rbaycanin-bir-sira-x%c9%99b%c9%99r-saytlarina-haker-hucumu-olub\\\/\"},\"author\":{\"name\":\"mahmud\",\"@id\":\"https:\\\/\\\/www.meydan.tv\\\/az\\\/#\\\/schema\\\/person\\\/09863e516102a829e72bedcf3f84c6b0\"},\"headline\":\"Az\u0259rbaycan\u0131n bir s\u0131ra x\u0259b\u0259r saytlar\u0131na kiberh\u00fccum olub\",\"datePublished\":\"2025-02-20T09:38:47+00:00\",\"dateModified\":\"2025-02-20T11:34:48+00:00\",\"mainEntityOfPage\":{\"@id\":\"https:\\\/\\\/www.meydan.tv\\\/az\\\/article\\\/az%c9%99rbaycanin-bir-sira-x%c9%99b%c9%99r-saytlarina-haker-hucumu-olub\\\/\"},\"wordCount\":386,\"publisher\":{\"@id\":\"https:\\\/\\\/www.meydan.tv\\\/az\\\/#organization\"},\"image\":{\"@id\":\"https:\\\/\\\/www.meydan.tv\\\/az\\\/article\\\/az%c9%99rbaycanin-bir-sira-x%c9%99b%c9%99r-saytlarina-haker-hucumu-olub\\\/#primaryimage\"},\"thumbnailUrl\":\"https:\\\/\\\/www.meydan.tv\\\/wp-content\\\/uploads\\\/090854.png\",\"articleSection\":[\"Siyas\u0259t\",\"T\u00f6vsiy\u0259\",\"X\u0259b\u0259rl\u0259r\"],\"inLanguage\":\"az\"},{\"@type\":\"WebPage\",\"@id\":\"https:\\\/\\\/www.meydan.tv\\\/az\\\/article\\\/az%c9%99rbaycanin-bir-sira-x%c9%99b%c9%99r-saytlarina-haker-hucumu-olub\\\/\",\"url\":\"https:\\\/\\\/www.meydan.tv\\\/az\\\/article\\\/az%c9%99rbaycanin-bir-sira-x%c9%99b%c9%99r-saytlarina-haker-hucumu-olub\\\/\",\"name\":\"Az\u0259rbaycan\u0131n bir s\u0131ra x\u0259b\u0259r saytlar\u0131na kiberh\u00fccum olub - MEYDAN.TV\",\"isPartOf\":{\"@id\":\"https:\\\/\\\/www.meydan.tv\\\/az\\\/#website\"},\"primaryImageOfPage\":{\"@id\":\"https:\\\/\\\/www.meydan.tv\\\/az\\\/article\\\/az%c9%99rbaycanin-bir-sira-x%c9%99b%c9%99r-saytlarina-haker-hucumu-olub\\\/#primaryimage\"},\"image\":{\"@id\":\"https:\\\/\\\/www.meydan.tv\\\/az\\\/article\\\/az%c9%99rbaycanin-bir-sira-x%c9%99b%c9%99r-saytlarina-haker-hucumu-olub\\\/#primaryimage\"},\"thumbnailUrl\":\"https:\\\/\\\/www.meydan.tv\\\/wp-content\\\/uploads\\\/090854.png\",\"datePublished\":\"2025-02-20T09:38:47+00:00\",\"dateModified\":\"2025-02-20T11:34:48+00:00\",\"breadcrumb\":{\"@id\":\"https:\\\/\\\/www.meydan.tv\\\/az\\\/article\\\/az%c9%99rbaycanin-bir-sira-x%c9%99b%c9%99r-saytlarina-haker-hucumu-olub\\\/#breadcrumb\"},\"inLanguage\":\"az\",\"potentialAction\":[{\"@type\":\"ReadAction\",\"target\":[\"https:\\\/\\\/www.meydan.tv\\\/az\\\/article\\\/az%c9%99rbaycanin-bir-sira-x%c9%99b%c9%99r-saytlarina-haker-hucumu-olub\\\/\"]}]},{\"@type\":\"ImageObject\",\"inLanguage\":\"az\",\"@id\":\"https:\\\/\\\/www.meydan.tv\\\/az\\\/article\\\/az%c9%99rbaycanin-bir-sira-x%c9%99b%c9%99r-saytlarina-haker-hucumu-olub\\\/#primaryimage\",\"url\":\"https:\\\/\\\/www.meydan.tv\\\/wp-content\\\/uploads\\\/090854.png\",\"contentUrl\":\"https:\\\/\\\/www.meydan.tv\\\/wp-content\\\/uploads\\\/090854.png\",\"width\":1179,\"height\":576,\"caption\":\"Foto-kollaj: Meydan TV\"},{\"@type\":\"BreadcrumbList\",\"@id\":\"https:\\\/\\\/www.meydan.tv\\\/az\\\/article\\\/az%c9%99rbaycanin-bir-sira-x%c9%99b%c9%99r-saytlarina-haker-hucumu-olub\\\/#breadcrumb\",\"itemListElement\":[{\"@type\":\"ListItem\",\"position\":1,\"name\":\"Ana s\u0259hif\u0259\",\"item\":\"https:\\\/\\\/www.meydan.tv\\\/az\\\/\"},{\"@type\":\"ListItem\",\"position\":2,\"name\":\"Siyas\u0259t\",\"item\":\"https:\\\/\\\/www.meydan.tv\\\/az\\\/section\\\/siyaset\\\/\"},{\"@type\":\"ListItem\",\"position\":3,\"name\":\"Az\u0259rbaycan\u0131n bir s\u0131ra x\u0259b\u0259r saytlar\u0131na kiberh\u00fccum olub\"}]},{\"@type\":\"WebSite\",\"@id\":\"https:\\\/\\\/www.meydan.tv\\\/az\\\/#website\",\"url\":\"https:\\\/\\\/www.meydan.tv\\\/az\\\/\",\"name\":\"MEYDAN.TV\",\"description\":\"Meydan TV Az\u0259rbaycan\u0131n media m\u0259kan\u0131ndak\u0131 alternativ s\u0259sidir\",\"publisher\":{\"@id\":\"https:\\\/\\\/www.meydan.tv\\\/az\\\/#organization\"},\"potentialAction\":[{\"@type\":\"SearchAction\",\"target\":{\"@type\":\"EntryPoint\",\"urlTemplate\":\"https:\\\/\\\/www.meydan.tv\\\/az\\\/?s={search_term_string}\"},\"query-input\":{\"@type\":\"PropertyValueSpecification\",\"valueRequired\":true,\"valueName\":\"search_term_string\"}}],\"inLanguage\":\"az\"},{\"@type\":\"Organization\",\"@id\":\"https:\\\/\\\/www.meydan.tv\\\/az\\\/#organization\",\"name\":\"Meydan TV\",\"url\":\"https:\\\/\\\/www.meydan.tv\\\/az\\\/\",\"logo\":{\"@type\":\"ImageObject\",\"inLanguage\":\"az\",\"@id\":\"https:\\\/\\\/www.meydan.tv\\\/az\\\/#\\\/schema\\\/logo\\\/image\\\/\",\"url\":\"https:\\\/\\\/www.meydan.tv\\\/wp-content\\\/uploads\\\/2021\\\/07\\\/meydan-logo.svg\",\"contentUrl\":\"https:\\\/\\\/www.meydan.tv\\\/wp-content\\\/uploads\\\/2021\\\/07\\\/meydan-logo.svg\",\"width\":195,\"height\":46,\"caption\":\"Meydan TV\"},\"image\":{\"@id\":\"https:\\\/\\\/www.meydan.tv\\\/az\\\/#\\\/schema\\\/logo\\\/image\\\/\"}},{\"@type\":\"Person\",\"@id\":\"https:\\\/\\\/www.meydan.tv\\\/az\\\/#\\\/schema\\\/person\\\/09863e516102a829e72bedcf3f84c6b0\",\"name\":\"mahmud\"}]}<\/script>\n<!-- \/ Yoast SEO plugin. -->","yoast_head_json":{"title":"Az\u0259rbaycan\u0131n bir s\u0131ra x\u0259b\u0259r saytlar\u0131na kiberh\u00fccum olub - MEYDAN.TV","robots":{"index":"index","follow":"follow","max-snippet":"max-snippet:-1","max-image-preview":"max-image-preview:large","max-video-preview":"max-video-preview:-1"},"canonical":"https:\/\/www.meydan.tv\/az\/article\/az%c9%99rbaycanin-bir-sira-x%c9%99b%c9%99r-saytlarina-haker-hucumu-olub\/","og_locale":"az_AZ","og_type":"article","og_title":"Az\u0259rbaycan\u0131n bir s\u0131ra x\u0259b\u0259r saytlar\u0131na kiberh\u00fccum olub - MEYDAN.TV","og_description":"Saytlar\u0131n \u00f6z\u00fcn\u00fc &#8220;h\u00fcseyn\u00e7il\u0259r&#8221; adland\u0131ran qrupun haker h\u00fccumuna m\u0259ruz qald\u0131\u011f\u0131 bildirilir ... Davam\u0131","og_url":"https:\/\/www.meydan.tv\/az\/article\/az%c9%99rbaycanin-bir-sira-x%c9%99b%c9%99r-saytlarina-haker-hucumu-olub\/","og_site_name":"MEYDAN.TV","article_published_time":"2025-02-20T09:38:47+00:00","article_modified_time":"2025-02-20T11:34:48+00:00","og_image":[{"width":1179,"height":576,"url":"https:\/\/www.meydan.tv\/wp-content\/uploads\/090854.png","type":"image\/png"}],"author":"mahmud","twitter_card":"summary_large_image","schema":{"@context":"https:\/\/schema.org","@graph":[{"@type":"Article","@id":"https:\/\/www.meydan.tv\/az\/article\/az%c9%99rbaycanin-bir-sira-x%c9%99b%c9%99r-saytlarina-haker-hucumu-olub\/#article","isPartOf":{"@id":"https:\/\/www.meydan.tv\/az\/article\/az%c9%99rbaycanin-bir-sira-x%c9%99b%c9%99r-saytlarina-haker-hucumu-olub\/"},"author":{"name":"mahmud","@id":"https:\/\/www.meydan.tv\/az\/#\/schema\/person\/09863e516102a829e72bedcf3f84c6b0"},"headline":"Az\u0259rbaycan\u0131n bir s\u0131ra x\u0259b\u0259r saytlar\u0131na kiberh\u00fccum olub","datePublished":"2025-02-20T09:38:47+00:00","dateModified":"2025-02-20T11:34:48+00:00","mainEntityOfPage":{"@id":"https:\/\/www.meydan.tv\/az\/article\/az%c9%99rbaycanin-bir-sira-x%c9%99b%c9%99r-saytlarina-haker-hucumu-olub\/"},"wordCount":386,"publisher":{"@id":"https:\/\/www.meydan.tv\/az\/#organization"},"image":{"@id":"https:\/\/www.meydan.tv\/az\/article\/az%c9%99rbaycanin-bir-sira-x%c9%99b%c9%99r-saytlarina-haker-hucumu-olub\/#primaryimage"},"thumbnailUrl":"https:\/\/www.meydan.tv\/wp-content\/uploads\/090854.png","articleSection":["Siyas\u0259t","T\u00f6vsiy\u0259","X\u0259b\u0259rl\u0259r"],"inLanguage":"az"},{"@type":"WebPage","@id":"https:\/\/www.meydan.tv\/az\/article\/az%c9%99rbaycanin-bir-sira-x%c9%99b%c9%99r-saytlarina-haker-hucumu-olub\/","url":"https:\/\/www.meydan.tv\/az\/article\/az%c9%99rbaycanin-bir-sira-x%c9%99b%c9%99r-saytlarina-haker-hucumu-olub\/","name":"Az\u0259rbaycan\u0131n bir s\u0131ra x\u0259b\u0259r saytlar\u0131na kiberh\u00fccum olub - MEYDAN.TV","isPartOf":{"@id":"https:\/\/www.meydan.tv\/az\/#website"},"primaryImageOfPage":{"@id":"https:\/\/www.meydan.tv\/az\/article\/az%c9%99rbaycanin-bir-sira-x%c9%99b%c9%99r-saytlarina-haker-hucumu-olub\/#primaryimage"},"image":{"@id":"https:\/\/www.meydan.tv\/az\/article\/az%c9%99rbaycanin-bir-sira-x%c9%99b%c9%99r-saytlarina-haker-hucumu-olub\/#primaryimage"},"thumbnailUrl":"https:\/\/www.meydan.tv\/wp-content\/uploads\/090854.png","datePublished":"2025-02-20T09:38:47+00:00","dateModified":"2025-02-20T11:34:48+00:00","breadcrumb":{"@id":"https:\/\/www.meydan.tv\/az\/article\/az%c9%99rbaycanin-bir-sira-x%c9%99b%c9%99r-saytlarina-haker-hucumu-olub\/#breadcrumb"},"inLanguage":"az","potentialAction":[{"@type":"ReadAction","target":["https:\/\/www.meydan.tv\/az\/article\/az%c9%99rbaycanin-bir-sira-x%c9%99b%c9%99r-saytlarina-haker-hucumu-olub\/"]}]},{"@type":"ImageObject","inLanguage":"az","@id":"https:\/\/www.meydan.tv\/az\/article\/az%c9%99rbaycanin-bir-sira-x%c9%99b%c9%99r-saytlarina-haker-hucumu-olub\/#primaryimage","url":"https:\/\/www.meydan.tv\/wp-content\/uploads\/090854.png","contentUrl":"https:\/\/www.meydan.tv\/wp-content\/uploads\/090854.png","width":1179,"height":576,"caption":"Foto-kollaj: Meydan TV"},{"@type":"BreadcrumbList","@id":"https:\/\/www.meydan.tv\/az\/article\/az%c9%99rbaycanin-bir-sira-x%c9%99b%c9%99r-saytlarina-haker-hucumu-olub\/#breadcrumb","itemListElement":[{"@type":"ListItem","position":1,"name":"Ana s\u0259hif\u0259","item":"https:\/\/www.meydan.tv\/az\/"},{"@type":"ListItem","position":2,"name":"Siyas\u0259t","item":"https:\/\/www.meydan.tv\/az\/section\/siyaset\/"},{"@type":"ListItem","position":3,"name":"Az\u0259rbaycan\u0131n bir s\u0131ra x\u0259b\u0259r saytlar\u0131na kiberh\u00fccum olub"}]},{"@type":"WebSite","@id":"https:\/\/www.meydan.tv\/az\/#website","url":"https:\/\/www.meydan.tv\/az\/","name":"MEYDAN.TV","description":"Meydan TV Az\u0259rbaycan\u0131n media m\u0259kan\u0131ndak\u0131 alternativ s\u0259sidir","publisher":{"@id":"https:\/\/www.meydan.tv\/az\/#organization"},"potentialAction":[{"@type":"SearchAction","target":{"@type":"EntryPoint","urlTemplate":"https:\/\/www.meydan.tv\/az\/?s={search_term_string}"},"query-input":{"@type":"PropertyValueSpecification","valueRequired":true,"valueName":"search_term_string"}}],"inLanguage":"az"},{"@type":"Organization","@id":"https:\/\/www.meydan.tv\/az\/#organization","name":"Meydan TV","url":"https:\/\/www.meydan.tv\/az\/","logo":{"@type":"ImageObject","inLanguage":"az","@id":"https:\/\/www.meydan.tv\/az\/#\/schema\/logo\/image\/","url":"https:\/\/www.meydan.tv\/wp-content\/uploads\/2021\/07\/meydan-logo.svg","contentUrl":"https:\/\/www.meydan.tv\/wp-content\/uploads\/2021\/07\/meydan-logo.svg","width":195,"height":46,"caption":"Meydan TV"},"image":{"@id":"https:\/\/www.meydan.tv\/az\/#\/schema\/logo\/image\/"}},{"@type":"Person","@id":"https:\/\/www.meydan.tv\/az\/#\/schema\/person\/09863e516102a829e72bedcf3f84c6b0","name":"mahmud"}]}},"_links":{"self":[{"href":"https:\/\/www.meydan.tv\/az\/wp-json\/wp\/v2\/posts\/326645","targetHints":{"allow":["GET"]}}],"collection":[{"href":"https:\/\/www.meydan.tv\/az\/wp-json\/wp\/v2\/posts"}],"about":[{"href":"https:\/\/www.meydan.tv\/az\/wp-json\/wp\/v2\/types\/post"}],"author":[{"embeddable":true,"href":"https:\/\/www.meydan.tv\/az\/wp-json\/wp\/v2\/users\/21"}],"replies":[{"embeddable":true,"href":"https:\/\/www.meydan.tv\/az\/wp-json\/wp\/v2\/comments?post=326645"}],"version-history":[{"count":6,"href":"https:\/\/www.meydan.tv\/az\/wp-json\/wp\/v2\/posts\/326645\/revisions"}],"predecessor-version":[{"id":326674,"href":"https:\/\/www.meydan.tv\/az\/wp-json\/wp\/v2\/posts\/326645\/revisions\/326674"}],"wp:featuredmedia":[{"embeddable":true,"href":"https:\/\/www.meydan.tv\/az\/wp-json\/wp\/v2\/media\/326646"}],"wp:attachment":[{"href":"https:\/\/www.meydan.tv\/az\/wp-json\/wp\/v2\/media?parent=326645"}],"wp:term":[{"taxonomy":"category","embeddable":true,"href":"https:\/\/www.meydan.tv\/az\/wp-json\/wp\/v2\/categories?post=326645"},{"taxonomy":"post_tag","embeddable":true,"href":"https:\/\/www.meydan.tv\/az\/wp-json\/wp\/v2\/tags?post=326645"}],"curies":[{"name":"wp","href":"https:\/\/api.w.org\/{rel}","templated":true}]}}