{"id":326614,"date":"2025-02-19T19:09:50","date_gmt":"2025-02-19T15:09:50","guid":{"rendered":"https:\/\/www.meydan.tv\/?p=326614"},"modified":"2025-02-19T19:32:41","modified_gmt":"2025-02-19T15:32:41","slug":"fuad-muradov-6-il-6-ay-azadliqdan-m%c9%99hrum-edilib","status":"publish","type":"post","link":"https:\/\/www.meydan.tv\/az\/article\/fuad-muradov-6-il-6-ay-azadliqdan-m%c9%99hrum-edilib\/","title":{"rendered":"Fuad Muradov 6 il 6 ay azadl\u0131qdan m\u0259hrum edilib"},"content":{"rendered":"\n<p><\/p>\n\n\n\n<p><strong><em>O, m\u00fcxt\u0259lif adamlar\u0131 intim g\u00f6r\u00fcnt\u00fcl\u0259rl\u0259 \u015fantaj edib, pul almaqda t\u0259qsirli bilinir<\/em><\/strong><\/p>\n\n\n\n<p>\u201cQazaxl\u0131 Alik\u201din o\u011flu, Milli F\u0259dail\u0259r H\u0259r\u0259kat\u0131n\u0131n s\u0259dri Fuad Muradov m\u00fcxt\u0259lif adamlar\u0131 intim g\u00f6r\u00fcnt\u00fcl\u0259rl\u0259 \u015fantaj edib, pul almaqda t\u0259qsirli bilin\u0259r\u0259k, 6 il 6 ay azadl\u0131qdan m\u0259hrum edilib.<\/p>\n\n\n\n<p>Fevral\u0131n 19-da G\u0259nc\u0259 A\u011f\u0131r Cinay\u0259tl\u0259r M\u0259hk\u0259m\u0259sind\u0259 ona h\u00f6km oxunub.<\/p>\n\n\n\n<p>Bu h\u00f6kml\u0259 Fuad Muradovla birlikd\u0259 eyni \u0259m\u0259ld\u0259 t\u0259qsirl\u0259ndiril\u0259n Ramil Pa\u015f\u015fanov is\u0259 5 il 6 ay azadl\u0131qdan m\u0259hrum edilib. Onlar Cinay\u0259t M\u0259c\u0259ll\u0259sinin 182.2.1 (qabaqcadan \u0259lbir olan bir qrup \u015f\u0259xs t\u0259r\u0259find\u0259n h\u0259d\u0259-qorxu il\u0259 t\u0259l\u0259betm\u0259), 182.2.2 (t\u0259krar t\u00f6r\u0259dildikd\u0259), 182.2.4 (xeyli \u0259mlak \u0259ld\u0259 etm\u0259k m\u0259qs\u0259dil\u0259 t\u00f6r\u0259dildikd\u0259) madd\u0259l\u0259ril\u0259 t\u0259qsirli bilinib.<\/p>\n\n\n\n<p>Bu cinay\u0259t i\u015find\u0259ki \u00fc\u00e7\u00fcnc\u00fc t\u0259qsirl\u0259ndiril\u0259n \u015f\u0259xs G\u00fclnar Hac\u0131yeva da t\u0259qsirli bilinib v\u0259 ona da c\u0259za verilib. Lakin c\u0259zan\u0131n icras\u0131 m\u00fcv\u0259qq\u0259ti dayand\u0131r\u0131laraq, m\u0259hk\u0259m\u0259 zal\u0131ndan azadl\u0131\u011fa burax\u0131l\u0131b.<\/p>\n\n\n\n<p>G\u00fclnar Hac\u0131yevaya m\u00fcnasib\u0259td\u0259 Cinay\u0259t M\u0259c\u0259ll\u0259sinin 79-cu (hamil\u0259 qad\u0131nlar v\u0259 azya\u015fl\u0131 u\u015faqlar\u0131 olan \u015f\u0259xsl\u0259r t\u0259r\u0259find\u0259n c\u0259zan\u0131n \u00e7\u0259kilm\u0259sinin t\u0259xir\u0259 sal\u0131nmas\u0131) madd\u0259si t\u0259tbiq olunub.<\/p>\n\n\n\n<p>Bu i\u015fd\u0259 7 n\u0259f\u0259r z\u0259r\u0259r\u00e7\u0259kmi\u015f qismind\u0259 tan\u0131n\u0131b. Cinay\u0259t i\u015find\u0259 iddia olunur ki, Fuad Muradov t\u0259qsirl\u0259ndiril\u0259n G\u00fclnar Hac\u0131yeva vasit\u0259sil\u0259 m\u00fcxt\u0259lif ki\u015fil\u0259ri intim g\u00f6r\u00fcnt\u00fcl\u0259ri il\u0259 \u015fantaj ed\u0259r\u0259k, onlardan pul al\u0131b. H\u0259d\u0259-qorxuya m\u0259ruz qalanlardan bir ne\u00e7\u0259si 2023-c\u00fc ilin pay\u0131z\u0131nda Ba\u015f M\u00fct\u0259\u015f\u0259kkil Cinay\u0259tkarl\u0131qla M\u00fcbariz\u0259 \u0130dar\u0259sin\u0259 \u015fikay\u0259t edib v\u0259 2023-c\u00fc il oktyabr\u0131n 3-d\u0259 Fuad Muradovgil saxlan\u0131l\u0131b.<\/p>\n\n\n\n<p>Fuad Muradov m\u0259hk\u0259m\u0259d\u0259 \u00f6z\u00fcn\u00fc t\u0259qsirli bilm\u0259yib.<\/p>\n\n\n\n<p>Fuad Muradov sosial \u015f\u0259b\u0259k\u0259l\u0259rd\u0259 m\u00fcxalif siyasi f\u0259allara, m\u00fcst\u0259qil jurnalistl\u0259r v\u0259 t\u0259nqid\u00e7il\u0259r\u0259 qar\u015f\u0131 t\u0259hdidl\u0259r, t\u0259hqirl\u0259rl\u0259 vaxta\u015f\u0131r\u0131 m\u00fczakir\u0259 m\u00f6vzusuna \u00e7evrilirdi.<\/p>\n","protected":false},"excerpt":{"rendered":"<p>O, m\u00fcxt\u0259lif adamlar\u0131 intim g\u00f6r\u00fcnt\u00fcl\u0259rl\u0259 \u015fantaj edib, pul almaqda t\u0259qsirli &#8230; <\/p>\n<p class=\"read-more-container\"><a title=\"Fuad Muradov 6 il 6 ay azadl\u0131qdan m\u0259hrum edilib\" class=\"read-more button\" href=\"https:\/\/www.meydan.tv\/az\/article\/fuad-muradov-6-il-6-ay-azadliqdan-m%c9%99hrum-edilib\/#more-326614\" aria-label=\"Read more about Fuad Muradov 6 il 6 ay azadl\u0131qdan m\u0259hrum edilib\">Davam\u0131<\/a><\/p>\n","protected":false},"author":21,"featured_media":326625,"comment_status":"closed","ping_status":"closed","sticky":false,"template":"","format":"standard","meta":{"_acf_changed":false,"_sitemap_exclude":false,"_sitemap_priority":"","_sitemap_frequency":"","footnotes":""},"categories":[62,79,56],"tags":[],"class_list":["post-326614","post","type-post","status-publish","format-standard","has-post-thumbnail","hentry","category-sosial","category-featured","category-xeberler","infinite-scroll-item","generate-columns","tablet-grid-50","mobile-grid-100","grid-parent","grid-33","no-featured-image-padding"],"acf":[],"yoast_head":"<!-- This site is optimized with the Yoast SEO plugin v27.4 - https:\/\/yoast.com\/product\/yoast-seo-wordpress\/ -->\n<title>Fuad Muradov 6 il 6 ay azadl\u0131qdan m\u0259hrum edilib - MEYDAN.TV<\/title>\n<meta name=\"robots\" content=\"index, follow, max-snippet:-1, max-image-preview:large, max-video-preview:-1\" \/>\n<link rel=\"canonical\" href=\"https:\/\/www.meydan.tv\/az\/article\/fuad-muradov-6-il-6-ay-azadliqdan-m%c9%99hrum-edilib\/\" \/>\n<meta property=\"og:locale\" content=\"az_AZ\" \/>\n<meta property=\"og:type\" content=\"article\" \/>\n<meta property=\"og:title\" content=\"Fuad Muradov 6 il 6 ay azadl\u0131qdan m\u0259hrum edilib - MEYDAN.TV\" \/>\n<meta property=\"og:description\" content=\"O, m\u00fcxt\u0259lif adamlar\u0131 intim g\u00f6r\u00fcnt\u00fcl\u0259rl\u0259 \u015fantaj edib, pul almaqda t\u0259qsirli ... Davam\u0131\" \/>\n<meta property=\"og:url\" content=\"https:\/\/www.meydan.tv\/az\/article\/fuad-muradov-6-il-6-ay-azadliqdan-m%c9%99hrum-edilib\/\" \/>\n<meta property=\"og:site_name\" content=\"MEYDAN.TV\" \/>\n<meta property=\"article:published_time\" content=\"2025-02-19T15:09:50+00:00\" \/>\n<meta property=\"article:modified_time\" content=\"2025-02-19T15:32:41+00:00\" \/>\n<meta property=\"og:image\" content=\"https:\/\/www.meydan.tv\/wp-content\/uploads\/9078.png\" \/>\n\t<meta property=\"og:image:width\" content=\"1179\" \/>\n\t<meta property=\"og:image:height\" content=\"576\" \/>\n\t<meta property=\"og:image:type\" content=\"image\/png\" \/>\n<meta name=\"author\" content=\"mahmud\" \/>\n<meta name=\"twitter:card\" content=\"summary_large_image\" \/>\n<script type=\"application\/ld+json\" class=\"yoast-schema-graph\">{\"@context\":\"https:\\\/\\\/schema.org\",\"@graph\":[{\"@type\":\"Article\",\"@id\":\"https:\\\/\\\/www.meydan.tv\\\/az\\\/article\\\/fuad-muradov-6-il-6-ay-azadliqdan-m%c9%99hrum-edilib\\\/#article\",\"isPartOf\":{\"@id\":\"https:\\\/\\\/www.meydan.tv\\\/az\\\/article\\\/fuad-muradov-6-il-6-ay-azadliqdan-m%c9%99hrum-edilib\\\/\"},\"author\":{\"name\":\"mahmud\",\"@id\":\"https:\\\/\\\/www.meydan.tv\\\/az\\\/#\\\/schema\\\/person\\\/09863e516102a829e72bedcf3f84c6b0\"},\"headline\":\"Fuad Muradov 6 il 6 ay azadl\u0131qdan m\u0259hrum edilib\",\"datePublished\":\"2025-02-19T15:09:50+00:00\",\"dateModified\":\"2025-02-19T15:32:41+00:00\",\"mainEntityOfPage\":{\"@id\":\"https:\\\/\\\/www.meydan.tv\\\/az\\\/article\\\/fuad-muradov-6-il-6-ay-azadliqdan-m%c9%99hrum-edilib\\\/\"},\"wordCount\":391,\"publisher\":{\"@id\":\"https:\\\/\\\/www.meydan.tv\\\/az\\\/#organization\"},\"image\":{\"@id\":\"https:\\\/\\\/www.meydan.tv\\\/az\\\/article\\\/fuad-muradov-6-il-6-ay-azadliqdan-m%c9%99hrum-edilib\\\/#primaryimage\"},\"thumbnailUrl\":\"https:\\\/\\\/www.meydan.tv\\\/wp-content\\\/uploads\\\/9078.png\",\"articleSection\":[\"Sosial\",\"T\u00f6vsiy\u0259\",\"X\u0259b\u0259rl\u0259r\"],\"inLanguage\":\"az\"},{\"@type\":\"WebPage\",\"@id\":\"https:\\\/\\\/www.meydan.tv\\\/az\\\/article\\\/fuad-muradov-6-il-6-ay-azadliqdan-m%c9%99hrum-edilib\\\/\",\"url\":\"https:\\\/\\\/www.meydan.tv\\\/az\\\/article\\\/fuad-muradov-6-il-6-ay-azadliqdan-m%c9%99hrum-edilib\\\/\",\"name\":\"Fuad Muradov 6 il 6 ay azadl\u0131qdan m\u0259hrum edilib - MEYDAN.TV\",\"isPartOf\":{\"@id\":\"https:\\\/\\\/www.meydan.tv\\\/az\\\/#website\"},\"primaryImageOfPage\":{\"@id\":\"https:\\\/\\\/www.meydan.tv\\\/az\\\/article\\\/fuad-muradov-6-il-6-ay-azadliqdan-m%c9%99hrum-edilib\\\/#primaryimage\"},\"image\":{\"@id\":\"https:\\\/\\\/www.meydan.tv\\\/az\\\/article\\\/fuad-muradov-6-il-6-ay-azadliqdan-m%c9%99hrum-edilib\\\/#primaryimage\"},\"thumbnailUrl\":\"https:\\\/\\\/www.meydan.tv\\\/wp-content\\\/uploads\\\/9078.png\",\"datePublished\":\"2025-02-19T15:09:50+00:00\",\"dateModified\":\"2025-02-19T15:32:41+00:00\",\"breadcrumb\":{\"@id\":\"https:\\\/\\\/www.meydan.tv\\\/az\\\/article\\\/fuad-muradov-6-il-6-ay-azadliqdan-m%c9%99hrum-edilib\\\/#breadcrumb\"},\"inLanguage\":\"az\",\"potentialAction\":[{\"@type\":\"ReadAction\",\"target\":[\"https:\\\/\\\/www.meydan.tv\\\/az\\\/article\\\/fuad-muradov-6-il-6-ay-azadliqdan-m%c9%99hrum-edilib\\\/\"]}]},{\"@type\":\"ImageObject\",\"inLanguage\":\"az\",\"@id\":\"https:\\\/\\\/www.meydan.tv\\\/az\\\/article\\\/fuad-muradov-6-il-6-ay-azadliqdan-m%c9%99hrum-edilib\\\/#primaryimage\",\"url\":\"https:\\\/\\\/www.meydan.tv\\\/wp-content\\\/uploads\\\/9078.png\",\"contentUrl\":\"https:\\\/\\\/www.meydan.tv\\\/wp-content\\\/uploads\\\/9078.png\",\"width\":1179,\"height\":576,\"caption\":\"Fuad Muradov - Foto: \u015e\u0259xsi arxiv\"},{\"@type\":\"BreadcrumbList\",\"@id\":\"https:\\\/\\\/www.meydan.tv\\\/az\\\/article\\\/fuad-muradov-6-il-6-ay-azadliqdan-m%c9%99hrum-edilib\\\/#breadcrumb\",\"itemListElement\":[{\"@type\":\"ListItem\",\"position\":1,\"name\":\"Ana s\u0259hif\u0259\",\"item\":\"https:\\\/\\\/www.meydan.tv\\\/az\\\/\"},{\"@type\":\"ListItem\",\"position\":2,\"name\":\"X\u0259b\u0259rl\u0259r\",\"item\":\"https:\\\/\\\/www.meydan.tv\\\/az\\\/section\\\/xeberler\\\/\"},{\"@type\":\"ListItem\",\"position\":3,\"name\":\"Fuad Muradov 6 il 6 ay azadl\u0131qdan m\u0259hrum edilib\"}]},{\"@type\":\"WebSite\",\"@id\":\"https:\\\/\\\/www.meydan.tv\\\/az\\\/#website\",\"url\":\"https:\\\/\\\/www.meydan.tv\\\/az\\\/\",\"name\":\"MEYDAN.TV\",\"description\":\"Meydan TV Az\u0259rbaycan\u0131n media m\u0259kan\u0131ndak\u0131 alternativ s\u0259sidir\",\"publisher\":{\"@id\":\"https:\\\/\\\/www.meydan.tv\\\/az\\\/#organization\"},\"potentialAction\":[{\"@type\":\"SearchAction\",\"target\":{\"@type\":\"EntryPoint\",\"urlTemplate\":\"https:\\\/\\\/www.meydan.tv\\\/az\\\/?s={search_term_string}\"},\"query-input\":{\"@type\":\"PropertyValueSpecification\",\"valueRequired\":true,\"valueName\":\"search_term_string\"}}],\"inLanguage\":\"az\"},{\"@type\":\"Organization\",\"@id\":\"https:\\\/\\\/www.meydan.tv\\\/az\\\/#organization\",\"name\":\"Meydan TV\",\"url\":\"https:\\\/\\\/www.meydan.tv\\\/az\\\/\",\"logo\":{\"@type\":\"ImageObject\",\"inLanguage\":\"az\",\"@id\":\"https:\\\/\\\/www.meydan.tv\\\/az\\\/#\\\/schema\\\/logo\\\/image\\\/\",\"url\":\"https:\\\/\\\/www.meydan.tv\\\/wp-content\\\/uploads\\\/2021\\\/07\\\/meydan-logo.svg\",\"contentUrl\":\"https:\\\/\\\/www.meydan.tv\\\/wp-content\\\/uploads\\\/2021\\\/07\\\/meydan-logo.svg\",\"width\":195,\"height\":46,\"caption\":\"Meydan TV\"},\"image\":{\"@id\":\"https:\\\/\\\/www.meydan.tv\\\/az\\\/#\\\/schema\\\/logo\\\/image\\\/\"}},{\"@type\":\"Person\",\"@id\":\"https:\\\/\\\/www.meydan.tv\\\/az\\\/#\\\/schema\\\/person\\\/09863e516102a829e72bedcf3f84c6b0\",\"name\":\"mahmud\"}]}<\/script>\n<!-- \/ Yoast SEO plugin. -->","yoast_head_json":{"title":"Fuad Muradov 6 il 6 ay azadl\u0131qdan m\u0259hrum edilib - MEYDAN.TV","robots":{"index":"index","follow":"follow","max-snippet":"max-snippet:-1","max-image-preview":"max-image-preview:large","max-video-preview":"max-video-preview:-1"},"canonical":"https:\/\/www.meydan.tv\/az\/article\/fuad-muradov-6-il-6-ay-azadliqdan-m%c9%99hrum-edilib\/","og_locale":"az_AZ","og_type":"article","og_title":"Fuad Muradov 6 il 6 ay azadl\u0131qdan m\u0259hrum edilib - MEYDAN.TV","og_description":"O, m\u00fcxt\u0259lif adamlar\u0131 intim g\u00f6r\u00fcnt\u00fcl\u0259rl\u0259 \u015fantaj edib, pul almaqda t\u0259qsirli ... Davam\u0131","og_url":"https:\/\/www.meydan.tv\/az\/article\/fuad-muradov-6-il-6-ay-azadliqdan-m%c9%99hrum-edilib\/","og_site_name":"MEYDAN.TV","article_published_time":"2025-02-19T15:09:50+00:00","article_modified_time":"2025-02-19T15:32:41+00:00","og_image":[{"width":1179,"height":576,"url":"https:\/\/www.meydan.tv\/wp-content\/uploads\/9078.png","type":"image\/png"}],"author":"mahmud","twitter_card":"summary_large_image","schema":{"@context":"https:\/\/schema.org","@graph":[{"@type":"Article","@id":"https:\/\/www.meydan.tv\/az\/article\/fuad-muradov-6-il-6-ay-azadliqdan-m%c9%99hrum-edilib\/#article","isPartOf":{"@id":"https:\/\/www.meydan.tv\/az\/article\/fuad-muradov-6-il-6-ay-azadliqdan-m%c9%99hrum-edilib\/"},"author":{"name":"mahmud","@id":"https:\/\/www.meydan.tv\/az\/#\/schema\/person\/09863e516102a829e72bedcf3f84c6b0"},"headline":"Fuad Muradov 6 il 6 ay azadl\u0131qdan m\u0259hrum edilib","datePublished":"2025-02-19T15:09:50+00:00","dateModified":"2025-02-19T15:32:41+00:00","mainEntityOfPage":{"@id":"https:\/\/www.meydan.tv\/az\/article\/fuad-muradov-6-il-6-ay-azadliqdan-m%c9%99hrum-edilib\/"},"wordCount":391,"publisher":{"@id":"https:\/\/www.meydan.tv\/az\/#organization"},"image":{"@id":"https:\/\/www.meydan.tv\/az\/article\/fuad-muradov-6-il-6-ay-azadliqdan-m%c9%99hrum-edilib\/#primaryimage"},"thumbnailUrl":"https:\/\/www.meydan.tv\/wp-content\/uploads\/9078.png","articleSection":["Sosial","T\u00f6vsiy\u0259","X\u0259b\u0259rl\u0259r"],"inLanguage":"az"},{"@type":"WebPage","@id":"https:\/\/www.meydan.tv\/az\/article\/fuad-muradov-6-il-6-ay-azadliqdan-m%c9%99hrum-edilib\/","url":"https:\/\/www.meydan.tv\/az\/article\/fuad-muradov-6-il-6-ay-azadliqdan-m%c9%99hrum-edilib\/","name":"Fuad Muradov 6 il 6 ay azadl\u0131qdan m\u0259hrum edilib - MEYDAN.TV","isPartOf":{"@id":"https:\/\/www.meydan.tv\/az\/#website"},"primaryImageOfPage":{"@id":"https:\/\/www.meydan.tv\/az\/article\/fuad-muradov-6-il-6-ay-azadliqdan-m%c9%99hrum-edilib\/#primaryimage"},"image":{"@id":"https:\/\/www.meydan.tv\/az\/article\/fuad-muradov-6-il-6-ay-azadliqdan-m%c9%99hrum-edilib\/#primaryimage"},"thumbnailUrl":"https:\/\/www.meydan.tv\/wp-content\/uploads\/9078.png","datePublished":"2025-02-19T15:09:50+00:00","dateModified":"2025-02-19T15:32:41+00:00","breadcrumb":{"@id":"https:\/\/www.meydan.tv\/az\/article\/fuad-muradov-6-il-6-ay-azadliqdan-m%c9%99hrum-edilib\/#breadcrumb"},"inLanguage":"az","potentialAction":[{"@type":"ReadAction","target":["https:\/\/www.meydan.tv\/az\/article\/fuad-muradov-6-il-6-ay-azadliqdan-m%c9%99hrum-edilib\/"]}]},{"@type":"ImageObject","inLanguage":"az","@id":"https:\/\/www.meydan.tv\/az\/article\/fuad-muradov-6-il-6-ay-azadliqdan-m%c9%99hrum-edilib\/#primaryimage","url":"https:\/\/www.meydan.tv\/wp-content\/uploads\/9078.png","contentUrl":"https:\/\/www.meydan.tv\/wp-content\/uploads\/9078.png","width":1179,"height":576,"caption":"Fuad Muradov - Foto: \u015e\u0259xsi arxiv"},{"@type":"BreadcrumbList","@id":"https:\/\/www.meydan.tv\/az\/article\/fuad-muradov-6-il-6-ay-azadliqdan-m%c9%99hrum-edilib\/#breadcrumb","itemListElement":[{"@type":"ListItem","position":1,"name":"Ana s\u0259hif\u0259","item":"https:\/\/www.meydan.tv\/az\/"},{"@type":"ListItem","position":2,"name":"X\u0259b\u0259rl\u0259r","item":"https:\/\/www.meydan.tv\/az\/section\/xeberler\/"},{"@type":"ListItem","position":3,"name":"Fuad Muradov 6 il 6 ay azadl\u0131qdan m\u0259hrum edilib"}]},{"@type":"WebSite","@id":"https:\/\/www.meydan.tv\/az\/#website","url":"https:\/\/www.meydan.tv\/az\/","name":"MEYDAN.TV","description":"Meydan TV Az\u0259rbaycan\u0131n media m\u0259kan\u0131ndak\u0131 alternativ s\u0259sidir","publisher":{"@id":"https:\/\/www.meydan.tv\/az\/#organization"},"potentialAction":[{"@type":"SearchAction","target":{"@type":"EntryPoint","urlTemplate":"https:\/\/www.meydan.tv\/az\/?s={search_term_string}"},"query-input":{"@type":"PropertyValueSpecification","valueRequired":true,"valueName":"search_term_string"}}],"inLanguage":"az"},{"@type":"Organization","@id":"https:\/\/www.meydan.tv\/az\/#organization","name":"Meydan TV","url":"https:\/\/www.meydan.tv\/az\/","logo":{"@type":"ImageObject","inLanguage":"az","@id":"https:\/\/www.meydan.tv\/az\/#\/schema\/logo\/image\/","url":"https:\/\/www.meydan.tv\/wp-content\/uploads\/2021\/07\/meydan-logo.svg","contentUrl":"https:\/\/www.meydan.tv\/wp-content\/uploads\/2021\/07\/meydan-logo.svg","width":195,"height":46,"caption":"Meydan TV"},"image":{"@id":"https:\/\/www.meydan.tv\/az\/#\/schema\/logo\/image\/"}},{"@type":"Person","@id":"https:\/\/www.meydan.tv\/az\/#\/schema\/person\/09863e516102a829e72bedcf3f84c6b0","name":"mahmud"}]}},"_links":{"self":[{"href":"https:\/\/www.meydan.tv\/az\/wp-json\/wp\/v2\/posts\/326614","targetHints":{"allow":["GET"]}}],"collection":[{"href":"https:\/\/www.meydan.tv\/az\/wp-json\/wp\/v2\/posts"}],"about":[{"href":"https:\/\/www.meydan.tv\/az\/wp-json\/wp\/v2\/types\/post"}],"author":[{"embeddable":true,"href":"https:\/\/www.meydan.tv\/az\/wp-json\/wp\/v2\/users\/21"}],"replies":[{"embeddable":true,"href":"https:\/\/www.meydan.tv\/az\/wp-json\/wp\/v2\/comments?post=326614"}],"version-history":[{"count":2,"href":"https:\/\/www.meydan.tv\/az\/wp-json\/wp\/v2\/posts\/326614\/revisions"}],"predecessor-version":[{"id":326628,"href":"https:\/\/www.meydan.tv\/az\/wp-json\/wp\/v2\/posts\/326614\/revisions\/326628"}],"wp:featuredmedia":[{"embeddable":true,"href":"https:\/\/www.meydan.tv\/az\/wp-json\/wp\/v2\/media\/326625"}],"wp:attachment":[{"href":"https:\/\/www.meydan.tv\/az\/wp-json\/wp\/v2\/media?parent=326614"}],"wp:term":[{"taxonomy":"category","embeddable":true,"href":"https:\/\/www.meydan.tv\/az\/wp-json\/wp\/v2\/categories?post=326614"},{"taxonomy":"post_tag","embeddable":true,"href":"https:\/\/www.meydan.tv\/az\/wp-json\/wp\/v2\/tags?post=326614"}],"curies":[{"name":"wp","href":"https:\/\/api.w.org\/{rel}","templated":true}]}}