{"id":326611,"date":"2025-02-19T19:15:15","date_gmt":"2025-02-19T15:15:15","guid":{"rendered":"https:\/\/www.meydan.tv\/?p=326611"},"modified":"2025-02-19T19:15:17","modified_gmt":"2025-02-19T15:15:17","slug":"hokum%c9%99t-mediasi-c%c9%99miyy%c9%99tin-yox-pul-ayiran-hakimiyy%c9%99tin-ist%c9%99diyini-gost%c9%99rir","status":"publish","type":"post","link":"https:\/\/www.meydan.tv\/az\/article\/hokum%c9%99t-mediasi-c%c9%99miyy%c9%99tin-yox-pul-ayiran-hakimiyy%c9%99tin-ist%c9%99diyini-gost%c9%99rir\/","title":{"rendered":"&#8220;H\u00f6kum\u0259t medias\u0131 c\u0259miyy\u0259tin yox, pul ay\u0131ran hakimiyy\u0259tin ist\u0259diyini g\u00f6st\u0259rir&#8221;"},"content":{"rendered":"\n<figure class=\"wp-block-embed is-type-video is-provider-youtube wp-block-embed-youtube wp-embed-aspect-16-9 wp-has-aspect-ratio\"><div class=\"wp-block-embed__wrapper\">\n<iframe title=\"&quot;H\u00f6kum\u0259t medias\u0131 c\u0259miyy\u0259tin yox, pul ay\u0131ran hakimiyy\u0259tin ist\u0259diyini g\u00f6st\u0259rir&quot;\" width=\"1200\" height=\"675\" data-src=\"https:\/\/www.youtube.com\/embed\/Dky9BBj42OY?feature=oembed\" frameborder=\"0\" allow=\"accelerometer; autoplay; clipboard-write; encrypted-media; gyroscope; picture-in-picture; web-share\" referrerpolicy=\"strict-origin-when-cross-origin\" allowfullscreen src=\"data:image\/svg+xml;base64,PHN2ZyB3aWR0aD0iMSIgaGVpZ2h0PSIxIiB4bWxucz0iaHR0cDovL3d3dy53My5vcmcvMjAwMC9zdmciPjwvc3ZnPg==\" class=\"lazyload\" data-load-mode=\"1\"><\/iframe>\n<\/div><\/figure>\n\n\n\n<p>2023-c\u00fc ilin noyabr\u0131ndan ba\u015flayaraq Az\u0259rbaycanda 25 jurnalist h\u0259bs edilib. S\u0259b\u0259bi haqq\u0131nda veril\u0259n b\u00fct\u00fcn izahlar dem\u0259k olar ki, eynidir: <\/p>\n\n\n\n<p>&#8220;Az\u0259rbaycanda t\u0259nqidi median\u0131, h\u0259qiq\u0259ti g\u00f6st\u0259r\u0259n g\u00fczg\u00fcnu g\u00f6rm\u0259k ist\u0259mirl\u0259r&#8221;. <\/p>\n\n\n\n<p><strong>B\u0259s m\u00fcst\u0259qil medias\u0131 s\u0131radan \u00e7\u0131xar\u0131lan c\u0259miyy\u0259ti n\u0259l\u0259r g\u00f6zl\u0259yir? <\/strong><\/p>\n\n\n\n<p>&#8211; &#8220;M\u00fcst\u0259qil medias\u0131 olmayan c\u0259miyy\u0259t n\u0259 \u0259traf\u0131nda ba\u015f ver\u0259nl\u0259rd\u0259n tam x\u0259b\u0259rdar ola bil\u0259c\u0259k, n\u0259 d\u0259 \u00f6z problemini i\u015f\u0131qland\u0131rma\u011fa yer tapa bil\u0259c\u0259k&#8221;.<\/p>\n\n\n\n<p>&#8211; &#8220;H\u00f6kum\u0259td\u0259n maliyy\u0259l\u0259\u015f\u0259n media c\u0259miyy\u0259tin yox, onlara pul ay\u0131ran hakimiyy\u0259tin ist\u0259diyini \u00e7\u0259kib, yaz\u0131b g\u00f6st\u0259rir. Onlar \u00fc\u00e7\u00fcn haz\u0131rlanan haz\u0131r \u015fablon m\u0259tnl\u0259rd\u0259n k\u0259nara \u00e7\u0131xa bilmirl\u0259r&#8221;.<\/p>\n","protected":false},"excerpt":{"rendered":"<p>2023-c\u00fc ilin noyabr\u0131ndan ba\u015flayaraq Az\u0259rbaycanda 25 jurnalist h\u0259bs edilib. S\u0259b\u0259bi &#8230; <\/p>\n<p class=\"read-more-container\"><a title=\"&#8220;H\u00f6kum\u0259t medias\u0131 c\u0259miyy\u0259tin yox, pul ay\u0131ran hakimiyy\u0259tin ist\u0259diyini g\u00f6st\u0259rir&#8221;\" class=\"read-more button\" href=\"https:\/\/www.meydan.tv\/az\/article\/hokum%c9%99t-mediasi-c%c9%99miyy%c9%99tin-yox-pul-ayiran-hakimiyy%c9%99tin-ist%c9%99diyini-gost%c9%99rir\/#more-326611\" aria-label=\"Read more about &#8220;H\u00f6kum\u0259t medias\u0131 c\u0259miyy\u0259tin yox, pul ay\u0131ran hakimiyy\u0259tin ist\u0259diyini g\u00f6st\u0259rir&#8221;\">Davam\u0131<\/a><\/p>\n","protected":false},"author":12,"featured_media":122485,"comment_status":"closed","ping_status":"closed","sticky":false,"template":"","format":"standard","meta":{"_acf_changed":false,"_sitemap_exclude":false,"_sitemap_priority":"","_sitemap_frequency":"","footnotes":""},"categories":[63],"tags":[],"class_list":["post-326611","post","type-post","status-publish","format-standard","has-post-thumbnail","hentry","category-video-2","infinite-scroll-item","generate-columns","tablet-grid-50","mobile-grid-100","grid-parent","grid-33","no-featured-image-padding"],"acf":[],"yoast_head":"<!-- This site is optimized with the Yoast SEO plugin v27.4 - https:\/\/yoast.com\/product\/yoast-seo-wordpress\/ -->\n<title>&quot;H\u00f6kum\u0259t medias\u0131 c\u0259miyy\u0259tin yox, pul ay\u0131ran hakimiyy\u0259tin ist\u0259diyini g\u00f6st\u0259rir&quot; - MEYDAN.TV<\/title>\n<meta name=\"robots\" content=\"index, follow, max-snippet:-1, max-image-preview:large, max-video-preview:-1\" \/>\n<link rel=\"canonical\" href=\"https:\/\/www.meydan.tv\/az\/article\/hokum%c9%99t-mediasi-c%c9%99miyy%c9%99tin-yox-pul-ayiran-hakimiyy%c9%99tin-ist%c9%99diyini-gost%c9%99rir\/\" \/>\n<meta property=\"og:locale\" content=\"az_AZ\" \/>\n<meta property=\"og:type\" content=\"article\" \/>\n<meta property=\"og:title\" content=\"&quot;H\u00f6kum\u0259t medias\u0131 c\u0259miyy\u0259tin yox, pul ay\u0131ran hakimiyy\u0259tin ist\u0259diyini g\u00f6st\u0259rir&quot; - MEYDAN.TV\" \/>\n<meta property=\"og:description\" content=\"2023-c\u00fc ilin noyabr\u0131ndan ba\u015flayaraq Az\u0259rbaycanda 25 jurnalist h\u0259bs edilib. S\u0259b\u0259bi ... Davam\u0131\" \/>\n<meta property=\"og:url\" content=\"https:\/\/www.meydan.tv\/az\/article\/hokum%c9%99t-mediasi-c%c9%99miyy%c9%99tin-yox-pul-ayiran-hakimiyy%c9%99tin-ist%c9%99diyini-gost%c9%99rir\/\" \/>\n<meta property=\"og:site_name\" content=\"MEYDAN.TV\" \/>\n<meta property=\"article:published_time\" content=\"2025-02-19T15:15:15+00:00\" \/>\n<meta property=\"article:modified_time\" content=\"2025-02-19T15:15:17+00:00\" \/>\n<meta property=\"og:image\" content=\"https:\/\/www.meydan.tv\/wp-content\/uploads\/b5bf4b03-31ea-4ffe-a2ac-86207ef92b5c-1200x673.png\" \/>\n\t<meta property=\"og:image:width\" content=\"1200\" \/>\n\t<meta property=\"og:image:height\" content=\"673\" \/>\n\t<meta property=\"og:image:type\" content=\"image\/png\" \/>\n<meta name=\"author\" content=\"aleks\" \/>\n<meta name=\"twitter:card\" content=\"summary_large_image\" \/>\n<script type=\"application\/ld+json\" class=\"yoast-schema-graph\">{\"@context\":\"https:\\\/\\\/schema.org\",\"@graph\":[{\"@type\":\"Article\",\"@id\":\"https:\\\/\\\/www.meydan.tv\\\/az\\\/article\\\/hokum%c9%99t-mediasi-c%c9%99miyy%c9%99tin-yox-pul-ayiran-hakimiyy%c9%99tin-ist%c9%99diyini-gost%c9%99rir\\\/#article\",\"isPartOf\":{\"@id\":\"https:\\\/\\\/www.meydan.tv\\\/az\\\/article\\\/hokum%c9%99t-mediasi-c%c9%99miyy%c9%99tin-yox-pul-ayiran-hakimiyy%c9%99tin-ist%c9%99diyini-gost%c9%99rir\\\/\"},\"author\":{\"name\":\"aleks\",\"@id\":\"https:\\\/\\\/www.meydan.tv\\\/az\\\/#\\\/schema\\\/person\\\/476e9360e593fa131d5d71d51866f8da\"},\"headline\":\"&#8220;H\u00f6kum\u0259t medias\u0131 c\u0259miyy\u0259tin yox, pul ay\u0131ran hakimiyy\u0259tin ist\u0259diyini g\u00f6st\u0259rir&#8221;\",\"datePublished\":\"2025-02-19T15:15:15+00:00\",\"dateModified\":\"2025-02-19T15:15:17+00:00\",\"mainEntityOfPage\":{\"@id\":\"https:\\\/\\\/www.meydan.tv\\\/az\\\/article\\\/hokum%c9%99t-mediasi-c%c9%99miyy%c9%99tin-yox-pul-ayiran-hakimiyy%c9%99tin-ist%c9%99diyini-gost%c9%99rir\\\/\"},\"wordCount\":173,\"publisher\":{\"@id\":\"https:\\\/\\\/www.meydan.tv\\\/az\\\/#organization\"},\"image\":{\"@id\":\"https:\\\/\\\/www.meydan.tv\\\/az\\\/article\\\/hokum%c9%99t-mediasi-c%c9%99miyy%c9%99tin-yox-pul-ayiran-hakimiyy%c9%99tin-ist%c9%99diyini-gost%c9%99rir\\\/#primaryimage\"},\"thumbnailUrl\":\"https:\\\/\\\/www.meydan.tv\\\/wp-content\\\/uploads\\\/b5bf4b03-31ea-4ffe-a2ac-86207ef92b5c.png\",\"articleSection\":[\"Video\"],\"inLanguage\":\"az\"},{\"@type\":\"WebPage\",\"@id\":\"https:\\\/\\\/www.meydan.tv\\\/az\\\/article\\\/hokum%c9%99t-mediasi-c%c9%99miyy%c9%99tin-yox-pul-ayiran-hakimiyy%c9%99tin-ist%c9%99diyini-gost%c9%99rir\\\/\",\"url\":\"https:\\\/\\\/www.meydan.tv\\\/az\\\/article\\\/hokum%c9%99t-mediasi-c%c9%99miyy%c9%99tin-yox-pul-ayiran-hakimiyy%c9%99tin-ist%c9%99diyini-gost%c9%99rir\\\/\",\"name\":\"\\\"H\u00f6kum\u0259t medias\u0131 c\u0259miyy\u0259tin yox, pul ay\u0131ran hakimiyy\u0259tin ist\u0259diyini g\u00f6st\u0259rir\\\" - MEYDAN.TV\",\"isPartOf\":{\"@id\":\"https:\\\/\\\/www.meydan.tv\\\/az\\\/#website\"},\"primaryImageOfPage\":{\"@id\":\"https:\\\/\\\/www.meydan.tv\\\/az\\\/article\\\/hokum%c9%99t-mediasi-c%c9%99miyy%c9%99tin-yox-pul-ayiran-hakimiyy%c9%99tin-ist%c9%99diyini-gost%c9%99rir\\\/#primaryimage\"},\"image\":{\"@id\":\"https:\\\/\\\/www.meydan.tv\\\/az\\\/article\\\/hokum%c9%99t-mediasi-c%c9%99miyy%c9%99tin-yox-pul-ayiran-hakimiyy%c9%99tin-ist%c9%99diyini-gost%c9%99rir\\\/#primaryimage\"},\"thumbnailUrl\":\"https:\\\/\\\/www.meydan.tv\\\/wp-content\\\/uploads\\\/b5bf4b03-31ea-4ffe-a2ac-86207ef92b5c.png\",\"datePublished\":\"2025-02-19T15:15:15+00:00\",\"dateModified\":\"2025-02-19T15:15:17+00:00\",\"breadcrumb\":{\"@id\":\"https:\\\/\\\/www.meydan.tv\\\/az\\\/article\\\/hokum%c9%99t-mediasi-c%c9%99miyy%c9%99tin-yox-pul-ayiran-hakimiyy%c9%99tin-ist%c9%99diyini-gost%c9%99rir\\\/#breadcrumb\"},\"inLanguage\":\"az\",\"potentialAction\":[{\"@type\":\"ReadAction\",\"target\":[\"https:\\\/\\\/www.meydan.tv\\\/az\\\/article\\\/hokum%c9%99t-mediasi-c%c9%99miyy%c9%99tin-yox-pul-ayiran-hakimiyy%c9%99tin-ist%c9%99diyini-gost%c9%99rir\\\/\"]}]},{\"@type\":\"ImageObject\",\"inLanguage\":\"az\",\"@id\":\"https:\\\/\\\/www.meydan.tv\\\/az\\\/article\\\/hokum%c9%99t-mediasi-c%c9%99miyy%c9%99tin-yox-pul-ayiran-hakimiyy%c9%99tin-ist%c9%99diyini-gost%c9%99rir\\\/#primaryimage\",\"url\":\"https:\\\/\\\/www.meydan.tv\\\/wp-content\\\/uploads\\\/b5bf4b03-31ea-4ffe-a2ac-86207ef92b5c.png\",\"contentUrl\":\"https:\\\/\\\/www.meydan.tv\\\/wp-content\\\/uploads\\\/b5bf4b03-31ea-4ffe-a2ac-86207ef92b5c.png\",\"width\":1778,\"height\":997,\"caption\":\"Source: Meydan Tv\"},{\"@type\":\"BreadcrumbList\",\"@id\":\"https:\\\/\\\/www.meydan.tv\\\/az\\\/article\\\/hokum%c9%99t-mediasi-c%c9%99miyy%c9%99tin-yox-pul-ayiran-hakimiyy%c9%99tin-ist%c9%99diyini-gost%c9%99rir\\\/#breadcrumb\",\"itemListElement\":[{\"@type\":\"ListItem\",\"position\":1,\"name\":\"Ana s\u0259hif\u0259\",\"item\":\"https:\\\/\\\/www.meydan.tv\\\/az\\\/\"},{\"@type\":\"ListItem\",\"position\":2,\"name\":\"Video\",\"item\":\"https:\\\/\\\/www.meydan.tv\\\/az\\\/section\\\/video-2\\\/\"},{\"@type\":\"ListItem\",\"position\":3,\"name\":\"&#8220;H\u00f6kum\u0259t medias\u0131 c\u0259miyy\u0259tin yox, pul ay\u0131ran hakimiyy\u0259tin ist\u0259diyini g\u00f6st\u0259rir&#8221;\"}]},{\"@type\":\"WebSite\",\"@id\":\"https:\\\/\\\/www.meydan.tv\\\/az\\\/#website\",\"url\":\"https:\\\/\\\/www.meydan.tv\\\/az\\\/\",\"name\":\"MEYDAN.TV\",\"description\":\"Meydan TV Az\u0259rbaycan\u0131n media m\u0259kan\u0131ndak\u0131 alternativ s\u0259sidir\",\"publisher\":{\"@id\":\"https:\\\/\\\/www.meydan.tv\\\/az\\\/#organization\"},\"potentialAction\":[{\"@type\":\"SearchAction\",\"target\":{\"@type\":\"EntryPoint\",\"urlTemplate\":\"https:\\\/\\\/www.meydan.tv\\\/az\\\/?s={search_term_string}\"},\"query-input\":{\"@type\":\"PropertyValueSpecification\",\"valueRequired\":true,\"valueName\":\"search_term_string\"}}],\"inLanguage\":\"az\"},{\"@type\":\"Organization\",\"@id\":\"https:\\\/\\\/www.meydan.tv\\\/az\\\/#organization\",\"name\":\"Meydan TV\",\"url\":\"https:\\\/\\\/www.meydan.tv\\\/az\\\/\",\"logo\":{\"@type\":\"ImageObject\",\"inLanguage\":\"az\",\"@id\":\"https:\\\/\\\/www.meydan.tv\\\/az\\\/#\\\/schema\\\/logo\\\/image\\\/\",\"url\":\"https:\\\/\\\/www.meydan.tv\\\/wp-content\\\/uploads\\\/2021\\\/07\\\/meydan-logo.svg\",\"contentUrl\":\"https:\\\/\\\/www.meydan.tv\\\/wp-content\\\/uploads\\\/2021\\\/07\\\/meydan-logo.svg\",\"width\":195,\"height\":46,\"caption\":\"Meydan TV\"},\"image\":{\"@id\":\"https:\\\/\\\/www.meydan.tv\\\/az\\\/#\\\/schema\\\/logo\\\/image\\\/\"}},{\"@type\":\"Person\",\"@id\":\"https:\\\/\\\/www.meydan.tv\\\/az\\\/#\\\/schema\\\/person\\\/476e9360e593fa131d5d71d51866f8da\",\"name\":\"aleks\"}]}<\/script>\n<!-- \/ Yoast SEO plugin. -->","yoast_head_json":{"title":"\"H\u00f6kum\u0259t medias\u0131 c\u0259miyy\u0259tin yox, pul ay\u0131ran hakimiyy\u0259tin ist\u0259diyini g\u00f6st\u0259rir\" - MEYDAN.TV","robots":{"index":"index","follow":"follow","max-snippet":"max-snippet:-1","max-image-preview":"max-image-preview:large","max-video-preview":"max-video-preview:-1"},"canonical":"https:\/\/www.meydan.tv\/az\/article\/hokum%c9%99t-mediasi-c%c9%99miyy%c9%99tin-yox-pul-ayiran-hakimiyy%c9%99tin-ist%c9%99diyini-gost%c9%99rir\/","og_locale":"az_AZ","og_type":"article","og_title":"\"H\u00f6kum\u0259t medias\u0131 c\u0259miyy\u0259tin yox, pul ay\u0131ran hakimiyy\u0259tin ist\u0259diyini g\u00f6st\u0259rir\" - MEYDAN.TV","og_description":"2023-c\u00fc ilin noyabr\u0131ndan ba\u015flayaraq Az\u0259rbaycanda 25 jurnalist h\u0259bs edilib. S\u0259b\u0259bi ... Davam\u0131","og_url":"https:\/\/www.meydan.tv\/az\/article\/hokum%c9%99t-mediasi-c%c9%99miyy%c9%99tin-yox-pul-ayiran-hakimiyy%c9%99tin-ist%c9%99diyini-gost%c9%99rir\/","og_site_name":"MEYDAN.TV","article_published_time":"2025-02-19T15:15:15+00:00","article_modified_time":"2025-02-19T15:15:17+00:00","og_image":[{"width":1200,"height":673,"url":"https:\/\/www.meydan.tv\/wp-content\/uploads\/b5bf4b03-31ea-4ffe-a2ac-86207ef92b5c-1200x673.png","type":"image\/png"}],"author":"aleks","twitter_card":"summary_large_image","schema":{"@context":"https:\/\/schema.org","@graph":[{"@type":"Article","@id":"https:\/\/www.meydan.tv\/az\/article\/hokum%c9%99t-mediasi-c%c9%99miyy%c9%99tin-yox-pul-ayiran-hakimiyy%c9%99tin-ist%c9%99diyini-gost%c9%99rir\/#article","isPartOf":{"@id":"https:\/\/www.meydan.tv\/az\/article\/hokum%c9%99t-mediasi-c%c9%99miyy%c9%99tin-yox-pul-ayiran-hakimiyy%c9%99tin-ist%c9%99diyini-gost%c9%99rir\/"},"author":{"name":"aleks","@id":"https:\/\/www.meydan.tv\/az\/#\/schema\/person\/476e9360e593fa131d5d71d51866f8da"},"headline":"&#8220;H\u00f6kum\u0259t medias\u0131 c\u0259miyy\u0259tin yox, pul ay\u0131ran hakimiyy\u0259tin ist\u0259diyini g\u00f6st\u0259rir&#8221;","datePublished":"2025-02-19T15:15:15+00:00","dateModified":"2025-02-19T15:15:17+00:00","mainEntityOfPage":{"@id":"https:\/\/www.meydan.tv\/az\/article\/hokum%c9%99t-mediasi-c%c9%99miyy%c9%99tin-yox-pul-ayiran-hakimiyy%c9%99tin-ist%c9%99diyini-gost%c9%99rir\/"},"wordCount":173,"publisher":{"@id":"https:\/\/www.meydan.tv\/az\/#organization"},"image":{"@id":"https:\/\/www.meydan.tv\/az\/article\/hokum%c9%99t-mediasi-c%c9%99miyy%c9%99tin-yox-pul-ayiran-hakimiyy%c9%99tin-ist%c9%99diyini-gost%c9%99rir\/#primaryimage"},"thumbnailUrl":"https:\/\/www.meydan.tv\/wp-content\/uploads\/b5bf4b03-31ea-4ffe-a2ac-86207ef92b5c.png","articleSection":["Video"],"inLanguage":"az"},{"@type":"WebPage","@id":"https:\/\/www.meydan.tv\/az\/article\/hokum%c9%99t-mediasi-c%c9%99miyy%c9%99tin-yox-pul-ayiran-hakimiyy%c9%99tin-ist%c9%99diyini-gost%c9%99rir\/","url":"https:\/\/www.meydan.tv\/az\/article\/hokum%c9%99t-mediasi-c%c9%99miyy%c9%99tin-yox-pul-ayiran-hakimiyy%c9%99tin-ist%c9%99diyini-gost%c9%99rir\/","name":"\"H\u00f6kum\u0259t medias\u0131 c\u0259miyy\u0259tin yox, pul ay\u0131ran hakimiyy\u0259tin ist\u0259diyini g\u00f6st\u0259rir\" - MEYDAN.TV","isPartOf":{"@id":"https:\/\/www.meydan.tv\/az\/#website"},"primaryImageOfPage":{"@id":"https:\/\/www.meydan.tv\/az\/article\/hokum%c9%99t-mediasi-c%c9%99miyy%c9%99tin-yox-pul-ayiran-hakimiyy%c9%99tin-ist%c9%99diyini-gost%c9%99rir\/#primaryimage"},"image":{"@id":"https:\/\/www.meydan.tv\/az\/article\/hokum%c9%99t-mediasi-c%c9%99miyy%c9%99tin-yox-pul-ayiran-hakimiyy%c9%99tin-ist%c9%99diyini-gost%c9%99rir\/#primaryimage"},"thumbnailUrl":"https:\/\/www.meydan.tv\/wp-content\/uploads\/b5bf4b03-31ea-4ffe-a2ac-86207ef92b5c.png","datePublished":"2025-02-19T15:15:15+00:00","dateModified":"2025-02-19T15:15:17+00:00","breadcrumb":{"@id":"https:\/\/www.meydan.tv\/az\/article\/hokum%c9%99t-mediasi-c%c9%99miyy%c9%99tin-yox-pul-ayiran-hakimiyy%c9%99tin-ist%c9%99diyini-gost%c9%99rir\/#breadcrumb"},"inLanguage":"az","potentialAction":[{"@type":"ReadAction","target":["https:\/\/www.meydan.tv\/az\/article\/hokum%c9%99t-mediasi-c%c9%99miyy%c9%99tin-yox-pul-ayiran-hakimiyy%c9%99tin-ist%c9%99diyini-gost%c9%99rir\/"]}]},{"@type":"ImageObject","inLanguage":"az","@id":"https:\/\/www.meydan.tv\/az\/article\/hokum%c9%99t-mediasi-c%c9%99miyy%c9%99tin-yox-pul-ayiran-hakimiyy%c9%99tin-ist%c9%99diyini-gost%c9%99rir\/#primaryimage","url":"https:\/\/www.meydan.tv\/wp-content\/uploads\/b5bf4b03-31ea-4ffe-a2ac-86207ef92b5c.png","contentUrl":"https:\/\/www.meydan.tv\/wp-content\/uploads\/b5bf4b03-31ea-4ffe-a2ac-86207ef92b5c.png","width":1778,"height":997,"caption":"Source: Meydan Tv"},{"@type":"BreadcrumbList","@id":"https:\/\/www.meydan.tv\/az\/article\/hokum%c9%99t-mediasi-c%c9%99miyy%c9%99tin-yox-pul-ayiran-hakimiyy%c9%99tin-ist%c9%99diyini-gost%c9%99rir\/#breadcrumb","itemListElement":[{"@type":"ListItem","position":1,"name":"Ana s\u0259hif\u0259","item":"https:\/\/www.meydan.tv\/az\/"},{"@type":"ListItem","position":2,"name":"Video","item":"https:\/\/www.meydan.tv\/az\/section\/video-2\/"},{"@type":"ListItem","position":3,"name":"&#8220;H\u00f6kum\u0259t medias\u0131 c\u0259miyy\u0259tin yox, pul ay\u0131ran hakimiyy\u0259tin ist\u0259diyini g\u00f6st\u0259rir&#8221;"}]},{"@type":"WebSite","@id":"https:\/\/www.meydan.tv\/az\/#website","url":"https:\/\/www.meydan.tv\/az\/","name":"MEYDAN.TV","description":"Meydan TV Az\u0259rbaycan\u0131n media m\u0259kan\u0131ndak\u0131 alternativ s\u0259sidir","publisher":{"@id":"https:\/\/www.meydan.tv\/az\/#organization"},"potentialAction":[{"@type":"SearchAction","target":{"@type":"EntryPoint","urlTemplate":"https:\/\/www.meydan.tv\/az\/?s={search_term_string}"},"query-input":{"@type":"PropertyValueSpecification","valueRequired":true,"valueName":"search_term_string"}}],"inLanguage":"az"},{"@type":"Organization","@id":"https:\/\/www.meydan.tv\/az\/#organization","name":"Meydan TV","url":"https:\/\/www.meydan.tv\/az\/","logo":{"@type":"ImageObject","inLanguage":"az","@id":"https:\/\/www.meydan.tv\/az\/#\/schema\/logo\/image\/","url":"https:\/\/www.meydan.tv\/wp-content\/uploads\/2021\/07\/meydan-logo.svg","contentUrl":"https:\/\/www.meydan.tv\/wp-content\/uploads\/2021\/07\/meydan-logo.svg","width":195,"height":46,"caption":"Meydan TV"},"image":{"@id":"https:\/\/www.meydan.tv\/az\/#\/schema\/logo\/image\/"}},{"@type":"Person","@id":"https:\/\/www.meydan.tv\/az\/#\/schema\/person\/476e9360e593fa131d5d71d51866f8da","name":"aleks"}]}},"_links":{"self":[{"href":"https:\/\/www.meydan.tv\/az\/wp-json\/wp\/v2\/posts\/326611","targetHints":{"allow":["GET"]}}],"collection":[{"href":"https:\/\/www.meydan.tv\/az\/wp-json\/wp\/v2\/posts"}],"about":[{"href":"https:\/\/www.meydan.tv\/az\/wp-json\/wp\/v2\/types\/post"}],"author":[{"embeddable":true,"href":"https:\/\/www.meydan.tv\/az\/wp-json\/wp\/v2\/users\/12"}],"replies":[{"embeddable":true,"href":"https:\/\/www.meydan.tv\/az\/wp-json\/wp\/v2\/comments?post=326611"}],"version-history":[{"count":4,"href":"https:\/\/www.meydan.tv\/az\/wp-json\/wp\/v2\/posts\/326611\/revisions"}],"predecessor-version":[{"id":326621,"href":"https:\/\/www.meydan.tv\/az\/wp-json\/wp\/v2\/posts\/326611\/revisions\/326621"}],"wp:featuredmedia":[{"embeddable":true,"href":"https:\/\/www.meydan.tv\/az\/wp-json\/wp\/v2\/media\/122485"}],"wp:attachment":[{"href":"https:\/\/www.meydan.tv\/az\/wp-json\/wp\/v2\/media?parent=326611"}],"wp:term":[{"taxonomy":"category","embeddable":true,"href":"https:\/\/www.meydan.tv\/az\/wp-json\/wp\/v2\/categories?post=326611"},{"taxonomy":"post_tag","embeddable":true,"href":"https:\/\/www.meydan.tv\/az\/wp-json\/wp\/v2\/tags?post=326611"}],"curies":[{"name":"wp","href":"https:\/\/api.w.org\/{rel}","templated":true}]}}